{"id":4738,"date":"2017-07-31T23:22:48","date_gmt":"2017-07-31T23:22:48","guid":{"rendered":"http:\/\/www.travel3.com.br\/site\/ir-e-vir\/ar\/vert-inaugura-hotel-com-bandeira-esuites-na-capital-federal\/"},"modified":"2017-07-31T23:22:48","modified_gmt":"2017-07-31T23:22:48","slug":"vert-inaugura-hotel-com-bandeira-esuites-na-capital-federal","status":"publish","type":"post","link":"https:\/\/www.travel3.com.br\/site\/sem-categoria\/vert-inaugura-hotel-com-bandeira-esuites-na-capital-federal\/","title":{"rendered":"VERT INAUGURA HOTEL COM BANDEIRA eSU\u00cdTES NA CAPITAL FEDERAL"},"content":{"rendered":"<p><span style=\"color: #40acad; font-family: -apple-system, system-ui, 'Segoe UI', Roboto, Oxygen-Sans, Ubuntu, Cantarell, 'Helvetica Neue', sans-serif; font-size: 12px; font-weight: bold;\"><\/p>\n<p style=\"text-align:justify\"><a class=\"fancybox-media\" href=\"..\/_uploads\/_noticia\/2016-07\/aerea-2-.jpg.jpeg\" rel=\"portfolio\"><img decoding=\"async\" alt=\"\" src=\"..\/_uploads\/_noticia\/2016-07\/aerea-2-.jpg.jpeg\" \/><\/a><\/p>\n<p style=\"text-align:justify\">O clima \u00e9 de dever cumprido entre os executivos da Rede Vert Hot\u00e9is com a chegada do grupo \u00e0 Bras\u00edlia. Afinal, se trata do primeiro hotel da Rede na capital federal, o eSuites Lake Side \u00e0s margens do Lago Parano\u00e1, um dos mais belos cart\u00f5es postais da capital federal. O empreendimento \u00e9 fruto da convers\u00e3o \u00e0 marca eSuites, uma marca pr\u00f3pria da Rede, na categoria midscale.<\/p>\n<p style=\"text-align:justify\">O novo empreendimento est\u00e1 em fase de adapta\u00e7\u00e3o aos padr\u00f5es da marca e do conceito da hotelaria essencial adotada pela Vert Hot\u00e9is, ou seja, uma boa noite de sono, um banho revigorante, ilumina\u00e7\u00e3o e ambienta\u00e7\u00e3o adequadas, visando priorizar o conforto e valorizar o bem servir. \u201cNosso objetivo \u00e9 inserir o eSuites Lake Side no ranking dos melhores hot\u00e9is de Bras\u00edlia e, para isso, al\u00e9m da expertise da gest\u00e3o da Vert Hot\u00e9is iremos contar com uma equipe de 70 colaboradores altamente qualificados e inspirados pelo prazer em servir\u201d, explica o gerente geral do empreendimento Roosevelt Coelho.<\/p>\n<p style=\"text-align:justify\">A localiza\u00e7\u00e3o do hotel, ali\u00e1s, \u00e9 um atrativo \u00e0 parte. Vizinho do Pal\u00e1cio da Alvorada, o eSuites Lake Side fica afastado o suficiente para que os h\u00f3spedes tenham tranquilidade e descanso, e pr\u00f3ximo o suficiente dos principais pontos estrat\u00e9gicos, garantindo a r\u00e1pida locomo\u00e7\u00e3o dos h\u00f3spedes \u2013 a 8 minutos do Centro Comercial de Bras\u00edlia, 20 minutos do Aeroporto Internacional e a 5 minutos da Esplanada dos Minist\u00e9rios.<br \/>\n\u00a0O hotel possui 166 apartamentos, sendo 69 exclusivos para long stay, devido \u00e0 infraestrutura e diversas outras facilidades s\u00e3o oferecidas ao h\u00f3spede-morador que deseja manter sua rotina mesmo longe de casa. Os outros 97 apartamentos se dividem nas categorias luxo, luxo com minicozinha e su\u00edte family com dois e tr\u00eas quartos. S\u00e3o unidades que variam de 37 a 106m2 que possuem uma decora\u00e7\u00e3o clean e oferecem todo o conforto necess\u00e1rio para a melhor experi\u00eancia de hospedagem.<\/p>\n<p style=\"text-align:justify\">O empreendimento ainda disp\u00f5e de uma infraestrutura completa para atender aos diferentes tipos de p\u00fablico seja a neg\u00f3cios, lazer ou na realiza\u00e7\u00e3o de eventos, inclusive de grande porte. Merece destaque o espa\u00e7o de eventos com capacidade total para at\u00e9 820 pessoas. S\u00e3o 14 salas sendo quatro modul\u00e1veis com capacidade para at\u00e9 550 pessoas, uma sala com capacidade para at\u00e9 100 pessoas e outras nove salas com capacidade para 30 pessoas.<br \/>\nA \u00e1rea de lazer disp\u00f5e de uma estrutura completa que inclui tr\u00eas piscinas, sendo uma aquecida, parque recreativo infantil; quadra de t\u00eanis e poliesportiva; Fitness Center; bar na \u00e1rea da piscina, sal\u00e3o de beleza e est\u00e9tica, loja de conveni\u00eancia. O hotel ainda possui estacionamento gratuito para h\u00f3spedes e n\u00e3o h\u00f3spedes.<\/p>\n<p><\/span><\/p>\n","protected":false},"excerpt":{"rendered":"<p>Empreendimento est\u00e1 localizado \u00e0s margens do Lago Parano\u00e1 e est\u00e1 inserido na categoria midscale, com conceito de servi\u00e7os essenciais<\/p>\n","protected":false},"author":1,"featured_media":0,"comment_status":"open","ping_status":"open","sticky":false,"template":"","format":"standard","meta":{"footnotes":""},"categories":[],"tags":[],"class_list":["post-4738","post","type-post","status-publish","format-standard","hentry"],"yoast_head":"<!-- This site is optimized with the Yoast SEO plugin v26.2 - https:\/\/yoast.com\/wordpress\/plugins\/seo\/ -->\n<title>VERT INAUGURA HOTEL COM BANDEIRA eSU\u00cdTES NA CAPITAL FEDERAL - Travel3<\/title>\n<meta name=\"description\" content=\"A TRAVEL3 \u00e9 um portal de conte\u00fado voltado para o turismo, encontre destinos, viagens, hospedagem, passagens, guias, not\u00edcias sobre o mercado do turismo, dicas de viagem, v\u00eddeos e podcast.\" \/>\n<meta name=\"robots\" content=\"index, follow, max-snippet:-1, max-image-preview:large, max-video-preview:-1\" \/>\n<link rel=\"canonical\" href=\"https:\/\/www.travel3.com.br\/site\/sem-categoria\/vert-inaugura-hotel-com-bandeira-esuites-na-capital-federal\/\" \/>\n<meta property=\"og:locale\" content=\"pt_BR\" \/>\n<meta property=\"og:type\" content=\"article\" \/>\n<meta property=\"og:title\" content=\"VERT INAUGURA HOTEL COM BANDEIRA eSU\u00cdTES NA CAPITAL FEDERAL - Travel3\" \/>\n<meta property=\"og:description\" content=\"A TRAVEL3 \u00e9 um portal de conte\u00fado voltado para o turismo, encontre destinos, viagens, hospedagem, passagens, guias, not\u00edcias sobre o mercado do turismo, dicas de viagem, v\u00eddeos e podcast.\" \/>\n<meta property=\"og:url\" content=\"https:\/\/www.travel3.com.br\/site\/sem-categoria\/vert-inaugura-hotel-com-bandeira-esuites-na-capital-federal\/\" \/>\n<meta property=\"og:site_name\" content=\"Travel3\" \/>\n<meta property=\"article:publisher\" content=\"https:\/\/www.facebook.com\/travel3media\/\" \/>\n<meta property=\"article:published_time\" content=\"2017-07-31T23:22:48+00:00\" \/>\n<meta name=\"author\" content=\"admin\" \/>\n<meta name=\"twitter:card\" content=\"summary_large_image\" \/>\n<meta name=\"twitter:label1\" content=\"Escrito por\" \/>\n\t<meta name=\"twitter:data1\" content=\"admin\" \/>\n\t<meta name=\"twitter:label2\" content=\"Est. tempo de leitura\" \/>\n\t<meta name=\"twitter:data2\" content=\"2 minutos\" \/>\n<script type=\"application\/ld+json\" class=\"yoast-schema-graph\">{\"@context\":\"https:\/\/schema.org\",\"@graph\":[{\"@type\":\"Article\",\"@id\":\"https:\/\/www.travel3.com.br\/site\/sem-categoria\/vert-inaugura-hotel-com-bandeira-esuites-na-capital-federal\/#article\",\"isPartOf\":{\"@id\":\"https:\/\/www.travel3.com.br\/site\/sem-categoria\/vert-inaugura-hotel-com-bandeira-esuites-na-capital-federal\/\"},\"author\":{\"name\":\"admin\",\"@id\":\"https:\/\/www.travel3.com.br\/site\/#\/schema\/person\/a69d71e41a024999b6ab82369ac0bd1e\"},\"headline\":\"VERT INAUGURA HOTEL COM BANDEIRA eSU\u00cdTES NA CAPITAL FEDERAL\",\"datePublished\":\"2017-07-31T23:22:48+00:00\",\"mainEntityOfPage\":{\"@id\":\"https:\/\/www.travel3.com.br\/site\/sem-categoria\/vert-inaugura-hotel-com-bandeira-esuites-na-capital-federal\/\"},\"wordCount\":462,\"commentCount\":0,\"publisher\":{\"@id\":\"https:\/\/www.travel3.com.br\/site\/#organization\"},\"inLanguage\":\"pt-BR\",\"potentialAction\":[{\"@type\":\"CommentAction\",\"name\":\"Comment\",\"target\":[\"https:\/\/www.travel3.com.br\/site\/sem-categoria\/vert-inaugura-hotel-com-bandeira-esuites-na-capital-federal\/#respond\"]}]},{\"@type\":\"WebPage\",\"@id\":\"https:\/\/www.travel3.com.br\/site\/sem-categoria\/vert-inaugura-hotel-com-bandeira-esuites-na-capital-federal\/\",\"url\":\"https:\/\/www.travel3.com.br\/site\/sem-categoria\/vert-inaugura-hotel-com-bandeira-esuites-na-capital-federal\/\",\"name\":\"VERT INAUGURA HOTEL COM BANDEIRA eSU\u00cdTES NA CAPITAL FEDERAL - Travel3\",\"isPartOf\":{\"@id\":\"https:\/\/www.travel3.com.br\/site\/#website\"},\"datePublished\":\"2017-07-31T23:22:48+00:00\",\"description\":\"A TRAVEL3 \u00e9 um portal de conte\u00fado voltado para o turismo, encontre destinos, viagens, hospedagem, passagens, guias, not\u00edcias sobre o mercado do turismo, dicas de viagem, v\u00eddeos e podcast.\",\"breadcrumb\":{\"@id\":\"https:\/\/www.travel3.com.br\/site\/sem-categoria\/vert-inaugura-hotel-com-bandeira-esuites-na-capital-federal\/#breadcrumb\"},\"inLanguage\":\"pt-BR\",\"potentialAction\":[{\"@type\":\"ReadAction\",\"target\":[\"https:\/\/www.travel3.com.br\/site\/sem-categoria\/vert-inaugura-hotel-com-bandeira-esuites-na-capital-federal\/\"]}]},{\"@type\":\"BreadcrumbList\",\"@id\":\"https:\/\/www.travel3.com.br\/site\/sem-categoria\/vert-inaugura-hotel-com-bandeira-esuites-na-capital-federal\/#breadcrumb\",\"itemListElement\":[{\"@type\":\"ListItem\",\"position\":1,\"name\":\"In\u00edcio\",\"item\":\"https:\/\/www.travel3.com.br\/site\/\"},{\"@type\":\"ListItem\",\"position\":2,\"name\":\"VERT INAUGURA HOTEL COM BANDEIRA eSU\u00cdTES NA CAPITAL FEDERAL\"}]},{\"@type\":\"WebSite\",\"@id\":\"https:\/\/www.travel3.com.br\/site\/#website\",\"url\":\"https:\/\/www.travel3.com.br\/site\/\",\"name\":\"Travel3\",\"description\":\"Lazer + Neg&oacute;cios + Aventura\",\"publisher\":{\"@id\":\"https:\/\/www.travel3.com.br\/site\/#organization\"},\"potentialAction\":[{\"@type\":\"SearchAction\",\"target\":{\"@type\":\"EntryPoint\",\"urlTemplate\":\"https:\/\/www.travel3.com.br\/site\/?s={search_term_string}\"},\"query-input\":{\"@type\":\"PropertyValueSpecification\",\"valueRequired\":true,\"valueName\":\"search_term_string\"}}],\"inLanguage\":\"pt-BR\"},{\"@type\":\"Organization\",\"@id\":\"https:\/\/www.travel3.com.br\/site\/#organization\",\"name\":\"Travel3\",\"url\":\"https:\/\/www.travel3.com.br\/site\/\",\"logo\":{\"@type\":\"ImageObject\",\"inLanguage\":\"pt-BR\",\"@id\":\"https:\/\/www.travel3.com.br\/site\/#\/schema\/logo\/image\/\",\"url\":\"https:\/\/www.travel3.com.br\/site\/wp-content\/uploads\/2020\/01\/logo-travel3-2020.png\",\"contentUrl\":\"https:\/\/www.travel3.com.br\/site\/wp-content\/uploads\/2020\/01\/logo-travel3-2020.png\",\"width\":232,\"height\":79,\"caption\":\"Travel3\"},\"image\":{\"@id\":\"https:\/\/www.travel3.com.br\/site\/#\/schema\/logo\/image\/\"},\"sameAs\":[\"https:\/\/www.facebook.com\/travel3media\/\",\"https:\/\/www.instagram.com\/revistatravel3\/\",\"https:\/\/www.youtube.com\/channel\/UCno7J4paGBR3VbZQzvoJ9Eg\"]},{\"@type\":\"Person\",\"@id\":\"https:\/\/www.travel3.com.br\/site\/#\/schema\/person\/a69d71e41a024999b6ab82369ac0bd1e\",\"name\":\"admin\",\"image\":{\"@type\":\"ImageObject\",\"inLanguage\":\"pt-BR\",\"@id\":\"https:\/\/www.travel3.com.br\/site\/#\/schema\/person\/image\/\",\"url\":\"https:\/\/secure.gravatar.com\/avatar\/732a67adfd764da2a47ba10ce731c4c0?s=96&d=mm&r=g\",\"contentUrl\":\"https:\/\/secure.gravatar.com\/avatar\/732a67adfd764da2a47ba10ce731c4c0?s=96&d=mm&r=g\",\"caption\":\"admin\"},\"url\":\"https:\/\/www.travel3.com.br\/site\/author\/admin\/\"}]}<\/script>\n<!-- \/ Yoast SEO plugin. -->","yoast_head_json":{"title":"VERT INAUGURA HOTEL COM BANDEIRA eSU\u00cdTES NA CAPITAL FEDERAL - Travel3","description":"A TRAVEL3 \u00e9 um portal de conte\u00fado voltado para o turismo, encontre destinos, viagens, hospedagem, passagens, guias, not\u00edcias sobre o mercado do turismo, dicas de viagem, v\u00eddeos e podcast.","robots":{"index":"index","follow":"follow","max-snippet":"max-snippet:-1","max-image-preview":"max-image-preview:large","max-video-preview":"max-video-preview:-1"},"canonical":"https:\/\/www.travel3.com.br\/site\/sem-categoria\/vert-inaugura-hotel-com-bandeira-esuites-na-capital-federal\/","og_locale":"pt_BR","og_type":"article","og_title":"VERT INAUGURA HOTEL COM BANDEIRA eSU\u00cdTES NA CAPITAL FEDERAL - Travel3","og_description":"A TRAVEL3 \u00e9 um portal de conte\u00fado voltado para o turismo, encontre destinos, viagens, hospedagem, passagens, guias, not\u00edcias sobre o mercado do turismo, dicas de viagem, v\u00eddeos e podcast.","og_url":"https:\/\/www.travel3.com.br\/site\/sem-categoria\/vert-inaugura-hotel-com-bandeira-esuites-na-capital-federal\/","og_site_name":"Travel3","article_publisher":"https:\/\/www.facebook.com\/travel3media\/","article_published_time":"2017-07-31T23:22:48+00:00","author":"admin","twitter_card":"summary_large_image","twitter_misc":{"Escrito por":"admin","Est. tempo de leitura":"2 minutos"},"schema":{"@context":"https:\/\/schema.org","@graph":[{"@type":"Article","@id":"https:\/\/www.travel3.com.br\/site\/sem-categoria\/vert-inaugura-hotel-com-bandeira-esuites-na-capital-federal\/#article","isPartOf":{"@id":"https:\/\/www.travel3.com.br\/site\/sem-categoria\/vert-inaugura-hotel-com-bandeira-esuites-na-capital-federal\/"},"author":{"name":"admin","@id":"https:\/\/www.travel3.com.br\/site\/#\/schema\/person\/a69d71e41a024999b6ab82369ac0bd1e"},"headline":"VERT INAUGURA HOTEL COM BANDEIRA eSU\u00cdTES NA CAPITAL FEDERAL","datePublished":"2017-07-31T23:22:48+00:00","mainEntityOfPage":{"@id":"https:\/\/www.travel3.com.br\/site\/sem-categoria\/vert-inaugura-hotel-com-bandeira-esuites-na-capital-federal\/"},"wordCount":462,"commentCount":0,"publisher":{"@id":"https:\/\/www.travel3.com.br\/site\/#organization"},"inLanguage":"pt-BR","potentialAction":[{"@type":"CommentAction","name":"Comment","target":["https:\/\/www.travel3.com.br\/site\/sem-categoria\/vert-inaugura-hotel-com-bandeira-esuites-na-capital-federal\/#respond"]}]},{"@type":"WebPage","@id":"https:\/\/www.travel3.com.br\/site\/sem-categoria\/vert-inaugura-hotel-com-bandeira-esuites-na-capital-federal\/","url":"https:\/\/www.travel3.com.br\/site\/sem-categoria\/vert-inaugura-hotel-com-bandeira-esuites-na-capital-federal\/","name":"VERT INAUGURA HOTEL COM BANDEIRA eSU\u00cdTES NA CAPITAL FEDERAL - Travel3","isPartOf":{"@id":"https:\/\/www.travel3.com.br\/site\/#website"},"datePublished":"2017-07-31T23:22:48+00:00","description":"A TRAVEL3 \u00e9 um portal de conte\u00fado voltado para o turismo, encontre destinos, viagens, hospedagem, passagens, guias, not\u00edcias sobre o mercado do turismo, dicas de viagem, v\u00eddeos e podcast.","breadcrumb":{"@id":"https:\/\/www.travel3.com.br\/site\/sem-categoria\/vert-inaugura-hotel-com-bandeira-esuites-na-capital-federal\/#breadcrumb"},"inLanguage":"pt-BR","potentialAction":[{"@type":"ReadAction","target":["https:\/\/www.travel3.com.br\/site\/sem-categoria\/vert-inaugura-hotel-com-bandeira-esuites-na-capital-federal\/"]}]},{"@type":"BreadcrumbList","@id":"https:\/\/www.travel3.com.br\/site\/sem-categoria\/vert-inaugura-hotel-com-bandeira-esuites-na-capital-federal\/#breadcrumb","itemListElement":[{"@type":"ListItem","position":1,"name":"In\u00edcio","item":"https:\/\/www.travel3.com.br\/site\/"},{"@type":"ListItem","position":2,"name":"VERT INAUGURA HOTEL COM BANDEIRA eSU\u00cdTES NA CAPITAL FEDERAL"}]},{"@type":"WebSite","@id":"https:\/\/www.travel3.com.br\/site\/#website","url":"https:\/\/www.travel3.com.br\/site\/","name":"Travel3","description":"Lazer + Neg&oacute;cios + Aventura","publisher":{"@id":"https:\/\/www.travel3.com.br\/site\/#organization"},"potentialAction":[{"@type":"SearchAction","target":{"@type":"EntryPoint","urlTemplate":"https:\/\/www.travel3.com.br\/site\/?s={search_term_string}"},"query-input":{"@type":"PropertyValueSpecification","valueRequired":true,"valueName":"search_term_string"}}],"inLanguage":"pt-BR"},{"@type":"Organization","@id":"https:\/\/www.travel3.com.br\/site\/#organization","name":"Travel3","url":"https:\/\/www.travel3.com.br\/site\/","logo":{"@type":"ImageObject","inLanguage":"pt-BR","@id":"https:\/\/www.travel3.com.br\/site\/#\/schema\/logo\/image\/","url":"https:\/\/www.travel3.com.br\/site\/wp-content\/uploads\/2020\/01\/logo-travel3-2020.png","contentUrl":"https:\/\/www.travel3.com.br\/site\/wp-content\/uploads\/2020\/01\/logo-travel3-2020.png","width":232,"height":79,"caption":"Travel3"},"image":{"@id":"https:\/\/www.travel3.com.br\/site\/#\/schema\/logo\/image\/"},"sameAs":["https:\/\/www.facebook.com\/travel3media\/","https:\/\/www.instagram.com\/revistatravel3\/","https:\/\/www.youtube.com\/channel\/UCno7J4paGBR3VbZQzvoJ9Eg"]},{"@type":"Person","@id":"https:\/\/www.travel3.com.br\/site\/#\/schema\/person\/a69d71e41a024999b6ab82369ac0bd1e","name":"admin","image":{"@type":"ImageObject","inLanguage":"pt-BR","@id":"https:\/\/www.travel3.com.br\/site\/#\/schema\/person\/image\/","url":"https:\/\/secure.gravatar.com\/avatar\/732a67adfd764da2a47ba10ce731c4c0?s=96&d=mm&r=g","contentUrl":"https:\/\/secure.gravatar.com\/avatar\/732a67adfd764da2a47ba10ce731c4c0?s=96&d=mm&r=g","caption":"admin"},"url":"https:\/\/www.travel3.com.br\/site\/author\/admin\/"}]}},"_links":{"self":[{"href":"https:\/\/www.travel3.com.br\/site\/wp-json\/wp\/v2\/posts\/4738","targetHints":{"allow":["GET"]}}],"collection":[{"href":"https:\/\/www.travel3.com.br\/site\/wp-json\/wp\/v2\/posts"}],"about":[{"href":"https:\/\/www.travel3.com.br\/site\/wp-json\/wp\/v2\/types\/post"}],"author":[{"embeddable":true,"href":"https:\/\/www.travel3.com.br\/site\/wp-json\/wp\/v2\/users\/1"}],"replies":[{"embeddable":true,"href":"https:\/\/www.travel3.com.br\/site\/wp-json\/wp\/v2\/comments?post=4738"}],"version-history":[{"count":0,"href":"https:\/\/www.travel3.com.br\/site\/wp-json\/wp\/v2\/posts\/4738\/revisions"}],"wp:attachment":[{"href":"https:\/\/www.travel3.com.br\/site\/wp-json\/wp\/v2\/media?parent=4738"}],"wp:term":[{"taxonomy":"category","embeddable":true,"href":"https:\/\/www.travel3.com.br\/site\/wp-json\/wp\/v2\/categories?post=4738"},{"taxonomy":"post_tag","embeddable":true,"href":"https:\/\/www.travel3.com.br\/site\/wp-json\/wp\/v2\/tags?post=4738"}],"curies":[{"name":"wp","href":"https:\/\/api.w.org\/{rel}","templated":true}]}}