{"id":4683,"date":"2017-09-11T03:52:04","date_gmt":"2017-09-11T03:52:04","guid":{"rendered":"http:\/\/www.travel3.com.br\/site\/ir-e-vir\/ar\/viviane-ayres-anuncia-sua-saida-da-costa-do-sauipe\/"},"modified":"2017-09-11T03:52:04","modified_gmt":"2017-09-11T03:52:04","slug":"viviane-ayres-anuncia-sua-saida-da-costa-do-sauipe","status":"publish","type":"post","link":"https:\/\/www.travel3.com.br\/site\/sem-categoria\/viviane-ayres-anuncia-sua-saida-da-costa-do-sauipe\/","title":{"rendered":"VIVIANE AYRES ANUNCIA SUA SA\u00cdDA DA COSTA DO SAU\u00cdPE"},"content":{"rendered":"<p><span style=\"color: #40acad; font-family: -apple-system, system-ui, 'Segoe UI', Roboto, Oxygen-Sans, Ubuntu, Cantarell, 'Helvetica Neue', sans-serif; font-size: 12px; font-weight: bold;\"><\/p>\n<p style=\"text-align:justify\"><a class=\"fancybox-media\" href=\"..\/_uploads\/_noticia\/2016-08\/vivi1.jpg\" rel=\"portfolio\"><img decoding=\"async\" alt=\"\" src=\"..\/_uploads\/_noticia\/2016-08\/vivi1.jpg\" \/><\/a><\/p>\n<p style=\"text-align:justify\">Viviane Ayres, a Vivi, como \u00e9 carinhosamente chamada pelo trade tur\u00edstico nacional, anunciou sua sa\u00edda da Costa do Sau\u00edpe.\u00a0<\/p>\n<p style=\"text-align:justify\">A TRAVEL3 publica, na \u00edntegra, sua carta de agradecimento, desejando \u00e0 Vivi, o mesmo sucesso que conquistou ao longo de tantos anos. Vivi, voc\u00ea \u00e9 TOP!<\/p>\n<p style=\"text-align:justify\"><em>&#8220;Baianeira.\u00a0<\/em><\/p>\n<p style=\"text-align:justify\"><em>\u00c9 assim que eu gosto de responder quando me perguntam de onde eu sou.\u00a0<\/em><\/p>\n<p style=\"text-align:justify\"><em>Baiana de nascen\u00e7a, mineira de cora\u00e7\u00e3o.\u00a0<\/em><\/p>\n<p style=\"text-align:justify\"><em>H\u00e1 5 anos come\u00e7ou uma hist\u00f3ria de amor entre a gente&#8230; Minas com Bahia.\u00a0<\/em><\/p>\n<p style=\"text-align:justify\"><em>Recebi uma proposta para ser transferida para Belo Horizonte para cuidar do Mercado Mineiro por meio da Costa do Sau\u00edpe e aceitei na hora.<\/em><\/p>\n<p style=\"text-align:justify\"><em>Durante todos estes anos fui recebida por voc\u00eas &#8211; agentes de viagens, operadores, hoteleiros, jornalistas, fot\u00f3grafos, entre v\u00e1rios outros profissionais &#8211;\u00a0com todo o carinho, acolhimento e receptividade que algu\u00e9m poderia desejar. \u00a0<\/em><\/p>\n<p style=\"text-align:justify\"><em>Voc\u00eas foram os respons\u00e1veis pelos meus 5 anos de conquistas aqui, por isso aproveito este espa\u00e7o para agradecer de cora\u00e7\u00e3o a todos voc\u00eas.\u00a0<\/em><\/p>\n<p style=\"text-align:justify\"><em>Meus clientes, meus amigos, obrigada por cada venda, por cada feedback, por todo suporte que recebi, pela confian\u00e7a depositada, por acreditarem no meu\u00a0trabalho e por me ensinarem a virar um pouco mineira.\u00a0<\/em><\/p>\n<p style=\"text-align:justify\"><em>Hoje me despe\u00e7o dos meus 13 anos na Costa do Sau\u00edpe, feliz e satisfeita por ter a certeza de que a miss\u00e3o foi cumprida.\u00a0<\/em><\/p>\n<p style=\"text-align:justify\"><em>Agrade\u00e7o \u00e0 Sau\u00edpe pela oportunidade de ter realizado este trabalho e mantido durante todos estes anos o mercado mineiro como o segundo maior mercado presente nos hot\u00e9is.\u00a0<\/em><\/p>\n<p style=\"text-align:justify\"><em>Hoje tenho o mundo aos meus p\u00e9s e come\u00e7o uma nova caminhada, mas deixo aqui meus dados para quem quiser manter contato!\u00a0<\/em><\/p>\n<p style=\"text-align:justify\"><em>Agrade\u00e7o especialmente \u00e0 TRAVEL3 pelo carinho de todos esses anos em divulgar Sau\u00edpe, as a\u00e7\u00f5es realizadas e principalmente por oferecerem este espa\u00e7o para\u00a0me despedir de cada um de voc\u00eas!!\u00a0<\/em><\/p>\n<p style=\"text-align:justify\"><em>Um beijo e nos vemos por a\u00ed, nas voltas que o mundo d\u00e1&#8230;\u00a0<\/em><\/p>\n<p style=\"text-align:justify\"><em>\u00a0 \u00a0 \u00a0 \u00a0 \u00a0 \u00a0 \u00a0 \u00a0 \u00a0 \u00a0 \u00a0 \u00a0 \u00a0 \u00a0 \u00a0 \u00a0 \u00a0 \u00a0 \u00a0 \u00a0 \u00a0 \u00a0 \u00a0 \u00a0 \u00a0 \u00a0 \u00a0 \u00a0 \u00a0 \u00a0 \u00a0 \u00a0 \u00a0 \u00a0 \u00a0 \u00a0 \u00a0 \u00a0 \u00a0 \u00a0 \u00a0 \u00a0 \u00a0 \u00a0 \u00a0 \u00a0 \u00a0 \u00a0 Viviane Junqueira Ayres<\/em><\/p>\n<p style=\"text-align:justify\"><strong>Para entrar em contato com a Vivi = (71) 98102-1533 +\u00a0<a href=\"http:\/\/vivijayres@gmail.com\">vivijayres@gmail.com<\/a><\/strong><\/p>\n<p><\/span><\/p>\n","protected":false},"excerpt":{"rendered":"<p>Leia na \u00edntegra a carta de despedida e de agradecimento ao trade, escrita por uma das mais valiosas profissionais do turismo nacional<\/p>\n","protected":false},"author":1,"featured_media":0,"comment_status":"open","ping_status":"open","sticky":false,"template":"","format":"standard","meta":{"footnotes":""},"categories":[],"tags":[],"class_list":["post-4683","post","type-post","status-publish","format-standard","hentry"],"yoast_head":"<!-- This site is optimized with the Yoast SEO plugin v26.2 - https:\/\/yoast.com\/wordpress\/plugins\/seo\/ -->\n<title>VIVIANE AYRES ANUNCIA SUA SA\u00cdDA DA COSTA DO SAU\u00cdPE - Travel3<\/title>\n<meta name=\"description\" content=\"A TRAVEL3 \u00e9 um portal de conte\u00fado voltado para o turismo, encontre destinos, viagens, hospedagem, passagens, guias, not\u00edcias sobre o mercado do turismo, dicas de viagem, v\u00eddeos e podcast.\" \/>\n<meta name=\"robots\" content=\"index, follow, max-snippet:-1, max-image-preview:large, max-video-preview:-1\" \/>\n<link rel=\"canonical\" href=\"https:\/\/www.travel3.com.br\/site\/sem-categoria\/viviane-ayres-anuncia-sua-saida-da-costa-do-sauipe\/\" \/>\n<meta property=\"og:locale\" content=\"pt_BR\" \/>\n<meta property=\"og:type\" content=\"article\" \/>\n<meta property=\"og:title\" content=\"VIVIANE AYRES ANUNCIA SUA SA\u00cdDA DA COSTA DO SAU\u00cdPE - Travel3\" \/>\n<meta property=\"og:description\" content=\"A TRAVEL3 \u00e9 um portal de conte\u00fado voltado para o turismo, encontre destinos, viagens, hospedagem, passagens, guias, not\u00edcias sobre o mercado do turismo, dicas de viagem, v\u00eddeos e podcast.\" \/>\n<meta property=\"og:url\" content=\"https:\/\/www.travel3.com.br\/site\/sem-categoria\/viviane-ayres-anuncia-sua-saida-da-costa-do-sauipe\/\" \/>\n<meta property=\"og:site_name\" content=\"Travel3\" \/>\n<meta property=\"article:publisher\" content=\"https:\/\/www.facebook.com\/travel3media\/\" \/>\n<meta property=\"article:published_time\" content=\"2017-09-11T03:52:04+00:00\" \/>\n<meta name=\"author\" content=\"admin\" \/>\n<meta name=\"twitter:card\" content=\"summary_large_image\" \/>\n<meta name=\"twitter:label1\" content=\"Escrito por\" \/>\n\t<meta name=\"twitter:data1\" content=\"admin\" \/>\n\t<meta name=\"twitter:label2\" content=\"Est. tempo de leitura\" \/>\n\t<meta name=\"twitter:data2\" content=\"2 minutos\" \/>\n<script type=\"application\/ld+json\" class=\"yoast-schema-graph\">{\"@context\":\"https:\/\/schema.org\",\"@graph\":[{\"@type\":\"Article\",\"@id\":\"https:\/\/www.travel3.com.br\/site\/sem-categoria\/viviane-ayres-anuncia-sua-saida-da-costa-do-sauipe\/#article\",\"isPartOf\":{\"@id\":\"https:\/\/www.travel3.com.br\/site\/sem-categoria\/viviane-ayres-anuncia-sua-saida-da-costa-do-sauipe\/\"},\"author\":{\"name\":\"admin\",\"@id\":\"https:\/\/www.travel3.com.br\/site\/#\/schema\/person\/a69d71e41a024999b6ab82369ac0bd1e\"},\"headline\":\"VIVIANE AYRES ANUNCIA SUA SA\u00cdDA DA COSTA DO SAU\u00cdPE\",\"datePublished\":\"2017-09-11T03:52:04+00:00\",\"mainEntityOfPage\":{\"@id\":\"https:\/\/www.travel3.com.br\/site\/sem-categoria\/viviane-ayres-anuncia-sua-saida-da-costa-do-sauipe\/\"},\"wordCount\":355,\"commentCount\":0,\"publisher\":{\"@id\":\"https:\/\/www.travel3.com.br\/site\/#organization\"},\"inLanguage\":\"pt-BR\",\"potentialAction\":[{\"@type\":\"CommentAction\",\"name\":\"Comment\",\"target\":[\"https:\/\/www.travel3.com.br\/site\/sem-categoria\/viviane-ayres-anuncia-sua-saida-da-costa-do-sauipe\/#respond\"]}]},{\"@type\":\"WebPage\",\"@id\":\"https:\/\/www.travel3.com.br\/site\/sem-categoria\/viviane-ayres-anuncia-sua-saida-da-costa-do-sauipe\/\",\"url\":\"https:\/\/www.travel3.com.br\/site\/sem-categoria\/viviane-ayres-anuncia-sua-saida-da-costa-do-sauipe\/\",\"name\":\"VIVIANE AYRES ANUNCIA SUA SA\u00cdDA DA COSTA DO SAU\u00cdPE - Travel3\",\"isPartOf\":{\"@id\":\"https:\/\/www.travel3.com.br\/site\/#website\"},\"datePublished\":\"2017-09-11T03:52:04+00:00\",\"description\":\"A TRAVEL3 \u00e9 um portal de conte\u00fado voltado para o turismo, encontre destinos, viagens, hospedagem, passagens, guias, not\u00edcias sobre o mercado do turismo, dicas de viagem, v\u00eddeos e podcast.\",\"breadcrumb\":{\"@id\":\"https:\/\/www.travel3.com.br\/site\/sem-categoria\/viviane-ayres-anuncia-sua-saida-da-costa-do-sauipe\/#breadcrumb\"},\"inLanguage\":\"pt-BR\",\"potentialAction\":[{\"@type\":\"ReadAction\",\"target\":[\"https:\/\/www.travel3.com.br\/site\/sem-categoria\/viviane-ayres-anuncia-sua-saida-da-costa-do-sauipe\/\"]}]},{\"@type\":\"BreadcrumbList\",\"@id\":\"https:\/\/www.travel3.com.br\/site\/sem-categoria\/viviane-ayres-anuncia-sua-saida-da-costa-do-sauipe\/#breadcrumb\",\"itemListElement\":[{\"@type\":\"ListItem\",\"position\":1,\"name\":\"In\u00edcio\",\"item\":\"https:\/\/www.travel3.com.br\/site\/\"},{\"@type\":\"ListItem\",\"position\":2,\"name\":\"VIVIANE AYRES ANUNCIA SUA SA\u00cdDA DA COSTA DO SAU\u00cdPE\"}]},{\"@type\":\"WebSite\",\"@id\":\"https:\/\/www.travel3.com.br\/site\/#website\",\"url\":\"https:\/\/www.travel3.com.br\/site\/\",\"name\":\"Travel3\",\"description\":\"Lazer + Neg&oacute;cios + Aventura\",\"publisher\":{\"@id\":\"https:\/\/www.travel3.com.br\/site\/#organization\"},\"potentialAction\":[{\"@type\":\"SearchAction\",\"target\":{\"@type\":\"EntryPoint\",\"urlTemplate\":\"https:\/\/www.travel3.com.br\/site\/?s={search_term_string}\"},\"query-input\":{\"@type\":\"PropertyValueSpecification\",\"valueRequired\":true,\"valueName\":\"search_term_string\"}}],\"inLanguage\":\"pt-BR\"},{\"@type\":\"Organization\",\"@id\":\"https:\/\/www.travel3.com.br\/site\/#organization\",\"name\":\"Travel3\",\"url\":\"https:\/\/www.travel3.com.br\/site\/\",\"logo\":{\"@type\":\"ImageObject\",\"inLanguage\":\"pt-BR\",\"@id\":\"https:\/\/www.travel3.com.br\/site\/#\/schema\/logo\/image\/\",\"url\":\"https:\/\/www.travel3.com.br\/site\/wp-content\/uploads\/2020\/01\/logo-travel3-2020.png\",\"contentUrl\":\"https:\/\/www.travel3.com.br\/site\/wp-content\/uploads\/2020\/01\/logo-travel3-2020.png\",\"width\":232,\"height\":79,\"caption\":\"Travel3\"},\"image\":{\"@id\":\"https:\/\/www.travel3.com.br\/site\/#\/schema\/logo\/image\/\"},\"sameAs\":[\"https:\/\/www.facebook.com\/travel3media\/\",\"https:\/\/www.instagram.com\/revistatravel3\/\",\"https:\/\/www.youtube.com\/channel\/UCno7J4paGBR3VbZQzvoJ9Eg\"]},{\"@type\":\"Person\",\"@id\":\"https:\/\/www.travel3.com.br\/site\/#\/schema\/person\/a69d71e41a024999b6ab82369ac0bd1e\",\"name\":\"admin\",\"image\":{\"@type\":\"ImageObject\",\"inLanguage\":\"pt-BR\",\"@id\":\"https:\/\/www.travel3.com.br\/site\/#\/schema\/person\/image\/\",\"url\":\"https:\/\/secure.gravatar.com\/avatar\/732a67adfd764da2a47ba10ce731c4c0?s=96&d=mm&r=g\",\"contentUrl\":\"https:\/\/secure.gravatar.com\/avatar\/732a67adfd764da2a47ba10ce731c4c0?s=96&d=mm&r=g\",\"caption\":\"admin\"},\"url\":\"https:\/\/www.travel3.com.br\/site\/author\/admin\/\"}]}<\/script>\n<!-- \/ Yoast SEO plugin. -->","yoast_head_json":{"title":"VIVIANE AYRES ANUNCIA SUA SA\u00cdDA DA COSTA DO SAU\u00cdPE - Travel3","description":"A TRAVEL3 \u00e9 um portal de conte\u00fado voltado para o turismo, encontre destinos, viagens, hospedagem, passagens, guias, not\u00edcias sobre o mercado do turismo, dicas de viagem, v\u00eddeos e podcast.","robots":{"index":"index","follow":"follow","max-snippet":"max-snippet:-1","max-image-preview":"max-image-preview:large","max-video-preview":"max-video-preview:-1"},"canonical":"https:\/\/www.travel3.com.br\/site\/sem-categoria\/viviane-ayres-anuncia-sua-saida-da-costa-do-sauipe\/","og_locale":"pt_BR","og_type":"article","og_title":"VIVIANE AYRES ANUNCIA SUA SA\u00cdDA DA COSTA DO SAU\u00cdPE - Travel3","og_description":"A TRAVEL3 \u00e9 um portal de conte\u00fado voltado para o turismo, encontre destinos, viagens, hospedagem, passagens, guias, not\u00edcias sobre o mercado do turismo, dicas de viagem, v\u00eddeos e podcast.","og_url":"https:\/\/www.travel3.com.br\/site\/sem-categoria\/viviane-ayres-anuncia-sua-saida-da-costa-do-sauipe\/","og_site_name":"Travel3","article_publisher":"https:\/\/www.facebook.com\/travel3media\/","article_published_time":"2017-09-11T03:52:04+00:00","author":"admin","twitter_card":"summary_large_image","twitter_misc":{"Escrito por":"admin","Est. tempo de leitura":"2 minutos"},"schema":{"@context":"https:\/\/schema.org","@graph":[{"@type":"Article","@id":"https:\/\/www.travel3.com.br\/site\/sem-categoria\/viviane-ayres-anuncia-sua-saida-da-costa-do-sauipe\/#article","isPartOf":{"@id":"https:\/\/www.travel3.com.br\/site\/sem-categoria\/viviane-ayres-anuncia-sua-saida-da-costa-do-sauipe\/"},"author":{"name":"admin","@id":"https:\/\/www.travel3.com.br\/site\/#\/schema\/person\/a69d71e41a024999b6ab82369ac0bd1e"},"headline":"VIVIANE AYRES ANUNCIA SUA SA\u00cdDA DA COSTA DO SAU\u00cdPE","datePublished":"2017-09-11T03:52:04+00:00","mainEntityOfPage":{"@id":"https:\/\/www.travel3.com.br\/site\/sem-categoria\/viviane-ayres-anuncia-sua-saida-da-costa-do-sauipe\/"},"wordCount":355,"commentCount":0,"publisher":{"@id":"https:\/\/www.travel3.com.br\/site\/#organization"},"inLanguage":"pt-BR","potentialAction":[{"@type":"CommentAction","name":"Comment","target":["https:\/\/www.travel3.com.br\/site\/sem-categoria\/viviane-ayres-anuncia-sua-saida-da-costa-do-sauipe\/#respond"]}]},{"@type":"WebPage","@id":"https:\/\/www.travel3.com.br\/site\/sem-categoria\/viviane-ayres-anuncia-sua-saida-da-costa-do-sauipe\/","url":"https:\/\/www.travel3.com.br\/site\/sem-categoria\/viviane-ayres-anuncia-sua-saida-da-costa-do-sauipe\/","name":"VIVIANE AYRES ANUNCIA SUA SA\u00cdDA DA COSTA DO SAU\u00cdPE - Travel3","isPartOf":{"@id":"https:\/\/www.travel3.com.br\/site\/#website"},"datePublished":"2017-09-11T03:52:04+00:00","description":"A TRAVEL3 \u00e9 um portal de conte\u00fado voltado para o turismo, encontre destinos, viagens, hospedagem, passagens, guias, not\u00edcias sobre o mercado do turismo, dicas de viagem, v\u00eddeos e podcast.","breadcrumb":{"@id":"https:\/\/www.travel3.com.br\/site\/sem-categoria\/viviane-ayres-anuncia-sua-saida-da-costa-do-sauipe\/#breadcrumb"},"inLanguage":"pt-BR","potentialAction":[{"@type":"ReadAction","target":["https:\/\/www.travel3.com.br\/site\/sem-categoria\/viviane-ayres-anuncia-sua-saida-da-costa-do-sauipe\/"]}]},{"@type":"BreadcrumbList","@id":"https:\/\/www.travel3.com.br\/site\/sem-categoria\/viviane-ayres-anuncia-sua-saida-da-costa-do-sauipe\/#breadcrumb","itemListElement":[{"@type":"ListItem","position":1,"name":"In\u00edcio","item":"https:\/\/www.travel3.com.br\/site\/"},{"@type":"ListItem","position":2,"name":"VIVIANE AYRES ANUNCIA SUA SA\u00cdDA DA COSTA DO SAU\u00cdPE"}]},{"@type":"WebSite","@id":"https:\/\/www.travel3.com.br\/site\/#website","url":"https:\/\/www.travel3.com.br\/site\/","name":"Travel3","description":"Lazer + Neg&oacute;cios + Aventura","publisher":{"@id":"https:\/\/www.travel3.com.br\/site\/#organization"},"potentialAction":[{"@type":"SearchAction","target":{"@type":"EntryPoint","urlTemplate":"https:\/\/www.travel3.com.br\/site\/?s={search_term_string}"},"query-input":{"@type":"PropertyValueSpecification","valueRequired":true,"valueName":"search_term_string"}}],"inLanguage":"pt-BR"},{"@type":"Organization","@id":"https:\/\/www.travel3.com.br\/site\/#organization","name":"Travel3","url":"https:\/\/www.travel3.com.br\/site\/","logo":{"@type":"ImageObject","inLanguage":"pt-BR","@id":"https:\/\/www.travel3.com.br\/site\/#\/schema\/logo\/image\/","url":"https:\/\/www.travel3.com.br\/site\/wp-content\/uploads\/2020\/01\/logo-travel3-2020.png","contentUrl":"https:\/\/www.travel3.com.br\/site\/wp-content\/uploads\/2020\/01\/logo-travel3-2020.png","width":232,"height":79,"caption":"Travel3"},"image":{"@id":"https:\/\/www.travel3.com.br\/site\/#\/schema\/logo\/image\/"},"sameAs":["https:\/\/www.facebook.com\/travel3media\/","https:\/\/www.instagram.com\/revistatravel3\/","https:\/\/www.youtube.com\/channel\/UCno7J4paGBR3VbZQzvoJ9Eg"]},{"@type":"Person","@id":"https:\/\/www.travel3.com.br\/site\/#\/schema\/person\/a69d71e41a024999b6ab82369ac0bd1e","name":"admin","image":{"@type":"ImageObject","inLanguage":"pt-BR","@id":"https:\/\/www.travel3.com.br\/site\/#\/schema\/person\/image\/","url":"https:\/\/secure.gravatar.com\/avatar\/732a67adfd764da2a47ba10ce731c4c0?s=96&d=mm&r=g","contentUrl":"https:\/\/secure.gravatar.com\/avatar\/732a67adfd764da2a47ba10ce731c4c0?s=96&d=mm&r=g","caption":"admin"},"url":"https:\/\/www.travel3.com.br\/site\/author\/admin\/"}]}},"_links":{"self":[{"href":"https:\/\/www.travel3.com.br\/site\/wp-json\/wp\/v2\/posts\/4683","targetHints":{"allow":["GET"]}}],"collection":[{"href":"https:\/\/www.travel3.com.br\/site\/wp-json\/wp\/v2\/posts"}],"about":[{"href":"https:\/\/www.travel3.com.br\/site\/wp-json\/wp\/v2\/types\/post"}],"author":[{"embeddable":true,"href":"https:\/\/www.travel3.com.br\/site\/wp-json\/wp\/v2\/users\/1"}],"replies":[{"embeddable":true,"href":"https:\/\/www.travel3.com.br\/site\/wp-json\/wp\/v2\/comments?post=4683"}],"version-history":[{"count":0,"href":"https:\/\/www.travel3.com.br\/site\/wp-json\/wp\/v2\/posts\/4683\/revisions"}],"wp:attachment":[{"href":"https:\/\/www.travel3.com.br\/site\/wp-json\/wp\/v2\/media?parent=4683"}],"wp:term":[{"taxonomy":"category","embeddable":true,"href":"https:\/\/www.travel3.com.br\/site\/wp-json\/wp\/v2\/categories?post=4683"},{"taxonomy":"post_tag","embeddable":true,"href":"https:\/\/www.travel3.com.br\/site\/wp-json\/wp\/v2\/tags?post=4683"}],"curies":[{"name":"wp","href":"https:\/\/api.w.org\/{rel}","templated":true}]}}