{"id":4676,"date":"2017-09-05T18:49:33","date_gmt":"2017-09-05T18:49:33","guid":{"rendered":"http:\/\/www.travel3.com.br\/site\/ir-e-vir\/ar\/aeroporto-de-viracopos-vai-implantar-cobranca-de-taxa-abusiva\/"},"modified":"2017-09-05T18:49:33","modified_gmt":"2017-09-05T18:49:33","slug":"aeroporto-de-viracopos-vai-implantar-cobranca-de-taxa-abusiva","status":"publish","type":"post","link":"https:\/\/www.travel3.com.br\/site\/sem-categoria\/aeroporto-de-viracopos-vai-implantar-cobranca-de-taxa-abusiva\/","title":{"rendered":"AEROPORTO DE VIRACOPOS VAI IMPLANTAR COBRAN\u00c7A DE TAXA ABUSIVA"},"content":{"rendered":"<p><span style=\"color: #40acad; font-family: -apple-system, system-ui, 'Segoe UI', Roboto, Oxygen-Sans, Ubuntu, Cantarell, 'Helvetica Neue', sans-serif; font-size: 12px; font-weight: bold;\"><\/p>\n<p style=\"text-align:justify\"><strong>Foto: Luiz Granzotto\/Prefeitura de Campinas\/Divulga\u00e7\u00e3o<\/strong><\/p>\n<p style=\"text-align:justify\">A Abesata (Associa\u00e7\u00e3o Brasileira das Empresas de Servi\u00e7os Auxiliares de Transporte A\u00e9reo)\u00a0enviou para a ANAC (Ag\u00eancia Nacional de Avia\u00e7\u00e3o Civil)\u00a0e para a ABV (Aeroportos Brasil Viracopos)\u00a0uma carta de rep\u00fadio \u00e0s medidas impostas pela concession\u00e1ria do Aeroporto de Campinas.<\/p>\n<p style=\"text-align:justify\">\u201cNa contram\u00e3o do que acontece em todo o mundo, a Aeroportos Brasil Viracopos tem inten\u00e7\u00e3o de paulatinamente retirar todas as Esatas (empresas auxiliares do transporte a\u00e9reo) de Viracopos. A medida n\u00e3o prejudica s\u00f3 as Esatas, mas pode provocar o caos no transporte a\u00e9reo do pa\u00eds\u201d, disse Ricardo Aparecido Miguel, presidente da Abesata.<\/p>\n<p style=\"text-align:justify\">Segundo ele, a situa\u00e7\u00e3o \u00e9 cr\u00edtica e a \u00faltima investida da ABV \u00e9 implantar a partir de 1.\u00b0 de agosto uma s\u00e9rie de cobran\u00e7as sobre as empresas auxiliares e empresas de transporte que trabalham com carga a\u00e9rea. A lista inclui R$0,036 por quilo de carga paletizada, uma taxa de perman\u00eancia por hora de uso de equipamento (trator, empilhadeira etc) da pr\u00f3pria esata de R$180 e mais uma taxa de inspe\u00e7\u00e3o de carga a\u00e9rea em raio X (R$ 0,02 por quilo inspecionado ou R$70,00 por passagem).<\/p>\n<p style=\"text-align:justify\">\u201cSe aplicados, os custos de exporta\u00e7\u00e3o atrav\u00e9s do aeroporto de Viracopus subir\u00e3o 120%. Obviamente v\u00e3o recair sobre o usu\u00e1rio do transporte a\u00e9reo, n\u00e3o tem m\u00e1gica\u201d, afirma o presidente da entidade, lembrando que n\u00e3o existem cobran\u00e7as como esta em nenhum outro aeroporto no Brasil.\u00a0<\/p>\n<p style=\"text-align:justify\">Segundo Robson Bertolossi, presidente da JURCAIB \u2013 associa\u00e7\u00e3o que representa 38 empresas a\u00e9reas internacionais, o aeroporto est\u00e1 se aproveitando do per\u00edodo das Olimp\u00edadas e criando um falso discurso sobre seguran\u00e7a.<\/p>\n<p style=\"text-align:justify\">A concession\u00e1ria ABV usa o \u201crisco de terrorismo em Campinas\u201d, e anuncia, atrav\u00e9s de of\u00edcio circular para todas as empresas a\u00e9reas, que a \u201coperadora dos novos servi\u00e7os de seguran\u00e7a para cargas de exporta\u00e7\u00e3o e importa\u00e7\u00e3o\u201d em Viracopos ser\u00e1 exclusivamente feita por uma \u00fanica empresa apontada pela pr\u00f3pria administra\u00e7\u00e3o aeroportu\u00e1ria.<\/p>\n<p style=\"text-align:justify\">A Rio 2016 ter\u00e1 como foco os aeroportos do Gale\u00e3o, Santos Dumont (ambos no Rio de Janeiro) e Guarulhos (em S\u00e3o Paulo) e nenhum deles intencionam praticar esse m\u00e9todo apesar de acolherem as mesmas empresas a\u00e9reas e mesmas Esatas que operam em VCP.<\/p>\n<p style=\"text-align:justify\">\u201cA medida vai contra todas as boas pr\u00e1ticas de livre com\u00e9rcio e empresas Lufthansa, TAM Cargo e KLM foram as primeiras a se manifestarem contra o an\u00fancio de monop\u00f3lio. Elas t\u00eam o direito de escolher a Esata que deva atender seus servi\u00e7os.\u201d<\/p>\n<p style=\"text-align:justify\">Na vis\u00e3o do presidente da Abesata, ainda que n\u00e3o haja ideia de criar um monop\u00f3lio, a medida cai em bi-tarifa\u00e7\u00e3o.<\/p>\n<p style=\"text-align:justify\">\u201cA concession\u00e1ria cobra da empresa a\u00e9rea as tarifas de capatazia e de armazenamento, em contrapartida tem que oferecer instala\u00e7\u00e3o e administra\u00e7\u00e3o de equipamentos de seguran\u00e7a no aeroporto\u201d, explica.<\/p>\n<p style=\"text-align:justify\">Foi protocolada uma reclama\u00e7\u00e3o na ANAC.<\/p>\n<p><\/span><\/p>\n","protected":false},"excerpt":{"rendered":"<p>Associa\u00e7\u00e3o das empresas de servi\u00e7os auxiliares de transporte a\u00e9reo repudia proposta de mon\u00f3polio da concession\u00e1ria no Aeroporto de Viracopos<\/p>\n","protected":false},"author":1,"featured_media":0,"comment_status":"open","ping_status":"open","sticky":false,"template":"","format":"standard","meta":{"footnotes":""},"categories":[],"tags":[],"class_list":["post-4676","post","type-post","status-publish","format-standard","hentry"],"yoast_head":"<!-- This site is optimized with the Yoast SEO plugin v26.2 - https:\/\/yoast.com\/wordpress\/plugins\/seo\/ -->\n<title>AEROPORTO DE VIRACOPOS VAI IMPLANTAR COBRAN\u00c7A DE TAXA ABUSIVA - Travel3<\/title>\n<meta name=\"description\" content=\"A TRAVEL3 \u00e9 um portal de conte\u00fado voltado para o turismo, encontre destinos, viagens, hospedagem, passagens, guias, not\u00edcias sobre o mercado do turismo, dicas de viagem, v\u00eddeos e podcast.\" \/>\n<meta name=\"robots\" content=\"index, follow, max-snippet:-1, max-image-preview:large, max-video-preview:-1\" \/>\n<link rel=\"canonical\" href=\"https:\/\/www.travel3.com.br\/site\/sem-categoria\/aeroporto-de-viracopos-vai-implantar-cobranca-de-taxa-abusiva\/\" \/>\n<meta property=\"og:locale\" content=\"pt_BR\" \/>\n<meta property=\"og:type\" content=\"article\" \/>\n<meta property=\"og:title\" content=\"AEROPORTO DE VIRACOPOS VAI IMPLANTAR COBRAN\u00c7A DE TAXA ABUSIVA - Travel3\" \/>\n<meta property=\"og:description\" content=\"A TRAVEL3 \u00e9 um portal de conte\u00fado voltado para o turismo, encontre destinos, viagens, hospedagem, passagens, guias, not\u00edcias sobre o mercado do turismo, dicas de viagem, v\u00eddeos e podcast.\" \/>\n<meta property=\"og:url\" content=\"https:\/\/www.travel3.com.br\/site\/sem-categoria\/aeroporto-de-viracopos-vai-implantar-cobranca-de-taxa-abusiva\/\" \/>\n<meta property=\"og:site_name\" content=\"Travel3\" \/>\n<meta property=\"article:publisher\" content=\"https:\/\/www.facebook.com\/travel3media\/\" \/>\n<meta property=\"article:published_time\" content=\"2017-09-05T18:49:33+00:00\" \/>\n<meta name=\"author\" content=\"admin\" \/>\n<meta name=\"twitter:card\" content=\"summary_large_image\" \/>\n<meta name=\"twitter:label1\" content=\"Escrito por\" \/>\n\t<meta name=\"twitter:data1\" content=\"admin\" \/>\n\t<meta name=\"twitter:label2\" content=\"Est. tempo de leitura\" \/>\n\t<meta name=\"twitter:data2\" content=\"3 minutos\" \/>\n<script type=\"application\/ld+json\" class=\"yoast-schema-graph\">{\"@context\":\"https:\/\/schema.org\",\"@graph\":[{\"@type\":\"Article\",\"@id\":\"https:\/\/www.travel3.com.br\/site\/sem-categoria\/aeroporto-de-viracopos-vai-implantar-cobranca-de-taxa-abusiva\/#article\",\"isPartOf\":{\"@id\":\"https:\/\/www.travel3.com.br\/site\/sem-categoria\/aeroporto-de-viracopos-vai-implantar-cobranca-de-taxa-abusiva\/\"},\"author\":{\"name\":\"admin\",\"@id\":\"https:\/\/www.travel3.com.br\/site\/#\/schema\/person\/a69d71e41a024999b6ab82369ac0bd1e\"},\"headline\":\"AEROPORTO DE VIRACOPOS VAI IMPLANTAR COBRAN\u00c7A DE TAXA ABUSIVA\",\"datePublished\":\"2017-09-05T18:49:33+00:00\",\"mainEntityOfPage\":{\"@id\":\"https:\/\/www.travel3.com.br\/site\/sem-categoria\/aeroporto-de-viracopos-vai-implantar-cobranca-de-taxa-abusiva\/\"},\"wordCount\":517,\"commentCount\":0,\"publisher\":{\"@id\":\"https:\/\/www.travel3.com.br\/site\/#organization\"},\"inLanguage\":\"pt-BR\",\"potentialAction\":[{\"@type\":\"CommentAction\",\"name\":\"Comment\",\"target\":[\"https:\/\/www.travel3.com.br\/site\/sem-categoria\/aeroporto-de-viracopos-vai-implantar-cobranca-de-taxa-abusiva\/#respond\"]}]},{\"@type\":\"WebPage\",\"@id\":\"https:\/\/www.travel3.com.br\/site\/sem-categoria\/aeroporto-de-viracopos-vai-implantar-cobranca-de-taxa-abusiva\/\",\"url\":\"https:\/\/www.travel3.com.br\/site\/sem-categoria\/aeroporto-de-viracopos-vai-implantar-cobranca-de-taxa-abusiva\/\",\"name\":\"AEROPORTO DE VIRACOPOS VAI IMPLANTAR COBRAN\u00c7A DE TAXA ABUSIVA - Travel3\",\"isPartOf\":{\"@id\":\"https:\/\/www.travel3.com.br\/site\/#website\"},\"datePublished\":\"2017-09-05T18:49:33+00:00\",\"description\":\"A TRAVEL3 \u00e9 um portal de conte\u00fado voltado para o turismo, encontre destinos, viagens, hospedagem, passagens, guias, not\u00edcias sobre o mercado do turismo, dicas de viagem, v\u00eddeos e podcast.\",\"breadcrumb\":{\"@id\":\"https:\/\/www.travel3.com.br\/site\/sem-categoria\/aeroporto-de-viracopos-vai-implantar-cobranca-de-taxa-abusiva\/#breadcrumb\"},\"inLanguage\":\"pt-BR\",\"potentialAction\":[{\"@type\":\"ReadAction\",\"target\":[\"https:\/\/www.travel3.com.br\/site\/sem-categoria\/aeroporto-de-viracopos-vai-implantar-cobranca-de-taxa-abusiva\/\"]}]},{\"@type\":\"BreadcrumbList\",\"@id\":\"https:\/\/www.travel3.com.br\/site\/sem-categoria\/aeroporto-de-viracopos-vai-implantar-cobranca-de-taxa-abusiva\/#breadcrumb\",\"itemListElement\":[{\"@type\":\"ListItem\",\"position\":1,\"name\":\"In\u00edcio\",\"item\":\"https:\/\/www.travel3.com.br\/site\/\"},{\"@type\":\"ListItem\",\"position\":2,\"name\":\"AEROPORTO DE VIRACOPOS VAI IMPLANTAR COBRAN\u00c7A DE TAXA ABUSIVA\"}]},{\"@type\":\"WebSite\",\"@id\":\"https:\/\/www.travel3.com.br\/site\/#website\",\"url\":\"https:\/\/www.travel3.com.br\/site\/\",\"name\":\"Travel3\",\"description\":\"Lazer + Neg&oacute;cios + Aventura\",\"publisher\":{\"@id\":\"https:\/\/www.travel3.com.br\/site\/#organization\"},\"potentialAction\":[{\"@type\":\"SearchAction\",\"target\":{\"@type\":\"EntryPoint\",\"urlTemplate\":\"https:\/\/www.travel3.com.br\/site\/?s={search_term_string}\"},\"query-input\":{\"@type\":\"PropertyValueSpecification\",\"valueRequired\":true,\"valueName\":\"search_term_string\"}}],\"inLanguage\":\"pt-BR\"},{\"@type\":\"Organization\",\"@id\":\"https:\/\/www.travel3.com.br\/site\/#organization\",\"name\":\"Travel3\",\"url\":\"https:\/\/www.travel3.com.br\/site\/\",\"logo\":{\"@type\":\"ImageObject\",\"inLanguage\":\"pt-BR\",\"@id\":\"https:\/\/www.travel3.com.br\/site\/#\/schema\/logo\/image\/\",\"url\":\"https:\/\/www.travel3.com.br\/site\/wp-content\/uploads\/2020\/01\/logo-travel3-2020.png\",\"contentUrl\":\"https:\/\/www.travel3.com.br\/site\/wp-content\/uploads\/2020\/01\/logo-travel3-2020.png\",\"width\":232,\"height\":79,\"caption\":\"Travel3\"},\"image\":{\"@id\":\"https:\/\/www.travel3.com.br\/site\/#\/schema\/logo\/image\/\"},\"sameAs\":[\"https:\/\/www.facebook.com\/travel3media\/\",\"https:\/\/www.instagram.com\/revistatravel3\/\",\"https:\/\/www.youtube.com\/channel\/UCno7J4paGBR3VbZQzvoJ9Eg\"]},{\"@type\":\"Person\",\"@id\":\"https:\/\/www.travel3.com.br\/site\/#\/schema\/person\/a69d71e41a024999b6ab82369ac0bd1e\",\"name\":\"admin\",\"image\":{\"@type\":\"ImageObject\",\"inLanguage\":\"pt-BR\",\"@id\":\"https:\/\/www.travel3.com.br\/site\/#\/schema\/person\/image\/\",\"url\":\"https:\/\/secure.gravatar.com\/avatar\/732a67adfd764da2a47ba10ce731c4c0?s=96&d=mm&r=g\",\"contentUrl\":\"https:\/\/secure.gravatar.com\/avatar\/732a67adfd764da2a47ba10ce731c4c0?s=96&d=mm&r=g\",\"caption\":\"admin\"},\"url\":\"https:\/\/www.travel3.com.br\/site\/author\/admin\/\"}]}<\/script>\n<!-- \/ Yoast SEO plugin. -->","yoast_head_json":{"title":"AEROPORTO DE VIRACOPOS VAI IMPLANTAR COBRAN\u00c7A DE TAXA ABUSIVA - Travel3","description":"A TRAVEL3 \u00e9 um portal de conte\u00fado voltado para o turismo, encontre destinos, viagens, hospedagem, passagens, guias, not\u00edcias sobre o mercado do turismo, dicas de viagem, v\u00eddeos e podcast.","robots":{"index":"index","follow":"follow","max-snippet":"max-snippet:-1","max-image-preview":"max-image-preview:large","max-video-preview":"max-video-preview:-1"},"canonical":"https:\/\/www.travel3.com.br\/site\/sem-categoria\/aeroporto-de-viracopos-vai-implantar-cobranca-de-taxa-abusiva\/","og_locale":"pt_BR","og_type":"article","og_title":"AEROPORTO DE VIRACOPOS VAI IMPLANTAR COBRAN\u00c7A DE TAXA ABUSIVA - Travel3","og_description":"A TRAVEL3 \u00e9 um portal de conte\u00fado voltado para o turismo, encontre destinos, viagens, hospedagem, passagens, guias, not\u00edcias sobre o mercado do turismo, dicas de viagem, v\u00eddeos e podcast.","og_url":"https:\/\/www.travel3.com.br\/site\/sem-categoria\/aeroporto-de-viracopos-vai-implantar-cobranca-de-taxa-abusiva\/","og_site_name":"Travel3","article_publisher":"https:\/\/www.facebook.com\/travel3media\/","article_published_time":"2017-09-05T18:49:33+00:00","author":"admin","twitter_card":"summary_large_image","twitter_misc":{"Escrito por":"admin","Est. tempo de leitura":"3 minutos"},"schema":{"@context":"https:\/\/schema.org","@graph":[{"@type":"Article","@id":"https:\/\/www.travel3.com.br\/site\/sem-categoria\/aeroporto-de-viracopos-vai-implantar-cobranca-de-taxa-abusiva\/#article","isPartOf":{"@id":"https:\/\/www.travel3.com.br\/site\/sem-categoria\/aeroporto-de-viracopos-vai-implantar-cobranca-de-taxa-abusiva\/"},"author":{"name":"admin","@id":"https:\/\/www.travel3.com.br\/site\/#\/schema\/person\/a69d71e41a024999b6ab82369ac0bd1e"},"headline":"AEROPORTO DE VIRACOPOS VAI IMPLANTAR COBRAN\u00c7A DE TAXA ABUSIVA","datePublished":"2017-09-05T18:49:33+00:00","mainEntityOfPage":{"@id":"https:\/\/www.travel3.com.br\/site\/sem-categoria\/aeroporto-de-viracopos-vai-implantar-cobranca-de-taxa-abusiva\/"},"wordCount":517,"commentCount":0,"publisher":{"@id":"https:\/\/www.travel3.com.br\/site\/#organization"},"inLanguage":"pt-BR","potentialAction":[{"@type":"CommentAction","name":"Comment","target":["https:\/\/www.travel3.com.br\/site\/sem-categoria\/aeroporto-de-viracopos-vai-implantar-cobranca-de-taxa-abusiva\/#respond"]}]},{"@type":"WebPage","@id":"https:\/\/www.travel3.com.br\/site\/sem-categoria\/aeroporto-de-viracopos-vai-implantar-cobranca-de-taxa-abusiva\/","url":"https:\/\/www.travel3.com.br\/site\/sem-categoria\/aeroporto-de-viracopos-vai-implantar-cobranca-de-taxa-abusiva\/","name":"AEROPORTO DE VIRACOPOS VAI IMPLANTAR COBRAN\u00c7A DE TAXA ABUSIVA - Travel3","isPartOf":{"@id":"https:\/\/www.travel3.com.br\/site\/#website"},"datePublished":"2017-09-05T18:49:33+00:00","description":"A TRAVEL3 \u00e9 um portal de conte\u00fado voltado para o turismo, encontre destinos, viagens, hospedagem, passagens, guias, not\u00edcias sobre o mercado do turismo, dicas de viagem, v\u00eddeos e podcast.","breadcrumb":{"@id":"https:\/\/www.travel3.com.br\/site\/sem-categoria\/aeroporto-de-viracopos-vai-implantar-cobranca-de-taxa-abusiva\/#breadcrumb"},"inLanguage":"pt-BR","potentialAction":[{"@type":"ReadAction","target":["https:\/\/www.travel3.com.br\/site\/sem-categoria\/aeroporto-de-viracopos-vai-implantar-cobranca-de-taxa-abusiva\/"]}]},{"@type":"BreadcrumbList","@id":"https:\/\/www.travel3.com.br\/site\/sem-categoria\/aeroporto-de-viracopos-vai-implantar-cobranca-de-taxa-abusiva\/#breadcrumb","itemListElement":[{"@type":"ListItem","position":1,"name":"In\u00edcio","item":"https:\/\/www.travel3.com.br\/site\/"},{"@type":"ListItem","position":2,"name":"AEROPORTO DE VIRACOPOS VAI IMPLANTAR COBRAN\u00c7A DE TAXA ABUSIVA"}]},{"@type":"WebSite","@id":"https:\/\/www.travel3.com.br\/site\/#website","url":"https:\/\/www.travel3.com.br\/site\/","name":"Travel3","description":"Lazer + Neg&oacute;cios + Aventura","publisher":{"@id":"https:\/\/www.travel3.com.br\/site\/#organization"},"potentialAction":[{"@type":"SearchAction","target":{"@type":"EntryPoint","urlTemplate":"https:\/\/www.travel3.com.br\/site\/?s={search_term_string}"},"query-input":{"@type":"PropertyValueSpecification","valueRequired":true,"valueName":"search_term_string"}}],"inLanguage":"pt-BR"},{"@type":"Organization","@id":"https:\/\/www.travel3.com.br\/site\/#organization","name":"Travel3","url":"https:\/\/www.travel3.com.br\/site\/","logo":{"@type":"ImageObject","inLanguage":"pt-BR","@id":"https:\/\/www.travel3.com.br\/site\/#\/schema\/logo\/image\/","url":"https:\/\/www.travel3.com.br\/site\/wp-content\/uploads\/2020\/01\/logo-travel3-2020.png","contentUrl":"https:\/\/www.travel3.com.br\/site\/wp-content\/uploads\/2020\/01\/logo-travel3-2020.png","width":232,"height":79,"caption":"Travel3"},"image":{"@id":"https:\/\/www.travel3.com.br\/site\/#\/schema\/logo\/image\/"},"sameAs":["https:\/\/www.facebook.com\/travel3media\/","https:\/\/www.instagram.com\/revistatravel3\/","https:\/\/www.youtube.com\/channel\/UCno7J4paGBR3VbZQzvoJ9Eg"]},{"@type":"Person","@id":"https:\/\/www.travel3.com.br\/site\/#\/schema\/person\/a69d71e41a024999b6ab82369ac0bd1e","name":"admin","image":{"@type":"ImageObject","inLanguage":"pt-BR","@id":"https:\/\/www.travel3.com.br\/site\/#\/schema\/person\/image\/","url":"https:\/\/secure.gravatar.com\/avatar\/732a67adfd764da2a47ba10ce731c4c0?s=96&d=mm&r=g","contentUrl":"https:\/\/secure.gravatar.com\/avatar\/732a67adfd764da2a47ba10ce731c4c0?s=96&d=mm&r=g","caption":"admin"},"url":"https:\/\/www.travel3.com.br\/site\/author\/admin\/"}]}},"_links":{"self":[{"href":"https:\/\/www.travel3.com.br\/site\/wp-json\/wp\/v2\/posts\/4676","targetHints":{"allow":["GET"]}}],"collection":[{"href":"https:\/\/www.travel3.com.br\/site\/wp-json\/wp\/v2\/posts"}],"about":[{"href":"https:\/\/www.travel3.com.br\/site\/wp-json\/wp\/v2\/types\/post"}],"author":[{"embeddable":true,"href":"https:\/\/www.travel3.com.br\/site\/wp-json\/wp\/v2\/users\/1"}],"replies":[{"embeddable":true,"href":"https:\/\/www.travel3.com.br\/site\/wp-json\/wp\/v2\/comments?post=4676"}],"version-history":[{"count":0,"href":"https:\/\/www.travel3.com.br\/site\/wp-json\/wp\/v2\/posts\/4676\/revisions"}],"wp:attachment":[{"href":"https:\/\/www.travel3.com.br\/site\/wp-json\/wp\/v2\/media?parent=4676"}],"wp:term":[{"taxonomy":"category","embeddable":true,"href":"https:\/\/www.travel3.com.br\/site\/wp-json\/wp\/v2\/categories?post=4676"},{"taxonomy":"post_tag","embeddable":true,"href":"https:\/\/www.travel3.com.br\/site\/wp-json\/wp\/v2\/tags?post=4676"}],"curies":[{"name":"wp","href":"https:\/\/api.w.org\/{rel}","templated":true}]}}