{"id":4675,"date":"2017-09-11T05:28:38","date_gmt":"2017-09-11T05:28:38","guid":{"rendered":"http:\/\/www.travel3.com.br\/site\/ir-e-vir\/ar\/accorhotels-discute-tendencias-da-arquitetura-e-design-na-hotelaria\/"},"modified":"2017-09-11T05:28:38","modified_gmt":"2017-09-11T05:28:38","slug":"accorhotels-discute-tendencias-da-arquitetura-e-design-na-hotelaria","status":"publish","type":"post","link":"https:\/\/www.travel3.com.br\/site\/sem-categoria\/accorhotels-discute-tendencias-da-arquitetura-e-design-na-hotelaria\/","title":{"rendered":"ACCORHOTELS DISCUTE TEND\u00caNCIAS DA ARQUITETURA E DESIGN NA HOTELARIA"},"content":{"rendered":"<p><span style=\"color: #40acad; font-family: -apple-system, system-ui, 'Segoe UI', Roboto, Oxygen-Sans, Ubuntu, Cantarell, 'Helvetica Neue', sans-serif; font-size: 12px; font-weight: bold;\"><\/p>\n<p><a class=\"fancybox-media\" href=\"..\/_uploads\/_noticia\/2016-08\/20160802-123817.jpg\" rel=\"portfolio\"><img decoding=\"async\" alt=\"\" src=\"..\/_uploads\/_noticia\/2016-08\/20160802-123817.jpg\" \/><\/a><strong>Patrick Mendes,\u00a0Paulo Mancio e\u00a0Catarina Nedavaska, da equipe AccorHotels Am\u00e9rica do Sul, e o muralista\u00a0Eduardo Kobra conduziram as conversas na parte da manh\u00e3 (foto: Fernando Freitas)<\/strong><\/p>\n<p>A AccorHotels realiza nesta ter\u00e7a (2), em S\u00e3o Paulo, o 1\u00aa Design &#038; Technical Summit, evento dedicado \u00e0 apresenta\u00e7\u00e3o de tend\u00eancias da arquitetura e decora\u00e7\u00e3o para o mercado hoteleiro. O encontro re\u00fane diversos profissionais renomados da arquitetura e design para um ciclo de palestras no hotel Pullman Vila Ol\u00edmpia, zona sul da capital paulista.<\/p>\n<p>A primeira parte do evento teve as apresenta\u00e7\u00f5es da gerente de Design AccorHotels Am\u00e9rica do Sul, Catarina Nedavaska; do designer Humberto Campana, do conceituado\u00a0est\u00fadio Irm\u00e3os Campana; e do muralista Eduardo Kobra, respons\u00e1vel pelo mural oficial dos Jogos Ol\u00edmpicos 2016 e um dos grafiteiros mais respeitados da atualidade. Todos os palestrantes compartilharam um pensamento\u00a0em comum em seus discursos: a import\u00e2ncia do \u201cpensar fora da caixa\u201d para chegar a solu\u00e7\u00f5es criativas e eficazes para setor hoteleiro.<\/p>\n<p>\u201cPor 40 anos a hotelaria buscou a padroniza\u00e7\u00e3o, oferecendo servi\u00e7os exatamente iguais em todos os seus empreendimentos, mas o cliente mudou, e n\u00f3s tamb\u00e9m tivemos de repensar nossa forma de atua\u00e7\u00e3o. Hoje as pessoas buscam experi\u00eancias diferentes, tanto em hot\u00e9is de luxo quanto em hot\u00e9is econ\u00f4micos\u201d, explicou Patrick Mendes, CEO da AccorHotels Am\u00e9rica do Sul, em sua fala de abertura.<\/p>\n<p>O papel estrat\u00e9gico da arquitetura e decora\u00e7\u00e3o como elementos que agregam valor \u00e0 experi\u00eancia dos h\u00f3spedes tamb\u00e9m foi ressaltado pelo vice-presidente s\u00eanior de Design &#038; Implanta\u00e7\u00e3o da AccorHotels Am\u00e9rica do Sul, Paulo Mancio. \u201cNosso desafio \u00e9 olhar para o ser humano e decifr\u00e1-lo. Os clientes querem se sentir \u00fanicos, especiais, n\u00e3o aceitam mais a mesmice das padroniza\u00e7\u00f5es\u201d, pontuou.<\/p>\n<p>A segunda parte do ciclo de palestras ter\u00e1 ainda a participa\u00e7\u00e3o de Stephane Lombard, diretor de Design de Interiores AccorHotels Asia, e do arquiteto Arthur Casas. Paralelamente ao Design &#038; Summit, a AccorHotels far\u00e1 ainda a entrega do\u00a0Pr\u00eamio Intelig\u00eancia pela Inova\u00e7\u00e3o, que tem como objetivo trazer jovens arquitetos e designers para o desenvolvimento de novas ideias conceituais e projetos dos ambientes de um hotel.<\/p>\n<p>\u00a0<\/p>\n<p><\/span><\/p>\n","protected":false},"excerpt":{"rendered":"<p>Primeira edi\u00e7\u00e3o do Design &#038; Technical Summit re\u00fane especialistas do setor na capital paulista nesta ter\u00e7a-feira (2)<\/p>\n","protected":false},"author":1,"featured_media":0,"comment_status":"open","ping_status":"open","sticky":false,"template":"","format":"standard","meta":{"footnotes":""},"categories":[],"tags":[],"class_list":["post-4675","post","type-post","status-publish","format-standard","hentry"],"yoast_head":"<!-- This site is optimized with the Yoast SEO plugin v26.2 - https:\/\/yoast.com\/wordpress\/plugins\/seo\/ -->\n<title>ACCORHOTELS DISCUTE TEND\u00caNCIAS DA ARQUITETURA E DESIGN NA HOTELARIA - Travel3<\/title>\n<meta name=\"description\" content=\"A TRAVEL3 \u00e9 um portal de conte\u00fado voltado para o turismo, encontre destinos, viagens, hospedagem, passagens, guias, not\u00edcias sobre o mercado do turismo, dicas de viagem, v\u00eddeos e podcast.\" \/>\n<meta name=\"robots\" content=\"index, follow, max-snippet:-1, max-image-preview:large, max-video-preview:-1\" \/>\n<link rel=\"canonical\" href=\"https:\/\/www.travel3.com.br\/site\/sem-categoria\/accorhotels-discute-tendencias-da-arquitetura-e-design-na-hotelaria\/\" \/>\n<meta property=\"og:locale\" content=\"pt_BR\" \/>\n<meta property=\"og:type\" content=\"article\" \/>\n<meta property=\"og:title\" content=\"ACCORHOTELS DISCUTE TEND\u00caNCIAS DA ARQUITETURA E DESIGN NA HOTELARIA - Travel3\" \/>\n<meta property=\"og:description\" content=\"A TRAVEL3 \u00e9 um portal de conte\u00fado voltado para o turismo, encontre destinos, viagens, hospedagem, passagens, guias, not\u00edcias sobre o mercado do turismo, dicas de viagem, v\u00eddeos e podcast.\" \/>\n<meta property=\"og:url\" content=\"https:\/\/www.travel3.com.br\/site\/sem-categoria\/accorhotels-discute-tendencias-da-arquitetura-e-design-na-hotelaria\/\" \/>\n<meta property=\"og:site_name\" content=\"Travel3\" \/>\n<meta property=\"article:publisher\" content=\"https:\/\/www.facebook.com\/travel3media\/\" \/>\n<meta property=\"article:published_time\" content=\"2017-09-11T05:28:38+00:00\" \/>\n<meta name=\"author\" content=\"admin\" \/>\n<meta name=\"twitter:card\" content=\"summary_large_image\" \/>\n<meta name=\"twitter:label1\" content=\"Escrito por\" \/>\n\t<meta name=\"twitter:data1\" content=\"admin\" \/>\n\t<meta name=\"twitter:label2\" content=\"Est. tempo de leitura\" \/>\n\t<meta name=\"twitter:data2\" content=\"2 minutos\" \/>\n<script type=\"application\/ld+json\" class=\"yoast-schema-graph\">{\"@context\":\"https:\/\/schema.org\",\"@graph\":[{\"@type\":\"Article\",\"@id\":\"https:\/\/www.travel3.com.br\/site\/sem-categoria\/accorhotels-discute-tendencias-da-arquitetura-e-design-na-hotelaria\/#article\",\"isPartOf\":{\"@id\":\"https:\/\/www.travel3.com.br\/site\/sem-categoria\/accorhotels-discute-tendencias-da-arquitetura-e-design-na-hotelaria\/\"},\"author\":{\"name\":\"admin\",\"@id\":\"https:\/\/www.travel3.com.br\/site\/#\/schema\/person\/a69d71e41a024999b6ab82369ac0bd1e\"},\"headline\":\"ACCORHOTELS DISCUTE TEND\u00caNCIAS DA ARQUITETURA E DESIGN NA HOTELARIA\",\"datePublished\":\"2017-09-11T05:28:38+00:00\",\"mainEntityOfPage\":{\"@id\":\"https:\/\/www.travel3.com.br\/site\/sem-categoria\/accorhotels-discute-tendencias-da-arquitetura-e-design-na-hotelaria\/\"},\"wordCount\":382,\"commentCount\":0,\"publisher\":{\"@id\":\"https:\/\/www.travel3.com.br\/site\/#organization\"},\"inLanguage\":\"pt-BR\",\"potentialAction\":[{\"@type\":\"CommentAction\",\"name\":\"Comment\",\"target\":[\"https:\/\/www.travel3.com.br\/site\/sem-categoria\/accorhotels-discute-tendencias-da-arquitetura-e-design-na-hotelaria\/#respond\"]}]},{\"@type\":\"WebPage\",\"@id\":\"https:\/\/www.travel3.com.br\/site\/sem-categoria\/accorhotels-discute-tendencias-da-arquitetura-e-design-na-hotelaria\/\",\"url\":\"https:\/\/www.travel3.com.br\/site\/sem-categoria\/accorhotels-discute-tendencias-da-arquitetura-e-design-na-hotelaria\/\",\"name\":\"ACCORHOTELS DISCUTE TEND\u00caNCIAS DA ARQUITETURA E DESIGN NA HOTELARIA - Travel3\",\"isPartOf\":{\"@id\":\"https:\/\/www.travel3.com.br\/site\/#website\"},\"datePublished\":\"2017-09-11T05:28:38+00:00\",\"description\":\"A TRAVEL3 \u00e9 um portal de conte\u00fado voltado para o turismo, encontre destinos, viagens, hospedagem, passagens, guias, not\u00edcias sobre o mercado do turismo, dicas de viagem, v\u00eddeos e podcast.\",\"breadcrumb\":{\"@id\":\"https:\/\/www.travel3.com.br\/site\/sem-categoria\/accorhotels-discute-tendencias-da-arquitetura-e-design-na-hotelaria\/#breadcrumb\"},\"inLanguage\":\"pt-BR\",\"potentialAction\":[{\"@type\":\"ReadAction\",\"target\":[\"https:\/\/www.travel3.com.br\/site\/sem-categoria\/accorhotels-discute-tendencias-da-arquitetura-e-design-na-hotelaria\/\"]}]},{\"@type\":\"BreadcrumbList\",\"@id\":\"https:\/\/www.travel3.com.br\/site\/sem-categoria\/accorhotels-discute-tendencias-da-arquitetura-e-design-na-hotelaria\/#breadcrumb\",\"itemListElement\":[{\"@type\":\"ListItem\",\"position\":1,\"name\":\"In\u00edcio\",\"item\":\"https:\/\/www.travel3.com.br\/site\/\"},{\"@type\":\"ListItem\",\"position\":2,\"name\":\"ACCORHOTELS DISCUTE TEND\u00caNCIAS DA ARQUITETURA E DESIGN NA HOTELARIA\"}]},{\"@type\":\"WebSite\",\"@id\":\"https:\/\/www.travel3.com.br\/site\/#website\",\"url\":\"https:\/\/www.travel3.com.br\/site\/\",\"name\":\"Travel3\",\"description\":\"Lazer + Neg&oacute;cios + Aventura\",\"publisher\":{\"@id\":\"https:\/\/www.travel3.com.br\/site\/#organization\"},\"potentialAction\":[{\"@type\":\"SearchAction\",\"target\":{\"@type\":\"EntryPoint\",\"urlTemplate\":\"https:\/\/www.travel3.com.br\/site\/?s={search_term_string}\"},\"query-input\":{\"@type\":\"PropertyValueSpecification\",\"valueRequired\":true,\"valueName\":\"search_term_string\"}}],\"inLanguage\":\"pt-BR\"},{\"@type\":\"Organization\",\"@id\":\"https:\/\/www.travel3.com.br\/site\/#organization\",\"name\":\"Travel3\",\"url\":\"https:\/\/www.travel3.com.br\/site\/\",\"logo\":{\"@type\":\"ImageObject\",\"inLanguage\":\"pt-BR\",\"@id\":\"https:\/\/www.travel3.com.br\/site\/#\/schema\/logo\/image\/\",\"url\":\"https:\/\/www.travel3.com.br\/site\/wp-content\/uploads\/2020\/01\/logo-travel3-2020.png\",\"contentUrl\":\"https:\/\/www.travel3.com.br\/site\/wp-content\/uploads\/2020\/01\/logo-travel3-2020.png\",\"width\":232,\"height\":79,\"caption\":\"Travel3\"},\"image\":{\"@id\":\"https:\/\/www.travel3.com.br\/site\/#\/schema\/logo\/image\/\"},\"sameAs\":[\"https:\/\/www.facebook.com\/travel3media\/\",\"https:\/\/www.instagram.com\/revistatravel3\/\",\"https:\/\/www.youtube.com\/channel\/UCno7J4paGBR3VbZQzvoJ9Eg\"]},{\"@type\":\"Person\",\"@id\":\"https:\/\/www.travel3.com.br\/site\/#\/schema\/person\/a69d71e41a024999b6ab82369ac0bd1e\",\"name\":\"admin\",\"image\":{\"@type\":\"ImageObject\",\"inLanguage\":\"pt-BR\",\"@id\":\"https:\/\/www.travel3.com.br\/site\/#\/schema\/person\/image\/\",\"url\":\"https:\/\/secure.gravatar.com\/avatar\/732a67adfd764da2a47ba10ce731c4c0?s=96&d=mm&r=g\",\"contentUrl\":\"https:\/\/secure.gravatar.com\/avatar\/732a67adfd764da2a47ba10ce731c4c0?s=96&d=mm&r=g\",\"caption\":\"admin\"},\"url\":\"https:\/\/www.travel3.com.br\/site\/author\/admin\/\"}]}<\/script>\n<!-- \/ Yoast SEO plugin. -->","yoast_head_json":{"title":"ACCORHOTELS DISCUTE TEND\u00caNCIAS DA ARQUITETURA E DESIGN NA HOTELARIA - Travel3","description":"A TRAVEL3 \u00e9 um portal de conte\u00fado voltado para o turismo, encontre destinos, viagens, hospedagem, passagens, guias, not\u00edcias sobre o mercado do turismo, dicas de viagem, v\u00eddeos e podcast.","robots":{"index":"index","follow":"follow","max-snippet":"max-snippet:-1","max-image-preview":"max-image-preview:large","max-video-preview":"max-video-preview:-1"},"canonical":"https:\/\/www.travel3.com.br\/site\/sem-categoria\/accorhotels-discute-tendencias-da-arquitetura-e-design-na-hotelaria\/","og_locale":"pt_BR","og_type":"article","og_title":"ACCORHOTELS DISCUTE TEND\u00caNCIAS DA ARQUITETURA E DESIGN NA HOTELARIA - Travel3","og_description":"A TRAVEL3 \u00e9 um portal de conte\u00fado voltado para o turismo, encontre destinos, viagens, hospedagem, passagens, guias, not\u00edcias sobre o mercado do turismo, dicas de viagem, v\u00eddeos e podcast.","og_url":"https:\/\/www.travel3.com.br\/site\/sem-categoria\/accorhotels-discute-tendencias-da-arquitetura-e-design-na-hotelaria\/","og_site_name":"Travel3","article_publisher":"https:\/\/www.facebook.com\/travel3media\/","article_published_time":"2017-09-11T05:28:38+00:00","author":"admin","twitter_card":"summary_large_image","twitter_misc":{"Escrito por":"admin","Est. tempo de leitura":"2 minutos"},"schema":{"@context":"https:\/\/schema.org","@graph":[{"@type":"Article","@id":"https:\/\/www.travel3.com.br\/site\/sem-categoria\/accorhotels-discute-tendencias-da-arquitetura-e-design-na-hotelaria\/#article","isPartOf":{"@id":"https:\/\/www.travel3.com.br\/site\/sem-categoria\/accorhotels-discute-tendencias-da-arquitetura-e-design-na-hotelaria\/"},"author":{"name":"admin","@id":"https:\/\/www.travel3.com.br\/site\/#\/schema\/person\/a69d71e41a024999b6ab82369ac0bd1e"},"headline":"ACCORHOTELS DISCUTE TEND\u00caNCIAS DA ARQUITETURA E DESIGN NA HOTELARIA","datePublished":"2017-09-11T05:28:38+00:00","mainEntityOfPage":{"@id":"https:\/\/www.travel3.com.br\/site\/sem-categoria\/accorhotels-discute-tendencias-da-arquitetura-e-design-na-hotelaria\/"},"wordCount":382,"commentCount":0,"publisher":{"@id":"https:\/\/www.travel3.com.br\/site\/#organization"},"inLanguage":"pt-BR","potentialAction":[{"@type":"CommentAction","name":"Comment","target":["https:\/\/www.travel3.com.br\/site\/sem-categoria\/accorhotels-discute-tendencias-da-arquitetura-e-design-na-hotelaria\/#respond"]}]},{"@type":"WebPage","@id":"https:\/\/www.travel3.com.br\/site\/sem-categoria\/accorhotels-discute-tendencias-da-arquitetura-e-design-na-hotelaria\/","url":"https:\/\/www.travel3.com.br\/site\/sem-categoria\/accorhotels-discute-tendencias-da-arquitetura-e-design-na-hotelaria\/","name":"ACCORHOTELS DISCUTE TEND\u00caNCIAS DA ARQUITETURA E DESIGN NA HOTELARIA - Travel3","isPartOf":{"@id":"https:\/\/www.travel3.com.br\/site\/#website"},"datePublished":"2017-09-11T05:28:38+00:00","description":"A TRAVEL3 \u00e9 um portal de conte\u00fado voltado para o turismo, encontre destinos, viagens, hospedagem, passagens, guias, not\u00edcias sobre o mercado do turismo, dicas de viagem, v\u00eddeos e podcast.","breadcrumb":{"@id":"https:\/\/www.travel3.com.br\/site\/sem-categoria\/accorhotels-discute-tendencias-da-arquitetura-e-design-na-hotelaria\/#breadcrumb"},"inLanguage":"pt-BR","potentialAction":[{"@type":"ReadAction","target":["https:\/\/www.travel3.com.br\/site\/sem-categoria\/accorhotels-discute-tendencias-da-arquitetura-e-design-na-hotelaria\/"]}]},{"@type":"BreadcrumbList","@id":"https:\/\/www.travel3.com.br\/site\/sem-categoria\/accorhotels-discute-tendencias-da-arquitetura-e-design-na-hotelaria\/#breadcrumb","itemListElement":[{"@type":"ListItem","position":1,"name":"In\u00edcio","item":"https:\/\/www.travel3.com.br\/site\/"},{"@type":"ListItem","position":2,"name":"ACCORHOTELS DISCUTE TEND\u00caNCIAS DA ARQUITETURA E DESIGN NA HOTELARIA"}]},{"@type":"WebSite","@id":"https:\/\/www.travel3.com.br\/site\/#website","url":"https:\/\/www.travel3.com.br\/site\/","name":"Travel3","description":"Lazer + Neg&oacute;cios + Aventura","publisher":{"@id":"https:\/\/www.travel3.com.br\/site\/#organization"},"potentialAction":[{"@type":"SearchAction","target":{"@type":"EntryPoint","urlTemplate":"https:\/\/www.travel3.com.br\/site\/?s={search_term_string}"},"query-input":{"@type":"PropertyValueSpecification","valueRequired":true,"valueName":"search_term_string"}}],"inLanguage":"pt-BR"},{"@type":"Organization","@id":"https:\/\/www.travel3.com.br\/site\/#organization","name":"Travel3","url":"https:\/\/www.travel3.com.br\/site\/","logo":{"@type":"ImageObject","inLanguage":"pt-BR","@id":"https:\/\/www.travel3.com.br\/site\/#\/schema\/logo\/image\/","url":"https:\/\/www.travel3.com.br\/site\/wp-content\/uploads\/2020\/01\/logo-travel3-2020.png","contentUrl":"https:\/\/www.travel3.com.br\/site\/wp-content\/uploads\/2020\/01\/logo-travel3-2020.png","width":232,"height":79,"caption":"Travel3"},"image":{"@id":"https:\/\/www.travel3.com.br\/site\/#\/schema\/logo\/image\/"},"sameAs":["https:\/\/www.facebook.com\/travel3media\/","https:\/\/www.instagram.com\/revistatravel3\/","https:\/\/www.youtube.com\/channel\/UCno7J4paGBR3VbZQzvoJ9Eg"]},{"@type":"Person","@id":"https:\/\/www.travel3.com.br\/site\/#\/schema\/person\/a69d71e41a024999b6ab82369ac0bd1e","name":"admin","image":{"@type":"ImageObject","inLanguage":"pt-BR","@id":"https:\/\/www.travel3.com.br\/site\/#\/schema\/person\/image\/","url":"https:\/\/secure.gravatar.com\/avatar\/732a67adfd764da2a47ba10ce731c4c0?s=96&d=mm&r=g","contentUrl":"https:\/\/secure.gravatar.com\/avatar\/732a67adfd764da2a47ba10ce731c4c0?s=96&d=mm&r=g","caption":"admin"},"url":"https:\/\/www.travel3.com.br\/site\/author\/admin\/"}]}},"_links":{"self":[{"href":"https:\/\/www.travel3.com.br\/site\/wp-json\/wp\/v2\/posts\/4675","targetHints":{"allow":["GET"]}}],"collection":[{"href":"https:\/\/www.travel3.com.br\/site\/wp-json\/wp\/v2\/posts"}],"about":[{"href":"https:\/\/www.travel3.com.br\/site\/wp-json\/wp\/v2\/types\/post"}],"author":[{"embeddable":true,"href":"https:\/\/www.travel3.com.br\/site\/wp-json\/wp\/v2\/users\/1"}],"replies":[{"embeddable":true,"href":"https:\/\/www.travel3.com.br\/site\/wp-json\/wp\/v2\/comments?post=4675"}],"version-history":[{"count":0,"href":"https:\/\/www.travel3.com.br\/site\/wp-json\/wp\/v2\/posts\/4675\/revisions"}],"wp:attachment":[{"href":"https:\/\/www.travel3.com.br\/site\/wp-json\/wp\/v2\/media?parent=4675"}],"wp:term":[{"taxonomy":"category","embeddable":true,"href":"https:\/\/www.travel3.com.br\/site\/wp-json\/wp\/v2\/categories?post=4675"},{"taxonomy":"post_tag","embeddable":true,"href":"https:\/\/www.travel3.com.br\/site\/wp-json\/wp\/v2\/tags?post=4675"}],"curies":[{"name":"wp","href":"https:\/\/api.w.org\/{rel}","templated":true}]}}