{"id":46607,"date":"2022-03-08T10:07:30","date_gmt":"2022-03-08T13:07:30","guid":{"rendered":"https:\/\/www.travel3.com.br\/?p=46607"},"modified":"2022-03-08T10:25:02","modified_gmt":"2022-03-08T13:25:02","slug":"o-universo-das-mulheres-no-turismo","status":"publish","type":"post","link":"https:\/\/www.travel3.com.br\/site\/acontece-no-turismo\/negocios\/o-universo-das-mulheres-no-turismo\/","title":{"rendered":"O universo das mulheres no turismo"},"content":{"rendered":"\n<h2 class=\"has-text-align-center wp-block-heading\">Resili\u00eancia, empatia e respeito \u00e0s emo\u00e7\u00f5es s\u00e3o atributos de mulheres que est\u00e3o em posi\u00e7\u00e3o de lideran\u00e7a<\/h2>\n\n\n\n<p>As mulheres t\u00eam conquistado, cada vez mais, uma posi\u00e7\u00e3o de destaque no setor no turismo. Entretanto, ainda que a porcentagem apresente um crescimento, os n\u00fameros significam uma presen\u00e7a muito inferior \u00e0 dos homens em cargos de decis\u00e3o.<\/p>\n\n\n\n<p>Das 508 empresas listadas no banco de dados da BM&amp;F Bovespa, 197 (38,7%) delas t\u00eam pelo menos uma mulher no conselho de administra\u00e7\u00e3o e 165 (32,48%) possuem uma conselheira efetiva, de acordo com dados do IBGC \u2013 Instituto Brasileiro de Governan\u00e7a Corporativa, divulgados no final de 2021.<\/p>\n\n\n\n<p>Os n\u00fameros em crescimento citados s\u00e3o observados em iniciativas como o Movimento +Mulher 360, do qual participam cerca de 40 grandes corpora\u00e7\u00f5es como Walmart, Arno, Amanco, Bunge, Coca-Cola, Diageo, HP, Natura, P&amp;G, Pepsico e Santander, entre outras. O objetivo \u00e9 equilibrar a balan\u00e7a de g\u00eanero nas empresas e nas comunidades onde elas est\u00e3o inseridas.<\/p>\n\n\n\n<p>Adicionalmente, \u00e9 necess\u00e1rio lembrar que a tem\u00e1tica de mulheres no turismo integra a agenda das Na\u00e7\u00f5es Unidas em seu quinto ODS (Objetivo do Desenvolvimento Sustent\u00e1vel), que trata da igualdade de g\u00eanero e do empoderamento feminino, inclusive com base na participa\u00e7\u00e3o efetiva das mulheres e na necessidade de igualdade na ocupa\u00e7\u00e3o de posi\u00e7\u00f5es de lideran\u00e7a e de tomada de decis\u00e3o.<\/p>\n\n\n\n<p>A bandeira da equidade de g\u00eanero tamb\u00e9m foi uma prioridade no F\u00f3rum Econ\u00f4mico Mundial em 2018. Desde ent\u00e3o, os dados s\u00e3o alarmantes e mostram, a partir de relat\u00f3rio divulgado em 2021, que ser\u00e3o necess\u00e1rios mais de 268 anos para que a disparidade de g\u00eanero seja completamente erradicada.<\/p>\n\n\n\n<p class=\"has-text-align-center\">Leia mais = <strong><a href=\"https:\/\/www.travel3.com.br\/destaque\/mulher-e-turismo-e-combinacao-que-diz-muito-sobre-essa-industria\/\" target=\"_blank\" rel=\"noreferrer noopener\">Mulher e Turismo \u00e9 combina\u00e7\u00e3o que diz muito sobre essa ind\u00fastria<\/a><\/strong><\/p>\n\n\n\n<div class=\"wp-block-image\"><figure class=\"aligncenter size-large\"><img loading=\"lazy\" decoding=\"async\" width=\"1024\" height=\"683\" src=\"https:\/\/www.travel3.com.br\/site\/wp-content\/uploads\/2022\/03\/hand-gd452b41d2_1920_Easy-Resize.com_-1024x683.jpg\" alt=\"Mulheres no Turismo\" class=\"wp-image-46619\" srcset=\"https:\/\/www.travel3.com.br\/site\/wp-content\/uploads\/2022\/03\/hand-gd452b41d2_1920_Easy-Resize.com_-1024x683.jpg 1024w, https:\/\/www.travel3.com.br\/site\/wp-content\/uploads\/2022\/03\/hand-gd452b41d2_1920_Easy-Resize.com_-300x200.jpg 300w, https:\/\/www.travel3.com.br\/site\/wp-content\/uploads\/2022\/03\/hand-gd452b41d2_1920_Easy-Resize.com_-768x512.jpg 768w, https:\/\/www.travel3.com.br\/site\/wp-content\/uploads\/2022\/03\/hand-gd452b41d2_1920_Easy-Resize.com_-150x100.jpg 150w, https:\/\/www.travel3.com.br\/site\/wp-content\/uploads\/2022\/03\/hand-gd452b41d2_1920_Easy-Resize.com_-750x500.jpg 750w, https:\/\/www.travel3.com.br\/site\/wp-content\/uploads\/2022\/03\/hand-gd452b41d2_1920_Easy-Resize.com_-1140x761.jpg 1140w, https:\/\/www.travel3.com.br\/site\/wp-content\/uploads\/2022\/03\/hand-gd452b41d2_1920_Easy-Resize.com_.jpg 1280w\" sizes=\"auto, (max-width: 1024px) 100vw, 1024px\" \/><figcaption>Ainda que em crescimento, os n\u00fameros indicam a presen\u00e7a feminina muito inferior \u00e0 dos homens em cargos de decis\u00e3o (Foto: Divulga\u00e7\u00e3o)<\/figcaption><\/figure><\/div>\n\n\n\n<p>O mesmo estudo mostra que as taxas de demiss\u00f5es foram mais altas entre mulheres durante a pandemia. Na contram\u00e3o desta realidade, na hora de recontrata\u00e7\u00e3o, \u00e0 medida que a economia se recupera, elas s\u00e3o menos contratadas do que os homens.<\/p>\n\n\n\n<p>Ainda que os dados do F\u00f3rum Econ\u00f4mico Mundial sejam globais e atinjam todos os setores econ\u00f4micos, estudos nacionais como alguns dos comandados pela Professora e Pesquisadora da USP, Mariana Aldrigui, que tamb\u00e9m \u00e9 conselheira da WTM Latin America, mostram a mesma realidade na ind\u00fastria do turismo no Brasil.<\/p>\n\n\n\n<blockquote class=\"wp-block-quote is-layout-flow wp-block-quote-is-layout-flow\"><p>H\u00e1 quase 100 anos falamos sobre o turismo como uma pot\u00eancia econ\u00f4mica no Brasil e, ainda que tenhamos vivido uma explos\u00e3o cursos e a consequente qualifica\u00e7\u00e3o na d\u00e9cada de 90, foi em 2014 que vivemos o melhor ano da hist\u00f3ria do setor\u201d diz, complementando que \u201ca expectativa era grande em 2019 e esper\u00e1vamos um 2020 com muitas oportunidades e resultados, quando entramos em pandemia.<\/p><cite>Mariana Aldrigui &#8211; Professora e pesquisadora da USP e conselheira da WTM Latin America<\/cite><\/blockquote>\n\n\n\n<p>O fato \u00e9 que o estudo liderado por Mariana Aldrigui aponta que a maioria dos pa\u00edses que depende do turismo para preservar seus empregos, ficou em uma situa\u00e7\u00e3o muito delicada.<\/p>\n\n\n\n<blockquote class=\"wp-block-quote is-layout-flow wp-block-quote-is-layout-flow\"><p>No Brasil, ainda temos 40 mil vagas formais para serem recriadas a ponto de chegarmos aos patamares de 2019. E sabemos que a maioria dessas vagas ser\u00e3o priorizadas para homens, parte por demanda das empresas, parte por defini\u00e7\u00e3o das pr\u00f3prias fam\u00edlias.<\/p><cite>Mariana Aldrigui &#8211; Professora e pesquisadora da USP e conselheira da WTM Latin America<\/cite><\/blockquote>\n\n\n\n<div class=\"wp-block-image\"><figure class=\"aligncenter size-large\"><img loading=\"lazy\" decoding=\"async\" width=\"682\" height=\"1024\" src=\"https:\/\/www.travel3.com.br\/site\/wp-content\/uploads\/2022\/03\/Giovana-Jannuzzelli-ALAGEV_Easy-Resize.com_-682x1024.jpg\" alt=\"Giovana Jannuzzelli, diretora-executiva da ALAGEV\" class=\"wp-image-46613\" srcset=\"https:\/\/www.travel3.com.br\/site\/wp-content\/uploads\/2022\/03\/Giovana-Jannuzzelli-ALAGEV_Easy-Resize.com_-682x1024.jpg 682w, https:\/\/www.travel3.com.br\/site\/wp-content\/uploads\/2022\/03\/Giovana-Jannuzzelli-ALAGEV_Easy-Resize.com_-200x300.jpg 200w, https:\/\/www.travel3.com.br\/site\/wp-content\/uploads\/2022\/03\/Giovana-Jannuzzelli-ALAGEV_Easy-Resize.com_-768x1152.jpg 768w, https:\/\/www.travel3.com.br\/site\/wp-content\/uploads\/2022\/03\/Giovana-Jannuzzelli-ALAGEV_Easy-Resize.com_-150x225.jpg 150w, https:\/\/www.travel3.com.br\/site\/wp-content\/uploads\/2022\/03\/Giovana-Jannuzzelli-ALAGEV_Easy-Resize.com_-750x1125.jpg 750w, https:\/\/www.travel3.com.br\/site\/wp-content\/uploads\/2022\/03\/Giovana-Jannuzzelli-ALAGEV_Easy-Resize.com_.jpg 853w\" sizes=\"auto, (max-width: 682px) 100vw, 682px\" \/><figcaption>Giovana Jannuzzelli, diretora-executiva da ALAGEV (Foto: divulga\u00e7\u00e3o)<\/figcaption><\/figure><\/div>\n\n\n\n<p>Por todos os seus desafios e pela necessidade de revis\u00e3o imediata, o tema vem ganhando relev\u00e2ncia e entrando na pauta de empresas e eventos ligados \u00e0 ind\u00fastria, entre os quais est\u00e3o a LACTE, promovido pela ALAGEV \u2013 Associa\u00e7\u00e3o Latino-Americana de Gest\u00e3o de Viagens e Eventos Corporativos em sua 17\u00aa edi\u00e7\u00e3o (dias 8 e 9 de mar\u00e7o, em S\u00e3o Paulo), e a WTM Latin America, em sua oitava edi\u00e7\u00e3o presencial (entre 5 e 7 de abril, em S\u00e3o Paulo).<\/p>\n\n\n\n<blockquote class=\"wp-block-quote is-layout-flow wp-block-quote-is-layout-flow\"><p>N\u00f3s precisamos e vamos pensar, criar e construir o novo pela perspectiva da sustentabilidade, da equidade e da inclus\u00e3o, apoiando a reconstru\u00e7\u00e3o da nossa ind\u00fastria. <\/p><cite>Giovana Jannuzzelli, diretora-executiva da ALAGEV<\/cite><\/blockquote>\n\n\n\n<p>Para al\u00e9m dos desafios j\u00e1 citados, a participa\u00e7\u00e3o efetiva de mulheres em posi\u00e7\u00f5es de lideran\u00e7a \u00e9 uma realidade em empresas brasileiras ou que atuam no Brasil. S\u00e3o os casos, por exemplo da United Airlines, da Schultz e do Plaza Premium Group.<\/p>\n\n\n\n<blockquote class=\"wp-block-quote is-layout-flow wp-block-quote-is-layout-flow\"><p>Nossa capacidade de ver o mundo por outros e mais \u00e2ngulos \u00e9 um grande diferencial quando trabalhamos numa ind\u00fastria focada na hospitalidade e na experi\u00eancia, como \u00e9 o caso do turismo.<\/p><cite>Ana Santana &#8211; Diretora-geral da Schultz<\/cite><\/blockquote>\n\n\n\n<div class=\"wp-block-image\"><figure class=\"aligncenter size-full\"><img loading=\"lazy\" decoding=\"async\" width=\"640\" height=\"640\" src=\"https:\/\/www.travel3.com.br\/site\/wp-content\/uploads\/2022\/03\/PPG-Alicia-Perez.jpeg\" alt=\"Alicia Perez, Sales Manager no Plaza Premium Group\" class=\"wp-image-46616\" srcset=\"https:\/\/www.travel3.com.br\/site\/wp-content\/uploads\/2022\/03\/PPG-Alicia-Perez.jpeg 640w, https:\/\/www.travel3.com.br\/site\/wp-content\/uploads\/2022\/03\/PPG-Alicia-Perez-300x300.jpeg 300w, https:\/\/www.travel3.com.br\/site\/wp-content\/uploads\/2022\/03\/PPG-Alicia-Perez-150x150.jpeg 150w, https:\/\/www.travel3.com.br\/site\/wp-content\/uploads\/2022\/03\/PPG-Alicia-Perez-96x96.jpeg 96w, https:\/\/www.travel3.com.br\/site\/wp-content\/uploads\/2022\/03\/PPG-Alicia-Perez-75x75.jpeg 75w, https:\/\/www.travel3.com.br\/site\/wp-content\/uploads\/2022\/03\/PPG-Alicia-Perez-350x350.jpeg 350w\" sizes=\"auto, (max-width: 640px) 100vw, 640px\" \/><figcaption>Alicia Perez, Sales Manager no Plaza Premium Group (Foto: Divulga\u00e7\u00e3o)<\/figcaption><\/figure><\/div>\n\n\n\n<p>A percep\u00e7\u00e3o da executiva \u00e9 compartilhada por Alicia Perez, Sales Manager no Plaza Premium Group.<\/p>\n\n\n\n<blockquote class=\"wp-block-quote is-layout-flow wp-block-quote-is-layout-flow\"><p>\u00c9 muito cruel falar que a mulher n\u00e3o pode ou n\u00e3o deve trabalhar com suas emo\u00e7\u00f5es. N\u00f3s somos demandadas a ocupar espa\u00e7os com muita firmeza e eu acredito que podemos manter nosso lado intuitivo e de acolhimento.<\/p><cite>Alicia Perez &#8211; Sales Manager no Plaza Premium Group<\/cite><\/blockquote>\n\n\n\n<p>A presen\u00e7a de mulheres em cargos executivos \u00e9 uma realidade no Plaza Premium Group, pioneiro e l\u00edder mundial em prestadores de servi\u00e7os globais de hospitalidade aeroportu\u00e1ria e que atua no Brasil h\u00e1 cinco anos, desde quando Pamela Stein assumiu a posi\u00e7\u00e3o de gerente-geral e vem se \u201cmovendo\u201d de acordo com o crescimento da empresa.<\/p>\n\n\n\n<div class=\"wp-block-image\"><figure class=\"aligncenter size-full\"><img loading=\"lazy\" decoding=\"async\" width=\"422\" height=\"634\" src=\"https:\/\/www.travel3.com.br\/site\/wp-content\/uploads\/2022\/03\/Pamela-Stein-PPG.jpeg\" alt=\"Pamela Stein, gerente-geral no Plaza Premium Group \" class=\"wp-image-46615\" srcset=\"https:\/\/www.travel3.com.br\/site\/wp-content\/uploads\/2022\/03\/Pamela-Stein-PPG.jpeg 422w, https:\/\/www.travel3.com.br\/site\/wp-content\/uploads\/2022\/03\/Pamela-Stein-PPG-200x300.jpeg 200w, https:\/\/www.travel3.com.br\/site\/wp-content\/uploads\/2022\/03\/Pamela-Stein-PPG-150x225.jpeg 150w\" sizes=\"auto, (max-width: 422px) 100vw, 422px\" \/><figcaption>Pamela Stein, gerente-geral no Plaza Premium Group (Foto: Divulga\u00e7\u00e3o)<\/figcaption><\/figure><\/div>\n\n\n\n<blockquote class=\"wp-block-quote is-layout-flow wp-block-quote-is-layout-flow\"><p>A mobilidade fez parte da minha carreira em v\u00e1rias empresas e o Plaza Premium Group me ofereceu o desafio de implantar a opera\u00e7\u00e3o de S\u00e3o Paulo, deixando nosso grupo preparado para voos ainda maiores na Am\u00e9rica Latina. Neste per\u00edodo, me mudei de cidade com minha fam\u00edlia porque era a exig\u00eancia da minha carreira, o que \u00e9 mais comum de ser observado em homens do que em mulheres. Tenho orgulho desta trajet\u00f3ria e, na mesma medida, tenho certeza de que minha rede de apoio \u00e9 fundamental.<\/p><cite>Pamela Stein &#8211; Gerente geral do Plaza Premium Group<\/cite><\/blockquote>\n\n\n\n<p>Outra hist\u00f3ria que inspira e incentiva \u00e9 a de Jacqueline Conrado, Country Manager da United Airlines no Brasil. <\/p>\n\n\n\n<blockquote class=\"wp-block-quote is-layout-flow wp-block-quote-is-layout-flow\"><p>Todo mundo merece oportunidades e transformar o ambiente corporativo \u00e9 muito importante para diminuirmos as diferen\u00e7as. Neste sentido, a lideran\u00e7a \u00e9 um caminho efetivo para ajudar a eliminar barreiras desnecess\u00e1rias para mulheres que est\u00e3o chegando e facilitar e criar oportunidades para quem j\u00e1 est\u00e1 no mercado. Mais do que isso, \u00e9 uma responsabilidade. \u00c9 uma jornada para sempre e eu fico feliz em dizer que na United n\u00f3s temos um terreno muito f\u00e9rtil para isso. Tenho orgulho em dizer que criamos, a partir do nosso Pa\u00eds, o primeiro Comit\u00ea Internacional de Diversidade &amp; Inclus\u00e3o da companhia. <\/p><cite>Jacqueline Conrado &#8211; Country Manager da United Airlines no Brasil<\/cite><\/blockquote>\n\n\n\n<p>Diversidade &amp; Inclus\u00e3o tamb\u00e9m \u00e9 pilar estrat\u00e9gico na WTM Latin America 2022 e ganhar\u00e1, ao lado das tem\u00e1ticas de Turismo Respons\u00e1vel e Tecnologia, um audit\u00f3rio pr\u00f3prio, com sess\u00f5es e debates que reunir\u00e3o nomes que s\u00e3o refer\u00eancia.<\/p>\n\n\n\n<div class=\"wp-block-image\"><figure class=\"aligncenter size-large\"><img loading=\"lazy\" decoding=\"async\" width=\"1024\" height=\"682\" src=\"https:\/\/www.travel3.com.br\/site\/wp-content\/uploads\/2022\/03\/WTM-Thais-Del-Ben_Easy-Resize.com_-1024x682.jpg\" alt=\"Thais Del Ben, gerente de Marketing da WTM Latin America\" class=\"wp-image-46614\" srcset=\"https:\/\/www.travel3.com.br\/site\/wp-content\/uploads\/2022\/03\/WTM-Thais-Del-Ben_Easy-Resize.com_-1024x682.jpg 1024w, https:\/\/www.travel3.com.br\/site\/wp-content\/uploads\/2022\/03\/WTM-Thais-Del-Ben_Easy-Resize.com_-300x200.jpg 300w, https:\/\/www.travel3.com.br\/site\/wp-content\/uploads\/2022\/03\/WTM-Thais-Del-Ben_Easy-Resize.com_-768x512.jpg 768w, https:\/\/www.travel3.com.br\/site\/wp-content\/uploads\/2022\/03\/WTM-Thais-Del-Ben_Easy-Resize.com_-150x100.jpg 150w, https:\/\/www.travel3.com.br\/site\/wp-content\/uploads\/2022\/03\/WTM-Thais-Del-Ben_Easy-Resize.com_-750x500.jpg 750w, https:\/\/www.travel3.com.br\/site\/wp-content\/uploads\/2022\/03\/WTM-Thais-Del-Ben_Easy-Resize.com_-1140x760.jpg 1140w, https:\/\/www.travel3.com.br\/site\/wp-content\/uploads\/2022\/03\/WTM-Thais-Del-Ben_Easy-Resize.com_.jpg 1280w\" sizes=\"auto, (max-width: 1024px) 100vw, 1024px\" \/><figcaption>Thais Del Ben, gerente de Marketing da WTM Latin America (Foto: Divulga\u00e7\u00e3o)<\/figcaption><\/figure><\/div>\n\n\n\n<blockquote class=\"wp-block-quote is-layout-flow wp-block-quote-is-layout-flow\"><p>Este \u00e9 um tema que integra nossa agenda h\u00e1 algum tempo e que ganhou ainda mais relev\u00e2ncia nos \u00faltimos dois anos, nos deixando inquietos diante da necessidade de contribuir, de forma organizada e efetiva, trazendo reflex\u00e3o, debate e cases para nossa ind\u00fastria.<\/p><cite>Thais Del Ben &#8211; gerente de Marketing da WTM Latin America<\/cite><\/blockquote>\n","protected":false},"excerpt":{"rendered":"<p>Resili\u00eancia, empatia e respeito \u00e0s emo\u00e7\u00f5es s\u00e3o atributos de mulheres que est\u00e3o em posi\u00e7\u00e3o de lideran\u00e7a As mulheres t\u00eam conquistado, cada vez mais, uma posi\u00e7\u00e3o de destaque no setor no turismo. Entretanto, ainda que a porcentagem apresente um crescimento, os n\u00fameros significam uma presen\u00e7a muito inferior \u00e0 dos homens em cargos de decis\u00e3o. Das 508 [&hellip;]<\/p>\n","protected":false},"author":6,"featured_media":46626,"comment_status":"open","ping_status":"open","sticky":false,"template":"","format":"standard","meta":{"footnotes":""},"categories":[969,226,3],"tags":[1591,1521,4822],"class_list":["post-46607","post","type-post","status-publish","format-standard","has-post-thumbnail","hentry","category-acontece-no-turismo","category-destaque","category-negocios","tag-dia-internacional-da-mulher","tag-mulheres","tag-mulheres-no-turismo"],"yoast_head":"<!-- This site is optimized with the Yoast SEO plugin v26.2 - https:\/\/yoast.com\/wordpress\/plugins\/seo\/ -->\n<title>O universo das mulheres no turismo - Travel3<\/title>\n<meta name=\"description\" content=\"O universo das mulheres no Turismo; resili\u00eancia, empatia, e respeito \u00e0s emo\u00e7\u00f5es s\u00e3o atributos de mulheres que est\u00e3o em posi\u00e7\u00e3o de lideran\u00e7a\" \/>\n<meta name=\"robots\" content=\"index, follow, max-snippet:-1, max-image-preview:large, max-video-preview:-1\" \/>\n<link rel=\"canonical\" href=\"https:\/\/www.travel3.com.br\/site\/acontece-no-turismo\/negocios\/o-universo-das-mulheres-no-turismo\/\" \/>\n<meta property=\"og:locale\" content=\"pt_BR\" \/>\n<meta property=\"og:type\" content=\"article\" \/>\n<meta property=\"og:title\" content=\"O universo das mulheres no turismo - Travel3\" \/>\n<meta property=\"og:description\" content=\"O universo das mulheres no Turismo; resili\u00eancia, empatia, e respeito \u00e0s emo\u00e7\u00f5es s\u00e3o atributos de mulheres que est\u00e3o em posi\u00e7\u00e3o de lideran\u00e7a\" \/>\n<meta property=\"og:url\" content=\"https:\/\/www.travel3.com.br\/site\/acontece-no-turismo\/negocios\/o-universo-das-mulheres-no-turismo\/\" \/>\n<meta property=\"og:site_name\" content=\"Travel3\" \/>\n<meta property=\"article:publisher\" content=\"https:\/\/www.facebook.com\/travel3media\/\" \/>\n<meta property=\"article:published_time\" content=\"2022-03-08T13:07:30+00:00\" \/>\n<meta property=\"article:modified_time\" content=\"2022-03-08T13:25:02+00:00\" \/>\n<meta property=\"og:image\" content=\"https:\/\/www.travel3.com.br\/site\/wp-content\/uploads\/2022\/03\/shoe-g2665a341e_1280.jpg\" \/>\n\t<meta property=\"og:image:width\" content=\"1280\" \/>\n\t<meta property=\"og:image:height\" content=\"854\" \/>\n\t<meta property=\"og:image:type\" content=\"image\/jpeg\" \/>\n<meta name=\"author\" content=\"Reda\u00e7\u00e3o Travel3\" \/>\n<meta name=\"twitter:card\" content=\"summary_large_image\" \/>\n<meta name=\"twitter:label1\" content=\"Escrito por\" \/>\n\t<meta name=\"twitter:data1\" content=\"Reda\u00e7\u00e3o Travel3\" \/>\n\t<meta name=\"twitter:label2\" content=\"Est. tempo de leitura\" \/>\n\t<meta name=\"twitter:data2\" content=\"8 minutos\" \/>\n<script type=\"application\/ld+json\" class=\"yoast-schema-graph\">{\"@context\":\"https:\/\/schema.org\",\"@graph\":[{\"@type\":\"Article\",\"@id\":\"https:\/\/www.travel3.com.br\/site\/acontece-no-turismo\/negocios\/o-universo-das-mulheres-no-turismo\/#article\",\"isPartOf\":{\"@id\":\"https:\/\/www.travel3.com.br\/site\/acontece-no-turismo\/negocios\/o-universo-das-mulheres-no-turismo\/\"},\"author\":{\"name\":\"Reda\u00e7\u00e3o Travel3\",\"@id\":\"https:\/\/www.travel3.com.br\/site\/#\/schema\/person\/9cff8daac0a2f1aa0799f827b8aa8308\"},\"headline\":\"O universo das mulheres no turismo\",\"datePublished\":\"2022-03-08T13:07:30+00:00\",\"dateModified\":\"2022-03-08T13:25:02+00:00\",\"mainEntityOfPage\":{\"@id\":\"https:\/\/www.travel3.com.br\/site\/acontece-no-turismo\/negocios\/o-universo-das-mulheres-no-turismo\/\"},\"wordCount\":1287,\"commentCount\":0,\"publisher\":{\"@id\":\"https:\/\/www.travel3.com.br\/site\/#organization\"},\"image\":{\"@id\":\"https:\/\/www.travel3.com.br\/site\/acontece-no-turismo\/negocios\/o-universo-das-mulheres-no-turismo\/#primaryimage\"},\"thumbnailUrl\":\"https:\/\/www.travel3.com.br\/site\/wp-content\/uploads\/2022\/03\/shoe-g2665a341e_1280.jpg\",\"keywords\":[\"Dia Internacional da Mulher\",\"mulheres\",\"mulheres no turismo\"],\"articleSection\":[\"Acontece no Turismo\",\"Destaque\",\"Neg\u00f3cios\"],\"inLanguage\":\"pt-BR\",\"potentialAction\":[{\"@type\":\"CommentAction\",\"name\":\"Comment\",\"target\":[\"https:\/\/www.travel3.com.br\/site\/acontece-no-turismo\/negocios\/o-universo-das-mulheres-no-turismo\/#respond\"]}]},{\"@type\":\"WebPage\",\"@id\":\"https:\/\/www.travel3.com.br\/site\/acontece-no-turismo\/negocios\/o-universo-das-mulheres-no-turismo\/\",\"url\":\"https:\/\/www.travel3.com.br\/site\/acontece-no-turismo\/negocios\/o-universo-das-mulheres-no-turismo\/\",\"name\":\"O universo das mulheres no turismo - Travel3\",\"isPartOf\":{\"@id\":\"https:\/\/www.travel3.com.br\/site\/#website\"},\"primaryImageOfPage\":{\"@id\":\"https:\/\/www.travel3.com.br\/site\/acontece-no-turismo\/negocios\/o-universo-das-mulheres-no-turismo\/#primaryimage\"},\"image\":{\"@id\":\"https:\/\/www.travel3.com.br\/site\/acontece-no-turismo\/negocios\/o-universo-das-mulheres-no-turismo\/#primaryimage\"},\"thumbnailUrl\":\"https:\/\/www.travel3.com.br\/site\/wp-content\/uploads\/2022\/03\/shoe-g2665a341e_1280.jpg\",\"datePublished\":\"2022-03-08T13:07:30+00:00\",\"dateModified\":\"2022-03-08T13:25:02+00:00\",\"description\":\"O universo das mulheres no Turismo; resili\u00eancia, empatia, e respeito \u00e0s emo\u00e7\u00f5es s\u00e3o atributos de mulheres que est\u00e3o em posi\u00e7\u00e3o de lideran\u00e7a\",\"breadcrumb\":{\"@id\":\"https:\/\/www.travel3.com.br\/site\/acontece-no-turismo\/negocios\/o-universo-das-mulheres-no-turismo\/#breadcrumb\"},\"inLanguage\":\"pt-BR\",\"potentialAction\":[{\"@type\":\"ReadAction\",\"target\":[\"https:\/\/www.travel3.com.br\/site\/acontece-no-turismo\/negocios\/o-universo-das-mulheres-no-turismo\/\"]}]},{\"@type\":\"ImageObject\",\"inLanguage\":\"pt-BR\",\"@id\":\"https:\/\/www.travel3.com.br\/site\/acontece-no-turismo\/negocios\/o-universo-das-mulheres-no-turismo\/#primaryimage\",\"url\":\"https:\/\/www.travel3.com.br\/site\/wp-content\/uploads\/2022\/03\/shoe-g2665a341e_1280.jpg\",\"contentUrl\":\"https:\/\/www.travel3.com.br\/site\/wp-content\/uploads\/2022\/03\/shoe-g2665a341e_1280.jpg\",\"width\":1280,\"height\":854,\"caption\":\"Foto: Divulga\u00e7\u00e3o\"},{\"@type\":\"BreadcrumbList\",\"@id\":\"https:\/\/www.travel3.com.br\/site\/acontece-no-turismo\/negocios\/o-universo-das-mulheres-no-turismo\/#breadcrumb\",\"itemListElement\":[{\"@type\":\"ListItem\",\"position\":1,\"name\":\"In\u00edcio\",\"item\":\"https:\/\/www.travel3.com.br\/site\/\"},{\"@type\":\"ListItem\",\"position\":2,\"name\":\"O universo das mulheres no turismo\"}]},{\"@type\":\"WebSite\",\"@id\":\"https:\/\/www.travel3.com.br\/site\/#website\",\"url\":\"https:\/\/www.travel3.com.br\/site\/\",\"name\":\"Travel3\",\"description\":\"Lazer + Neg&oacute;cios + Aventura\",\"publisher\":{\"@id\":\"https:\/\/www.travel3.com.br\/site\/#organization\"},\"potentialAction\":[{\"@type\":\"SearchAction\",\"target\":{\"@type\":\"EntryPoint\",\"urlTemplate\":\"https:\/\/www.travel3.com.br\/site\/?s={search_term_string}\"},\"query-input\":{\"@type\":\"PropertyValueSpecification\",\"valueRequired\":true,\"valueName\":\"search_term_string\"}}],\"inLanguage\":\"pt-BR\"},{\"@type\":\"Organization\",\"@id\":\"https:\/\/www.travel3.com.br\/site\/#organization\",\"name\":\"Travel3\",\"url\":\"https:\/\/www.travel3.com.br\/site\/\",\"logo\":{\"@type\":\"ImageObject\",\"inLanguage\":\"pt-BR\",\"@id\":\"https:\/\/www.travel3.com.br\/site\/#\/schema\/logo\/image\/\",\"url\":\"https:\/\/www.travel3.com.br\/site\/wp-content\/uploads\/2020\/01\/logo-travel3-2020.png\",\"contentUrl\":\"https:\/\/www.travel3.com.br\/site\/wp-content\/uploads\/2020\/01\/logo-travel3-2020.png\",\"width\":232,\"height\":79,\"caption\":\"Travel3\"},\"image\":{\"@id\":\"https:\/\/www.travel3.com.br\/site\/#\/schema\/logo\/image\/\"},\"sameAs\":[\"https:\/\/www.facebook.com\/travel3media\/\",\"https:\/\/www.instagram.com\/revistatravel3\/\",\"https:\/\/www.youtube.com\/channel\/UCno7J4paGBR3VbZQzvoJ9Eg\"]},{\"@type\":\"Person\",\"@id\":\"https:\/\/www.travel3.com.br\/site\/#\/schema\/person\/9cff8daac0a2f1aa0799f827b8aa8308\",\"name\":\"Reda\u00e7\u00e3o Travel3\",\"image\":{\"@type\":\"ImageObject\",\"inLanguage\":\"pt-BR\",\"@id\":\"https:\/\/www.travel3.com.br\/site\/#\/schema\/person\/image\/\",\"url\":\"https:\/\/secure.gravatar.com\/avatar\/6e6125525e1f04b7b8c607d71556e490?s=96&d=mm&r=g\",\"contentUrl\":\"https:\/\/secure.gravatar.com\/avatar\/6e6125525e1f04b7b8c607d71556e490?s=96&d=mm&r=g\",\"caption\":\"Reda\u00e7\u00e3o Travel3\"},\"sameAs\":[\"http:\/\/www.travel3.com.br\"],\"url\":\"https:\/\/www.travel3.com.br\/site\/author\/redacao2\/\"}]}<\/script>\n<!-- \/ Yoast SEO plugin. -->","yoast_head_json":{"title":"O universo das mulheres no turismo - Travel3","description":"O universo das mulheres no Turismo; resili\u00eancia, empatia, e respeito \u00e0s emo\u00e7\u00f5es s\u00e3o atributos de mulheres que est\u00e3o em posi\u00e7\u00e3o de lideran\u00e7a","robots":{"index":"index","follow":"follow","max-snippet":"max-snippet:-1","max-image-preview":"max-image-preview:large","max-video-preview":"max-video-preview:-1"},"canonical":"https:\/\/www.travel3.com.br\/site\/acontece-no-turismo\/negocios\/o-universo-das-mulheres-no-turismo\/","og_locale":"pt_BR","og_type":"article","og_title":"O universo das mulheres no turismo - Travel3","og_description":"O universo das mulheres no Turismo; resili\u00eancia, empatia, e respeito \u00e0s emo\u00e7\u00f5es s\u00e3o atributos de mulheres que est\u00e3o em posi\u00e7\u00e3o de lideran\u00e7a","og_url":"https:\/\/www.travel3.com.br\/site\/acontece-no-turismo\/negocios\/o-universo-das-mulheres-no-turismo\/","og_site_name":"Travel3","article_publisher":"https:\/\/www.facebook.com\/travel3media\/","article_published_time":"2022-03-08T13:07:30+00:00","article_modified_time":"2022-03-08T13:25:02+00:00","og_image":[{"width":1280,"height":854,"url":"https:\/\/www.travel3.com.br\/site\/wp-content\/uploads\/2022\/03\/shoe-g2665a341e_1280.jpg","type":"image\/jpeg"}],"author":"Reda\u00e7\u00e3o Travel3","twitter_card":"summary_large_image","twitter_misc":{"Escrito por":"Reda\u00e7\u00e3o Travel3","Est. tempo de leitura":"8 minutos"},"schema":{"@context":"https:\/\/schema.org","@graph":[{"@type":"Article","@id":"https:\/\/www.travel3.com.br\/site\/acontece-no-turismo\/negocios\/o-universo-das-mulheres-no-turismo\/#article","isPartOf":{"@id":"https:\/\/www.travel3.com.br\/site\/acontece-no-turismo\/negocios\/o-universo-das-mulheres-no-turismo\/"},"author":{"name":"Reda\u00e7\u00e3o Travel3","@id":"https:\/\/www.travel3.com.br\/site\/#\/schema\/person\/9cff8daac0a2f1aa0799f827b8aa8308"},"headline":"O universo das mulheres no turismo","datePublished":"2022-03-08T13:07:30+00:00","dateModified":"2022-03-08T13:25:02+00:00","mainEntityOfPage":{"@id":"https:\/\/www.travel3.com.br\/site\/acontece-no-turismo\/negocios\/o-universo-das-mulheres-no-turismo\/"},"wordCount":1287,"commentCount":0,"publisher":{"@id":"https:\/\/www.travel3.com.br\/site\/#organization"},"image":{"@id":"https:\/\/www.travel3.com.br\/site\/acontece-no-turismo\/negocios\/o-universo-das-mulheres-no-turismo\/#primaryimage"},"thumbnailUrl":"https:\/\/www.travel3.com.br\/site\/wp-content\/uploads\/2022\/03\/shoe-g2665a341e_1280.jpg","keywords":["Dia Internacional da Mulher","mulheres","mulheres no turismo"],"articleSection":["Acontece no Turismo","Destaque","Neg\u00f3cios"],"inLanguage":"pt-BR","potentialAction":[{"@type":"CommentAction","name":"Comment","target":["https:\/\/www.travel3.com.br\/site\/acontece-no-turismo\/negocios\/o-universo-das-mulheres-no-turismo\/#respond"]}]},{"@type":"WebPage","@id":"https:\/\/www.travel3.com.br\/site\/acontece-no-turismo\/negocios\/o-universo-das-mulheres-no-turismo\/","url":"https:\/\/www.travel3.com.br\/site\/acontece-no-turismo\/negocios\/o-universo-das-mulheres-no-turismo\/","name":"O universo das mulheres no turismo - Travel3","isPartOf":{"@id":"https:\/\/www.travel3.com.br\/site\/#website"},"primaryImageOfPage":{"@id":"https:\/\/www.travel3.com.br\/site\/acontece-no-turismo\/negocios\/o-universo-das-mulheres-no-turismo\/#primaryimage"},"image":{"@id":"https:\/\/www.travel3.com.br\/site\/acontece-no-turismo\/negocios\/o-universo-das-mulheres-no-turismo\/#primaryimage"},"thumbnailUrl":"https:\/\/www.travel3.com.br\/site\/wp-content\/uploads\/2022\/03\/shoe-g2665a341e_1280.jpg","datePublished":"2022-03-08T13:07:30+00:00","dateModified":"2022-03-08T13:25:02+00:00","description":"O universo das mulheres no Turismo; resili\u00eancia, empatia, e respeito \u00e0s emo\u00e7\u00f5es s\u00e3o atributos de mulheres que est\u00e3o em posi\u00e7\u00e3o de lideran\u00e7a","breadcrumb":{"@id":"https:\/\/www.travel3.com.br\/site\/acontece-no-turismo\/negocios\/o-universo-das-mulheres-no-turismo\/#breadcrumb"},"inLanguage":"pt-BR","potentialAction":[{"@type":"ReadAction","target":["https:\/\/www.travel3.com.br\/site\/acontece-no-turismo\/negocios\/o-universo-das-mulheres-no-turismo\/"]}]},{"@type":"ImageObject","inLanguage":"pt-BR","@id":"https:\/\/www.travel3.com.br\/site\/acontece-no-turismo\/negocios\/o-universo-das-mulheres-no-turismo\/#primaryimage","url":"https:\/\/www.travel3.com.br\/site\/wp-content\/uploads\/2022\/03\/shoe-g2665a341e_1280.jpg","contentUrl":"https:\/\/www.travel3.com.br\/site\/wp-content\/uploads\/2022\/03\/shoe-g2665a341e_1280.jpg","width":1280,"height":854,"caption":"Foto: Divulga\u00e7\u00e3o"},{"@type":"BreadcrumbList","@id":"https:\/\/www.travel3.com.br\/site\/acontece-no-turismo\/negocios\/o-universo-das-mulheres-no-turismo\/#breadcrumb","itemListElement":[{"@type":"ListItem","position":1,"name":"In\u00edcio","item":"https:\/\/www.travel3.com.br\/site\/"},{"@type":"ListItem","position":2,"name":"O universo das mulheres no turismo"}]},{"@type":"WebSite","@id":"https:\/\/www.travel3.com.br\/site\/#website","url":"https:\/\/www.travel3.com.br\/site\/","name":"Travel3","description":"Lazer + Neg&oacute;cios + Aventura","publisher":{"@id":"https:\/\/www.travel3.com.br\/site\/#organization"},"potentialAction":[{"@type":"SearchAction","target":{"@type":"EntryPoint","urlTemplate":"https:\/\/www.travel3.com.br\/site\/?s={search_term_string}"},"query-input":{"@type":"PropertyValueSpecification","valueRequired":true,"valueName":"search_term_string"}}],"inLanguage":"pt-BR"},{"@type":"Organization","@id":"https:\/\/www.travel3.com.br\/site\/#organization","name":"Travel3","url":"https:\/\/www.travel3.com.br\/site\/","logo":{"@type":"ImageObject","inLanguage":"pt-BR","@id":"https:\/\/www.travel3.com.br\/site\/#\/schema\/logo\/image\/","url":"https:\/\/www.travel3.com.br\/site\/wp-content\/uploads\/2020\/01\/logo-travel3-2020.png","contentUrl":"https:\/\/www.travel3.com.br\/site\/wp-content\/uploads\/2020\/01\/logo-travel3-2020.png","width":232,"height":79,"caption":"Travel3"},"image":{"@id":"https:\/\/www.travel3.com.br\/site\/#\/schema\/logo\/image\/"},"sameAs":["https:\/\/www.facebook.com\/travel3media\/","https:\/\/www.instagram.com\/revistatravel3\/","https:\/\/www.youtube.com\/channel\/UCno7J4paGBR3VbZQzvoJ9Eg"]},{"@type":"Person","@id":"https:\/\/www.travel3.com.br\/site\/#\/schema\/person\/9cff8daac0a2f1aa0799f827b8aa8308","name":"Reda\u00e7\u00e3o Travel3","image":{"@type":"ImageObject","inLanguage":"pt-BR","@id":"https:\/\/www.travel3.com.br\/site\/#\/schema\/person\/image\/","url":"https:\/\/secure.gravatar.com\/avatar\/6e6125525e1f04b7b8c607d71556e490?s=96&d=mm&r=g","contentUrl":"https:\/\/secure.gravatar.com\/avatar\/6e6125525e1f04b7b8c607d71556e490?s=96&d=mm&r=g","caption":"Reda\u00e7\u00e3o Travel3"},"sameAs":["http:\/\/www.travel3.com.br"],"url":"https:\/\/www.travel3.com.br\/site\/author\/redacao2\/"}]}},"_links":{"self":[{"href":"https:\/\/www.travel3.com.br\/site\/wp-json\/wp\/v2\/posts\/46607","targetHints":{"allow":["GET"]}}],"collection":[{"href":"https:\/\/www.travel3.com.br\/site\/wp-json\/wp\/v2\/posts"}],"about":[{"href":"https:\/\/www.travel3.com.br\/site\/wp-json\/wp\/v2\/types\/post"}],"author":[{"embeddable":true,"href":"https:\/\/www.travel3.com.br\/site\/wp-json\/wp\/v2\/users\/6"}],"replies":[{"embeddable":true,"href":"https:\/\/www.travel3.com.br\/site\/wp-json\/wp\/v2\/comments?post=46607"}],"version-history":[{"count":6,"href":"https:\/\/www.travel3.com.br\/site\/wp-json\/wp\/v2\/posts\/46607\/revisions"}],"predecessor-version":[{"id":46625,"href":"https:\/\/www.travel3.com.br\/site\/wp-json\/wp\/v2\/posts\/46607\/revisions\/46625"}],"wp:featuredmedia":[{"embeddable":true,"href":"https:\/\/www.travel3.com.br\/site\/wp-json\/wp\/v2\/media\/46626"}],"wp:attachment":[{"href":"https:\/\/www.travel3.com.br\/site\/wp-json\/wp\/v2\/media?parent=46607"}],"wp:term":[{"taxonomy":"category","embeddable":true,"href":"https:\/\/www.travel3.com.br\/site\/wp-json\/wp\/v2\/categories?post=46607"},{"taxonomy":"post_tag","embeddable":true,"href":"https:\/\/www.travel3.com.br\/site\/wp-json\/wp\/v2\/tags?post=46607"}],"curies":[{"name":"wp","href":"https:\/\/api.w.org\/{rel}","templated":true}]}}