{"id":4652,"date":"2017-08-23T06:47:39","date_gmt":"2017-08-23T06:47:39","guid":{"rendered":"http:\/\/www.travel3.com.br\/site\/ir-e-vir\/ar\/treinamento-especial-em-curitiba-bwt-e-dzt-com-o-destino-alemanha\/"},"modified":"2017-08-23T06:47:39","modified_gmt":"2017-08-23T06:47:39","slug":"treinamento-especial-em-curitiba-bwt-e-dzt-com-o-destino-alemanha","status":"publish","type":"post","link":"https:\/\/www.travel3.com.br\/site\/sem-categoria\/treinamento-especial-em-curitiba-bwt-e-dzt-com-o-destino-alemanha\/","title":{"rendered":"TREINAMENTO ESPECIAL EM CURITIBA, BWT E DZT COM O DESTINO ALEMANHA"},"content":{"rendered":"<p><span style=\"color: #40acad; font-family: -apple-system, system-ui, 'Segoe UI', Roboto, Oxygen-Sans, Ubuntu, Cantarell, 'Helvetica Neue', sans-serif; font-size: 12px; font-weight: bold;\"><\/p>\n<p><strong>CURITIBA <\/strong>\u2013 Capacitar a rede de distribui\u00e7\u00e3o com o informe geral mais atualizado poss\u00edvel. Foi neste sentido que a BWT Operadora reafirmou sua proposta de incrementar a venda dos pacotes para a Alemanha trazendo at\u00e9 a capital paranaense o grupo liderado pelo DZT \u2013 Centro de Turismo Alem\u00e3o &#8211; que teve como parceiros no evento, a Lufthansa, Europcar e\u00a0 a cidade de Munique.<\/p>\n<p><a class=\"fancybox-media\" href=\"..\/_uploads\/_noticia\/2016-08\/dscn6482.jpg\" rel=\"portfolio\"><img decoding=\"async\" alt=\"\" src=\"..\/_uploads\/_noticia\/2016-08\/dscn6482.jpg\" \/><\/a><\/p>\n<p>Durante mais de 3 horas na manh\u00e3 desta quarta-feira, os agentes convidados para o encontro realizado no centro de eventos do Mabu Express puderam atualizar o conhecimento geral sobre v\u00e1rios aspectos do pais europeu e de seus programas tur\u00edsticos com o \u2018Alemanha para Todos\u2019.<\/p>\n<p>Com seu amplo conhecimento, Margareth Grantham destacou os v\u00e1rios aspectos, come\u00e7ando pela localiza\u00e7\u00e3o do destino. Em pleno centro do continente europeu, tem esta quest\u00e3o geogr\u00e1fica como\u00a0 uma das vantagens em\u00a0 sua fronteira com nove outros pa\u00edses.<\/p>\n<p><a class=\"fancybox-media\" href=\"..\/_uploads\/_noticia\/2016-08\/2dscn6500.jpg\" rel=\"portfolio\"><img decoding=\"async\" alt=\"\" src=\"..\/_uploads\/_noticia\/2016-08\/2dscn6500.jpg\" \/><\/a><\/p>\n<p>Entre as muitas novidades relacionadas, a diretora do DZT para o Brasil contou sobre a pr\u00f3xima inaugura\u00e7\u00e3o da nova cidade antiga de Frankfurt no final do ano, com 35 casas restauradas em 7 mil m2, 15 restaurantes originais, um novo cen\u00e1rio para a \u00e1rea central da cidade que \u00e9 o grande elo entre o Brasil e a Alemanha.\u00a0 A partir de outubro, vale lembrar, o voo de S\u00e3o Paulo para Munique ser\u00e1 suspenso e isto\u00a0 tornar\u00e1\u00a0 ainda mais frequente o aeroporto internacional de Frankfurt, o maior e mais importante da Alemanha, com servi\u00e7os para 290 destinos.<\/p>\n<p>Uma ampla exposi\u00e7\u00e3o sobre a Lufthansa foi feita por Christine Ziemer, 29 anos de companhia e que agora est\u00e1 cuidando diretamente dos mercados de Paran\u00e1 e Santa Catarina.\u00a0 Ela\u00a0 Informou detalhadamente sobre aspectos e novidades do Lufthansa Group, formado pela pr\u00f3pria companhia alem\u00e3 e mais a Swiss, Austrian, Germanwings e a Edelweiss, em uma oferta de 1.244 lugares por dia para o Brasil. A Edelweiss voa do Rio para Zurich duas vezes por semana.<\/p>\n<p><a class=\"fancybox-media\" href=\"..\/_uploads\/_noticia\/2016-08\/dscn6505.jpg\" rel=\"portfolio\"><img decoding=\"async\" alt=\"\" src=\"..\/_uploads\/_noticia\/2016-08\/dscn6505.jpg\" \/><\/a><\/p>\n<p><strong>Sorteios foram realizados com produtos da Alemanha e da Lufthansa<\/strong><\/p>\n<p>A Lufthansa estar\u00e1 completando no dia 15 deste m\u00eas, 60 anos ininterruptos de voos para o Brasil. E como uma das integrantes fundadoras da Star Alliance dever\u00e1 ter uma boa novidade pr\u00f3xima com a inaugura\u00e7\u00e3o p\u00f3s per\u00edodo ol\u00edmpico da sua nova sala vip no Gale\u00e3o, atendendo ao Rio de Janeiro como j\u00e1 \u00e9 feito no GRU Airport em S\u00e3o Paulo.<\/p>\n<p>Dos avi\u00f5es para os ve\u00edculos em terra, afinal a Alemanha \u00e9 um dos pa\u00edses dos sonhos dos amantes do automobilismo, tem at\u00e9 rota espec\u00edfica para tal, com os principais museus como o da BMW, Mercedes e Porsche. A Europcar \u00e9 a empresa l\u00edder, presente em 140 paises, com 190 mil veiculos em sua frota e s\u00f3 na Alemanha tem 40 mil deles, com 579 esta\u00e7\u00f5es de atendimento, sendo 41 com servi\u00e7o 24 horas.<\/p>\n<p>Representante da Europcar para o Brasil atrav\u00e9s da Insight, Marcell Diniz procurou mostrar que a partir de dois passageiros \u00e9 bem melhor a loca\u00e7\u00e3o para se deslocar por toda a Alemanha. A companhia \u00a0tem idade m\u00e9dia de 4 meses em sua frota, com modelos super vers\u00e1teis e a sele\u00e7\u00e3o Luxury &#038; Fun.<\/p>\n<p>Margareth tamb\u00e9m trouxe muitas informa\u00e7\u00f5es sobre Berlim, afinal \u00e9 a cidade preferida dos viajantes brasileiros. Agora com o \u2018Museu da Espionagem\u2019,\u00a0 sempre renovando o seu roteiro de atra\u00e7\u00f5es, a maneira gostosa de passear de bicicleta\u00a0 que tem roteiro de city tour e a cama bike para o passeio noturno antes das baladas.<\/p>\n<p>Quem falou sobre Munique foi Geovanni Lenard, representante para o Brasil, via Munich Tourist Office. Procurou mostrar que a Oktoberfest, al\u00e9m das seis tendas de grandes cervejarias, com bebidas, comidas t\u00edpicas e shows, \u00e9 mesmo uma festa essencialmente familiar, com o enorme parque de divers\u00f5es. E tem uma longa s\u00e9rie de eventos durante todo o ano, al\u00e9m de ponto de partida para v\u00e1rias rotas pr\u00f3ximas com grandes atrativos, desde o castelo da Cinderela\u00a0 e a medieval localidade de Rofthanburg der Tauber.<\/p>\n<p>A Alemanha tem mais de 100 rotas tur\u00edsticas, dos contos de fadas, dos castelos, da gastronomia, do romance, os mercados de Natal\u00a0 e o inovador programa sem barreiras, al\u00e9m do turismo sustent\u00e1vel. Com todos os informes e muitas facilidades para montagem dos programas \u00a0mais as \u00a0sugest\u00f5es aos clientes atrav\u00e9s do site www.germany.travel, colocado \u00e0 disposi\u00e7\u00e3o dos profissionais do turismo.<\/p>\n<p><a class=\"fancybox-media\" href=\"..\/_uploads\/_noticia\/2016-08\/dscn6504.jpg\" rel=\"portfolio\"><img decoding=\"async\" alt=\"\" src=\"..\/_uploads\/_noticia\/2016-08\/dscn6504.jpg\" \/><\/a><\/p>\n<p>Adonai e Carol agradeceram em nome da BWT convidando tamb\u00e9m para a participa\u00e7\u00e3o no Roadshow que come\u00e7ar\u00e1 na pr\u00f3xima semana com a caravana da operadora e parceiros (27) percorrendo Cascavel, Maring\u00e1, Londrina, Curiiba e Joinville.<\/p>\n<p>Os agentes curitibanos gostaram muito do evento. E tamb\u00e9m puderam conferir a rela\u00e7\u00e3o dos pacotes BWT para o Destino Alemanha, com a operadora trabalhando a serie Rom\u00e2ntica, Berlim, e mais Berlim &#038; Hamburgo, Berlim &#038; Munique e o sul da Alemanha de Trem, com 25% de entrada do valor total e mais quatro parcelas. Oficialmente, a programa\u00e7\u00e3o foi justamente lan\u00e7ada no evento realizado hoje em Curitiba e que teve o entusiasmo de todos os participantes.<\/p>\n<p><a class=\"fancybox-media\" href=\"..\/_uploads\/_noticia\/2016-08\/dscn6511.jpg\" rel=\"portfolio\"><img decoding=\"async\" alt=\"\" src=\"..\/_uploads\/_noticia\/2016-08\/dscn6511.jpg\" \/><\/a><\/p>\n<p><a class=\"fancybox-media\" href=\"..\/_uploads\/_noticia\/2016-08\/2banner-coobrand-april-travel3--2-.jpg\" rel=\"portfolio\"><img decoding=\"async\" alt=\"\" src=\"..\/_uploads\/_noticia\/2016-08\/2banner-coobrand-april-travel3--2-.jpg\" \/><\/a><\/p>\n<p>\u00a0<\/p>\n<p>\u00a0<\/p>\n<p>\u00a0<\/p>\n<p>\u00a0<\/p>\n<p>\u00a0<\/p>\n<p><\/span><\/p>\n","protected":false},"excerpt":{"rendered":"<p>Operadora reuniu os principais agentes de viagem da capital paranaense para incentivar um conhecimento maior e mostrar as novidades<\/p>\n","protected":false},"author":1,"featured_media":0,"comment_status":"open","ping_status":"open","sticky":false,"template":"","format":"standard","meta":{"footnotes":""},"categories":[],"tags":[],"class_list":["post-4652","post","type-post","status-publish","format-standard","hentry"],"yoast_head":"<!-- This site is optimized with the Yoast SEO plugin v26.2 - https:\/\/yoast.com\/wordpress\/plugins\/seo\/ -->\n<title>TREINAMENTO ESPECIAL EM CURITIBA, BWT E DZT COM O DESTINO ALEMANHA - Travel3<\/title>\n<meta name=\"description\" content=\"A TRAVEL3 \u00e9 um portal de conte\u00fado voltado para o turismo, encontre destinos, viagens, hospedagem, passagens, guias, not\u00edcias sobre o mercado do turismo, dicas de viagem, v\u00eddeos e podcast.\" \/>\n<meta name=\"robots\" content=\"index, follow, max-snippet:-1, max-image-preview:large, max-video-preview:-1\" \/>\n<link rel=\"canonical\" href=\"https:\/\/www.travel3.com.br\/site\/sem-categoria\/treinamento-especial-em-curitiba-bwt-e-dzt-com-o-destino-alemanha\/\" \/>\n<meta property=\"og:locale\" content=\"pt_BR\" \/>\n<meta property=\"og:type\" content=\"article\" \/>\n<meta property=\"og:title\" content=\"TREINAMENTO ESPECIAL EM CURITIBA, BWT E DZT COM O DESTINO ALEMANHA - Travel3\" \/>\n<meta property=\"og:description\" content=\"A TRAVEL3 \u00e9 um portal de conte\u00fado voltado para o turismo, encontre destinos, viagens, hospedagem, passagens, guias, not\u00edcias sobre o mercado do turismo, dicas de viagem, v\u00eddeos e podcast.\" \/>\n<meta property=\"og:url\" content=\"https:\/\/www.travel3.com.br\/site\/sem-categoria\/treinamento-especial-em-curitiba-bwt-e-dzt-com-o-destino-alemanha\/\" \/>\n<meta property=\"og:site_name\" content=\"Travel3\" \/>\n<meta property=\"article:publisher\" content=\"https:\/\/www.facebook.com\/travel3media\/\" \/>\n<meta property=\"article:published_time\" content=\"2017-08-23T06:47:39+00:00\" \/>\n<meta name=\"author\" content=\"admin\" \/>\n<meta name=\"twitter:card\" content=\"summary_large_image\" \/>\n<meta name=\"twitter:label1\" content=\"Escrito por\" \/>\n\t<meta name=\"twitter:data1\" content=\"admin\" \/>\n\t<meta name=\"twitter:label2\" content=\"Est. tempo de leitura\" \/>\n\t<meta name=\"twitter:data2\" content=\"4 minutos\" \/>\n<script type=\"application\/ld+json\" class=\"yoast-schema-graph\">{\"@context\":\"https:\/\/schema.org\",\"@graph\":[{\"@type\":\"Article\",\"@id\":\"https:\/\/www.travel3.com.br\/site\/sem-categoria\/treinamento-especial-em-curitiba-bwt-e-dzt-com-o-destino-alemanha\/#article\",\"isPartOf\":{\"@id\":\"https:\/\/www.travel3.com.br\/site\/sem-categoria\/treinamento-especial-em-curitiba-bwt-e-dzt-com-o-destino-alemanha\/\"},\"author\":{\"name\":\"admin\",\"@id\":\"https:\/\/www.travel3.com.br\/site\/#\/schema\/person\/a69d71e41a024999b6ab82369ac0bd1e\"},\"headline\":\"TREINAMENTO ESPECIAL EM CURITIBA, BWT E DZT COM O DESTINO ALEMANHA\",\"datePublished\":\"2017-08-23T06:47:39+00:00\",\"mainEntityOfPage\":{\"@id\":\"https:\/\/www.travel3.com.br\/site\/sem-categoria\/treinamento-especial-em-curitiba-bwt-e-dzt-com-o-destino-alemanha\/\"},\"wordCount\":854,\"commentCount\":0,\"publisher\":{\"@id\":\"https:\/\/www.travel3.com.br\/site\/#organization\"},\"inLanguage\":\"pt-BR\",\"potentialAction\":[{\"@type\":\"CommentAction\",\"name\":\"Comment\",\"target\":[\"https:\/\/www.travel3.com.br\/site\/sem-categoria\/treinamento-especial-em-curitiba-bwt-e-dzt-com-o-destino-alemanha\/#respond\"]}]},{\"@type\":\"WebPage\",\"@id\":\"https:\/\/www.travel3.com.br\/site\/sem-categoria\/treinamento-especial-em-curitiba-bwt-e-dzt-com-o-destino-alemanha\/\",\"url\":\"https:\/\/www.travel3.com.br\/site\/sem-categoria\/treinamento-especial-em-curitiba-bwt-e-dzt-com-o-destino-alemanha\/\",\"name\":\"TREINAMENTO ESPECIAL EM CURITIBA, BWT E DZT COM O DESTINO ALEMANHA - Travel3\",\"isPartOf\":{\"@id\":\"https:\/\/www.travel3.com.br\/site\/#website\"},\"datePublished\":\"2017-08-23T06:47:39+00:00\",\"description\":\"A TRAVEL3 \u00e9 um portal de conte\u00fado voltado para o turismo, encontre destinos, viagens, hospedagem, passagens, guias, not\u00edcias sobre o mercado do turismo, dicas de viagem, v\u00eddeos e podcast.\",\"breadcrumb\":{\"@id\":\"https:\/\/www.travel3.com.br\/site\/sem-categoria\/treinamento-especial-em-curitiba-bwt-e-dzt-com-o-destino-alemanha\/#breadcrumb\"},\"inLanguage\":\"pt-BR\",\"potentialAction\":[{\"@type\":\"ReadAction\",\"target\":[\"https:\/\/www.travel3.com.br\/site\/sem-categoria\/treinamento-especial-em-curitiba-bwt-e-dzt-com-o-destino-alemanha\/\"]}]},{\"@type\":\"BreadcrumbList\",\"@id\":\"https:\/\/www.travel3.com.br\/site\/sem-categoria\/treinamento-especial-em-curitiba-bwt-e-dzt-com-o-destino-alemanha\/#breadcrumb\",\"itemListElement\":[{\"@type\":\"ListItem\",\"position\":1,\"name\":\"In\u00edcio\",\"item\":\"https:\/\/www.travel3.com.br\/site\/\"},{\"@type\":\"ListItem\",\"position\":2,\"name\":\"TREINAMENTO ESPECIAL EM CURITIBA, BWT E DZT COM O DESTINO ALEMANHA\"}]},{\"@type\":\"WebSite\",\"@id\":\"https:\/\/www.travel3.com.br\/site\/#website\",\"url\":\"https:\/\/www.travel3.com.br\/site\/\",\"name\":\"Travel3\",\"description\":\"Lazer + Neg&oacute;cios + Aventura\",\"publisher\":{\"@id\":\"https:\/\/www.travel3.com.br\/site\/#organization\"},\"potentialAction\":[{\"@type\":\"SearchAction\",\"target\":{\"@type\":\"EntryPoint\",\"urlTemplate\":\"https:\/\/www.travel3.com.br\/site\/?s={search_term_string}\"},\"query-input\":{\"@type\":\"PropertyValueSpecification\",\"valueRequired\":true,\"valueName\":\"search_term_string\"}}],\"inLanguage\":\"pt-BR\"},{\"@type\":\"Organization\",\"@id\":\"https:\/\/www.travel3.com.br\/site\/#organization\",\"name\":\"Travel3\",\"url\":\"https:\/\/www.travel3.com.br\/site\/\",\"logo\":{\"@type\":\"ImageObject\",\"inLanguage\":\"pt-BR\",\"@id\":\"https:\/\/www.travel3.com.br\/site\/#\/schema\/logo\/image\/\",\"url\":\"https:\/\/www.travel3.com.br\/site\/wp-content\/uploads\/2020\/01\/logo-travel3-2020.png\",\"contentUrl\":\"https:\/\/www.travel3.com.br\/site\/wp-content\/uploads\/2020\/01\/logo-travel3-2020.png\",\"width\":232,\"height\":79,\"caption\":\"Travel3\"},\"image\":{\"@id\":\"https:\/\/www.travel3.com.br\/site\/#\/schema\/logo\/image\/\"},\"sameAs\":[\"https:\/\/www.facebook.com\/travel3media\/\",\"https:\/\/www.instagram.com\/revistatravel3\/\",\"https:\/\/www.youtube.com\/channel\/UCno7J4paGBR3VbZQzvoJ9Eg\"]},{\"@type\":\"Person\",\"@id\":\"https:\/\/www.travel3.com.br\/site\/#\/schema\/person\/a69d71e41a024999b6ab82369ac0bd1e\",\"name\":\"admin\",\"image\":{\"@type\":\"ImageObject\",\"inLanguage\":\"pt-BR\",\"@id\":\"https:\/\/www.travel3.com.br\/site\/#\/schema\/person\/image\/\",\"url\":\"https:\/\/secure.gravatar.com\/avatar\/732a67adfd764da2a47ba10ce731c4c0?s=96&d=mm&r=g\",\"contentUrl\":\"https:\/\/secure.gravatar.com\/avatar\/732a67adfd764da2a47ba10ce731c4c0?s=96&d=mm&r=g\",\"caption\":\"admin\"},\"url\":\"https:\/\/www.travel3.com.br\/site\/author\/admin\/\"}]}<\/script>\n<!-- \/ Yoast SEO plugin. -->","yoast_head_json":{"title":"TREINAMENTO ESPECIAL EM CURITIBA, BWT E DZT COM O DESTINO ALEMANHA - Travel3","description":"A TRAVEL3 \u00e9 um portal de conte\u00fado voltado para o turismo, encontre destinos, viagens, hospedagem, passagens, guias, not\u00edcias sobre o mercado do turismo, dicas de viagem, v\u00eddeos e podcast.","robots":{"index":"index","follow":"follow","max-snippet":"max-snippet:-1","max-image-preview":"max-image-preview:large","max-video-preview":"max-video-preview:-1"},"canonical":"https:\/\/www.travel3.com.br\/site\/sem-categoria\/treinamento-especial-em-curitiba-bwt-e-dzt-com-o-destino-alemanha\/","og_locale":"pt_BR","og_type":"article","og_title":"TREINAMENTO ESPECIAL EM CURITIBA, BWT E DZT COM O DESTINO ALEMANHA - Travel3","og_description":"A TRAVEL3 \u00e9 um portal de conte\u00fado voltado para o turismo, encontre destinos, viagens, hospedagem, passagens, guias, not\u00edcias sobre o mercado do turismo, dicas de viagem, v\u00eddeos e podcast.","og_url":"https:\/\/www.travel3.com.br\/site\/sem-categoria\/treinamento-especial-em-curitiba-bwt-e-dzt-com-o-destino-alemanha\/","og_site_name":"Travel3","article_publisher":"https:\/\/www.facebook.com\/travel3media\/","article_published_time":"2017-08-23T06:47:39+00:00","author":"admin","twitter_card":"summary_large_image","twitter_misc":{"Escrito por":"admin","Est. tempo de leitura":"4 minutos"},"schema":{"@context":"https:\/\/schema.org","@graph":[{"@type":"Article","@id":"https:\/\/www.travel3.com.br\/site\/sem-categoria\/treinamento-especial-em-curitiba-bwt-e-dzt-com-o-destino-alemanha\/#article","isPartOf":{"@id":"https:\/\/www.travel3.com.br\/site\/sem-categoria\/treinamento-especial-em-curitiba-bwt-e-dzt-com-o-destino-alemanha\/"},"author":{"name":"admin","@id":"https:\/\/www.travel3.com.br\/site\/#\/schema\/person\/a69d71e41a024999b6ab82369ac0bd1e"},"headline":"TREINAMENTO ESPECIAL EM CURITIBA, BWT E DZT COM O DESTINO ALEMANHA","datePublished":"2017-08-23T06:47:39+00:00","mainEntityOfPage":{"@id":"https:\/\/www.travel3.com.br\/site\/sem-categoria\/treinamento-especial-em-curitiba-bwt-e-dzt-com-o-destino-alemanha\/"},"wordCount":854,"commentCount":0,"publisher":{"@id":"https:\/\/www.travel3.com.br\/site\/#organization"},"inLanguage":"pt-BR","potentialAction":[{"@type":"CommentAction","name":"Comment","target":["https:\/\/www.travel3.com.br\/site\/sem-categoria\/treinamento-especial-em-curitiba-bwt-e-dzt-com-o-destino-alemanha\/#respond"]}]},{"@type":"WebPage","@id":"https:\/\/www.travel3.com.br\/site\/sem-categoria\/treinamento-especial-em-curitiba-bwt-e-dzt-com-o-destino-alemanha\/","url":"https:\/\/www.travel3.com.br\/site\/sem-categoria\/treinamento-especial-em-curitiba-bwt-e-dzt-com-o-destino-alemanha\/","name":"TREINAMENTO ESPECIAL EM CURITIBA, BWT E DZT COM O DESTINO ALEMANHA - Travel3","isPartOf":{"@id":"https:\/\/www.travel3.com.br\/site\/#website"},"datePublished":"2017-08-23T06:47:39+00:00","description":"A TRAVEL3 \u00e9 um portal de conte\u00fado voltado para o turismo, encontre destinos, viagens, hospedagem, passagens, guias, not\u00edcias sobre o mercado do turismo, dicas de viagem, v\u00eddeos e podcast.","breadcrumb":{"@id":"https:\/\/www.travel3.com.br\/site\/sem-categoria\/treinamento-especial-em-curitiba-bwt-e-dzt-com-o-destino-alemanha\/#breadcrumb"},"inLanguage":"pt-BR","potentialAction":[{"@type":"ReadAction","target":["https:\/\/www.travel3.com.br\/site\/sem-categoria\/treinamento-especial-em-curitiba-bwt-e-dzt-com-o-destino-alemanha\/"]}]},{"@type":"BreadcrumbList","@id":"https:\/\/www.travel3.com.br\/site\/sem-categoria\/treinamento-especial-em-curitiba-bwt-e-dzt-com-o-destino-alemanha\/#breadcrumb","itemListElement":[{"@type":"ListItem","position":1,"name":"In\u00edcio","item":"https:\/\/www.travel3.com.br\/site\/"},{"@type":"ListItem","position":2,"name":"TREINAMENTO ESPECIAL EM CURITIBA, BWT E DZT COM O DESTINO ALEMANHA"}]},{"@type":"WebSite","@id":"https:\/\/www.travel3.com.br\/site\/#website","url":"https:\/\/www.travel3.com.br\/site\/","name":"Travel3","description":"Lazer + Neg&oacute;cios + Aventura","publisher":{"@id":"https:\/\/www.travel3.com.br\/site\/#organization"},"potentialAction":[{"@type":"SearchAction","target":{"@type":"EntryPoint","urlTemplate":"https:\/\/www.travel3.com.br\/site\/?s={search_term_string}"},"query-input":{"@type":"PropertyValueSpecification","valueRequired":true,"valueName":"search_term_string"}}],"inLanguage":"pt-BR"},{"@type":"Organization","@id":"https:\/\/www.travel3.com.br\/site\/#organization","name":"Travel3","url":"https:\/\/www.travel3.com.br\/site\/","logo":{"@type":"ImageObject","inLanguage":"pt-BR","@id":"https:\/\/www.travel3.com.br\/site\/#\/schema\/logo\/image\/","url":"https:\/\/www.travel3.com.br\/site\/wp-content\/uploads\/2020\/01\/logo-travel3-2020.png","contentUrl":"https:\/\/www.travel3.com.br\/site\/wp-content\/uploads\/2020\/01\/logo-travel3-2020.png","width":232,"height":79,"caption":"Travel3"},"image":{"@id":"https:\/\/www.travel3.com.br\/site\/#\/schema\/logo\/image\/"},"sameAs":["https:\/\/www.facebook.com\/travel3media\/","https:\/\/www.instagram.com\/revistatravel3\/","https:\/\/www.youtube.com\/channel\/UCno7J4paGBR3VbZQzvoJ9Eg"]},{"@type":"Person","@id":"https:\/\/www.travel3.com.br\/site\/#\/schema\/person\/a69d71e41a024999b6ab82369ac0bd1e","name":"admin","image":{"@type":"ImageObject","inLanguage":"pt-BR","@id":"https:\/\/www.travel3.com.br\/site\/#\/schema\/person\/image\/","url":"https:\/\/secure.gravatar.com\/avatar\/732a67adfd764da2a47ba10ce731c4c0?s=96&d=mm&r=g","contentUrl":"https:\/\/secure.gravatar.com\/avatar\/732a67adfd764da2a47ba10ce731c4c0?s=96&d=mm&r=g","caption":"admin"},"url":"https:\/\/www.travel3.com.br\/site\/author\/admin\/"}]}},"_links":{"self":[{"href":"https:\/\/www.travel3.com.br\/site\/wp-json\/wp\/v2\/posts\/4652","targetHints":{"allow":["GET"]}}],"collection":[{"href":"https:\/\/www.travel3.com.br\/site\/wp-json\/wp\/v2\/posts"}],"about":[{"href":"https:\/\/www.travel3.com.br\/site\/wp-json\/wp\/v2\/types\/post"}],"author":[{"embeddable":true,"href":"https:\/\/www.travel3.com.br\/site\/wp-json\/wp\/v2\/users\/1"}],"replies":[{"embeddable":true,"href":"https:\/\/www.travel3.com.br\/site\/wp-json\/wp\/v2\/comments?post=4652"}],"version-history":[{"count":0,"href":"https:\/\/www.travel3.com.br\/site\/wp-json\/wp\/v2\/posts\/4652\/revisions"}],"wp:attachment":[{"href":"https:\/\/www.travel3.com.br\/site\/wp-json\/wp\/v2\/media?parent=4652"}],"wp:term":[{"taxonomy":"category","embeddable":true,"href":"https:\/\/www.travel3.com.br\/site\/wp-json\/wp\/v2\/categories?post=4652"},{"taxonomy":"post_tag","embeddable":true,"href":"https:\/\/www.travel3.com.br\/site\/wp-json\/wp\/v2\/tags?post=4652"}],"curies":[{"name":"wp","href":"https:\/\/api.w.org\/{rel}","templated":true}]}}