{"id":4641,"date":"2017-05-23T00:25:14","date_gmt":"2017-05-23T00:25:14","guid":{"rendered":"http:\/\/www.travel3.com.br\/site\/ir-e-vir\/ar\/estancias-podem-ter-alteracoes-no-projeto-em-regulmentacao\/"},"modified":"2017-05-23T00:25:14","modified_gmt":"2017-05-23T00:25:14","slug":"estancias-podem-ter-alteracoes-no-projeto-em-regulmentacao","status":"publish","type":"post","link":"https:\/\/www.travel3.com.br\/site\/sem-categoria\/estancias-podem-ter-alteracoes-no-projeto-em-regulmentacao\/","title":{"rendered":"EST\u00c2NCIAS  PODEM TER ALTERA\u00c7\u00d5ES NO PROJETO EM REGULMENTA\u00c7\u00c3O"},"content":{"rendered":"<p><span style=\"color: #40acad; font-family: -apple-system, system-ui, 'Segoe UI', Roboto, Oxygen-Sans, Ubuntu, Cantarell, 'Helvetica Neue', sans-serif; font-size: 12px; font-weight: bold;\"><\/p>\n<p style=\"text-align:justify\">Caso o Projeto de Lei da C\u00e2mara\u00a0(PLC) 147\/2015\u00a0 venha a ser aprovado como est\u00e1 em sua apresenta\u00e7\u00e3o, \u00a0v\u00e1rios munic\u00edpios ficar\u00e3o de fora dos destinos tur\u00edsticos do pa\u00eds, \u00a0de acordo com a an\u00e1lise dos participantes da audi\u00eancia p\u00fablica na Comiss\u00e3o de Desenvolvimento Regional e Turismo (CDR). O debate teve como tema\u00a0a classifica\u00e7\u00e3o das est\u00e2ncias tur\u00edsticas para instruir o relat\u00f3rio sobre o projeto, que tramita na comiss\u00e3o.<\/p>\n<p style=\"text-align:justify\">O autor do requerimento e presidente da CDR, senador Davi Alcolumbre (DEM-AP), \u00e9 relator do texto que define requisitos para que uma cidade receba a conceitua\u00e7\u00e3o de est\u00e2ncia. Pela proposta, cinco tipos de est\u00e2ncias tur\u00edsticas constituir\u00e3o este segmento: hidrominerais, clim\u00e1ticas, tur\u00edsticas, balne\u00e1rias e tur\u00edsticas religiosas.<\/p>\n<p style=\"text-align:justify\">Para alguns parlamentares, o projeto de lei n\u00e3o est\u00e1 alinhado com a Pol\u00edtica e o Plano Nacional de Turismo do Minist\u00e9rio do Turismo, que j\u00e1 fez uma classifica\u00e7\u00e3o dos munic\u00edpios e criou em 2013 um mapa geral do turismo brasileiro.<\/p>\n<p style=\"text-align:justify\"><a class=\"fancybox-media\" href=\"..\/_uploads\/_noticia\/2016-08\/senadocomissaoturismoestancias--2-.jpg\" rel=\"portfolio\"><img decoding=\"async\" alt=\"\" src=\"..\/_uploads\/_noticia\/2016-08\/senadocomissaoturismoestancias--2-.jpg\" \/><\/a><\/p>\n<p style=\"text-align:justify\"><strong>O PL poder\u00e1 ter modifica\u00e7\u00f5es com substitutivos e da\u00ed retornar\u00e1 \u00e0 C\u00e2mara (<\/strong><em>foto Edenilson Rodrigues\/Agencia Senado<\/em>)<\/p>\n<p style=\"text-align:justify\">O diretor de ordenamento tur\u00edstico do Minist\u00e9rio do Turismo, Rog\u00e9rio Coser, afirmou que o projeto de lei em discuss\u00e3o mexe com a forma regionalizada e descentralizada com que o minist\u00e9rio vem trabalhando. Coser disse que todo munic\u00edpio pode participar do mapa do turismo, caso atenda a crit\u00e9rios que foram amplamente discutidos com f\u00f3runs regionais de turismo.<\/p>\n<p style=\"text-align:justify\">De acordo com o mapa atualizado neste ano, \u00a0o n\u00famero de munic\u00edpios que fazem parte do mapa caiu de 3.345, em 2013, para 2.175.<\/p>\n<p style=\"text-align:justify\">O \u00a0PLC 147\/2015 privilegia determinados nichos e segmentos tur\u00edsticos em detrimento de outros, segundo a aprecia\u00e7\u00e3o, \u00a0pois n\u00e3o trata do turismo rural, ecoturismo e turismo de aventura, por exemplo. Coser elencou ainda outros problemas do projeto como a falta de alinhamento com a Pol\u00edtica Nacional de Turismo; a n\u00e3o defini\u00e7\u00e3o dos benef\u00edcios de classifica\u00e7\u00e3o dos munic\u00edpios em est\u00e2ncias; \u00a0e a n\u00e3o defini\u00e7\u00e3o dos respons\u00e1veis pelo reconhecimento das est\u00e2ncias, entre outros.<\/p>\n<p style=\"text-align:justify\"><a class=\"fancybox-media\" href=\"..\/_uploads\/_noticia\/2016-08\/lencoismaranhensesaguaeareia.jpg\" rel=\"portfolio\"><img decoding=\"async\" alt=\"\" src=\"..\/_uploads\/_noticia\/2016-08\/lencoismaranhensesaguaeareia.jpg\" \/><\/a><\/p>\n<p style=\"text-align:justify\"><strong>Len\u00e7ois Maranhenses, um dos amea\u00e7ados no formato atual do projeto<\/strong><\/p>\n<p style=\"text-align:justify\">\u201cA classifica\u00e7\u00e3o em est\u00e2ncias balne\u00e1rias, por exemplo, deixaria de fora estados e cidades que contam com praias de \u00e1gua doce. Para chamar a aten\u00e7\u00e3o, ficariam de fora Alter do Ch\u00e3o, no Par\u00e1; Len\u00e7\u00f3is Maranhenses, no Maranh\u00e3o; Praia de Ponta Negra e Iranduba, no Amazonas; Ilha do Maraj\u00f3, Palmas, Jalap\u00e3o, etc&#8230;. Um monte de munic\u00edpios j\u00e1 consagrados e destinos tur\u00edsticos ficariam fora, caso ele seja aprovado da forma que est\u00e1\u201d, exemplificou.<\/p>\n<p style=\"text-align:justify\"><strong>AUS\u00caNCIA DE INVESTIMENTOS<\/strong><\/p>\n<p style=\"text-align:justify\">De acordo com o consultor da Confedera\u00e7\u00e3o Nacional dos Munic\u00edpios (CNM), M\u00e1rio Ribas do Nascimento, ao longo dos \u00faltimos anos, o Brasil foi diminuindo o or\u00e7amento destinado ao turismo. Segundo ele, embora \u00a0com aumento de recursos para o setor de 2015 (R$ 9 milh\u00f5es) para 2016 (R$ 15 milh\u00f5es), a verba or\u00e7ament\u00e1ria para a \u00e1rea j\u00e1 chegou a ser de R$ 104 milh\u00f5es em 2011.<\/p>\n<p style=\"text-align:justify\">\u201cOs munic\u00edpios de todo o Brasil clamam por mais investimentos no setor. Eles entendem como setor estrat\u00e9gico e fundamental para a economia e desenvolvimento do pa\u00eds. Os pa\u00edses mais desenvolvidos do mundo, na Europa, nos Estados Unidos, na \u00c1sia, t\u00eam no turismo a primeira, a segunda ou a terceira atividade econ\u00f4mica principal. \u00c9 inje\u00e7\u00e3o na veia quando se investe em turismo\u201d, \u00a0comparou.<\/p>\n<p style=\"text-align:justify\">Nascimento afirmou ainda que o pa\u00eds perdeu uma grande oportunidade de investir em turismo em eventos como a Copa do Mundo e as Olimp\u00edadas. Para ele, esses dois eventos demandariam obrigatoriamente maiores investimentos no turismo, tendo acontecido o inverso. &#8220;H\u00e1 um equ\u00edvoco nessa pol\u00edtica. N\u00f3s precisamos mudar esse foco&#8221;, disse.<\/p>\n<p style=\"text-align:justify\">A presidente da Amazonastur, Oreni Camp\u00ealo Braga da Silva, que representou os secret\u00e1rios estaduais de turismo, disse que as Am\u00e9ricas v\u00eam dando um grande salto de crescimento no turismo, mas lamentou que, enquanto\u00a0o M\u00e9xico investiu R$ 140 milh\u00f5es e a Argentina, R$ 70 milh\u00f5es,\u00a0o Brasil investiu pouco mais de R$ 15 milh\u00f5es neste ano.<\/p>\n<p style=\"text-align:justify\">\u201cN\u00f3s precisamos repensar o que n\u00f3s queremos para o turismo brasileiro\u201d completou.<\/p>\n<p style=\"text-align:justify\">Oreni lembrou ainda quest\u00f5es que dificultam a entrada de turistas no Brasil, como o alto custo da passagem a\u00e9rea e a falta de promo\u00e7\u00e3o em importantes segmentos, como o ecoturismo, o turismo cultural e o turismo religioso. Quase 50% dos turistas v\u00eam ao pa\u00eds a procura de praia e sol, tamb\u00e9m pelo desconhecimento de tudo que possu\u00edmos em atrativos.<\/p>\n<p>\u00a0<\/p>\n<p>\u00a0<\/p>\n<p><\/span><\/p>\n","protected":false},"excerpt":{"rendered":"<p>Caso Projeto de Lei em tramita\u00e7\u00e3o venha a ser aprovado, muitos munic\u00edpios ficar\u00e3o de fora; assunto  em pauta na Comiss\u00e3o de Turismo do Senado<\/p>\n","protected":false},"author":1,"featured_media":0,"comment_status":"open","ping_status":"open","sticky":false,"template":"","format":"standard","meta":{"footnotes":""},"categories":[],"tags":[],"class_list":["post-4641","post","type-post","status-publish","format-standard","hentry"],"yoast_head":"<!-- This site is optimized with the Yoast SEO plugin v26.2 - https:\/\/yoast.com\/wordpress\/plugins\/seo\/ -->\n<title>EST\u00c2NCIAS PODEM TER ALTERA\u00c7\u00d5ES NO PROJETO EM REGULMENTA\u00c7\u00c3O - Travel3<\/title>\n<meta name=\"description\" content=\"A TRAVEL3 \u00e9 um portal de conte\u00fado voltado para o turismo, encontre destinos, viagens, hospedagem, passagens, guias, not\u00edcias sobre o mercado do turismo, dicas de viagem, v\u00eddeos e podcast.\" \/>\n<meta name=\"robots\" content=\"index, follow, max-snippet:-1, max-image-preview:large, max-video-preview:-1\" \/>\n<link rel=\"canonical\" href=\"https:\/\/www.travel3.com.br\/site\/sem-categoria\/estancias-podem-ter-alteracoes-no-projeto-em-regulmentacao\/\" \/>\n<meta property=\"og:locale\" content=\"pt_BR\" \/>\n<meta property=\"og:type\" content=\"article\" \/>\n<meta property=\"og:title\" content=\"EST\u00c2NCIAS PODEM TER ALTERA\u00c7\u00d5ES NO PROJETO EM REGULMENTA\u00c7\u00c3O - Travel3\" \/>\n<meta property=\"og:description\" content=\"A TRAVEL3 \u00e9 um portal de conte\u00fado voltado para o turismo, encontre destinos, viagens, hospedagem, passagens, guias, not\u00edcias sobre o mercado do turismo, dicas de viagem, v\u00eddeos e podcast.\" \/>\n<meta property=\"og:url\" content=\"https:\/\/www.travel3.com.br\/site\/sem-categoria\/estancias-podem-ter-alteracoes-no-projeto-em-regulmentacao\/\" \/>\n<meta property=\"og:site_name\" content=\"Travel3\" \/>\n<meta property=\"article:publisher\" content=\"https:\/\/www.facebook.com\/travel3media\/\" \/>\n<meta property=\"article:published_time\" content=\"2017-05-23T00:25:14+00:00\" \/>\n<meta name=\"author\" content=\"admin\" \/>\n<meta name=\"twitter:card\" content=\"summary_large_image\" \/>\n<meta name=\"twitter:label1\" content=\"Escrito por\" \/>\n\t<meta name=\"twitter:data1\" content=\"admin\" \/>\n\t<meta name=\"twitter:label2\" content=\"Est. tempo de leitura\" \/>\n\t<meta name=\"twitter:data2\" content=\"4 minutos\" \/>\n<script type=\"application\/ld+json\" class=\"yoast-schema-graph\">{\"@context\":\"https:\/\/schema.org\",\"@graph\":[{\"@type\":\"Article\",\"@id\":\"https:\/\/www.travel3.com.br\/site\/sem-categoria\/estancias-podem-ter-alteracoes-no-projeto-em-regulmentacao\/#article\",\"isPartOf\":{\"@id\":\"https:\/\/www.travel3.com.br\/site\/sem-categoria\/estancias-podem-ter-alteracoes-no-projeto-em-regulmentacao\/\"},\"author\":{\"name\":\"admin\",\"@id\":\"https:\/\/www.travel3.com.br\/site\/#\/schema\/person\/a69d71e41a024999b6ab82369ac0bd1e\"},\"headline\":\"EST\u00c2NCIAS PODEM TER ALTERA\u00c7\u00d5ES NO PROJETO EM REGULMENTA\u00c7\u00c3O\",\"datePublished\":\"2017-05-23T00:25:14+00:00\",\"mainEntityOfPage\":{\"@id\":\"https:\/\/www.travel3.com.br\/site\/sem-categoria\/estancias-podem-ter-alteracoes-no-projeto-em-regulmentacao\/\"},\"wordCount\":805,\"commentCount\":0,\"publisher\":{\"@id\":\"https:\/\/www.travel3.com.br\/site\/#organization\"},\"inLanguage\":\"pt-BR\",\"potentialAction\":[{\"@type\":\"CommentAction\",\"name\":\"Comment\",\"target\":[\"https:\/\/www.travel3.com.br\/site\/sem-categoria\/estancias-podem-ter-alteracoes-no-projeto-em-regulmentacao\/#respond\"]}]},{\"@type\":\"WebPage\",\"@id\":\"https:\/\/www.travel3.com.br\/site\/sem-categoria\/estancias-podem-ter-alteracoes-no-projeto-em-regulmentacao\/\",\"url\":\"https:\/\/www.travel3.com.br\/site\/sem-categoria\/estancias-podem-ter-alteracoes-no-projeto-em-regulmentacao\/\",\"name\":\"EST\u00c2NCIAS PODEM TER ALTERA\u00c7\u00d5ES NO PROJETO EM REGULMENTA\u00c7\u00c3O - Travel3\",\"isPartOf\":{\"@id\":\"https:\/\/www.travel3.com.br\/site\/#website\"},\"datePublished\":\"2017-05-23T00:25:14+00:00\",\"description\":\"A TRAVEL3 \u00e9 um portal de conte\u00fado voltado para o turismo, encontre destinos, viagens, hospedagem, passagens, guias, not\u00edcias sobre o mercado do turismo, dicas de viagem, v\u00eddeos e podcast.\",\"breadcrumb\":{\"@id\":\"https:\/\/www.travel3.com.br\/site\/sem-categoria\/estancias-podem-ter-alteracoes-no-projeto-em-regulmentacao\/#breadcrumb\"},\"inLanguage\":\"pt-BR\",\"potentialAction\":[{\"@type\":\"ReadAction\",\"target\":[\"https:\/\/www.travel3.com.br\/site\/sem-categoria\/estancias-podem-ter-alteracoes-no-projeto-em-regulmentacao\/\"]}]},{\"@type\":\"BreadcrumbList\",\"@id\":\"https:\/\/www.travel3.com.br\/site\/sem-categoria\/estancias-podem-ter-alteracoes-no-projeto-em-regulmentacao\/#breadcrumb\",\"itemListElement\":[{\"@type\":\"ListItem\",\"position\":1,\"name\":\"In\u00edcio\",\"item\":\"https:\/\/www.travel3.com.br\/site\/\"},{\"@type\":\"ListItem\",\"position\":2,\"name\":\"EST\u00c2NCIAS PODEM TER ALTERA\u00c7\u00d5ES NO PROJETO EM REGULMENTA\u00c7\u00c3O\"}]},{\"@type\":\"WebSite\",\"@id\":\"https:\/\/www.travel3.com.br\/site\/#website\",\"url\":\"https:\/\/www.travel3.com.br\/site\/\",\"name\":\"Travel3\",\"description\":\"Lazer + Neg&oacute;cios + Aventura\",\"publisher\":{\"@id\":\"https:\/\/www.travel3.com.br\/site\/#organization\"},\"potentialAction\":[{\"@type\":\"SearchAction\",\"target\":{\"@type\":\"EntryPoint\",\"urlTemplate\":\"https:\/\/www.travel3.com.br\/site\/?s={search_term_string}\"},\"query-input\":{\"@type\":\"PropertyValueSpecification\",\"valueRequired\":true,\"valueName\":\"search_term_string\"}}],\"inLanguage\":\"pt-BR\"},{\"@type\":\"Organization\",\"@id\":\"https:\/\/www.travel3.com.br\/site\/#organization\",\"name\":\"Travel3\",\"url\":\"https:\/\/www.travel3.com.br\/site\/\",\"logo\":{\"@type\":\"ImageObject\",\"inLanguage\":\"pt-BR\",\"@id\":\"https:\/\/www.travel3.com.br\/site\/#\/schema\/logo\/image\/\",\"url\":\"https:\/\/www.travel3.com.br\/site\/wp-content\/uploads\/2020\/01\/logo-travel3-2020.png\",\"contentUrl\":\"https:\/\/www.travel3.com.br\/site\/wp-content\/uploads\/2020\/01\/logo-travel3-2020.png\",\"width\":232,\"height\":79,\"caption\":\"Travel3\"},\"image\":{\"@id\":\"https:\/\/www.travel3.com.br\/site\/#\/schema\/logo\/image\/\"},\"sameAs\":[\"https:\/\/www.facebook.com\/travel3media\/\",\"https:\/\/www.instagram.com\/revistatravel3\/\",\"https:\/\/www.youtube.com\/channel\/UCno7J4paGBR3VbZQzvoJ9Eg\"]},{\"@type\":\"Person\",\"@id\":\"https:\/\/www.travel3.com.br\/site\/#\/schema\/person\/a69d71e41a024999b6ab82369ac0bd1e\",\"name\":\"admin\",\"image\":{\"@type\":\"ImageObject\",\"inLanguage\":\"pt-BR\",\"@id\":\"https:\/\/www.travel3.com.br\/site\/#\/schema\/person\/image\/\",\"url\":\"https:\/\/secure.gravatar.com\/avatar\/732a67adfd764da2a47ba10ce731c4c0?s=96&d=mm&r=g\",\"contentUrl\":\"https:\/\/secure.gravatar.com\/avatar\/732a67adfd764da2a47ba10ce731c4c0?s=96&d=mm&r=g\",\"caption\":\"admin\"},\"url\":\"https:\/\/www.travel3.com.br\/site\/author\/admin\/\"}]}<\/script>\n<!-- \/ Yoast SEO plugin. -->","yoast_head_json":{"title":"EST\u00c2NCIAS PODEM TER ALTERA\u00c7\u00d5ES NO PROJETO EM REGULMENTA\u00c7\u00c3O - Travel3","description":"A TRAVEL3 \u00e9 um portal de conte\u00fado voltado para o turismo, encontre destinos, viagens, hospedagem, passagens, guias, not\u00edcias sobre o mercado do turismo, dicas de viagem, v\u00eddeos e podcast.","robots":{"index":"index","follow":"follow","max-snippet":"max-snippet:-1","max-image-preview":"max-image-preview:large","max-video-preview":"max-video-preview:-1"},"canonical":"https:\/\/www.travel3.com.br\/site\/sem-categoria\/estancias-podem-ter-alteracoes-no-projeto-em-regulmentacao\/","og_locale":"pt_BR","og_type":"article","og_title":"EST\u00c2NCIAS PODEM TER ALTERA\u00c7\u00d5ES NO PROJETO EM REGULMENTA\u00c7\u00c3O - Travel3","og_description":"A TRAVEL3 \u00e9 um portal de conte\u00fado voltado para o turismo, encontre destinos, viagens, hospedagem, passagens, guias, not\u00edcias sobre o mercado do turismo, dicas de viagem, v\u00eddeos e podcast.","og_url":"https:\/\/www.travel3.com.br\/site\/sem-categoria\/estancias-podem-ter-alteracoes-no-projeto-em-regulmentacao\/","og_site_name":"Travel3","article_publisher":"https:\/\/www.facebook.com\/travel3media\/","article_published_time":"2017-05-23T00:25:14+00:00","author":"admin","twitter_card":"summary_large_image","twitter_misc":{"Escrito por":"admin","Est. tempo de leitura":"4 minutos"},"schema":{"@context":"https:\/\/schema.org","@graph":[{"@type":"Article","@id":"https:\/\/www.travel3.com.br\/site\/sem-categoria\/estancias-podem-ter-alteracoes-no-projeto-em-regulmentacao\/#article","isPartOf":{"@id":"https:\/\/www.travel3.com.br\/site\/sem-categoria\/estancias-podem-ter-alteracoes-no-projeto-em-regulmentacao\/"},"author":{"name":"admin","@id":"https:\/\/www.travel3.com.br\/site\/#\/schema\/person\/a69d71e41a024999b6ab82369ac0bd1e"},"headline":"EST\u00c2NCIAS PODEM TER ALTERA\u00c7\u00d5ES NO PROJETO EM REGULMENTA\u00c7\u00c3O","datePublished":"2017-05-23T00:25:14+00:00","mainEntityOfPage":{"@id":"https:\/\/www.travel3.com.br\/site\/sem-categoria\/estancias-podem-ter-alteracoes-no-projeto-em-regulmentacao\/"},"wordCount":805,"commentCount":0,"publisher":{"@id":"https:\/\/www.travel3.com.br\/site\/#organization"},"inLanguage":"pt-BR","potentialAction":[{"@type":"CommentAction","name":"Comment","target":["https:\/\/www.travel3.com.br\/site\/sem-categoria\/estancias-podem-ter-alteracoes-no-projeto-em-regulmentacao\/#respond"]}]},{"@type":"WebPage","@id":"https:\/\/www.travel3.com.br\/site\/sem-categoria\/estancias-podem-ter-alteracoes-no-projeto-em-regulmentacao\/","url":"https:\/\/www.travel3.com.br\/site\/sem-categoria\/estancias-podem-ter-alteracoes-no-projeto-em-regulmentacao\/","name":"EST\u00c2NCIAS PODEM TER ALTERA\u00c7\u00d5ES NO PROJETO EM REGULMENTA\u00c7\u00c3O - Travel3","isPartOf":{"@id":"https:\/\/www.travel3.com.br\/site\/#website"},"datePublished":"2017-05-23T00:25:14+00:00","description":"A TRAVEL3 \u00e9 um portal de conte\u00fado voltado para o turismo, encontre destinos, viagens, hospedagem, passagens, guias, not\u00edcias sobre o mercado do turismo, dicas de viagem, v\u00eddeos e podcast.","breadcrumb":{"@id":"https:\/\/www.travel3.com.br\/site\/sem-categoria\/estancias-podem-ter-alteracoes-no-projeto-em-regulmentacao\/#breadcrumb"},"inLanguage":"pt-BR","potentialAction":[{"@type":"ReadAction","target":["https:\/\/www.travel3.com.br\/site\/sem-categoria\/estancias-podem-ter-alteracoes-no-projeto-em-regulmentacao\/"]}]},{"@type":"BreadcrumbList","@id":"https:\/\/www.travel3.com.br\/site\/sem-categoria\/estancias-podem-ter-alteracoes-no-projeto-em-regulmentacao\/#breadcrumb","itemListElement":[{"@type":"ListItem","position":1,"name":"In\u00edcio","item":"https:\/\/www.travel3.com.br\/site\/"},{"@type":"ListItem","position":2,"name":"EST\u00c2NCIAS PODEM TER ALTERA\u00c7\u00d5ES NO PROJETO EM REGULMENTA\u00c7\u00c3O"}]},{"@type":"WebSite","@id":"https:\/\/www.travel3.com.br\/site\/#website","url":"https:\/\/www.travel3.com.br\/site\/","name":"Travel3","description":"Lazer + Neg&oacute;cios + Aventura","publisher":{"@id":"https:\/\/www.travel3.com.br\/site\/#organization"},"potentialAction":[{"@type":"SearchAction","target":{"@type":"EntryPoint","urlTemplate":"https:\/\/www.travel3.com.br\/site\/?s={search_term_string}"},"query-input":{"@type":"PropertyValueSpecification","valueRequired":true,"valueName":"search_term_string"}}],"inLanguage":"pt-BR"},{"@type":"Organization","@id":"https:\/\/www.travel3.com.br\/site\/#organization","name":"Travel3","url":"https:\/\/www.travel3.com.br\/site\/","logo":{"@type":"ImageObject","inLanguage":"pt-BR","@id":"https:\/\/www.travel3.com.br\/site\/#\/schema\/logo\/image\/","url":"https:\/\/www.travel3.com.br\/site\/wp-content\/uploads\/2020\/01\/logo-travel3-2020.png","contentUrl":"https:\/\/www.travel3.com.br\/site\/wp-content\/uploads\/2020\/01\/logo-travel3-2020.png","width":232,"height":79,"caption":"Travel3"},"image":{"@id":"https:\/\/www.travel3.com.br\/site\/#\/schema\/logo\/image\/"},"sameAs":["https:\/\/www.facebook.com\/travel3media\/","https:\/\/www.instagram.com\/revistatravel3\/","https:\/\/www.youtube.com\/channel\/UCno7J4paGBR3VbZQzvoJ9Eg"]},{"@type":"Person","@id":"https:\/\/www.travel3.com.br\/site\/#\/schema\/person\/a69d71e41a024999b6ab82369ac0bd1e","name":"admin","image":{"@type":"ImageObject","inLanguage":"pt-BR","@id":"https:\/\/www.travel3.com.br\/site\/#\/schema\/person\/image\/","url":"https:\/\/secure.gravatar.com\/avatar\/732a67adfd764da2a47ba10ce731c4c0?s=96&d=mm&r=g","contentUrl":"https:\/\/secure.gravatar.com\/avatar\/732a67adfd764da2a47ba10ce731c4c0?s=96&d=mm&r=g","caption":"admin"},"url":"https:\/\/www.travel3.com.br\/site\/author\/admin\/"}]}},"_links":{"self":[{"href":"https:\/\/www.travel3.com.br\/site\/wp-json\/wp\/v2\/posts\/4641","targetHints":{"allow":["GET"]}}],"collection":[{"href":"https:\/\/www.travel3.com.br\/site\/wp-json\/wp\/v2\/posts"}],"about":[{"href":"https:\/\/www.travel3.com.br\/site\/wp-json\/wp\/v2\/types\/post"}],"author":[{"embeddable":true,"href":"https:\/\/www.travel3.com.br\/site\/wp-json\/wp\/v2\/users\/1"}],"replies":[{"embeddable":true,"href":"https:\/\/www.travel3.com.br\/site\/wp-json\/wp\/v2\/comments?post=4641"}],"version-history":[{"count":0,"href":"https:\/\/www.travel3.com.br\/site\/wp-json\/wp\/v2\/posts\/4641\/revisions"}],"wp:attachment":[{"href":"https:\/\/www.travel3.com.br\/site\/wp-json\/wp\/v2\/media?parent=4641"}],"wp:term":[{"taxonomy":"category","embeddable":true,"href":"https:\/\/www.travel3.com.br\/site\/wp-json\/wp\/v2\/categories?post=4641"},{"taxonomy":"post_tag","embeddable":true,"href":"https:\/\/www.travel3.com.br\/site\/wp-json\/wp\/v2\/tags?post=4641"}],"curies":[{"name":"wp","href":"https:\/\/api.w.org\/{rel}","templated":true}]}}