{"id":4599,"date":"2017-08-25T11:13:13","date_gmt":"2017-08-25T11:13:13","guid":{"rendered":"http:\/\/www.travel3.com.br\/site\/ir-e-vir\/ar\/em-seu-dia-final-avirrp-com-palestra-espacial-e-acao-promocional-potiguar\/"},"modified":"2017-08-25T11:13:13","modified_gmt":"2017-08-25T11:13:13","slug":"em-seu-dia-final-avirrp-com-palestra-espacial-e-acao-promocional-potiguar","status":"publish","type":"post","link":"https:\/\/www.travel3.com.br\/site\/sem-categoria\/em-seu-dia-final-avirrp-com-palestra-espacial-e-acao-promocional-potiguar\/","title":{"rendered":"EM SEU DIA FINAL,  AVIRRP COM  PALESTRA ESPACIAL E A\u00c7\u00c3O PROMOCIONAL POTIGUAR"},"content":{"rendered":"<p><span style=\"color: #40acad; font-family: -apple-system, system-ui, 'Segoe UI', Roboto, Oxygen-Sans, Ubuntu, Cantarell, 'Helvetica Neue', sans-serif; font-size: 12px; font-weight: bold;\"><\/p>\n<p style=\"text-align:justify\">RIBEIR\u00c3O PRETO \u2013 Em s\u00e1bado de sol radiante, com o clima de alto astral que tomou conta geral depois do emocionante e empolgante espet\u00e1culo de ontem na abertura dos Jogos Rio 2016, de reflexos imediatos em todos os setores, hoje (6), dia final da 20\u00aa. Avirrp, as palestras t\u00e9cnicas come\u00e7aram pela manh\u00e3 com destinos como o Maranh\u00e3o e Israel, e os destinos tur\u00edsticos do Rio Grande do Norte, em apresenta\u00e7\u00e3o mostrando os novos caminhos que est\u00e3o sendo desenvolvidos\u00a0 na a\u00e7\u00e3o da\u00a0 secretaria estadual e Emprotur pelo interior potiguar.<\/p>\n<p style=\"text-align:justify\">O pr\u00f3prio estado, que \u00e9 um dos parceiros na promo\u00e7\u00e3o da feira, promete a\u00e7\u00e3o de relacionamento com os agentes durante o almo\u00e7o no Pavilhao Esmeralda, \u00e0 base de camar\u00e3o e frutos do mar, mais o show ti\u00edpico de Caique Galv\u00e3o e sua banda.<\/p>\n<p style=\"text-align:justify\">Das 13h30 at\u00e9 t\u00e9 19 horas \u00e9 a visita\u00e7\u00e3o pelo espa\u00e7o da feira, com presen\u00e7a da maioria entre os agentes vindos nas caravanas (300 no total),\u00a0 e mais capacita\u00e7\u00f5es, entre elas Porto de Galinhas.<\/p>\n<p style=\"text-align:justify\">Atra\u00e7\u00e3o \u00e0 parte promete ser a palestra com o astronauta Marcos Pontes no Pavilh\u00e3o Diamante, a partir das 17 horas. Antes ele estar\u00e1 no estande da Space Center para aut\u00f3grafos e contato com os agentes.<\/p>\n<p style=\"text-align:justify\"><a class=\"fancybox-media\" href=\"..\/_uploads\/_noticia\/2016-08\/dscn6559--2-.jpg\" rel=\"portfolio\"><img decoding=\"async\" alt=\"\" src=\"..\/_uploads\/_noticia\/2016-08\/dscn6559--2-.jpg\" \/><\/a><\/p>\n<p style=\"text-align:justify\"><strong>O turismo espacial estar\u00e1 entre os assuntos da feira neste s\u00e1bado<\/strong><\/p>\n<p style=\"text-align:justify\">O final da Avirrp 2016 ser\u00e1 com o jantar promovido pela entidade com show da banda Sinal Verde, completando a edi\u00e7\u00e3o de 2016. \u00a0\u00a0<\/p>\n<p style=\"text-align:justify\"><a class=\"fancybox-media\" href=\"..\/_uploads\/_noticia\/2016-08\/7banner-coobrand-april-travel3--2-.jpg\" rel=\"portfolio\"><img decoding=\"async\" alt=\"\" src=\"..\/_uploads\/_noticia\/2016-08\/7banner-coobrand-april-travel3--2-.jpg\" \/><\/a><\/p>\n<p>\u00a0<\/p>\n<p>\u00a0<\/p>\n<p><\/span><\/p>\n","protected":false},"excerpt":{"rendered":"<p>Estes s\u00e3o dois entre os destaques que a programa\u00e7\u00e3o oferece, com extens\u00e3o pela feira durante toda a tarde e o jantar de comemora\u00e7\u00e3o \u00e0 noite<\/p>\n","protected":false},"author":1,"featured_media":0,"comment_status":"open","ping_status":"open","sticky":false,"template":"","format":"standard","meta":{"footnotes":""},"categories":[],"tags":[],"class_list":["post-4599","post","type-post","status-publish","format-standard","hentry"],"yoast_head":"<!-- This site is optimized with the Yoast SEO plugin v26.2 - https:\/\/yoast.com\/wordpress\/plugins\/seo\/ -->\n<title>EM SEU DIA FINAL, AVIRRP COM PALESTRA ESPACIAL E A\u00c7\u00c3O PROMOCIONAL POTIGUAR - Travel3<\/title>\n<meta name=\"description\" content=\"A TRAVEL3 \u00e9 um portal de conte\u00fado voltado para o turismo, encontre destinos, viagens, hospedagem, passagens, guias, not\u00edcias sobre o mercado do turismo, dicas de viagem, v\u00eddeos e podcast.\" \/>\n<meta name=\"robots\" content=\"index, follow, max-snippet:-1, max-image-preview:large, max-video-preview:-1\" \/>\n<link rel=\"canonical\" href=\"https:\/\/www.travel3.com.br\/site\/sem-categoria\/em-seu-dia-final-avirrp-com-palestra-espacial-e-acao-promocional-potiguar\/\" \/>\n<meta property=\"og:locale\" content=\"pt_BR\" \/>\n<meta property=\"og:type\" content=\"article\" \/>\n<meta property=\"og:title\" content=\"EM SEU DIA FINAL, AVIRRP COM PALESTRA ESPACIAL E A\u00c7\u00c3O PROMOCIONAL POTIGUAR - Travel3\" \/>\n<meta property=\"og:description\" content=\"A TRAVEL3 \u00e9 um portal de conte\u00fado voltado para o turismo, encontre destinos, viagens, hospedagem, passagens, guias, not\u00edcias sobre o mercado do turismo, dicas de viagem, v\u00eddeos e podcast.\" \/>\n<meta property=\"og:url\" content=\"https:\/\/www.travel3.com.br\/site\/sem-categoria\/em-seu-dia-final-avirrp-com-palestra-espacial-e-acao-promocional-potiguar\/\" \/>\n<meta property=\"og:site_name\" content=\"Travel3\" \/>\n<meta property=\"article:publisher\" content=\"https:\/\/www.facebook.com\/travel3media\/\" \/>\n<meta property=\"article:published_time\" content=\"2017-08-25T11:13:13+00:00\" \/>\n<meta name=\"author\" content=\"admin\" \/>\n<meta name=\"twitter:card\" content=\"summary_large_image\" \/>\n<meta name=\"twitter:label1\" content=\"Escrito por\" \/>\n\t<meta name=\"twitter:data1\" content=\"admin\" \/>\n\t<meta name=\"twitter:label2\" content=\"Est. tempo de leitura\" \/>\n\t<meta name=\"twitter:data2\" content=\"1 minuto\" \/>\n<script type=\"application\/ld+json\" class=\"yoast-schema-graph\">{\"@context\":\"https:\/\/schema.org\",\"@graph\":[{\"@type\":\"Article\",\"@id\":\"https:\/\/www.travel3.com.br\/site\/sem-categoria\/em-seu-dia-final-avirrp-com-palestra-espacial-e-acao-promocional-potiguar\/#article\",\"isPartOf\":{\"@id\":\"https:\/\/www.travel3.com.br\/site\/sem-categoria\/em-seu-dia-final-avirrp-com-palestra-espacial-e-acao-promocional-potiguar\/\"},\"author\":{\"name\":\"admin\",\"@id\":\"https:\/\/www.travel3.com.br\/site\/#\/schema\/person\/a69d71e41a024999b6ab82369ac0bd1e\"},\"headline\":\"EM SEU DIA FINAL, AVIRRP COM PALESTRA ESPACIAL E A\u00c7\u00c3O PROMOCIONAL POTIGUAR\",\"datePublished\":\"2017-08-25T11:13:13+00:00\",\"mainEntityOfPage\":{\"@id\":\"https:\/\/www.travel3.com.br\/site\/sem-categoria\/em-seu-dia-final-avirrp-com-palestra-espacial-e-acao-promocional-potiguar\/\"},\"wordCount\":260,\"commentCount\":0,\"publisher\":{\"@id\":\"https:\/\/www.travel3.com.br\/site\/#organization\"},\"inLanguage\":\"pt-BR\",\"potentialAction\":[{\"@type\":\"CommentAction\",\"name\":\"Comment\",\"target\":[\"https:\/\/www.travel3.com.br\/site\/sem-categoria\/em-seu-dia-final-avirrp-com-palestra-espacial-e-acao-promocional-potiguar\/#respond\"]}]},{\"@type\":\"WebPage\",\"@id\":\"https:\/\/www.travel3.com.br\/site\/sem-categoria\/em-seu-dia-final-avirrp-com-palestra-espacial-e-acao-promocional-potiguar\/\",\"url\":\"https:\/\/www.travel3.com.br\/site\/sem-categoria\/em-seu-dia-final-avirrp-com-palestra-espacial-e-acao-promocional-potiguar\/\",\"name\":\"EM SEU DIA FINAL, AVIRRP COM PALESTRA ESPACIAL E A\u00c7\u00c3O PROMOCIONAL POTIGUAR - Travel3\",\"isPartOf\":{\"@id\":\"https:\/\/www.travel3.com.br\/site\/#website\"},\"datePublished\":\"2017-08-25T11:13:13+00:00\",\"description\":\"A TRAVEL3 \u00e9 um portal de conte\u00fado voltado para o turismo, encontre destinos, viagens, hospedagem, passagens, guias, not\u00edcias sobre o mercado do turismo, dicas de viagem, v\u00eddeos e podcast.\",\"breadcrumb\":{\"@id\":\"https:\/\/www.travel3.com.br\/site\/sem-categoria\/em-seu-dia-final-avirrp-com-palestra-espacial-e-acao-promocional-potiguar\/#breadcrumb\"},\"inLanguage\":\"pt-BR\",\"potentialAction\":[{\"@type\":\"ReadAction\",\"target\":[\"https:\/\/www.travel3.com.br\/site\/sem-categoria\/em-seu-dia-final-avirrp-com-palestra-espacial-e-acao-promocional-potiguar\/\"]}]},{\"@type\":\"BreadcrumbList\",\"@id\":\"https:\/\/www.travel3.com.br\/site\/sem-categoria\/em-seu-dia-final-avirrp-com-palestra-espacial-e-acao-promocional-potiguar\/#breadcrumb\",\"itemListElement\":[{\"@type\":\"ListItem\",\"position\":1,\"name\":\"In\u00edcio\",\"item\":\"https:\/\/www.travel3.com.br\/site\/\"},{\"@type\":\"ListItem\",\"position\":2,\"name\":\"EM SEU DIA FINAL, AVIRRP COM PALESTRA ESPACIAL E A\u00c7\u00c3O PROMOCIONAL POTIGUAR\"}]},{\"@type\":\"WebSite\",\"@id\":\"https:\/\/www.travel3.com.br\/site\/#website\",\"url\":\"https:\/\/www.travel3.com.br\/site\/\",\"name\":\"Travel3\",\"description\":\"Lazer + Neg&oacute;cios + Aventura\",\"publisher\":{\"@id\":\"https:\/\/www.travel3.com.br\/site\/#organization\"},\"potentialAction\":[{\"@type\":\"SearchAction\",\"target\":{\"@type\":\"EntryPoint\",\"urlTemplate\":\"https:\/\/www.travel3.com.br\/site\/?s={search_term_string}\"},\"query-input\":{\"@type\":\"PropertyValueSpecification\",\"valueRequired\":true,\"valueName\":\"search_term_string\"}}],\"inLanguage\":\"pt-BR\"},{\"@type\":\"Organization\",\"@id\":\"https:\/\/www.travel3.com.br\/site\/#organization\",\"name\":\"Travel3\",\"url\":\"https:\/\/www.travel3.com.br\/site\/\",\"logo\":{\"@type\":\"ImageObject\",\"inLanguage\":\"pt-BR\",\"@id\":\"https:\/\/www.travel3.com.br\/site\/#\/schema\/logo\/image\/\",\"url\":\"https:\/\/www.travel3.com.br\/site\/wp-content\/uploads\/2020\/01\/logo-travel3-2020.png\",\"contentUrl\":\"https:\/\/www.travel3.com.br\/site\/wp-content\/uploads\/2020\/01\/logo-travel3-2020.png\",\"width\":232,\"height\":79,\"caption\":\"Travel3\"},\"image\":{\"@id\":\"https:\/\/www.travel3.com.br\/site\/#\/schema\/logo\/image\/\"},\"sameAs\":[\"https:\/\/www.facebook.com\/travel3media\/\",\"https:\/\/www.instagram.com\/revistatravel3\/\",\"https:\/\/www.youtube.com\/channel\/UCno7J4paGBR3VbZQzvoJ9Eg\"]},{\"@type\":\"Person\",\"@id\":\"https:\/\/www.travel3.com.br\/site\/#\/schema\/person\/a69d71e41a024999b6ab82369ac0bd1e\",\"name\":\"admin\",\"image\":{\"@type\":\"ImageObject\",\"inLanguage\":\"pt-BR\",\"@id\":\"https:\/\/www.travel3.com.br\/site\/#\/schema\/person\/image\/\",\"url\":\"https:\/\/secure.gravatar.com\/avatar\/732a67adfd764da2a47ba10ce731c4c0?s=96&d=mm&r=g\",\"contentUrl\":\"https:\/\/secure.gravatar.com\/avatar\/732a67adfd764da2a47ba10ce731c4c0?s=96&d=mm&r=g\",\"caption\":\"admin\"},\"url\":\"https:\/\/www.travel3.com.br\/site\/author\/admin\/\"}]}<\/script>\n<!-- \/ Yoast SEO plugin. -->","yoast_head_json":{"title":"EM SEU DIA FINAL, AVIRRP COM PALESTRA ESPACIAL E A\u00c7\u00c3O PROMOCIONAL POTIGUAR - Travel3","description":"A TRAVEL3 \u00e9 um portal de conte\u00fado voltado para o turismo, encontre destinos, viagens, hospedagem, passagens, guias, not\u00edcias sobre o mercado do turismo, dicas de viagem, v\u00eddeos e podcast.","robots":{"index":"index","follow":"follow","max-snippet":"max-snippet:-1","max-image-preview":"max-image-preview:large","max-video-preview":"max-video-preview:-1"},"canonical":"https:\/\/www.travel3.com.br\/site\/sem-categoria\/em-seu-dia-final-avirrp-com-palestra-espacial-e-acao-promocional-potiguar\/","og_locale":"pt_BR","og_type":"article","og_title":"EM SEU DIA FINAL, AVIRRP COM PALESTRA ESPACIAL E A\u00c7\u00c3O PROMOCIONAL POTIGUAR - Travel3","og_description":"A TRAVEL3 \u00e9 um portal de conte\u00fado voltado para o turismo, encontre destinos, viagens, hospedagem, passagens, guias, not\u00edcias sobre o mercado do turismo, dicas de viagem, v\u00eddeos e podcast.","og_url":"https:\/\/www.travel3.com.br\/site\/sem-categoria\/em-seu-dia-final-avirrp-com-palestra-espacial-e-acao-promocional-potiguar\/","og_site_name":"Travel3","article_publisher":"https:\/\/www.facebook.com\/travel3media\/","article_published_time":"2017-08-25T11:13:13+00:00","author":"admin","twitter_card":"summary_large_image","twitter_misc":{"Escrito por":"admin","Est. tempo de leitura":"1 minuto"},"schema":{"@context":"https:\/\/schema.org","@graph":[{"@type":"Article","@id":"https:\/\/www.travel3.com.br\/site\/sem-categoria\/em-seu-dia-final-avirrp-com-palestra-espacial-e-acao-promocional-potiguar\/#article","isPartOf":{"@id":"https:\/\/www.travel3.com.br\/site\/sem-categoria\/em-seu-dia-final-avirrp-com-palestra-espacial-e-acao-promocional-potiguar\/"},"author":{"name":"admin","@id":"https:\/\/www.travel3.com.br\/site\/#\/schema\/person\/a69d71e41a024999b6ab82369ac0bd1e"},"headline":"EM SEU DIA FINAL, AVIRRP COM PALESTRA ESPACIAL E A\u00c7\u00c3O PROMOCIONAL POTIGUAR","datePublished":"2017-08-25T11:13:13+00:00","mainEntityOfPage":{"@id":"https:\/\/www.travel3.com.br\/site\/sem-categoria\/em-seu-dia-final-avirrp-com-palestra-espacial-e-acao-promocional-potiguar\/"},"wordCount":260,"commentCount":0,"publisher":{"@id":"https:\/\/www.travel3.com.br\/site\/#organization"},"inLanguage":"pt-BR","potentialAction":[{"@type":"CommentAction","name":"Comment","target":["https:\/\/www.travel3.com.br\/site\/sem-categoria\/em-seu-dia-final-avirrp-com-palestra-espacial-e-acao-promocional-potiguar\/#respond"]}]},{"@type":"WebPage","@id":"https:\/\/www.travel3.com.br\/site\/sem-categoria\/em-seu-dia-final-avirrp-com-palestra-espacial-e-acao-promocional-potiguar\/","url":"https:\/\/www.travel3.com.br\/site\/sem-categoria\/em-seu-dia-final-avirrp-com-palestra-espacial-e-acao-promocional-potiguar\/","name":"EM SEU DIA FINAL, AVIRRP COM PALESTRA ESPACIAL E A\u00c7\u00c3O PROMOCIONAL POTIGUAR - Travel3","isPartOf":{"@id":"https:\/\/www.travel3.com.br\/site\/#website"},"datePublished":"2017-08-25T11:13:13+00:00","description":"A TRAVEL3 \u00e9 um portal de conte\u00fado voltado para o turismo, encontre destinos, viagens, hospedagem, passagens, guias, not\u00edcias sobre o mercado do turismo, dicas de viagem, v\u00eddeos e podcast.","breadcrumb":{"@id":"https:\/\/www.travel3.com.br\/site\/sem-categoria\/em-seu-dia-final-avirrp-com-palestra-espacial-e-acao-promocional-potiguar\/#breadcrumb"},"inLanguage":"pt-BR","potentialAction":[{"@type":"ReadAction","target":["https:\/\/www.travel3.com.br\/site\/sem-categoria\/em-seu-dia-final-avirrp-com-palestra-espacial-e-acao-promocional-potiguar\/"]}]},{"@type":"BreadcrumbList","@id":"https:\/\/www.travel3.com.br\/site\/sem-categoria\/em-seu-dia-final-avirrp-com-palestra-espacial-e-acao-promocional-potiguar\/#breadcrumb","itemListElement":[{"@type":"ListItem","position":1,"name":"In\u00edcio","item":"https:\/\/www.travel3.com.br\/site\/"},{"@type":"ListItem","position":2,"name":"EM SEU DIA FINAL, AVIRRP COM PALESTRA ESPACIAL E A\u00c7\u00c3O PROMOCIONAL POTIGUAR"}]},{"@type":"WebSite","@id":"https:\/\/www.travel3.com.br\/site\/#website","url":"https:\/\/www.travel3.com.br\/site\/","name":"Travel3","description":"Lazer + Neg&oacute;cios + Aventura","publisher":{"@id":"https:\/\/www.travel3.com.br\/site\/#organization"},"potentialAction":[{"@type":"SearchAction","target":{"@type":"EntryPoint","urlTemplate":"https:\/\/www.travel3.com.br\/site\/?s={search_term_string}"},"query-input":{"@type":"PropertyValueSpecification","valueRequired":true,"valueName":"search_term_string"}}],"inLanguage":"pt-BR"},{"@type":"Organization","@id":"https:\/\/www.travel3.com.br\/site\/#organization","name":"Travel3","url":"https:\/\/www.travel3.com.br\/site\/","logo":{"@type":"ImageObject","inLanguage":"pt-BR","@id":"https:\/\/www.travel3.com.br\/site\/#\/schema\/logo\/image\/","url":"https:\/\/www.travel3.com.br\/site\/wp-content\/uploads\/2020\/01\/logo-travel3-2020.png","contentUrl":"https:\/\/www.travel3.com.br\/site\/wp-content\/uploads\/2020\/01\/logo-travel3-2020.png","width":232,"height":79,"caption":"Travel3"},"image":{"@id":"https:\/\/www.travel3.com.br\/site\/#\/schema\/logo\/image\/"},"sameAs":["https:\/\/www.facebook.com\/travel3media\/","https:\/\/www.instagram.com\/revistatravel3\/","https:\/\/www.youtube.com\/channel\/UCno7J4paGBR3VbZQzvoJ9Eg"]},{"@type":"Person","@id":"https:\/\/www.travel3.com.br\/site\/#\/schema\/person\/a69d71e41a024999b6ab82369ac0bd1e","name":"admin","image":{"@type":"ImageObject","inLanguage":"pt-BR","@id":"https:\/\/www.travel3.com.br\/site\/#\/schema\/person\/image\/","url":"https:\/\/secure.gravatar.com\/avatar\/732a67adfd764da2a47ba10ce731c4c0?s=96&d=mm&r=g","contentUrl":"https:\/\/secure.gravatar.com\/avatar\/732a67adfd764da2a47ba10ce731c4c0?s=96&d=mm&r=g","caption":"admin"},"url":"https:\/\/www.travel3.com.br\/site\/author\/admin\/"}]}},"_links":{"self":[{"href":"https:\/\/www.travel3.com.br\/site\/wp-json\/wp\/v2\/posts\/4599","targetHints":{"allow":["GET"]}}],"collection":[{"href":"https:\/\/www.travel3.com.br\/site\/wp-json\/wp\/v2\/posts"}],"about":[{"href":"https:\/\/www.travel3.com.br\/site\/wp-json\/wp\/v2\/types\/post"}],"author":[{"embeddable":true,"href":"https:\/\/www.travel3.com.br\/site\/wp-json\/wp\/v2\/users\/1"}],"replies":[{"embeddable":true,"href":"https:\/\/www.travel3.com.br\/site\/wp-json\/wp\/v2\/comments?post=4599"}],"version-history":[{"count":0,"href":"https:\/\/www.travel3.com.br\/site\/wp-json\/wp\/v2\/posts\/4599\/revisions"}],"wp:attachment":[{"href":"https:\/\/www.travel3.com.br\/site\/wp-json\/wp\/v2\/media?parent=4599"}],"wp:term":[{"taxonomy":"category","embeddable":true,"href":"https:\/\/www.travel3.com.br\/site\/wp-json\/wp\/v2\/categories?post=4599"},{"taxonomy":"post_tag","embeddable":true,"href":"https:\/\/www.travel3.com.br\/site\/wp-json\/wp\/v2\/tags?post=4599"}],"curies":[{"name":"wp","href":"https:\/\/api.w.org\/{rel}","templated":true}]}}