{"id":4598,"date":"2017-08-29T18:19:45","date_gmt":"2017-08-29T18:19:45","guid":{"rendered":"http:\/\/www.travel3.com.br\/site\/ir-e-vir\/ar\/caranguejo-movel-um-divertimento-e-tanto-no-festival-de-aracaju\/"},"modified":"2017-08-29T18:19:45","modified_gmt":"2017-08-29T18:19:45","slug":"caranguejo-movel-um-divertimento-e-tanto-no-festival-de-aracaju","status":"publish","type":"post","link":"https:\/\/www.travel3.com.br\/site\/sem-categoria\/caranguejo-movel-um-divertimento-e-tanto-no-festival-de-aracaju\/","title":{"rendered":"CARANGUEJO M\u00d3VEL, UM DIVERTIMENTO E TANTO NO FESTIVAL DE ARACAJU"},"content":{"rendered":"<p><span style=\"color: #40acad; font-family: -apple-system, system-ui, 'Segoe UI', Roboto, Oxygen-Sans, Ubuntu, Cantarell, 'Helvetica Neue', sans-serif; font-size: 12px; font-weight: bold;\"><\/p>\n<p style=\"text-align:justify\">O Festival do Caranguejo que polarizou aten\u00e7\u00f5es durante os tres dias\u00a0 da semana, viveu na noite\u00a0 de ontem\u00a0 o seu ponto de grande concentra\u00e7\u00e3o na passarela do Caranguejo da Arena Gastronomica onde muita gente acompanhou o maravilhoso espet\u00e1culo da abertura dos Jogos Rio 2016 justamente degustando os pratos t\u00edpicos.<\/p>\n<p style=\"text-align:justify\"><a class=\"fancybox-media\" href=\"..\/_uploads\/_noticia\/2016-08\/dsc00458--2-.jpg\" rel=\"portfolio\"><img decoding=\"async\" alt=\"\" src=\"..\/_uploads\/_noticia\/2016-08\/dsc00458--2-.jpg\" \/><\/a><\/p>\n<p style=\"text-align:justify\">A partir de agora, o Caranguejo M\u00f3vel e quem vai circular pela cidade, reverenciando juntamente com o crust\u00e1ceo homenageado, todo o clima e tradi\u00e7\u00e3o festiva da cidade. \u00a0Divertimento \u00e9 o que n\u00e3o falta no percurso pela orla de Atalaia \u00a0<\/p>\n<p style=\"text-align:justify\">\u201cNunca vi nada parecido e estou amando tudo. Estou visitando Aracaju pela primeira vez e \u00a0quero voltar. Aprovei todos os pratos com caranguejo\u00a0 e n\u00e3o esperava encontrar uma grande variedade assim\u201d, elogiou a professora catarinense Tereza Moura. J\u00e1 o\u00a0 pernambucano Jo\u00e3o Silveir tamb\u00e9m aprovou aas novidades encontradas no evento deste ano..\u2019Achei tudo de muito bom gosto. O caranguejo est\u00e1 em todos os lugares da cidade. Gostei muito\u201d.<\/p>\n<p style=\"text-align:justify\">A segunda edi\u00e7\u00e3o do Festival do Caranguejo est\u00e1 animada e segue at\u00e9 o pr\u00f3ximo dia 14. Com shows, apresenta\u00e7\u00f5es culturais, atividades para crian\u00e7as, artesanato e muito caranguejo. \u201cEstamos felizes com a realiza\u00e7\u00e3o de mais uma edi\u00e7\u00e3o do Festival do Caranguejo. Devido ao evento\u00a0 ganhamos\u00a0 destaque no Minist\u00e9rio do Turismo, na revista e site da TRAVEL 3,\u00a0 espa\u00e7os na imprensa nacional e local. Fortalecemos a gastronomia e movimentamos o turismo de Aracaju \u201d, afirma o consultor t\u00e9cnico da Semict, Fabio Andrade.<\/p>\n<p style=\"text-align:justify\">\u201cAtrav\u00e9s do Festival do Caranguejo procuramos fomentar o mercado formal, do pessoal que emprega de forma legal e \u00a0que gera impostos Em sua \u00a0organiza\u00e7\u00e3o pensamos em todas as \u00e1reas: economia, turismo, com\u00e9rcio, gastronomia e cultura. Escolhemos a baixa temporada para fomentar o turismo e \u00a0o fim das f\u00e9rias de julho como op\u00e7\u00e3o de lazer. Ofertamos cursos e oficinas, espa\u00e7o para as crian\u00e7as, apresenta\u00e7\u00f5es culturais. Tudo isso nos primeiros tr\u00eas dias na Arena montada especialmente para o Festival e que recebeu publico total\u201d, destacou o \u00a0<\/p>\n<p style=\"text-align:justify\"><a class=\"fancybox-media\" href=\"..\/_uploads\/_noticia\/2016-08\/dsc00494--2-.jpg\" rel=\"portfolio\"><img decoding=\"async\" alt=\"\" src=\"..\/_uploads\/_noticia\/2016-08\/dsc00494--2-.jpg\" \/><\/a><\/p>\n<p style=\"text-align:justify\">O evento \u00e9 realizado pela Secretaria Municipal de Ind\u00fastria, Com\u00e9rcio e Turismo (Semict), Associa\u00e7\u00e3o Brasileira de Bares e Restaurantes (Abrasel) e Servi\u00e7o Brasileiro de Apoio \u00e0s Micro e Pequenas Empresas (Sebrae),<\/p>\n<p style=\"text-align:justify\"><a class=\"fancybox-media\" href=\"..\/_uploads\/_noticia\/2016-08\/4t3-apoiogenerico-banner560--2-.jpg\" rel=\"portfolio\"><img decoding=\"async\" alt=\"\" src=\"..\/_uploads\/_noticia\/2016-08\/4t3-apoiogenerico-banner560--2-.jpg\" \/><\/a><\/p>\n<p><a class=\"fancybox-media\" href=\"..\/_uploads\/_noticia\/2016-08\/img-20160806-wa0011--2-.jpg\" rel=\"portfolio\"><img decoding=\"async\" alt=\"\" src=\"..\/_uploads\/_noticia\/2016-08\/img-20160806-wa0011--2-.jpg\" \/><\/a><\/p>\n<p>\u00a0<\/p>\n<p>\u00a0<\/p>\n<p><\/span><\/p>\n","protected":false},"excerpt":{"rendered":"<p>Na Arena Gastron\u00f4mica da Passarela do Caranguejo, evento terminou  na noite passada  e segue agora nos bares e restaurantes da capital sergipana<\/p>\n","protected":false},"author":1,"featured_media":0,"comment_status":"open","ping_status":"open","sticky":false,"template":"","format":"standard","meta":{"footnotes":""},"categories":[],"tags":[],"class_list":["post-4598","post","type-post","status-publish","format-standard","hentry"],"yoast_head":"<!-- This site is optimized with the Yoast SEO plugin v26.2 - https:\/\/yoast.com\/wordpress\/plugins\/seo\/ -->\n<title>CARANGUEJO M\u00d3VEL, UM DIVERTIMENTO E TANTO NO FESTIVAL DE ARACAJU - Travel3<\/title>\n<meta name=\"description\" content=\"A TRAVEL3 \u00e9 um portal de conte\u00fado voltado para o turismo, encontre destinos, viagens, hospedagem, passagens, guias, not\u00edcias sobre o mercado do turismo, dicas de viagem, v\u00eddeos e podcast.\" \/>\n<meta name=\"robots\" content=\"index, follow, max-snippet:-1, max-image-preview:large, max-video-preview:-1\" \/>\n<link rel=\"canonical\" href=\"https:\/\/www.travel3.com.br\/site\/sem-categoria\/caranguejo-movel-um-divertimento-e-tanto-no-festival-de-aracaju\/\" \/>\n<meta property=\"og:locale\" content=\"pt_BR\" \/>\n<meta property=\"og:type\" content=\"article\" \/>\n<meta property=\"og:title\" content=\"CARANGUEJO M\u00d3VEL, UM DIVERTIMENTO E TANTO NO FESTIVAL DE ARACAJU - Travel3\" \/>\n<meta property=\"og:description\" content=\"A TRAVEL3 \u00e9 um portal de conte\u00fado voltado para o turismo, encontre destinos, viagens, hospedagem, passagens, guias, not\u00edcias sobre o mercado do turismo, dicas de viagem, v\u00eddeos e podcast.\" \/>\n<meta property=\"og:url\" content=\"https:\/\/www.travel3.com.br\/site\/sem-categoria\/caranguejo-movel-um-divertimento-e-tanto-no-festival-de-aracaju\/\" \/>\n<meta property=\"og:site_name\" content=\"Travel3\" \/>\n<meta property=\"article:publisher\" content=\"https:\/\/www.facebook.com\/travel3media\/\" \/>\n<meta property=\"article:published_time\" content=\"2017-08-29T18:19:45+00:00\" \/>\n<meta name=\"author\" content=\"admin\" \/>\n<meta name=\"twitter:card\" content=\"summary_large_image\" \/>\n<meta name=\"twitter:label1\" content=\"Escrito por\" \/>\n\t<meta name=\"twitter:data1\" content=\"admin\" \/>\n\t<meta name=\"twitter:label2\" content=\"Est. tempo de leitura\" \/>\n\t<meta name=\"twitter:data2\" content=\"2 minutos\" \/>\n<script type=\"application\/ld+json\" class=\"yoast-schema-graph\">{\"@context\":\"https:\/\/schema.org\",\"@graph\":[{\"@type\":\"Article\",\"@id\":\"https:\/\/www.travel3.com.br\/site\/sem-categoria\/caranguejo-movel-um-divertimento-e-tanto-no-festival-de-aracaju\/#article\",\"isPartOf\":{\"@id\":\"https:\/\/www.travel3.com.br\/site\/sem-categoria\/caranguejo-movel-um-divertimento-e-tanto-no-festival-de-aracaju\/\"},\"author\":{\"name\":\"admin\",\"@id\":\"https:\/\/www.travel3.com.br\/site\/#\/schema\/person\/a69d71e41a024999b6ab82369ac0bd1e\"},\"headline\":\"CARANGUEJO M\u00d3VEL, UM DIVERTIMENTO E TANTO NO FESTIVAL DE ARACAJU\",\"datePublished\":\"2017-08-29T18:19:45+00:00\",\"mainEntityOfPage\":{\"@id\":\"https:\/\/www.travel3.com.br\/site\/sem-categoria\/caranguejo-movel-um-divertimento-e-tanto-no-festival-de-aracaju\/\"},\"wordCount\":389,\"commentCount\":0,\"publisher\":{\"@id\":\"https:\/\/www.travel3.com.br\/site\/#organization\"},\"inLanguage\":\"pt-BR\",\"potentialAction\":[{\"@type\":\"CommentAction\",\"name\":\"Comment\",\"target\":[\"https:\/\/www.travel3.com.br\/site\/sem-categoria\/caranguejo-movel-um-divertimento-e-tanto-no-festival-de-aracaju\/#respond\"]}]},{\"@type\":\"WebPage\",\"@id\":\"https:\/\/www.travel3.com.br\/site\/sem-categoria\/caranguejo-movel-um-divertimento-e-tanto-no-festival-de-aracaju\/\",\"url\":\"https:\/\/www.travel3.com.br\/site\/sem-categoria\/caranguejo-movel-um-divertimento-e-tanto-no-festival-de-aracaju\/\",\"name\":\"CARANGUEJO M\u00d3VEL, UM DIVERTIMENTO E TANTO NO FESTIVAL DE ARACAJU - Travel3\",\"isPartOf\":{\"@id\":\"https:\/\/www.travel3.com.br\/site\/#website\"},\"datePublished\":\"2017-08-29T18:19:45+00:00\",\"description\":\"A TRAVEL3 \u00e9 um portal de conte\u00fado voltado para o turismo, encontre destinos, viagens, hospedagem, passagens, guias, not\u00edcias sobre o mercado do turismo, dicas de viagem, v\u00eddeos e podcast.\",\"breadcrumb\":{\"@id\":\"https:\/\/www.travel3.com.br\/site\/sem-categoria\/caranguejo-movel-um-divertimento-e-tanto-no-festival-de-aracaju\/#breadcrumb\"},\"inLanguage\":\"pt-BR\",\"potentialAction\":[{\"@type\":\"ReadAction\",\"target\":[\"https:\/\/www.travel3.com.br\/site\/sem-categoria\/caranguejo-movel-um-divertimento-e-tanto-no-festival-de-aracaju\/\"]}]},{\"@type\":\"BreadcrumbList\",\"@id\":\"https:\/\/www.travel3.com.br\/site\/sem-categoria\/caranguejo-movel-um-divertimento-e-tanto-no-festival-de-aracaju\/#breadcrumb\",\"itemListElement\":[{\"@type\":\"ListItem\",\"position\":1,\"name\":\"In\u00edcio\",\"item\":\"https:\/\/www.travel3.com.br\/site\/\"},{\"@type\":\"ListItem\",\"position\":2,\"name\":\"CARANGUEJO M\u00d3VEL, UM DIVERTIMENTO E TANTO NO FESTIVAL DE ARACAJU\"}]},{\"@type\":\"WebSite\",\"@id\":\"https:\/\/www.travel3.com.br\/site\/#website\",\"url\":\"https:\/\/www.travel3.com.br\/site\/\",\"name\":\"Travel3\",\"description\":\"Lazer + Neg&oacute;cios + Aventura\",\"publisher\":{\"@id\":\"https:\/\/www.travel3.com.br\/site\/#organization\"},\"potentialAction\":[{\"@type\":\"SearchAction\",\"target\":{\"@type\":\"EntryPoint\",\"urlTemplate\":\"https:\/\/www.travel3.com.br\/site\/?s={search_term_string}\"},\"query-input\":{\"@type\":\"PropertyValueSpecification\",\"valueRequired\":true,\"valueName\":\"search_term_string\"}}],\"inLanguage\":\"pt-BR\"},{\"@type\":\"Organization\",\"@id\":\"https:\/\/www.travel3.com.br\/site\/#organization\",\"name\":\"Travel3\",\"url\":\"https:\/\/www.travel3.com.br\/site\/\",\"logo\":{\"@type\":\"ImageObject\",\"inLanguage\":\"pt-BR\",\"@id\":\"https:\/\/www.travel3.com.br\/site\/#\/schema\/logo\/image\/\",\"url\":\"https:\/\/www.travel3.com.br\/site\/wp-content\/uploads\/2020\/01\/logo-travel3-2020.png\",\"contentUrl\":\"https:\/\/www.travel3.com.br\/site\/wp-content\/uploads\/2020\/01\/logo-travel3-2020.png\",\"width\":232,\"height\":79,\"caption\":\"Travel3\"},\"image\":{\"@id\":\"https:\/\/www.travel3.com.br\/site\/#\/schema\/logo\/image\/\"},\"sameAs\":[\"https:\/\/www.facebook.com\/travel3media\/\",\"https:\/\/www.instagram.com\/revistatravel3\/\",\"https:\/\/www.youtube.com\/channel\/UCno7J4paGBR3VbZQzvoJ9Eg\"]},{\"@type\":\"Person\",\"@id\":\"https:\/\/www.travel3.com.br\/site\/#\/schema\/person\/a69d71e41a024999b6ab82369ac0bd1e\",\"name\":\"admin\",\"image\":{\"@type\":\"ImageObject\",\"inLanguage\":\"pt-BR\",\"@id\":\"https:\/\/www.travel3.com.br\/site\/#\/schema\/person\/image\/\",\"url\":\"https:\/\/secure.gravatar.com\/avatar\/732a67adfd764da2a47ba10ce731c4c0?s=96&d=mm&r=g\",\"contentUrl\":\"https:\/\/secure.gravatar.com\/avatar\/732a67adfd764da2a47ba10ce731c4c0?s=96&d=mm&r=g\",\"caption\":\"admin\"},\"url\":\"https:\/\/www.travel3.com.br\/site\/author\/admin\/\"}]}<\/script>\n<!-- \/ Yoast SEO plugin. -->","yoast_head_json":{"title":"CARANGUEJO M\u00d3VEL, UM DIVERTIMENTO E TANTO NO FESTIVAL DE ARACAJU - Travel3","description":"A TRAVEL3 \u00e9 um portal de conte\u00fado voltado para o turismo, encontre destinos, viagens, hospedagem, passagens, guias, not\u00edcias sobre o mercado do turismo, dicas de viagem, v\u00eddeos e podcast.","robots":{"index":"index","follow":"follow","max-snippet":"max-snippet:-1","max-image-preview":"max-image-preview:large","max-video-preview":"max-video-preview:-1"},"canonical":"https:\/\/www.travel3.com.br\/site\/sem-categoria\/caranguejo-movel-um-divertimento-e-tanto-no-festival-de-aracaju\/","og_locale":"pt_BR","og_type":"article","og_title":"CARANGUEJO M\u00d3VEL, UM DIVERTIMENTO E TANTO NO FESTIVAL DE ARACAJU - Travel3","og_description":"A TRAVEL3 \u00e9 um portal de conte\u00fado voltado para o turismo, encontre destinos, viagens, hospedagem, passagens, guias, not\u00edcias sobre o mercado do turismo, dicas de viagem, v\u00eddeos e podcast.","og_url":"https:\/\/www.travel3.com.br\/site\/sem-categoria\/caranguejo-movel-um-divertimento-e-tanto-no-festival-de-aracaju\/","og_site_name":"Travel3","article_publisher":"https:\/\/www.facebook.com\/travel3media\/","article_published_time":"2017-08-29T18:19:45+00:00","author":"admin","twitter_card":"summary_large_image","twitter_misc":{"Escrito por":"admin","Est. tempo de leitura":"2 minutos"},"schema":{"@context":"https:\/\/schema.org","@graph":[{"@type":"Article","@id":"https:\/\/www.travel3.com.br\/site\/sem-categoria\/caranguejo-movel-um-divertimento-e-tanto-no-festival-de-aracaju\/#article","isPartOf":{"@id":"https:\/\/www.travel3.com.br\/site\/sem-categoria\/caranguejo-movel-um-divertimento-e-tanto-no-festival-de-aracaju\/"},"author":{"name":"admin","@id":"https:\/\/www.travel3.com.br\/site\/#\/schema\/person\/a69d71e41a024999b6ab82369ac0bd1e"},"headline":"CARANGUEJO M\u00d3VEL, UM DIVERTIMENTO E TANTO NO FESTIVAL DE ARACAJU","datePublished":"2017-08-29T18:19:45+00:00","mainEntityOfPage":{"@id":"https:\/\/www.travel3.com.br\/site\/sem-categoria\/caranguejo-movel-um-divertimento-e-tanto-no-festival-de-aracaju\/"},"wordCount":389,"commentCount":0,"publisher":{"@id":"https:\/\/www.travel3.com.br\/site\/#organization"},"inLanguage":"pt-BR","potentialAction":[{"@type":"CommentAction","name":"Comment","target":["https:\/\/www.travel3.com.br\/site\/sem-categoria\/caranguejo-movel-um-divertimento-e-tanto-no-festival-de-aracaju\/#respond"]}]},{"@type":"WebPage","@id":"https:\/\/www.travel3.com.br\/site\/sem-categoria\/caranguejo-movel-um-divertimento-e-tanto-no-festival-de-aracaju\/","url":"https:\/\/www.travel3.com.br\/site\/sem-categoria\/caranguejo-movel-um-divertimento-e-tanto-no-festival-de-aracaju\/","name":"CARANGUEJO M\u00d3VEL, UM DIVERTIMENTO E TANTO NO FESTIVAL DE ARACAJU - Travel3","isPartOf":{"@id":"https:\/\/www.travel3.com.br\/site\/#website"},"datePublished":"2017-08-29T18:19:45+00:00","description":"A TRAVEL3 \u00e9 um portal de conte\u00fado voltado para o turismo, encontre destinos, viagens, hospedagem, passagens, guias, not\u00edcias sobre o mercado do turismo, dicas de viagem, v\u00eddeos e podcast.","breadcrumb":{"@id":"https:\/\/www.travel3.com.br\/site\/sem-categoria\/caranguejo-movel-um-divertimento-e-tanto-no-festival-de-aracaju\/#breadcrumb"},"inLanguage":"pt-BR","potentialAction":[{"@type":"ReadAction","target":["https:\/\/www.travel3.com.br\/site\/sem-categoria\/caranguejo-movel-um-divertimento-e-tanto-no-festival-de-aracaju\/"]}]},{"@type":"BreadcrumbList","@id":"https:\/\/www.travel3.com.br\/site\/sem-categoria\/caranguejo-movel-um-divertimento-e-tanto-no-festival-de-aracaju\/#breadcrumb","itemListElement":[{"@type":"ListItem","position":1,"name":"In\u00edcio","item":"https:\/\/www.travel3.com.br\/site\/"},{"@type":"ListItem","position":2,"name":"CARANGUEJO M\u00d3VEL, UM DIVERTIMENTO E TANTO NO FESTIVAL DE ARACAJU"}]},{"@type":"WebSite","@id":"https:\/\/www.travel3.com.br\/site\/#website","url":"https:\/\/www.travel3.com.br\/site\/","name":"Travel3","description":"Lazer + Neg&oacute;cios + Aventura","publisher":{"@id":"https:\/\/www.travel3.com.br\/site\/#organization"},"potentialAction":[{"@type":"SearchAction","target":{"@type":"EntryPoint","urlTemplate":"https:\/\/www.travel3.com.br\/site\/?s={search_term_string}"},"query-input":{"@type":"PropertyValueSpecification","valueRequired":true,"valueName":"search_term_string"}}],"inLanguage":"pt-BR"},{"@type":"Organization","@id":"https:\/\/www.travel3.com.br\/site\/#organization","name":"Travel3","url":"https:\/\/www.travel3.com.br\/site\/","logo":{"@type":"ImageObject","inLanguage":"pt-BR","@id":"https:\/\/www.travel3.com.br\/site\/#\/schema\/logo\/image\/","url":"https:\/\/www.travel3.com.br\/site\/wp-content\/uploads\/2020\/01\/logo-travel3-2020.png","contentUrl":"https:\/\/www.travel3.com.br\/site\/wp-content\/uploads\/2020\/01\/logo-travel3-2020.png","width":232,"height":79,"caption":"Travel3"},"image":{"@id":"https:\/\/www.travel3.com.br\/site\/#\/schema\/logo\/image\/"},"sameAs":["https:\/\/www.facebook.com\/travel3media\/","https:\/\/www.instagram.com\/revistatravel3\/","https:\/\/www.youtube.com\/channel\/UCno7J4paGBR3VbZQzvoJ9Eg"]},{"@type":"Person","@id":"https:\/\/www.travel3.com.br\/site\/#\/schema\/person\/a69d71e41a024999b6ab82369ac0bd1e","name":"admin","image":{"@type":"ImageObject","inLanguage":"pt-BR","@id":"https:\/\/www.travel3.com.br\/site\/#\/schema\/person\/image\/","url":"https:\/\/secure.gravatar.com\/avatar\/732a67adfd764da2a47ba10ce731c4c0?s=96&d=mm&r=g","contentUrl":"https:\/\/secure.gravatar.com\/avatar\/732a67adfd764da2a47ba10ce731c4c0?s=96&d=mm&r=g","caption":"admin"},"url":"https:\/\/www.travel3.com.br\/site\/author\/admin\/"}]}},"_links":{"self":[{"href":"https:\/\/www.travel3.com.br\/site\/wp-json\/wp\/v2\/posts\/4598","targetHints":{"allow":["GET"]}}],"collection":[{"href":"https:\/\/www.travel3.com.br\/site\/wp-json\/wp\/v2\/posts"}],"about":[{"href":"https:\/\/www.travel3.com.br\/site\/wp-json\/wp\/v2\/types\/post"}],"author":[{"embeddable":true,"href":"https:\/\/www.travel3.com.br\/site\/wp-json\/wp\/v2\/users\/1"}],"replies":[{"embeddable":true,"href":"https:\/\/www.travel3.com.br\/site\/wp-json\/wp\/v2\/comments?post=4598"}],"version-history":[{"count":0,"href":"https:\/\/www.travel3.com.br\/site\/wp-json\/wp\/v2\/posts\/4598\/revisions"}],"wp:attachment":[{"href":"https:\/\/www.travel3.com.br\/site\/wp-json\/wp\/v2\/media?parent=4598"}],"wp:term":[{"taxonomy":"category","embeddable":true,"href":"https:\/\/www.travel3.com.br\/site\/wp-json\/wp\/v2\/categories?post=4598"},{"taxonomy":"post_tag","embeddable":true,"href":"https:\/\/www.travel3.com.br\/site\/wp-json\/wp\/v2\/tags?post=4598"}],"curies":[{"name":"wp","href":"https:\/\/api.w.org\/{rel}","templated":true}]}}