{"id":4579,"date":"2017-09-05T18:49:59","date_gmt":"2017-09-05T18:49:59","guid":{"rendered":"http:\/\/www.travel3.com.br\/site\/ir-e-vir\/ar\/nesta-terca-feira-tem-um-dia-de-cruzeiro-no-rio-de-janeiro\/"},"modified":"2017-09-05T18:49:59","modified_gmt":"2017-09-05T18:49:59","slug":"nesta-terca-feira-tem-um-dia-de-cruzeiro-no-rio-de-janeiro","status":"publish","type":"post","link":"https:\/\/www.travel3.com.br\/site\/sem-categoria\/nesta-terca-feira-tem-um-dia-de-cruzeiro-no-rio-de-janeiro\/","title":{"rendered":"NESTA TER\u00c7A-FEIRA TEM UM DIA DE CRUZEIRO NO RIO DE JANEIRO"},"content":{"rendered":"<p><span style=\"color: #40acad; font-family: -apple-system, system-ui, 'Segoe UI', Roboto, Oxygen-Sans, Ubuntu, Cantarell, 'Helvetica Neue', sans-serif; font-size: 12px; font-weight: bold;\"><\/p>\n<p style=\"text-align:justify\">Os Jogos Rio 2016 tem muito \u00e0 ver com o segmento dos cruzeiros, a come\u00e7ar pela nova estrutura da Pra\u00e7a Mau\u00e1\u00a0e seu p\u00eder, o ponto de refer\u00eancia maritima na cidade. Durante os Jogos, tem navio servindo de concentra\u00e7\u00e3o para delega\u00e7\u00f5es &#8211; como no caso da equipe de basquete dos Estados Unidos &#8211; e outros como hospedagem para turistas.<\/p>\n<p style=\"text-align:justify\"><a class=\"fancybox-media\" href=\"..\/_uploads\/_noticia\/2016-08\/navioatracado.jpg\" rel=\"portfolio\"><img decoding=\"async\" alt=\"\" src=\"..\/_uploads\/_noticia\/2016-08\/navioatracado.jpg\" \/><\/a><\/p>\n<p style=\"text-align:justify\">Assim, de bom modo acontece\u00a0 neste ambiente a 4\u00aa edi\u00e7\u00e3o do\u00a0<em>Um Dia de Cruzeiros no Rio<\/em>,\u00a0promovido pela Abav-RJ nesta ter\u00e7a-feira (9)\u00a0 e que ser\u00e1 prestigiada\u00a0por\u00a0autoridades de turismo do pa\u00eds al\u00e9m das principais empresas do setor que operam no Brasil e exterior. O encontro, que come\u00e7a \u00e0s 10h30,\u00a0na Casa Brasil, ter\u00e1\u00a0as principais atra\u00e7\u00f5es para a temporada de cruzeiros 2016\/2017.<\/p>\n<p style=\"text-align:justify\">Al\u00e9m dos presidentes da ABAV Nacional, Edmar Bull, da CLIA Abremar, Marco Ferraz e da Braztoa, Magda Nassar, tamb\u00e9m estar\u00e3o presentes o presidente da Embratur Vinicius Lummertz; o secret\u00e1rio de Estado de Turismo\u00a0 do Rio de Janeiro, Nilo S\u00e9rgio F\u00e9lix; o presidente do TurisRio, Paulo Senise; o secret\u00e1rio Especial de Turismo carioca, Ant\u00f4nio Pedro Figueira de Mello; o presidente da Riotur, Jos\u00e9 Carlos S\u00e1 e o diretor de Opera\u00e7\u00f5es do Pier Mau\u00e1, Am\u00e9rico Relvas da Rocha.<\/p>\n<p style=\"text-align:justify\">\u201cSer\u00e1 um evento magno com a presen\u00e7a dos principais l\u00edderes do turismo, das maiores empresas mar\u00edtimas e num local \u00fanico como a Casa Brasil\u201d, ressaltou a presidente da Abav-RJ, Cristina Fritsch.<\/p>\n<p style=\"text-align:justify\">Durante todo o dia\u00a0v\u00e3o desfilar em seguidos pain\u00e9is, navios e rotas que estar\u00e3o no calend\u00e1rio da temporada\u00a0=\u00a0Norwegian Cruise Lines +\u00a0Carnaval Turismo +\u00a0Costa Cruzeiros +\u00a0CVC +\u00a0Discover Cruises +\u00a0MSC Cruzeiros +\u00a0Qualitours +\u00a0Royal Caribbean +\u00a0The Blue Sea +\u00a0Transmundi +\u00a0Velle Representa\u00e7\u00f5es com a seguinte\u00a0sequ\u00eancia de apresenta\u00e7\u00f5es:<\/p>\n<p style=\"text-align:justify\"><strong>10h30 \u00e0s 11h =<\/strong>\u00a0ABAV Portas Abertas, com os presidentes da Abav, Edmar Bull, e Abav-RJ, Cristina Fritsch<br \/>\n<strong>11h00 \u00e0s 11h15 =<\/strong>\u00a0Palestra Braztoa<br \/>\n<strong>11h15 \u00e0s 11h30 =<\/strong>\u00a0Palestra Abremar<br \/>\n<strong>11h30 \u00e0s 11h50 =<\/strong>\u00a0Costa Cruzeiros<br \/>\n<strong>11h50 \u00e0s\u00a012h10 =<\/strong>\u00a0MSC<br \/>\n<strong>12h10 \u00e0s 12h50 =<\/strong>\u00a0Norwegian Cruise Line<\/p>\n<p style=\"text-align:justify\"><strong>14h00 \u00e0s 14h20 =<\/strong>\u00a0The Blue Sea<br \/>\n<strong>14h20 \u00e0s 15h =<\/strong>\u00a0Transmundi<br \/>\n<strong>15h00 \u00e0s 15h40 =<\/strong>\u00a0Discover Cruises<br \/>\n<strong>15h40 \u00e0s 16h =<\/strong>\u00a0Velle Representa\u00e7\u00f5es<br \/>\n<strong>16h00 \u00e0s 16h40 =<\/strong>\u00a0Qualitours<br \/>\n<strong>16h40 \u00e0s 17h =<\/strong> CVC<br \/>\n<strong>17h00 \u00e0s 17h20\u00a0=<\/strong>\u00a0Royal Caribbean<br \/>\n<strong>17h20 \u00e0s 17h40 =\u00a0<\/strong>Palestra do P\u00eder Mau\u00e1<\/p>\n<p><\/span><\/p>\n","protected":false},"excerpt":{"rendered":"<p>As principais atra\u00e7\u00f5es para a temporada de cruzeiros 2016\/2017 em apresenta\u00e7\u00e3o na Casa Brasil, o centro de turismo das Olimpiadas<\/p>\n","protected":false},"author":1,"featured_media":0,"comment_status":"open","ping_status":"open","sticky":false,"template":"","format":"standard","meta":{"footnotes":""},"categories":[],"tags":[],"class_list":["post-4579","post","type-post","status-publish","format-standard","hentry"],"yoast_head":"<!-- This site is optimized with the Yoast SEO plugin v26.2 - https:\/\/yoast.com\/wordpress\/plugins\/seo\/ -->\n<title>NESTA TER\u00c7A-FEIRA TEM UM DIA DE CRUZEIRO NO RIO DE JANEIRO - Travel3<\/title>\n<meta name=\"description\" content=\"A TRAVEL3 \u00e9 um portal de conte\u00fado voltado para o turismo, encontre destinos, viagens, hospedagem, passagens, guias, not\u00edcias sobre o mercado do turismo, dicas de viagem, v\u00eddeos e podcast.\" \/>\n<meta name=\"robots\" content=\"index, follow, max-snippet:-1, max-image-preview:large, max-video-preview:-1\" \/>\n<link rel=\"canonical\" href=\"https:\/\/www.travel3.com.br\/site\/sem-categoria\/nesta-terca-feira-tem-um-dia-de-cruzeiro-no-rio-de-janeiro\/\" \/>\n<meta property=\"og:locale\" content=\"pt_BR\" \/>\n<meta property=\"og:type\" content=\"article\" \/>\n<meta property=\"og:title\" content=\"NESTA TER\u00c7A-FEIRA TEM UM DIA DE CRUZEIRO NO RIO DE JANEIRO - Travel3\" \/>\n<meta property=\"og:description\" content=\"A TRAVEL3 \u00e9 um portal de conte\u00fado voltado para o turismo, encontre destinos, viagens, hospedagem, passagens, guias, not\u00edcias sobre o mercado do turismo, dicas de viagem, v\u00eddeos e podcast.\" \/>\n<meta property=\"og:url\" content=\"https:\/\/www.travel3.com.br\/site\/sem-categoria\/nesta-terca-feira-tem-um-dia-de-cruzeiro-no-rio-de-janeiro\/\" \/>\n<meta property=\"og:site_name\" content=\"Travel3\" \/>\n<meta property=\"article:publisher\" content=\"https:\/\/www.facebook.com\/travel3media\/\" \/>\n<meta property=\"article:published_time\" content=\"2017-09-05T18:49:59+00:00\" \/>\n<meta name=\"author\" content=\"admin\" \/>\n<meta name=\"twitter:card\" content=\"summary_large_image\" \/>\n<meta name=\"twitter:label1\" content=\"Escrito por\" \/>\n\t<meta name=\"twitter:data1\" content=\"admin\" \/>\n\t<meta name=\"twitter:label2\" content=\"Est. tempo de leitura\" \/>\n\t<meta name=\"twitter:data2\" content=\"2 minutos\" \/>\n<script type=\"application\/ld+json\" class=\"yoast-schema-graph\">{\"@context\":\"https:\/\/schema.org\",\"@graph\":[{\"@type\":\"Article\",\"@id\":\"https:\/\/www.travel3.com.br\/site\/sem-categoria\/nesta-terca-feira-tem-um-dia-de-cruzeiro-no-rio-de-janeiro\/#article\",\"isPartOf\":{\"@id\":\"https:\/\/www.travel3.com.br\/site\/sem-categoria\/nesta-terca-feira-tem-um-dia-de-cruzeiro-no-rio-de-janeiro\/\"},\"author\":{\"name\":\"admin\",\"@id\":\"https:\/\/www.travel3.com.br\/site\/#\/schema\/person\/a69d71e41a024999b6ab82369ac0bd1e\"},\"headline\":\"NESTA TER\u00c7A-FEIRA TEM UM DIA DE CRUZEIRO NO RIO DE JANEIRO\",\"datePublished\":\"2017-09-05T18:49:59+00:00\",\"mainEntityOfPage\":{\"@id\":\"https:\/\/www.travel3.com.br\/site\/sem-categoria\/nesta-terca-feira-tem-um-dia-de-cruzeiro-no-rio-de-janeiro\/\"},\"wordCount\":398,\"commentCount\":0,\"publisher\":{\"@id\":\"https:\/\/www.travel3.com.br\/site\/#organization\"},\"inLanguage\":\"pt-BR\",\"potentialAction\":[{\"@type\":\"CommentAction\",\"name\":\"Comment\",\"target\":[\"https:\/\/www.travel3.com.br\/site\/sem-categoria\/nesta-terca-feira-tem-um-dia-de-cruzeiro-no-rio-de-janeiro\/#respond\"]}]},{\"@type\":\"WebPage\",\"@id\":\"https:\/\/www.travel3.com.br\/site\/sem-categoria\/nesta-terca-feira-tem-um-dia-de-cruzeiro-no-rio-de-janeiro\/\",\"url\":\"https:\/\/www.travel3.com.br\/site\/sem-categoria\/nesta-terca-feira-tem-um-dia-de-cruzeiro-no-rio-de-janeiro\/\",\"name\":\"NESTA TER\u00c7A-FEIRA TEM UM DIA DE CRUZEIRO NO RIO DE JANEIRO - Travel3\",\"isPartOf\":{\"@id\":\"https:\/\/www.travel3.com.br\/site\/#website\"},\"datePublished\":\"2017-09-05T18:49:59+00:00\",\"description\":\"A TRAVEL3 \u00e9 um portal de conte\u00fado voltado para o turismo, encontre destinos, viagens, hospedagem, passagens, guias, not\u00edcias sobre o mercado do turismo, dicas de viagem, v\u00eddeos e podcast.\",\"breadcrumb\":{\"@id\":\"https:\/\/www.travel3.com.br\/site\/sem-categoria\/nesta-terca-feira-tem-um-dia-de-cruzeiro-no-rio-de-janeiro\/#breadcrumb\"},\"inLanguage\":\"pt-BR\",\"potentialAction\":[{\"@type\":\"ReadAction\",\"target\":[\"https:\/\/www.travel3.com.br\/site\/sem-categoria\/nesta-terca-feira-tem-um-dia-de-cruzeiro-no-rio-de-janeiro\/\"]}]},{\"@type\":\"BreadcrumbList\",\"@id\":\"https:\/\/www.travel3.com.br\/site\/sem-categoria\/nesta-terca-feira-tem-um-dia-de-cruzeiro-no-rio-de-janeiro\/#breadcrumb\",\"itemListElement\":[{\"@type\":\"ListItem\",\"position\":1,\"name\":\"In\u00edcio\",\"item\":\"https:\/\/www.travel3.com.br\/site\/\"},{\"@type\":\"ListItem\",\"position\":2,\"name\":\"NESTA TER\u00c7A-FEIRA TEM UM DIA DE CRUZEIRO NO RIO DE JANEIRO\"}]},{\"@type\":\"WebSite\",\"@id\":\"https:\/\/www.travel3.com.br\/site\/#website\",\"url\":\"https:\/\/www.travel3.com.br\/site\/\",\"name\":\"Travel3\",\"description\":\"Lazer + Neg&oacute;cios + Aventura\",\"publisher\":{\"@id\":\"https:\/\/www.travel3.com.br\/site\/#organization\"},\"potentialAction\":[{\"@type\":\"SearchAction\",\"target\":{\"@type\":\"EntryPoint\",\"urlTemplate\":\"https:\/\/www.travel3.com.br\/site\/?s={search_term_string}\"},\"query-input\":{\"@type\":\"PropertyValueSpecification\",\"valueRequired\":true,\"valueName\":\"search_term_string\"}}],\"inLanguage\":\"pt-BR\"},{\"@type\":\"Organization\",\"@id\":\"https:\/\/www.travel3.com.br\/site\/#organization\",\"name\":\"Travel3\",\"url\":\"https:\/\/www.travel3.com.br\/site\/\",\"logo\":{\"@type\":\"ImageObject\",\"inLanguage\":\"pt-BR\",\"@id\":\"https:\/\/www.travel3.com.br\/site\/#\/schema\/logo\/image\/\",\"url\":\"https:\/\/www.travel3.com.br\/site\/wp-content\/uploads\/2020\/01\/logo-travel3-2020.png\",\"contentUrl\":\"https:\/\/www.travel3.com.br\/site\/wp-content\/uploads\/2020\/01\/logo-travel3-2020.png\",\"width\":232,\"height\":79,\"caption\":\"Travel3\"},\"image\":{\"@id\":\"https:\/\/www.travel3.com.br\/site\/#\/schema\/logo\/image\/\"},\"sameAs\":[\"https:\/\/www.facebook.com\/travel3media\/\",\"https:\/\/www.instagram.com\/revistatravel3\/\",\"https:\/\/www.youtube.com\/channel\/UCno7J4paGBR3VbZQzvoJ9Eg\"]},{\"@type\":\"Person\",\"@id\":\"https:\/\/www.travel3.com.br\/site\/#\/schema\/person\/a69d71e41a024999b6ab82369ac0bd1e\",\"name\":\"admin\",\"image\":{\"@type\":\"ImageObject\",\"inLanguage\":\"pt-BR\",\"@id\":\"https:\/\/www.travel3.com.br\/site\/#\/schema\/person\/image\/\",\"url\":\"https:\/\/secure.gravatar.com\/avatar\/732a67adfd764da2a47ba10ce731c4c0?s=96&d=mm&r=g\",\"contentUrl\":\"https:\/\/secure.gravatar.com\/avatar\/732a67adfd764da2a47ba10ce731c4c0?s=96&d=mm&r=g\",\"caption\":\"admin\"},\"url\":\"https:\/\/www.travel3.com.br\/site\/author\/admin\/\"}]}<\/script>\n<!-- \/ Yoast SEO plugin. -->","yoast_head_json":{"title":"NESTA TER\u00c7A-FEIRA TEM UM DIA DE CRUZEIRO NO RIO DE JANEIRO - Travel3","description":"A TRAVEL3 \u00e9 um portal de conte\u00fado voltado para o turismo, encontre destinos, viagens, hospedagem, passagens, guias, not\u00edcias sobre o mercado do turismo, dicas de viagem, v\u00eddeos e podcast.","robots":{"index":"index","follow":"follow","max-snippet":"max-snippet:-1","max-image-preview":"max-image-preview:large","max-video-preview":"max-video-preview:-1"},"canonical":"https:\/\/www.travel3.com.br\/site\/sem-categoria\/nesta-terca-feira-tem-um-dia-de-cruzeiro-no-rio-de-janeiro\/","og_locale":"pt_BR","og_type":"article","og_title":"NESTA TER\u00c7A-FEIRA TEM UM DIA DE CRUZEIRO NO RIO DE JANEIRO - Travel3","og_description":"A TRAVEL3 \u00e9 um portal de conte\u00fado voltado para o turismo, encontre destinos, viagens, hospedagem, passagens, guias, not\u00edcias sobre o mercado do turismo, dicas de viagem, v\u00eddeos e podcast.","og_url":"https:\/\/www.travel3.com.br\/site\/sem-categoria\/nesta-terca-feira-tem-um-dia-de-cruzeiro-no-rio-de-janeiro\/","og_site_name":"Travel3","article_publisher":"https:\/\/www.facebook.com\/travel3media\/","article_published_time":"2017-09-05T18:49:59+00:00","author":"admin","twitter_card":"summary_large_image","twitter_misc":{"Escrito por":"admin","Est. tempo de leitura":"2 minutos"},"schema":{"@context":"https:\/\/schema.org","@graph":[{"@type":"Article","@id":"https:\/\/www.travel3.com.br\/site\/sem-categoria\/nesta-terca-feira-tem-um-dia-de-cruzeiro-no-rio-de-janeiro\/#article","isPartOf":{"@id":"https:\/\/www.travel3.com.br\/site\/sem-categoria\/nesta-terca-feira-tem-um-dia-de-cruzeiro-no-rio-de-janeiro\/"},"author":{"name":"admin","@id":"https:\/\/www.travel3.com.br\/site\/#\/schema\/person\/a69d71e41a024999b6ab82369ac0bd1e"},"headline":"NESTA TER\u00c7A-FEIRA TEM UM DIA DE CRUZEIRO NO RIO DE JANEIRO","datePublished":"2017-09-05T18:49:59+00:00","mainEntityOfPage":{"@id":"https:\/\/www.travel3.com.br\/site\/sem-categoria\/nesta-terca-feira-tem-um-dia-de-cruzeiro-no-rio-de-janeiro\/"},"wordCount":398,"commentCount":0,"publisher":{"@id":"https:\/\/www.travel3.com.br\/site\/#organization"},"inLanguage":"pt-BR","potentialAction":[{"@type":"CommentAction","name":"Comment","target":["https:\/\/www.travel3.com.br\/site\/sem-categoria\/nesta-terca-feira-tem-um-dia-de-cruzeiro-no-rio-de-janeiro\/#respond"]}]},{"@type":"WebPage","@id":"https:\/\/www.travel3.com.br\/site\/sem-categoria\/nesta-terca-feira-tem-um-dia-de-cruzeiro-no-rio-de-janeiro\/","url":"https:\/\/www.travel3.com.br\/site\/sem-categoria\/nesta-terca-feira-tem-um-dia-de-cruzeiro-no-rio-de-janeiro\/","name":"NESTA TER\u00c7A-FEIRA TEM UM DIA DE CRUZEIRO NO RIO DE JANEIRO - Travel3","isPartOf":{"@id":"https:\/\/www.travel3.com.br\/site\/#website"},"datePublished":"2017-09-05T18:49:59+00:00","description":"A TRAVEL3 \u00e9 um portal de conte\u00fado voltado para o turismo, encontre destinos, viagens, hospedagem, passagens, guias, not\u00edcias sobre o mercado do turismo, dicas de viagem, v\u00eddeos e podcast.","breadcrumb":{"@id":"https:\/\/www.travel3.com.br\/site\/sem-categoria\/nesta-terca-feira-tem-um-dia-de-cruzeiro-no-rio-de-janeiro\/#breadcrumb"},"inLanguage":"pt-BR","potentialAction":[{"@type":"ReadAction","target":["https:\/\/www.travel3.com.br\/site\/sem-categoria\/nesta-terca-feira-tem-um-dia-de-cruzeiro-no-rio-de-janeiro\/"]}]},{"@type":"BreadcrumbList","@id":"https:\/\/www.travel3.com.br\/site\/sem-categoria\/nesta-terca-feira-tem-um-dia-de-cruzeiro-no-rio-de-janeiro\/#breadcrumb","itemListElement":[{"@type":"ListItem","position":1,"name":"In\u00edcio","item":"https:\/\/www.travel3.com.br\/site\/"},{"@type":"ListItem","position":2,"name":"NESTA TER\u00c7A-FEIRA TEM UM DIA DE CRUZEIRO NO RIO DE JANEIRO"}]},{"@type":"WebSite","@id":"https:\/\/www.travel3.com.br\/site\/#website","url":"https:\/\/www.travel3.com.br\/site\/","name":"Travel3","description":"Lazer + Neg&oacute;cios + Aventura","publisher":{"@id":"https:\/\/www.travel3.com.br\/site\/#organization"},"potentialAction":[{"@type":"SearchAction","target":{"@type":"EntryPoint","urlTemplate":"https:\/\/www.travel3.com.br\/site\/?s={search_term_string}"},"query-input":{"@type":"PropertyValueSpecification","valueRequired":true,"valueName":"search_term_string"}}],"inLanguage":"pt-BR"},{"@type":"Organization","@id":"https:\/\/www.travel3.com.br\/site\/#organization","name":"Travel3","url":"https:\/\/www.travel3.com.br\/site\/","logo":{"@type":"ImageObject","inLanguage":"pt-BR","@id":"https:\/\/www.travel3.com.br\/site\/#\/schema\/logo\/image\/","url":"https:\/\/www.travel3.com.br\/site\/wp-content\/uploads\/2020\/01\/logo-travel3-2020.png","contentUrl":"https:\/\/www.travel3.com.br\/site\/wp-content\/uploads\/2020\/01\/logo-travel3-2020.png","width":232,"height":79,"caption":"Travel3"},"image":{"@id":"https:\/\/www.travel3.com.br\/site\/#\/schema\/logo\/image\/"},"sameAs":["https:\/\/www.facebook.com\/travel3media\/","https:\/\/www.instagram.com\/revistatravel3\/","https:\/\/www.youtube.com\/channel\/UCno7J4paGBR3VbZQzvoJ9Eg"]},{"@type":"Person","@id":"https:\/\/www.travel3.com.br\/site\/#\/schema\/person\/a69d71e41a024999b6ab82369ac0bd1e","name":"admin","image":{"@type":"ImageObject","inLanguage":"pt-BR","@id":"https:\/\/www.travel3.com.br\/site\/#\/schema\/person\/image\/","url":"https:\/\/secure.gravatar.com\/avatar\/732a67adfd764da2a47ba10ce731c4c0?s=96&d=mm&r=g","contentUrl":"https:\/\/secure.gravatar.com\/avatar\/732a67adfd764da2a47ba10ce731c4c0?s=96&d=mm&r=g","caption":"admin"},"url":"https:\/\/www.travel3.com.br\/site\/author\/admin\/"}]}},"_links":{"self":[{"href":"https:\/\/www.travel3.com.br\/site\/wp-json\/wp\/v2\/posts\/4579","targetHints":{"allow":["GET"]}}],"collection":[{"href":"https:\/\/www.travel3.com.br\/site\/wp-json\/wp\/v2\/posts"}],"about":[{"href":"https:\/\/www.travel3.com.br\/site\/wp-json\/wp\/v2\/types\/post"}],"author":[{"embeddable":true,"href":"https:\/\/www.travel3.com.br\/site\/wp-json\/wp\/v2\/users\/1"}],"replies":[{"embeddable":true,"href":"https:\/\/www.travel3.com.br\/site\/wp-json\/wp\/v2\/comments?post=4579"}],"version-history":[{"count":0,"href":"https:\/\/www.travel3.com.br\/site\/wp-json\/wp\/v2\/posts\/4579\/revisions"}],"wp:attachment":[{"href":"https:\/\/www.travel3.com.br\/site\/wp-json\/wp\/v2\/media?parent=4579"}],"wp:term":[{"taxonomy":"category","embeddable":true,"href":"https:\/\/www.travel3.com.br\/site\/wp-json\/wp\/v2\/categories?post=4579"},{"taxonomy":"post_tag","embeddable":true,"href":"https:\/\/www.travel3.com.br\/site\/wp-json\/wp\/v2\/tags?post=4579"}],"curies":[{"name":"wp","href":"https:\/\/api.w.org\/{rel}","templated":true}]}}