{"id":4574,"date":"2017-09-05T18:52:06","date_gmt":"2017-09-05T18:52:06","guid":{"rendered":"http:\/\/www.travel3.com.br\/site\/ir-e-vir\/ar\/abr-tem-saldo-positivo-na-avirrp-mas-reavalia-participacao-em-2017\/"},"modified":"2017-09-05T18:52:06","modified_gmt":"2017-09-05T18:52:06","slug":"abr-tem-saldo-positivo-na-avirrp-mas-reavalia-participacao-em-2017","status":"publish","type":"post","link":"https:\/\/www.travel3.com.br\/site\/sem-categoria\/abr-tem-saldo-positivo-na-avirrp-mas-reavalia-participacao-em-2017\/","title":{"rendered":"ABR TEM SALDO POSITIVO NA AVIRRP, MAS REAVALIA PARTICIPA\u00c7\u00c3O EM 2017"},"content":{"rendered":"<p><span style=\"color: #40acad; font-family: -apple-system, system-ui, 'Segoe UI', Roboto, Oxygen-Sans, Ubuntu, Cantarell, 'Helvetica Neue', sans-serif; font-size: 12px; font-weight: bold;\"><\/p>\n<p style=\"text-align:justify\"><a class=\"fancybox-media\" href=\"..\/_uploads\/_noticia\/2016-08\/abr-avirrp-2016--1-.jpg\" rel=\"portfolio\"><img decoding=\"async\" alt=\"\" src=\"..\/_uploads\/_noticia\/2016-08\/abr-avirrp-2016--1-.jpg\" \/><\/a><\/p>\n<p style=\"text-align:justify\"><strong>Agentes visitam o estande da ABR no primeiro dia da 20\u00aa Avirrp<\/strong><\/p>\n<p style=\"text-align:justify\">Com a participa\u00e7\u00e3o de 27 resorts associados em seu estande, a Associa\u00e7\u00e3o Brasileira de Resorts (ABR) registrou a participa\u00e7\u00e3o em mais um ano da feira Avirrp, em Ribeir\u00e3o Preto (SP), com saldo positivo. O espa\u00e7o reservado para a entidade, com 100 m\u00b2, estava estrategicamente localizado na entrada do pavilh\u00e3o do evento e repetiu o feito de outras feiras, sendo um dos mais visitados pelos agentes.<\/p>\n<p style=\"text-align:justify\">Estiveram no estande da ABR os resorts: Hot Beach, Mavsa, Bourbon Cataratas e Atibaia, Casa Grande, Le Canton, Portobello, Malai Manso, Tropical Manaus, Rede Plaza, Cost\u00e3o do Santinho, It\u00e1 Thermas, Infinity Blue, Nannai, Costa Brasilis, Cana Brava, Transam\u00e9rica Comandatuba, Ocean Palace, La Torre, Tivoli Praia do Forte, Grand Palladium Imbassa\u00ed, Serhs Natal, Iberostar, Grand Mercure Summerville, Jati\u00faca, Costa do Sau\u00edpe, Pratagy e Mabu.<\/p>\n<p style=\"text-align:justify\"><a class=\"fancybox-media\" href=\"..\/_uploads\/_noticia\/2016-08\/abr-avirrp-2016--2-.jpg\" rel=\"portfolio\"><img decoding=\"async\" alt=\"\" src=\"..\/_uploads\/_noticia\/2016-08\/abr-avirrp-2016--2-.jpg\" \/><\/a><\/p>\n<p style=\"text-align:justify\"><strong>Jo\u00e3o Bueno, diretor executivo da ABR: entidade ir\u00e1 reavaliar a participa\u00e7\u00e3o em feiras no ano que vem<\/strong><\/p>\n<p style=\"text-align:justify\">Mesmo com o tamanho reduzido da feira, o interesse do p\u00fablico nos resorts foi bom e os representantes tiveram a oportunidade de encaminhar neg\u00f3cios com os agentes. \u201cSentimos a falta de algumas operadoras e outros parceiros, como companhias a\u00e9reas, mas o movimento nos corredores foi intenso com muitas visitas aos nossos associados. O saldo foi positivo e a ABR est\u00e1 atenta aos resultados para estudar um novo planejamento para o ano que vem neste setor\u201d, comentou Jo\u00e3o Bueno, diretor executivo da ABR. A defini\u00e7\u00e3o do calend\u00e1rio de 2017 da entidade ocorrer\u00e1 em novembro, quando ser\u00e1 realizada a \u00faltima assembleia geral do ano.<\/p>\n<p style=\"text-align:justify\"><a class=\"fancybox-media\" href=\"..\/_uploads\/_noticia\/2016-08\/abr-avirrp-2016--3-.jpg\" rel=\"portfolio\"><img decoding=\"async\" alt=\"\" src=\"..\/_uploads\/_noticia\/2016-08\/abr-avirrp-2016--3-.jpg\" \/><\/a><\/p>\n<p style=\"text-align:justify\"><strong>Jo\u00e3o Bueno (\u00e0 esq.), diretor executivo da ABR, e Luiz Estev\u00e3o Perdig\u00e3o, executivo de contas do Cana Brava Resort<\/strong><\/p>\n<p style=\"text-align:justify\">\u201cNo segundo dia, a feira foi mais movimentada. Esta \u00e9 uma regi\u00e3o com um p\u00fablico que procura muito os resorts e, para o Cana Brava, \u00e9 importante marcar presen\u00e7a na Avirrp\u201d, disse Luiz Estev\u00e3o Perdig\u00e3o, executivo de contas do Cana Brava Resort, em Ilh\u00e9us (BA).<\/p>\n<p style=\"text-align:justify\">A pr\u00f3xima participa\u00e7\u00e3o da ABR em feiras \u00e9 na Abav, em setembro. Em paralelo, a entidade segue com suas a\u00e7\u00f5es em mais tr\u00eas workshops neste ano: interior de Minas Gerais (14\/9), Campo Grande (18\/10), e Cuiab\u00e1 (20\/10).<\/p>\n<p><\/span><\/p>\n","protected":false},"excerpt":{"rendered":"<p>Com a participa\u00e7\u00e3o de 27 resorts associados, a ABR registrou a participa\u00e7\u00e3o em mais um ano da feira Avirrp com saldo positivo<\/p>\n","protected":false},"author":1,"featured_media":0,"comment_status":"open","ping_status":"open","sticky":false,"template":"","format":"standard","meta":{"footnotes":""},"categories":[],"tags":[],"class_list":["post-4574","post","type-post","status-publish","format-standard","hentry"],"yoast_head":"<!-- This site is optimized with the Yoast SEO plugin v26.2 - https:\/\/yoast.com\/wordpress\/plugins\/seo\/ -->\n<title>ABR TEM SALDO POSITIVO NA AVIRRP, MAS REAVALIA PARTICIPA\u00c7\u00c3O EM 2017 - Travel3<\/title>\n<meta name=\"description\" content=\"A TRAVEL3 \u00e9 um portal de conte\u00fado voltado para o turismo, encontre destinos, viagens, hospedagem, passagens, guias, not\u00edcias sobre o mercado do turismo, dicas de viagem, v\u00eddeos e podcast.\" \/>\n<meta name=\"robots\" content=\"index, follow, max-snippet:-1, max-image-preview:large, max-video-preview:-1\" \/>\n<link rel=\"canonical\" href=\"https:\/\/www.travel3.com.br\/site\/sem-categoria\/abr-tem-saldo-positivo-na-avirrp-mas-reavalia-participacao-em-2017\/\" \/>\n<meta property=\"og:locale\" content=\"pt_BR\" \/>\n<meta property=\"og:type\" content=\"article\" \/>\n<meta property=\"og:title\" content=\"ABR TEM SALDO POSITIVO NA AVIRRP, MAS REAVALIA PARTICIPA\u00c7\u00c3O EM 2017 - Travel3\" \/>\n<meta property=\"og:description\" content=\"A TRAVEL3 \u00e9 um portal de conte\u00fado voltado para o turismo, encontre destinos, viagens, hospedagem, passagens, guias, not\u00edcias sobre o mercado do turismo, dicas de viagem, v\u00eddeos e podcast.\" \/>\n<meta property=\"og:url\" content=\"https:\/\/www.travel3.com.br\/site\/sem-categoria\/abr-tem-saldo-positivo-na-avirrp-mas-reavalia-participacao-em-2017\/\" \/>\n<meta property=\"og:site_name\" content=\"Travel3\" \/>\n<meta property=\"article:publisher\" content=\"https:\/\/www.facebook.com\/travel3media\/\" \/>\n<meta property=\"article:published_time\" content=\"2017-09-05T18:52:06+00:00\" \/>\n<meta name=\"author\" content=\"admin\" \/>\n<meta name=\"twitter:card\" content=\"summary_large_image\" \/>\n<meta name=\"twitter:label1\" content=\"Escrito por\" \/>\n\t<meta name=\"twitter:data1\" content=\"admin\" \/>\n\t<meta name=\"twitter:label2\" content=\"Est. tempo de leitura\" \/>\n\t<meta name=\"twitter:data2\" content=\"2 minutos\" \/>\n<script type=\"application\/ld+json\" class=\"yoast-schema-graph\">{\"@context\":\"https:\/\/schema.org\",\"@graph\":[{\"@type\":\"Article\",\"@id\":\"https:\/\/www.travel3.com.br\/site\/sem-categoria\/abr-tem-saldo-positivo-na-avirrp-mas-reavalia-participacao-em-2017\/#article\",\"isPartOf\":{\"@id\":\"https:\/\/www.travel3.com.br\/site\/sem-categoria\/abr-tem-saldo-positivo-na-avirrp-mas-reavalia-participacao-em-2017\/\"},\"author\":{\"name\":\"admin\",\"@id\":\"https:\/\/www.travel3.com.br\/site\/#\/schema\/person\/a69d71e41a024999b6ab82369ac0bd1e\"},\"headline\":\"ABR TEM SALDO POSITIVO NA AVIRRP, MAS REAVALIA PARTICIPA\u00c7\u00c3O EM 2017\",\"datePublished\":\"2017-09-05T18:52:06+00:00\",\"mainEntityOfPage\":{\"@id\":\"https:\/\/www.travel3.com.br\/site\/sem-categoria\/abr-tem-saldo-positivo-na-avirrp-mas-reavalia-participacao-em-2017\/\"},\"wordCount\":391,\"commentCount\":0,\"publisher\":{\"@id\":\"https:\/\/www.travel3.com.br\/site\/#organization\"},\"inLanguage\":\"pt-BR\",\"potentialAction\":[{\"@type\":\"CommentAction\",\"name\":\"Comment\",\"target\":[\"https:\/\/www.travel3.com.br\/site\/sem-categoria\/abr-tem-saldo-positivo-na-avirrp-mas-reavalia-participacao-em-2017\/#respond\"]}]},{\"@type\":\"WebPage\",\"@id\":\"https:\/\/www.travel3.com.br\/site\/sem-categoria\/abr-tem-saldo-positivo-na-avirrp-mas-reavalia-participacao-em-2017\/\",\"url\":\"https:\/\/www.travel3.com.br\/site\/sem-categoria\/abr-tem-saldo-positivo-na-avirrp-mas-reavalia-participacao-em-2017\/\",\"name\":\"ABR TEM SALDO POSITIVO NA AVIRRP, MAS REAVALIA PARTICIPA\u00c7\u00c3O EM 2017 - Travel3\",\"isPartOf\":{\"@id\":\"https:\/\/www.travel3.com.br\/site\/#website\"},\"datePublished\":\"2017-09-05T18:52:06+00:00\",\"description\":\"A TRAVEL3 \u00e9 um portal de conte\u00fado voltado para o turismo, encontre destinos, viagens, hospedagem, passagens, guias, not\u00edcias sobre o mercado do turismo, dicas de viagem, v\u00eddeos e podcast.\",\"breadcrumb\":{\"@id\":\"https:\/\/www.travel3.com.br\/site\/sem-categoria\/abr-tem-saldo-positivo-na-avirrp-mas-reavalia-participacao-em-2017\/#breadcrumb\"},\"inLanguage\":\"pt-BR\",\"potentialAction\":[{\"@type\":\"ReadAction\",\"target\":[\"https:\/\/www.travel3.com.br\/site\/sem-categoria\/abr-tem-saldo-positivo-na-avirrp-mas-reavalia-participacao-em-2017\/\"]}]},{\"@type\":\"BreadcrumbList\",\"@id\":\"https:\/\/www.travel3.com.br\/site\/sem-categoria\/abr-tem-saldo-positivo-na-avirrp-mas-reavalia-participacao-em-2017\/#breadcrumb\",\"itemListElement\":[{\"@type\":\"ListItem\",\"position\":1,\"name\":\"In\u00edcio\",\"item\":\"https:\/\/www.travel3.com.br\/site\/\"},{\"@type\":\"ListItem\",\"position\":2,\"name\":\"ABR TEM SALDO POSITIVO NA AVIRRP, MAS REAVALIA PARTICIPA\u00c7\u00c3O EM 2017\"}]},{\"@type\":\"WebSite\",\"@id\":\"https:\/\/www.travel3.com.br\/site\/#website\",\"url\":\"https:\/\/www.travel3.com.br\/site\/\",\"name\":\"Travel3\",\"description\":\"Lazer + Neg&oacute;cios + Aventura\",\"publisher\":{\"@id\":\"https:\/\/www.travel3.com.br\/site\/#organization\"},\"potentialAction\":[{\"@type\":\"SearchAction\",\"target\":{\"@type\":\"EntryPoint\",\"urlTemplate\":\"https:\/\/www.travel3.com.br\/site\/?s={search_term_string}\"},\"query-input\":{\"@type\":\"PropertyValueSpecification\",\"valueRequired\":true,\"valueName\":\"search_term_string\"}}],\"inLanguage\":\"pt-BR\"},{\"@type\":\"Organization\",\"@id\":\"https:\/\/www.travel3.com.br\/site\/#organization\",\"name\":\"Travel3\",\"url\":\"https:\/\/www.travel3.com.br\/site\/\",\"logo\":{\"@type\":\"ImageObject\",\"inLanguage\":\"pt-BR\",\"@id\":\"https:\/\/www.travel3.com.br\/site\/#\/schema\/logo\/image\/\",\"url\":\"https:\/\/www.travel3.com.br\/site\/wp-content\/uploads\/2020\/01\/logo-travel3-2020.png\",\"contentUrl\":\"https:\/\/www.travel3.com.br\/site\/wp-content\/uploads\/2020\/01\/logo-travel3-2020.png\",\"width\":232,\"height\":79,\"caption\":\"Travel3\"},\"image\":{\"@id\":\"https:\/\/www.travel3.com.br\/site\/#\/schema\/logo\/image\/\"},\"sameAs\":[\"https:\/\/www.facebook.com\/travel3media\/\",\"https:\/\/www.instagram.com\/revistatravel3\/\",\"https:\/\/www.youtube.com\/channel\/UCno7J4paGBR3VbZQzvoJ9Eg\"]},{\"@type\":\"Person\",\"@id\":\"https:\/\/www.travel3.com.br\/site\/#\/schema\/person\/a69d71e41a024999b6ab82369ac0bd1e\",\"name\":\"admin\",\"image\":{\"@type\":\"ImageObject\",\"inLanguage\":\"pt-BR\",\"@id\":\"https:\/\/www.travel3.com.br\/site\/#\/schema\/person\/image\/\",\"url\":\"https:\/\/secure.gravatar.com\/avatar\/732a67adfd764da2a47ba10ce731c4c0?s=96&d=mm&r=g\",\"contentUrl\":\"https:\/\/secure.gravatar.com\/avatar\/732a67adfd764da2a47ba10ce731c4c0?s=96&d=mm&r=g\",\"caption\":\"admin\"},\"url\":\"https:\/\/www.travel3.com.br\/site\/author\/admin\/\"}]}<\/script>\n<!-- \/ Yoast SEO plugin. -->","yoast_head_json":{"title":"ABR TEM SALDO POSITIVO NA AVIRRP, MAS REAVALIA PARTICIPA\u00c7\u00c3O EM 2017 - Travel3","description":"A TRAVEL3 \u00e9 um portal de conte\u00fado voltado para o turismo, encontre destinos, viagens, hospedagem, passagens, guias, not\u00edcias sobre o mercado do turismo, dicas de viagem, v\u00eddeos e podcast.","robots":{"index":"index","follow":"follow","max-snippet":"max-snippet:-1","max-image-preview":"max-image-preview:large","max-video-preview":"max-video-preview:-1"},"canonical":"https:\/\/www.travel3.com.br\/site\/sem-categoria\/abr-tem-saldo-positivo-na-avirrp-mas-reavalia-participacao-em-2017\/","og_locale":"pt_BR","og_type":"article","og_title":"ABR TEM SALDO POSITIVO NA AVIRRP, MAS REAVALIA PARTICIPA\u00c7\u00c3O EM 2017 - Travel3","og_description":"A TRAVEL3 \u00e9 um portal de conte\u00fado voltado para o turismo, encontre destinos, viagens, hospedagem, passagens, guias, not\u00edcias sobre o mercado do turismo, dicas de viagem, v\u00eddeos e podcast.","og_url":"https:\/\/www.travel3.com.br\/site\/sem-categoria\/abr-tem-saldo-positivo-na-avirrp-mas-reavalia-participacao-em-2017\/","og_site_name":"Travel3","article_publisher":"https:\/\/www.facebook.com\/travel3media\/","article_published_time":"2017-09-05T18:52:06+00:00","author":"admin","twitter_card":"summary_large_image","twitter_misc":{"Escrito por":"admin","Est. tempo de leitura":"2 minutos"},"schema":{"@context":"https:\/\/schema.org","@graph":[{"@type":"Article","@id":"https:\/\/www.travel3.com.br\/site\/sem-categoria\/abr-tem-saldo-positivo-na-avirrp-mas-reavalia-participacao-em-2017\/#article","isPartOf":{"@id":"https:\/\/www.travel3.com.br\/site\/sem-categoria\/abr-tem-saldo-positivo-na-avirrp-mas-reavalia-participacao-em-2017\/"},"author":{"name":"admin","@id":"https:\/\/www.travel3.com.br\/site\/#\/schema\/person\/a69d71e41a024999b6ab82369ac0bd1e"},"headline":"ABR TEM SALDO POSITIVO NA AVIRRP, MAS REAVALIA PARTICIPA\u00c7\u00c3O EM 2017","datePublished":"2017-09-05T18:52:06+00:00","mainEntityOfPage":{"@id":"https:\/\/www.travel3.com.br\/site\/sem-categoria\/abr-tem-saldo-positivo-na-avirrp-mas-reavalia-participacao-em-2017\/"},"wordCount":391,"commentCount":0,"publisher":{"@id":"https:\/\/www.travel3.com.br\/site\/#organization"},"inLanguage":"pt-BR","potentialAction":[{"@type":"CommentAction","name":"Comment","target":["https:\/\/www.travel3.com.br\/site\/sem-categoria\/abr-tem-saldo-positivo-na-avirrp-mas-reavalia-participacao-em-2017\/#respond"]}]},{"@type":"WebPage","@id":"https:\/\/www.travel3.com.br\/site\/sem-categoria\/abr-tem-saldo-positivo-na-avirrp-mas-reavalia-participacao-em-2017\/","url":"https:\/\/www.travel3.com.br\/site\/sem-categoria\/abr-tem-saldo-positivo-na-avirrp-mas-reavalia-participacao-em-2017\/","name":"ABR TEM SALDO POSITIVO NA AVIRRP, MAS REAVALIA PARTICIPA\u00c7\u00c3O EM 2017 - Travel3","isPartOf":{"@id":"https:\/\/www.travel3.com.br\/site\/#website"},"datePublished":"2017-09-05T18:52:06+00:00","description":"A TRAVEL3 \u00e9 um portal de conte\u00fado voltado para o turismo, encontre destinos, viagens, hospedagem, passagens, guias, not\u00edcias sobre o mercado do turismo, dicas de viagem, v\u00eddeos e podcast.","breadcrumb":{"@id":"https:\/\/www.travel3.com.br\/site\/sem-categoria\/abr-tem-saldo-positivo-na-avirrp-mas-reavalia-participacao-em-2017\/#breadcrumb"},"inLanguage":"pt-BR","potentialAction":[{"@type":"ReadAction","target":["https:\/\/www.travel3.com.br\/site\/sem-categoria\/abr-tem-saldo-positivo-na-avirrp-mas-reavalia-participacao-em-2017\/"]}]},{"@type":"BreadcrumbList","@id":"https:\/\/www.travel3.com.br\/site\/sem-categoria\/abr-tem-saldo-positivo-na-avirrp-mas-reavalia-participacao-em-2017\/#breadcrumb","itemListElement":[{"@type":"ListItem","position":1,"name":"In\u00edcio","item":"https:\/\/www.travel3.com.br\/site\/"},{"@type":"ListItem","position":2,"name":"ABR TEM SALDO POSITIVO NA AVIRRP, MAS REAVALIA PARTICIPA\u00c7\u00c3O EM 2017"}]},{"@type":"WebSite","@id":"https:\/\/www.travel3.com.br\/site\/#website","url":"https:\/\/www.travel3.com.br\/site\/","name":"Travel3","description":"Lazer + Neg&oacute;cios + Aventura","publisher":{"@id":"https:\/\/www.travel3.com.br\/site\/#organization"},"potentialAction":[{"@type":"SearchAction","target":{"@type":"EntryPoint","urlTemplate":"https:\/\/www.travel3.com.br\/site\/?s={search_term_string}"},"query-input":{"@type":"PropertyValueSpecification","valueRequired":true,"valueName":"search_term_string"}}],"inLanguage":"pt-BR"},{"@type":"Organization","@id":"https:\/\/www.travel3.com.br\/site\/#organization","name":"Travel3","url":"https:\/\/www.travel3.com.br\/site\/","logo":{"@type":"ImageObject","inLanguage":"pt-BR","@id":"https:\/\/www.travel3.com.br\/site\/#\/schema\/logo\/image\/","url":"https:\/\/www.travel3.com.br\/site\/wp-content\/uploads\/2020\/01\/logo-travel3-2020.png","contentUrl":"https:\/\/www.travel3.com.br\/site\/wp-content\/uploads\/2020\/01\/logo-travel3-2020.png","width":232,"height":79,"caption":"Travel3"},"image":{"@id":"https:\/\/www.travel3.com.br\/site\/#\/schema\/logo\/image\/"},"sameAs":["https:\/\/www.facebook.com\/travel3media\/","https:\/\/www.instagram.com\/revistatravel3\/","https:\/\/www.youtube.com\/channel\/UCno7J4paGBR3VbZQzvoJ9Eg"]},{"@type":"Person","@id":"https:\/\/www.travel3.com.br\/site\/#\/schema\/person\/a69d71e41a024999b6ab82369ac0bd1e","name":"admin","image":{"@type":"ImageObject","inLanguage":"pt-BR","@id":"https:\/\/www.travel3.com.br\/site\/#\/schema\/person\/image\/","url":"https:\/\/secure.gravatar.com\/avatar\/732a67adfd764da2a47ba10ce731c4c0?s=96&d=mm&r=g","contentUrl":"https:\/\/secure.gravatar.com\/avatar\/732a67adfd764da2a47ba10ce731c4c0?s=96&d=mm&r=g","caption":"admin"},"url":"https:\/\/www.travel3.com.br\/site\/author\/admin\/"}]}},"_links":{"self":[{"href":"https:\/\/www.travel3.com.br\/site\/wp-json\/wp\/v2\/posts\/4574","targetHints":{"allow":["GET"]}}],"collection":[{"href":"https:\/\/www.travel3.com.br\/site\/wp-json\/wp\/v2\/posts"}],"about":[{"href":"https:\/\/www.travel3.com.br\/site\/wp-json\/wp\/v2\/types\/post"}],"author":[{"embeddable":true,"href":"https:\/\/www.travel3.com.br\/site\/wp-json\/wp\/v2\/users\/1"}],"replies":[{"embeddable":true,"href":"https:\/\/www.travel3.com.br\/site\/wp-json\/wp\/v2\/comments?post=4574"}],"version-history":[{"count":0,"href":"https:\/\/www.travel3.com.br\/site\/wp-json\/wp\/v2\/posts\/4574\/revisions"}],"wp:attachment":[{"href":"https:\/\/www.travel3.com.br\/site\/wp-json\/wp\/v2\/media?parent=4574"}],"wp:term":[{"taxonomy":"category","embeddable":true,"href":"https:\/\/www.travel3.com.br\/site\/wp-json\/wp\/v2\/categories?post=4574"},{"taxonomy":"post_tag","embeddable":true,"href":"https:\/\/www.travel3.com.br\/site\/wp-json\/wp\/v2\/tags?post=4574"}],"curies":[{"name":"wp","href":"https:\/\/api.w.org\/{rel}","templated":true}]}}