{"id":4526,"date":"2017-08-24T15:15:42","date_gmt":"2017-08-24T15:15:42","guid":{"rendered":"http:\/\/www.travel3.com.br\/site\/ir-e-vir\/ar\/turismo-da-nova-zelandia-anuncia-nova-executiva-de-mercado\/"},"modified":"2017-08-24T15:15:42","modified_gmt":"2017-08-24T15:15:42","slug":"turismo-da-nova-zelandia-anuncia-nova-executiva-de-mercado","status":"publish","type":"post","link":"https:\/\/www.travel3.com.br\/site\/sem-categoria\/turismo-da-nova-zelandia-anuncia-nova-executiva-de-mercado\/","title":{"rendered":"TURISMO DA NOVA ZEL\u00c2NDIA ANUNCIA NOVA EXECUTIVA DE MERCADO"},"content":{"rendered":"<p><span style=\"color: #40acad; font-family: -apple-system, system-ui, 'Segoe UI', Roboto, Oxygen-Sans, Ubuntu, Cantarell, 'Helvetica Neue', sans-serif; font-size: 12px; font-weight: bold;\"><\/p>\n<p><a class=\"fancybox-media\" href=\"..\/_uploads\/_noticia\/2016-08\/florencia-lizarazu-foto.jpg\" rel=\"portfolio\"><img decoding=\"async\" alt=\"\" src=\"..\/_uploads\/_noticia\/2016-08\/florencia-lizarazu-foto.jpg\" \/><\/a><strong>Com mais de 10 anos de experi\u00eancia no Turismo, Florencia sempre quis trabalhar com a Nova Zel\u00e2ndia (foto: Divulga\u00e7\u00e3o)<\/strong><\/p>\n<p>O escrit\u00f3rio de representa\u00e7\u00e3o do Turismo da Nova Zel\u00e2ndia na Am\u00e9rica do Sul, baseado em S\u00e3o Paulo, acaba de anunciar a contrata\u00e7\u00e3o da executiva de mercado Florencia Lizarazu. Com mais de dez anos de experi\u00eancia no Turismo, Florencia foi contratada para promover o destino na Argentina em uma parceria com a Air New Zealand.<\/p>\n<p>Em Buenos Aires, a executiva trabalhar\u00e1 no escrit\u00f3rio da companhia a\u00e9rea e tamb\u00e9m se dedicar\u00e1 \u00e0 promo\u00e7\u00e3o do voo conectando Buenos Aires a Auckland, a maior cidade da Nova Zel\u00e2ndia. \u201c\u00c9 um grande desafio e tamb\u00e9m muito emocionante trabalhar para um pa\u00eds com o qual tenho uma liga\u00e7\u00e3o t\u00e3o forte.\u201d<\/p>\n<p>Florencia come\u00e7ou sua trajet\u00f3ria profissional no departamento comercial da Organizaci\u00f3n Piamonte, famosa operadora argentina de turismo. Antes de assumir o cargo de executiva de contas da King Midas, tamb\u00e9m em Buenos Aires, ela viajou o mundo visitando e conhecendo melhor outros destinos, entre eles a Nova Zel\u00e2ndia. \u201cMe encantei e desde ent\u00e3o sempre quis trabalhar com o pa\u00eds.\u201d<\/p>\n<p>Os contatos profissionais de Florencia s\u00e3o pelo telefone +54 (911) 2573-2267 e pelo e-mail florencia.lizarazu@tnz.govt.nz.<\/p>\n<p><strong>Destino<\/strong><br \/>\nO gerente geral do Turismo da Nova Zel\u00e2ndia para a Am\u00e9rica do Sul, Karem Basulto, est\u00e1 \u00e0 frente da opera\u00e7\u00e3o e ressaltou a import\u00e2ncia de ter uma funcion\u00e1ria dedicada \u00e0 Argentina. \u201cO n\u00famero de argentinos que viaja \u00e0 Nova Zel\u00e2ndia aumenta m\u00eas a m\u00eas e estamos batendo recordes desde o in\u00edcio da opera\u00e7\u00e3o da Air New Zealand.\u201d<\/p>\n<p>De acordo com dados rec\u00e9m divulgados pelo Turismo da Nova Zel\u00e2ndia, o n\u00famero de argentinos que visitou a Nova Zel\u00e2ndia de junho de 2015 a junho de 2016 cresceu 184,1% em rela\u00e7\u00e3o ao ano anterior, um salto de 4.032 para 11.456 pessoas.<\/p>\n<p>No mesmo per\u00edodo, o Brasil enviou 12.736 turistas ao pa\u00eds da Oceania, n\u00famero recorde desde que o escrit\u00f3rio da Nova Zel\u00e2ndia iniciou sua opera\u00e7\u00e3o em S\u00e3o Paulo, em 2013. \u201cCom resultados t\u00e3o fortes nos nossos mercados, temos todos os motivos do mundo para comemorar\u201d, completa Basulto.<\/p>\n<p>A nova rota da Air New Zealand conectando a Argentina \u00e0 Nova Zel\u00e2ndia come\u00e7ou em 1 de dezembro de 2015. S\u00e3o tr\u00eas voos semanais, \u00e0s ter\u00e7as, sextas e domingo, com dura\u00e7\u00e3o de 13 horas. Para quem parte do Brasil, a conex\u00e3o \u00e9 feita pela Aerolineas Argentinas, parceira oficial da Air New Zealand. Saiba mais sobre os voos da Air New Zealand pelo site <a href=\"http:\/\/www.airnewzealand-br.com\" target=\"_blank\">www.airnewzealand-br.com<\/a><\/p>\n<p><\/span><\/p>\n","protected":false},"excerpt":{"rendered":"<p>Florencia Lizarazu trabalhar\u00e1 em parceria com a Air New Zealand para promover o destino e o novo voo direto de Buenos Aires a Auckland<\/p>\n","protected":false},"author":1,"featured_media":0,"comment_status":"open","ping_status":"open","sticky":false,"template":"","format":"standard","meta":{"footnotes":""},"categories":[],"tags":[],"class_list":["post-4526","post","type-post","status-publish","format-standard","hentry"],"yoast_head":"<!-- This site is optimized with the Yoast SEO plugin v26.2 - https:\/\/yoast.com\/wordpress\/plugins\/seo\/ -->\n<title>TURISMO DA NOVA ZEL\u00c2NDIA ANUNCIA NOVA EXECUTIVA DE MERCADO - Travel3<\/title>\n<meta name=\"description\" content=\"A TRAVEL3 \u00e9 um portal de conte\u00fado voltado para o turismo, encontre destinos, viagens, hospedagem, passagens, guias, not\u00edcias sobre o mercado do turismo, dicas de viagem, v\u00eddeos e podcast.\" \/>\n<meta name=\"robots\" content=\"index, follow, max-snippet:-1, max-image-preview:large, max-video-preview:-1\" \/>\n<link rel=\"canonical\" href=\"https:\/\/www.travel3.com.br\/site\/sem-categoria\/turismo-da-nova-zelandia-anuncia-nova-executiva-de-mercado\/\" \/>\n<meta property=\"og:locale\" content=\"pt_BR\" \/>\n<meta property=\"og:type\" content=\"article\" \/>\n<meta property=\"og:title\" content=\"TURISMO DA NOVA ZEL\u00c2NDIA ANUNCIA NOVA EXECUTIVA DE MERCADO - Travel3\" \/>\n<meta property=\"og:description\" content=\"A TRAVEL3 \u00e9 um portal de conte\u00fado voltado para o turismo, encontre destinos, viagens, hospedagem, passagens, guias, not\u00edcias sobre o mercado do turismo, dicas de viagem, v\u00eddeos e podcast.\" \/>\n<meta property=\"og:url\" content=\"https:\/\/www.travel3.com.br\/site\/sem-categoria\/turismo-da-nova-zelandia-anuncia-nova-executiva-de-mercado\/\" \/>\n<meta property=\"og:site_name\" content=\"Travel3\" \/>\n<meta property=\"article:publisher\" content=\"https:\/\/www.facebook.com\/travel3media\/\" \/>\n<meta property=\"article:published_time\" content=\"2017-08-24T15:15:42+00:00\" \/>\n<meta name=\"author\" content=\"admin\" \/>\n<meta name=\"twitter:card\" content=\"summary_large_image\" \/>\n<meta name=\"twitter:label1\" content=\"Escrito por\" \/>\n\t<meta name=\"twitter:data1\" content=\"admin\" \/>\n\t<meta name=\"twitter:label2\" content=\"Est. tempo de leitura\" \/>\n\t<meta name=\"twitter:data2\" content=\"2 minutos\" \/>\n<script type=\"application\/ld+json\" class=\"yoast-schema-graph\">{\"@context\":\"https:\/\/schema.org\",\"@graph\":[{\"@type\":\"Article\",\"@id\":\"https:\/\/www.travel3.com.br\/site\/sem-categoria\/turismo-da-nova-zelandia-anuncia-nova-executiva-de-mercado\/#article\",\"isPartOf\":{\"@id\":\"https:\/\/www.travel3.com.br\/site\/sem-categoria\/turismo-da-nova-zelandia-anuncia-nova-executiva-de-mercado\/\"},\"author\":{\"name\":\"admin\",\"@id\":\"https:\/\/www.travel3.com.br\/site\/#\/schema\/person\/a69d71e41a024999b6ab82369ac0bd1e\"},\"headline\":\"TURISMO DA NOVA ZEL\u00c2NDIA ANUNCIA NOVA EXECUTIVA DE MERCADO\",\"datePublished\":\"2017-08-24T15:15:42+00:00\",\"mainEntityOfPage\":{\"@id\":\"https:\/\/www.travel3.com.br\/site\/sem-categoria\/turismo-da-nova-zelandia-anuncia-nova-executiva-de-mercado\/\"},\"wordCount\":460,\"commentCount\":0,\"publisher\":{\"@id\":\"https:\/\/www.travel3.com.br\/site\/#organization\"},\"inLanguage\":\"pt-BR\",\"potentialAction\":[{\"@type\":\"CommentAction\",\"name\":\"Comment\",\"target\":[\"https:\/\/www.travel3.com.br\/site\/sem-categoria\/turismo-da-nova-zelandia-anuncia-nova-executiva-de-mercado\/#respond\"]}]},{\"@type\":\"WebPage\",\"@id\":\"https:\/\/www.travel3.com.br\/site\/sem-categoria\/turismo-da-nova-zelandia-anuncia-nova-executiva-de-mercado\/\",\"url\":\"https:\/\/www.travel3.com.br\/site\/sem-categoria\/turismo-da-nova-zelandia-anuncia-nova-executiva-de-mercado\/\",\"name\":\"TURISMO DA NOVA ZEL\u00c2NDIA ANUNCIA NOVA EXECUTIVA DE MERCADO - Travel3\",\"isPartOf\":{\"@id\":\"https:\/\/www.travel3.com.br\/site\/#website\"},\"datePublished\":\"2017-08-24T15:15:42+00:00\",\"description\":\"A TRAVEL3 \u00e9 um portal de conte\u00fado voltado para o turismo, encontre destinos, viagens, hospedagem, passagens, guias, not\u00edcias sobre o mercado do turismo, dicas de viagem, v\u00eddeos e podcast.\",\"breadcrumb\":{\"@id\":\"https:\/\/www.travel3.com.br\/site\/sem-categoria\/turismo-da-nova-zelandia-anuncia-nova-executiva-de-mercado\/#breadcrumb\"},\"inLanguage\":\"pt-BR\",\"potentialAction\":[{\"@type\":\"ReadAction\",\"target\":[\"https:\/\/www.travel3.com.br\/site\/sem-categoria\/turismo-da-nova-zelandia-anuncia-nova-executiva-de-mercado\/\"]}]},{\"@type\":\"BreadcrumbList\",\"@id\":\"https:\/\/www.travel3.com.br\/site\/sem-categoria\/turismo-da-nova-zelandia-anuncia-nova-executiva-de-mercado\/#breadcrumb\",\"itemListElement\":[{\"@type\":\"ListItem\",\"position\":1,\"name\":\"In\u00edcio\",\"item\":\"https:\/\/www.travel3.com.br\/site\/\"},{\"@type\":\"ListItem\",\"position\":2,\"name\":\"TURISMO DA NOVA ZEL\u00c2NDIA ANUNCIA NOVA EXECUTIVA DE MERCADO\"}]},{\"@type\":\"WebSite\",\"@id\":\"https:\/\/www.travel3.com.br\/site\/#website\",\"url\":\"https:\/\/www.travel3.com.br\/site\/\",\"name\":\"Travel3\",\"description\":\"Lazer + Neg&oacute;cios + Aventura\",\"publisher\":{\"@id\":\"https:\/\/www.travel3.com.br\/site\/#organization\"},\"potentialAction\":[{\"@type\":\"SearchAction\",\"target\":{\"@type\":\"EntryPoint\",\"urlTemplate\":\"https:\/\/www.travel3.com.br\/site\/?s={search_term_string}\"},\"query-input\":{\"@type\":\"PropertyValueSpecification\",\"valueRequired\":true,\"valueName\":\"search_term_string\"}}],\"inLanguage\":\"pt-BR\"},{\"@type\":\"Organization\",\"@id\":\"https:\/\/www.travel3.com.br\/site\/#organization\",\"name\":\"Travel3\",\"url\":\"https:\/\/www.travel3.com.br\/site\/\",\"logo\":{\"@type\":\"ImageObject\",\"inLanguage\":\"pt-BR\",\"@id\":\"https:\/\/www.travel3.com.br\/site\/#\/schema\/logo\/image\/\",\"url\":\"https:\/\/www.travel3.com.br\/site\/wp-content\/uploads\/2020\/01\/logo-travel3-2020.png\",\"contentUrl\":\"https:\/\/www.travel3.com.br\/site\/wp-content\/uploads\/2020\/01\/logo-travel3-2020.png\",\"width\":232,\"height\":79,\"caption\":\"Travel3\"},\"image\":{\"@id\":\"https:\/\/www.travel3.com.br\/site\/#\/schema\/logo\/image\/\"},\"sameAs\":[\"https:\/\/www.facebook.com\/travel3media\/\",\"https:\/\/www.instagram.com\/revistatravel3\/\",\"https:\/\/www.youtube.com\/channel\/UCno7J4paGBR3VbZQzvoJ9Eg\"]},{\"@type\":\"Person\",\"@id\":\"https:\/\/www.travel3.com.br\/site\/#\/schema\/person\/a69d71e41a024999b6ab82369ac0bd1e\",\"name\":\"admin\",\"image\":{\"@type\":\"ImageObject\",\"inLanguage\":\"pt-BR\",\"@id\":\"https:\/\/www.travel3.com.br\/site\/#\/schema\/person\/image\/\",\"url\":\"https:\/\/secure.gravatar.com\/avatar\/732a67adfd764da2a47ba10ce731c4c0?s=96&d=mm&r=g\",\"contentUrl\":\"https:\/\/secure.gravatar.com\/avatar\/732a67adfd764da2a47ba10ce731c4c0?s=96&d=mm&r=g\",\"caption\":\"admin\"},\"url\":\"https:\/\/www.travel3.com.br\/site\/author\/admin\/\"}]}<\/script>\n<!-- \/ Yoast SEO plugin. -->","yoast_head_json":{"title":"TURISMO DA NOVA ZEL\u00c2NDIA ANUNCIA NOVA EXECUTIVA DE MERCADO - Travel3","description":"A TRAVEL3 \u00e9 um portal de conte\u00fado voltado para o turismo, encontre destinos, viagens, hospedagem, passagens, guias, not\u00edcias sobre o mercado do turismo, dicas de viagem, v\u00eddeos e podcast.","robots":{"index":"index","follow":"follow","max-snippet":"max-snippet:-1","max-image-preview":"max-image-preview:large","max-video-preview":"max-video-preview:-1"},"canonical":"https:\/\/www.travel3.com.br\/site\/sem-categoria\/turismo-da-nova-zelandia-anuncia-nova-executiva-de-mercado\/","og_locale":"pt_BR","og_type":"article","og_title":"TURISMO DA NOVA ZEL\u00c2NDIA ANUNCIA NOVA EXECUTIVA DE MERCADO - Travel3","og_description":"A TRAVEL3 \u00e9 um portal de conte\u00fado voltado para o turismo, encontre destinos, viagens, hospedagem, passagens, guias, not\u00edcias sobre o mercado do turismo, dicas de viagem, v\u00eddeos e podcast.","og_url":"https:\/\/www.travel3.com.br\/site\/sem-categoria\/turismo-da-nova-zelandia-anuncia-nova-executiva-de-mercado\/","og_site_name":"Travel3","article_publisher":"https:\/\/www.facebook.com\/travel3media\/","article_published_time":"2017-08-24T15:15:42+00:00","author":"admin","twitter_card":"summary_large_image","twitter_misc":{"Escrito por":"admin","Est. tempo de leitura":"2 minutos"},"schema":{"@context":"https:\/\/schema.org","@graph":[{"@type":"Article","@id":"https:\/\/www.travel3.com.br\/site\/sem-categoria\/turismo-da-nova-zelandia-anuncia-nova-executiva-de-mercado\/#article","isPartOf":{"@id":"https:\/\/www.travel3.com.br\/site\/sem-categoria\/turismo-da-nova-zelandia-anuncia-nova-executiva-de-mercado\/"},"author":{"name":"admin","@id":"https:\/\/www.travel3.com.br\/site\/#\/schema\/person\/a69d71e41a024999b6ab82369ac0bd1e"},"headline":"TURISMO DA NOVA ZEL\u00c2NDIA ANUNCIA NOVA EXECUTIVA DE MERCADO","datePublished":"2017-08-24T15:15:42+00:00","mainEntityOfPage":{"@id":"https:\/\/www.travel3.com.br\/site\/sem-categoria\/turismo-da-nova-zelandia-anuncia-nova-executiva-de-mercado\/"},"wordCount":460,"commentCount":0,"publisher":{"@id":"https:\/\/www.travel3.com.br\/site\/#organization"},"inLanguage":"pt-BR","potentialAction":[{"@type":"CommentAction","name":"Comment","target":["https:\/\/www.travel3.com.br\/site\/sem-categoria\/turismo-da-nova-zelandia-anuncia-nova-executiva-de-mercado\/#respond"]}]},{"@type":"WebPage","@id":"https:\/\/www.travel3.com.br\/site\/sem-categoria\/turismo-da-nova-zelandia-anuncia-nova-executiva-de-mercado\/","url":"https:\/\/www.travel3.com.br\/site\/sem-categoria\/turismo-da-nova-zelandia-anuncia-nova-executiva-de-mercado\/","name":"TURISMO DA NOVA ZEL\u00c2NDIA ANUNCIA NOVA EXECUTIVA DE MERCADO - Travel3","isPartOf":{"@id":"https:\/\/www.travel3.com.br\/site\/#website"},"datePublished":"2017-08-24T15:15:42+00:00","description":"A TRAVEL3 \u00e9 um portal de conte\u00fado voltado para o turismo, encontre destinos, viagens, hospedagem, passagens, guias, not\u00edcias sobre o mercado do turismo, dicas de viagem, v\u00eddeos e podcast.","breadcrumb":{"@id":"https:\/\/www.travel3.com.br\/site\/sem-categoria\/turismo-da-nova-zelandia-anuncia-nova-executiva-de-mercado\/#breadcrumb"},"inLanguage":"pt-BR","potentialAction":[{"@type":"ReadAction","target":["https:\/\/www.travel3.com.br\/site\/sem-categoria\/turismo-da-nova-zelandia-anuncia-nova-executiva-de-mercado\/"]}]},{"@type":"BreadcrumbList","@id":"https:\/\/www.travel3.com.br\/site\/sem-categoria\/turismo-da-nova-zelandia-anuncia-nova-executiva-de-mercado\/#breadcrumb","itemListElement":[{"@type":"ListItem","position":1,"name":"In\u00edcio","item":"https:\/\/www.travel3.com.br\/site\/"},{"@type":"ListItem","position":2,"name":"TURISMO DA NOVA ZEL\u00c2NDIA ANUNCIA NOVA EXECUTIVA DE MERCADO"}]},{"@type":"WebSite","@id":"https:\/\/www.travel3.com.br\/site\/#website","url":"https:\/\/www.travel3.com.br\/site\/","name":"Travel3","description":"Lazer + Neg&oacute;cios + Aventura","publisher":{"@id":"https:\/\/www.travel3.com.br\/site\/#organization"},"potentialAction":[{"@type":"SearchAction","target":{"@type":"EntryPoint","urlTemplate":"https:\/\/www.travel3.com.br\/site\/?s={search_term_string}"},"query-input":{"@type":"PropertyValueSpecification","valueRequired":true,"valueName":"search_term_string"}}],"inLanguage":"pt-BR"},{"@type":"Organization","@id":"https:\/\/www.travel3.com.br\/site\/#organization","name":"Travel3","url":"https:\/\/www.travel3.com.br\/site\/","logo":{"@type":"ImageObject","inLanguage":"pt-BR","@id":"https:\/\/www.travel3.com.br\/site\/#\/schema\/logo\/image\/","url":"https:\/\/www.travel3.com.br\/site\/wp-content\/uploads\/2020\/01\/logo-travel3-2020.png","contentUrl":"https:\/\/www.travel3.com.br\/site\/wp-content\/uploads\/2020\/01\/logo-travel3-2020.png","width":232,"height":79,"caption":"Travel3"},"image":{"@id":"https:\/\/www.travel3.com.br\/site\/#\/schema\/logo\/image\/"},"sameAs":["https:\/\/www.facebook.com\/travel3media\/","https:\/\/www.instagram.com\/revistatravel3\/","https:\/\/www.youtube.com\/channel\/UCno7J4paGBR3VbZQzvoJ9Eg"]},{"@type":"Person","@id":"https:\/\/www.travel3.com.br\/site\/#\/schema\/person\/a69d71e41a024999b6ab82369ac0bd1e","name":"admin","image":{"@type":"ImageObject","inLanguage":"pt-BR","@id":"https:\/\/www.travel3.com.br\/site\/#\/schema\/person\/image\/","url":"https:\/\/secure.gravatar.com\/avatar\/732a67adfd764da2a47ba10ce731c4c0?s=96&d=mm&r=g","contentUrl":"https:\/\/secure.gravatar.com\/avatar\/732a67adfd764da2a47ba10ce731c4c0?s=96&d=mm&r=g","caption":"admin"},"url":"https:\/\/www.travel3.com.br\/site\/author\/admin\/"}]}},"_links":{"self":[{"href":"https:\/\/www.travel3.com.br\/site\/wp-json\/wp\/v2\/posts\/4526","targetHints":{"allow":["GET"]}}],"collection":[{"href":"https:\/\/www.travel3.com.br\/site\/wp-json\/wp\/v2\/posts"}],"about":[{"href":"https:\/\/www.travel3.com.br\/site\/wp-json\/wp\/v2\/types\/post"}],"author":[{"embeddable":true,"href":"https:\/\/www.travel3.com.br\/site\/wp-json\/wp\/v2\/users\/1"}],"replies":[{"embeddable":true,"href":"https:\/\/www.travel3.com.br\/site\/wp-json\/wp\/v2\/comments?post=4526"}],"version-history":[{"count":0,"href":"https:\/\/www.travel3.com.br\/site\/wp-json\/wp\/v2\/posts\/4526\/revisions"}],"wp:attachment":[{"href":"https:\/\/www.travel3.com.br\/site\/wp-json\/wp\/v2\/media?parent=4526"}],"wp:term":[{"taxonomy":"category","embeddable":true,"href":"https:\/\/www.travel3.com.br\/site\/wp-json\/wp\/v2\/categories?post=4526"},{"taxonomy":"post_tag","embeddable":true,"href":"https:\/\/www.travel3.com.br\/site\/wp-json\/wp\/v2\/tags?post=4526"}],"curies":[{"name":"wp","href":"https:\/\/api.w.org\/{rel}","templated":true}]}}