{"id":4509,"date":"2017-09-11T05:52:58","date_gmt":"2017-09-11T05:52:58","guid":{"rendered":"http:\/\/www.travel3.com.br\/site\/ir-e-vir\/ar\/holiday-inn-anhembi-ganha-um-espaco-perfumado\/"},"modified":"2017-09-11T05:52:58","modified_gmt":"2017-09-11T05:52:58","slug":"holiday-inn-anhembi-ganha-um-espaco-perfumado","status":"publish","type":"post","link":"https:\/\/www.travel3.com.br\/site\/sem-categoria\/holiday-inn-anhembi-ganha-um-espaco-perfumado\/","title":{"rendered":"HOLIDAY INN ANHEMBI GANHA UM ESPA\u00c7O PERFUMADO"},"content":{"rendered":"<p><span style=\"color: #40acad; font-family: -apple-system, system-ui, 'Segoe UI', Roboto, Oxygen-Sans, Ubuntu, Cantarell, 'Helvetica Neue', sans-serif; font-size: 12px; font-weight: bold;\"><\/p>\n<p style=\"text-align:justify\"><a class=\"fancybox-media\" href=\"..\/_uploads\/_noticia\/2016-08\/dscn6685--2-.jpg\" rel=\"portfolio\"><img decoding=\"async\" alt=\"\" src=\"..\/_uploads\/_noticia\/2016-08\/dscn6685--2-.jpg\" \/><\/a><\/p>\n<p style=\"text-align:justify\"><strong>S\u00c3O PAULO <\/strong>\u2013 Foi o pr\u00f3prio gerente geral Fl\u00e1vio Andrade quem teve a id\u00e9ia ao conhecer a perfumista Julia de Biase, uma mulher que tem paix\u00e3o por aromas, mais ainda pelas ess\u00eancias \u00e1rabes. A partir da\u00ed um trabalho intenso para chegar \u00e0 inaugura\u00e7\u00e3o desta quinta \u00e0 noite (11), no primeiro evento que o Holiday Inn Anhembi teve no seu lobby. Ao lado est\u00e1 o quiosque de perfumes, com os produtos exclusivos idealizados por Julia e tamb\u00e9m as representa\u00e7\u00f5es especiais que det\u00e9m junto \u00e0 esmerada perfumaria de pa\u00edses \u00e1rabes.<\/p>\n<p style=\"text-align:justify\"><a class=\"fancybox-media\" href=\"..\/_uploads\/_noticia\/2016-08\/dscn6656.jpg\" rel=\"portfolio\"><img decoding=\"async\" alt=\"\" src=\"..\/_uploads\/_noticia\/2016-08\/dscn6656.jpg\" \/><\/a><\/p>\n<p style=\"text-align:justify\">E todo o ambiente girou em torno do perfume. \u2018\u00c9 o reconhecimento da alma\u2019, destacou a empres\u00e1ria em seu pronunciamento, quando disse que desde 2008 foi abduzida pelos aromas, e deixou a profiss\u00e3o estabelecida de arquiteta para viajar pelo mundo \u00e1rabe \u2013 visitando pa\u00edses como Bahrein, Kuwait, Om\u00e3, Jord\u00e2nia, Tunisia e Marrocos \u2013 construindo uma forma\u00e7\u00e3o de especiarias que resultaram em algumas cria\u00e7\u00f5es pr\u00f3prias.<\/p>\n<p style=\"text-align:justify\"><a class=\"fancybox-media\" href=\"..\/_uploads\/_noticia\/2016-08\/dscn6678--2-.jpg\" rel=\"portfolio\"><img decoding=\"async\" alt=\"\" src=\"..\/_uploads\/_noticia\/2016-08\/dscn6678--2-.jpg\" \/><\/a><\/p>\n<p style=\"text-align:justify\"><strong>Este, com sua embalagem especial, \u00e9 um dos mais valiosos entre os perfumes\u00a0 dispon\u00edveis no quiosque<\/strong><\/p>\n<p style=\"text-align:justify\">Os demais \u2013 com in\u00fameras sugest\u00f5es para os clientes \u2013 vem de tr\u00eas empresas do Oriente M\u00e9dio. Destaque principal \u00e9 a linha a partir da ess\u00eancia do Oud, madeira nobre de 3 mil anos do sul da Mal\u00e1sia. \u2018O \u00f3leo essencial \u00e9 uma esp\u00e9cie rara. Tem valor mais alto que o ouro\u2019, explica a perfumista, entusiasmada com a\u00a0 ocasi\u00e3o deste novo empreendimento e pr\u00f3xima de completar o primeiro ano da sua loja, nos Jardins. Dia 23 de setembro, far\u00e1 o lan\u00e7amento da linha pr\u00f3pria apresentada em avant-parfum no evento do Holiday Inn.<\/p>\n<p style=\"text-align:justify\"><a class=\"fancybox-media\" href=\"..\/_uploads\/_noticia\/2016-08\/dscn6664.jpg\" rel=\"portfolio\"><img decoding=\"async\" alt=\"\" src=\"..\/_uploads\/_noticia\/2016-08\/dscn6664.jpg\" \/><\/a><\/p>\n<p style=\"text-align:justify\">O significado da ocasi\u00e3o teve cerimonia de consagra\u00e7\u00e3o ao feminino, ressaltada pela presen\u00e7a da fam\u00edlia, amigos e convidados. \u2018O perfume \u00e9 um resgaste da nossa ess\u00eancia\u2019, reverenciou Julia que recebeu muitos votos de sucesso pela iniciativa.<\/p>\n<p style=\"text-align:justify\"><a class=\"fancybox-media\" href=\"..\/_uploads\/_noticia\/2016-08\/2dscn6670.jpg\" rel=\"portfolio\"><img decoding=\"async\" alt=\"\" src=\"..\/_uploads\/_noticia\/2016-08\/2dscn6670.jpg\" \/><\/a><\/p>\n<p style=\"text-align:justify\">A percep\u00e7\u00e3o de exclusividade e luxo, o aroma marcante e o estilo pr\u00f3prio evidenciam que a Al Zahra tem os perfumes como j\u00f3ias que s\u00e3o, uma sofistica\u00e7\u00e3o que ressalta o ambiente. E esta caracter\u00edstica o Holiday Inn Anhembi, vem mostrando ao inovar em servi\u00e7os especiais \u2013 o sal\u00e3o de beleza, \u00a0a academia\u00a0 e outros projetos\u00a0 \u2013 tanto que depois do quiosque de perfumes tem oportunidades em aberto para acrescentar\u00a0 mais\u00a0 ambientes exclusivos.<\/p>\n<p style=\"text-align:justify\"><a class=\"fancybox-media\" href=\"..\/_uploads\/_noticia\/2016-08\/dscn6683--2-.jpg\" rel=\"portfolio\"><img decoding=\"async\" alt=\"\" src=\"..\/_uploads\/_noticia\/2016-08\/dscn6683--2-.jpg\" \/><\/a><\/p>\n<p style=\"text-align:justify\"><strong>Milena Dante diretora de vendas &#038; Marketing e o gerente geral Fl\u00e1vio Andrade, fizeram as honras do Holiday Inn Anhembi, hotel do grupo IHG <\/strong><\/p>\n<p style=\"text-align:justify\">A noite festiva teve um intenso movimento entre os convidados, servidos pelos produtos do sajrestaurante, com destaque para o Homus,\u00a0 e completado pela especialidade do caf\u00e9 Octavio.<\/p>\n<p style=\"text-align:justify\"><a class=\"fancybox-media\" href=\"..\/_uploads\/_noticia\/2016-08\/dscn6655.jpg\" rel=\"portfolio\"><img decoding=\"async\" alt=\"\" src=\"..\/_uploads\/_noticia\/2016-08\/dscn6655.jpg\" \/><\/a><\/p>\n<p style=\"text-align:justify\">\u00a0<\/p>\n<p style=\"text-align:justify\">Houve m\u00fasica, com c\u00edtara e canto, exposi\u00e7\u00e3o com o hist\u00f3rico do perfume e a apresenta\u00e7\u00e3o do quiosque, com as especiarias que al\u00e9m de despertar a curiosidade para os h\u00f3spedes, certamente dar\u00e3o um qu\u00ea arom\u00e1tico como nenhum outro hotel tem. \u00a0<\/p>\n<p style=\"text-align:justify\"><a class=\"fancybox-media\" href=\"..\/_uploads\/_noticia\/2016-08\/dscn6651.jpg\" rel=\"portfolio\"><img decoding=\"async\" alt=\"\" src=\"..\/_uploads\/_noticia\/2016-08\/dscn6651.jpg\" \/><\/a> O Holiday Inn Anhembi \u00e9 o maior hotel do pais em numero de apartamentos, 780 no total, e segue como refer\u00eancia de hospedagem para os principais eventos entre feiras e congressos realizados na regi\u00e3o que envolve o centro de conven\u00e7\u00f5es e tamb\u00e9m o Center Norte, onde ser\u00e1 realizado neste ano a feira da Abav e Encontro Comercial Braztoa.<\/p>\n<p>\u00a0<\/p>\n<p>\u00a0<\/p>\n<p>\u00a0<\/p>\n<p>\u00a0<\/p>\n<p>\u00a0<\/p>\n<p>\u00a0<\/p>\n<p>\u00a0<\/p>\n<p>\u00a0<\/p>\n<p>\u00a0<\/p>\n<p>\u00a0<\/p>\n<p><\/span><\/p>\n","protected":false},"excerpt":{"rendered":"<p>Inova\u00e7\u00e3o para o hotel em parceria com a Al Zahra, linha de produtos exclusivos com perfumes e ess\u00eancias do Oriente<\/p>\n","protected":false},"author":1,"featured_media":0,"comment_status":"open","ping_status":"open","sticky":false,"template":"","format":"standard","meta":{"footnotes":""},"categories":[],"tags":[],"class_list":["post-4509","post","type-post","status-publish","format-standard","hentry"],"yoast_head":"<!-- This site is optimized with the Yoast SEO plugin v26.2 - https:\/\/yoast.com\/wordpress\/plugins\/seo\/ -->\n<title>HOLIDAY INN ANHEMBI GANHA UM ESPA\u00c7O PERFUMADO - Travel3<\/title>\n<meta name=\"description\" content=\"A TRAVEL3 \u00e9 um portal de conte\u00fado voltado para o turismo, encontre destinos, viagens, hospedagem, passagens, guias, not\u00edcias sobre o mercado do turismo, dicas de viagem, v\u00eddeos e podcast.\" \/>\n<meta name=\"robots\" content=\"index, follow, max-snippet:-1, max-image-preview:large, max-video-preview:-1\" \/>\n<link rel=\"canonical\" href=\"https:\/\/www.travel3.com.br\/site\/sem-categoria\/holiday-inn-anhembi-ganha-um-espaco-perfumado\/\" \/>\n<meta property=\"og:locale\" content=\"pt_BR\" \/>\n<meta property=\"og:type\" content=\"article\" \/>\n<meta property=\"og:title\" content=\"HOLIDAY INN ANHEMBI GANHA UM ESPA\u00c7O PERFUMADO - Travel3\" \/>\n<meta property=\"og:description\" content=\"A TRAVEL3 \u00e9 um portal de conte\u00fado voltado para o turismo, encontre destinos, viagens, hospedagem, passagens, guias, not\u00edcias sobre o mercado do turismo, dicas de viagem, v\u00eddeos e podcast.\" \/>\n<meta property=\"og:url\" content=\"https:\/\/www.travel3.com.br\/site\/sem-categoria\/holiday-inn-anhembi-ganha-um-espaco-perfumado\/\" \/>\n<meta property=\"og:site_name\" content=\"Travel3\" \/>\n<meta property=\"article:publisher\" content=\"https:\/\/www.facebook.com\/travel3media\/\" \/>\n<meta property=\"article:published_time\" content=\"2017-09-11T05:52:58+00:00\" \/>\n<meta name=\"author\" content=\"admin\" \/>\n<meta name=\"twitter:card\" content=\"summary_large_image\" \/>\n<meta name=\"twitter:label1\" content=\"Escrito por\" \/>\n\t<meta name=\"twitter:data1\" content=\"admin\" \/>\n\t<meta name=\"twitter:label2\" content=\"Est. tempo de leitura\" \/>\n\t<meta name=\"twitter:data2\" content=\"3 minutos\" \/>\n<script type=\"application\/ld+json\" class=\"yoast-schema-graph\">{\"@context\":\"https:\/\/schema.org\",\"@graph\":[{\"@type\":\"Article\",\"@id\":\"https:\/\/www.travel3.com.br\/site\/sem-categoria\/holiday-inn-anhembi-ganha-um-espaco-perfumado\/#article\",\"isPartOf\":{\"@id\":\"https:\/\/www.travel3.com.br\/site\/sem-categoria\/holiday-inn-anhembi-ganha-um-espaco-perfumado\/\"},\"author\":{\"name\":\"admin\",\"@id\":\"https:\/\/www.travel3.com.br\/site\/#\/schema\/person\/a69d71e41a024999b6ab82369ac0bd1e\"},\"headline\":\"HOLIDAY INN ANHEMBI GANHA UM ESPA\u00c7O PERFUMADO\",\"datePublished\":\"2017-09-11T05:52:58+00:00\",\"mainEntityOfPage\":{\"@id\":\"https:\/\/www.travel3.com.br\/site\/sem-categoria\/holiday-inn-anhembi-ganha-um-espaco-perfumado\/\"},\"wordCount\":559,\"commentCount\":0,\"publisher\":{\"@id\":\"https:\/\/www.travel3.com.br\/site\/#organization\"},\"inLanguage\":\"pt-BR\",\"potentialAction\":[{\"@type\":\"CommentAction\",\"name\":\"Comment\",\"target\":[\"https:\/\/www.travel3.com.br\/site\/sem-categoria\/holiday-inn-anhembi-ganha-um-espaco-perfumado\/#respond\"]}]},{\"@type\":\"WebPage\",\"@id\":\"https:\/\/www.travel3.com.br\/site\/sem-categoria\/holiday-inn-anhembi-ganha-um-espaco-perfumado\/\",\"url\":\"https:\/\/www.travel3.com.br\/site\/sem-categoria\/holiday-inn-anhembi-ganha-um-espaco-perfumado\/\",\"name\":\"HOLIDAY INN ANHEMBI GANHA UM ESPA\u00c7O PERFUMADO - Travel3\",\"isPartOf\":{\"@id\":\"https:\/\/www.travel3.com.br\/site\/#website\"},\"datePublished\":\"2017-09-11T05:52:58+00:00\",\"description\":\"A TRAVEL3 \u00e9 um portal de conte\u00fado voltado para o turismo, encontre destinos, viagens, hospedagem, passagens, guias, not\u00edcias sobre o mercado do turismo, dicas de viagem, v\u00eddeos e podcast.\",\"breadcrumb\":{\"@id\":\"https:\/\/www.travel3.com.br\/site\/sem-categoria\/holiday-inn-anhembi-ganha-um-espaco-perfumado\/#breadcrumb\"},\"inLanguage\":\"pt-BR\",\"potentialAction\":[{\"@type\":\"ReadAction\",\"target\":[\"https:\/\/www.travel3.com.br\/site\/sem-categoria\/holiday-inn-anhembi-ganha-um-espaco-perfumado\/\"]}]},{\"@type\":\"BreadcrumbList\",\"@id\":\"https:\/\/www.travel3.com.br\/site\/sem-categoria\/holiday-inn-anhembi-ganha-um-espaco-perfumado\/#breadcrumb\",\"itemListElement\":[{\"@type\":\"ListItem\",\"position\":1,\"name\":\"In\u00edcio\",\"item\":\"https:\/\/www.travel3.com.br\/site\/\"},{\"@type\":\"ListItem\",\"position\":2,\"name\":\"HOLIDAY INN ANHEMBI GANHA UM ESPA\u00c7O PERFUMADO\"}]},{\"@type\":\"WebSite\",\"@id\":\"https:\/\/www.travel3.com.br\/site\/#website\",\"url\":\"https:\/\/www.travel3.com.br\/site\/\",\"name\":\"Travel3\",\"description\":\"Lazer + Neg&oacute;cios + Aventura\",\"publisher\":{\"@id\":\"https:\/\/www.travel3.com.br\/site\/#organization\"},\"potentialAction\":[{\"@type\":\"SearchAction\",\"target\":{\"@type\":\"EntryPoint\",\"urlTemplate\":\"https:\/\/www.travel3.com.br\/site\/?s={search_term_string}\"},\"query-input\":{\"@type\":\"PropertyValueSpecification\",\"valueRequired\":true,\"valueName\":\"search_term_string\"}}],\"inLanguage\":\"pt-BR\"},{\"@type\":\"Organization\",\"@id\":\"https:\/\/www.travel3.com.br\/site\/#organization\",\"name\":\"Travel3\",\"url\":\"https:\/\/www.travel3.com.br\/site\/\",\"logo\":{\"@type\":\"ImageObject\",\"inLanguage\":\"pt-BR\",\"@id\":\"https:\/\/www.travel3.com.br\/site\/#\/schema\/logo\/image\/\",\"url\":\"https:\/\/www.travel3.com.br\/site\/wp-content\/uploads\/2020\/01\/logo-travel3-2020.png\",\"contentUrl\":\"https:\/\/www.travel3.com.br\/site\/wp-content\/uploads\/2020\/01\/logo-travel3-2020.png\",\"width\":232,\"height\":79,\"caption\":\"Travel3\"},\"image\":{\"@id\":\"https:\/\/www.travel3.com.br\/site\/#\/schema\/logo\/image\/\"},\"sameAs\":[\"https:\/\/www.facebook.com\/travel3media\/\",\"https:\/\/www.instagram.com\/revistatravel3\/\",\"https:\/\/www.youtube.com\/channel\/UCno7J4paGBR3VbZQzvoJ9Eg\"]},{\"@type\":\"Person\",\"@id\":\"https:\/\/www.travel3.com.br\/site\/#\/schema\/person\/a69d71e41a024999b6ab82369ac0bd1e\",\"name\":\"admin\",\"image\":{\"@type\":\"ImageObject\",\"inLanguage\":\"pt-BR\",\"@id\":\"https:\/\/www.travel3.com.br\/site\/#\/schema\/person\/image\/\",\"url\":\"https:\/\/secure.gravatar.com\/avatar\/732a67adfd764da2a47ba10ce731c4c0?s=96&d=mm&r=g\",\"contentUrl\":\"https:\/\/secure.gravatar.com\/avatar\/732a67adfd764da2a47ba10ce731c4c0?s=96&d=mm&r=g\",\"caption\":\"admin\"},\"url\":\"https:\/\/www.travel3.com.br\/site\/author\/admin\/\"}]}<\/script>\n<!-- \/ Yoast SEO plugin. -->","yoast_head_json":{"title":"HOLIDAY INN ANHEMBI GANHA UM ESPA\u00c7O PERFUMADO - Travel3","description":"A TRAVEL3 \u00e9 um portal de conte\u00fado voltado para o turismo, encontre destinos, viagens, hospedagem, passagens, guias, not\u00edcias sobre o mercado do turismo, dicas de viagem, v\u00eddeos e podcast.","robots":{"index":"index","follow":"follow","max-snippet":"max-snippet:-1","max-image-preview":"max-image-preview:large","max-video-preview":"max-video-preview:-1"},"canonical":"https:\/\/www.travel3.com.br\/site\/sem-categoria\/holiday-inn-anhembi-ganha-um-espaco-perfumado\/","og_locale":"pt_BR","og_type":"article","og_title":"HOLIDAY INN ANHEMBI GANHA UM ESPA\u00c7O PERFUMADO - Travel3","og_description":"A TRAVEL3 \u00e9 um portal de conte\u00fado voltado para o turismo, encontre destinos, viagens, hospedagem, passagens, guias, not\u00edcias sobre o mercado do turismo, dicas de viagem, v\u00eddeos e podcast.","og_url":"https:\/\/www.travel3.com.br\/site\/sem-categoria\/holiday-inn-anhembi-ganha-um-espaco-perfumado\/","og_site_name":"Travel3","article_publisher":"https:\/\/www.facebook.com\/travel3media\/","article_published_time":"2017-09-11T05:52:58+00:00","author":"admin","twitter_card":"summary_large_image","twitter_misc":{"Escrito por":"admin","Est. tempo de leitura":"3 minutos"},"schema":{"@context":"https:\/\/schema.org","@graph":[{"@type":"Article","@id":"https:\/\/www.travel3.com.br\/site\/sem-categoria\/holiday-inn-anhembi-ganha-um-espaco-perfumado\/#article","isPartOf":{"@id":"https:\/\/www.travel3.com.br\/site\/sem-categoria\/holiday-inn-anhembi-ganha-um-espaco-perfumado\/"},"author":{"name":"admin","@id":"https:\/\/www.travel3.com.br\/site\/#\/schema\/person\/a69d71e41a024999b6ab82369ac0bd1e"},"headline":"HOLIDAY INN ANHEMBI GANHA UM ESPA\u00c7O PERFUMADO","datePublished":"2017-09-11T05:52:58+00:00","mainEntityOfPage":{"@id":"https:\/\/www.travel3.com.br\/site\/sem-categoria\/holiday-inn-anhembi-ganha-um-espaco-perfumado\/"},"wordCount":559,"commentCount":0,"publisher":{"@id":"https:\/\/www.travel3.com.br\/site\/#organization"},"inLanguage":"pt-BR","potentialAction":[{"@type":"CommentAction","name":"Comment","target":["https:\/\/www.travel3.com.br\/site\/sem-categoria\/holiday-inn-anhembi-ganha-um-espaco-perfumado\/#respond"]}]},{"@type":"WebPage","@id":"https:\/\/www.travel3.com.br\/site\/sem-categoria\/holiday-inn-anhembi-ganha-um-espaco-perfumado\/","url":"https:\/\/www.travel3.com.br\/site\/sem-categoria\/holiday-inn-anhembi-ganha-um-espaco-perfumado\/","name":"HOLIDAY INN ANHEMBI GANHA UM ESPA\u00c7O PERFUMADO - Travel3","isPartOf":{"@id":"https:\/\/www.travel3.com.br\/site\/#website"},"datePublished":"2017-09-11T05:52:58+00:00","description":"A TRAVEL3 \u00e9 um portal de conte\u00fado voltado para o turismo, encontre destinos, viagens, hospedagem, passagens, guias, not\u00edcias sobre o mercado do turismo, dicas de viagem, v\u00eddeos e podcast.","breadcrumb":{"@id":"https:\/\/www.travel3.com.br\/site\/sem-categoria\/holiday-inn-anhembi-ganha-um-espaco-perfumado\/#breadcrumb"},"inLanguage":"pt-BR","potentialAction":[{"@type":"ReadAction","target":["https:\/\/www.travel3.com.br\/site\/sem-categoria\/holiday-inn-anhembi-ganha-um-espaco-perfumado\/"]}]},{"@type":"BreadcrumbList","@id":"https:\/\/www.travel3.com.br\/site\/sem-categoria\/holiday-inn-anhembi-ganha-um-espaco-perfumado\/#breadcrumb","itemListElement":[{"@type":"ListItem","position":1,"name":"In\u00edcio","item":"https:\/\/www.travel3.com.br\/site\/"},{"@type":"ListItem","position":2,"name":"HOLIDAY INN ANHEMBI GANHA UM ESPA\u00c7O PERFUMADO"}]},{"@type":"WebSite","@id":"https:\/\/www.travel3.com.br\/site\/#website","url":"https:\/\/www.travel3.com.br\/site\/","name":"Travel3","description":"Lazer + Neg&oacute;cios + Aventura","publisher":{"@id":"https:\/\/www.travel3.com.br\/site\/#organization"},"potentialAction":[{"@type":"SearchAction","target":{"@type":"EntryPoint","urlTemplate":"https:\/\/www.travel3.com.br\/site\/?s={search_term_string}"},"query-input":{"@type":"PropertyValueSpecification","valueRequired":true,"valueName":"search_term_string"}}],"inLanguage":"pt-BR"},{"@type":"Organization","@id":"https:\/\/www.travel3.com.br\/site\/#organization","name":"Travel3","url":"https:\/\/www.travel3.com.br\/site\/","logo":{"@type":"ImageObject","inLanguage":"pt-BR","@id":"https:\/\/www.travel3.com.br\/site\/#\/schema\/logo\/image\/","url":"https:\/\/www.travel3.com.br\/site\/wp-content\/uploads\/2020\/01\/logo-travel3-2020.png","contentUrl":"https:\/\/www.travel3.com.br\/site\/wp-content\/uploads\/2020\/01\/logo-travel3-2020.png","width":232,"height":79,"caption":"Travel3"},"image":{"@id":"https:\/\/www.travel3.com.br\/site\/#\/schema\/logo\/image\/"},"sameAs":["https:\/\/www.facebook.com\/travel3media\/","https:\/\/www.instagram.com\/revistatravel3\/","https:\/\/www.youtube.com\/channel\/UCno7J4paGBR3VbZQzvoJ9Eg"]},{"@type":"Person","@id":"https:\/\/www.travel3.com.br\/site\/#\/schema\/person\/a69d71e41a024999b6ab82369ac0bd1e","name":"admin","image":{"@type":"ImageObject","inLanguage":"pt-BR","@id":"https:\/\/www.travel3.com.br\/site\/#\/schema\/person\/image\/","url":"https:\/\/secure.gravatar.com\/avatar\/732a67adfd764da2a47ba10ce731c4c0?s=96&d=mm&r=g","contentUrl":"https:\/\/secure.gravatar.com\/avatar\/732a67adfd764da2a47ba10ce731c4c0?s=96&d=mm&r=g","caption":"admin"},"url":"https:\/\/www.travel3.com.br\/site\/author\/admin\/"}]}},"_links":{"self":[{"href":"https:\/\/www.travel3.com.br\/site\/wp-json\/wp\/v2\/posts\/4509","targetHints":{"allow":["GET"]}}],"collection":[{"href":"https:\/\/www.travel3.com.br\/site\/wp-json\/wp\/v2\/posts"}],"about":[{"href":"https:\/\/www.travel3.com.br\/site\/wp-json\/wp\/v2\/types\/post"}],"author":[{"embeddable":true,"href":"https:\/\/www.travel3.com.br\/site\/wp-json\/wp\/v2\/users\/1"}],"replies":[{"embeddable":true,"href":"https:\/\/www.travel3.com.br\/site\/wp-json\/wp\/v2\/comments?post=4509"}],"version-history":[{"count":0,"href":"https:\/\/www.travel3.com.br\/site\/wp-json\/wp\/v2\/posts\/4509\/revisions"}],"wp:attachment":[{"href":"https:\/\/www.travel3.com.br\/site\/wp-json\/wp\/v2\/media?parent=4509"}],"wp:term":[{"taxonomy":"category","embeddable":true,"href":"https:\/\/www.travel3.com.br\/site\/wp-json\/wp\/v2\/categories?post=4509"},{"taxonomy":"post_tag","embeddable":true,"href":"https:\/\/www.travel3.com.br\/site\/wp-json\/wp\/v2\/tags?post=4509"}],"curies":[{"name":"wp","href":"https:\/\/api.w.org\/{rel}","templated":true}]}}