{"id":4477,"date":"2017-08-06T15:34:47","date_gmt":"2017-08-06T15:34:47","guid":{"rendered":"http:\/\/www.travel3.com.br\/site\/ir-e-vir\/ar\/primeira-semana-foi-sucesso-na-avaliacao-do-coi\/"},"modified":"2017-08-06T15:34:47","modified_gmt":"2017-08-06T15:34:47","slug":"primeira-semana-foi-sucesso-na-avaliacao-do-coi","status":"publish","type":"post","link":"https:\/\/www.travel3.com.br\/site\/sem-categoria\/primeira-semana-foi-sucesso-na-avaliacao-do-coi\/","title":{"rendered":"PRIMEIRA SEMANA FOI SUCESSO NA AVALIA\u00c7\u00c3O DO COI"},"content":{"rendered":"<p><span style=\"color: #40acad; font-family: -apple-system, system-ui, 'Segoe UI', Roboto, Oxygen-Sans, Ubuntu, Cantarell, 'Helvetica Neue', sans-serif; font-size: 12px; font-weight: bold;\"><\/p>\n<p style=\"text-align:justify\">O Brasil realiza no Rio de Janeiro a primeira Olimp\u00edada na Am\u00e9rica do Sul e completada a primeira semana o saldo consegue ser positivo e de supera\u00e7\u00f5es. Na avalia\u00e7\u00e3o de Christophe Dubi, diretor-executivo do Comit\u00ea Ol\u00edmpico Internacional (COI), \u00a0o evento tem colocado \u201csorrisos nos rostos das pessoas. Podemos dizer que os brasileiros e cariocas entregaram o que prometeram. Eles prometeram instala\u00e7\u00f5es fant\u00e1sticas e as temos. Disseram que entregariam infraestrutura para cidade, antes dos jogos, e foi exatamente o que fizeram&#8221;.<\/p>\n<p style=\"text-align:justify\"><a class=\"fancybox-media\" href=\"..\/_uploads\/_noticia\/2016-08\/olimpiadasimagemdetorcedorparamentado--2-.jpg\" rel=\"portfolio\"><img decoding=\"async\" alt=\"\" src=\"..\/_uploads\/_noticia\/2016-08\/olimpiadasimagemdetorcedorparamentado--2-.jpg\" \/><\/a><\/p>\n<p style=\"text-align:justify\"><strong>Torcedor brasileiro olimpico e paramentado circulando pelo boulevard<\/strong><\/p>\n<p style=\"text-align:justify\">Reclama\u00e7\u00f5es s\u00e3o consideradas pelo COI como dentro de um quadro aceit\u00e1vel, incluindo estrutura das arenas e aspectos de seguran\u00e7a, mas os empolgantes e emocionantes momentos pr\u00f3digos nas competi\u00e7\u00f5es tanto para quem est\u00e1 participando, ou assistindo, s\u00e3o acima da m\u00e9dia, e ainda tem que ser acrescentada a t\u00e3o lembrada cerim\u00f4nia de abertura.<\/p>\n<p style=\"text-align:justify\"><a class=\"fancybox-media\" href=\"..\/_uploads\/_noticia\/2016-08\/jogoscelebracaoprimeirasemana--2-.jpg\" rel=\"portfolio\"><img decoding=\"async\" alt=\"\" src=\"..\/_uploads\/_noticia\/2016-08\/jogoscelebracaoprimeirasemana--2-.jpg\" \/><\/a><\/p>\n<p>Nas competi\u00e7\u00f5es, os atletas podem comemorar a quebra de recordes ol\u00edmpicos e mundiais, ou os sustos como uma mudan\u00e7a repentina na cor da \u00e1gua de uma piscina utilizada nas provas \u2013 que a comiss\u00e3o organizadora prometeu e cumpriu j\u00e1 para as disputas do nado sincronizado -,\u00a0 a \u00e1gua est\u00e1 plenamente azul.<\/p>\n<p style=\"text-align:justify\"><a class=\"fancybox-media\" href=\"..\/_uploads\/_noticia\/2016-08\/nadosincronizadopiscinacomaguaazul--2-.jpg\" rel=\"portfolio\"><img decoding=\"async\" alt=\"\" src=\"..\/_uploads\/_noticia\/2016-08\/nadosincronizadopiscinacomaguaazul--2-.jpg\" \/><\/a><\/p>\n<p style=\"text-align:justify\">Fora dos gramados, piscinas, \u00a0quadras, tatames e ringues, os torcedores se queixaram muito de falta de comida nas arenas, \u00a0do atendimento demorado e das filas enormes. Mas isto tamb\u00e9m parece que j\u00e1 foi contornado \u00a0e a 31\u00aa Olimp\u00edada da Era Moderna\u00a0 segue em ritmo, est\u00e1 encantando brasileiros e estrangeiros \u00a0e surpreendendo pelo modo peculiar de comemora\u00e7\u00e3o e incentivo do torcedor.<\/p>\n<p style=\"text-align:justify\">No resumo, a primeira s\u00e9rie\u00a0 que se completou neste fim de semana, foi melhor do que se esperava. E ainda h\u00e1 muito por seguir, emo\u00e7\u00f5es fortes que v\u00e3o aumentar o clima, especialmente em rela\u00e7\u00e3o a esportes coletivos onde o Brasil vai pontuando, como o v\u00f4lei (feminino), handebol e futebol, tanto masculino como das mulheres.<\/p>\n<p style=\"text-align:justify\"><a class=\"fancybox-media\" href=\"..\/_uploads\/_noticia\/2016-08\/jogosfutebolbrasilvisitavilaolimpica--2-.jpg\" rel=\"portfolio\"><img decoding=\"async\" alt=\"\" src=\"..\/_uploads\/_noticia\/2016-08\/jogosfutebolbrasilvisitavilaolimpica--2-.jpg\" \/><\/a><\/p>\n<p style=\"text-align:justify\">A sele\u00e7\u00e3o do futebol n\u00e3o fica na Vila Olimpica, embora tenha visitado o local de concentra\u00e7\u00e3o geral dos Jogos.\u00a0 A perman\u00eancia no local foi s\u00f3 de visita mesmo. A delega\u00e7\u00e3o que chegou ao Rio neste domingo, depois de passagens por Brasilia, Minas, Salvador e S\u00e3o Paulo, chega agora ao Rio onde enfrenta Honduras \u00e0s 13 horas de quarta para tentar a vaga na final do ouro olimpico. Treinos e concentra\u00e7\u00e3o na granja Comary, em Teres\u00f3polis, sede de treinamentos da CBF.<\/p>\n<p>\u00a0<\/p>\n<p>\u00a0<\/p>\n<p>\u00a0<\/p>\n<p>\u00a0<\/p>\n<p>\u00a0<\/p>\n<p><\/span><\/p>\n","protected":false},"excerpt":{"rendered":"<p>Como capital do esporte mundial, Rio est\u00e1 cumprindo e problemas \u00e0 parte, dos atletas e p\u00fablico, o ambiente festivo contagia a Comiss\u00e3o<\/p>\n","protected":false},"author":1,"featured_media":0,"comment_status":"open","ping_status":"open","sticky":false,"template":"","format":"standard","meta":{"footnotes":""},"categories":[],"tags":[],"class_list":["post-4477","post","type-post","status-publish","format-standard","hentry"],"yoast_head":"<!-- This site is optimized with the Yoast SEO plugin v26.2 - https:\/\/yoast.com\/wordpress\/plugins\/seo\/ -->\n<title>PRIMEIRA SEMANA FOI SUCESSO NA AVALIA\u00c7\u00c3O DO COI - Travel3<\/title>\n<meta name=\"description\" content=\"A TRAVEL3 \u00e9 um portal de conte\u00fado voltado para o turismo, encontre destinos, viagens, hospedagem, passagens, guias, not\u00edcias sobre o mercado do turismo, dicas de viagem, v\u00eddeos e podcast.\" \/>\n<meta name=\"robots\" content=\"index, follow, max-snippet:-1, max-image-preview:large, max-video-preview:-1\" \/>\n<link rel=\"canonical\" href=\"https:\/\/www.travel3.com.br\/site\/sem-categoria\/primeira-semana-foi-sucesso-na-avaliacao-do-coi\/\" \/>\n<meta property=\"og:locale\" content=\"pt_BR\" \/>\n<meta property=\"og:type\" content=\"article\" \/>\n<meta property=\"og:title\" content=\"PRIMEIRA SEMANA FOI SUCESSO NA AVALIA\u00c7\u00c3O DO COI - Travel3\" \/>\n<meta property=\"og:description\" content=\"A TRAVEL3 \u00e9 um portal de conte\u00fado voltado para o turismo, encontre destinos, viagens, hospedagem, passagens, guias, not\u00edcias sobre o mercado do turismo, dicas de viagem, v\u00eddeos e podcast.\" \/>\n<meta property=\"og:url\" content=\"https:\/\/www.travel3.com.br\/site\/sem-categoria\/primeira-semana-foi-sucesso-na-avaliacao-do-coi\/\" \/>\n<meta property=\"og:site_name\" content=\"Travel3\" \/>\n<meta property=\"article:publisher\" content=\"https:\/\/www.facebook.com\/travel3media\/\" \/>\n<meta property=\"article:published_time\" content=\"2017-08-06T15:34:47+00:00\" \/>\n<meta name=\"author\" content=\"admin\" \/>\n<meta name=\"twitter:card\" content=\"summary_large_image\" \/>\n<meta name=\"twitter:label1\" content=\"Escrito por\" \/>\n\t<meta name=\"twitter:data1\" content=\"admin\" \/>\n\t<meta name=\"twitter:label2\" content=\"Est. tempo de leitura\" \/>\n\t<meta name=\"twitter:data2\" content=\"2 minutos\" \/>\n<script type=\"application\/ld+json\" class=\"yoast-schema-graph\">{\"@context\":\"https:\/\/schema.org\",\"@graph\":[{\"@type\":\"Article\",\"@id\":\"https:\/\/www.travel3.com.br\/site\/sem-categoria\/primeira-semana-foi-sucesso-na-avaliacao-do-coi\/#article\",\"isPartOf\":{\"@id\":\"https:\/\/www.travel3.com.br\/site\/sem-categoria\/primeira-semana-foi-sucesso-na-avaliacao-do-coi\/\"},\"author\":{\"name\":\"admin\",\"@id\":\"https:\/\/www.travel3.com.br\/site\/#\/schema\/person\/a69d71e41a024999b6ab82369ac0bd1e\"},\"headline\":\"PRIMEIRA SEMANA FOI SUCESSO NA AVALIA\u00c7\u00c3O DO COI\",\"datePublished\":\"2017-08-06T15:34:47+00:00\",\"mainEntityOfPage\":{\"@id\":\"https:\/\/www.travel3.com.br\/site\/sem-categoria\/primeira-semana-foi-sucesso-na-avaliacao-do-coi\/\"},\"wordCount\":427,\"commentCount\":0,\"publisher\":{\"@id\":\"https:\/\/www.travel3.com.br\/site\/#organization\"},\"inLanguage\":\"pt-BR\",\"potentialAction\":[{\"@type\":\"CommentAction\",\"name\":\"Comment\",\"target\":[\"https:\/\/www.travel3.com.br\/site\/sem-categoria\/primeira-semana-foi-sucesso-na-avaliacao-do-coi\/#respond\"]}]},{\"@type\":\"WebPage\",\"@id\":\"https:\/\/www.travel3.com.br\/site\/sem-categoria\/primeira-semana-foi-sucesso-na-avaliacao-do-coi\/\",\"url\":\"https:\/\/www.travel3.com.br\/site\/sem-categoria\/primeira-semana-foi-sucesso-na-avaliacao-do-coi\/\",\"name\":\"PRIMEIRA SEMANA FOI SUCESSO NA AVALIA\u00c7\u00c3O DO COI - Travel3\",\"isPartOf\":{\"@id\":\"https:\/\/www.travel3.com.br\/site\/#website\"},\"datePublished\":\"2017-08-06T15:34:47+00:00\",\"description\":\"A TRAVEL3 \u00e9 um portal de conte\u00fado voltado para o turismo, encontre destinos, viagens, hospedagem, passagens, guias, not\u00edcias sobre o mercado do turismo, dicas de viagem, v\u00eddeos e podcast.\",\"breadcrumb\":{\"@id\":\"https:\/\/www.travel3.com.br\/site\/sem-categoria\/primeira-semana-foi-sucesso-na-avaliacao-do-coi\/#breadcrumb\"},\"inLanguage\":\"pt-BR\",\"potentialAction\":[{\"@type\":\"ReadAction\",\"target\":[\"https:\/\/www.travel3.com.br\/site\/sem-categoria\/primeira-semana-foi-sucesso-na-avaliacao-do-coi\/\"]}]},{\"@type\":\"BreadcrumbList\",\"@id\":\"https:\/\/www.travel3.com.br\/site\/sem-categoria\/primeira-semana-foi-sucesso-na-avaliacao-do-coi\/#breadcrumb\",\"itemListElement\":[{\"@type\":\"ListItem\",\"position\":1,\"name\":\"In\u00edcio\",\"item\":\"https:\/\/www.travel3.com.br\/site\/\"},{\"@type\":\"ListItem\",\"position\":2,\"name\":\"PRIMEIRA SEMANA FOI SUCESSO NA AVALIA\u00c7\u00c3O DO COI\"}]},{\"@type\":\"WebSite\",\"@id\":\"https:\/\/www.travel3.com.br\/site\/#website\",\"url\":\"https:\/\/www.travel3.com.br\/site\/\",\"name\":\"Travel3\",\"description\":\"Lazer + Neg&oacute;cios + Aventura\",\"publisher\":{\"@id\":\"https:\/\/www.travel3.com.br\/site\/#organization\"},\"potentialAction\":[{\"@type\":\"SearchAction\",\"target\":{\"@type\":\"EntryPoint\",\"urlTemplate\":\"https:\/\/www.travel3.com.br\/site\/?s={search_term_string}\"},\"query-input\":{\"@type\":\"PropertyValueSpecification\",\"valueRequired\":true,\"valueName\":\"search_term_string\"}}],\"inLanguage\":\"pt-BR\"},{\"@type\":\"Organization\",\"@id\":\"https:\/\/www.travel3.com.br\/site\/#organization\",\"name\":\"Travel3\",\"url\":\"https:\/\/www.travel3.com.br\/site\/\",\"logo\":{\"@type\":\"ImageObject\",\"inLanguage\":\"pt-BR\",\"@id\":\"https:\/\/www.travel3.com.br\/site\/#\/schema\/logo\/image\/\",\"url\":\"https:\/\/www.travel3.com.br\/site\/wp-content\/uploads\/2020\/01\/logo-travel3-2020.png\",\"contentUrl\":\"https:\/\/www.travel3.com.br\/site\/wp-content\/uploads\/2020\/01\/logo-travel3-2020.png\",\"width\":232,\"height\":79,\"caption\":\"Travel3\"},\"image\":{\"@id\":\"https:\/\/www.travel3.com.br\/site\/#\/schema\/logo\/image\/\"},\"sameAs\":[\"https:\/\/www.facebook.com\/travel3media\/\",\"https:\/\/www.instagram.com\/revistatravel3\/\",\"https:\/\/www.youtube.com\/channel\/UCno7J4paGBR3VbZQzvoJ9Eg\"]},{\"@type\":\"Person\",\"@id\":\"https:\/\/www.travel3.com.br\/site\/#\/schema\/person\/a69d71e41a024999b6ab82369ac0bd1e\",\"name\":\"admin\",\"image\":{\"@type\":\"ImageObject\",\"inLanguage\":\"pt-BR\",\"@id\":\"https:\/\/www.travel3.com.br\/site\/#\/schema\/person\/image\/\",\"url\":\"https:\/\/secure.gravatar.com\/avatar\/732a67adfd764da2a47ba10ce731c4c0?s=96&d=mm&r=g\",\"contentUrl\":\"https:\/\/secure.gravatar.com\/avatar\/732a67adfd764da2a47ba10ce731c4c0?s=96&d=mm&r=g\",\"caption\":\"admin\"},\"url\":\"https:\/\/www.travel3.com.br\/site\/author\/admin\/\"}]}<\/script>\n<!-- \/ Yoast SEO plugin. -->","yoast_head_json":{"title":"PRIMEIRA SEMANA FOI SUCESSO NA AVALIA\u00c7\u00c3O DO COI - Travel3","description":"A TRAVEL3 \u00e9 um portal de conte\u00fado voltado para o turismo, encontre destinos, viagens, hospedagem, passagens, guias, not\u00edcias sobre o mercado do turismo, dicas de viagem, v\u00eddeos e podcast.","robots":{"index":"index","follow":"follow","max-snippet":"max-snippet:-1","max-image-preview":"max-image-preview:large","max-video-preview":"max-video-preview:-1"},"canonical":"https:\/\/www.travel3.com.br\/site\/sem-categoria\/primeira-semana-foi-sucesso-na-avaliacao-do-coi\/","og_locale":"pt_BR","og_type":"article","og_title":"PRIMEIRA SEMANA FOI SUCESSO NA AVALIA\u00c7\u00c3O DO COI - Travel3","og_description":"A TRAVEL3 \u00e9 um portal de conte\u00fado voltado para o turismo, encontre destinos, viagens, hospedagem, passagens, guias, not\u00edcias sobre o mercado do turismo, dicas de viagem, v\u00eddeos e podcast.","og_url":"https:\/\/www.travel3.com.br\/site\/sem-categoria\/primeira-semana-foi-sucesso-na-avaliacao-do-coi\/","og_site_name":"Travel3","article_publisher":"https:\/\/www.facebook.com\/travel3media\/","article_published_time":"2017-08-06T15:34:47+00:00","author":"admin","twitter_card":"summary_large_image","twitter_misc":{"Escrito por":"admin","Est. tempo de leitura":"2 minutos"},"schema":{"@context":"https:\/\/schema.org","@graph":[{"@type":"Article","@id":"https:\/\/www.travel3.com.br\/site\/sem-categoria\/primeira-semana-foi-sucesso-na-avaliacao-do-coi\/#article","isPartOf":{"@id":"https:\/\/www.travel3.com.br\/site\/sem-categoria\/primeira-semana-foi-sucesso-na-avaliacao-do-coi\/"},"author":{"name":"admin","@id":"https:\/\/www.travel3.com.br\/site\/#\/schema\/person\/a69d71e41a024999b6ab82369ac0bd1e"},"headline":"PRIMEIRA SEMANA FOI SUCESSO NA AVALIA\u00c7\u00c3O DO COI","datePublished":"2017-08-06T15:34:47+00:00","mainEntityOfPage":{"@id":"https:\/\/www.travel3.com.br\/site\/sem-categoria\/primeira-semana-foi-sucesso-na-avaliacao-do-coi\/"},"wordCount":427,"commentCount":0,"publisher":{"@id":"https:\/\/www.travel3.com.br\/site\/#organization"},"inLanguage":"pt-BR","potentialAction":[{"@type":"CommentAction","name":"Comment","target":["https:\/\/www.travel3.com.br\/site\/sem-categoria\/primeira-semana-foi-sucesso-na-avaliacao-do-coi\/#respond"]}]},{"@type":"WebPage","@id":"https:\/\/www.travel3.com.br\/site\/sem-categoria\/primeira-semana-foi-sucesso-na-avaliacao-do-coi\/","url":"https:\/\/www.travel3.com.br\/site\/sem-categoria\/primeira-semana-foi-sucesso-na-avaliacao-do-coi\/","name":"PRIMEIRA SEMANA FOI SUCESSO NA AVALIA\u00c7\u00c3O DO COI - Travel3","isPartOf":{"@id":"https:\/\/www.travel3.com.br\/site\/#website"},"datePublished":"2017-08-06T15:34:47+00:00","description":"A TRAVEL3 \u00e9 um portal de conte\u00fado voltado para o turismo, encontre destinos, viagens, hospedagem, passagens, guias, not\u00edcias sobre o mercado do turismo, dicas de viagem, v\u00eddeos e podcast.","breadcrumb":{"@id":"https:\/\/www.travel3.com.br\/site\/sem-categoria\/primeira-semana-foi-sucesso-na-avaliacao-do-coi\/#breadcrumb"},"inLanguage":"pt-BR","potentialAction":[{"@type":"ReadAction","target":["https:\/\/www.travel3.com.br\/site\/sem-categoria\/primeira-semana-foi-sucesso-na-avaliacao-do-coi\/"]}]},{"@type":"BreadcrumbList","@id":"https:\/\/www.travel3.com.br\/site\/sem-categoria\/primeira-semana-foi-sucesso-na-avaliacao-do-coi\/#breadcrumb","itemListElement":[{"@type":"ListItem","position":1,"name":"In\u00edcio","item":"https:\/\/www.travel3.com.br\/site\/"},{"@type":"ListItem","position":2,"name":"PRIMEIRA SEMANA FOI SUCESSO NA AVALIA\u00c7\u00c3O DO COI"}]},{"@type":"WebSite","@id":"https:\/\/www.travel3.com.br\/site\/#website","url":"https:\/\/www.travel3.com.br\/site\/","name":"Travel3","description":"Lazer + Neg&oacute;cios + Aventura","publisher":{"@id":"https:\/\/www.travel3.com.br\/site\/#organization"},"potentialAction":[{"@type":"SearchAction","target":{"@type":"EntryPoint","urlTemplate":"https:\/\/www.travel3.com.br\/site\/?s={search_term_string}"},"query-input":{"@type":"PropertyValueSpecification","valueRequired":true,"valueName":"search_term_string"}}],"inLanguage":"pt-BR"},{"@type":"Organization","@id":"https:\/\/www.travel3.com.br\/site\/#organization","name":"Travel3","url":"https:\/\/www.travel3.com.br\/site\/","logo":{"@type":"ImageObject","inLanguage":"pt-BR","@id":"https:\/\/www.travel3.com.br\/site\/#\/schema\/logo\/image\/","url":"https:\/\/www.travel3.com.br\/site\/wp-content\/uploads\/2020\/01\/logo-travel3-2020.png","contentUrl":"https:\/\/www.travel3.com.br\/site\/wp-content\/uploads\/2020\/01\/logo-travel3-2020.png","width":232,"height":79,"caption":"Travel3"},"image":{"@id":"https:\/\/www.travel3.com.br\/site\/#\/schema\/logo\/image\/"},"sameAs":["https:\/\/www.facebook.com\/travel3media\/","https:\/\/www.instagram.com\/revistatravel3\/","https:\/\/www.youtube.com\/channel\/UCno7J4paGBR3VbZQzvoJ9Eg"]},{"@type":"Person","@id":"https:\/\/www.travel3.com.br\/site\/#\/schema\/person\/a69d71e41a024999b6ab82369ac0bd1e","name":"admin","image":{"@type":"ImageObject","inLanguage":"pt-BR","@id":"https:\/\/www.travel3.com.br\/site\/#\/schema\/person\/image\/","url":"https:\/\/secure.gravatar.com\/avatar\/732a67adfd764da2a47ba10ce731c4c0?s=96&d=mm&r=g","contentUrl":"https:\/\/secure.gravatar.com\/avatar\/732a67adfd764da2a47ba10ce731c4c0?s=96&d=mm&r=g","caption":"admin"},"url":"https:\/\/www.travel3.com.br\/site\/author\/admin\/"}]}},"_links":{"self":[{"href":"https:\/\/www.travel3.com.br\/site\/wp-json\/wp\/v2\/posts\/4477","targetHints":{"allow":["GET"]}}],"collection":[{"href":"https:\/\/www.travel3.com.br\/site\/wp-json\/wp\/v2\/posts"}],"about":[{"href":"https:\/\/www.travel3.com.br\/site\/wp-json\/wp\/v2\/types\/post"}],"author":[{"embeddable":true,"href":"https:\/\/www.travel3.com.br\/site\/wp-json\/wp\/v2\/users\/1"}],"replies":[{"embeddable":true,"href":"https:\/\/www.travel3.com.br\/site\/wp-json\/wp\/v2\/comments?post=4477"}],"version-history":[{"count":0,"href":"https:\/\/www.travel3.com.br\/site\/wp-json\/wp\/v2\/posts\/4477\/revisions"}],"wp:attachment":[{"href":"https:\/\/www.travel3.com.br\/site\/wp-json\/wp\/v2\/media?parent=4477"}],"wp:term":[{"taxonomy":"category","embeddable":true,"href":"https:\/\/www.travel3.com.br\/site\/wp-json\/wp\/v2\/categories?post=4477"},{"taxonomy":"post_tag","embeddable":true,"href":"https:\/\/www.travel3.com.br\/site\/wp-json\/wp\/v2\/tags?post=4477"}],"curies":[{"name":"wp","href":"https:\/\/api.w.org\/{rel}","templated":true}]}}