{"id":4460,"date":"2017-08-25T00:03:13","date_gmt":"2017-08-25T00:03:13","guid":{"rendered":"http:\/\/www.travel3.com.br\/site\/ir-e-vir\/ar\/novo-site-da-embratur-e-apresentado-na-casa-brasil\/"},"modified":"2017-08-25T00:03:13","modified_gmt":"2017-08-25T00:03:13","slug":"novo-site-da-embratur-e-apresentado-na-casa-brasil","status":"publish","type":"post","link":"https:\/\/www.travel3.com.br\/site\/sem-categoria\/novo-site-da-embratur-e-apresentado-na-casa-brasil\/","title":{"rendered":"NOVO SITE DA EMBRATUR \u00c9 APRESENTADO NA CASA BRASIL"},"content":{"rendered":"<p><span style=\"color: #40acad; font-family: -apple-system, system-ui, 'Segoe UI', Roboto, Oxygen-Sans, Ubuntu, Cantarell, 'Helvetica Neue', sans-serif; font-size: 12px; font-weight: bold;\"><\/p>\n<p style=\"text-align:justify\">Todos os estados e regi\u00f5es brasileiras est\u00e3o no novo site da Embratur, o que n\u00e3o existia na vers\u00e3o anterior. Outras op\u00e7\u00f5es \u00a0agora dispon\u00edveis s\u00e3o roteiros tem\u00e1ticos, \u00a0esportes, aventura, ecoturismo, praias e cultura.<\/p>\n<p style=\"text-align:justify\">Durante o lan\u00e7amento, feito hoje (15) na Casa Brasil, o presidente Vin\u00edcius Lummertz, \u00a0destacou que o foco da campanha de divulga\u00e7\u00e3o no momento est\u00e1 voltado para os quatro pa\u00edses que tiveram visto suspenso pelo governo para o per\u00edodo ol\u00edmpico: Estados Unidos, Canad\u00e1, Jap\u00e3o e Austr\u00e1lia.<\/p>\n<p style=\"text-align:justify\">\u201cPor conta da retirada dos vistos, o\u00a0site\u00a0deu um pulo de 6 mil para 15 mil e foi a 670 mil e agora estabilizou em 65 mil visitantes. \u00c0 medida que continuarmos com a promo\u00e7\u00e3o, promovendo o Brasil, agradecendo ao mundo por ter vindo ao Brasil, o turista vem, deixa o dinheiro e a economia roda. A internet \u00e9 a forma mais barata de fazer isso. O\u00a0site\u00a0segue o modelo dos Estados Unidos, com conex\u00e3o com estados e munic\u00edpios, explicando como chegar nas cidades menos conhecidas\u201d, explicou.<\/p>\n<p style=\"text-align:justify\">De acordo com Lummertz, a expectativa \u00e9 de crescimento de 20% de turistas dos quatro pa\u00edses. O presidente do Embratur destacou que os n\u00fameros ainda s\u00e3o \u00a0de 6,5 milh\u00f5es de estrangeiros por ano, receitas de 6,5 bilh\u00f5es de d\u00f3lares, \u00a0correspondentes ao quinto maior item da balan\u00e7a comercial. \u2018Queremos e precisamos mais e a ordem \u00e9 aproveitar o fim do ciclo de grandes eventos para termos mais turistas e investimentos estrangeiros\u2019.<\/p>\n<p style=\"text-align:justify\">\u00a0\u201cPrecisamos de mais cruzeiros e que nossos parques naturais tenham uma economia com mais visitantes, com menos restri\u00e7\u00f5es e com mais equil\u00edbrio ambiental, social e econ\u00f4mico\u201d.<\/p>\n<p style=\"text-align:justify\"><a class=\"fancybox-media\" href=\"..\/_uploads\/_noticia\/2016-08\/embraturvisitbrasillancamento.jpg\" rel=\"portfolio\"><img decoding=\"async\" alt=\"\" src=\"..\/_uploads\/_noticia\/2016-08\/embraturvisitbrasillancamento.jpg\" \/><\/a><\/p>\n<p style=\"text-align:justify\">Lummertz reafirmou declara\u00e7\u00f5es anteriores onde criticou \u00a0a burocracia para licen\u00e7as ambientais e a legisla\u00e7\u00e3o trabalhista, fatores que \u00a0atrapalham o desenvolvimento do turismo, afastando investidores e cruzeiros internacionais.<\/p>\n<p style=\"text-align:justify\">\u201cOs Estados Unidos t\u00eam 280 milh\u00f5es de visitantes nos parques naturais. N\u00f3s s\u00f3 temos 6 milh\u00f5es\u00a0 concentrados nos que t\u00eam concess\u00e3o, \u00a0o servi\u00e7o privado junto com o Poder P\u00fablico. Ent\u00e3o, existem formas de fazer o turismo acontecer no Brasil, para que o brasileiro viaje mais para o Brasil, que o estrangeiro venha mais para c\u00e1. Existem meios e f\u00f3rmulas, inclusive o novo\u00a0site\u00a0tem isso como objetivo: levar para o mundo todo esse potencial dos v\u00e1rios lugares do Brasil.\u201d<\/p>\n<p>\u00a0<\/p>\n<p>\u00a0<\/p>\n<p><\/span><\/p>\n","protected":false},"excerpt":{"rendered":"<p>Portal  Visit Brasil, tem por objetivo divulgar o potencial tur\u00edstico brasileiro no exterior e mostra todos os estados e regi\u00f5es com roteiros de todos os segmentos<\/p>\n","protected":false},"author":1,"featured_media":0,"comment_status":"open","ping_status":"open","sticky":false,"template":"","format":"standard","meta":{"footnotes":""},"categories":[],"tags":[],"class_list":["post-4460","post","type-post","status-publish","format-standard","hentry"],"yoast_head":"<!-- This site is optimized with the Yoast SEO plugin v26.2 - https:\/\/yoast.com\/wordpress\/plugins\/seo\/ -->\n<title>NOVO SITE DA EMBRATUR \u00c9 APRESENTADO NA CASA BRASIL - Travel3<\/title>\n<meta name=\"description\" content=\"A TRAVEL3 \u00e9 um portal de conte\u00fado voltado para o turismo, encontre destinos, viagens, hospedagem, passagens, guias, not\u00edcias sobre o mercado do turismo, dicas de viagem, v\u00eddeos e podcast.\" \/>\n<meta name=\"robots\" content=\"index, follow, max-snippet:-1, max-image-preview:large, max-video-preview:-1\" \/>\n<link rel=\"canonical\" href=\"https:\/\/www.travel3.com.br\/site\/sem-categoria\/novo-site-da-embratur-e-apresentado-na-casa-brasil\/\" \/>\n<meta property=\"og:locale\" content=\"pt_BR\" \/>\n<meta property=\"og:type\" content=\"article\" \/>\n<meta property=\"og:title\" content=\"NOVO SITE DA EMBRATUR \u00c9 APRESENTADO NA CASA BRASIL - Travel3\" \/>\n<meta property=\"og:description\" content=\"A TRAVEL3 \u00e9 um portal de conte\u00fado voltado para o turismo, encontre destinos, viagens, hospedagem, passagens, guias, not\u00edcias sobre o mercado do turismo, dicas de viagem, v\u00eddeos e podcast.\" \/>\n<meta property=\"og:url\" content=\"https:\/\/www.travel3.com.br\/site\/sem-categoria\/novo-site-da-embratur-e-apresentado-na-casa-brasil\/\" \/>\n<meta property=\"og:site_name\" content=\"Travel3\" \/>\n<meta property=\"article:publisher\" content=\"https:\/\/www.facebook.com\/travel3media\/\" \/>\n<meta property=\"article:published_time\" content=\"2017-08-25T00:03:13+00:00\" \/>\n<meta name=\"author\" content=\"admin\" \/>\n<meta name=\"twitter:card\" content=\"summary_large_image\" \/>\n<meta name=\"twitter:label1\" content=\"Escrito por\" \/>\n\t<meta name=\"twitter:data1\" content=\"admin\" \/>\n\t<meta name=\"twitter:label2\" content=\"Est. tempo de leitura\" \/>\n\t<meta name=\"twitter:data2\" content=\"2 minutos\" \/>\n<script type=\"application\/ld+json\" class=\"yoast-schema-graph\">{\"@context\":\"https:\/\/schema.org\",\"@graph\":[{\"@type\":\"Article\",\"@id\":\"https:\/\/www.travel3.com.br\/site\/sem-categoria\/novo-site-da-embratur-e-apresentado-na-casa-brasil\/#article\",\"isPartOf\":{\"@id\":\"https:\/\/www.travel3.com.br\/site\/sem-categoria\/novo-site-da-embratur-e-apresentado-na-casa-brasil\/\"},\"author\":{\"name\":\"admin\",\"@id\":\"https:\/\/www.travel3.com.br\/site\/#\/schema\/person\/a69d71e41a024999b6ab82369ac0bd1e\"},\"headline\":\"NOVO SITE DA EMBRATUR \u00c9 APRESENTADO NA CASA BRASIL\",\"datePublished\":\"2017-08-25T00:03:13+00:00\",\"mainEntityOfPage\":{\"@id\":\"https:\/\/www.travel3.com.br\/site\/sem-categoria\/novo-site-da-embratur-e-apresentado-na-casa-brasil\/\"},\"wordCount\":405,\"commentCount\":0,\"publisher\":{\"@id\":\"https:\/\/www.travel3.com.br\/site\/#organization\"},\"inLanguage\":\"pt-BR\",\"potentialAction\":[{\"@type\":\"CommentAction\",\"name\":\"Comment\",\"target\":[\"https:\/\/www.travel3.com.br\/site\/sem-categoria\/novo-site-da-embratur-e-apresentado-na-casa-brasil\/#respond\"]}]},{\"@type\":\"WebPage\",\"@id\":\"https:\/\/www.travel3.com.br\/site\/sem-categoria\/novo-site-da-embratur-e-apresentado-na-casa-brasil\/\",\"url\":\"https:\/\/www.travel3.com.br\/site\/sem-categoria\/novo-site-da-embratur-e-apresentado-na-casa-brasil\/\",\"name\":\"NOVO SITE DA EMBRATUR \u00c9 APRESENTADO NA CASA BRASIL - Travel3\",\"isPartOf\":{\"@id\":\"https:\/\/www.travel3.com.br\/site\/#website\"},\"datePublished\":\"2017-08-25T00:03:13+00:00\",\"description\":\"A TRAVEL3 \u00e9 um portal de conte\u00fado voltado para o turismo, encontre destinos, viagens, hospedagem, passagens, guias, not\u00edcias sobre o mercado do turismo, dicas de viagem, v\u00eddeos e podcast.\",\"breadcrumb\":{\"@id\":\"https:\/\/www.travel3.com.br\/site\/sem-categoria\/novo-site-da-embratur-e-apresentado-na-casa-brasil\/#breadcrumb\"},\"inLanguage\":\"pt-BR\",\"potentialAction\":[{\"@type\":\"ReadAction\",\"target\":[\"https:\/\/www.travel3.com.br\/site\/sem-categoria\/novo-site-da-embratur-e-apresentado-na-casa-brasil\/\"]}]},{\"@type\":\"BreadcrumbList\",\"@id\":\"https:\/\/www.travel3.com.br\/site\/sem-categoria\/novo-site-da-embratur-e-apresentado-na-casa-brasil\/#breadcrumb\",\"itemListElement\":[{\"@type\":\"ListItem\",\"position\":1,\"name\":\"In\u00edcio\",\"item\":\"https:\/\/www.travel3.com.br\/site\/\"},{\"@type\":\"ListItem\",\"position\":2,\"name\":\"NOVO SITE DA EMBRATUR \u00c9 APRESENTADO NA CASA BRASIL\"}]},{\"@type\":\"WebSite\",\"@id\":\"https:\/\/www.travel3.com.br\/site\/#website\",\"url\":\"https:\/\/www.travel3.com.br\/site\/\",\"name\":\"Travel3\",\"description\":\"Lazer + Neg&oacute;cios + Aventura\",\"publisher\":{\"@id\":\"https:\/\/www.travel3.com.br\/site\/#organization\"},\"potentialAction\":[{\"@type\":\"SearchAction\",\"target\":{\"@type\":\"EntryPoint\",\"urlTemplate\":\"https:\/\/www.travel3.com.br\/site\/?s={search_term_string}\"},\"query-input\":{\"@type\":\"PropertyValueSpecification\",\"valueRequired\":true,\"valueName\":\"search_term_string\"}}],\"inLanguage\":\"pt-BR\"},{\"@type\":\"Organization\",\"@id\":\"https:\/\/www.travel3.com.br\/site\/#organization\",\"name\":\"Travel3\",\"url\":\"https:\/\/www.travel3.com.br\/site\/\",\"logo\":{\"@type\":\"ImageObject\",\"inLanguage\":\"pt-BR\",\"@id\":\"https:\/\/www.travel3.com.br\/site\/#\/schema\/logo\/image\/\",\"url\":\"https:\/\/www.travel3.com.br\/site\/wp-content\/uploads\/2020\/01\/logo-travel3-2020.png\",\"contentUrl\":\"https:\/\/www.travel3.com.br\/site\/wp-content\/uploads\/2020\/01\/logo-travel3-2020.png\",\"width\":232,\"height\":79,\"caption\":\"Travel3\"},\"image\":{\"@id\":\"https:\/\/www.travel3.com.br\/site\/#\/schema\/logo\/image\/\"},\"sameAs\":[\"https:\/\/www.facebook.com\/travel3media\/\",\"https:\/\/www.instagram.com\/revistatravel3\/\",\"https:\/\/www.youtube.com\/channel\/UCno7J4paGBR3VbZQzvoJ9Eg\"]},{\"@type\":\"Person\",\"@id\":\"https:\/\/www.travel3.com.br\/site\/#\/schema\/person\/a69d71e41a024999b6ab82369ac0bd1e\",\"name\":\"admin\",\"image\":{\"@type\":\"ImageObject\",\"inLanguage\":\"pt-BR\",\"@id\":\"https:\/\/www.travel3.com.br\/site\/#\/schema\/person\/image\/\",\"url\":\"https:\/\/secure.gravatar.com\/avatar\/732a67adfd764da2a47ba10ce731c4c0?s=96&d=mm&r=g\",\"contentUrl\":\"https:\/\/secure.gravatar.com\/avatar\/732a67adfd764da2a47ba10ce731c4c0?s=96&d=mm&r=g\",\"caption\":\"admin\"},\"url\":\"https:\/\/www.travel3.com.br\/site\/author\/admin\/\"}]}<\/script>\n<!-- \/ Yoast SEO plugin. -->","yoast_head_json":{"title":"NOVO SITE DA EMBRATUR \u00c9 APRESENTADO NA CASA BRASIL - Travel3","description":"A TRAVEL3 \u00e9 um portal de conte\u00fado voltado para o turismo, encontre destinos, viagens, hospedagem, passagens, guias, not\u00edcias sobre o mercado do turismo, dicas de viagem, v\u00eddeos e podcast.","robots":{"index":"index","follow":"follow","max-snippet":"max-snippet:-1","max-image-preview":"max-image-preview:large","max-video-preview":"max-video-preview:-1"},"canonical":"https:\/\/www.travel3.com.br\/site\/sem-categoria\/novo-site-da-embratur-e-apresentado-na-casa-brasil\/","og_locale":"pt_BR","og_type":"article","og_title":"NOVO SITE DA EMBRATUR \u00c9 APRESENTADO NA CASA BRASIL - Travel3","og_description":"A TRAVEL3 \u00e9 um portal de conte\u00fado voltado para o turismo, encontre destinos, viagens, hospedagem, passagens, guias, not\u00edcias sobre o mercado do turismo, dicas de viagem, v\u00eddeos e podcast.","og_url":"https:\/\/www.travel3.com.br\/site\/sem-categoria\/novo-site-da-embratur-e-apresentado-na-casa-brasil\/","og_site_name":"Travel3","article_publisher":"https:\/\/www.facebook.com\/travel3media\/","article_published_time":"2017-08-25T00:03:13+00:00","author":"admin","twitter_card":"summary_large_image","twitter_misc":{"Escrito por":"admin","Est. tempo de leitura":"2 minutos"},"schema":{"@context":"https:\/\/schema.org","@graph":[{"@type":"Article","@id":"https:\/\/www.travel3.com.br\/site\/sem-categoria\/novo-site-da-embratur-e-apresentado-na-casa-brasil\/#article","isPartOf":{"@id":"https:\/\/www.travel3.com.br\/site\/sem-categoria\/novo-site-da-embratur-e-apresentado-na-casa-brasil\/"},"author":{"name":"admin","@id":"https:\/\/www.travel3.com.br\/site\/#\/schema\/person\/a69d71e41a024999b6ab82369ac0bd1e"},"headline":"NOVO SITE DA EMBRATUR \u00c9 APRESENTADO NA CASA BRASIL","datePublished":"2017-08-25T00:03:13+00:00","mainEntityOfPage":{"@id":"https:\/\/www.travel3.com.br\/site\/sem-categoria\/novo-site-da-embratur-e-apresentado-na-casa-brasil\/"},"wordCount":405,"commentCount":0,"publisher":{"@id":"https:\/\/www.travel3.com.br\/site\/#organization"},"inLanguage":"pt-BR","potentialAction":[{"@type":"CommentAction","name":"Comment","target":["https:\/\/www.travel3.com.br\/site\/sem-categoria\/novo-site-da-embratur-e-apresentado-na-casa-brasil\/#respond"]}]},{"@type":"WebPage","@id":"https:\/\/www.travel3.com.br\/site\/sem-categoria\/novo-site-da-embratur-e-apresentado-na-casa-brasil\/","url":"https:\/\/www.travel3.com.br\/site\/sem-categoria\/novo-site-da-embratur-e-apresentado-na-casa-brasil\/","name":"NOVO SITE DA EMBRATUR \u00c9 APRESENTADO NA CASA BRASIL - Travel3","isPartOf":{"@id":"https:\/\/www.travel3.com.br\/site\/#website"},"datePublished":"2017-08-25T00:03:13+00:00","description":"A TRAVEL3 \u00e9 um portal de conte\u00fado voltado para o turismo, encontre destinos, viagens, hospedagem, passagens, guias, not\u00edcias sobre o mercado do turismo, dicas de viagem, v\u00eddeos e podcast.","breadcrumb":{"@id":"https:\/\/www.travel3.com.br\/site\/sem-categoria\/novo-site-da-embratur-e-apresentado-na-casa-brasil\/#breadcrumb"},"inLanguage":"pt-BR","potentialAction":[{"@type":"ReadAction","target":["https:\/\/www.travel3.com.br\/site\/sem-categoria\/novo-site-da-embratur-e-apresentado-na-casa-brasil\/"]}]},{"@type":"BreadcrumbList","@id":"https:\/\/www.travel3.com.br\/site\/sem-categoria\/novo-site-da-embratur-e-apresentado-na-casa-brasil\/#breadcrumb","itemListElement":[{"@type":"ListItem","position":1,"name":"In\u00edcio","item":"https:\/\/www.travel3.com.br\/site\/"},{"@type":"ListItem","position":2,"name":"NOVO SITE DA EMBRATUR \u00c9 APRESENTADO NA CASA BRASIL"}]},{"@type":"WebSite","@id":"https:\/\/www.travel3.com.br\/site\/#website","url":"https:\/\/www.travel3.com.br\/site\/","name":"Travel3","description":"Lazer + Neg&oacute;cios + Aventura","publisher":{"@id":"https:\/\/www.travel3.com.br\/site\/#organization"},"potentialAction":[{"@type":"SearchAction","target":{"@type":"EntryPoint","urlTemplate":"https:\/\/www.travel3.com.br\/site\/?s={search_term_string}"},"query-input":{"@type":"PropertyValueSpecification","valueRequired":true,"valueName":"search_term_string"}}],"inLanguage":"pt-BR"},{"@type":"Organization","@id":"https:\/\/www.travel3.com.br\/site\/#organization","name":"Travel3","url":"https:\/\/www.travel3.com.br\/site\/","logo":{"@type":"ImageObject","inLanguage":"pt-BR","@id":"https:\/\/www.travel3.com.br\/site\/#\/schema\/logo\/image\/","url":"https:\/\/www.travel3.com.br\/site\/wp-content\/uploads\/2020\/01\/logo-travel3-2020.png","contentUrl":"https:\/\/www.travel3.com.br\/site\/wp-content\/uploads\/2020\/01\/logo-travel3-2020.png","width":232,"height":79,"caption":"Travel3"},"image":{"@id":"https:\/\/www.travel3.com.br\/site\/#\/schema\/logo\/image\/"},"sameAs":["https:\/\/www.facebook.com\/travel3media\/","https:\/\/www.instagram.com\/revistatravel3\/","https:\/\/www.youtube.com\/channel\/UCno7J4paGBR3VbZQzvoJ9Eg"]},{"@type":"Person","@id":"https:\/\/www.travel3.com.br\/site\/#\/schema\/person\/a69d71e41a024999b6ab82369ac0bd1e","name":"admin","image":{"@type":"ImageObject","inLanguage":"pt-BR","@id":"https:\/\/www.travel3.com.br\/site\/#\/schema\/person\/image\/","url":"https:\/\/secure.gravatar.com\/avatar\/732a67adfd764da2a47ba10ce731c4c0?s=96&d=mm&r=g","contentUrl":"https:\/\/secure.gravatar.com\/avatar\/732a67adfd764da2a47ba10ce731c4c0?s=96&d=mm&r=g","caption":"admin"},"url":"https:\/\/www.travel3.com.br\/site\/author\/admin\/"}]}},"_links":{"self":[{"href":"https:\/\/www.travel3.com.br\/site\/wp-json\/wp\/v2\/posts\/4460","targetHints":{"allow":["GET"]}}],"collection":[{"href":"https:\/\/www.travel3.com.br\/site\/wp-json\/wp\/v2\/posts"}],"about":[{"href":"https:\/\/www.travel3.com.br\/site\/wp-json\/wp\/v2\/types\/post"}],"author":[{"embeddable":true,"href":"https:\/\/www.travel3.com.br\/site\/wp-json\/wp\/v2\/users\/1"}],"replies":[{"embeddable":true,"href":"https:\/\/www.travel3.com.br\/site\/wp-json\/wp\/v2\/comments?post=4460"}],"version-history":[{"count":0,"href":"https:\/\/www.travel3.com.br\/site\/wp-json\/wp\/v2\/posts\/4460\/revisions"}],"wp:attachment":[{"href":"https:\/\/www.travel3.com.br\/site\/wp-json\/wp\/v2\/media?parent=4460"}],"wp:term":[{"taxonomy":"category","embeddable":true,"href":"https:\/\/www.travel3.com.br\/site\/wp-json\/wp\/v2\/categories?post=4460"},{"taxonomy":"post_tag","embeddable":true,"href":"https:\/\/www.travel3.com.br\/site\/wp-json\/wp\/v2\/tags?post=4460"}],"curies":[{"name":"wp","href":"https:\/\/api.w.org\/{rel}","templated":true}]}}