{"id":44532,"date":"2021-12-07T06:00:05","date_gmt":"2021-12-07T08:00:05","guid":{"rendered":"https:\/\/www.travel3.com.br\/?p=44532"},"modified":"2021-12-06T16:47:45","modified_gmt":"2021-12-06T18:47:45","slug":"reveillon-2021-2022","status":"publish","type":"post","link":"https:\/\/www.travel3.com.br\/site\/acontece-no-turismo\/reveillon-2021-2022\/","title":{"rendered":"R\u00e9veillon 2021-2022 = Cancelamentos + Repercuss\u00f5es"},"content":{"rendered":"\n<h2 class=\"wp-block-heading\" style=\"text-align:center\"><strong>A decis\u00e3o do Rio de Janeiro de cancelar a festa foi uma das mais sentidas<\/strong><\/h2>\n\n\n\n<p>O R\u00e9veillon 2021-2022 se v\u00ea diante do<strong> <\/strong><a rel=\"noreferrer noopener\" aria-label=\"Omicron (opens in a new tab)\" href=\"https:\/\/www.travel3.com.br\/acontece-no-turismo\/na-era-da-pandemia-omicron\/\" target=\"_blank\"><strong>Omicron<\/strong><\/a><strong> <\/strong>e da incerteza que a rec\u00e9m descoberta variante do Coronav\u00edrus j\u00e1 traz para todo o mundo. Das mais de 20 capitais brasileiras que n\u00e3o ter\u00e3o festas p\u00fablicas no R\u00e9veillon 2021-2022 por conta da COVID-19 = S\u00e3o Paulo + Belo Horizonte + Bel\u00e9m + Bras\u00edlia + Campo Grande + Cuiab\u00e1 + Curitiba + Florian\u00f3polis + Jo\u00e3o Pessoa + Macap\u00e1 + Macei\u00f3 + Manaus + Palmas + Porto Alegre + Recife + S\u00e3o Lu\u00eds + Teresina, o cancelamento que mais causou repercuss\u00e3o foi o da cidade do Rio de Janeiro, cujo evento \u00e9 mundialmente conhecido.<\/p>\n\n\n\n<p>Em posicionamento oficial, a Associa\u00e7\u00e3o Brasileira da Ind\u00fastria de Hot\u00e9is do Estado do Rio de Janeiro, apoiou a decis\u00e3o. Segundo a associa\u00e7\u00e3o, os hot\u00e9is do Rio de Janeiro, que esperavam chegar a 100% de ocupa\u00e7\u00e3o, obviamente lamentaram, mas apoiaram a decis\u00e3o, j\u00e1 que este \u00e9 <em>um momento dif\u00edcil<\/em>.<\/p>\n\n\n\n<p>Os hoteleiros cariocas continuam esperan\u00e7osos de que boa parte dos h\u00f3spedes n\u00e3o cancele suas reservas e t\u00eam bons motivos para acreditar que, ainda assim, o final de ano na cidade ser\u00e1 em clima de alta temporada, mesmo sem os shows e a t\u00e3o famosa e sempre aguardada queima de fogos na Praia de Copacabana. No R\u00e9veillon de 2020-2021, os hot\u00e9is do Rio tiveram uma ocupa\u00e7\u00e3o de 80%, antes mesmo da vacina ser descoberta.<\/p>\n\n\n\n<h2 class=\"wp-block-heading\"><strong>R\u00e9veillon 2021-2022 = Importante \u00e9 se prevenir contra o v\u00edrus<\/strong><\/h2>\n\n\n\n<p>Independente da sua decis\u00e3o de viajar ou comemorar a virada do ano em casa, ou em uma festa particular, o mais importante \u00e9 se vacinar e continuar praticando os protocolos de higiene e seguran\u00e7a. Essas s\u00e3o as medidas que previnem o cont\u00e1gio do v\u00edrus.<\/p>\n\n\n\n<p>E \u00e9 sempre bom lembrar que para ter um R\u00e9veillon feliz, basta estarmos ao lado de quem a gente ama.<\/p>\n","protected":false},"excerpt":{"rendered":"<p>A decis\u00e3o do Rio de Janeiro de cancelar a festa foi uma das mais sentidas O R\u00e9veillon 2021-2022 se v\u00ea diante do Omicron e da incerteza que a rec\u00e9m descoberta variante do Coronav\u00edrus j\u00e1 traz para todo o mundo. Das mais de 20 capitais brasileiras que n\u00e3o ter\u00e3o festas p\u00fablicas no R\u00e9veillon 2021-2022 por conta [&hellip;]<\/p>\n","protected":false},"author":6,"featured_media":44545,"comment_status":"open","ping_status":"open","sticky":false,"template":"","format":"standard","meta":{"footnotes":""},"categories":[969,178,226],"tags":[],"class_list":["post-44532","post","type-post","status-publish","format-standard","has-post-thumbnail","hentry","category-acontece-no-turismo","category-brasil","category-destaque"],"yoast_head":"<!-- This site is optimized with the Yoast SEO plugin v26.2 - https:\/\/yoast.com\/wordpress\/plugins\/seo\/ -->\n<title>R\u00e9veillon 2021-2022 = Cancelamentos + Repercuss\u00f5es - Travel3<\/title>\n<meta name=\"description\" content=\"R\u00e9veillon 2021-2022 = Cancelamentos + Repercuss\u00f5es; A decis\u00e3o do Rio de Janeiro de cancelar a festa foi uma das mais sentidas\" \/>\n<meta name=\"robots\" content=\"index, follow, max-snippet:-1, max-image-preview:large, max-video-preview:-1\" \/>\n<link rel=\"canonical\" href=\"https:\/\/www.travel3.com.br\/site\/acontece-no-turismo\/reveillon-2021-2022\/\" \/>\n<meta property=\"og:locale\" content=\"pt_BR\" \/>\n<meta property=\"og:type\" content=\"article\" \/>\n<meta property=\"og:title\" content=\"R\u00e9veillon 2021-2022 = Cancelamentos + Repercuss\u00f5es - Travel3\" \/>\n<meta property=\"og:description\" content=\"R\u00e9veillon 2021-2022 = Cancelamentos + Repercuss\u00f5es; A decis\u00e3o do Rio de Janeiro de cancelar a festa foi uma das mais sentidas\" \/>\n<meta property=\"og:url\" content=\"https:\/\/www.travel3.com.br\/site\/acontece-no-turismo\/reveillon-2021-2022\/\" \/>\n<meta property=\"og:site_name\" content=\"Travel3\" \/>\n<meta property=\"article:publisher\" content=\"https:\/\/www.facebook.com\/travel3media\/\" \/>\n<meta property=\"article:published_time\" content=\"2021-12-07T08:00:05+00:00\" \/>\n<meta property=\"og:image\" content=\"https:\/\/www.travel3.com.br\/site\/wp-content\/uploads\/2021\/12\/clock-334117_1920.jpg\" \/>\n\t<meta property=\"og:image:width\" content=\"1920\" \/>\n\t<meta property=\"og:image:height\" content=\"1920\" \/>\n\t<meta property=\"og:image:type\" content=\"image\/jpeg\" \/>\n<meta name=\"author\" content=\"Reda\u00e7\u00e3o Travel3\" \/>\n<meta name=\"twitter:card\" content=\"summary_large_image\" \/>\n<meta name=\"twitter:label1\" content=\"Escrito por\" \/>\n\t<meta name=\"twitter:data1\" content=\"Reda\u00e7\u00e3o Travel3\" \/>\n\t<meta name=\"twitter:label2\" content=\"Est. tempo de leitura\" \/>\n\t<meta name=\"twitter:data2\" content=\"2 minutos\" \/>\n<script type=\"application\/ld+json\" class=\"yoast-schema-graph\">{\"@context\":\"https:\/\/schema.org\",\"@graph\":[{\"@type\":\"Article\",\"@id\":\"https:\/\/www.travel3.com.br\/site\/acontece-no-turismo\/reveillon-2021-2022\/#article\",\"isPartOf\":{\"@id\":\"https:\/\/www.travel3.com.br\/site\/acontece-no-turismo\/reveillon-2021-2022\/\"},\"author\":{\"name\":\"Reda\u00e7\u00e3o Travel3\",\"@id\":\"https:\/\/www.travel3.com.br\/site\/#\/schema\/person\/9cff8daac0a2f1aa0799f827b8aa8308\"},\"headline\":\"R\u00e9veillon 2021-2022 = Cancelamentos + Repercuss\u00f5es\",\"datePublished\":\"2021-12-07T08:00:05+00:00\",\"mainEntityOfPage\":{\"@id\":\"https:\/\/www.travel3.com.br\/site\/acontece-no-turismo\/reveillon-2021-2022\/\"},\"wordCount\":332,\"commentCount\":0,\"publisher\":{\"@id\":\"https:\/\/www.travel3.com.br\/site\/#organization\"},\"image\":{\"@id\":\"https:\/\/www.travel3.com.br\/site\/acontece-no-turismo\/reveillon-2021-2022\/#primaryimage\"},\"thumbnailUrl\":\"https:\/\/www.travel3.com.br\/site\/wp-content\/uploads\/2021\/12\/clock-334117_1920.jpg\",\"articleSection\":[\"Acontece no Turismo\",\"Brasil\",\"Destaque\"],\"inLanguage\":\"pt-BR\",\"potentialAction\":[{\"@type\":\"CommentAction\",\"name\":\"Comment\",\"target\":[\"https:\/\/www.travel3.com.br\/site\/acontece-no-turismo\/reveillon-2021-2022\/#respond\"]}]},{\"@type\":\"WebPage\",\"@id\":\"https:\/\/www.travel3.com.br\/site\/acontece-no-turismo\/reveillon-2021-2022\/\",\"url\":\"https:\/\/www.travel3.com.br\/site\/acontece-no-turismo\/reveillon-2021-2022\/\",\"name\":\"R\u00e9veillon 2021-2022 = Cancelamentos + Repercuss\u00f5es - Travel3\",\"isPartOf\":{\"@id\":\"https:\/\/www.travel3.com.br\/site\/#website\"},\"primaryImageOfPage\":{\"@id\":\"https:\/\/www.travel3.com.br\/site\/acontece-no-turismo\/reveillon-2021-2022\/#primaryimage\"},\"image\":{\"@id\":\"https:\/\/www.travel3.com.br\/site\/acontece-no-turismo\/reveillon-2021-2022\/#primaryimage\"},\"thumbnailUrl\":\"https:\/\/www.travel3.com.br\/site\/wp-content\/uploads\/2021\/12\/clock-334117_1920.jpg\",\"datePublished\":\"2021-12-07T08:00:05+00:00\",\"description\":\"R\u00e9veillon 2021-2022 = Cancelamentos + Repercuss\u00f5es; A decis\u00e3o do Rio de Janeiro de cancelar a festa foi uma das mais sentidas\",\"breadcrumb\":{\"@id\":\"https:\/\/www.travel3.com.br\/site\/acontece-no-turismo\/reveillon-2021-2022\/#breadcrumb\"},\"inLanguage\":\"pt-BR\",\"potentialAction\":[{\"@type\":\"ReadAction\",\"target\":[\"https:\/\/www.travel3.com.br\/site\/acontece-no-turismo\/reveillon-2021-2022\/\"]}]},{\"@type\":\"ImageObject\",\"inLanguage\":\"pt-BR\",\"@id\":\"https:\/\/www.travel3.com.br\/site\/acontece-no-turismo\/reveillon-2021-2022\/#primaryimage\",\"url\":\"https:\/\/www.travel3.com.br\/site\/wp-content\/uploads\/2021\/12\/clock-334117_1920.jpg\",\"contentUrl\":\"https:\/\/www.travel3.com.br\/site\/wp-content\/uploads\/2021\/12\/clock-334117_1920.jpg\",\"width\":1920,\"height\":1920,\"caption\":\"(Foto: Divulga\u00e7\u00e3o)\"},{\"@type\":\"BreadcrumbList\",\"@id\":\"https:\/\/www.travel3.com.br\/site\/acontece-no-turismo\/reveillon-2021-2022\/#breadcrumb\",\"itemListElement\":[{\"@type\":\"ListItem\",\"position\":1,\"name\":\"In\u00edcio\",\"item\":\"https:\/\/www.travel3.com.br\/site\/\"},{\"@type\":\"ListItem\",\"position\":2,\"name\":\"R\u00e9veillon 2021-2022 = Cancelamentos + Repercuss\u00f5es\"}]},{\"@type\":\"WebSite\",\"@id\":\"https:\/\/www.travel3.com.br\/site\/#website\",\"url\":\"https:\/\/www.travel3.com.br\/site\/\",\"name\":\"Travel3\",\"description\":\"Lazer + Neg&oacute;cios + Aventura\",\"publisher\":{\"@id\":\"https:\/\/www.travel3.com.br\/site\/#organization\"},\"potentialAction\":[{\"@type\":\"SearchAction\",\"target\":{\"@type\":\"EntryPoint\",\"urlTemplate\":\"https:\/\/www.travel3.com.br\/site\/?s={search_term_string}\"},\"query-input\":{\"@type\":\"PropertyValueSpecification\",\"valueRequired\":true,\"valueName\":\"search_term_string\"}}],\"inLanguage\":\"pt-BR\"},{\"@type\":\"Organization\",\"@id\":\"https:\/\/www.travel3.com.br\/site\/#organization\",\"name\":\"Travel3\",\"url\":\"https:\/\/www.travel3.com.br\/site\/\",\"logo\":{\"@type\":\"ImageObject\",\"inLanguage\":\"pt-BR\",\"@id\":\"https:\/\/www.travel3.com.br\/site\/#\/schema\/logo\/image\/\",\"url\":\"https:\/\/www.travel3.com.br\/site\/wp-content\/uploads\/2020\/01\/logo-travel3-2020.png\",\"contentUrl\":\"https:\/\/www.travel3.com.br\/site\/wp-content\/uploads\/2020\/01\/logo-travel3-2020.png\",\"width\":232,\"height\":79,\"caption\":\"Travel3\"},\"image\":{\"@id\":\"https:\/\/www.travel3.com.br\/site\/#\/schema\/logo\/image\/\"},\"sameAs\":[\"https:\/\/www.facebook.com\/travel3media\/\",\"https:\/\/www.instagram.com\/revistatravel3\/\",\"https:\/\/www.youtube.com\/channel\/UCno7J4paGBR3VbZQzvoJ9Eg\"]},{\"@type\":\"Person\",\"@id\":\"https:\/\/www.travel3.com.br\/site\/#\/schema\/person\/9cff8daac0a2f1aa0799f827b8aa8308\",\"name\":\"Reda\u00e7\u00e3o Travel3\",\"image\":{\"@type\":\"ImageObject\",\"inLanguage\":\"pt-BR\",\"@id\":\"https:\/\/www.travel3.com.br\/site\/#\/schema\/person\/image\/\",\"url\":\"https:\/\/secure.gravatar.com\/avatar\/6e6125525e1f04b7b8c607d71556e490?s=96&d=mm&r=g\",\"contentUrl\":\"https:\/\/secure.gravatar.com\/avatar\/6e6125525e1f04b7b8c607d71556e490?s=96&d=mm&r=g\",\"caption\":\"Reda\u00e7\u00e3o Travel3\"},\"sameAs\":[\"http:\/\/www.travel3.com.br\"],\"url\":\"https:\/\/www.travel3.com.br\/site\/author\/redacao2\/\"}]}<\/script>\n<!-- \/ Yoast SEO plugin. -->","yoast_head_json":{"title":"R\u00e9veillon 2021-2022 = Cancelamentos + Repercuss\u00f5es - Travel3","description":"R\u00e9veillon 2021-2022 = Cancelamentos + Repercuss\u00f5es; A decis\u00e3o do Rio de Janeiro de cancelar a festa foi uma das mais sentidas","robots":{"index":"index","follow":"follow","max-snippet":"max-snippet:-1","max-image-preview":"max-image-preview:large","max-video-preview":"max-video-preview:-1"},"canonical":"https:\/\/www.travel3.com.br\/site\/acontece-no-turismo\/reveillon-2021-2022\/","og_locale":"pt_BR","og_type":"article","og_title":"R\u00e9veillon 2021-2022 = Cancelamentos + Repercuss\u00f5es - Travel3","og_description":"R\u00e9veillon 2021-2022 = Cancelamentos + Repercuss\u00f5es; A decis\u00e3o do Rio de Janeiro de cancelar a festa foi uma das mais sentidas","og_url":"https:\/\/www.travel3.com.br\/site\/acontece-no-turismo\/reveillon-2021-2022\/","og_site_name":"Travel3","article_publisher":"https:\/\/www.facebook.com\/travel3media\/","article_published_time":"2021-12-07T08:00:05+00:00","og_image":[{"width":1920,"height":1920,"url":"https:\/\/www.travel3.com.br\/site\/wp-content\/uploads\/2021\/12\/clock-334117_1920.jpg","type":"image\/jpeg"}],"author":"Reda\u00e7\u00e3o Travel3","twitter_card":"summary_large_image","twitter_misc":{"Escrito por":"Reda\u00e7\u00e3o Travel3","Est. tempo de leitura":"2 minutos"},"schema":{"@context":"https:\/\/schema.org","@graph":[{"@type":"Article","@id":"https:\/\/www.travel3.com.br\/site\/acontece-no-turismo\/reveillon-2021-2022\/#article","isPartOf":{"@id":"https:\/\/www.travel3.com.br\/site\/acontece-no-turismo\/reveillon-2021-2022\/"},"author":{"name":"Reda\u00e7\u00e3o Travel3","@id":"https:\/\/www.travel3.com.br\/site\/#\/schema\/person\/9cff8daac0a2f1aa0799f827b8aa8308"},"headline":"R\u00e9veillon 2021-2022 = Cancelamentos + Repercuss\u00f5es","datePublished":"2021-12-07T08:00:05+00:00","mainEntityOfPage":{"@id":"https:\/\/www.travel3.com.br\/site\/acontece-no-turismo\/reveillon-2021-2022\/"},"wordCount":332,"commentCount":0,"publisher":{"@id":"https:\/\/www.travel3.com.br\/site\/#organization"},"image":{"@id":"https:\/\/www.travel3.com.br\/site\/acontece-no-turismo\/reveillon-2021-2022\/#primaryimage"},"thumbnailUrl":"https:\/\/www.travel3.com.br\/site\/wp-content\/uploads\/2021\/12\/clock-334117_1920.jpg","articleSection":["Acontece no Turismo","Brasil","Destaque"],"inLanguage":"pt-BR","potentialAction":[{"@type":"CommentAction","name":"Comment","target":["https:\/\/www.travel3.com.br\/site\/acontece-no-turismo\/reveillon-2021-2022\/#respond"]}]},{"@type":"WebPage","@id":"https:\/\/www.travel3.com.br\/site\/acontece-no-turismo\/reveillon-2021-2022\/","url":"https:\/\/www.travel3.com.br\/site\/acontece-no-turismo\/reveillon-2021-2022\/","name":"R\u00e9veillon 2021-2022 = Cancelamentos + Repercuss\u00f5es - Travel3","isPartOf":{"@id":"https:\/\/www.travel3.com.br\/site\/#website"},"primaryImageOfPage":{"@id":"https:\/\/www.travel3.com.br\/site\/acontece-no-turismo\/reveillon-2021-2022\/#primaryimage"},"image":{"@id":"https:\/\/www.travel3.com.br\/site\/acontece-no-turismo\/reveillon-2021-2022\/#primaryimage"},"thumbnailUrl":"https:\/\/www.travel3.com.br\/site\/wp-content\/uploads\/2021\/12\/clock-334117_1920.jpg","datePublished":"2021-12-07T08:00:05+00:00","description":"R\u00e9veillon 2021-2022 = Cancelamentos + Repercuss\u00f5es; A decis\u00e3o do Rio de Janeiro de cancelar a festa foi uma das mais sentidas","breadcrumb":{"@id":"https:\/\/www.travel3.com.br\/site\/acontece-no-turismo\/reveillon-2021-2022\/#breadcrumb"},"inLanguage":"pt-BR","potentialAction":[{"@type":"ReadAction","target":["https:\/\/www.travel3.com.br\/site\/acontece-no-turismo\/reveillon-2021-2022\/"]}]},{"@type":"ImageObject","inLanguage":"pt-BR","@id":"https:\/\/www.travel3.com.br\/site\/acontece-no-turismo\/reveillon-2021-2022\/#primaryimage","url":"https:\/\/www.travel3.com.br\/site\/wp-content\/uploads\/2021\/12\/clock-334117_1920.jpg","contentUrl":"https:\/\/www.travel3.com.br\/site\/wp-content\/uploads\/2021\/12\/clock-334117_1920.jpg","width":1920,"height":1920,"caption":"(Foto: Divulga\u00e7\u00e3o)"},{"@type":"BreadcrumbList","@id":"https:\/\/www.travel3.com.br\/site\/acontece-no-turismo\/reveillon-2021-2022\/#breadcrumb","itemListElement":[{"@type":"ListItem","position":1,"name":"In\u00edcio","item":"https:\/\/www.travel3.com.br\/site\/"},{"@type":"ListItem","position":2,"name":"R\u00e9veillon 2021-2022 = Cancelamentos + Repercuss\u00f5es"}]},{"@type":"WebSite","@id":"https:\/\/www.travel3.com.br\/site\/#website","url":"https:\/\/www.travel3.com.br\/site\/","name":"Travel3","description":"Lazer + Neg&oacute;cios + Aventura","publisher":{"@id":"https:\/\/www.travel3.com.br\/site\/#organization"},"potentialAction":[{"@type":"SearchAction","target":{"@type":"EntryPoint","urlTemplate":"https:\/\/www.travel3.com.br\/site\/?s={search_term_string}"},"query-input":{"@type":"PropertyValueSpecification","valueRequired":true,"valueName":"search_term_string"}}],"inLanguage":"pt-BR"},{"@type":"Organization","@id":"https:\/\/www.travel3.com.br\/site\/#organization","name":"Travel3","url":"https:\/\/www.travel3.com.br\/site\/","logo":{"@type":"ImageObject","inLanguage":"pt-BR","@id":"https:\/\/www.travel3.com.br\/site\/#\/schema\/logo\/image\/","url":"https:\/\/www.travel3.com.br\/site\/wp-content\/uploads\/2020\/01\/logo-travel3-2020.png","contentUrl":"https:\/\/www.travel3.com.br\/site\/wp-content\/uploads\/2020\/01\/logo-travel3-2020.png","width":232,"height":79,"caption":"Travel3"},"image":{"@id":"https:\/\/www.travel3.com.br\/site\/#\/schema\/logo\/image\/"},"sameAs":["https:\/\/www.facebook.com\/travel3media\/","https:\/\/www.instagram.com\/revistatravel3\/","https:\/\/www.youtube.com\/channel\/UCno7J4paGBR3VbZQzvoJ9Eg"]},{"@type":"Person","@id":"https:\/\/www.travel3.com.br\/site\/#\/schema\/person\/9cff8daac0a2f1aa0799f827b8aa8308","name":"Reda\u00e7\u00e3o Travel3","image":{"@type":"ImageObject","inLanguage":"pt-BR","@id":"https:\/\/www.travel3.com.br\/site\/#\/schema\/person\/image\/","url":"https:\/\/secure.gravatar.com\/avatar\/6e6125525e1f04b7b8c607d71556e490?s=96&d=mm&r=g","contentUrl":"https:\/\/secure.gravatar.com\/avatar\/6e6125525e1f04b7b8c607d71556e490?s=96&d=mm&r=g","caption":"Reda\u00e7\u00e3o Travel3"},"sameAs":["http:\/\/www.travel3.com.br"],"url":"https:\/\/www.travel3.com.br\/site\/author\/redacao2\/"}]}},"_links":{"self":[{"href":"https:\/\/www.travel3.com.br\/site\/wp-json\/wp\/v2\/posts\/44532","targetHints":{"allow":["GET"]}}],"collection":[{"href":"https:\/\/www.travel3.com.br\/site\/wp-json\/wp\/v2\/posts"}],"about":[{"href":"https:\/\/www.travel3.com.br\/site\/wp-json\/wp\/v2\/types\/post"}],"author":[{"embeddable":true,"href":"https:\/\/www.travel3.com.br\/site\/wp-json\/wp\/v2\/users\/6"}],"replies":[{"embeddable":true,"href":"https:\/\/www.travel3.com.br\/site\/wp-json\/wp\/v2\/comments?post=44532"}],"version-history":[{"count":7,"href":"https:\/\/www.travel3.com.br\/site\/wp-json\/wp\/v2\/posts\/44532\/revisions"}],"predecessor-version":[{"id":44547,"href":"https:\/\/www.travel3.com.br\/site\/wp-json\/wp\/v2\/posts\/44532\/revisions\/44547"}],"wp:featuredmedia":[{"embeddable":true,"href":"https:\/\/www.travel3.com.br\/site\/wp-json\/wp\/v2\/media\/44545"}],"wp:attachment":[{"href":"https:\/\/www.travel3.com.br\/site\/wp-json\/wp\/v2\/media?parent=44532"}],"wp:term":[{"taxonomy":"category","embeddable":true,"href":"https:\/\/www.travel3.com.br\/site\/wp-json\/wp\/v2\/categories?post=44532"},{"taxonomy":"post_tag","embeddable":true,"href":"https:\/\/www.travel3.com.br\/site\/wp-json\/wp\/v2\/tags?post=44532"}],"curies":[{"name":"wp","href":"https:\/\/api.w.org\/{rel}","templated":true}]}}