{"id":4442,"date":"2017-08-16T15:14:24","date_gmt":"2017-08-16T15:14:24","guid":{"rendered":"http:\/\/www.travel3.com.br\/site\/ir-e-vir\/ar\/exposicao-oferece-um-passeio-pelo-brasil-no-rio-de-janeiro\/"},"modified":"2017-08-16T15:14:24","modified_gmt":"2017-08-16T15:14:24","slug":"exposicao-oferece-um-passeio-pelo-brasil-no-rio-de-janeiro","status":"publish","type":"post","link":"https:\/\/www.travel3.com.br\/site\/sem-categoria\/exposicao-oferece-um-passeio-pelo-brasil-no-rio-de-janeiro\/","title":{"rendered":"EXPOSI\u00c7\u00c3O OFERECE UM PASSEIO PELO BRASIL NO RIO DE JANEIRO"},"content":{"rendered":"<p><span style=\"color: #40acad; font-family: -apple-system, system-ui, 'Segoe UI', Roboto, Oxygen-Sans, Ubuntu, Cantarell, 'Helvetica Neue', sans-serif; font-size: 12px; font-weight: bold;\"><\/p>\n<p><a class=\"fancybox-media\" href=\"..\/_uploads\/_noticia\/2016-08\/casabrasil.jpg\" rel=\"portfolio\"><img decoding=\"async\" alt=\"\" src=\"..\/_uploads\/_noticia\/2016-08\/casabrasil.jpg\" \/><\/a><br \/>\n<strong>Dan\u00e7a, m\u00fasica, fauna e flora dos estados brasileiros destacados na mosta (<\/strong><em>foto: Divulga\u00e7\u00e3o<\/em><strong>)<\/strong><\/p>\n<p>Quem visitou o Armaz\u00e9m 2 da Casa Brasil do dia 12 ao dia 16 de agosto p\u00f4de percorrer grande parte do pa\u00eds sem sair do Rio de Janeiro. Em uma mistura de m\u00fasica, culin\u00e1ria, fauna e flora, os turistas brasileiros e estrangeiros\u00a0 conhecerem as belezas das regi\u00f5es Centro-Oeste, Nordeste e Sudeste. A iniciativa refor\u00e7a a proposta da Embratur (Instituto Brasileiro de Turismo) de diversificar destinos e produtos tur\u00edsticos do Brasil.<\/p>\n<p>\u201cVemos nessas exposi\u00e7\u00f5es mais oportunidades para promover o destino Brasil e os visitantes passam por diferentes ritmos e costumes, comidas e belezas naturais. A ativa\u00e7\u00e3o \u00e9 essencial para mostrarmos mais um pouco do maior pa\u00eds da Am\u00e9rica Latina e atrair mais visitantes brasileiros e estrangeiros para todas as regi\u00f5es\u201d, comenta opresidente da Embratur, Vinicius Lummertz.<\/p>\n<p>O impacto da a\u00e7\u00e3o na promo\u00e7\u00e3o para turistas brasileiros e estrangeiros foi destacado pelo diretor de Marketing da Embratur, S\u00e9rgio Flores: \u201cVemos aqui a diversidade e a cultura das regi\u00f5es e apresentamos o que temos de melhor no turismo de lazer e aventura. Pantanal, por exemplo, j\u00e1 \u00e9 refer\u00eancia de destino de natureza e ecoturismo no mercado internacional. Vamos colher bons frutos ap\u00f3s essa iniciativa\u201d.<\/p>\n<p><strong>Exposi\u00e7\u00f5es<\/strong><br \/>\nNa primeira exposi\u00e7\u00e3o, no dia 12, a exposi\u00e7\u00e3o \u201cDois estados, um s\u00f3 destino: Pantanal\u201d percorreu os estados do Mato Grosso do Sul e Mato Grosso. A mostra apresentou o roteiro do etnoturismo em Mato Grosso e sobre as aldeias da Rota Parecis, a cultura ind\u00edgena, seus costumes, rituais e brincadeiras.<\/p>\n<p>O chef de cozinha Paulo Machado apresentou os sabores do Pantanal e ensinou a preparar o macarr\u00e3o de comitiva. Aulas de culin\u00e1ria, artesanato de violas de cocho com Alcides Ribeiro e apresenta\u00e7\u00f5es de ritmos pantaneiros com Marcelo Loureiro e o grupo Flor Ribeirinha completaram a programa\u00e7\u00e3o da regi\u00e3o.<\/p>\n<p>A cultura nordestina adentrou a Casa Brasil no domingo (14), quando os visitantes conheceram mais da Bahia, Maranh\u00e3o, Pernambuco, Piau\u00ed, Rio Grande do Norte e Cear\u00e1. Artesanatos regionais, acaraj\u00e9, castanha, cacha\u00e7a, guaran\u00e1, caldo de sururu e apresenta\u00e7\u00f5es culturais nordestinas embalaram o dia. Houve muita dan\u00e7a de cacuri\u00e1 com o grupo Mariocas, com demonstra\u00e7\u00f5es do Tambor de Crioula e do Bumba-Meu-Boi.<\/p>\n<p>Al\u00e9m disso, Pernambuco lan\u00e7ou a campanha \u201cPernambuco \u2013 Cora\u00e7\u00e3o do Nordeste Brasileiro&#8221;, com fotos, aulas de frevo e tatuagens relacionadas ao estado.<\/p>\n<p><a class=\"fancybox-media\" href=\"..\/_uploads\/_noticia\/2016-08\/brasiliaem3d--2-.jpg\" rel=\"portfolio\"><img decoding=\"async\" alt=\"\" src=\"..\/_uploads\/_noticia\/2016-08\/brasiliaem3d--2-.jpg\" \/><\/a><\/p>\n<p>Nos dias 15 e 16 foi a vez do Sudeste. O Rio de Janeiro se destacou pelo artesanato.\u00a0 O secret\u00e1rio de Turismo, Nilo Sergio Felix, comentou que esta riqueza \u00e9 um dos segmentos econ\u00f4micos que mais cresce, utilisando mat\u00e9rias-primas baratas e permitindo gerar emprego e renda.<\/p>\n<p>S\u00e3o Paulo mostrou ao mundo cacha\u00e7as produzidas na regi\u00e3o paulista do C\u00edrculo das \u00c1guas, al\u00e9m de atra\u00e7\u00f5es culturais locais. J\u00e1 Minas Gerais exp\u00f4s produtos gastron\u00f4micos \u2013 doces, queijos, cacha\u00e7as e caf\u00e9s &#8211; artesanato t\u00edpico e mais diversidade e cultura.\u00a0<\/p>\n<p>\u00a0<\/p>\n<p><\/span><\/p>\n","protected":false},"excerpt":{"rendered":"<p>Casa Brasil recebe exposi\u00e7\u00f5es de regi\u00f5es brasileiras, dissemina cultura e refor\u00e7a promo\u00e7\u00e3o do Pa\u00eds a turistas nacionais e internacionais<\/p>\n","protected":false},"author":1,"featured_media":0,"comment_status":"open","ping_status":"open","sticky":false,"template":"","format":"standard","meta":{"footnotes":""},"categories":[],"tags":[],"class_list":["post-4442","post","type-post","status-publish","format-standard","hentry"],"yoast_head":"<!-- This site is optimized with the Yoast SEO plugin v26.2 - https:\/\/yoast.com\/wordpress\/plugins\/seo\/ -->\n<title>EXPOSI\u00c7\u00c3O OFERECE UM PASSEIO PELO BRASIL NO RIO DE JANEIRO - Travel3<\/title>\n<meta name=\"description\" content=\"A TRAVEL3 \u00e9 um portal de conte\u00fado voltado para o turismo, encontre destinos, viagens, hospedagem, passagens, guias, not\u00edcias sobre o mercado do turismo, dicas de viagem, v\u00eddeos e podcast.\" \/>\n<meta name=\"robots\" content=\"index, follow, max-snippet:-1, max-image-preview:large, max-video-preview:-1\" \/>\n<link rel=\"canonical\" href=\"https:\/\/www.travel3.com.br\/site\/sem-categoria\/exposicao-oferece-um-passeio-pelo-brasil-no-rio-de-janeiro\/\" \/>\n<meta property=\"og:locale\" content=\"pt_BR\" \/>\n<meta property=\"og:type\" content=\"article\" \/>\n<meta property=\"og:title\" content=\"EXPOSI\u00c7\u00c3O OFERECE UM PASSEIO PELO BRASIL NO RIO DE JANEIRO - Travel3\" \/>\n<meta property=\"og:description\" content=\"A TRAVEL3 \u00e9 um portal de conte\u00fado voltado para o turismo, encontre destinos, viagens, hospedagem, passagens, guias, not\u00edcias sobre o mercado do turismo, dicas de viagem, v\u00eddeos e podcast.\" \/>\n<meta property=\"og:url\" content=\"https:\/\/www.travel3.com.br\/site\/sem-categoria\/exposicao-oferece-um-passeio-pelo-brasil-no-rio-de-janeiro\/\" \/>\n<meta property=\"og:site_name\" content=\"Travel3\" \/>\n<meta property=\"article:publisher\" content=\"https:\/\/www.facebook.com\/travel3media\/\" \/>\n<meta property=\"article:published_time\" content=\"2017-08-16T15:14:24+00:00\" \/>\n<meta name=\"author\" content=\"admin\" \/>\n<meta name=\"twitter:card\" content=\"summary_large_image\" \/>\n<meta name=\"twitter:label1\" content=\"Escrito por\" \/>\n\t<meta name=\"twitter:data1\" content=\"admin\" \/>\n\t<meta name=\"twitter:label2\" content=\"Est. tempo de leitura\" \/>\n\t<meta name=\"twitter:data2\" content=\"3 minutos\" \/>\n<script type=\"application\/ld+json\" class=\"yoast-schema-graph\">{\"@context\":\"https:\/\/schema.org\",\"@graph\":[{\"@type\":\"Article\",\"@id\":\"https:\/\/www.travel3.com.br\/site\/sem-categoria\/exposicao-oferece-um-passeio-pelo-brasil-no-rio-de-janeiro\/#article\",\"isPartOf\":{\"@id\":\"https:\/\/www.travel3.com.br\/site\/sem-categoria\/exposicao-oferece-um-passeio-pelo-brasil-no-rio-de-janeiro\/\"},\"author\":{\"name\":\"admin\",\"@id\":\"https:\/\/www.travel3.com.br\/site\/#\/schema\/person\/a69d71e41a024999b6ab82369ac0bd1e\"},\"headline\":\"EXPOSI\u00c7\u00c3O OFERECE UM PASSEIO PELO BRASIL NO RIO DE JANEIRO\",\"datePublished\":\"2017-08-16T15:14:24+00:00\",\"mainEntityOfPage\":{\"@id\":\"https:\/\/www.travel3.com.br\/site\/sem-categoria\/exposicao-oferece-um-passeio-pelo-brasil-no-rio-de-janeiro\/\"},\"wordCount\":521,\"commentCount\":0,\"publisher\":{\"@id\":\"https:\/\/www.travel3.com.br\/site\/#organization\"},\"inLanguage\":\"pt-BR\",\"potentialAction\":[{\"@type\":\"CommentAction\",\"name\":\"Comment\",\"target\":[\"https:\/\/www.travel3.com.br\/site\/sem-categoria\/exposicao-oferece-um-passeio-pelo-brasil-no-rio-de-janeiro\/#respond\"]}]},{\"@type\":\"WebPage\",\"@id\":\"https:\/\/www.travel3.com.br\/site\/sem-categoria\/exposicao-oferece-um-passeio-pelo-brasil-no-rio-de-janeiro\/\",\"url\":\"https:\/\/www.travel3.com.br\/site\/sem-categoria\/exposicao-oferece-um-passeio-pelo-brasil-no-rio-de-janeiro\/\",\"name\":\"EXPOSI\u00c7\u00c3O OFERECE UM PASSEIO PELO BRASIL NO RIO DE JANEIRO - Travel3\",\"isPartOf\":{\"@id\":\"https:\/\/www.travel3.com.br\/site\/#website\"},\"datePublished\":\"2017-08-16T15:14:24+00:00\",\"description\":\"A TRAVEL3 \u00e9 um portal de conte\u00fado voltado para o turismo, encontre destinos, viagens, hospedagem, passagens, guias, not\u00edcias sobre o mercado do turismo, dicas de viagem, v\u00eddeos e podcast.\",\"breadcrumb\":{\"@id\":\"https:\/\/www.travel3.com.br\/site\/sem-categoria\/exposicao-oferece-um-passeio-pelo-brasil-no-rio-de-janeiro\/#breadcrumb\"},\"inLanguage\":\"pt-BR\",\"potentialAction\":[{\"@type\":\"ReadAction\",\"target\":[\"https:\/\/www.travel3.com.br\/site\/sem-categoria\/exposicao-oferece-um-passeio-pelo-brasil-no-rio-de-janeiro\/\"]}]},{\"@type\":\"BreadcrumbList\",\"@id\":\"https:\/\/www.travel3.com.br\/site\/sem-categoria\/exposicao-oferece-um-passeio-pelo-brasil-no-rio-de-janeiro\/#breadcrumb\",\"itemListElement\":[{\"@type\":\"ListItem\",\"position\":1,\"name\":\"In\u00edcio\",\"item\":\"https:\/\/www.travel3.com.br\/site\/\"},{\"@type\":\"ListItem\",\"position\":2,\"name\":\"EXPOSI\u00c7\u00c3O OFERECE UM PASSEIO PELO BRASIL NO RIO DE JANEIRO\"}]},{\"@type\":\"WebSite\",\"@id\":\"https:\/\/www.travel3.com.br\/site\/#website\",\"url\":\"https:\/\/www.travel3.com.br\/site\/\",\"name\":\"Travel3\",\"description\":\"Lazer + Neg&oacute;cios + Aventura\",\"publisher\":{\"@id\":\"https:\/\/www.travel3.com.br\/site\/#organization\"},\"potentialAction\":[{\"@type\":\"SearchAction\",\"target\":{\"@type\":\"EntryPoint\",\"urlTemplate\":\"https:\/\/www.travel3.com.br\/site\/?s={search_term_string}\"},\"query-input\":{\"@type\":\"PropertyValueSpecification\",\"valueRequired\":true,\"valueName\":\"search_term_string\"}}],\"inLanguage\":\"pt-BR\"},{\"@type\":\"Organization\",\"@id\":\"https:\/\/www.travel3.com.br\/site\/#organization\",\"name\":\"Travel3\",\"url\":\"https:\/\/www.travel3.com.br\/site\/\",\"logo\":{\"@type\":\"ImageObject\",\"inLanguage\":\"pt-BR\",\"@id\":\"https:\/\/www.travel3.com.br\/site\/#\/schema\/logo\/image\/\",\"url\":\"https:\/\/www.travel3.com.br\/site\/wp-content\/uploads\/2020\/01\/logo-travel3-2020.png\",\"contentUrl\":\"https:\/\/www.travel3.com.br\/site\/wp-content\/uploads\/2020\/01\/logo-travel3-2020.png\",\"width\":232,\"height\":79,\"caption\":\"Travel3\"},\"image\":{\"@id\":\"https:\/\/www.travel3.com.br\/site\/#\/schema\/logo\/image\/\"},\"sameAs\":[\"https:\/\/www.facebook.com\/travel3media\/\",\"https:\/\/www.instagram.com\/revistatravel3\/\",\"https:\/\/www.youtube.com\/channel\/UCno7J4paGBR3VbZQzvoJ9Eg\"]},{\"@type\":\"Person\",\"@id\":\"https:\/\/www.travel3.com.br\/site\/#\/schema\/person\/a69d71e41a024999b6ab82369ac0bd1e\",\"name\":\"admin\",\"image\":{\"@type\":\"ImageObject\",\"inLanguage\":\"pt-BR\",\"@id\":\"https:\/\/www.travel3.com.br\/site\/#\/schema\/person\/image\/\",\"url\":\"https:\/\/secure.gravatar.com\/avatar\/732a67adfd764da2a47ba10ce731c4c0?s=96&d=mm&r=g\",\"contentUrl\":\"https:\/\/secure.gravatar.com\/avatar\/732a67adfd764da2a47ba10ce731c4c0?s=96&d=mm&r=g\",\"caption\":\"admin\"},\"url\":\"https:\/\/www.travel3.com.br\/site\/author\/admin\/\"}]}<\/script>\n<!-- \/ Yoast SEO plugin. -->","yoast_head_json":{"title":"EXPOSI\u00c7\u00c3O OFERECE UM PASSEIO PELO BRASIL NO RIO DE JANEIRO - Travel3","description":"A TRAVEL3 \u00e9 um portal de conte\u00fado voltado para o turismo, encontre destinos, viagens, hospedagem, passagens, guias, not\u00edcias sobre o mercado do turismo, dicas de viagem, v\u00eddeos e podcast.","robots":{"index":"index","follow":"follow","max-snippet":"max-snippet:-1","max-image-preview":"max-image-preview:large","max-video-preview":"max-video-preview:-1"},"canonical":"https:\/\/www.travel3.com.br\/site\/sem-categoria\/exposicao-oferece-um-passeio-pelo-brasil-no-rio-de-janeiro\/","og_locale":"pt_BR","og_type":"article","og_title":"EXPOSI\u00c7\u00c3O OFERECE UM PASSEIO PELO BRASIL NO RIO DE JANEIRO - Travel3","og_description":"A TRAVEL3 \u00e9 um portal de conte\u00fado voltado para o turismo, encontre destinos, viagens, hospedagem, passagens, guias, not\u00edcias sobre o mercado do turismo, dicas de viagem, v\u00eddeos e podcast.","og_url":"https:\/\/www.travel3.com.br\/site\/sem-categoria\/exposicao-oferece-um-passeio-pelo-brasil-no-rio-de-janeiro\/","og_site_name":"Travel3","article_publisher":"https:\/\/www.facebook.com\/travel3media\/","article_published_time":"2017-08-16T15:14:24+00:00","author":"admin","twitter_card":"summary_large_image","twitter_misc":{"Escrito por":"admin","Est. tempo de leitura":"3 minutos"},"schema":{"@context":"https:\/\/schema.org","@graph":[{"@type":"Article","@id":"https:\/\/www.travel3.com.br\/site\/sem-categoria\/exposicao-oferece-um-passeio-pelo-brasil-no-rio-de-janeiro\/#article","isPartOf":{"@id":"https:\/\/www.travel3.com.br\/site\/sem-categoria\/exposicao-oferece-um-passeio-pelo-brasil-no-rio-de-janeiro\/"},"author":{"name":"admin","@id":"https:\/\/www.travel3.com.br\/site\/#\/schema\/person\/a69d71e41a024999b6ab82369ac0bd1e"},"headline":"EXPOSI\u00c7\u00c3O OFERECE UM PASSEIO PELO BRASIL NO RIO DE JANEIRO","datePublished":"2017-08-16T15:14:24+00:00","mainEntityOfPage":{"@id":"https:\/\/www.travel3.com.br\/site\/sem-categoria\/exposicao-oferece-um-passeio-pelo-brasil-no-rio-de-janeiro\/"},"wordCount":521,"commentCount":0,"publisher":{"@id":"https:\/\/www.travel3.com.br\/site\/#organization"},"inLanguage":"pt-BR","potentialAction":[{"@type":"CommentAction","name":"Comment","target":["https:\/\/www.travel3.com.br\/site\/sem-categoria\/exposicao-oferece-um-passeio-pelo-brasil-no-rio-de-janeiro\/#respond"]}]},{"@type":"WebPage","@id":"https:\/\/www.travel3.com.br\/site\/sem-categoria\/exposicao-oferece-um-passeio-pelo-brasil-no-rio-de-janeiro\/","url":"https:\/\/www.travel3.com.br\/site\/sem-categoria\/exposicao-oferece-um-passeio-pelo-brasil-no-rio-de-janeiro\/","name":"EXPOSI\u00c7\u00c3O OFERECE UM PASSEIO PELO BRASIL NO RIO DE JANEIRO - Travel3","isPartOf":{"@id":"https:\/\/www.travel3.com.br\/site\/#website"},"datePublished":"2017-08-16T15:14:24+00:00","description":"A TRAVEL3 \u00e9 um portal de conte\u00fado voltado para o turismo, encontre destinos, viagens, hospedagem, passagens, guias, not\u00edcias sobre o mercado do turismo, dicas de viagem, v\u00eddeos e podcast.","breadcrumb":{"@id":"https:\/\/www.travel3.com.br\/site\/sem-categoria\/exposicao-oferece-um-passeio-pelo-brasil-no-rio-de-janeiro\/#breadcrumb"},"inLanguage":"pt-BR","potentialAction":[{"@type":"ReadAction","target":["https:\/\/www.travel3.com.br\/site\/sem-categoria\/exposicao-oferece-um-passeio-pelo-brasil-no-rio-de-janeiro\/"]}]},{"@type":"BreadcrumbList","@id":"https:\/\/www.travel3.com.br\/site\/sem-categoria\/exposicao-oferece-um-passeio-pelo-brasil-no-rio-de-janeiro\/#breadcrumb","itemListElement":[{"@type":"ListItem","position":1,"name":"In\u00edcio","item":"https:\/\/www.travel3.com.br\/site\/"},{"@type":"ListItem","position":2,"name":"EXPOSI\u00c7\u00c3O OFERECE UM PASSEIO PELO BRASIL NO RIO DE JANEIRO"}]},{"@type":"WebSite","@id":"https:\/\/www.travel3.com.br\/site\/#website","url":"https:\/\/www.travel3.com.br\/site\/","name":"Travel3","description":"Lazer + Neg&oacute;cios + Aventura","publisher":{"@id":"https:\/\/www.travel3.com.br\/site\/#organization"},"potentialAction":[{"@type":"SearchAction","target":{"@type":"EntryPoint","urlTemplate":"https:\/\/www.travel3.com.br\/site\/?s={search_term_string}"},"query-input":{"@type":"PropertyValueSpecification","valueRequired":true,"valueName":"search_term_string"}}],"inLanguage":"pt-BR"},{"@type":"Organization","@id":"https:\/\/www.travel3.com.br\/site\/#organization","name":"Travel3","url":"https:\/\/www.travel3.com.br\/site\/","logo":{"@type":"ImageObject","inLanguage":"pt-BR","@id":"https:\/\/www.travel3.com.br\/site\/#\/schema\/logo\/image\/","url":"https:\/\/www.travel3.com.br\/site\/wp-content\/uploads\/2020\/01\/logo-travel3-2020.png","contentUrl":"https:\/\/www.travel3.com.br\/site\/wp-content\/uploads\/2020\/01\/logo-travel3-2020.png","width":232,"height":79,"caption":"Travel3"},"image":{"@id":"https:\/\/www.travel3.com.br\/site\/#\/schema\/logo\/image\/"},"sameAs":["https:\/\/www.facebook.com\/travel3media\/","https:\/\/www.instagram.com\/revistatravel3\/","https:\/\/www.youtube.com\/channel\/UCno7J4paGBR3VbZQzvoJ9Eg"]},{"@type":"Person","@id":"https:\/\/www.travel3.com.br\/site\/#\/schema\/person\/a69d71e41a024999b6ab82369ac0bd1e","name":"admin","image":{"@type":"ImageObject","inLanguage":"pt-BR","@id":"https:\/\/www.travel3.com.br\/site\/#\/schema\/person\/image\/","url":"https:\/\/secure.gravatar.com\/avatar\/732a67adfd764da2a47ba10ce731c4c0?s=96&d=mm&r=g","contentUrl":"https:\/\/secure.gravatar.com\/avatar\/732a67adfd764da2a47ba10ce731c4c0?s=96&d=mm&r=g","caption":"admin"},"url":"https:\/\/www.travel3.com.br\/site\/author\/admin\/"}]}},"_links":{"self":[{"href":"https:\/\/www.travel3.com.br\/site\/wp-json\/wp\/v2\/posts\/4442","targetHints":{"allow":["GET"]}}],"collection":[{"href":"https:\/\/www.travel3.com.br\/site\/wp-json\/wp\/v2\/posts"}],"about":[{"href":"https:\/\/www.travel3.com.br\/site\/wp-json\/wp\/v2\/types\/post"}],"author":[{"embeddable":true,"href":"https:\/\/www.travel3.com.br\/site\/wp-json\/wp\/v2\/users\/1"}],"replies":[{"embeddable":true,"href":"https:\/\/www.travel3.com.br\/site\/wp-json\/wp\/v2\/comments?post=4442"}],"version-history":[{"count":0,"href":"https:\/\/www.travel3.com.br\/site\/wp-json\/wp\/v2\/posts\/4442\/revisions"}],"wp:attachment":[{"href":"https:\/\/www.travel3.com.br\/site\/wp-json\/wp\/v2\/media?parent=4442"}],"wp:term":[{"taxonomy":"category","embeddable":true,"href":"https:\/\/www.travel3.com.br\/site\/wp-json\/wp\/v2\/categories?post=4442"},{"taxonomy":"post_tag","embeddable":true,"href":"https:\/\/www.travel3.com.br\/site\/wp-json\/wp\/v2\/tags?post=4442"}],"curies":[{"name":"wp","href":"https:\/\/api.w.org\/{rel}","templated":true}]}}