{"id":4436,"date":"2017-08-19T07:51:31","date_gmt":"2017-08-19T07:51:31","guid":{"rendered":"http:\/\/www.travel3.com.br\/site\/ir-e-vir\/ar\/festival-gastronomico-incrementa-turismo-em-itacare-ba\/"},"modified":"2017-08-19T07:51:31","modified_gmt":"2017-08-19T07:51:31","slug":"festival-gastronomico-incrementa-turismo-em-itacare-ba","status":"publish","type":"post","link":"https:\/\/www.travel3.com.br\/site\/sem-categoria\/festival-gastronomico-incrementa-turismo-em-itacare-ba\/","title":{"rendered":"FESTIVAL GASTRON\u00d4MICO INCREMENTA TURISMO EM ITACAR\u00c9 (BA)"},"content":{"rendered":"<p><span style=\"color: #40acad; font-family: -apple-system, system-ui, 'Segoe UI', Roboto, Oxygen-Sans, Ubuntu, Cantarell, 'Helvetica Neue', sans-serif; font-size: 12px; font-weight: bold;\"><\/p>\n<p><a class=\"fancybox-media\" href=\"..\/_uploads\/_noticia\/2016-08\/itacare.praia-da-coroa-foto-tatiana-azeviche-setur--14-.jpg\" rel=\"portfolio\"><img decoding=\"async\" alt=\"\" src=\"..\/_uploads\/_noticia\/2016-08\/itacare.praia-da-coroa-foto-tatiana-azeviche-setur--14-.jpg\" \/><\/a><strong>Praia da Coroa, em\u00a0Itacar\u00e9, fica a\u00a0250 quil\u00f4metros da capital Salvador (fotos:\u00a0Tatiana Azeviche\/Setur)<\/strong><\/p>\n<p>O Festival Sabores de Itacar\u00e9, que ocorre de 1\u00ba a 17 de dezembro no munic\u00edpio da Costa do Cacau, deve tornar o turismo gastron\u00f4mico na Bahia ainda mais competitivo. Mais de 40 bares e restaurantes devem participar do evento, cuja programa\u00e7\u00e3o inclui apresenta\u00e7\u00f5es culturais, shows e aulas de culin\u00e1ria. Tamb\u00e9m est\u00e3o previstas\u00a0qualifica\u00e7\u00e3o de profissionais e a\u00e7\u00f5es de est\u00edmulo ao uso\u00a0de produtos da agricultura familiar.<\/p>\n<p>A programa\u00e7\u00e3o\u00a0do festival foi apresentada nesta\u00a0ter\u00e7a-feira (16) ao subsecret\u00e1rio de Turismo do Estado, Benedito Braga. Participaram da reuni\u00e3o na sede da Setur, em Salvador,\u00a0o prefeito Jarbas Barros, o secret\u00e1rio municipal de Turismo, Alexandre Pauliello, e organizadores do evento.<\/p>\n<p><a class=\"fancybox-media\" href=\"..\/_uploads\/_noticia\/2016-08\/festival-gastronomico-de-itacare.-foto--tatiana-azeviche.jpg\" rel=\"portfolio\"><img decoding=\"async\" alt=\"\" src=\"..\/_uploads\/_noticia\/2016-08\/festival-gastronomico-de-itacare.-foto--tatiana-azeviche.jpg\" \/><\/a><strong>Reuni\u00e3o foi realizada nesta ter\u00e7a-feira (16)\u00a0na sede da Setur, em Salvador<\/strong><\/p>\n<p>A expectativa \u00e9 de que a movimenta\u00e7\u00e3o financeira na cidade supere em 20% os n\u00fameros alcan\u00e7ados nas duas primeiras edi\u00e7\u00f5es (2014 e 2015) do festival: cerca de R$ 100 mil em cada ano. Para atrair visitantes, ser\u00e3o iniciadas negocia\u00e7\u00f5es com hot\u00e9is e operadores de turismo, a fim de\u00a0formatar\u00a0pacotes com pre\u00e7os atrativos.<\/p>\n<p>\u201cO festival aposta em um dos grandes atrativos da Bahia, a gastronomia. Em Itacar\u00e9, ela se soma \u00e0s belas praias e trilhas. As duas primeiras edi\u00e7\u00f5es contaram com apoio da Setur, que estimula a realiza\u00e7\u00e3o de eventos tur\u00edsticos\u201d, afirmou Benedito Braga.<\/p>\n<p>Para o prefeito Jarbas Barros, uma caracter\u00edstica marcante do festival gastron\u00f4mico \u00e9 a oferta de cursos e aulas-show como forma de qualificar a m\u00e3o de obra local.<\/p>\n<p><strong>Itacar\u00e9<\/strong><br \/>\nA 250 quil\u00f4metros de Salvador,\u00a0Itacar\u00e9 \u00e9 uma das \u00e1reas mais badaladas do litoral da Bahia. A cidade oferece\u00a0pousadas confort\u00e1veis, resorts sofisticados, restaurantes de cozinha internacional, cybercaf\u00e9s, lojinhas e o movimento constante de turistas. Na regi\u00e3o, o\u00a0ecoturismo tamb\u00e9m atrai visitantes interessados em rios preservados,\u00a0cachoeiras e praias emolduradas por morros recobertos de Mata Atl\u00e2ntica.\u00a0<\/p>\n<p><\/span><\/p>\n","protected":false},"excerpt":{"rendered":"<p>Festival Sabores de Itacar\u00e9 ter\u00e1 apresenta\u00e7\u00f5es culturais, aulas de culin\u00e1ria e capacita\u00e7\u00e3o profissional em dezembro<\/p>\n","protected":false},"author":1,"featured_media":0,"comment_status":"open","ping_status":"open","sticky":false,"template":"","format":"standard","meta":{"footnotes":""},"categories":[],"tags":[],"class_list":["post-4436","post","type-post","status-publish","format-standard","hentry"],"yoast_head":"<!-- This site is optimized with the Yoast SEO plugin v26.2 - https:\/\/yoast.com\/wordpress\/plugins\/seo\/ -->\n<title>FESTIVAL GASTRON\u00d4MICO INCREMENTA TURISMO EM ITACAR\u00c9 (BA) - Travel3<\/title>\n<meta name=\"description\" content=\"A TRAVEL3 \u00e9 um portal de conte\u00fado voltado para o turismo, encontre destinos, viagens, hospedagem, passagens, guias, not\u00edcias sobre o mercado do turismo, dicas de viagem, v\u00eddeos e podcast.\" \/>\n<meta name=\"robots\" content=\"index, follow, max-snippet:-1, max-image-preview:large, max-video-preview:-1\" \/>\n<link rel=\"canonical\" href=\"https:\/\/www.travel3.com.br\/site\/sem-categoria\/festival-gastronomico-incrementa-turismo-em-itacare-ba\/\" \/>\n<meta property=\"og:locale\" content=\"pt_BR\" \/>\n<meta property=\"og:type\" content=\"article\" \/>\n<meta property=\"og:title\" content=\"FESTIVAL GASTRON\u00d4MICO INCREMENTA TURISMO EM ITACAR\u00c9 (BA) - Travel3\" \/>\n<meta property=\"og:description\" content=\"A TRAVEL3 \u00e9 um portal de conte\u00fado voltado para o turismo, encontre destinos, viagens, hospedagem, passagens, guias, not\u00edcias sobre o mercado do turismo, dicas de viagem, v\u00eddeos e podcast.\" \/>\n<meta property=\"og:url\" content=\"https:\/\/www.travel3.com.br\/site\/sem-categoria\/festival-gastronomico-incrementa-turismo-em-itacare-ba\/\" \/>\n<meta property=\"og:site_name\" content=\"Travel3\" \/>\n<meta property=\"article:publisher\" content=\"https:\/\/www.facebook.com\/travel3media\/\" \/>\n<meta property=\"article:published_time\" content=\"2017-08-19T07:51:31+00:00\" \/>\n<meta name=\"author\" content=\"admin\" \/>\n<meta name=\"twitter:card\" content=\"summary_large_image\" \/>\n<meta name=\"twitter:label1\" content=\"Escrito por\" \/>\n\t<meta name=\"twitter:data1\" content=\"admin\" \/>\n\t<meta name=\"twitter:label2\" content=\"Est. tempo de leitura\" \/>\n\t<meta name=\"twitter:data2\" content=\"2 minutos\" \/>\n<script type=\"application\/ld+json\" class=\"yoast-schema-graph\">{\"@context\":\"https:\/\/schema.org\",\"@graph\":[{\"@type\":\"Article\",\"@id\":\"https:\/\/www.travel3.com.br\/site\/sem-categoria\/festival-gastronomico-incrementa-turismo-em-itacare-ba\/#article\",\"isPartOf\":{\"@id\":\"https:\/\/www.travel3.com.br\/site\/sem-categoria\/festival-gastronomico-incrementa-turismo-em-itacare-ba\/\"},\"author\":{\"name\":\"admin\",\"@id\":\"https:\/\/www.travel3.com.br\/site\/#\/schema\/person\/a69d71e41a024999b6ab82369ac0bd1e\"},\"headline\":\"FESTIVAL GASTRON\u00d4MICO INCREMENTA TURISMO EM ITACAR\u00c9 (BA)\",\"datePublished\":\"2017-08-19T07:51:31+00:00\",\"mainEntityOfPage\":{\"@id\":\"https:\/\/www.travel3.com.br\/site\/sem-categoria\/festival-gastronomico-incrementa-turismo-em-itacare-ba\/\"},\"wordCount\":345,\"commentCount\":0,\"publisher\":{\"@id\":\"https:\/\/www.travel3.com.br\/site\/#organization\"},\"inLanguage\":\"pt-BR\",\"potentialAction\":[{\"@type\":\"CommentAction\",\"name\":\"Comment\",\"target\":[\"https:\/\/www.travel3.com.br\/site\/sem-categoria\/festival-gastronomico-incrementa-turismo-em-itacare-ba\/#respond\"]}]},{\"@type\":\"WebPage\",\"@id\":\"https:\/\/www.travel3.com.br\/site\/sem-categoria\/festival-gastronomico-incrementa-turismo-em-itacare-ba\/\",\"url\":\"https:\/\/www.travel3.com.br\/site\/sem-categoria\/festival-gastronomico-incrementa-turismo-em-itacare-ba\/\",\"name\":\"FESTIVAL GASTRON\u00d4MICO INCREMENTA TURISMO EM ITACAR\u00c9 (BA) - Travel3\",\"isPartOf\":{\"@id\":\"https:\/\/www.travel3.com.br\/site\/#website\"},\"datePublished\":\"2017-08-19T07:51:31+00:00\",\"description\":\"A TRAVEL3 \u00e9 um portal de conte\u00fado voltado para o turismo, encontre destinos, viagens, hospedagem, passagens, guias, not\u00edcias sobre o mercado do turismo, dicas de viagem, v\u00eddeos e podcast.\",\"breadcrumb\":{\"@id\":\"https:\/\/www.travel3.com.br\/site\/sem-categoria\/festival-gastronomico-incrementa-turismo-em-itacare-ba\/#breadcrumb\"},\"inLanguage\":\"pt-BR\",\"potentialAction\":[{\"@type\":\"ReadAction\",\"target\":[\"https:\/\/www.travel3.com.br\/site\/sem-categoria\/festival-gastronomico-incrementa-turismo-em-itacare-ba\/\"]}]},{\"@type\":\"BreadcrumbList\",\"@id\":\"https:\/\/www.travel3.com.br\/site\/sem-categoria\/festival-gastronomico-incrementa-turismo-em-itacare-ba\/#breadcrumb\",\"itemListElement\":[{\"@type\":\"ListItem\",\"position\":1,\"name\":\"In\u00edcio\",\"item\":\"https:\/\/www.travel3.com.br\/site\/\"},{\"@type\":\"ListItem\",\"position\":2,\"name\":\"FESTIVAL GASTRON\u00d4MICO INCREMENTA TURISMO EM ITACAR\u00c9 (BA)\"}]},{\"@type\":\"WebSite\",\"@id\":\"https:\/\/www.travel3.com.br\/site\/#website\",\"url\":\"https:\/\/www.travel3.com.br\/site\/\",\"name\":\"Travel3\",\"description\":\"Lazer + Neg&oacute;cios + Aventura\",\"publisher\":{\"@id\":\"https:\/\/www.travel3.com.br\/site\/#organization\"},\"potentialAction\":[{\"@type\":\"SearchAction\",\"target\":{\"@type\":\"EntryPoint\",\"urlTemplate\":\"https:\/\/www.travel3.com.br\/site\/?s={search_term_string}\"},\"query-input\":{\"@type\":\"PropertyValueSpecification\",\"valueRequired\":true,\"valueName\":\"search_term_string\"}}],\"inLanguage\":\"pt-BR\"},{\"@type\":\"Organization\",\"@id\":\"https:\/\/www.travel3.com.br\/site\/#organization\",\"name\":\"Travel3\",\"url\":\"https:\/\/www.travel3.com.br\/site\/\",\"logo\":{\"@type\":\"ImageObject\",\"inLanguage\":\"pt-BR\",\"@id\":\"https:\/\/www.travel3.com.br\/site\/#\/schema\/logo\/image\/\",\"url\":\"https:\/\/www.travel3.com.br\/site\/wp-content\/uploads\/2020\/01\/logo-travel3-2020.png\",\"contentUrl\":\"https:\/\/www.travel3.com.br\/site\/wp-content\/uploads\/2020\/01\/logo-travel3-2020.png\",\"width\":232,\"height\":79,\"caption\":\"Travel3\"},\"image\":{\"@id\":\"https:\/\/www.travel3.com.br\/site\/#\/schema\/logo\/image\/\"},\"sameAs\":[\"https:\/\/www.facebook.com\/travel3media\/\",\"https:\/\/www.instagram.com\/revistatravel3\/\",\"https:\/\/www.youtube.com\/channel\/UCno7J4paGBR3VbZQzvoJ9Eg\"]},{\"@type\":\"Person\",\"@id\":\"https:\/\/www.travel3.com.br\/site\/#\/schema\/person\/a69d71e41a024999b6ab82369ac0bd1e\",\"name\":\"admin\",\"image\":{\"@type\":\"ImageObject\",\"inLanguage\":\"pt-BR\",\"@id\":\"https:\/\/www.travel3.com.br\/site\/#\/schema\/person\/image\/\",\"url\":\"https:\/\/secure.gravatar.com\/avatar\/732a67adfd764da2a47ba10ce731c4c0?s=96&d=mm&r=g\",\"contentUrl\":\"https:\/\/secure.gravatar.com\/avatar\/732a67adfd764da2a47ba10ce731c4c0?s=96&d=mm&r=g\",\"caption\":\"admin\"},\"url\":\"https:\/\/www.travel3.com.br\/site\/author\/admin\/\"}]}<\/script>\n<!-- \/ Yoast SEO plugin. -->","yoast_head_json":{"title":"FESTIVAL GASTRON\u00d4MICO INCREMENTA TURISMO EM ITACAR\u00c9 (BA) - Travel3","description":"A TRAVEL3 \u00e9 um portal de conte\u00fado voltado para o turismo, encontre destinos, viagens, hospedagem, passagens, guias, not\u00edcias sobre o mercado do turismo, dicas de viagem, v\u00eddeos e podcast.","robots":{"index":"index","follow":"follow","max-snippet":"max-snippet:-1","max-image-preview":"max-image-preview:large","max-video-preview":"max-video-preview:-1"},"canonical":"https:\/\/www.travel3.com.br\/site\/sem-categoria\/festival-gastronomico-incrementa-turismo-em-itacare-ba\/","og_locale":"pt_BR","og_type":"article","og_title":"FESTIVAL GASTRON\u00d4MICO INCREMENTA TURISMO EM ITACAR\u00c9 (BA) - Travel3","og_description":"A TRAVEL3 \u00e9 um portal de conte\u00fado voltado para o turismo, encontre destinos, viagens, hospedagem, passagens, guias, not\u00edcias sobre o mercado do turismo, dicas de viagem, v\u00eddeos e podcast.","og_url":"https:\/\/www.travel3.com.br\/site\/sem-categoria\/festival-gastronomico-incrementa-turismo-em-itacare-ba\/","og_site_name":"Travel3","article_publisher":"https:\/\/www.facebook.com\/travel3media\/","article_published_time":"2017-08-19T07:51:31+00:00","author":"admin","twitter_card":"summary_large_image","twitter_misc":{"Escrito por":"admin","Est. tempo de leitura":"2 minutos"},"schema":{"@context":"https:\/\/schema.org","@graph":[{"@type":"Article","@id":"https:\/\/www.travel3.com.br\/site\/sem-categoria\/festival-gastronomico-incrementa-turismo-em-itacare-ba\/#article","isPartOf":{"@id":"https:\/\/www.travel3.com.br\/site\/sem-categoria\/festival-gastronomico-incrementa-turismo-em-itacare-ba\/"},"author":{"name":"admin","@id":"https:\/\/www.travel3.com.br\/site\/#\/schema\/person\/a69d71e41a024999b6ab82369ac0bd1e"},"headline":"FESTIVAL GASTRON\u00d4MICO INCREMENTA TURISMO EM ITACAR\u00c9 (BA)","datePublished":"2017-08-19T07:51:31+00:00","mainEntityOfPage":{"@id":"https:\/\/www.travel3.com.br\/site\/sem-categoria\/festival-gastronomico-incrementa-turismo-em-itacare-ba\/"},"wordCount":345,"commentCount":0,"publisher":{"@id":"https:\/\/www.travel3.com.br\/site\/#organization"},"inLanguage":"pt-BR","potentialAction":[{"@type":"CommentAction","name":"Comment","target":["https:\/\/www.travel3.com.br\/site\/sem-categoria\/festival-gastronomico-incrementa-turismo-em-itacare-ba\/#respond"]}]},{"@type":"WebPage","@id":"https:\/\/www.travel3.com.br\/site\/sem-categoria\/festival-gastronomico-incrementa-turismo-em-itacare-ba\/","url":"https:\/\/www.travel3.com.br\/site\/sem-categoria\/festival-gastronomico-incrementa-turismo-em-itacare-ba\/","name":"FESTIVAL GASTRON\u00d4MICO INCREMENTA TURISMO EM ITACAR\u00c9 (BA) - Travel3","isPartOf":{"@id":"https:\/\/www.travel3.com.br\/site\/#website"},"datePublished":"2017-08-19T07:51:31+00:00","description":"A TRAVEL3 \u00e9 um portal de conte\u00fado voltado para o turismo, encontre destinos, viagens, hospedagem, passagens, guias, not\u00edcias sobre o mercado do turismo, dicas de viagem, v\u00eddeos e podcast.","breadcrumb":{"@id":"https:\/\/www.travel3.com.br\/site\/sem-categoria\/festival-gastronomico-incrementa-turismo-em-itacare-ba\/#breadcrumb"},"inLanguage":"pt-BR","potentialAction":[{"@type":"ReadAction","target":["https:\/\/www.travel3.com.br\/site\/sem-categoria\/festival-gastronomico-incrementa-turismo-em-itacare-ba\/"]}]},{"@type":"BreadcrumbList","@id":"https:\/\/www.travel3.com.br\/site\/sem-categoria\/festival-gastronomico-incrementa-turismo-em-itacare-ba\/#breadcrumb","itemListElement":[{"@type":"ListItem","position":1,"name":"In\u00edcio","item":"https:\/\/www.travel3.com.br\/site\/"},{"@type":"ListItem","position":2,"name":"FESTIVAL GASTRON\u00d4MICO INCREMENTA TURISMO EM ITACAR\u00c9 (BA)"}]},{"@type":"WebSite","@id":"https:\/\/www.travel3.com.br\/site\/#website","url":"https:\/\/www.travel3.com.br\/site\/","name":"Travel3","description":"Lazer + Neg&oacute;cios + Aventura","publisher":{"@id":"https:\/\/www.travel3.com.br\/site\/#organization"},"potentialAction":[{"@type":"SearchAction","target":{"@type":"EntryPoint","urlTemplate":"https:\/\/www.travel3.com.br\/site\/?s={search_term_string}"},"query-input":{"@type":"PropertyValueSpecification","valueRequired":true,"valueName":"search_term_string"}}],"inLanguage":"pt-BR"},{"@type":"Organization","@id":"https:\/\/www.travel3.com.br\/site\/#organization","name":"Travel3","url":"https:\/\/www.travel3.com.br\/site\/","logo":{"@type":"ImageObject","inLanguage":"pt-BR","@id":"https:\/\/www.travel3.com.br\/site\/#\/schema\/logo\/image\/","url":"https:\/\/www.travel3.com.br\/site\/wp-content\/uploads\/2020\/01\/logo-travel3-2020.png","contentUrl":"https:\/\/www.travel3.com.br\/site\/wp-content\/uploads\/2020\/01\/logo-travel3-2020.png","width":232,"height":79,"caption":"Travel3"},"image":{"@id":"https:\/\/www.travel3.com.br\/site\/#\/schema\/logo\/image\/"},"sameAs":["https:\/\/www.facebook.com\/travel3media\/","https:\/\/www.instagram.com\/revistatravel3\/","https:\/\/www.youtube.com\/channel\/UCno7J4paGBR3VbZQzvoJ9Eg"]},{"@type":"Person","@id":"https:\/\/www.travel3.com.br\/site\/#\/schema\/person\/a69d71e41a024999b6ab82369ac0bd1e","name":"admin","image":{"@type":"ImageObject","inLanguage":"pt-BR","@id":"https:\/\/www.travel3.com.br\/site\/#\/schema\/person\/image\/","url":"https:\/\/secure.gravatar.com\/avatar\/732a67adfd764da2a47ba10ce731c4c0?s=96&d=mm&r=g","contentUrl":"https:\/\/secure.gravatar.com\/avatar\/732a67adfd764da2a47ba10ce731c4c0?s=96&d=mm&r=g","caption":"admin"},"url":"https:\/\/www.travel3.com.br\/site\/author\/admin\/"}]}},"_links":{"self":[{"href":"https:\/\/www.travel3.com.br\/site\/wp-json\/wp\/v2\/posts\/4436","targetHints":{"allow":["GET"]}}],"collection":[{"href":"https:\/\/www.travel3.com.br\/site\/wp-json\/wp\/v2\/posts"}],"about":[{"href":"https:\/\/www.travel3.com.br\/site\/wp-json\/wp\/v2\/types\/post"}],"author":[{"embeddable":true,"href":"https:\/\/www.travel3.com.br\/site\/wp-json\/wp\/v2\/users\/1"}],"replies":[{"embeddable":true,"href":"https:\/\/www.travel3.com.br\/site\/wp-json\/wp\/v2\/comments?post=4436"}],"version-history":[{"count":0,"href":"https:\/\/www.travel3.com.br\/site\/wp-json\/wp\/v2\/posts\/4436\/revisions"}],"wp:attachment":[{"href":"https:\/\/www.travel3.com.br\/site\/wp-json\/wp\/v2\/media?parent=4436"}],"wp:term":[{"taxonomy":"category","embeddable":true,"href":"https:\/\/www.travel3.com.br\/site\/wp-json\/wp\/v2\/categories?post=4436"},{"taxonomy":"post_tag","embeddable":true,"href":"https:\/\/www.travel3.com.br\/site\/wp-json\/wp\/v2\/tags?post=4436"}],"curies":[{"name":"wp","href":"https:\/\/api.w.org\/{rel}","templated":true}]}}