{"id":4409,"date":"2017-08-25T02:20:03","date_gmt":"2017-08-25T02:20:03","guid":{"rendered":"http:\/\/www.travel3.com.br\/site\/ir-e-vir\/ar\/bmw-car-club-faz-exposicao-no-shopping-iguatemi\/"},"modified":"2017-08-25T02:20:03","modified_gmt":"2017-08-25T02:20:03","slug":"bmw-car-club-faz-exposicao-no-shopping-iguatemi","status":"publish","type":"post","link":"https:\/\/www.travel3.com.br\/site\/sem-categoria\/bmw-car-club-faz-exposicao-no-shopping-iguatemi\/","title":{"rendered":"BMW CAR CLUB FAZ EXPOSI\u00c7\u00c3O NO SHOPPING IGUATEMI"},"content":{"rendered":"<p><span style=\"color: #40acad; font-family: -apple-system, system-ui, 'Segoe UI', Roboto, Oxygen-Sans, Ubuntu, Cantarell, 'Helvetica Neue', sans-serif; font-size: 12px; font-weight: bold;\"><\/p>\n<p><a class=\"fancybox-media\" href=\"..\/_uploads\/_noticia\/2016-08\/bmw2.jpg\" rel=\"portfolio\"><img decoding=\"async\" alt=\"\" src=\"..\/_uploads\/_noticia\/2016-08\/bmw2.jpg\" \/><\/a><br \/>\n<strong>Evento exibir\u00e1 modelos cl\u00e1ssicos e modernos da marca (foto: bmw.com.br)<\/strong><\/p>\n<p>Amantes de carros e motos v\u00e3o ganhar um grande presente neste s\u00e1bado (20). Voltado a propriet\u00e1rios e entusiastas, o Boulevard do Shopping Iguatemi S\u00e3o Paulo ir\u00e1 receber a Exposi\u00e7\u00e3o Retrospectiva 100 anos Bayrische Motoren Werke BMW, das 10h \u00e0s 18h.<\/p>\n<p>A mostra faz parte da comemora\u00e7\u00e3o global, com encontros simult\u00e2neos realizados pelo mundo inteiro por clubes de autom\u00f3veis BMW. \u201cO evento comemorativo n\u00e3o tem fins comerciais ou lucrativos e, sim, como \u00fanico objetivo festejar e congregar aficionados pela marca no Brasil\u201d, diz Eduardo Melo, Presidente da BMW Car Club Brasil, que revela detalhes da exposi\u00e7\u00e3o. \u201cEstar\u00e3o reunidos cerca de 40 autom\u00f3veis BMW, desde os \u00faltimos lan\u00e7amentos da montadora at\u00e9 antigos modelos que se tornaram objetos de desejo de colecionadores pelo mundo afora, autom\u00f3veis cl\u00e1ssicos e de alto valor hist\u00f3rico\u201d.<\/p>\n<p>Na rela\u00e7\u00e3o de carros convidados para a exposi\u00e7\u00e3o est\u00e3o os modelos Dixi, Isetta, Isera, Alpina, Coupe, Touring, Cabrio, Grancoupe, entre outros.<\/p>\n<p>O evento \u00e9 organizado pelo CDL Iguatemi e BMW Car Club Brasil com apoio do Shopping Iguatemi S\u00e3o Paulo, Federa\u00e7\u00e3o Brasileira de Ve\u00edculos Antigos, BMW Car Club Latin America Federation e S\u00e3o Paulo Convention &#038; Visitors Bureau. A entrada \u00e9 gratuita mediante inscri\u00e7\u00e3o. Interessados devem enviar nome, e-mail e telefone para\u00a0bmwcarclub@visitesaopaulo.com.<\/p>\n<p><strong>Servi\u00e7o<\/strong><br \/>\nExposi\u00e7\u00e3o Retrospectiva 100 anos Bayrische Motoren Werke BMW<br \/>\nData:\u00a020 de agosto, das 10h \u00e0s 18h<br \/>\nLocal: Boulevard do Shopping Iguatemi S\u00e3o Paulo (Av. Brigadeiro Faria Lima,2232)<br \/>\nEntrada gratuita mediante inscri\u00e7\u00e3o. Interessados devem enviar nome, e-mail e telefone parabmwcarclub@visitesaopaulo.com.<\/p>\n<p><\/span><\/p>\n","protected":false},"excerpt":{"rendered":"<p>Encontro de propriet\u00e1rios e f\u00e3s da marca integra comemora\u00e7\u00e3o global dos 100 anos da empresa<\/p>\n","protected":false},"author":1,"featured_media":0,"comment_status":"open","ping_status":"open","sticky":false,"template":"","format":"standard","meta":{"footnotes":""},"categories":[],"tags":[],"class_list":["post-4409","post","type-post","status-publish","format-standard","hentry"],"yoast_head":"<!-- This site is optimized with the Yoast SEO plugin v26.2 - https:\/\/yoast.com\/wordpress\/plugins\/seo\/ -->\n<title>BMW CAR CLUB FAZ EXPOSI\u00c7\u00c3O NO SHOPPING IGUATEMI - Travel3<\/title>\n<meta name=\"description\" content=\"A TRAVEL3 \u00e9 um portal de conte\u00fado voltado para o turismo, encontre destinos, viagens, hospedagem, passagens, guias, not\u00edcias sobre o mercado do turismo, dicas de viagem, v\u00eddeos e podcast.\" \/>\n<meta name=\"robots\" content=\"index, follow, max-snippet:-1, max-image-preview:large, max-video-preview:-1\" \/>\n<link rel=\"canonical\" href=\"https:\/\/www.travel3.com.br\/site\/sem-categoria\/bmw-car-club-faz-exposicao-no-shopping-iguatemi\/\" \/>\n<meta property=\"og:locale\" content=\"pt_BR\" \/>\n<meta property=\"og:type\" content=\"article\" \/>\n<meta property=\"og:title\" content=\"BMW CAR CLUB FAZ EXPOSI\u00c7\u00c3O NO SHOPPING IGUATEMI - Travel3\" \/>\n<meta property=\"og:description\" content=\"A TRAVEL3 \u00e9 um portal de conte\u00fado voltado para o turismo, encontre destinos, viagens, hospedagem, passagens, guias, not\u00edcias sobre o mercado do turismo, dicas de viagem, v\u00eddeos e podcast.\" \/>\n<meta property=\"og:url\" content=\"https:\/\/www.travel3.com.br\/site\/sem-categoria\/bmw-car-club-faz-exposicao-no-shopping-iguatemi\/\" \/>\n<meta property=\"og:site_name\" content=\"Travel3\" \/>\n<meta property=\"article:publisher\" content=\"https:\/\/www.facebook.com\/travel3media\/\" \/>\n<meta property=\"article:published_time\" content=\"2017-08-25T02:20:03+00:00\" \/>\n<meta name=\"author\" content=\"admin\" \/>\n<meta name=\"twitter:card\" content=\"summary_large_image\" \/>\n<meta name=\"twitter:label1\" content=\"Escrito por\" \/>\n\t<meta name=\"twitter:data1\" content=\"admin\" \/>\n\t<meta name=\"twitter:label2\" content=\"Est. tempo de leitura\" \/>\n\t<meta name=\"twitter:data2\" content=\"1 minuto\" \/>\n<script type=\"application\/ld+json\" class=\"yoast-schema-graph\">{\"@context\":\"https:\/\/schema.org\",\"@graph\":[{\"@type\":\"Article\",\"@id\":\"https:\/\/www.travel3.com.br\/site\/sem-categoria\/bmw-car-club-faz-exposicao-no-shopping-iguatemi\/#article\",\"isPartOf\":{\"@id\":\"https:\/\/www.travel3.com.br\/site\/sem-categoria\/bmw-car-club-faz-exposicao-no-shopping-iguatemi\/\"},\"author\":{\"name\":\"admin\",\"@id\":\"https:\/\/www.travel3.com.br\/site\/#\/schema\/person\/a69d71e41a024999b6ab82369ac0bd1e\"},\"headline\":\"BMW CAR CLUB FAZ EXPOSI\u00c7\u00c3O NO SHOPPING IGUATEMI\",\"datePublished\":\"2017-08-25T02:20:03+00:00\",\"mainEntityOfPage\":{\"@id\":\"https:\/\/www.travel3.com.br\/site\/sem-categoria\/bmw-car-club-faz-exposicao-no-shopping-iguatemi\/\"},\"wordCount\":288,\"commentCount\":0,\"publisher\":{\"@id\":\"https:\/\/www.travel3.com.br\/site\/#organization\"},\"inLanguage\":\"pt-BR\",\"potentialAction\":[{\"@type\":\"CommentAction\",\"name\":\"Comment\",\"target\":[\"https:\/\/www.travel3.com.br\/site\/sem-categoria\/bmw-car-club-faz-exposicao-no-shopping-iguatemi\/#respond\"]}]},{\"@type\":\"WebPage\",\"@id\":\"https:\/\/www.travel3.com.br\/site\/sem-categoria\/bmw-car-club-faz-exposicao-no-shopping-iguatemi\/\",\"url\":\"https:\/\/www.travel3.com.br\/site\/sem-categoria\/bmw-car-club-faz-exposicao-no-shopping-iguatemi\/\",\"name\":\"BMW CAR CLUB FAZ EXPOSI\u00c7\u00c3O NO SHOPPING IGUATEMI - Travel3\",\"isPartOf\":{\"@id\":\"https:\/\/www.travel3.com.br\/site\/#website\"},\"datePublished\":\"2017-08-25T02:20:03+00:00\",\"description\":\"A TRAVEL3 \u00e9 um portal de conte\u00fado voltado para o turismo, encontre destinos, viagens, hospedagem, passagens, guias, not\u00edcias sobre o mercado do turismo, dicas de viagem, v\u00eddeos e podcast.\",\"breadcrumb\":{\"@id\":\"https:\/\/www.travel3.com.br\/site\/sem-categoria\/bmw-car-club-faz-exposicao-no-shopping-iguatemi\/#breadcrumb\"},\"inLanguage\":\"pt-BR\",\"potentialAction\":[{\"@type\":\"ReadAction\",\"target\":[\"https:\/\/www.travel3.com.br\/site\/sem-categoria\/bmw-car-club-faz-exposicao-no-shopping-iguatemi\/\"]}]},{\"@type\":\"BreadcrumbList\",\"@id\":\"https:\/\/www.travel3.com.br\/site\/sem-categoria\/bmw-car-club-faz-exposicao-no-shopping-iguatemi\/#breadcrumb\",\"itemListElement\":[{\"@type\":\"ListItem\",\"position\":1,\"name\":\"In\u00edcio\",\"item\":\"https:\/\/www.travel3.com.br\/site\/\"},{\"@type\":\"ListItem\",\"position\":2,\"name\":\"BMW CAR CLUB FAZ EXPOSI\u00c7\u00c3O NO SHOPPING IGUATEMI\"}]},{\"@type\":\"WebSite\",\"@id\":\"https:\/\/www.travel3.com.br\/site\/#website\",\"url\":\"https:\/\/www.travel3.com.br\/site\/\",\"name\":\"Travel3\",\"description\":\"Lazer + Neg&oacute;cios + Aventura\",\"publisher\":{\"@id\":\"https:\/\/www.travel3.com.br\/site\/#organization\"},\"potentialAction\":[{\"@type\":\"SearchAction\",\"target\":{\"@type\":\"EntryPoint\",\"urlTemplate\":\"https:\/\/www.travel3.com.br\/site\/?s={search_term_string}\"},\"query-input\":{\"@type\":\"PropertyValueSpecification\",\"valueRequired\":true,\"valueName\":\"search_term_string\"}}],\"inLanguage\":\"pt-BR\"},{\"@type\":\"Organization\",\"@id\":\"https:\/\/www.travel3.com.br\/site\/#organization\",\"name\":\"Travel3\",\"url\":\"https:\/\/www.travel3.com.br\/site\/\",\"logo\":{\"@type\":\"ImageObject\",\"inLanguage\":\"pt-BR\",\"@id\":\"https:\/\/www.travel3.com.br\/site\/#\/schema\/logo\/image\/\",\"url\":\"https:\/\/www.travel3.com.br\/site\/wp-content\/uploads\/2020\/01\/logo-travel3-2020.png\",\"contentUrl\":\"https:\/\/www.travel3.com.br\/site\/wp-content\/uploads\/2020\/01\/logo-travel3-2020.png\",\"width\":232,\"height\":79,\"caption\":\"Travel3\"},\"image\":{\"@id\":\"https:\/\/www.travel3.com.br\/site\/#\/schema\/logo\/image\/\"},\"sameAs\":[\"https:\/\/www.facebook.com\/travel3media\/\",\"https:\/\/www.instagram.com\/revistatravel3\/\",\"https:\/\/www.youtube.com\/channel\/UCno7J4paGBR3VbZQzvoJ9Eg\"]},{\"@type\":\"Person\",\"@id\":\"https:\/\/www.travel3.com.br\/site\/#\/schema\/person\/a69d71e41a024999b6ab82369ac0bd1e\",\"name\":\"admin\",\"image\":{\"@type\":\"ImageObject\",\"inLanguage\":\"pt-BR\",\"@id\":\"https:\/\/www.travel3.com.br\/site\/#\/schema\/person\/image\/\",\"url\":\"https:\/\/secure.gravatar.com\/avatar\/732a67adfd764da2a47ba10ce731c4c0?s=96&d=mm&r=g\",\"contentUrl\":\"https:\/\/secure.gravatar.com\/avatar\/732a67adfd764da2a47ba10ce731c4c0?s=96&d=mm&r=g\",\"caption\":\"admin\"},\"url\":\"https:\/\/www.travel3.com.br\/site\/author\/admin\/\"}]}<\/script>\n<!-- \/ Yoast SEO plugin. -->","yoast_head_json":{"title":"BMW CAR CLUB FAZ EXPOSI\u00c7\u00c3O NO SHOPPING IGUATEMI - Travel3","description":"A TRAVEL3 \u00e9 um portal de conte\u00fado voltado para o turismo, encontre destinos, viagens, hospedagem, passagens, guias, not\u00edcias sobre o mercado do turismo, dicas de viagem, v\u00eddeos e podcast.","robots":{"index":"index","follow":"follow","max-snippet":"max-snippet:-1","max-image-preview":"max-image-preview:large","max-video-preview":"max-video-preview:-1"},"canonical":"https:\/\/www.travel3.com.br\/site\/sem-categoria\/bmw-car-club-faz-exposicao-no-shopping-iguatemi\/","og_locale":"pt_BR","og_type":"article","og_title":"BMW CAR CLUB FAZ EXPOSI\u00c7\u00c3O NO SHOPPING IGUATEMI - Travel3","og_description":"A TRAVEL3 \u00e9 um portal de conte\u00fado voltado para o turismo, encontre destinos, viagens, hospedagem, passagens, guias, not\u00edcias sobre o mercado do turismo, dicas de viagem, v\u00eddeos e podcast.","og_url":"https:\/\/www.travel3.com.br\/site\/sem-categoria\/bmw-car-club-faz-exposicao-no-shopping-iguatemi\/","og_site_name":"Travel3","article_publisher":"https:\/\/www.facebook.com\/travel3media\/","article_published_time":"2017-08-25T02:20:03+00:00","author":"admin","twitter_card":"summary_large_image","twitter_misc":{"Escrito por":"admin","Est. tempo de leitura":"1 minuto"},"schema":{"@context":"https:\/\/schema.org","@graph":[{"@type":"Article","@id":"https:\/\/www.travel3.com.br\/site\/sem-categoria\/bmw-car-club-faz-exposicao-no-shopping-iguatemi\/#article","isPartOf":{"@id":"https:\/\/www.travel3.com.br\/site\/sem-categoria\/bmw-car-club-faz-exposicao-no-shopping-iguatemi\/"},"author":{"name":"admin","@id":"https:\/\/www.travel3.com.br\/site\/#\/schema\/person\/a69d71e41a024999b6ab82369ac0bd1e"},"headline":"BMW CAR CLUB FAZ EXPOSI\u00c7\u00c3O NO SHOPPING IGUATEMI","datePublished":"2017-08-25T02:20:03+00:00","mainEntityOfPage":{"@id":"https:\/\/www.travel3.com.br\/site\/sem-categoria\/bmw-car-club-faz-exposicao-no-shopping-iguatemi\/"},"wordCount":288,"commentCount":0,"publisher":{"@id":"https:\/\/www.travel3.com.br\/site\/#organization"},"inLanguage":"pt-BR","potentialAction":[{"@type":"CommentAction","name":"Comment","target":["https:\/\/www.travel3.com.br\/site\/sem-categoria\/bmw-car-club-faz-exposicao-no-shopping-iguatemi\/#respond"]}]},{"@type":"WebPage","@id":"https:\/\/www.travel3.com.br\/site\/sem-categoria\/bmw-car-club-faz-exposicao-no-shopping-iguatemi\/","url":"https:\/\/www.travel3.com.br\/site\/sem-categoria\/bmw-car-club-faz-exposicao-no-shopping-iguatemi\/","name":"BMW CAR CLUB FAZ EXPOSI\u00c7\u00c3O NO SHOPPING IGUATEMI - Travel3","isPartOf":{"@id":"https:\/\/www.travel3.com.br\/site\/#website"},"datePublished":"2017-08-25T02:20:03+00:00","description":"A TRAVEL3 \u00e9 um portal de conte\u00fado voltado para o turismo, encontre destinos, viagens, hospedagem, passagens, guias, not\u00edcias sobre o mercado do turismo, dicas de viagem, v\u00eddeos e podcast.","breadcrumb":{"@id":"https:\/\/www.travel3.com.br\/site\/sem-categoria\/bmw-car-club-faz-exposicao-no-shopping-iguatemi\/#breadcrumb"},"inLanguage":"pt-BR","potentialAction":[{"@type":"ReadAction","target":["https:\/\/www.travel3.com.br\/site\/sem-categoria\/bmw-car-club-faz-exposicao-no-shopping-iguatemi\/"]}]},{"@type":"BreadcrumbList","@id":"https:\/\/www.travel3.com.br\/site\/sem-categoria\/bmw-car-club-faz-exposicao-no-shopping-iguatemi\/#breadcrumb","itemListElement":[{"@type":"ListItem","position":1,"name":"In\u00edcio","item":"https:\/\/www.travel3.com.br\/site\/"},{"@type":"ListItem","position":2,"name":"BMW CAR CLUB FAZ EXPOSI\u00c7\u00c3O NO SHOPPING IGUATEMI"}]},{"@type":"WebSite","@id":"https:\/\/www.travel3.com.br\/site\/#website","url":"https:\/\/www.travel3.com.br\/site\/","name":"Travel3","description":"Lazer + Neg&oacute;cios + Aventura","publisher":{"@id":"https:\/\/www.travel3.com.br\/site\/#organization"},"potentialAction":[{"@type":"SearchAction","target":{"@type":"EntryPoint","urlTemplate":"https:\/\/www.travel3.com.br\/site\/?s={search_term_string}"},"query-input":{"@type":"PropertyValueSpecification","valueRequired":true,"valueName":"search_term_string"}}],"inLanguage":"pt-BR"},{"@type":"Organization","@id":"https:\/\/www.travel3.com.br\/site\/#organization","name":"Travel3","url":"https:\/\/www.travel3.com.br\/site\/","logo":{"@type":"ImageObject","inLanguage":"pt-BR","@id":"https:\/\/www.travel3.com.br\/site\/#\/schema\/logo\/image\/","url":"https:\/\/www.travel3.com.br\/site\/wp-content\/uploads\/2020\/01\/logo-travel3-2020.png","contentUrl":"https:\/\/www.travel3.com.br\/site\/wp-content\/uploads\/2020\/01\/logo-travel3-2020.png","width":232,"height":79,"caption":"Travel3"},"image":{"@id":"https:\/\/www.travel3.com.br\/site\/#\/schema\/logo\/image\/"},"sameAs":["https:\/\/www.facebook.com\/travel3media\/","https:\/\/www.instagram.com\/revistatravel3\/","https:\/\/www.youtube.com\/channel\/UCno7J4paGBR3VbZQzvoJ9Eg"]},{"@type":"Person","@id":"https:\/\/www.travel3.com.br\/site\/#\/schema\/person\/a69d71e41a024999b6ab82369ac0bd1e","name":"admin","image":{"@type":"ImageObject","inLanguage":"pt-BR","@id":"https:\/\/www.travel3.com.br\/site\/#\/schema\/person\/image\/","url":"https:\/\/secure.gravatar.com\/avatar\/732a67adfd764da2a47ba10ce731c4c0?s=96&d=mm&r=g","contentUrl":"https:\/\/secure.gravatar.com\/avatar\/732a67adfd764da2a47ba10ce731c4c0?s=96&d=mm&r=g","caption":"admin"},"url":"https:\/\/www.travel3.com.br\/site\/author\/admin\/"}]}},"_links":{"self":[{"href":"https:\/\/www.travel3.com.br\/site\/wp-json\/wp\/v2\/posts\/4409","targetHints":{"allow":["GET"]}}],"collection":[{"href":"https:\/\/www.travel3.com.br\/site\/wp-json\/wp\/v2\/posts"}],"about":[{"href":"https:\/\/www.travel3.com.br\/site\/wp-json\/wp\/v2\/types\/post"}],"author":[{"embeddable":true,"href":"https:\/\/www.travel3.com.br\/site\/wp-json\/wp\/v2\/users\/1"}],"replies":[{"embeddable":true,"href":"https:\/\/www.travel3.com.br\/site\/wp-json\/wp\/v2\/comments?post=4409"}],"version-history":[{"count":0,"href":"https:\/\/www.travel3.com.br\/site\/wp-json\/wp\/v2\/posts\/4409\/revisions"}],"wp:attachment":[{"href":"https:\/\/www.travel3.com.br\/site\/wp-json\/wp\/v2\/media?parent=4409"}],"wp:term":[{"taxonomy":"category","embeddable":true,"href":"https:\/\/www.travel3.com.br\/site\/wp-json\/wp\/v2\/categories?post=4409"},{"taxonomy":"post_tag","embeddable":true,"href":"https:\/\/www.travel3.com.br\/site\/wp-json\/wp\/v2\/tags?post=4409"}],"curies":[{"name":"wp","href":"https:\/\/api.w.org\/{rel}","templated":true}]}}