{"id":4408,"date":"2017-06-22T22:40:57","date_gmt":"2017-06-22T22:40:57","guid":{"rendered":"http:\/\/www.travel3.com.br\/site\/ir-e-vir\/ar\/azul-anuncia-primeiro-voo-internacional-de-recife-para-orlando\/"},"modified":"2017-06-22T22:40:57","modified_gmt":"2017-06-22T22:40:57","slug":"azul-anuncia-primeiro-voo-internacional-de-recife-para-orlando","status":"publish","type":"post","link":"https:\/\/www.travel3.com.br\/site\/sem-categoria\/azul-anuncia-primeiro-voo-internacional-de-recife-para-orlando\/","title":{"rendered":"AZUL ANUNCIA PRIMEIRO VOO INTERNACIONAL DE RECIFE PARA ORLANDO"},"content":{"rendered":"<p><span style=\"color: #40acad; font-family: -apple-system, system-ui, 'Segoe UI', Roboto, Oxygen-Sans, Ubuntu, Cantarell, 'Helvetica Neue', sans-serif; font-size: 12px; font-weight: bold;\"><\/p>\n<p><a class=\"fancybox-media\" href=\"..\/_uploads\/_noticia\/2016-08\/azul-airbus-a330-200-a-aterrar-900.jpg\" rel=\"portfolio\"><img decoding=\"async\" alt=\"\" src=\"..\/_uploads\/_noticia\/2016-08\/azul-airbus-a330-200-a-aterrar-900.jpg\" \/><\/a><br \/>\n<strong>Aeronave Airbus\u00a0A330 \u00e9 a maior e mais moderna da companhia (foto: Divulga\u00e7\u00e3o)<\/strong><\/p>\n<p>A partir de 7 de dezembro a Azul passar\u00e1 a oferecer o primeiro voo internacional de Recife (PE) para Orlando, nos Estados Unidos. A opera\u00e7\u00e3o ser\u00e1 \u00e0s quartas-feiras e aos domingos, e ter\u00e1 como diferenciais a\u00a0conectividade\u00a0\u2013 devido \u00e0 expans\u00e3o dos voos dom\u00e9sticos da Azul no Recife &#8211; e um completo servi\u00e7o de bordo dos\u00a0Airbus\u00a0A330, o maior e mais moderno da frota.<\/p>\n<p>A op\u00e7\u00e3o por Orlando ocorre por ser uma das cidades norte-americanas de mais r\u00e1pida expans\u00e3o econ\u00f4mica, pela excel\u00eancia de seu aeroporto, \u00f3timo para conex\u00f5es com outras cidades dos Estados Unidos, e por eliminar a necessidade de conex\u00e3o em Miami para que os pernambucanos possam chegar a esse que \u00e9 o destino de lazer preferido dos brasileiros.<\/p>\n<p>\u201cA capital pernambucana est\u00e1 hoje conectada a todas as capitais e a diversas cidades do interior do Nordeste por meio de nossos voos, o que nos permitir\u00e1 ligar toda uma regi\u00e3o aos EUA. Queremos agradecer ao Governo de Pernambuco, que est\u00e1 ao nosso lado na significativa amplia\u00e7\u00e3o de nossas opera\u00e7\u00f5es em Recife e tamb\u00e9m neste novo passo, resultando na cria\u00e7\u00e3o de uma linha internacional, que beneficiar\u00e1 milhares de pessoas, estimulando ainda mais o turismo e neg\u00f3cios\u201d, celebra Antonoaldo Neves, presidente da Azul.<\/p>\n<p>As conex\u00f5es para Orlando por meio do aeroporto do Recife estar\u00e3o dispon\u00edveis para os viajantes que decolam de Salvador, Fortaleza, Natal, Aracaju, Macei\u00f3, S\u00e3o Lu\u00eds, Jo\u00e3o Pessoa, Teresina, Bel\u00e9m, Petrolina e S\u00e3o Paulo (Campinas e Guarulhos). Os Clientes que partem destas cidades chegar\u00e3o aos Estados Unidos com apenas\u00a0uma parada na capital pernambucana,\u00a0em hor\u00e1rios convenientes que garantir\u00e3o as\u00a0melhores liga\u00e7\u00f5es\u00a0entre o\u00a0Nordeste e os Estados Unidos.<\/p>\n<p>O primeiro voo internacional da Azul no Recife passa por aprova\u00e7\u00e3o das autoridades brasileiras e norte-americanas. As passagens come\u00e7ar\u00e3o a ser vendidas ap\u00f3s a autoriza\u00e7\u00e3o por parte dos \u00f3rg\u00e3os reguladores, momento em que a companhia tamb\u00e9m lan\u00e7ar\u00e1 o valor das tarifas.<\/p>\n<p><\/span><\/p>\n","protected":false},"excerpt":{"rendered":"<p>Companhia inicia opera\u00e7\u00f5es a partir de 7 de dezembro com Airbus A330, equipado com a mais confort\u00e1vel e moderna cabine da empresa<\/p>\n","protected":false},"author":1,"featured_media":0,"comment_status":"open","ping_status":"open","sticky":false,"template":"","format":"standard","meta":{"footnotes":""},"categories":[],"tags":[],"class_list":["post-4408","post","type-post","status-publish","format-standard","hentry"],"yoast_head":"<!-- This site is optimized with the Yoast SEO plugin v26.2 - https:\/\/yoast.com\/wordpress\/plugins\/seo\/ -->\n<title>AZUL ANUNCIA PRIMEIRO VOO INTERNACIONAL DE RECIFE PARA ORLANDO - Travel3<\/title>\n<meta name=\"description\" content=\"A TRAVEL3 \u00e9 um portal de conte\u00fado voltado para o turismo, encontre destinos, viagens, hospedagem, passagens, guias, not\u00edcias sobre o mercado do turismo, dicas de viagem, v\u00eddeos e podcast.\" \/>\n<meta name=\"robots\" content=\"index, follow, max-snippet:-1, max-image-preview:large, max-video-preview:-1\" \/>\n<link rel=\"canonical\" href=\"https:\/\/www.travel3.com.br\/site\/sem-categoria\/azul-anuncia-primeiro-voo-internacional-de-recife-para-orlando\/\" \/>\n<meta property=\"og:locale\" content=\"pt_BR\" \/>\n<meta property=\"og:type\" content=\"article\" \/>\n<meta property=\"og:title\" content=\"AZUL ANUNCIA PRIMEIRO VOO INTERNACIONAL DE RECIFE PARA ORLANDO - Travel3\" \/>\n<meta property=\"og:description\" content=\"A TRAVEL3 \u00e9 um portal de conte\u00fado voltado para o turismo, encontre destinos, viagens, hospedagem, passagens, guias, not\u00edcias sobre o mercado do turismo, dicas de viagem, v\u00eddeos e podcast.\" \/>\n<meta property=\"og:url\" content=\"https:\/\/www.travel3.com.br\/site\/sem-categoria\/azul-anuncia-primeiro-voo-internacional-de-recife-para-orlando\/\" \/>\n<meta property=\"og:site_name\" content=\"Travel3\" \/>\n<meta property=\"article:publisher\" content=\"https:\/\/www.facebook.com\/travel3media\/\" \/>\n<meta property=\"article:published_time\" content=\"2017-06-22T22:40:57+00:00\" \/>\n<meta name=\"author\" content=\"admin\" \/>\n<meta name=\"twitter:card\" content=\"summary_large_image\" \/>\n<meta name=\"twitter:label1\" content=\"Escrito por\" \/>\n\t<meta name=\"twitter:data1\" content=\"admin\" \/>\n\t<meta name=\"twitter:label2\" content=\"Est. tempo de leitura\" \/>\n\t<meta name=\"twitter:data2\" content=\"2 minutos\" \/>\n<script type=\"application\/ld+json\" class=\"yoast-schema-graph\">{\"@context\":\"https:\/\/schema.org\",\"@graph\":[{\"@type\":\"Article\",\"@id\":\"https:\/\/www.travel3.com.br\/site\/sem-categoria\/azul-anuncia-primeiro-voo-internacional-de-recife-para-orlando\/#article\",\"isPartOf\":{\"@id\":\"https:\/\/www.travel3.com.br\/site\/sem-categoria\/azul-anuncia-primeiro-voo-internacional-de-recife-para-orlando\/\"},\"author\":{\"name\":\"admin\",\"@id\":\"https:\/\/www.travel3.com.br\/site\/#\/schema\/person\/a69d71e41a024999b6ab82369ac0bd1e\"},\"headline\":\"AZUL ANUNCIA PRIMEIRO VOO INTERNACIONAL DE RECIFE PARA ORLANDO\",\"datePublished\":\"2017-06-22T22:40:57+00:00\",\"mainEntityOfPage\":{\"@id\":\"https:\/\/www.travel3.com.br\/site\/sem-categoria\/azul-anuncia-primeiro-voo-internacional-de-recife-para-orlando\/\"},\"wordCount\":367,\"commentCount\":0,\"publisher\":{\"@id\":\"https:\/\/www.travel3.com.br\/site\/#organization\"},\"inLanguage\":\"pt-BR\",\"potentialAction\":[{\"@type\":\"CommentAction\",\"name\":\"Comment\",\"target\":[\"https:\/\/www.travel3.com.br\/site\/sem-categoria\/azul-anuncia-primeiro-voo-internacional-de-recife-para-orlando\/#respond\"]}]},{\"@type\":\"WebPage\",\"@id\":\"https:\/\/www.travel3.com.br\/site\/sem-categoria\/azul-anuncia-primeiro-voo-internacional-de-recife-para-orlando\/\",\"url\":\"https:\/\/www.travel3.com.br\/site\/sem-categoria\/azul-anuncia-primeiro-voo-internacional-de-recife-para-orlando\/\",\"name\":\"AZUL ANUNCIA PRIMEIRO VOO INTERNACIONAL DE RECIFE PARA ORLANDO - Travel3\",\"isPartOf\":{\"@id\":\"https:\/\/www.travel3.com.br\/site\/#website\"},\"datePublished\":\"2017-06-22T22:40:57+00:00\",\"description\":\"A TRAVEL3 \u00e9 um portal de conte\u00fado voltado para o turismo, encontre destinos, viagens, hospedagem, passagens, guias, not\u00edcias sobre o mercado do turismo, dicas de viagem, v\u00eddeos e podcast.\",\"breadcrumb\":{\"@id\":\"https:\/\/www.travel3.com.br\/site\/sem-categoria\/azul-anuncia-primeiro-voo-internacional-de-recife-para-orlando\/#breadcrumb\"},\"inLanguage\":\"pt-BR\",\"potentialAction\":[{\"@type\":\"ReadAction\",\"target\":[\"https:\/\/www.travel3.com.br\/site\/sem-categoria\/azul-anuncia-primeiro-voo-internacional-de-recife-para-orlando\/\"]}]},{\"@type\":\"BreadcrumbList\",\"@id\":\"https:\/\/www.travel3.com.br\/site\/sem-categoria\/azul-anuncia-primeiro-voo-internacional-de-recife-para-orlando\/#breadcrumb\",\"itemListElement\":[{\"@type\":\"ListItem\",\"position\":1,\"name\":\"In\u00edcio\",\"item\":\"https:\/\/www.travel3.com.br\/site\/\"},{\"@type\":\"ListItem\",\"position\":2,\"name\":\"AZUL ANUNCIA PRIMEIRO VOO INTERNACIONAL DE RECIFE PARA ORLANDO\"}]},{\"@type\":\"WebSite\",\"@id\":\"https:\/\/www.travel3.com.br\/site\/#website\",\"url\":\"https:\/\/www.travel3.com.br\/site\/\",\"name\":\"Travel3\",\"description\":\"Lazer + Neg&oacute;cios + Aventura\",\"publisher\":{\"@id\":\"https:\/\/www.travel3.com.br\/site\/#organization\"},\"potentialAction\":[{\"@type\":\"SearchAction\",\"target\":{\"@type\":\"EntryPoint\",\"urlTemplate\":\"https:\/\/www.travel3.com.br\/site\/?s={search_term_string}\"},\"query-input\":{\"@type\":\"PropertyValueSpecification\",\"valueRequired\":true,\"valueName\":\"search_term_string\"}}],\"inLanguage\":\"pt-BR\"},{\"@type\":\"Organization\",\"@id\":\"https:\/\/www.travel3.com.br\/site\/#organization\",\"name\":\"Travel3\",\"url\":\"https:\/\/www.travel3.com.br\/site\/\",\"logo\":{\"@type\":\"ImageObject\",\"inLanguage\":\"pt-BR\",\"@id\":\"https:\/\/www.travel3.com.br\/site\/#\/schema\/logo\/image\/\",\"url\":\"https:\/\/www.travel3.com.br\/site\/wp-content\/uploads\/2020\/01\/logo-travel3-2020.png\",\"contentUrl\":\"https:\/\/www.travel3.com.br\/site\/wp-content\/uploads\/2020\/01\/logo-travel3-2020.png\",\"width\":232,\"height\":79,\"caption\":\"Travel3\"},\"image\":{\"@id\":\"https:\/\/www.travel3.com.br\/site\/#\/schema\/logo\/image\/\"},\"sameAs\":[\"https:\/\/www.facebook.com\/travel3media\/\",\"https:\/\/www.instagram.com\/revistatravel3\/\",\"https:\/\/www.youtube.com\/channel\/UCno7J4paGBR3VbZQzvoJ9Eg\"]},{\"@type\":\"Person\",\"@id\":\"https:\/\/www.travel3.com.br\/site\/#\/schema\/person\/a69d71e41a024999b6ab82369ac0bd1e\",\"name\":\"admin\",\"image\":{\"@type\":\"ImageObject\",\"inLanguage\":\"pt-BR\",\"@id\":\"https:\/\/www.travel3.com.br\/site\/#\/schema\/person\/image\/\",\"url\":\"https:\/\/secure.gravatar.com\/avatar\/732a67adfd764da2a47ba10ce731c4c0?s=96&d=mm&r=g\",\"contentUrl\":\"https:\/\/secure.gravatar.com\/avatar\/732a67adfd764da2a47ba10ce731c4c0?s=96&d=mm&r=g\",\"caption\":\"admin\"},\"url\":\"https:\/\/www.travel3.com.br\/site\/author\/admin\/\"}]}<\/script>\n<!-- \/ Yoast SEO plugin. -->","yoast_head_json":{"title":"AZUL ANUNCIA PRIMEIRO VOO INTERNACIONAL DE RECIFE PARA ORLANDO - Travel3","description":"A TRAVEL3 \u00e9 um portal de conte\u00fado voltado para o turismo, encontre destinos, viagens, hospedagem, passagens, guias, not\u00edcias sobre o mercado do turismo, dicas de viagem, v\u00eddeos e podcast.","robots":{"index":"index","follow":"follow","max-snippet":"max-snippet:-1","max-image-preview":"max-image-preview:large","max-video-preview":"max-video-preview:-1"},"canonical":"https:\/\/www.travel3.com.br\/site\/sem-categoria\/azul-anuncia-primeiro-voo-internacional-de-recife-para-orlando\/","og_locale":"pt_BR","og_type":"article","og_title":"AZUL ANUNCIA PRIMEIRO VOO INTERNACIONAL DE RECIFE PARA ORLANDO - Travel3","og_description":"A TRAVEL3 \u00e9 um portal de conte\u00fado voltado para o turismo, encontre destinos, viagens, hospedagem, passagens, guias, not\u00edcias sobre o mercado do turismo, dicas de viagem, v\u00eddeos e podcast.","og_url":"https:\/\/www.travel3.com.br\/site\/sem-categoria\/azul-anuncia-primeiro-voo-internacional-de-recife-para-orlando\/","og_site_name":"Travel3","article_publisher":"https:\/\/www.facebook.com\/travel3media\/","article_published_time":"2017-06-22T22:40:57+00:00","author":"admin","twitter_card":"summary_large_image","twitter_misc":{"Escrito por":"admin","Est. tempo de leitura":"2 minutos"},"schema":{"@context":"https:\/\/schema.org","@graph":[{"@type":"Article","@id":"https:\/\/www.travel3.com.br\/site\/sem-categoria\/azul-anuncia-primeiro-voo-internacional-de-recife-para-orlando\/#article","isPartOf":{"@id":"https:\/\/www.travel3.com.br\/site\/sem-categoria\/azul-anuncia-primeiro-voo-internacional-de-recife-para-orlando\/"},"author":{"name":"admin","@id":"https:\/\/www.travel3.com.br\/site\/#\/schema\/person\/a69d71e41a024999b6ab82369ac0bd1e"},"headline":"AZUL ANUNCIA PRIMEIRO VOO INTERNACIONAL DE RECIFE PARA ORLANDO","datePublished":"2017-06-22T22:40:57+00:00","mainEntityOfPage":{"@id":"https:\/\/www.travel3.com.br\/site\/sem-categoria\/azul-anuncia-primeiro-voo-internacional-de-recife-para-orlando\/"},"wordCount":367,"commentCount":0,"publisher":{"@id":"https:\/\/www.travel3.com.br\/site\/#organization"},"inLanguage":"pt-BR","potentialAction":[{"@type":"CommentAction","name":"Comment","target":["https:\/\/www.travel3.com.br\/site\/sem-categoria\/azul-anuncia-primeiro-voo-internacional-de-recife-para-orlando\/#respond"]}]},{"@type":"WebPage","@id":"https:\/\/www.travel3.com.br\/site\/sem-categoria\/azul-anuncia-primeiro-voo-internacional-de-recife-para-orlando\/","url":"https:\/\/www.travel3.com.br\/site\/sem-categoria\/azul-anuncia-primeiro-voo-internacional-de-recife-para-orlando\/","name":"AZUL ANUNCIA PRIMEIRO VOO INTERNACIONAL DE RECIFE PARA ORLANDO - Travel3","isPartOf":{"@id":"https:\/\/www.travel3.com.br\/site\/#website"},"datePublished":"2017-06-22T22:40:57+00:00","description":"A TRAVEL3 \u00e9 um portal de conte\u00fado voltado para o turismo, encontre destinos, viagens, hospedagem, passagens, guias, not\u00edcias sobre o mercado do turismo, dicas de viagem, v\u00eddeos e podcast.","breadcrumb":{"@id":"https:\/\/www.travel3.com.br\/site\/sem-categoria\/azul-anuncia-primeiro-voo-internacional-de-recife-para-orlando\/#breadcrumb"},"inLanguage":"pt-BR","potentialAction":[{"@type":"ReadAction","target":["https:\/\/www.travel3.com.br\/site\/sem-categoria\/azul-anuncia-primeiro-voo-internacional-de-recife-para-orlando\/"]}]},{"@type":"BreadcrumbList","@id":"https:\/\/www.travel3.com.br\/site\/sem-categoria\/azul-anuncia-primeiro-voo-internacional-de-recife-para-orlando\/#breadcrumb","itemListElement":[{"@type":"ListItem","position":1,"name":"In\u00edcio","item":"https:\/\/www.travel3.com.br\/site\/"},{"@type":"ListItem","position":2,"name":"AZUL ANUNCIA PRIMEIRO VOO INTERNACIONAL DE RECIFE PARA ORLANDO"}]},{"@type":"WebSite","@id":"https:\/\/www.travel3.com.br\/site\/#website","url":"https:\/\/www.travel3.com.br\/site\/","name":"Travel3","description":"Lazer + Neg&oacute;cios + Aventura","publisher":{"@id":"https:\/\/www.travel3.com.br\/site\/#organization"},"potentialAction":[{"@type":"SearchAction","target":{"@type":"EntryPoint","urlTemplate":"https:\/\/www.travel3.com.br\/site\/?s={search_term_string}"},"query-input":{"@type":"PropertyValueSpecification","valueRequired":true,"valueName":"search_term_string"}}],"inLanguage":"pt-BR"},{"@type":"Organization","@id":"https:\/\/www.travel3.com.br\/site\/#organization","name":"Travel3","url":"https:\/\/www.travel3.com.br\/site\/","logo":{"@type":"ImageObject","inLanguage":"pt-BR","@id":"https:\/\/www.travel3.com.br\/site\/#\/schema\/logo\/image\/","url":"https:\/\/www.travel3.com.br\/site\/wp-content\/uploads\/2020\/01\/logo-travel3-2020.png","contentUrl":"https:\/\/www.travel3.com.br\/site\/wp-content\/uploads\/2020\/01\/logo-travel3-2020.png","width":232,"height":79,"caption":"Travel3"},"image":{"@id":"https:\/\/www.travel3.com.br\/site\/#\/schema\/logo\/image\/"},"sameAs":["https:\/\/www.facebook.com\/travel3media\/","https:\/\/www.instagram.com\/revistatravel3\/","https:\/\/www.youtube.com\/channel\/UCno7J4paGBR3VbZQzvoJ9Eg"]},{"@type":"Person","@id":"https:\/\/www.travel3.com.br\/site\/#\/schema\/person\/a69d71e41a024999b6ab82369ac0bd1e","name":"admin","image":{"@type":"ImageObject","inLanguage":"pt-BR","@id":"https:\/\/www.travel3.com.br\/site\/#\/schema\/person\/image\/","url":"https:\/\/secure.gravatar.com\/avatar\/732a67adfd764da2a47ba10ce731c4c0?s=96&d=mm&r=g","contentUrl":"https:\/\/secure.gravatar.com\/avatar\/732a67adfd764da2a47ba10ce731c4c0?s=96&d=mm&r=g","caption":"admin"},"url":"https:\/\/www.travel3.com.br\/site\/author\/admin\/"}]}},"_links":{"self":[{"href":"https:\/\/www.travel3.com.br\/site\/wp-json\/wp\/v2\/posts\/4408","targetHints":{"allow":["GET"]}}],"collection":[{"href":"https:\/\/www.travel3.com.br\/site\/wp-json\/wp\/v2\/posts"}],"about":[{"href":"https:\/\/www.travel3.com.br\/site\/wp-json\/wp\/v2\/types\/post"}],"author":[{"embeddable":true,"href":"https:\/\/www.travel3.com.br\/site\/wp-json\/wp\/v2\/users\/1"}],"replies":[{"embeddable":true,"href":"https:\/\/www.travel3.com.br\/site\/wp-json\/wp\/v2\/comments?post=4408"}],"version-history":[{"count":0,"href":"https:\/\/www.travel3.com.br\/site\/wp-json\/wp\/v2\/posts\/4408\/revisions"}],"wp:attachment":[{"href":"https:\/\/www.travel3.com.br\/site\/wp-json\/wp\/v2\/media?parent=4408"}],"wp:term":[{"taxonomy":"category","embeddable":true,"href":"https:\/\/www.travel3.com.br\/site\/wp-json\/wp\/v2\/categories?post=4408"},{"taxonomy":"post_tag","embeddable":true,"href":"https:\/\/www.travel3.com.br\/site\/wp-json\/wp\/v2\/tags?post=4408"}],"curies":[{"name":"wp","href":"https:\/\/api.w.org\/{rel}","templated":true}]}}