{"id":4407,"date":"2017-08-06T01:48:22","date_gmt":"2017-08-06T01:48:22","guid":{"rendered":"http:\/\/www.travel3.com.br\/site\/ir-e-vir\/ar\/embratur-capacita-agentes-de-viagem-no-equador\/"},"modified":"2017-08-06T01:48:22","modified_gmt":"2017-08-06T01:48:22","slug":"embratur-capacita-agentes-de-viagem-no-equador","status":"publish","type":"post","link":"https:\/\/www.travel3.com.br\/site\/sem-categoria\/embratur-capacita-agentes-de-viagem-no-equador\/","title":{"rendered":"EMBRATUR CAPACITA AGENTES DE VIAGEM NO EQUADOR"},"content":{"rendered":"<p><span style=\"color: #40acad; font-family: -apple-system, system-ui, 'Segoe UI', Roboto, Oxygen-Sans, Ubuntu, Cantarell, 'Helvetica Neue', sans-serif; font-size: 12px; font-weight: bold;\"><\/p>\n<p><a class=\"fancybox-media\" href=\"..\/_uploads\/_noticia\/2016-08\/embratur-01.jpg\" rel=\"portfolio\"><img decoding=\"async\" alt=\"\" src=\"..\/_uploads\/_noticia\/2016-08\/embratur-01.jpg\" \/><\/a><br \/>\n<strong>Workshops foram realizados em tr\u00eas ag\u00eancias equatorianas: Dream &#038; Travel, HDP e M\u00e1s Travel (fotos: Divulga\u00e7\u00e3o)<\/strong><\/p>\n<p>De olho no mercado da Am\u00e9rica do Sul,\u00a0a Embratur (Instituto Brasileiro de Turismo) promoveu, no in\u00edcio deste m\u00eas, tr\u00eas workshops para profissionais do trade na cidade de Guayaquil, no Equador. Os treinamentos contaram com a participa\u00e7\u00e3o de 35 agentes e operadores de viagens. As capacita\u00e7\u00f5es foram realizadas em tr\u00eas ag\u00eancias de viagem \u2013 M\u00e1s Travel, HDP e Dream &#038; Travel \u2013 e tiveram como foco a apresenta\u00e7\u00e3o de produtos e destinos brasileiros.<\/p>\n<p>As cidades divulgadas foram\u00a0Rio de Janeiro, B\u00fazios, S\u00e3o Paulo, Foz do Igua\u00e7u e Recife, indicados pelos operadores equatorianos por terem f\u00e1cil conectividade e possibilidade de inser\u00e7\u00e3o no mercado.\u00a0\u201cCom esse tipo de iniciativa, formamos profissionais capacitados para vender os destinos da melhor forma e potencializamos os resultados do setor\u201d, destacou Vinicius Lummertz, presidente da Embratur. Ele aponta ainda que, para atrair mais turistas ao pa\u00eds, \u00e9 fundamental fomentar e desenvolver toda a cadeia produtiva do turismo.<\/p>\n<p>A a\u00e7\u00e3o no Equador, pa\u00eds que destinou 34 mil turistas para o Brasil em 2015, de acordo com o Anu\u00e1rio Estat\u00edstico do Minist\u00e9rio do Turismo, foi concretizada a partir do Escrit\u00f3rio Brasileiro de Turismo (EBT) do Peru, que mapeou oportunidades de promo\u00e7\u00e3o do Brasil no Equador, com apoio do Comit\u00ea Descubra Brasil.<\/p>\n<p>O esfor\u00e7o da Embratur em se aproximar de profissionais do trade e promover o Brasil no Equador \u00e9 uma iniciativa do Instituto realizada no pa\u00eds nos \u00faltimos anos, como tamb\u00e9m roadshows, treinamentos e participa\u00e7\u00e3o em feiras. \u201cA partir da intelig\u00eancia de mercado fornecida pelos EBTs e a parceria com o Minist\u00e9rio das Rela\u00e7\u00f5es Exteriores, que possibilita a atua\u00e7\u00e3o atrav\u00e9s dos Comit\u00eas, \u00e9 poss\u00edvel gerar a\u00e7\u00f5es efetivas de inser\u00e7\u00e3o e promo\u00e7\u00e3o de produtos de acordo com o mercado\u201d, apontou Gilson Lira, diretor da Embratur.<\/p>\n<p><strong>Promo\u00e7\u00e3o sul-americana<\/strong><br \/>\nEm todos os pa\u00edses da Am\u00e9rica do Sul, a estrat\u00e9gia promocional consiste na forma\u00e7\u00e3o de comit\u00eas de promo\u00e7\u00e3o \u2013 denominados Visite Brasil, na Argentina, e Descubra Brasil, na Bol\u00edvia, Chile, Col\u00f4mbia, Equador, M\u00e9xico, Paraguai, Peru, Uruguai e Venezuela. Esses grupos visam promover, divulgar e aumentar o fluxo de turistas para o Brasil. Para cumprir esse objetivo, os Setores de Promo\u00e7\u00e3o Comercial das embaixadas brasileiras no exterior coordenam, junto com a Embratur, as atividades dos comit\u00eas, que s\u00e3o formados por operadores, companhias a\u00e9reas, empresas hoteleiras e seguradas de viagens radicadas nos mercados.<\/p>\n<p>\u00a0<\/p>\n<p><\/span><\/p>\n","protected":false},"excerpt":{"rendered":"<p>S\u00e9rie de treinamentos, realizada em tr\u00eas empresas da cidade de Guayaquil, expande as a\u00e7\u00f5es de promo\u00e7\u00e3o do Brasil no pa\u00eds sul-americano<\/p>\n","protected":false},"author":1,"featured_media":0,"comment_status":"open","ping_status":"open","sticky":false,"template":"","format":"standard","meta":{"footnotes":""},"categories":[],"tags":[],"class_list":["post-4407","post","type-post","status-publish","format-standard","hentry"],"yoast_head":"<!-- This site is optimized with the Yoast SEO plugin v26.2 - https:\/\/yoast.com\/wordpress\/plugins\/seo\/ -->\n<title>EMBRATUR CAPACITA AGENTES DE VIAGEM NO EQUADOR - Travel3<\/title>\n<meta name=\"description\" content=\"A TRAVEL3 \u00e9 um portal de conte\u00fado voltado para o turismo, encontre destinos, viagens, hospedagem, passagens, guias, not\u00edcias sobre o mercado do turismo, dicas de viagem, v\u00eddeos e podcast.\" \/>\n<meta name=\"robots\" content=\"index, follow, max-snippet:-1, max-image-preview:large, max-video-preview:-1\" \/>\n<link rel=\"canonical\" href=\"https:\/\/www.travel3.com.br\/site\/sem-categoria\/embratur-capacita-agentes-de-viagem-no-equador\/\" \/>\n<meta property=\"og:locale\" content=\"pt_BR\" \/>\n<meta property=\"og:type\" content=\"article\" \/>\n<meta property=\"og:title\" content=\"EMBRATUR CAPACITA AGENTES DE VIAGEM NO EQUADOR - Travel3\" \/>\n<meta property=\"og:description\" content=\"A TRAVEL3 \u00e9 um portal de conte\u00fado voltado para o turismo, encontre destinos, viagens, hospedagem, passagens, guias, not\u00edcias sobre o mercado do turismo, dicas de viagem, v\u00eddeos e podcast.\" \/>\n<meta property=\"og:url\" content=\"https:\/\/www.travel3.com.br\/site\/sem-categoria\/embratur-capacita-agentes-de-viagem-no-equador\/\" \/>\n<meta property=\"og:site_name\" content=\"Travel3\" \/>\n<meta property=\"article:publisher\" content=\"https:\/\/www.facebook.com\/travel3media\/\" \/>\n<meta property=\"article:published_time\" content=\"2017-08-06T01:48:22+00:00\" \/>\n<meta name=\"author\" content=\"admin\" \/>\n<meta name=\"twitter:card\" content=\"summary_large_image\" \/>\n<meta name=\"twitter:label1\" content=\"Escrito por\" \/>\n\t<meta name=\"twitter:data1\" content=\"admin\" \/>\n\t<meta name=\"twitter:label2\" content=\"Est. tempo de leitura\" \/>\n\t<meta name=\"twitter:data2\" content=\"2 minutos\" \/>\n<script type=\"application\/ld+json\" class=\"yoast-schema-graph\">{\"@context\":\"https:\/\/schema.org\",\"@graph\":[{\"@type\":\"Article\",\"@id\":\"https:\/\/www.travel3.com.br\/site\/sem-categoria\/embratur-capacita-agentes-de-viagem-no-equador\/#article\",\"isPartOf\":{\"@id\":\"https:\/\/www.travel3.com.br\/site\/sem-categoria\/embratur-capacita-agentes-de-viagem-no-equador\/\"},\"author\":{\"name\":\"admin\",\"@id\":\"https:\/\/www.travel3.com.br\/site\/#\/schema\/person\/a69d71e41a024999b6ab82369ac0bd1e\"},\"headline\":\"EMBRATUR CAPACITA AGENTES DE VIAGEM NO EQUADOR\",\"datePublished\":\"2017-08-06T01:48:22+00:00\",\"mainEntityOfPage\":{\"@id\":\"https:\/\/www.travel3.com.br\/site\/sem-categoria\/embratur-capacita-agentes-de-viagem-no-equador\/\"},\"wordCount\":445,\"commentCount\":0,\"publisher\":{\"@id\":\"https:\/\/www.travel3.com.br\/site\/#organization\"},\"inLanguage\":\"pt-BR\",\"potentialAction\":[{\"@type\":\"CommentAction\",\"name\":\"Comment\",\"target\":[\"https:\/\/www.travel3.com.br\/site\/sem-categoria\/embratur-capacita-agentes-de-viagem-no-equador\/#respond\"]}]},{\"@type\":\"WebPage\",\"@id\":\"https:\/\/www.travel3.com.br\/site\/sem-categoria\/embratur-capacita-agentes-de-viagem-no-equador\/\",\"url\":\"https:\/\/www.travel3.com.br\/site\/sem-categoria\/embratur-capacita-agentes-de-viagem-no-equador\/\",\"name\":\"EMBRATUR CAPACITA AGENTES DE VIAGEM NO EQUADOR - Travel3\",\"isPartOf\":{\"@id\":\"https:\/\/www.travel3.com.br\/site\/#website\"},\"datePublished\":\"2017-08-06T01:48:22+00:00\",\"description\":\"A TRAVEL3 \u00e9 um portal de conte\u00fado voltado para o turismo, encontre destinos, viagens, hospedagem, passagens, guias, not\u00edcias sobre o mercado do turismo, dicas de viagem, v\u00eddeos e podcast.\",\"breadcrumb\":{\"@id\":\"https:\/\/www.travel3.com.br\/site\/sem-categoria\/embratur-capacita-agentes-de-viagem-no-equador\/#breadcrumb\"},\"inLanguage\":\"pt-BR\",\"potentialAction\":[{\"@type\":\"ReadAction\",\"target\":[\"https:\/\/www.travel3.com.br\/site\/sem-categoria\/embratur-capacita-agentes-de-viagem-no-equador\/\"]}]},{\"@type\":\"BreadcrumbList\",\"@id\":\"https:\/\/www.travel3.com.br\/site\/sem-categoria\/embratur-capacita-agentes-de-viagem-no-equador\/#breadcrumb\",\"itemListElement\":[{\"@type\":\"ListItem\",\"position\":1,\"name\":\"In\u00edcio\",\"item\":\"https:\/\/www.travel3.com.br\/site\/\"},{\"@type\":\"ListItem\",\"position\":2,\"name\":\"EMBRATUR CAPACITA AGENTES DE VIAGEM NO EQUADOR\"}]},{\"@type\":\"WebSite\",\"@id\":\"https:\/\/www.travel3.com.br\/site\/#website\",\"url\":\"https:\/\/www.travel3.com.br\/site\/\",\"name\":\"Travel3\",\"description\":\"Lazer + Neg&oacute;cios + Aventura\",\"publisher\":{\"@id\":\"https:\/\/www.travel3.com.br\/site\/#organization\"},\"potentialAction\":[{\"@type\":\"SearchAction\",\"target\":{\"@type\":\"EntryPoint\",\"urlTemplate\":\"https:\/\/www.travel3.com.br\/site\/?s={search_term_string}\"},\"query-input\":{\"@type\":\"PropertyValueSpecification\",\"valueRequired\":true,\"valueName\":\"search_term_string\"}}],\"inLanguage\":\"pt-BR\"},{\"@type\":\"Organization\",\"@id\":\"https:\/\/www.travel3.com.br\/site\/#organization\",\"name\":\"Travel3\",\"url\":\"https:\/\/www.travel3.com.br\/site\/\",\"logo\":{\"@type\":\"ImageObject\",\"inLanguage\":\"pt-BR\",\"@id\":\"https:\/\/www.travel3.com.br\/site\/#\/schema\/logo\/image\/\",\"url\":\"https:\/\/www.travel3.com.br\/site\/wp-content\/uploads\/2020\/01\/logo-travel3-2020.png\",\"contentUrl\":\"https:\/\/www.travel3.com.br\/site\/wp-content\/uploads\/2020\/01\/logo-travel3-2020.png\",\"width\":232,\"height\":79,\"caption\":\"Travel3\"},\"image\":{\"@id\":\"https:\/\/www.travel3.com.br\/site\/#\/schema\/logo\/image\/\"},\"sameAs\":[\"https:\/\/www.facebook.com\/travel3media\/\",\"https:\/\/www.instagram.com\/revistatravel3\/\",\"https:\/\/www.youtube.com\/channel\/UCno7J4paGBR3VbZQzvoJ9Eg\"]},{\"@type\":\"Person\",\"@id\":\"https:\/\/www.travel3.com.br\/site\/#\/schema\/person\/a69d71e41a024999b6ab82369ac0bd1e\",\"name\":\"admin\",\"image\":{\"@type\":\"ImageObject\",\"inLanguage\":\"pt-BR\",\"@id\":\"https:\/\/www.travel3.com.br\/site\/#\/schema\/person\/image\/\",\"url\":\"https:\/\/secure.gravatar.com\/avatar\/732a67adfd764da2a47ba10ce731c4c0?s=96&d=mm&r=g\",\"contentUrl\":\"https:\/\/secure.gravatar.com\/avatar\/732a67adfd764da2a47ba10ce731c4c0?s=96&d=mm&r=g\",\"caption\":\"admin\"},\"url\":\"https:\/\/www.travel3.com.br\/site\/author\/admin\/\"}]}<\/script>\n<!-- \/ Yoast SEO plugin. -->","yoast_head_json":{"title":"EMBRATUR CAPACITA AGENTES DE VIAGEM NO EQUADOR - Travel3","description":"A TRAVEL3 \u00e9 um portal de conte\u00fado voltado para o turismo, encontre destinos, viagens, hospedagem, passagens, guias, not\u00edcias sobre o mercado do turismo, dicas de viagem, v\u00eddeos e podcast.","robots":{"index":"index","follow":"follow","max-snippet":"max-snippet:-1","max-image-preview":"max-image-preview:large","max-video-preview":"max-video-preview:-1"},"canonical":"https:\/\/www.travel3.com.br\/site\/sem-categoria\/embratur-capacita-agentes-de-viagem-no-equador\/","og_locale":"pt_BR","og_type":"article","og_title":"EMBRATUR CAPACITA AGENTES DE VIAGEM NO EQUADOR - Travel3","og_description":"A TRAVEL3 \u00e9 um portal de conte\u00fado voltado para o turismo, encontre destinos, viagens, hospedagem, passagens, guias, not\u00edcias sobre o mercado do turismo, dicas de viagem, v\u00eddeos e podcast.","og_url":"https:\/\/www.travel3.com.br\/site\/sem-categoria\/embratur-capacita-agentes-de-viagem-no-equador\/","og_site_name":"Travel3","article_publisher":"https:\/\/www.facebook.com\/travel3media\/","article_published_time":"2017-08-06T01:48:22+00:00","author":"admin","twitter_card":"summary_large_image","twitter_misc":{"Escrito por":"admin","Est. tempo de leitura":"2 minutos"},"schema":{"@context":"https:\/\/schema.org","@graph":[{"@type":"Article","@id":"https:\/\/www.travel3.com.br\/site\/sem-categoria\/embratur-capacita-agentes-de-viagem-no-equador\/#article","isPartOf":{"@id":"https:\/\/www.travel3.com.br\/site\/sem-categoria\/embratur-capacita-agentes-de-viagem-no-equador\/"},"author":{"name":"admin","@id":"https:\/\/www.travel3.com.br\/site\/#\/schema\/person\/a69d71e41a024999b6ab82369ac0bd1e"},"headline":"EMBRATUR CAPACITA AGENTES DE VIAGEM NO EQUADOR","datePublished":"2017-08-06T01:48:22+00:00","mainEntityOfPage":{"@id":"https:\/\/www.travel3.com.br\/site\/sem-categoria\/embratur-capacita-agentes-de-viagem-no-equador\/"},"wordCount":445,"commentCount":0,"publisher":{"@id":"https:\/\/www.travel3.com.br\/site\/#organization"},"inLanguage":"pt-BR","potentialAction":[{"@type":"CommentAction","name":"Comment","target":["https:\/\/www.travel3.com.br\/site\/sem-categoria\/embratur-capacita-agentes-de-viagem-no-equador\/#respond"]}]},{"@type":"WebPage","@id":"https:\/\/www.travel3.com.br\/site\/sem-categoria\/embratur-capacita-agentes-de-viagem-no-equador\/","url":"https:\/\/www.travel3.com.br\/site\/sem-categoria\/embratur-capacita-agentes-de-viagem-no-equador\/","name":"EMBRATUR CAPACITA AGENTES DE VIAGEM NO EQUADOR - Travel3","isPartOf":{"@id":"https:\/\/www.travel3.com.br\/site\/#website"},"datePublished":"2017-08-06T01:48:22+00:00","description":"A TRAVEL3 \u00e9 um portal de conte\u00fado voltado para o turismo, encontre destinos, viagens, hospedagem, passagens, guias, not\u00edcias sobre o mercado do turismo, dicas de viagem, v\u00eddeos e podcast.","breadcrumb":{"@id":"https:\/\/www.travel3.com.br\/site\/sem-categoria\/embratur-capacita-agentes-de-viagem-no-equador\/#breadcrumb"},"inLanguage":"pt-BR","potentialAction":[{"@type":"ReadAction","target":["https:\/\/www.travel3.com.br\/site\/sem-categoria\/embratur-capacita-agentes-de-viagem-no-equador\/"]}]},{"@type":"BreadcrumbList","@id":"https:\/\/www.travel3.com.br\/site\/sem-categoria\/embratur-capacita-agentes-de-viagem-no-equador\/#breadcrumb","itemListElement":[{"@type":"ListItem","position":1,"name":"In\u00edcio","item":"https:\/\/www.travel3.com.br\/site\/"},{"@type":"ListItem","position":2,"name":"EMBRATUR CAPACITA AGENTES DE VIAGEM NO EQUADOR"}]},{"@type":"WebSite","@id":"https:\/\/www.travel3.com.br\/site\/#website","url":"https:\/\/www.travel3.com.br\/site\/","name":"Travel3","description":"Lazer + Neg&oacute;cios + Aventura","publisher":{"@id":"https:\/\/www.travel3.com.br\/site\/#organization"},"potentialAction":[{"@type":"SearchAction","target":{"@type":"EntryPoint","urlTemplate":"https:\/\/www.travel3.com.br\/site\/?s={search_term_string}"},"query-input":{"@type":"PropertyValueSpecification","valueRequired":true,"valueName":"search_term_string"}}],"inLanguage":"pt-BR"},{"@type":"Organization","@id":"https:\/\/www.travel3.com.br\/site\/#organization","name":"Travel3","url":"https:\/\/www.travel3.com.br\/site\/","logo":{"@type":"ImageObject","inLanguage":"pt-BR","@id":"https:\/\/www.travel3.com.br\/site\/#\/schema\/logo\/image\/","url":"https:\/\/www.travel3.com.br\/site\/wp-content\/uploads\/2020\/01\/logo-travel3-2020.png","contentUrl":"https:\/\/www.travel3.com.br\/site\/wp-content\/uploads\/2020\/01\/logo-travel3-2020.png","width":232,"height":79,"caption":"Travel3"},"image":{"@id":"https:\/\/www.travel3.com.br\/site\/#\/schema\/logo\/image\/"},"sameAs":["https:\/\/www.facebook.com\/travel3media\/","https:\/\/www.instagram.com\/revistatravel3\/","https:\/\/www.youtube.com\/channel\/UCno7J4paGBR3VbZQzvoJ9Eg"]},{"@type":"Person","@id":"https:\/\/www.travel3.com.br\/site\/#\/schema\/person\/a69d71e41a024999b6ab82369ac0bd1e","name":"admin","image":{"@type":"ImageObject","inLanguage":"pt-BR","@id":"https:\/\/www.travel3.com.br\/site\/#\/schema\/person\/image\/","url":"https:\/\/secure.gravatar.com\/avatar\/732a67adfd764da2a47ba10ce731c4c0?s=96&d=mm&r=g","contentUrl":"https:\/\/secure.gravatar.com\/avatar\/732a67adfd764da2a47ba10ce731c4c0?s=96&d=mm&r=g","caption":"admin"},"url":"https:\/\/www.travel3.com.br\/site\/author\/admin\/"}]}},"_links":{"self":[{"href":"https:\/\/www.travel3.com.br\/site\/wp-json\/wp\/v2\/posts\/4407","targetHints":{"allow":["GET"]}}],"collection":[{"href":"https:\/\/www.travel3.com.br\/site\/wp-json\/wp\/v2\/posts"}],"about":[{"href":"https:\/\/www.travel3.com.br\/site\/wp-json\/wp\/v2\/types\/post"}],"author":[{"embeddable":true,"href":"https:\/\/www.travel3.com.br\/site\/wp-json\/wp\/v2\/users\/1"}],"replies":[{"embeddable":true,"href":"https:\/\/www.travel3.com.br\/site\/wp-json\/wp\/v2\/comments?post=4407"}],"version-history":[{"count":0,"href":"https:\/\/www.travel3.com.br\/site\/wp-json\/wp\/v2\/posts\/4407\/revisions"}],"wp:attachment":[{"href":"https:\/\/www.travel3.com.br\/site\/wp-json\/wp\/v2\/media?parent=4407"}],"wp:term":[{"taxonomy":"category","embeddable":true,"href":"https:\/\/www.travel3.com.br\/site\/wp-json\/wp\/v2\/categories?post=4407"},{"taxonomy":"post_tag","embeddable":true,"href":"https:\/\/www.travel3.com.br\/site\/wp-json\/wp\/v2\/tags?post=4407"}],"curies":[{"name":"wp","href":"https:\/\/api.w.org\/{rel}","templated":true}]}}