{"id":4390,"date":"2017-09-09T15:11:23","date_gmt":"2017-09-09T15:11:23","guid":{"rendered":"http:\/\/www.travel3.com.br\/site\/ir-e-vir\/ar\/mirassol-realiza-terceira-edicao-da-feira-de-gastronomia-e-arte\/"},"modified":"2017-09-09T15:11:23","modified_gmt":"2017-09-09T15:11:23","slug":"mirassol-realiza-terceira-edicao-da-feira-de-gastronomia-e-arte","status":"publish","type":"post","link":"https:\/\/www.travel3.com.br\/site\/sem-categoria\/mirassol-realiza-terceira-edicao-da-feira-de-gastronomia-e-arte\/","title":{"rendered":"MIRASSOL REALIZA TERCEIRA EDI\u00c7\u00c3O DA FEIRA DE GASTRONOMIA E ARTE"},"content":{"rendered":"<p><span style=\"color: #40acad; font-family: -apple-system, system-ui, 'Segoe UI', Roboto, Oxygen-Sans, Ubuntu, Cantarell, 'Helvetica Neue', sans-serif; font-size: 12px; font-weight: bold;\"><\/p>\n<p><a class=\"fancybox-media\" href=\"..\/_uploads\/_noticia\/2016-08\/mirassol2.jpg\" rel=\"portfolio\"><img decoding=\"async\" alt=\"\" src=\"..\/_uploads\/_noticia\/2016-08\/mirassol2.jpg\" \/><\/a><strong>Evento apresenta culin\u00e1ria t\u00edpica da regi\u00e3o, como pratos \u00e0 base de camar\u00e3o (foto: Divulga\u00e7\u00e3o)<\/strong><\/p>\n<p>A \u201cFeira de Gastronomia e Arte de Mirassol\u201d come\u00e7ou sua terceira edi\u00e7\u00e3o na \u00faltima quinta-feira e vai at\u00e9 domingo (21). O evento ocorre das 17h \u00e0s 23h, na pra\u00e7a da \u00e1rvore, em Mirassol (RN), em uma iniciativa da Prefeitura de Natal por interm\u00e9dio da secretaria Municipal de Turismo (Setur) e parceria com v\u00e1rias secretarias municipais\u00a0<\/p>\n<p>J\u00e1 tradicional na regi\u00e3o, a feira traz uma variedade de op\u00e7\u00f5es gastron\u00f4micas, priorizando sempre a culin\u00e1ria local. Para o comerciante Rodrigo Amantea que participa da feira desde a primeira edi\u00e7\u00e3o com o \u201cCamar\u00e3o Gourmet\u201d, al\u00e9m de gerar renda, a feira proporciona um polo de entretenimento para a popula\u00e7\u00e3o local e, consequentemente, atrai os turistas que est\u00e3o de passagem pela cidade.\u00a0<\/p>\n<p>Nesta edi\u00e7\u00e3o, o \u201cCamar\u00e3o Gourmet\u201d oferece tr\u00eas op\u00e7\u00f5es no card\u00e1pio: O camar\u00e3o empanado com fritas, arroz de camar\u00e3o servido no abacaxi e batatas recheadas. Para a secret\u00e1ria de Turismo Christiane Alecrim, \u201ca ideia de realizar este evento refor\u00e7a a revitaliza\u00e7\u00e3o da Pra\u00e7a da \u00c1rvore de Mirassol recebendo natalenses e turistas como mais uma op\u00e7\u00e3o de lazer e cultural\u201d.\u00a0\u00a0<\/p>\n<p>Al\u00e9m da pra\u00e7a de alimenta\u00e7\u00e3o que comporta 21 op\u00e7\u00f5es gastron\u00f4micas, a feira conta com 15 Food Trucks, feirinha de artesanato e \u201cEspa\u00e7o Kids\u201d para as crian\u00e7as.<\/p>\n<p>O evento tem a participa\u00e7\u00e3o da Secretaria Municipal de Servi\u00e7os Urbanos (Semsur), da Companhia de Servi\u00e7os Urbanos de Natal (Urbana), da Secretaria Municipal de Seguran\u00e7a P\u00fablica e Defesa Social (Semdes), da Secretaria Municipal de Cultura\/Funda\u00e7\u00e3o Cultural Capitania das Artes (Secult\/Funcarte), Secretaria Municipal de Comunica\u00e7\u00e3o Social (Secom) \u00a0e da Secretaria Municipal de Mobilidade Urbana (STTU), que contribu\u00edram com toda a infraestrutura e divulga\u00e7\u00e3o do evento.<\/p>\n<p><\/span><\/p>\n","protected":false},"excerpt":{"rendered":"<p>Cidade do Rio Grande do Norte encerra tradicional evento da regi\u00e3o com muitos pratos t\u00edpicos neste domingo (21)<\/p>\n","protected":false},"author":1,"featured_media":0,"comment_status":"open","ping_status":"open","sticky":false,"template":"","format":"standard","meta":{"footnotes":""},"categories":[],"tags":[],"class_list":["post-4390","post","type-post","status-publish","format-standard","hentry"],"yoast_head":"<!-- This site is optimized with the Yoast SEO plugin v26.2 - https:\/\/yoast.com\/wordpress\/plugins\/seo\/ -->\n<title>MIRASSOL REALIZA TERCEIRA EDI\u00c7\u00c3O DA FEIRA DE GASTRONOMIA E ARTE - Travel3<\/title>\n<meta name=\"description\" content=\"A TRAVEL3 \u00e9 um portal de conte\u00fado voltado para o turismo, encontre destinos, viagens, hospedagem, passagens, guias, not\u00edcias sobre o mercado do turismo, dicas de viagem, v\u00eddeos e podcast.\" \/>\n<meta name=\"robots\" content=\"index, follow, max-snippet:-1, max-image-preview:large, max-video-preview:-1\" \/>\n<link rel=\"canonical\" href=\"https:\/\/www.travel3.com.br\/site\/sem-categoria\/mirassol-realiza-terceira-edicao-da-feira-de-gastronomia-e-arte\/\" \/>\n<meta property=\"og:locale\" content=\"pt_BR\" \/>\n<meta property=\"og:type\" content=\"article\" \/>\n<meta property=\"og:title\" content=\"MIRASSOL REALIZA TERCEIRA EDI\u00c7\u00c3O DA FEIRA DE GASTRONOMIA E ARTE - Travel3\" \/>\n<meta property=\"og:description\" content=\"A TRAVEL3 \u00e9 um portal de conte\u00fado voltado para o turismo, encontre destinos, viagens, hospedagem, passagens, guias, not\u00edcias sobre o mercado do turismo, dicas de viagem, v\u00eddeos e podcast.\" \/>\n<meta property=\"og:url\" content=\"https:\/\/www.travel3.com.br\/site\/sem-categoria\/mirassol-realiza-terceira-edicao-da-feira-de-gastronomia-e-arte\/\" \/>\n<meta property=\"og:site_name\" content=\"Travel3\" \/>\n<meta property=\"article:publisher\" content=\"https:\/\/www.facebook.com\/travel3media\/\" \/>\n<meta property=\"article:published_time\" content=\"2017-09-09T15:11:23+00:00\" \/>\n<meta name=\"author\" content=\"admin\" \/>\n<meta name=\"twitter:card\" content=\"summary_large_image\" \/>\n<meta name=\"twitter:label1\" content=\"Escrito por\" \/>\n\t<meta name=\"twitter:data1\" content=\"admin\" \/>\n\t<meta name=\"twitter:label2\" content=\"Est. tempo de leitura\" \/>\n\t<meta name=\"twitter:data2\" content=\"2 minutos\" \/>\n<script type=\"application\/ld+json\" class=\"yoast-schema-graph\">{\"@context\":\"https:\/\/schema.org\",\"@graph\":[{\"@type\":\"Article\",\"@id\":\"https:\/\/www.travel3.com.br\/site\/sem-categoria\/mirassol-realiza-terceira-edicao-da-feira-de-gastronomia-e-arte\/#article\",\"isPartOf\":{\"@id\":\"https:\/\/www.travel3.com.br\/site\/sem-categoria\/mirassol-realiza-terceira-edicao-da-feira-de-gastronomia-e-arte\/\"},\"author\":{\"name\":\"admin\",\"@id\":\"https:\/\/www.travel3.com.br\/site\/#\/schema\/person\/a69d71e41a024999b6ab82369ac0bd1e\"},\"headline\":\"MIRASSOL REALIZA TERCEIRA EDI\u00c7\u00c3O DA FEIRA DE GASTRONOMIA E ARTE\",\"datePublished\":\"2017-09-09T15:11:23+00:00\",\"mainEntityOfPage\":{\"@id\":\"https:\/\/www.travel3.com.br\/site\/sem-categoria\/mirassol-realiza-terceira-edicao-da-feira-de-gastronomia-e-arte\/\"},\"wordCount\":333,\"commentCount\":0,\"publisher\":{\"@id\":\"https:\/\/www.travel3.com.br\/site\/#organization\"},\"inLanguage\":\"pt-BR\",\"potentialAction\":[{\"@type\":\"CommentAction\",\"name\":\"Comment\",\"target\":[\"https:\/\/www.travel3.com.br\/site\/sem-categoria\/mirassol-realiza-terceira-edicao-da-feira-de-gastronomia-e-arte\/#respond\"]}]},{\"@type\":\"WebPage\",\"@id\":\"https:\/\/www.travel3.com.br\/site\/sem-categoria\/mirassol-realiza-terceira-edicao-da-feira-de-gastronomia-e-arte\/\",\"url\":\"https:\/\/www.travel3.com.br\/site\/sem-categoria\/mirassol-realiza-terceira-edicao-da-feira-de-gastronomia-e-arte\/\",\"name\":\"MIRASSOL REALIZA TERCEIRA EDI\u00c7\u00c3O DA FEIRA DE GASTRONOMIA E ARTE - Travel3\",\"isPartOf\":{\"@id\":\"https:\/\/www.travel3.com.br\/site\/#website\"},\"datePublished\":\"2017-09-09T15:11:23+00:00\",\"description\":\"A TRAVEL3 \u00e9 um portal de conte\u00fado voltado para o turismo, encontre destinos, viagens, hospedagem, passagens, guias, not\u00edcias sobre o mercado do turismo, dicas de viagem, v\u00eddeos e podcast.\",\"breadcrumb\":{\"@id\":\"https:\/\/www.travel3.com.br\/site\/sem-categoria\/mirassol-realiza-terceira-edicao-da-feira-de-gastronomia-e-arte\/#breadcrumb\"},\"inLanguage\":\"pt-BR\",\"potentialAction\":[{\"@type\":\"ReadAction\",\"target\":[\"https:\/\/www.travel3.com.br\/site\/sem-categoria\/mirassol-realiza-terceira-edicao-da-feira-de-gastronomia-e-arte\/\"]}]},{\"@type\":\"BreadcrumbList\",\"@id\":\"https:\/\/www.travel3.com.br\/site\/sem-categoria\/mirassol-realiza-terceira-edicao-da-feira-de-gastronomia-e-arte\/#breadcrumb\",\"itemListElement\":[{\"@type\":\"ListItem\",\"position\":1,\"name\":\"In\u00edcio\",\"item\":\"https:\/\/www.travel3.com.br\/site\/\"},{\"@type\":\"ListItem\",\"position\":2,\"name\":\"MIRASSOL REALIZA TERCEIRA EDI\u00c7\u00c3O DA FEIRA DE GASTRONOMIA E ARTE\"}]},{\"@type\":\"WebSite\",\"@id\":\"https:\/\/www.travel3.com.br\/site\/#website\",\"url\":\"https:\/\/www.travel3.com.br\/site\/\",\"name\":\"Travel3\",\"description\":\"Lazer + Neg&oacute;cios + Aventura\",\"publisher\":{\"@id\":\"https:\/\/www.travel3.com.br\/site\/#organization\"},\"potentialAction\":[{\"@type\":\"SearchAction\",\"target\":{\"@type\":\"EntryPoint\",\"urlTemplate\":\"https:\/\/www.travel3.com.br\/site\/?s={search_term_string}\"},\"query-input\":{\"@type\":\"PropertyValueSpecification\",\"valueRequired\":true,\"valueName\":\"search_term_string\"}}],\"inLanguage\":\"pt-BR\"},{\"@type\":\"Organization\",\"@id\":\"https:\/\/www.travel3.com.br\/site\/#organization\",\"name\":\"Travel3\",\"url\":\"https:\/\/www.travel3.com.br\/site\/\",\"logo\":{\"@type\":\"ImageObject\",\"inLanguage\":\"pt-BR\",\"@id\":\"https:\/\/www.travel3.com.br\/site\/#\/schema\/logo\/image\/\",\"url\":\"https:\/\/www.travel3.com.br\/site\/wp-content\/uploads\/2020\/01\/logo-travel3-2020.png\",\"contentUrl\":\"https:\/\/www.travel3.com.br\/site\/wp-content\/uploads\/2020\/01\/logo-travel3-2020.png\",\"width\":232,\"height\":79,\"caption\":\"Travel3\"},\"image\":{\"@id\":\"https:\/\/www.travel3.com.br\/site\/#\/schema\/logo\/image\/\"},\"sameAs\":[\"https:\/\/www.facebook.com\/travel3media\/\",\"https:\/\/www.instagram.com\/revistatravel3\/\",\"https:\/\/www.youtube.com\/channel\/UCno7J4paGBR3VbZQzvoJ9Eg\"]},{\"@type\":\"Person\",\"@id\":\"https:\/\/www.travel3.com.br\/site\/#\/schema\/person\/a69d71e41a024999b6ab82369ac0bd1e\",\"name\":\"admin\",\"image\":{\"@type\":\"ImageObject\",\"inLanguage\":\"pt-BR\",\"@id\":\"https:\/\/www.travel3.com.br\/site\/#\/schema\/person\/image\/\",\"url\":\"https:\/\/secure.gravatar.com\/avatar\/732a67adfd764da2a47ba10ce731c4c0?s=96&d=mm&r=g\",\"contentUrl\":\"https:\/\/secure.gravatar.com\/avatar\/732a67adfd764da2a47ba10ce731c4c0?s=96&d=mm&r=g\",\"caption\":\"admin\"},\"url\":\"https:\/\/www.travel3.com.br\/site\/author\/admin\/\"}]}<\/script>\n<!-- \/ Yoast SEO plugin. -->","yoast_head_json":{"title":"MIRASSOL REALIZA TERCEIRA EDI\u00c7\u00c3O DA FEIRA DE GASTRONOMIA E ARTE - Travel3","description":"A TRAVEL3 \u00e9 um portal de conte\u00fado voltado para o turismo, encontre destinos, viagens, hospedagem, passagens, guias, not\u00edcias sobre o mercado do turismo, dicas de viagem, v\u00eddeos e podcast.","robots":{"index":"index","follow":"follow","max-snippet":"max-snippet:-1","max-image-preview":"max-image-preview:large","max-video-preview":"max-video-preview:-1"},"canonical":"https:\/\/www.travel3.com.br\/site\/sem-categoria\/mirassol-realiza-terceira-edicao-da-feira-de-gastronomia-e-arte\/","og_locale":"pt_BR","og_type":"article","og_title":"MIRASSOL REALIZA TERCEIRA EDI\u00c7\u00c3O DA FEIRA DE GASTRONOMIA E ARTE - Travel3","og_description":"A TRAVEL3 \u00e9 um portal de conte\u00fado voltado para o turismo, encontre destinos, viagens, hospedagem, passagens, guias, not\u00edcias sobre o mercado do turismo, dicas de viagem, v\u00eddeos e podcast.","og_url":"https:\/\/www.travel3.com.br\/site\/sem-categoria\/mirassol-realiza-terceira-edicao-da-feira-de-gastronomia-e-arte\/","og_site_name":"Travel3","article_publisher":"https:\/\/www.facebook.com\/travel3media\/","article_published_time":"2017-09-09T15:11:23+00:00","author":"admin","twitter_card":"summary_large_image","twitter_misc":{"Escrito por":"admin","Est. tempo de leitura":"2 minutos"},"schema":{"@context":"https:\/\/schema.org","@graph":[{"@type":"Article","@id":"https:\/\/www.travel3.com.br\/site\/sem-categoria\/mirassol-realiza-terceira-edicao-da-feira-de-gastronomia-e-arte\/#article","isPartOf":{"@id":"https:\/\/www.travel3.com.br\/site\/sem-categoria\/mirassol-realiza-terceira-edicao-da-feira-de-gastronomia-e-arte\/"},"author":{"name":"admin","@id":"https:\/\/www.travel3.com.br\/site\/#\/schema\/person\/a69d71e41a024999b6ab82369ac0bd1e"},"headline":"MIRASSOL REALIZA TERCEIRA EDI\u00c7\u00c3O DA FEIRA DE GASTRONOMIA E ARTE","datePublished":"2017-09-09T15:11:23+00:00","mainEntityOfPage":{"@id":"https:\/\/www.travel3.com.br\/site\/sem-categoria\/mirassol-realiza-terceira-edicao-da-feira-de-gastronomia-e-arte\/"},"wordCount":333,"commentCount":0,"publisher":{"@id":"https:\/\/www.travel3.com.br\/site\/#organization"},"inLanguage":"pt-BR","potentialAction":[{"@type":"CommentAction","name":"Comment","target":["https:\/\/www.travel3.com.br\/site\/sem-categoria\/mirassol-realiza-terceira-edicao-da-feira-de-gastronomia-e-arte\/#respond"]}]},{"@type":"WebPage","@id":"https:\/\/www.travel3.com.br\/site\/sem-categoria\/mirassol-realiza-terceira-edicao-da-feira-de-gastronomia-e-arte\/","url":"https:\/\/www.travel3.com.br\/site\/sem-categoria\/mirassol-realiza-terceira-edicao-da-feira-de-gastronomia-e-arte\/","name":"MIRASSOL REALIZA TERCEIRA EDI\u00c7\u00c3O DA FEIRA DE GASTRONOMIA E ARTE - Travel3","isPartOf":{"@id":"https:\/\/www.travel3.com.br\/site\/#website"},"datePublished":"2017-09-09T15:11:23+00:00","description":"A TRAVEL3 \u00e9 um portal de conte\u00fado voltado para o turismo, encontre destinos, viagens, hospedagem, passagens, guias, not\u00edcias sobre o mercado do turismo, dicas de viagem, v\u00eddeos e podcast.","breadcrumb":{"@id":"https:\/\/www.travel3.com.br\/site\/sem-categoria\/mirassol-realiza-terceira-edicao-da-feira-de-gastronomia-e-arte\/#breadcrumb"},"inLanguage":"pt-BR","potentialAction":[{"@type":"ReadAction","target":["https:\/\/www.travel3.com.br\/site\/sem-categoria\/mirassol-realiza-terceira-edicao-da-feira-de-gastronomia-e-arte\/"]}]},{"@type":"BreadcrumbList","@id":"https:\/\/www.travel3.com.br\/site\/sem-categoria\/mirassol-realiza-terceira-edicao-da-feira-de-gastronomia-e-arte\/#breadcrumb","itemListElement":[{"@type":"ListItem","position":1,"name":"In\u00edcio","item":"https:\/\/www.travel3.com.br\/site\/"},{"@type":"ListItem","position":2,"name":"MIRASSOL REALIZA TERCEIRA EDI\u00c7\u00c3O DA FEIRA DE GASTRONOMIA E ARTE"}]},{"@type":"WebSite","@id":"https:\/\/www.travel3.com.br\/site\/#website","url":"https:\/\/www.travel3.com.br\/site\/","name":"Travel3","description":"Lazer + Neg&oacute;cios + Aventura","publisher":{"@id":"https:\/\/www.travel3.com.br\/site\/#organization"},"potentialAction":[{"@type":"SearchAction","target":{"@type":"EntryPoint","urlTemplate":"https:\/\/www.travel3.com.br\/site\/?s={search_term_string}"},"query-input":{"@type":"PropertyValueSpecification","valueRequired":true,"valueName":"search_term_string"}}],"inLanguage":"pt-BR"},{"@type":"Organization","@id":"https:\/\/www.travel3.com.br\/site\/#organization","name":"Travel3","url":"https:\/\/www.travel3.com.br\/site\/","logo":{"@type":"ImageObject","inLanguage":"pt-BR","@id":"https:\/\/www.travel3.com.br\/site\/#\/schema\/logo\/image\/","url":"https:\/\/www.travel3.com.br\/site\/wp-content\/uploads\/2020\/01\/logo-travel3-2020.png","contentUrl":"https:\/\/www.travel3.com.br\/site\/wp-content\/uploads\/2020\/01\/logo-travel3-2020.png","width":232,"height":79,"caption":"Travel3"},"image":{"@id":"https:\/\/www.travel3.com.br\/site\/#\/schema\/logo\/image\/"},"sameAs":["https:\/\/www.facebook.com\/travel3media\/","https:\/\/www.instagram.com\/revistatravel3\/","https:\/\/www.youtube.com\/channel\/UCno7J4paGBR3VbZQzvoJ9Eg"]},{"@type":"Person","@id":"https:\/\/www.travel3.com.br\/site\/#\/schema\/person\/a69d71e41a024999b6ab82369ac0bd1e","name":"admin","image":{"@type":"ImageObject","inLanguage":"pt-BR","@id":"https:\/\/www.travel3.com.br\/site\/#\/schema\/person\/image\/","url":"https:\/\/secure.gravatar.com\/avatar\/732a67adfd764da2a47ba10ce731c4c0?s=96&d=mm&r=g","contentUrl":"https:\/\/secure.gravatar.com\/avatar\/732a67adfd764da2a47ba10ce731c4c0?s=96&d=mm&r=g","caption":"admin"},"url":"https:\/\/www.travel3.com.br\/site\/author\/admin\/"}]}},"_links":{"self":[{"href":"https:\/\/www.travel3.com.br\/site\/wp-json\/wp\/v2\/posts\/4390","targetHints":{"allow":["GET"]}}],"collection":[{"href":"https:\/\/www.travel3.com.br\/site\/wp-json\/wp\/v2\/posts"}],"about":[{"href":"https:\/\/www.travel3.com.br\/site\/wp-json\/wp\/v2\/types\/post"}],"author":[{"embeddable":true,"href":"https:\/\/www.travel3.com.br\/site\/wp-json\/wp\/v2\/users\/1"}],"replies":[{"embeddable":true,"href":"https:\/\/www.travel3.com.br\/site\/wp-json\/wp\/v2\/comments?post=4390"}],"version-history":[{"count":0,"href":"https:\/\/www.travel3.com.br\/site\/wp-json\/wp\/v2\/posts\/4390\/revisions"}],"wp:attachment":[{"href":"https:\/\/www.travel3.com.br\/site\/wp-json\/wp\/v2\/media?parent=4390"}],"wp:term":[{"taxonomy":"category","embeddable":true,"href":"https:\/\/www.travel3.com.br\/site\/wp-json\/wp\/v2\/categories?post=4390"},{"taxonomy":"post_tag","embeddable":true,"href":"https:\/\/www.travel3.com.br\/site\/wp-json\/wp\/v2\/tags?post=4390"}],"curies":[{"name":"wp","href":"https:\/\/api.w.org\/{rel}","templated":true}]}}