{"id":43764,"date":"2021-11-10T06:32:07","date_gmt":"2021-11-10T08:32:07","guid":{"rendered":"https:\/\/www.travel3.com.br\/?p=43764"},"modified":"2021-11-10T02:50:29","modified_gmt":"2021-11-10T04:50:29","slug":"viagenspromo-lanca-a-blackpromo-nova-campanha-de-vendas","status":"publish","type":"post","link":"https:\/\/www.travel3.com.br\/site\/acontece-no-turismo\/operadoras\/viagenspromo-lanca-a-blackpromo-nova-campanha-de-vendas\/","title":{"rendered":"ViagensPromo lan\u00e7a a BlackPromo, nova campanha de vendas"},"content":{"rendered":"\n<h3 class=\"wp-block-heading\" style=\"text-align:center\">Durante todo o m\u00eas de novembro operadora premiar\u00e1 ag\u00eancias de viagens que mais venderem<\/h3>\n\n\n\n<p>J\u00e1 em clima de Black Friday, a <a rel=\"noreferrer noopener\" aria-label=\"ViagensPromo (opens in a new tab)\" href=\"https:\/\/www.travel3.com.br\/acontece-no-turismo\/operadoras\/em-expansao-viagenspromo-anuncia-3-novos-contratados\/\" target=\"_blank\"><strong>ViagensPromo<\/strong><\/a>, dos s\u00f3cios Renato Alves e Renato Kido, anuncia o lan\u00e7amento da BlackPromo, sua nova campanha de vendas. <\/p>\n\n\n\n<p>A BlackPromo ir\u00e1 premiar, durante todo o m\u00eas de novembro, as ag\u00eancias de viagens que mais venderem os produtos comercializados pela operadora. Ser\u00e3o mais de 40 pr\u00eamios, que ser\u00e3o divididos entre experi\u00eancias de viagens com direito a acompanhante e vale-compras de at\u00e9 R$ 500,00.<\/p>\n\n\n\n<p>As viagens incluem 4 di\u00e1rias de hotel, com acompanhante + a\u00e9reo + transfer. Os destinos s\u00e3o os Resorts Iberostar Bahia, Grand Oca Maragogi, Viv\u00e1 Porto de Galinhas, al\u00e9m de hot\u00e9is categoria 4 estrelas em Gramado e Macei\u00f3.<\/p>\n\n\n\n<p>Ser\u00e3o premiadas com as experi\u00eancias de viagens as cinco ag\u00eancias que mais venderem produtos comercializados pela ViagensPromo,  <\/p>\n\n\n\n<h2 class=\"wp-block-heading\">BlackPromo ofertar\u00e1 pr\u00eamios semanais<\/h2>\n\n\n\n<p>Ainda durante o m\u00eas de novembro, 36 vale-compras ser\u00e3o ofertados como premia\u00e7\u00e3o semanalmente entre as ag\u00eancias de viagens para estimular as vendas di\u00e1rias. Tamb\u00e9m semanalmente haver\u00e1 o sorteio de + vales-compras.<\/p>\n\n\n\n<p>Por fim, al\u00e9m dos pr\u00eamios semanais que ser\u00e3o distribu\u00eddos na BlackPromo ao longo do m\u00eas, a operadora pretende ainda realizar o sorteio de uma experi\u00eancia de viagem para Natal, em hotel 4 estrelas, tamb\u00e9m com a\u00e9reo + transfer + acompanhante.<\/p>\n\n\n\n<p>Todos os termos e condi\u00e7\u00f5es da premia\u00e7\u00e3o e dos sorteios est\u00e3o descritos no site operadora.<\/p>\n\n\n\n<p style=\"text-align:center\">Saiba mais = <a rel=\"noreferrer noopener\" aria-label=\"viagenspromo.com (opens in a new tab)\" href=\"https:\/\/viagenspromo.com\/\" target=\"_blank\"><strong>viagenspromo.com<\/strong><\/a><\/p>\n","protected":false},"excerpt":{"rendered":"<p>Durante todo o m\u00eas de novembro operadora premiar\u00e1 ag\u00eancias de viagens que mais venderem J\u00e1 em clima de Black Friday, a ViagensPromo, dos s\u00f3cios Renato Alves e Renato Kido, anuncia o lan\u00e7amento da BlackPromo, sua nova campanha de vendas. A BlackPromo ir\u00e1 premiar, durante todo o m\u00eas de novembro, as ag\u00eancias de viagens que mais [&hellip;]<\/p>\n","protected":false},"author":6,"featured_media":40968,"comment_status":"open","ping_status":"open","sticky":false,"template":"","format":"standard","meta":{"footnotes":""},"categories":[969,884,4],"tags":[4647,1654,4518],"class_list":["post-43764","post","type-post","status-publish","format-standard","has-post-thumbnail","hentry","category-acontece-no-turismo","category-comece-a-viajar","category-operadoras","tag-blackpromo","tag-campanha-de-vendas","tag-viagenspromo"],"yoast_head":"<!-- This site is optimized with the Yoast SEO plugin v26.2 - https:\/\/yoast.com\/wordpress\/plugins\/seo\/ -->\n<title>ViagensPromo lan\u00e7a a BlackPromo, nova campanha de vendas - Travel3<\/title>\n<meta name=\"description\" content=\"ViagensPromo lan\u00e7a a BlackPromo - nova campanha de vendas; durante todo o m\u00eas de novembro operadora premiar\u00e1 ag\u00eancias de viagens que mais venderem\" \/>\n<meta name=\"robots\" content=\"index, follow, max-snippet:-1, max-image-preview:large, max-video-preview:-1\" \/>\n<link rel=\"canonical\" href=\"https:\/\/www.travel3.com.br\/site\/acontece-no-turismo\/operadoras\/viagenspromo-lanca-a-blackpromo-nova-campanha-de-vendas\/\" \/>\n<meta property=\"og:locale\" content=\"pt_BR\" \/>\n<meta property=\"og:type\" content=\"article\" \/>\n<meta property=\"og:title\" content=\"ViagensPromo lan\u00e7a a BlackPromo, nova campanha de vendas - Travel3\" \/>\n<meta property=\"og:description\" content=\"ViagensPromo lan\u00e7a a BlackPromo - nova campanha de vendas; durante todo o m\u00eas de novembro operadora premiar\u00e1 ag\u00eancias de viagens que mais venderem\" \/>\n<meta property=\"og:url\" content=\"https:\/\/www.travel3.com.br\/site\/acontece-no-turismo\/operadoras\/viagenspromo-lanca-a-blackpromo-nova-campanha-de-vendas\/\" \/>\n<meta property=\"og:site_name\" content=\"Travel3\" \/>\n<meta property=\"article:publisher\" content=\"https:\/\/www.facebook.com\/travel3media\/\" \/>\n<meta property=\"article:published_time\" content=\"2021-11-10T08:32:07+00:00\" \/>\n<meta property=\"og:image\" content=\"https:\/\/www.travel3.com.br\/site\/wp-content\/uploads\/2021\/05\/Renato-Kido-e-Renato-Alves-socios-da-ViagensPromo_Easy-Resize.com_.jpg\" \/>\n\t<meta property=\"og:image:width\" content=\"1280\" \/>\n\t<meta property=\"og:image:height\" content=\"960\" \/>\n\t<meta property=\"og:image:type\" content=\"image\/jpeg\" \/>\n<meta name=\"author\" content=\"Reda\u00e7\u00e3o Travel3\" \/>\n<meta name=\"twitter:card\" content=\"summary_large_image\" \/>\n<meta name=\"twitter:label1\" content=\"Escrito por\" \/>\n\t<meta name=\"twitter:data1\" content=\"Reda\u00e7\u00e3o Travel3\" \/>\n\t<meta name=\"twitter:label2\" content=\"Est. tempo de leitura\" \/>\n\t<meta name=\"twitter:data2\" content=\"1 minuto\" \/>\n<script type=\"application\/ld+json\" class=\"yoast-schema-graph\">{\"@context\":\"https:\/\/schema.org\",\"@graph\":[{\"@type\":\"Article\",\"@id\":\"https:\/\/www.travel3.com.br\/site\/acontece-no-turismo\/operadoras\/viagenspromo-lanca-a-blackpromo-nova-campanha-de-vendas\/#article\",\"isPartOf\":{\"@id\":\"https:\/\/www.travel3.com.br\/site\/acontece-no-turismo\/operadoras\/viagenspromo-lanca-a-blackpromo-nova-campanha-de-vendas\/\"},\"author\":{\"name\":\"Reda\u00e7\u00e3o Travel3\",\"@id\":\"https:\/\/www.travel3.com.br\/site\/#\/schema\/person\/9cff8daac0a2f1aa0799f827b8aa8308\"},\"headline\":\"ViagensPromo lan\u00e7a a BlackPromo, nova campanha de vendas\",\"datePublished\":\"2021-11-10T08:32:07+00:00\",\"mainEntityOfPage\":{\"@id\":\"https:\/\/www.travel3.com.br\/site\/acontece-no-turismo\/operadoras\/viagenspromo-lanca-a-blackpromo-nova-campanha-de-vendas\/\"},\"wordCount\":265,\"commentCount\":0,\"publisher\":{\"@id\":\"https:\/\/www.travel3.com.br\/site\/#organization\"},\"image\":{\"@id\":\"https:\/\/www.travel3.com.br\/site\/acontece-no-turismo\/operadoras\/viagenspromo-lanca-a-blackpromo-nova-campanha-de-vendas\/#primaryimage\"},\"thumbnailUrl\":\"https:\/\/www.travel3.com.br\/site\/wp-content\/uploads\/2021\/05\/Renato-Kido-e-Renato-Alves-socios-da-ViagensPromo_Easy-Resize.com_.jpg\",\"keywords\":[\"BlackPromo\",\"campanha de vendas\",\"ViagensPromo\"],\"articleSection\":[\"Acontece no Turismo\",\"Comece a Viajar\",\"Operadoras\"],\"inLanguage\":\"pt-BR\",\"potentialAction\":[{\"@type\":\"CommentAction\",\"name\":\"Comment\",\"target\":[\"https:\/\/www.travel3.com.br\/site\/acontece-no-turismo\/operadoras\/viagenspromo-lanca-a-blackpromo-nova-campanha-de-vendas\/#respond\"]}]},{\"@type\":\"WebPage\",\"@id\":\"https:\/\/www.travel3.com.br\/site\/acontece-no-turismo\/operadoras\/viagenspromo-lanca-a-blackpromo-nova-campanha-de-vendas\/\",\"url\":\"https:\/\/www.travel3.com.br\/site\/acontece-no-turismo\/operadoras\/viagenspromo-lanca-a-blackpromo-nova-campanha-de-vendas\/\",\"name\":\"ViagensPromo lan\u00e7a a BlackPromo, nova campanha de vendas - Travel3\",\"isPartOf\":{\"@id\":\"https:\/\/www.travel3.com.br\/site\/#website\"},\"primaryImageOfPage\":{\"@id\":\"https:\/\/www.travel3.com.br\/site\/acontece-no-turismo\/operadoras\/viagenspromo-lanca-a-blackpromo-nova-campanha-de-vendas\/#primaryimage\"},\"image\":{\"@id\":\"https:\/\/www.travel3.com.br\/site\/acontece-no-turismo\/operadoras\/viagenspromo-lanca-a-blackpromo-nova-campanha-de-vendas\/#primaryimage\"},\"thumbnailUrl\":\"https:\/\/www.travel3.com.br\/site\/wp-content\/uploads\/2021\/05\/Renato-Kido-e-Renato-Alves-socios-da-ViagensPromo_Easy-Resize.com_.jpg\",\"datePublished\":\"2021-11-10T08:32:07+00:00\",\"description\":\"ViagensPromo lan\u00e7a a BlackPromo - nova campanha de vendas; durante todo o m\u00eas de novembro operadora premiar\u00e1 ag\u00eancias de viagens que mais venderem\",\"breadcrumb\":{\"@id\":\"https:\/\/www.travel3.com.br\/site\/acontece-no-turismo\/operadoras\/viagenspromo-lanca-a-blackpromo-nova-campanha-de-vendas\/#breadcrumb\"},\"inLanguage\":\"pt-BR\",\"potentialAction\":[{\"@type\":\"ReadAction\",\"target\":[\"https:\/\/www.travel3.com.br\/site\/acontece-no-turismo\/operadoras\/viagenspromo-lanca-a-blackpromo-nova-campanha-de-vendas\/\"]}]},{\"@type\":\"ImageObject\",\"inLanguage\":\"pt-BR\",\"@id\":\"https:\/\/www.travel3.com.br\/site\/acontece-no-turismo\/operadoras\/viagenspromo-lanca-a-blackpromo-nova-campanha-de-vendas\/#primaryimage\",\"url\":\"https:\/\/www.travel3.com.br\/site\/wp-content\/uploads\/2021\/05\/Renato-Kido-e-Renato-Alves-socios-da-ViagensPromo_Easy-Resize.com_.jpg\",\"contentUrl\":\"https:\/\/www.travel3.com.br\/site\/wp-content\/uploads\/2021\/05\/Renato-Kido-e-Renato-Alves-socios-da-ViagensPromo_Easy-Resize.com_.jpg\",\"width\":1280,\"height\":960,\"caption\":\"Renato Kido e Renato Alves, s\u00f3cios da ViagensPromo. (Foto: Divulga\u00e7\u00e3o)\"},{\"@type\":\"BreadcrumbList\",\"@id\":\"https:\/\/www.travel3.com.br\/site\/acontece-no-turismo\/operadoras\/viagenspromo-lanca-a-blackpromo-nova-campanha-de-vendas\/#breadcrumb\",\"itemListElement\":[{\"@type\":\"ListItem\",\"position\":1,\"name\":\"In\u00edcio\",\"item\":\"https:\/\/www.travel3.com.br\/site\/\"},{\"@type\":\"ListItem\",\"position\":2,\"name\":\"ViagensPromo lan\u00e7a a BlackPromo, nova campanha de vendas\"}]},{\"@type\":\"WebSite\",\"@id\":\"https:\/\/www.travel3.com.br\/site\/#website\",\"url\":\"https:\/\/www.travel3.com.br\/site\/\",\"name\":\"Travel3\",\"description\":\"Lazer + Neg&oacute;cios + Aventura\",\"publisher\":{\"@id\":\"https:\/\/www.travel3.com.br\/site\/#organization\"},\"potentialAction\":[{\"@type\":\"SearchAction\",\"target\":{\"@type\":\"EntryPoint\",\"urlTemplate\":\"https:\/\/www.travel3.com.br\/site\/?s={search_term_string}\"},\"query-input\":{\"@type\":\"PropertyValueSpecification\",\"valueRequired\":true,\"valueName\":\"search_term_string\"}}],\"inLanguage\":\"pt-BR\"},{\"@type\":\"Organization\",\"@id\":\"https:\/\/www.travel3.com.br\/site\/#organization\",\"name\":\"Travel3\",\"url\":\"https:\/\/www.travel3.com.br\/site\/\",\"logo\":{\"@type\":\"ImageObject\",\"inLanguage\":\"pt-BR\",\"@id\":\"https:\/\/www.travel3.com.br\/site\/#\/schema\/logo\/image\/\",\"url\":\"https:\/\/www.travel3.com.br\/site\/wp-content\/uploads\/2020\/01\/logo-travel3-2020.png\",\"contentUrl\":\"https:\/\/www.travel3.com.br\/site\/wp-content\/uploads\/2020\/01\/logo-travel3-2020.png\",\"width\":232,\"height\":79,\"caption\":\"Travel3\"},\"image\":{\"@id\":\"https:\/\/www.travel3.com.br\/site\/#\/schema\/logo\/image\/\"},\"sameAs\":[\"https:\/\/www.facebook.com\/travel3media\/\",\"https:\/\/www.instagram.com\/revistatravel3\/\",\"https:\/\/www.youtube.com\/channel\/UCno7J4paGBR3VbZQzvoJ9Eg\"]},{\"@type\":\"Person\",\"@id\":\"https:\/\/www.travel3.com.br\/site\/#\/schema\/person\/9cff8daac0a2f1aa0799f827b8aa8308\",\"name\":\"Reda\u00e7\u00e3o Travel3\",\"image\":{\"@type\":\"ImageObject\",\"inLanguage\":\"pt-BR\",\"@id\":\"https:\/\/www.travel3.com.br\/site\/#\/schema\/person\/image\/\",\"url\":\"https:\/\/secure.gravatar.com\/avatar\/6e6125525e1f04b7b8c607d71556e490?s=96&d=mm&r=g\",\"contentUrl\":\"https:\/\/secure.gravatar.com\/avatar\/6e6125525e1f04b7b8c607d71556e490?s=96&d=mm&r=g\",\"caption\":\"Reda\u00e7\u00e3o Travel3\"},\"sameAs\":[\"http:\/\/www.travel3.com.br\"],\"url\":\"https:\/\/www.travel3.com.br\/site\/author\/redacao2\/\"}]}<\/script>\n<!-- \/ Yoast SEO plugin. -->","yoast_head_json":{"title":"ViagensPromo lan\u00e7a a BlackPromo, nova campanha de vendas - Travel3","description":"ViagensPromo lan\u00e7a a BlackPromo - nova campanha de vendas; durante todo o m\u00eas de novembro operadora premiar\u00e1 ag\u00eancias de viagens que mais venderem","robots":{"index":"index","follow":"follow","max-snippet":"max-snippet:-1","max-image-preview":"max-image-preview:large","max-video-preview":"max-video-preview:-1"},"canonical":"https:\/\/www.travel3.com.br\/site\/acontece-no-turismo\/operadoras\/viagenspromo-lanca-a-blackpromo-nova-campanha-de-vendas\/","og_locale":"pt_BR","og_type":"article","og_title":"ViagensPromo lan\u00e7a a BlackPromo, nova campanha de vendas - Travel3","og_description":"ViagensPromo lan\u00e7a a BlackPromo - nova campanha de vendas; durante todo o m\u00eas de novembro operadora premiar\u00e1 ag\u00eancias de viagens que mais venderem","og_url":"https:\/\/www.travel3.com.br\/site\/acontece-no-turismo\/operadoras\/viagenspromo-lanca-a-blackpromo-nova-campanha-de-vendas\/","og_site_name":"Travel3","article_publisher":"https:\/\/www.facebook.com\/travel3media\/","article_published_time":"2021-11-10T08:32:07+00:00","og_image":[{"width":1280,"height":960,"url":"https:\/\/www.travel3.com.br\/site\/wp-content\/uploads\/2021\/05\/Renato-Kido-e-Renato-Alves-socios-da-ViagensPromo_Easy-Resize.com_.jpg","type":"image\/jpeg"}],"author":"Reda\u00e7\u00e3o Travel3","twitter_card":"summary_large_image","twitter_misc":{"Escrito por":"Reda\u00e7\u00e3o Travel3","Est. tempo de leitura":"1 minuto"},"schema":{"@context":"https:\/\/schema.org","@graph":[{"@type":"Article","@id":"https:\/\/www.travel3.com.br\/site\/acontece-no-turismo\/operadoras\/viagenspromo-lanca-a-blackpromo-nova-campanha-de-vendas\/#article","isPartOf":{"@id":"https:\/\/www.travel3.com.br\/site\/acontece-no-turismo\/operadoras\/viagenspromo-lanca-a-blackpromo-nova-campanha-de-vendas\/"},"author":{"name":"Reda\u00e7\u00e3o Travel3","@id":"https:\/\/www.travel3.com.br\/site\/#\/schema\/person\/9cff8daac0a2f1aa0799f827b8aa8308"},"headline":"ViagensPromo lan\u00e7a a BlackPromo, nova campanha de vendas","datePublished":"2021-11-10T08:32:07+00:00","mainEntityOfPage":{"@id":"https:\/\/www.travel3.com.br\/site\/acontece-no-turismo\/operadoras\/viagenspromo-lanca-a-blackpromo-nova-campanha-de-vendas\/"},"wordCount":265,"commentCount":0,"publisher":{"@id":"https:\/\/www.travel3.com.br\/site\/#organization"},"image":{"@id":"https:\/\/www.travel3.com.br\/site\/acontece-no-turismo\/operadoras\/viagenspromo-lanca-a-blackpromo-nova-campanha-de-vendas\/#primaryimage"},"thumbnailUrl":"https:\/\/www.travel3.com.br\/site\/wp-content\/uploads\/2021\/05\/Renato-Kido-e-Renato-Alves-socios-da-ViagensPromo_Easy-Resize.com_.jpg","keywords":["BlackPromo","campanha de vendas","ViagensPromo"],"articleSection":["Acontece no Turismo","Comece a Viajar","Operadoras"],"inLanguage":"pt-BR","potentialAction":[{"@type":"CommentAction","name":"Comment","target":["https:\/\/www.travel3.com.br\/site\/acontece-no-turismo\/operadoras\/viagenspromo-lanca-a-blackpromo-nova-campanha-de-vendas\/#respond"]}]},{"@type":"WebPage","@id":"https:\/\/www.travel3.com.br\/site\/acontece-no-turismo\/operadoras\/viagenspromo-lanca-a-blackpromo-nova-campanha-de-vendas\/","url":"https:\/\/www.travel3.com.br\/site\/acontece-no-turismo\/operadoras\/viagenspromo-lanca-a-blackpromo-nova-campanha-de-vendas\/","name":"ViagensPromo lan\u00e7a a BlackPromo, nova campanha de vendas - Travel3","isPartOf":{"@id":"https:\/\/www.travel3.com.br\/site\/#website"},"primaryImageOfPage":{"@id":"https:\/\/www.travel3.com.br\/site\/acontece-no-turismo\/operadoras\/viagenspromo-lanca-a-blackpromo-nova-campanha-de-vendas\/#primaryimage"},"image":{"@id":"https:\/\/www.travel3.com.br\/site\/acontece-no-turismo\/operadoras\/viagenspromo-lanca-a-blackpromo-nova-campanha-de-vendas\/#primaryimage"},"thumbnailUrl":"https:\/\/www.travel3.com.br\/site\/wp-content\/uploads\/2021\/05\/Renato-Kido-e-Renato-Alves-socios-da-ViagensPromo_Easy-Resize.com_.jpg","datePublished":"2021-11-10T08:32:07+00:00","description":"ViagensPromo lan\u00e7a a BlackPromo - nova campanha de vendas; durante todo o m\u00eas de novembro operadora premiar\u00e1 ag\u00eancias de viagens que mais venderem","breadcrumb":{"@id":"https:\/\/www.travel3.com.br\/site\/acontece-no-turismo\/operadoras\/viagenspromo-lanca-a-blackpromo-nova-campanha-de-vendas\/#breadcrumb"},"inLanguage":"pt-BR","potentialAction":[{"@type":"ReadAction","target":["https:\/\/www.travel3.com.br\/site\/acontece-no-turismo\/operadoras\/viagenspromo-lanca-a-blackpromo-nova-campanha-de-vendas\/"]}]},{"@type":"ImageObject","inLanguage":"pt-BR","@id":"https:\/\/www.travel3.com.br\/site\/acontece-no-turismo\/operadoras\/viagenspromo-lanca-a-blackpromo-nova-campanha-de-vendas\/#primaryimage","url":"https:\/\/www.travel3.com.br\/site\/wp-content\/uploads\/2021\/05\/Renato-Kido-e-Renato-Alves-socios-da-ViagensPromo_Easy-Resize.com_.jpg","contentUrl":"https:\/\/www.travel3.com.br\/site\/wp-content\/uploads\/2021\/05\/Renato-Kido-e-Renato-Alves-socios-da-ViagensPromo_Easy-Resize.com_.jpg","width":1280,"height":960,"caption":"Renato Kido e Renato Alves, s\u00f3cios da ViagensPromo. (Foto: Divulga\u00e7\u00e3o)"},{"@type":"BreadcrumbList","@id":"https:\/\/www.travel3.com.br\/site\/acontece-no-turismo\/operadoras\/viagenspromo-lanca-a-blackpromo-nova-campanha-de-vendas\/#breadcrumb","itemListElement":[{"@type":"ListItem","position":1,"name":"In\u00edcio","item":"https:\/\/www.travel3.com.br\/site\/"},{"@type":"ListItem","position":2,"name":"ViagensPromo lan\u00e7a a BlackPromo, nova campanha de vendas"}]},{"@type":"WebSite","@id":"https:\/\/www.travel3.com.br\/site\/#website","url":"https:\/\/www.travel3.com.br\/site\/","name":"Travel3","description":"Lazer + Neg&oacute;cios + Aventura","publisher":{"@id":"https:\/\/www.travel3.com.br\/site\/#organization"},"potentialAction":[{"@type":"SearchAction","target":{"@type":"EntryPoint","urlTemplate":"https:\/\/www.travel3.com.br\/site\/?s={search_term_string}"},"query-input":{"@type":"PropertyValueSpecification","valueRequired":true,"valueName":"search_term_string"}}],"inLanguage":"pt-BR"},{"@type":"Organization","@id":"https:\/\/www.travel3.com.br\/site\/#organization","name":"Travel3","url":"https:\/\/www.travel3.com.br\/site\/","logo":{"@type":"ImageObject","inLanguage":"pt-BR","@id":"https:\/\/www.travel3.com.br\/site\/#\/schema\/logo\/image\/","url":"https:\/\/www.travel3.com.br\/site\/wp-content\/uploads\/2020\/01\/logo-travel3-2020.png","contentUrl":"https:\/\/www.travel3.com.br\/site\/wp-content\/uploads\/2020\/01\/logo-travel3-2020.png","width":232,"height":79,"caption":"Travel3"},"image":{"@id":"https:\/\/www.travel3.com.br\/site\/#\/schema\/logo\/image\/"},"sameAs":["https:\/\/www.facebook.com\/travel3media\/","https:\/\/www.instagram.com\/revistatravel3\/","https:\/\/www.youtube.com\/channel\/UCno7J4paGBR3VbZQzvoJ9Eg"]},{"@type":"Person","@id":"https:\/\/www.travel3.com.br\/site\/#\/schema\/person\/9cff8daac0a2f1aa0799f827b8aa8308","name":"Reda\u00e7\u00e3o Travel3","image":{"@type":"ImageObject","inLanguage":"pt-BR","@id":"https:\/\/www.travel3.com.br\/site\/#\/schema\/person\/image\/","url":"https:\/\/secure.gravatar.com\/avatar\/6e6125525e1f04b7b8c607d71556e490?s=96&d=mm&r=g","contentUrl":"https:\/\/secure.gravatar.com\/avatar\/6e6125525e1f04b7b8c607d71556e490?s=96&d=mm&r=g","caption":"Reda\u00e7\u00e3o Travel3"},"sameAs":["http:\/\/www.travel3.com.br"],"url":"https:\/\/www.travel3.com.br\/site\/author\/redacao2\/"}]}},"_links":{"self":[{"href":"https:\/\/www.travel3.com.br\/site\/wp-json\/wp\/v2\/posts\/43764","targetHints":{"allow":["GET"]}}],"collection":[{"href":"https:\/\/www.travel3.com.br\/site\/wp-json\/wp\/v2\/posts"}],"about":[{"href":"https:\/\/www.travel3.com.br\/site\/wp-json\/wp\/v2\/types\/post"}],"author":[{"embeddable":true,"href":"https:\/\/www.travel3.com.br\/site\/wp-json\/wp\/v2\/users\/6"}],"replies":[{"embeddable":true,"href":"https:\/\/www.travel3.com.br\/site\/wp-json\/wp\/v2\/comments?post=43764"}],"version-history":[{"count":17,"href":"https:\/\/www.travel3.com.br\/site\/wp-json\/wp\/v2\/posts\/43764\/revisions"}],"predecessor-version":[{"id":43820,"href":"https:\/\/www.travel3.com.br\/site\/wp-json\/wp\/v2\/posts\/43764\/revisions\/43820"}],"wp:featuredmedia":[{"embeddable":true,"href":"https:\/\/www.travel3.com.br\/site\/wp-json\/wp\/v2\/media\/40968"}],"wp:attachment":[{"href":"https:\/\/www.travel3.com.br\/site\/wp-json\/wp\/v2\/media?parent=43764"}],"wp:term":[{"taxonomy":"category","embeddable":true,"href":"https:\/\/www.travel3.com.br\/site\/wp-json\/wp\/v2\/categories?post=43764"},{"taxonomy":"post_tag","embeddable":true,"href":"https:\/\/www.travel3.com.br\/site\/wp-json\/wp\/v2\/tags?post=43764"}],"curies":[{"name":"wp","href":"https:\/\/api.w.org\/{rel}","templated":true}]}}