{"id":43425,"date":"2021-10-27T06:52:36","date_gmt":"2021-10-27T09:52:36","guid":{"rendered":"https:\/\/www.travel3.com.br\/?p=43425"},"modified":"2021-10-26T18:52:53","modified_gmt":"2021-10-26T21:52:53","slug":"cvc-corp-participa-da-43a-aviesp-em-aguas-de-lindoia","status":"publish","type":"post","link":"https:\/\/www.travel3.com.br\/site\/acontece-no-turismo\/eventos-e-feiras\/cvc-corp-participa-da-43a-aviesp-em-aguas-de-lindoia\/","title":{"rendered":"CVC Corp participa da 43\u00aa Aviesp, em \u00c1guas de Lind\u00f3ia"},"content":{"rendered":"\n<div class=\"wp-block-image\"><figure class=\"aligncenter\"><img loading=\"lazy\" decoding=\"async\" width=\"768\" height=\"1024\" src=\"https:\/\/www.travel3.com.br\/site\/wp-content\/uploads\/2021\/10\/Leandro-Henrique-Diniz-768x1024.jpg\" alt=\"CVC Corp Aviesp\" class=\"wp-image-43427\" srcset=\"https:\/\/www.travel3.com.br\/site\/wp-content\/uploads\/2021\/10\/Leandro-Henrique-Diniz-768x1024.jpg 768w, https:\/\/www.travel3.com.br\/site\/wp-content\/uploads\/2021\/10\/Leandro-Henrique-Diniz-225x300.jpg 225w, https:\/\/www.travel3.com.br\/site\/wp-content\/uploads\/2021\/10\/Leandro-Henrique-Diniz-750x1000.jpg 750w, https:\/\/www.travel3.com.br\/site\/wp-content\/uploads\/2021\/10\/Leandro-Henrique-Diniz.jpg 960w\" sizes=\"auto, (max-width: 768px) 100vw, 768px\" \/><figcaption>Leandro Henrique Diniz, gerente regional do B2B da CVC Corp, recebeu pr\u00eamio em nome da Trend (Foto: Divulga\u00e7\u00e3o)<\/figcaption><\/figure><\/div>\n\n\n\n<h3 class=\"wp-block-heading\" style=\"text-align:center\">Evento voltado ao trade tur\u00edstico ocorre nesta ter\u00e7a e quarta-feira, dias 26 e 27 de outubro<\/h3>\n\n\n\n<p>A <strong><a href=\"https:\/\/www.cvccorp.com.br\/\" target=\"_blank\" rel=\"noreferrer noopener\" aria-label=\"CVC Corp (opens in a new tab)\">CVC Corp<\/a><\/strong> marca presen\u00e7a em <strong><a rel=\"noreferrer noopener\" aria-label=\"mais um evento (opens in a new tab)\" href=\"https:\/\/www.travel3.com.br\/acontece-no-turismo\/eventos-e-feiras\/confira-destaques-da-cvc-corp-na-brazil-travel-market\/\" target=\"_blank\">mais um evento<\/a><\/strong> do trade de turismo, a 43\u00aa Aviesp, que acontece nesta ter\u00e7a e quarta-feira, dias 26 e 27 de outubro, em \u00c1guas de Lind\u00f3ia, no interior de S\u00e3o Paulo. O grupo est\u00e1 representado pela marca CVC e pela Unidade de Neg\u00f3cios B2B, formada por RexturAdvance, Trend, Visual e Esferatur.<\/p>\n\n\n\n<p>No evento, a empresa apresenta produtos como os fretamentos para a temporada de ver\u00e3o no Brasil e em destinos no Caribe, al\u00e9m de divulgar oportunidades de pacotes para megaeventos, que s\u00e3o uma grande aposta da companhia nesse momento de retomada. Alguns exemplos s\u00e3o GP Brasil de F\u00f3rmula 1, Copa Libertadores, Rock in Rio e Copa do Mundo 2022.<\/p>\n\n\n\n<p>Durante a feira, a CVC Corp recebeu o pr\u00eamio <em>Top Aviesp 2020<\/em> em duas categorias: <em>Operadora de destinos nacionais<\/em> com a CVC e <em>Consolidadora hoteleira<\/em> com a Trend. Roberto Vertemati, diretor do Canal Ag\u00eancias Multimarcas da CVC, participa da feira e fala sobre o reconhecimento e a import\u00e2ncia do evento para o setor.<\/p>\n\n\n\n<blockquote class=\"wp-block-quote is-layout-flow wp-block-quote-is-layout-flow\"><p>\u00c9 uma grande honra ser reconhecido com esse pr\u00eamio t\u00e3o importante, baseado na avalia\u00e7\u00e3o dos nossos grandes parceiros que s\u00e3o os agentes de viagens. Mais feliz ainda em acompanhar o retorno das grandes feiras do trade de turismo neste momento t\u00e3o representativo em que as viagens tamb\u00e9m est\u00e3o sendo fortemente retomadas.<\/p><p>Seguimos ao lado de todos os profissionais do setor para que o turismo siga gerando grandes neg\u00f3cios.<\/p><cite><strong>Roberto Vertemati<\/strong> &#8211; Diretor do Canal Ag\u00eancias Multimarcas da CVC<\/cite><\/blockquote>\n\n\n\n<div class=\"wp-block-image\"><figure class=\"aligncenter\"><img loading=\"lazy\" decoding=\"async\" width=\"768\" height=\"1024\" src=\"https:\/\/www.travel3.com.br\/site\/wp-content\/uploads\/2021\/10\/Roberto-Vertemati-768x1024.jpg\" alt=\"CVC Corp Aviesp\" class=\"wp-image-43426\" srcset=\"https:\/\/www.travel3.com.br\/site\/wp-content\/uploads\/2021\/10\/Roberto-Vertemati-768x1024.jpg 768w, https:\/\/www.travel3.com.br\/site\/wp-content\/uploads\/2021\/10\/Roberto-Vertemati-225x300.jpg 225w, https:\/\/www.travel3.com.br\/site\/wp-content\/uploads\/2021\/10\/Roberto-Vertemati-750x1000.jpg 750w, https:\/\/www.travel3.com.br\/site\/wp-content\/uploads\/2021\/10\/Roberto-Vertemati-1140x1520.jpg 1140w, https:\/\/www.travel3.com.br\/site\/wp-content\/uploads\/2021\/10\/Roberto-Vertemati.jpg 1200w\" sizes=\"auto, (max-width: 768px) 100vw, 768px\" \/><figcaption>Roberto Vertemati, Diretor do Canal Ag\u00eancias Multimarcas da CVC (Foto: Divulga\u00e7\u00e3o)<\/figcaption><\/figure><\/div>\n\n\n\n<h2 class=\"wp-block-heading\">Sustentabilidade<\/h2>\n\n\n\n<p>Os parceiros que visitam o estande da CVC Corp recebem como brinde uma caneta de fibra de bambu envelopada com o logo do REprograma, que \u00e9 a estrat\u00e9gia de sustentabilidade da companhia, como forma de conscientiza\u00e7\u00e3o sobre a import\u00e2ncia da iniciativa, que, segundo o grupo, \u00e9 uma das prioridades desse <em>novo momento<\/em>, que tamb\u00e9m inclui moderniza\u00e7\u00e3o e inova\u00e7\u00e3o.<\/p>\n","protected":false},"excerpt":{"rendered":"<p>Evento voltado ao trade tur\u00edstico ocorre nesta ter\u00e7a e quarta-feira, dias 26 e 27 de outubro A CVC Corp marca presen\u00e7a em mais um evento do trade de turismo, a 43\u00aa Aviesp, que acontece nesta ter\u00e7a e quarta-feira, dias 26 e 27 de outubro, em \u00c1guas de Lind\u00f3ia, no interior de S\u00e3o Paulo. O grupo [&hellip;]<\/p>\n","protected":false},"author":6,"featured_media":43427,"comment_status":"open","ping_status":"open","sticky":false,"template":"","format":"standard","meta":{"footnotes":""},"categories":[969,226,5],"tags":[2217,1245,4635,3077,657],"class_list":["post-43425","post","type-post","status-publish","format-standard","has-post-thumbnail","hentry","category-acontece-no-turismo","category-destaque","category-eventos-e-feiras","tag-aguas-de-lindoia","tag-aviesp","tag-aviesp-2021","tag-cvc-corp","tag-trade-turistico"],"yoast_head":"<!-- This site is optimized with the Yoast SEO plugin v26.2 - https:\/\/yoast.com\/wordpress\/plugins\/seo\/ -->\n<title>CVC Corp participa da 43\u00aa Aviesp, em \u00c1guas de Lind\u00f3ia - Travel3<\/title>\n<meta name=\"description\" content=\"CVC Corp participa da 43\u00aa Aviesp, em \u00c1guas de Lind\u00f3ia; evento voltado ao trade tur\u00edstico ocorre nesta ter\u00e7a e quarta-feira, dias 26 e 27 de outubro\" \/>\n<meta name=\"robots\" content=\"index, follow, max-snippet:-1, max-image-preview:large, max-video-preview:-1\" \/>\n<link rel=\"canonical\" href=\"https:\/\/www.travel3.com.br\/site\/acontece-no-turismo\/eventos-e-feiras\/cvc-corp-participa-da-43a-aviesp-em-aguas-de-lindoia\/\" \/>\n<meta property=\"og:locale\" content=\"pt_BR\" \/>\n<meta property=\"og:type\" content=\"article\" \/>\n<meta property=\"og:title\" content=\"CVC Corp participa da 43\u00aa Aviesp, em \u00c1guas de Lind\u00f3ia - Travel3\" \/>\n<meta property=\"og:description\" content=\"CVC Corp participa da 43\u00aa Aviesp, em \u00c1guas de Lind\u00f3ia; evento voltado ao trade tur\u00edstico ocorre nesta ter\u00e7a e quarta-feira, dias 26 e 27 de outubro\" \/>\n<meta property=\"og:url\" content=\"https:\/\/www.travel3.com.br\/site\/acontece-no-turismo\/eventos-e-feiras\/cvc-corp-participa-da-43a-aviesp-em-aguas-de-lindoia\/\" \/>\n<meta property=\"og:site_name\" content=\"Travel3\" \/>\n<meta property=\"article:publisher\" content=\"https:\/\/www.facebook.com\/travel3media\/\" \/>\n<meta property=\"article:published_time\" content=\"2021-10-27T09:52:36+00:00\" \/>\n<meta property=\"og:image\" content=\"https:\/\/www.travel3.com.br\/site\/wp-content\/uploads\/2021\/10\/Leandro-Henrique-Diniz.jpg\" \/>\n\t<meta property=\"og:image:width\" content=\"960\" \/>\n\t<meta property=\"og:image:height\" content=\"1280\" \/>\n\t<meta property=\"og:image:type\" content=\"image\/jpeg\" \/>\n<meta name=\"author\" content=\"Reda\u00e7\u00e3o Travel3\" \/>\n<meta name=\"twitter:card\" content=\"summary_large_image\" \/>\n<meta name=\"twitter:label1\" content=\"Escrito por\" \/>\n\t<meta name=\"twitter:data1\" content=\"Reda\u00e7\u00e3o Travel3\" \/>\n\t<meta name=\"twitter:label2\" content=\"Est. tempo de leitura\" \/>\n\t<meta name=\"twitter:data2\" content=\"2 minutos\" \/>\n<script type=\"application\/ld+json\" class=\"yoast-schema-graph\">{\"@context\":\"https:\/\/schema.org\",\"@graph\":[{\"@type\":\"Article\",\"@id\":\"https:\/\/www.travel3.com.br\/site\/acontece-no-turismo\/eventos-e-feiras\/cvc-corp-participa-da-43a-aviesp-em-aguas-de-lindoia\/#article\",\"isPartOf\":{\"@id\":\"https:\/\/www.travel3.com.br\/site\/acontece-no-turismo\/eventos-e-feiras\/cvc-corp-participa-da-43a-aviesp-em-aguas-de-lindoia\/\"},\"author\":{\"name\":\"Reda\u00e7\u00e3o Travel3\",\"@id\":\"https:\/\/www.travel3.com.br\/site\/#\/schema\/person\/9cff8daac0a2f1aa0799f827b8aa8308\"},\"headline\":\"CVC Corp participa da 43\u00aa Aviesp, em \u00c1guas de Lind\u00f3ia\",\"datePublished\":\"2021-10-27T09:52:36+00:00\",\"mainEntityOfPage\":{\"@id\":\"https:\/\/www.travel3.com.br\/site\/acontece-no-turismo\/eventos-e-feiras\/cvc-corp-participa-da-43a-aviesp-em-aguas-de-lindoia\/\"},\"wordCount\":385,\"commentCount\":0,\"publisher\":{\"@id\":\"https:\/\/www.travel3.com.br\/site\/#organization\"},\"image\":{\"@id\":\"https:\/\/www.travel3.com.br\/site\/acontece-no-turismo\/eventos-e-feiras\/cvc-corp-participa-da-43a-aviesp-em-aguas-de-lindoia\/#primaryimage\"},\"thumbnailUrl\":\"https:\/\/www.travel3.com.br\/site\/wp-content\/uploads\/2021\/10\/Leandro-Henrique-Diniz.jpg\",\"keywords\":[\"\u00c1guas de Lind\u00f3ia\",\"Aviesp\",\"Aviesp 2021\",\"cvc corp\",\"trade tur\u00edstico\"],\"articleSection\":[\"Acontece no Turismo\",\"Destaque\",\"Eventos e Feiras\"],\"inLanguage\":\"pt-BR\",\"potentialAction\":[{\"@type\":\"CommentAction\",\"name\":\"Comment\",\"target\":[\"https:\/\/www.travel3.com.br\/site\/acontece-no-turismo\/eventos-e-feiras\/cvc-corp-participa-da-43a-aviesp-em-aguas-de-lindoia\/#respond\"]}]},{\"@type\":\"WebPage\",\"@id\":\"https:\/\/www.travel3.com.br\/site\/acontece-no-turismo\/eventos-e-feiras\/cvc-corp-participa-da-43a-aviesp-em-aguas-de-lindoia\/\",\"url\":\"https:\/\/www.travel3.com.br\/site\/acontece-no-turismo\/eventos-e-feiras\/cvc-corp-participa-da-43a-aviesp-em-aguas-de-lindoia\/\",\"name\":\"CVC Corp participa da 43\u00aa Aviesp, em \u00c1guas de Lind\u00f3ia - Travel3\",\"isPartOf\":{\"@id\":\"https:\/\/www.travel3.com.br\/site\/#website\"},\"primaryImageOfPage\":{\"@id\":\"https:\/\/www.travel3.com.br\/site\/acontece-no-turismo\/eventos-e-feiras\/cvc-corp-participa-da-43a-aviesp-em-aguas-de-lindoia\/#primaryimage\"},\"image\":{\"@id\":\"https:\/\/www.travel3.com.br\/site\/acontece-no-turismo\/eventos-e-feiras\/cvc-corp-participa-da-43a-aviesp-em-aguas-de-lindoia\/#primaryimage\"},\"thumbnailUrl\":\"https:\/\/www.travel3.com.br\/site\/wp-content\/uploads\/2021\/10\/Leandro-Henrique-Diniz.jpg\",\"datePublished\":\"2021-10-27T09:52:36+00:00\",\"description\":\"CVC Corp participa da 43\u00aa Aviesp, em \u00c1guas de Lind\u00f3ia; evento voltado ao trade tur\u00edstico ocorre nesta ter\u00e7a e quarta-feira, dias 26 e 27 de outubro\",\"breadcrumb\":{\"@id\":\"https:\/\/www.travel3.com.br\/site\/acontece-no-turismo\/eventos-e-feiras\/cvc-corp-participa-da-43a-aviesp-em-aguas-de-lindoia\/#breadcrumb\"},\"inLanguage\":\"pt-BR\",\"potentialAction\":[{\"@type\":\"ReadAction\",\"target\":[\"https:\/\/www.travel3.com.br\/site\/acontece-no-turismo\/eventos-e-feiras\/cvc-corp-participa-da-43a-aviesp-em-aguas-de-lindoia\/\"]}]},{\"@type\":\"ImageObject\",\"inLanguage\":\"pt-BR\",\"@id\":\"https:\/\/www.travel3.com.br\/site\/acontece-no-turismo\/eventos-e-feiras\/cvc-corp-participa-da-43a-aviesp-em-aguas-de-lindoia\/#primaryimage\",\"url\":\"https:\/\/www.travel3.com.br\/site\/wp-content\/uploads\/2021\/10\/Leandro-Henrique-Diniz.jpg\",\"contentUrl\":\"https:\/\/www.travel3.com.br\/site\/wp-content\/uploads\/2021\/10\/Leandro-Henrique-Diniz.jpg\",\"width\":960,\"height\":1280,\"caption\":\"Leandro Henrique Diniz, gerente regional do B2B da CVC Corp, recebeu pr\u00eamio em nome da Trend (Foto: Divulga\u00e7\u00e3o)\"},{\"@type\":\"BreadcrumbList\",\"@id\":\"https:\/\/www.travel3.com.br\/site\/acontece-no-turismo\/eventos-e-feiras\/cvc-corp-participa-da-43a-aviesp-em-aguas-de-lindoia\/#breadcrumb\",\"itemListElement\":[{\"@type\":\"ListItem\",\"position\":1,\"name\":\"In\u00edcio\",\"item\":\"https:\/\/www.travel3.com.br\/site\/\"},{\"@type\":\"ListItem\",\"position\":2,\"name\":\"CVC Corp participa da 43\u00aa Aviesp, em \u00c1guas de Lind\u00f3ia\"}]},{\"@type\":\"WebSite\",\"@id\":\"https:\/\/www.travel3.com.br\/site\/#website\",\"url\":\"https:\/\/www.travel3.com.br\/site\/\",\"name\":\"Travel3\",\"description\":\"Lazer + Neg&oacute;cios + Aventura\",\"publisher\":{\"@id\":\"https:\/\/www.travel3.com.br\/site\/#organization\"},\"potentialAction\":[{\"@type\":\"SearchAction\",\"target\":{\"@type\":\"EntryPoint\",\"urlTemplate\":\"https:\/\/www.travel3.com.br\/site\/?s={search_term_string}\"},\"query-input\":{\"@type\":\"PropertyValueSpecification\",\"valueRequired\":true,\"valueName\":\"search_term_string\"}}],\"inLanguage\":\"pt-BR\"},{\"@type\":\"Organization\",\"@id\":\"https:\/\/www.travel3.com.br\/site\/#organization\",\"name\":\"Travel3\",\"url\":\"https:\/\/www.travel3.com.br\/site\/\",\"logo\":{\"@type\":\"ImageObject\",\"inLanguage\":\"pt-BR\",\"@id\":\"https:\/\/www.travel3.com.br\/site\/#\/schema\/logo\/image\/\",\"url\":\"https:\/\/www.travel3.com.br\/site\/wp-content\/uploads\/2020\/01\/logo-travel3-2020.png\",\"contentUrl\":\"https:\/\/www.travel3.com.br\/site\/wp-content\/uploads\/2020\/01\/logo-travel3-2020.png\",\"width\":232,\"height\":79,\"caption\":\"Travel3\"},\"image\":{\"@id\":\"https:\/\/www.travel3.com.br\/site\/#\/schema\/logo\/image\/\"},\"sameAs\":[\"https:\/\/www.facebook.com\/travel3media\/\",\"https:\/\/www.instagram.com\/revistatravel3\/\",\"https:\/\/www.youtube.com\/channel\/UCno7J4paGBR3VbZQzvoJ9Eg\"]},{\"@type\":\"Person\",\"@id\":\"https:\/\/www.travel3.com.br\/site\/#\/schema\/person\/9cff8daac0a2f1aa0799f827b8aa8308\",\"name\":\"Reda\u00e7\u00e3o Travel3\",\"image\":{\"@type\":\"ImageObject\",\"inLanguage\":\"pt-BR\",\"@id\":\"https:\/\/www.travel3.com.br\/site\/#\/schema\/person\/image\/\",\"url\":\"https:\/\/secure.gravatar.com\/avatar\/6e6125525e1f04b7b8c607d71556e490?s=96&d=mm&r=g\",\"contentUrl\":\"https:\/\/secure.gravatar.com\/avatar\/6e6125525e1f04b7b8c607d71556e490?s=96&d=mm&r=g\",\"caption\":\"Reda\u00e7\u00e3o Travel3\"},\"sameAs\":[\"http:\/\/www.travel3.com.br\"],\"url\":\"https:\/\/www.travel3.com.br\/site\/author\/redacao2\/\"}]}<\/script>\n<!-- \/ Yoast SEO plugin. -->","yoast_head_json":{"title":"CVC Corp participa da 43\u00aa Aviesp, em \u00c1guas de Lind\u00f3ia - Travel3","description":"CVC Corp participa da 43\u00aa Aviesp, em \u00c1guas de Lind\u00f3ia; evento voltado ao trade tur\u00edstico ocorre nesta ter\u00e7a e quarta-feira, dias 26 e 27 de outubro","robots":{"index":"index","follow":"follow","max-snippet":"max-snippet:-1","max-image-preview":"max-image-preview:large","max-video-preview":"max-video-preview:-1"},"canonical":"https:\/\/www.travel3.com.br\/site\/acontece-no-turismo\/eventos-e-feiras\/cvc-corp-participa-da-43a-aviesp-em-aguas-de-lindoia\/","og_locale":"pt_BR","og_type":"article","og_title":"CVC Corp participa da 43\u00aa Aviesp, em \u00c1guas de Lind\u00f3ia - Travel3","og_description":"CVC Corp participa da 43\u00aa Aviesp, em \u00c1guas de Lind\u00f3ia; evento voltado ao trade tur\u00edstico ocorre nesta ter\u00e7a e quarta-feira, dias 26 e 27 de outubro","og_url":"https:\/\/www.travel3.com.br\/site\/acontece-no-turismo\/eventos-e-feiras\/cvc-corp-participa-da-43a-aviesp-em-aguas-de-lindoia\/","og_site_name":"Travel3","article_publisher":"https:\/\/www.facebook.com\/travel3media\/","article_published_time":"2021-10-27T09:52:36+00:00","og_image":[{"width":960,"height":1280,"url":"https:\/\/www.travel3.com.br\/site\/wp-content\/uploads\/2021\/10\/Leandro-Henrique-Diniz.jpg","type":"image\/jpeg"}],"author":"Reda\u00e7\u00e3o Travel3","twitter_card":"summary_large_image","twitter_misc":{"Escrito por":"Reda\u00e7\u00e3o Travel3","Est. tempo de leitura":"2 minutos"},"schema":{"@context":"https:\/\/schema.org","@graph":[{"@type":"Article","@id":"https:\/\/www.travel3.com.br\/site\/acontece-no-turismo\/eventos-e-feiras\/cvc-corp-participa-da-43a-aviesp-em-aguas-de-lindoia\/#article","isPartOf":{"@id":"https:\/\/www.travel3.com.br\/site\/acontece-no-turismo\/eventos-e-feiras\/cvc-corp-participa-da-43a-aviesp-em-aguas-de-lindoia\/"},"author":{"name":"Reda\u00e7\u00e3o Travel3","@id":"https:\/\/www.travel3.com.br\/site\/#\/schema\/person\/9cff8daac0a2f1aa0799f827b8aa8308"},"headline":"CVC Corp participa da 43\u00aa Aviesp, em \u00c1guas de Lind\u00f3ia","datePublished":"2021-10-27T09:52:36+00:00","mainEntityOfPage":{"@id":"https:\/\/www.travel3.com.br\/site\/acontece-no-turismo\/eventos-e-feiras\/cvc-corp-participa-da-43a-aviesp-em-aguas-de-lindoia\/"},"wordCount":385,"commentCount":0,"publisher":{"@id":"https:\/\/www.travel3.com.br\/site\/#organization"},"image":{"@id":"https:\/\/www.travel3.com.br\/site\/acontece-no-turismo\/eventos-e-feiras\/cvc-corp-participa-da-43a-aviesp-em-aguas-de-lindoia\/#primaryimage"},"thumbnailUrl":"https:\/\/www.travel3.com.br\/site\/wp-content\/uploads\/2021\/10\/Leandro-Henrique-Diniz.jpg","keywords":["\u00c1guas de Lind\u00f3ia","Aviesp","Aviesp 2021","cvc corp","trade tur\u00edstico"],"articleSection":["Acontece no Turismo","Destaque","Eventos e Feiras"],"inLanguage":"pt-BR","potentialAction":[{"@type":"CommentAction","name":"Comment","target":["https:\/\/www.travel3.com.br\/site\/acontece-no-turismo\/eventos-e-feiras\/cvc-corp-participa-da-43a-aviesp-em-aguas-de-lindoia\/#respond"]}]},{"@type":"WebPage","@id":"https:\/\/www.travel3.com.br\/site\/acontece-no-turismo\/eventos-e-feiras\/cvc-corp-participa-da-43a-aviesp-em-aguas-de-lindoia\/","url":"https:\/\/www.travel3.com.br\/site\/acontece-no-turismo\/eventos-e-feiras\/cvc-corp-participa-da-43a-aviesp-em-aguas-de-lindoia\/","name":"CVC Corp participa da 43\u00aa Aviesp, em \u00c1guas de Lind\u00f3ia - Travel3","isPartOf":{"@id":"https:\/\/www.travel3.com.br\/site\/#website"},"primaryImageOfPage":{"@id":"https:\/\/www.travel3.com.br\/site\/acontece-no-turismo\/eventos-e-feiras\/cvc-corp-participa-da-43a-aviesp-em-aguas-de-lindoia\/#primaryimage"},"image":{"@id":"https:\/\/www.travel3.com.br\/site\/acontece-no-turismo\/eventos-e-feiras\/cvc-corp-participa-da-43a-aviesp-em-aguas-de-lindoia\/#primaryimage"},"thumbnailUrl":"https:\/\/www.travel3.com.br\/site\/wp-content\/uploads\/2021\/10\/Leandro-Henrique-Diniz.jpg","datePublished":"2021-10-27T09:52:36+00:00","description":"CVC Corp participa da 43\u00aa Aviesp, em \u00c1guas de Lind\u00f3ia; evento voltado ao trade tur\u00edstico ocorre nesta ter\u00e7a e quarta-feira, dias 26 e 27 de outubro","breadcrumb":{"@id":"https:\/\/www.travel3.com.br\/site\/acontece-no-turismo\/eventos-e-feiras\/cvc-corp-participa-da-43a-aviesp-em-aguas-de-lindoia\/#breadcrumb"},"inLanguage":"pt-BR","potentialAction":[{"@type":"ReadAction","target":["https:\/\/www.travel3.com.br\/site\/acontece-no-turismo\/eventos-e-feiras\/cvc-corp-participa-da-43a-aviesp-em-aguas-de-lindoia\/"]}]},{"@type":"ImageObject","inLanguage":"pt-BR","@id":"https:\/\/www.travel3.com.br\/site\/acontece-no-turismo\/eventos-e-feiras\/cvc-corp-participa-da-43a-aviesp-em-aguas-de-lindoia\/#primaryimage","url":"https:\/\/www.travel3.com.br\/site\/wp-content\/uploads\/2021\/10\/Leandro-Henrique-Diniz.jpg","contentUrl":"https:\/\/www.travel3.com.br\/site\/wp-content\/uploads\/2021\/10\/Leandro-Henrique-Diniz.jpg","width":960,"height":1280,"caption":"Leandro Henrique Diniz, gerente regional do B2B da CVC Corp, recebeu pr\u00eamio em nome da Trend (Foto: Divulga\u00e7\u00e3o)"},{"@type":"BreadcrumbList","@id":"https:\/\/www.travel3.com.br\/site\/acontece-no-turismo\/eventos-e-feiras\/cvc-corp-participa-da-43a-aviesp-em-aguas-de-lindoia\/#breadcrumb","itemListElement":[{"@type":"ListItem","position":1,"name":"In\u00edcio","item":"https:\/\/www.travel3.com.br\/site\/"},{"@type":"ListItem","position":2,"name":"CVC Corp participa da 43\u00aa Aviesp, em \u00c1guas de Lind\u00f3ia"}]},{"@type":"WebSite","@id":"https:\/\/www.travel3.com.br\/site\/#website","url":"https:\/\/www.travel3.com.br\/site\/","name":"Travel3","description":"Lazer + Neg&oacute;cios + Aventura","publisher":{"@id":"https:\/\/www.travel3.com.br\/site\/#organization"},"potentialAction":[{"@type":"SearchAction","target":{"@type":"EntryPoint","urlTemplate":"https:\/\/www.travel3.com.br\/site\/?s={search_term_string}"},"query-input":{"@type":"PropertyValueSpecification","valueRequired":true,"valueName":"search_term_string"}}],"inLanguage":"pt-BR"},{"@type":"Organization","@id":"https:\/\/www.travel3.com.br\/site\/#organization","name":"Travel3","url":"https:\/\/www.travel3.com.br\/site\/","logo":{"@type":"ImageObject","inLanguage":"pt-BR","@id":"https:\/\/www.travel3.com.br\/site\/#\/schema\/logo\/image\/","url":"https:\/\/www.travel3.com.br\/site\/wp-content\/uploads\/2020\/01\/logo-travel3-2020.png","contentUrl":"https:\/\/www.travel3.com.br\/site\/wp-content\/uploads\/2020\/01\/logo-travel3-2020.png","width":232,"height":79,"caption":"Travel3"},"image":{"@id":"https:\/\/www.travel3.com.br\/site\/#\/schema\/logo\/image\/"},"sameAs":["https:\/\/www.facebook.com\/travel3media\/","https:\/\/www.instagram.com\/revistatravel3\/","https:\/\/www.youtube.com\/channel\/UCno7J4paGBR3VbZQzvoJ9Eg"]},{"@type":"Person","@id":"https:\/\/www.travel3.com.br\/site\/#\/schema\/person\/9cff8daac0a2f1aa0799f827b8aa8308","name":"Reda\u00e7\u00e3o Travel3","image":{"@type":"ImageObject","inLanguage":"pt-BR","@id":"https:\/\/www.travel3.com.br\/site\/#\/schema\/person\/image\/","url":"https:\/\/secure.gravatar.com\/avatar\/6e6125525e1f04b7b8c607d71556e490?s=96&d=mm&r=g","contentUrl":"https:\/\/secure.gravatar.com\/avatar\/6e6125525e1f04b7b8c607d71556e490?s=96&d=mm&r=g","caption":"Reda\u00e7\u00e3o Travel3"},"sameAs":["http:\/\/www.travel3.com.br"],"url":"https:\/\/www.travel3.com.br\/site\/author\/redacao2\/"}]}},"_links":{"self":[{"href":"https:\/\/www.travel3.com.br\/site\/wp-json\/wp\/v2\/posts\/43425","targetHints":{"allow":["GET"]}}],"collection":[{"href":"https:\/\/www.travel3.com.br\/site\/wp-json\/wp\/v2\/posts"}],"about":[{"href":"https:\/\/www.travel3.com.br\/site\/wp-json\/wp\/v2\/types\/post"}],"author":[{"embeddable":true,"href":"https:\/\/www.travel3.com.br\/site\/wp-json\/wp\/v2\/users\/6"}],"replies":[{"embeddable":true,"href":"https:\/\/www.travel3.com.br\/site\/wp-json\/wp\/v2\/comments?post=43425"}],"version-history":[{"count":1,"href":"https:\/\/www.travel3.com.br\/site\/wp-json\/wp\/v2\/posts\/43425\/revisions"}],"predecessor-version":[{"id":43428,"href":"https:\/\/www.travel3.com.br\/site\/wp-json\/wp\/v2\/posts\/43425\/revisions\/43428"}],"wp:featuredmedia":[{"embeddable":true,"href":"https:\/\/www.travel3.com.br\/site\/wp-json\/wp\/v2\/media\/43427"}],"wp:attachment":[{"href":"https:\/\/www.travel3.com.br\/site\/wp-json\/wp\/v2\/media?parent=43425"}],"wp:term":[{"taxonomy":"category","embeddable":true,"href":"https:\/\/www.travel3.com.br\/site\/wp-json\/wp\/v2\/categories?post=43425"},{"taxonomy":"post_tag","embeddable":true,"href":"https:\/\/www.travel3.com.br\/site\/wp-json\/wp\/v2\/tags?post=43425"}],"curies":[{"name":"wp","href":"https:\/\/api.w.org\/{rel}","templated":true}]}}