{"id":43378,"date":"2021-10-25T06:12:52","date_gmt":"2021-10-25T09:12:52","guid":{"rendered":"https:\/\/www.travel3.com.br\/?p=43378"},"modified":"2021-10-25T15:11:28","modified_gmt":"2021-10-25T18:11:28","slug":"confira-destaques-da-cvc-corp-na-brazil-travel-market","status":"publish","type":"post","link":"https:\/\/www.travel3.com.br\/site\/acontece-no-turismo\/eventos-e-feiras\/confira-destaques-da-cvc-corp-na-brazil-travel-market\/","title":{"rendered":"Confira destaques da CVC Corp na Brazil Travel Market"},"content":{"rendered":"\n<div class=\"wp-block-image\"><figure class=\"aligncenter\"><img loading=\"lazy\" decoding=\"async\" width=\"768\" height=\"1024\" src=\"https:\/\/www.travel3.com.br\/site\/wp-content\/uploads\/2021\/10\/IMG-20211022-WA0046-1-768x1024.jpg\" alt=\"Confira destaques da CVC Corp na Brazil Travel Market\" class=\"wp-image-43380\" srcset=\"https:\/\/www.travel3.com.br\/site\/wp-content\/uploads\/2021\/10\/IMG-20211022-WA0046-1-768x1024.jpg 768w, https:\/\/www.travel3.com.br\/site\/wp-content\/uploads\/2021\/10\/IMG-20211022-WA0046-1-225x300.jpg 225w, https:\/\/www.travel3.com.br\/site\/wp-content\/uploads\/2021\/10\/IMG-20211022-WA0046-1-750x1000.jpg 750w, https:\/\/www.travel3.com.br\/site\/wp-content\/uploads\/2021\/10\/IMG-20211022-WA0046-1.jpg 960w\" sizes=\"auto, (max-width: 768px) 100vw, 768px\" \/><figcaption>CVC Corp na Brazil Travel Market (Foto: Divulga\u00e7\u00e3o)<\/figcaption><\/figure><\/div>\n\n\n\n<h3 class=\"wp-block-heading\" style=\"text-align:center\">Companhia apresentou a <em>Nova RexturAdvance<\/em>, e a nova marca <em>CVC<\/em><\/h3>\n\n\n\n<p>Durante os dias 22 e 23 de outubro, sexta e s\u00e1bado, a CVC Corp participou da 10\u00aa edi\u00e7\u00e3o da Brazil Travel Market; um dos maiores eventos do trade tur\u00edstico. Em Fortaleza, o BTM re\u00fane agentes de viagens, operadoras e demais profissionais do setor.<\/p>\n\n\n\n<p>A Unidade de Neg\u00f3cios B2B, formada pelas marcas RexturAdvance, Trend, Visual e Esferatur, teve uma \u201crua&#8221; no evento, chamada de <em>Nova RexturAdvance<\/em>. Nela, foi antecipada a unifica\u00e7\u00e3o das marcas, j\u00e1 anunciada ao mercado, que deve ser concretizada no primeiro trimestre de 2022.<\/p>\n\n\n\n<p>Alguns parceiros que estiveram no estande do B2B da CVC Corp s\u00e3o = Disney + Playa Resorts + Colina Hot\u00e9is + Laghetto + Universal Assistance + Sandos. Para levar agentes de viagens de outros estados \u00e0 feira, as marcas B2B organizaram caravanas com sa\u00eddas de Recife, Natal, Jo\u00e3o Pessoa, S\u00e3o Lu\u00eds do Maranh\u00e3o e Teresina.<\/p>\n\n\n\n<blockquote class=\"wp-block-quote is-layout-flow wp-block-quote-is-layout-flow\"><p>A Nova RexturAdvance vai reunir o que as quatro marcas t\u00eam de melhor, desde plataformas e sistemas at\u00e9 atendimento e funcionalidades do dia a dia que possam apoiar ainda mais os nossos parceiros agentes de viagens. Na BTM, al\u00e9m de conhecer mais sobre esse processo de unifica\u00e7\u00e3o e as melhorias que est\u00e3o sendo preparadas, tamb\u00e9m teremos uma s\u00e9rie de capacita\u00e7\u00f5es com alguns de nossos parceiros.<\/p><p><\/p><cite><strong>Fabio Mader<\/strong> &#8211; Diretor Executivo dos Neg\u00f3cios B2B da <strong><a href=\"https:\/\/www.cvccorp.com.br\/\">CVC Corp<\/a><\/strong><\/cite><\/blockquote>\n\n\n\n<h2 class=\"wp-block-heading\">CVC apresentou sua nova marca<\/h2>\n\n\n\n<p>J\u00e1 a CVC teve um estande pr\u00f3prio, em que apresentou a nova marca, anunciada ao mercado em junho. A operadora, que completa 50 anos no pr\u00f3ximo ano, passa por um processo de digitaliza\u00e7\u00e3o e moderniza\u00e7\u00e3o, e se prop\u00f5e a manter a ess\u00eancia com desenvolvimento de produtos pr\u00f3prios e exclusivos; como bloqueios e voos fretados pelo Brasil, Am\u00e9rica do Sul e Caribe e circuitos pela Europa.<\/p>\n\n\n\n<p>Com o novo posicionamento <em>Pra toda viagem, pra vida toda<\/em>, a marca pretende <em>garantir atendimento a todas as necessidades do cliente<\/em> &#8211; seja aquele que precisa de apoio para todo o planejamento ou aquele que j\u00e1 decidiu tudo, mas quer contar com a assist\u00eancia da empresa para finalizar a compra.<\/p>\n\n\n\n<blockquote class=\"wp-block-quote is-layout-flow wp-block-quote-is-layout-flow\"><p>A retomada das grandes feiras do trade de turismo \u00e9 de extrema import\u00e2ncia, n\u00e3o s\u00f3 por reunir as novidades e promover capacita\u00e7\u00f5es, mas tamb\u00e9m e principalmente por gerar networking e troca nesse momento em que as viagens tamb\u00e9m est\u00e3o sendo fortemente retomadas. Estamos \u00e0 disposi\u00e7\u00e3o dos agentes multimarcas parceiros da CVC para apoia-los a fechar grandes neg\u00f3cios.<\/p><cite><strong>Roberto Vertemati<\/strong> &#8211; Diretor do Canal de Ag\u00eancias Multimarcas da CVC<\/cite><\/blockquote>\n\n\n\n<h2 class=\"wp-block-heading\">Recrutamento e sele\u00e7\u00e3o<\/h2>\n\n\n\n<p>As \u00e1reas de Recrutamento e Sele\u00e7\u00e3o e Marca Empregadora estiveram no stand <em>Bolsa de Empregos <\/em>da feira, onde apresentaram os projetos e o <strong><a rel=\"noreferrer noopener\" aria-label=\"REprograma (opens in a new tab)\" href=\"https:\/\/www.travel3.com.br\/destaque\/cvc-corp-divulga-acoes-adotadas-em-prol-da-diversidade\/\" target=\"_blank\">REprograma<\/a><\/strong> &#8211; estrat\u00e9gia de sustentabilidade. Al\u00e9m disso, tamb\u00e9m foram divulgadas oportunidades de ingressar na empresa, com vagas em todo o pa\u00eds.<\/p>\n\n\n\n<h2 class=\"wp-block-heading\">Novos produtos<\/h2>\n\n\n\n<p>A CVC Corp tamb\u00e9m levou \u00e0 feira produtos como fretamentos para a temporada de ver\u00e3o no Brasil, al\u00e9m de tem\u00e1ticos e megaeventos, como Copa Libertadores, Rock in Rio e Copa do Mundo 2022.<\/p>\n\n\n\n<p>Para a final da Libertadores, que acontece em Montevid\u00e9u, no Uruguai, em novembro, as marcas do grupo comercializam pacotes com sa\u00eddas de S\u00e3o Paulo e do Rio de Janeiro, que incluem passagem a\u00e9rea de ida e volta, traslado aeroporto\/hotel\/aeroporto, hospedagem com early check-in e caf\u00e9 da manh\u00e3, guia brasileiro, teste RT-PCR no retorno ao Brasil, al\u00e9m de transfer ida\/volta ao est\u00e1dio. A viagem custa a partir de US$ 1.528 por pessoa em apartamento duplo + US$ 100 de taxa de embarque.<\/p>\n\n\n\n<p>Para o Rock in Rio, que acontece em setembro de 2022, s\u00e3o diversas op\u00e7\u00f5es de pacotes com valores a partir de R$ 1098 por pessoa, que incluem ingresso para o festival, traslado para o evento, seguro-viagem, transporte rodovi\u00e1rio ou a\u00e9reo e a op\u00e7\u00e3o de incluir ou n\u00e3o a hospedagem. Quem comprar com a CVC Corp tamb\u00e9m garante benef\u00edcios como entrada diferenciada para a Cidade do Rock, pontos de atendimento exclusivos no local e pagamento parcelado em at\u00e9 12 vezes sem juros.<\/p>\n\n\n\n<p>E quem j\u00e1 se prepara para a Copa do Mundo de 2022, que ser\u00e1 realizada no Catar nos meses de novembro e dezembro do ano que vem, tamb\u00e9m pode adquirir pacotes completos com as marcas da companhia. Os pacotes contemplam servi\u00e7os e produtos oficiais da FIFA, como hotelaria exclusiva (pr\u00f3xima ao aeroporto, aos est\u00e1dios e com f\u00e1cil acesso a meios de transporte como metr\u00f4), traslados, ingresso para jogos nos est\u00e1dios, infraestrutura de receptivo e camarotes, eventos exclusivos na cidade e suporte 24&#215;7 com equipe brasileira. Os clientes podem optar por se hospedar em Dubai (Emirados \u00c1rabes), a partir de USD 5500 por pessoa, ou em Doha (Catar), a partir de USD 7000 por pessoa. <\/p>\n","protected":false},"excerpt":{"rendered":"<p>Companhia apresentou a Nova RexturAdvance, e a nova marca CVC Durante os dias 22 e 23 de outubro, sexta e s\u00e1bado, a CVC Corp participou da 10\u00aa edi\u00e7\u00e3o da Brazil Travel Market; um dos maiores eventos do trade tur\u00edstico. Em Fortaleza, o BTM re\u00fane agentes de viagens, operadoras e demais profissionais do setor. A Unidade [&hellip;]<\/p>\n","protected":false},"author":6,"featured_media":43380,"comment_status":"open","ping_status":"open","sticky":false,"template":"","format":"standard","meta":{"footnotes":""},"categories":[969,226,5],"tags":[4632,3077,375],"class_list":["post-43378","post","type-post","status-publish","format-standard","has-post-thumbnail","hentry","category-acontece-no-turismo","category-destaque","category-eventos-e-feiras","tag-brazil-travel-market","tag-cvc-corp","tag-eventos"],"yoast_head":"<!-- This site is optimized with the Yoast SEO plugin v26.2 - https:\/\/yoast.com\/wordpress\/plugins\/seo\/ -->\n<title>Confira destaques da CVC Corp na Brazil Travel Market - Travel3<\/title>\n<meta name=\"description\" content=\"Confira destaques da CVC Corp na Brazil Travel Market; companhia apresentou a Nova RexturAdvance, fruto da unifica\u00e7\u00e3o das marcas B2B, e a nova marca CVC\" \/>\n<meta name=\"robots\" content=\"index, follow, max-snippet:-1, max-image-preview:large, max-video-preview:-1\" \/>\n<link rel=\"canonical\" href=\"https:\/\/www.travel3.com.br\/site\/acontece-no-turismo\/eventos-e-feiras\/confira-destaques-da-cvc-corp-na-brazil-travel-market\/\" \/>\n<meta property=\"og:locale\" content=\"pt_BR\" \/>\n<meta property=\"og:type\" content=\"article\" \/>\n<meta property=\"og:title\" content=\"Confira destaques da CVC Corp na Brazil Travel Market - Travel3\" \/>\n<meta property=\"og:description\" content=\"Confira destaques da CVC Corp na Brazil Travel Market; companhia apresentou a Nova RexturAdvance, fruto da unifica\u00e7\u00e3o das marcas B2B, e a nova marca CVC\" \/>\n<meta property=\"og:url\" content=\"https:\/\/www.travel3.com.br\/site\/acontece-no-turismo\/eventos-e-feiras\/confira-destaques-da-cvc-corp-na-brazil-travel-market\/\" \/>\n<meta property=\"og:site_name\" content=\"Travel3\" \/>\n<meta property=\"article:publisher\" content=\"https:\/\/www.facebook.com\/travel3media\/\" \/>\n<meta property=\"article:published_time\" content=\"2021-10-25T09:12:52+00:00\" \/>\n<meta property=\"article:modified_time\" content=\"2021-10-25T18:11:28+00:00\" \/>\n<meta property=\"og:image\" content=\"https:\/\/www.travel3.com.br\/site\/wp-content\/uploads\/2021\/10\/IMG-20211022-WA0046-1.jpg\" \/>\n\t<meta property=\"og:image:width\" content=\"960\" \/>\n\t<meta property=\"og:image:height\" content=\"1280\" \/>\n\t<meta property=\"og:image:type\" content=\"image\/jpeg\" \/>\n<meta name=\"author\" content=\"Reda\u00e7\u00e3o Travel3\" \/>\n<meta name=\"twitter:card\" content=\"summary_large_image\" \/>\n<meta name=\"twitter:label1\" content=\"Escrito por\" \/>\n\t<meta name=\"twitter:data1\" content=\"Reda\u00e7\u00e3o Travel3\" \/>\n\t<meta name=\"twitter:label2\" content=\"Est. tempo de leitura\" \/>\n\t<meta name=\"twitter:data2\" content=\"4 minutos\" \/>\n<script type=\"application\/ld+json\" class=\"yoast-schema-graph\">{\"@context\":\"https:\/\/schema.org\",\"@graph\":[{\"@type\":\"Article\",\"@id\":\"https:\/\/www.travel3.com.br\/site\/acontece-no-turismo\/eventos-e-feiras\/confira-destaques-da-cvc-corp-na-brazil-travel-market\/#article\",\"isPartOf\":{\"@id\":\"https:\/\/www.travel3.com.br\/site\/acontece-no-turismo\/eventos-e-feiras\/confira-destaques-da-cvc-corp-na-brazil-travel-market\/\"},\"author\":{\"name\":\"Reda\u00e7\u00e3o Travel3\",\"@id\":\"https:\/\/www.travel3.com.br\/site\/#\/schema\/person\/9cff8daac0a2f1aa0799f827b8aa8308\"},\"headline\":\"Confira destaques da CVC Corp na Brazil Travel Market\",\"datePublished\":\"2021-10-25T09:12:52+00:00\",\"dateModified\":\"2021-10-25T18:11:28+00:00\",\"mainEntityOfPage\":{\"@id\":\"https:\/\/www.travel3.com.br\/site\/acontece-no-turismo\/eventos-e-feiras\/confira-destaques-da-cvc-corp-na-brazil-travel-market\/\"},\"wordCount\":841,\"commentCount\":0,\"publisher\":{\"@id\":\"https:\/\/www.travel3.com.br\/site\/#organization\"},\"image\":{\"@id\":\"https:\/\/www.travel3.com.br\/site\/acontece-no-turismo\/eventos-e-feiras\/confira-destaques-da-cvc-corp-na-brazil-travel-market\/#primaryimage\"},\"thumbnailUrl\":\"https:\/\/www.travel3.com.br\/site\/wp-content\/uploads\/2021\/10\/IMG-20211022-WA0046-1.jpg\",\"keywords\":[\"Brazil Travel Market\",\"cvc corp\",\"eventos\"],\"articleSection\":[\"Acontece no Turismo\",\"Destaque\",\"Eventos e Feiras\"],\"inLanguage\":\"pt-BR\",\"potentialAction\":[{\"@type\":\"CommentAction\",\"name\":\"Comment\",\"target\":[\"https:\/\/www.travel3.com.br\/site\/acontece-no-turismo\/eventos-e-feiras\/confira-destaques-da-cvc-corp-na-brazil-travel-market\/#respond\"]}]},{\"@type\":\"WebPage\",\"@id\":\"https:\/\/www.travel3.com.br\/site\/acontece-no-turismo\/eventos-e-feiras\/confira-destaques-da-cvc-corp-na-brazil-travel-market\/\",\"url\":\"https:\/\/www.travel3.com.br\/site\/acontece-no-turismo\/eventos-e-feiras\/confira-destaques-da-cvc-corp-na-brazil-travel-market\/\",\"name\":\"Confira destaques da CVC Corp na Brazil Travel Market - Travel3\",\"isPartOf\":{\"@id\":\"https:\/\/www.travel3.com.br\/site\/#website\"},\"primaryImageOfPage\":{\"@id\":\"https:\/\/www.travel3.com.br\/site\/acontece-no-turismo\/eventos-e-feiras\/confira-destaques-da-cvc-corp-na-brazil-travel-market\/#primaryimage\"},\"image\":{\"@id\":\"https:\/\/www.travel3.com.br\/site\/acontece-no-turismo\/eventos-e-feiras\/confira-destaques-da-cvc-corp-na-brazil-travel-market\/#primaryimage\"},\"thumbnailUrl\":\"https:\/\/www.travel3.com.br\/site\/wp-content\/uploads\/2021\/10\/IMG-20211022-WA0046-1.jpg\",\"datePublished\":\"2021-10-25T09:12:52+00:00\",\"dateModified\":\"2021-10-25T18:11:28+00:00\",\"description\":\"Confira destaques da CVC Corp na Brazil Travel Market; companhia apresentou a Nova RexturAdvance, fruto da unifica\u00e7\u00e3o das marcas B2B, e a nova marca CVC\",\"breadcrumb\":{\"@id\":\"https:\/\/www.travel3.com.br\/site\/acontece-no-turismo\/eventos-e-feiras\/confira-destaques-da-cvc-corp-na-brazil-travel-market\/#breadcrumb\"},\"inLanguage\":\"pt-BR\",\"potentialAction\":[{\"@type\":\"ReadAction\",\"target\":[\"https:\/\/www.travel3.com.br\/site\/acontece-no-turismo\/eventos-e-feiras\/confira-destaques-da-cvc-corp-na-brazil-travel-market\/\"]}]},{\"@type\":\"ImageObject\",\"inLanguage\":\"pt-BR\",\"@id\":\"https:\/\/www.travel3.com.br\/site\/acontece-no-turismo\/eventos-e-feiras\/confira-destaques-da-cvc-corp-na-brazil-travel-market\/#primaryimage\",\"url\":\"https:\/\/www.travel3.com.br\/site\/wp-content\/uploads\/2021\/10\/IMG-20211022-WA0046-1.jpg\",\"contentUrl\":\"https:\/\/www.travel3.com.br\/site\/wp-content\/uploads\/2021\/10\/IMG-20211022-WA0046-1.jpg\",\"width\":960,\"height\":1280,\"caption\":\"CVC Corp na Brazil Travel Market (Foto: Divulga\u00e7\u00e3o)\"},{\"@type\":\"BreadcrumbList\",\"@id\":\"https:\/\/www.travel3.com.br\/site\/acontece-no-turismo\/eventos-e-feiras\/confira-destaques-da-cvc-corp-na-brazil-travel-market\/#breadcrumb\",\"itemListElement\":[{\"@type\":\"ListItem\",\"position\":1,\"name\":\"In\u00edcio\",\"item\":\"https:\/\/www.travel3.com.br\/site\/\"},{\"@type\":\"ListItem\",\"position\":2,\"name\":\"Confira destaques da CVC Corp na Brazil Travel Market\"}]},{\"@type\":\"WebSite\",\"@id\":\"https:\/\/www.travel3.com.br\/site\/#website\",\"url\":\"https:\/\/www.travel3.com.br\/site\/\",\"name\":\"Travel3\",\"description\":\"Lazer + Neg&oacute;cios + Aventura\",\"publisher\":{\"@id\":\"https:\/\/www.travel3.com.br\/site\/#organization\"},\"potentialAction\":[{\"@type\":\"SearchAction\",\"target\":{\"@type\":\"EntryPoint\",\"urlTemplate\":\"https:\/\/www.travel3.com.br\/site\/?s={search_term_string}\"},\"query-input\":{\"@type\":\"PropertyValueSpecification\",\"valueRequired\":true,\"valueName\":\"search_term_string\"}}],\"inLanguage\":\"pt-BR\"},{\"@type\":\"Organization\",\"@id\":\"https:\/\/www.travel3.com.br\/site\/#organization\",\"name\":\"Travel3\",\"url\":\"https:\/\/www.travel3.com.br\/site\/\",\"logo\":{\"@type\":\"ImageObject\",\"inLanguage\":\"pt-BR\",\"@id\":\"https:\/\/www.travel3.com.br\/site\/#\/schema\/logo\/image\/\",\"url\":\"https:\/\/www.travel3.com.br\/site\/wp-content\/uploads\/2020\/01\/logo-travel3-2020.png\",\"contentUrl\":\"https:\/\/www.travel3.com.br\/site\/wp-content\/uploads\/2020\/01\/logo-travel3-2020.png\",\"width\":232,\"height\":79,\"caption\":\"Travel3\"},\"image\":{\"@id\":\"https:\/\/www.travel3.com.br\/site\/#\/schema\/logo\/image\/\"},\"sameAs\":[\"https:\/\/www.facebook.com\/travel3media\/\",\"https:\/\/www.instagram.com\/revistatravel3\/\",\"https:\/\/www.youtube.com\/channel\/UCno7J4paGBR3VbZQzvoJ9Eg\"]},{\"@type\":\"Person\",\"@id\":\"https:\/\/www.travel3.com.br\/site\/#\/schema\/person\/9cff8daac0a2f1aa0799f827b8aa8308\",\"name\":\"Reda\u00e7\u00e3o Travel3\",\"image\":{\"@type\":\"ImageObject\",\"inLanguage\":\"pt-BR\",\"@id\":\"https:\/\/www.travel3.com.br\/site\/#\/schema\/person\/image\/\",\"url\":\"https:\/\/secure.gravatar.com\/avatar\/6e6125525e1f04b7b8c607d71556e490?s=96&d=mm&r=g\",\"contentUrl\":\"https:\/\/secure.gravatar.com\/avatar\/6e6125525e1f04b7b8c607d71556e490?s=96&d=mm&r=g\",\"caption\":\"Reda\u00e7\u00e3o Travel3\"},\"sameAs\":[\"http:\/\/www.travel3.com.br\"],\"url\":\"https:\/\/www.travel3.com.br\/site\/author\/redacao2\/\"}]}<\/script>\n<!-- \/ Yoast SEO plugin. -->","yoast_head_json":{"title":"Confira destaques da CVC Corp na Brazil Travel Market - Travel3","description":"Confira destaques da CVC Corp na Brazil Travel Market; companhia apresentou a Nova RexturAdvance, fruto da unifica\u00e7\u00e3o das marcas B2B, e a nova marca CVC","robots":{"index":"index","follow":"follow","max-snippet":"max-snippet:-1","max-image-preview":"max-image-preview:large","max-video-preview":"max-video-preview:-1"},"canonical":"https:\/\/www.travel3.com.br\/site\/acontece-no-turismo\/eventos-e-feiras\/confira-destaques-da-cvc-corp-na-brazil-travel-market\/","og_locale":"pt_BR","og_type":"article","og_title":"Confira destaques da CVC Corp na Brazil Travel Market - Travel3","og_description":"Confira destaques da CVC Corp na Brazil Travel Market; companhia apresentou a Nova RexturAdvance, fruto da unifica\u00e7\u00e3o das marcas B2B, e a nova marca CVC","og_url":"https:\/\/www.travel3.com.br\/site\/acontece-no-turismo\/eventos-e-feiras\/confira-destaques-da-cvc-corp-na-brazil-travel-market\/","og_site_name":"Travel3","article_publisher":"https:\/\/www.facebook.com\/travel3media\/","article_published_time":"2021-10-25T09:12:52+00:00","article_modified_time":"2021-10-25T18:11:28+00:00","og_image":[{"width":960,"height":1280,"url":"https:\/\/www.travel3.com.br\/site\/wp-content\/uploads\/2021\/10\/IMG-20211022-WA0046-1.jpg","type":"image\/jpeg"}],"author":"Reda\u00e7\u00e3o Travel3","twitter_card":"summary_large_image","twitter_misc":{"Escrito por":"Reda\u00e7\u00e3o Travel3","Est. tempo de leitura":"4 minutos"},"schema":{"@context":"https:\/\/schema.org","@graph":[{"@type":"Article","@id":"https:\/\/www.travel3.com.br\/site\/acontece-no-turismo\/eventos-e-feiras\/confira-destaques-da-cvc-corp-na-brazil-travel-market\/#article","isPartOf":{"@id":"https:\/\/www.travel3.com.br\/site\/acontece-no-turismo\/eventos-e-feiras\/confira-destaques-da-cvc-corp-na-brazil-travel-market\/"},"author":{"name":"Reda\u00e7\u00e3o Travel3","@id":"https:\/\/www.travel3.com.br\/site\/#\/schema\/person\/9cff8daac0a2f1aa0799f827b8aa8308"},"headline":"Confira destaques da CVC Corp na Brazil Travel Market","datePublished":"2021-10-25T09:12:52+00:00","dateModified":"2021-10-25T18:11:28+00:00","mainEntityOfPage":{"@id":"https:\/\/www.travel3.com.br\/site\/acontece-no-turismo\/eventos-e-feiras\/confira-destaques-da-cvc-corp-na-brazil-travel-market\/"},"wordCount":841,"commentCount":0,"publisher":{"@id":"https:\/\/www.travel3.com.br\/site\/#organization"},"image":{"@id":"https:\/\/www.travel3.com.br\/site\/acontece-no-turismo\/eventos-e-feiras\/confira-destaques-da-cvc-corp-na-brazil-travel-market\/#primaryimage"},"thumbnailUrl":"https:\/\/www.travel3.com.br\/site\/wp-content\/uploads\/2021\/10\/IMG-20211022-WA0046-1.jpg","keywords":["Brazil Travel Market","cvc corp","eventos"],"articleSection":["Acontece no Turismo","Destaque","Eventos e Feiras"],"inLanguage":"pt-BR","potentialAction":[{"@type":"CommentAction","name":"Comment","target":["https:\/\/www.travel3.com.br\/site\/acontece-no-turismo\/eventos-e-feiras\/confira-destaques-da-cvc-corp-na-brazil-travel-market\/#respond"]}]},{"@type":"WebPage","@id":"https:\/\/www.travel3.com.br\/site\/acontece-no-turismo\/eventos-e-feiras\/confira-destaques-da-cvc-corp-na-brazil-travel-market\/","url":"https:\/\/www.travel3.com.br\/site\/acontece-no-turismo\/eventos-e-feiras\/confira-destaques-da-cvc-corp-na-brazil-travel-market\/","name":"Confira destaques da CVC Corp na Brazil Travel Market - Travel3","isPartOf":{"@id":"https:\/\/www.travel3.com.br\/site\/#website"},"primaryImageOfPage":{"@id":"https:\/\/www.travel3.com.br\/site\/acontece-no-turismo\/eventos-e-feiras\/confira-destaques-da-cvc-corp-na-brazil-travel-market\/#primaryimage"},"image":{"@id":"https:\/\/www.travel3.com.br\/site\/acontece-no-turismo\/eventos-e-feiras\/confira-destaques-da-cvc-corp-na-brazil-travel-market\/#primaryimage"},"thumbnailUrl":"https:\/\/www.travel3.com.br\/site\/wp-content\/uploads\/2021\/10\/IMG-20211022-WA0046-1.jpg","datePublished":"2021-10-25T09:12:52+00:00","dateModified":"2021-10-25T18:11:28+00:00","description":"Confira destaques da CVC Corp na Brazil Travel Market; companhia apresentou a Nova RexturAdvance, fruto da unifica\u00e7\u00e3o das marcas B2B, e a nova marca CVC","breadcrumb":{"@id":"https:\/\/www.travel3.com.br\/site\/acontece-no-turismo\/eventos-e-feiras\/confira-destaques-da-cvc-corp-na-brazil-travel-market\/#breadcrumb"},"inLanguage":"pt-BR","potentialAction":[{"@type":"ReadAction","target":["https:\/\/www.travel3.com.br\/site\/acontece-no-turismo\/eventos-e-feiras\/confira-destaques-da-cvc-corp-na-brazil-travel-market\/"]}]},{"@type":"ImageObject","inLanguage":"pt-BR","@id":"https:\/\/www.travel3.com.br\/site\/acontece-no-turismo\/eventos-e-feiras\/confira-destaques-da-cvc-corp-na-brazil-travel-market\/#primaryimage","url":"https:\/\/www.travel3.com.br\/site\/wp-content\/uploads\/2021\/10\/IMG-20211022-WA0046-1.jpg","contentUrl":"https:\/\/www.travel3.com.br\/site\/wp-content\/uploads\/2021\/10\/IMG-20211022-WA0046-1.jpg","width":960,"height":1280,"caption":"CVC Corp na Brazil Travel Market (Foto: Divulga\u00e7\u00e3o)"},{"@type":"BreadcrumbList","@id":"https:\/\/www.travel3.com.br\/site\/acontece-no-turismo\/eventos-e-feiras\/confira-destaques-da-cvc-corp-na-brazil-travel-market\/#breadcrumb","itemListElement":[{"@type":"ListItem","position":1,"name":"In\u00edcio","item":"https:\/\/www.travel3.com.br\/site\/"},{"@type":"ListItem","position":2,"name":"Confira destaques da CVC Corp na Brazil Travel Market"}]},{"@type":"WebSite","@id":"https:\/\/www.travel3.com.br\/site\/#website","url":"https:\/\/www.travel3.com.br\/site\/","name":"Travel3","description":"Lazer + Neg&oacute;cios + Aventura","publisher":{"@id":"https:\/\/www.travel3.com.br\/site\/#organization"},"potentialAction":[{"@type":"SearchAction","target":{"@type":"EntryPoint","urlTemplate":"https:\/\/www.travel3.com.br\/site\/?s={search_term_string}"},"query-input":{"@type":"PropertyValueSpecification","valueRequired":true,"valueName":"search_term_string"}}],"inLanguage":"pt-BR"},{"@type":"Organization","@id":"https:\/\/www.travel3.com.br\/site\/#organization","name":"Travel3","url":"https:\/\/www.travel3.com.br\/site\/","logo":{"@type":"ImageObject","inLanguage":"pt-BR","@id":"https:\/\/www.travel3.com.br\/site\/#\/schema\/logo\/image\/","url":"https:\/\/www.travel3.com.br\/site\/wp-content\/uploads\/2020\/01\/logo-travel3-2020.png","contentUrl":"https:\/\/www.travel3.com.br\/site\/wp-content\/uploads\/2020\/01\/logo-travel3-2020.png","width":232,"height":79,"caption":"Travel3"},"image":{"@id":"https:\/\/www.travel3.com.br\/site\/#\/schema\/logo\/image\/"},"sameAs":["https:\/\/www.facebook.com\/travel3media\/","https:\/\/www.instagram.com\/revistatravel3\/","https:\/\/www.youtube.com\/channel\/UCno7J4paGBR3VbZQzvoJ9Eg"]},{"@type":"Person","@id":"https:\/\/www.travel3.com.br\/site\/#\/schema\/person\/9cff8daac0a2f1aa0799f827b8aa8308","name":"Reda\u00e7\u00e3o Travel3","image":{"@type":"ImageObject","inLanguage":"pt-BR","@id":"https:\/\/www.travel3.com.br\/site\/#\/schema\/person\/image\/","url":"https:\/\/secure.gravatar.com\/avatar\/6e6125525e1f04b7b8c607d71556e490?s=96&d=mm&r=g","contentUrl":"https:\/\/secure.gravatar.com\/avatar\/6e6125525e1f04b7b8c607d71556e490?s=96&d=mm&r=g","caption":"Reda\u00e7\u00e3o Travel3"},"sameAs":["http:\/\/www.travel3.com.br"],"url":"https:\/\/www.travel3.com.br\/site\/author\/redacao2\/"}]}},"_links":{"self":[{"href":"https:\/\/www.travel3.com.br\/site\/wp-json\/wp\/v2\/posts\/43378","targetHints":{"allow":["GET"]}}],"collection":[{"href":"https:\/\/www.travel3.com.br\/site\/wp-json\/wp\/v2\/posts"}],"about":[{"href":"https:\/\/www.travel3.com.br\/site\/wp-json\/wp\/v2\/types\/post"}],"author":[{"embeddable":true,"href":"https:\/\/www.travel3.com.br\/site\/wp-json\/wp\/v2\/users\/6"}],"replies":[{"embeddable":true,"href":"https:\/\/www.travel3.com.br\/site\/wp-json\/wp\/v2\/comments?post=43378"}],"version-history":[{"count":3,"href":"https:\/\/www.travel3.com.br\/site\/wp-json\/wp\/v2\/posts\/43378\/revisions"}],"predecessor-version":[{"id":43404,"href":"https:\/\/www.travel3.com.br\/site\/wp-json\/wp\/v2\/posts\/43378\/revisions\/43404"}],"wp:featuredmedia":[{"embeddable":true,"href":"https:\/\/www.travel3.com.br\/site\/wp-json\/wp\/v2\/media\/43380"}],"wp:attachment":[{"href":"https:\/\/www.travel3.com.br\/site\/wp-json\/wp\/v2\/media?parent=43378"}],"wp:term":[{"taxonomy":"category","embeddable":true,"href":"https:\/\/www.travel3.com.br\/site\/wp-json\/wp\/v2\/categories?post=43378"},{"taxonomy":"post_tag","embeddable":true,"href":"https:\/\/www.travel3.com.br\/site\/wp-json\/wp\/v2\/tags?post=43378"}],"curies":[{"name":"wp","href":"https:\/\/api.w.org\/{rel}","templated":true}]}}