{"id":43140,"date":"2021-10-12T06:10:35","date_gmt":"2021-10-12T09:10:35","guid":{"rendered":"https:\/\/www.travel3.com.br\/?p=43140"},"modified":"2021-10-14T13:51:47","modified_gmt":"2021-10-14T16:51:47","slug":"iltm-latin-america-reunira-mais-de-100-marcas-em-sao-paulo","status":"publish","type":"post","link":"https:\/\/www.travel3.com.br\/site\/destaque\/iltm-latin-america-reunira-mais-de-100-marcas-em-sao-paulo\/","title":{"rendered":"ILTM Latin America reunir\u00e1 mais de 100 marcas em S\u00e3o Paulo"},"content":{"rendered":"\n<div class=\"wp-block-image\"><figure class=\"aligncenter\"><img loading=\"lazy\" decoding=\"async\" width=\"682\" height=\"1024\" src=\"https:\/\/www.travel3.com.br\/site\/wp-content\/uploads\/2021\/10\/SimonMayle-headshot_Easy-Resize.com_-682x1024.jpg\" alt=\"ILTM Latin America\" class=\"wp-image-43141\" srcset=\"https:\/\/www.travel3.com.br\/site\/wp-content\/uploads\/2021\/10\/SimonMayle-headshot_Easy-Resize.com_-682x1024.jpg 682w, https:\/\/www.travel3.com.br\/site\/wp-content\/uploads\/2021\/10\/SimonMayle-headshot_Easy-Resize.com_-200x300.jpg 200w, https:\/\/www.travel3.com.br\/site\/wp-content\/uploads\/2021\/10\/SimonMayle-headshot_Easy-Resize.com_-768x1152.jpg 768w, https:\/\/www.travel3.com.br\/site\/wp-content\/uploads\/2021\/10\/SimonMayle-headshot_Easy-Resize.com_-750x1125.jpg 750w, https:\/\/www.travel3.com.br\/site\/wp-content\/uploads\/2021\/10\/SimonMayle-headshot_Easy-Resize.com_.jpg 853w\" sizes=\"auto, (max-width: 682px) 100vw, 682px\" \/><figcaption>Simon Mayle, Diretor da ILTM Latin America (Foto: Divulga\u00e7\u00e3o)<\/figcaption><\/figure><\/div>\n\n\n\n<h3 class=\"wp-block-heading\" style=\"text-align:center\">Evento presencial reunir\u00e1 experi\u00eancias de viagens de alto padr\u00e3o<\/h3>\n\n\n\n<p>Em meio \u00e0 retomada do turismo, a ILTM Latin America volta a S\u00e3o Paulo entre 26 e 29 outubro, no hotel Tivoli Mofarrej. Presencial, mas com p\u00fablico reduzido, o evento promete um reencontro com algumas das principais grifes hoteleiras, destinos, companhias a\u00e9reas, cruzeiros e DMCs; com a presen\u00e7a de 120 consultores da Am\u00e9rica Latina.<\/p>\n\n\n\n<p>Al\u00e9m de tend\u00eancias em turismo de luxo, a ILTM Latin America ir\u00e1 receber mais de 100 marcas, com foco em excel\u00eancia e nas demandas de um planeta que clama por conserva\u00e7\u00e3o e paz.<\/p>\n\n\n\n<p>Um destino em sintonia com este tema \u00e9 a Su\u00ed\u00e7a, que em sua atual campanha <em>Swisstainable Switzerland<\/em> fortalece a mensagem do consumo ponderado, no resguardar de seus tesouros naturais. Outro pioneiro em sustentabilidade \u00e9 o Turismo de Portugal, cuja meta \u00e9 levar efici\u00eancia energ\u00e9tica, h\u00eddrica e gest\u00e3o de res\u00edduos a 75% dos provedores tur\u00edsticos no pa\u00eds at\u00e9 2023.<\/p>\n\n\n\n<p>Enquanto isso pelos mares, Regent Seven Seas Cruises e Oceania Cruises investem em resolu\u00e7\u00f5es tecnol\u00f3gicas inovadoras a fim de reduzir emiss\u00f5es de CO2. Entre tantos outros expositores empenhados em transformar positivamente a sociedade e o meio ambiente, a ILTM Latin America convida a nos unirmos nesta jornada, na manuten\u00e7\u00e3o de um elo global cada vez mais pr\u00f3spero nos pr\u00f3ximos anos.<\/p>\n\n\n\n<div class=\"wp-block-image\"><figure class=\"aligncenter\"><img loading=\"lazy\" decoding=\"async\" width=\"610\" height=\"214\" src=\"https:\/\/www.travel3.com.br\/site\/wp-content\/uploads\/2021\/10\/ILTM-LatinAmerica-2021-Banner.jpg\" alt=\"ILTM LATIN AMERICA\" class=\"wp-image-43142\" srcset=\"https:\/\/www.travel3.com.br\/site\/wp-content\/uploads\/2021\/10\/ILTM-LatinAmerica-2021-Banner.jpg 610w, https:\/\/www.travel3.com.br\/site\/wp-content\/uploads\/2021\/10\/ILTM-LatinAmerica-2021-Banner-300x105.jpg 300w\" sizes=\"auto, (max-width: 610px) 100vw, 610px\" \/><figcaption>Divulga\u00e7\u00e3o<\/figcaption><\/figure><\/div>\n\n\n\n<h2 class=\"wp-block-heading\">Sustentabilidade tamb\u00e9m \u00e9 destaque no Brasil<\/h2>\n\n\n\n<p>No mesmo compasso, destinos no Brasil se destacam com not\u00e1veis iniciativas. Este \u00e9 o caso, por exemplo, da Pousada Estrela D\u2019\u00c1gua, sediada em Trancoso, Bahia, que pretende zerar o uso do pl\u00e1stico substituindo-o por alternativas eco-friendly &#8211; como canudos de bamboo e embalgens biodegrad\u00e1veis feitas de f\u00e9cula de mandioca.<\/p>\n\n\n\n<p>Entre as serras paulista e carioca, a Fazenda Santa Vit\u00f3ria tamb\u00e9m merece destaque, e promove a valoriza\u00e7\u00e3o da produ\u00e7\u00e3o regional \u2013 da mesa aos passeios com guias locais. J\u00e1 na maior metr\u00f3pole do pa\u00eds, o Rosewood S\u00e3o Paulo n\u00e3o apenas chega como um projeto de restaura\u00e7\u00e3o do patrim\u00f4nio hist\u00f3rico e cultural &#8211; o Cidade Matarazzo -; mas tamb\u00e9m com a recupera\u00e7\u00e3o da vegeta\u00e7\u00e3o nativa, e design 100% brasileiro.<\/p>\n\n\n\n<h3 class=\"wp-block-heading\" style=\"text-align:center\">Saiba mais = <a href=\"https:\/\/www.iltm.com\/latin-america\/en-gb.html\" target=\"_blank\" rel=\"noreferrer noopener\" aria-label=\"www.iltm.com (opens in a new tab)\">www.iltm.com<\/a><\/h3>\n","protected":false},"excerpt":{"rendered":"<p>Evento presencial reunir\u00e1 experi\u00eancias de viagens de alto padr\u00e3o Em meio \u00e0 retomada do turismo, a ILTM Latin America volta a S\u00e3o Paulo entre 26 e 29 outubro, no hotel Tivoli Mofarrej. Presencial, mas com p\u00fablico reduzido, o evento promete um reencontro com algumas das principais grifes hoteleiras, destinos, companhias a\u00e9reas, cruzeiros e DMCs; com [&hellip;]<\/p>\n","protected":false},"author":6,"featured_media":43168,"comment_status":"open","ping_status":"open","sticky":false,"template":"","format":"standard","meta":{"footnotes":""},"categories":[969,226,5],"tags":[4284,4328,4329,4117,230],"class_list":["post-43140","post","type-post","status-publish","format-standard","has-post-thumbnail","hentry","category-acontece-no-turismo","category-destaque","category-eventos-e-feiras","tag-blta","tag-iltm","tag-iltm-latin-america","tag-retomada-do-turismo","tag-sustentabilidade"],"yoast_head":"<!-- This site is optimized with the Yoast SEO plugin v26.2 - https:\/\/yoast.com\/wordpress\/plugins\/seo\/ -->\n<title>ILTM Latin America reunir\u00e1 mais de 100 marcas em S\u00e3o Paulo - Travel3<\/title>\n<meta name=\"description\" content=\"ILTM Latin America reunir\u00e1 mais de 100 marcas em S\u00e3o Paulo; evento presencial reunir\u00e1 experi\u00eancias de viagens de alto padr\u00e3o\" \/>\n<meta name=\"robots\" content=\"index, follow, max-snippet:-1, max-image-preview:large, max-video-preview:-1\" \/>\n<link rel=\"canonical\" href=\"https:\/\/www.travel3.com.br\/site\/destaque\/iltm-latin-america-reunira-mais-de-100-marcas-em-sao-paulo\/\" \/>\n<meta property=\"og:locale\" content=\"pt_BR\" \/>\n<meta property=\"og:type\" content=\"article\" \/>\n<meta property=\"og:title\" content=\"ILTM Latin America reunir\u00e1 mais de 100 marcas em S\u00e3o Paulo - Travel3\" \/>\n<meta property=\"og:description\" content=\"ILTM Latin America reunir\u00e1 mais de 100 marcas em S\u00e3o Paulo; evento presencial reunir\u00e1 experi\u00eancias de viagens de alto padr\u00e3o\" \/>\n<meta property=\"og:url\" content=\"https:\/\/www.travel3.com.br\/site\/destaque\/iltm-latin-america-reunira-mais-de-100-marcas-em-sao-paulo\/\" \/>\n<meta property=\"og:site_name\" content=\"Travel3\" \/>\n<meta property=\"article:publisher\" content=\"https:\/\/www.facebook.com\/travel3media\/\" \/>\n<meta property=\"article:published_time\" content=\"2021-10-12T09:10:35+00:00\" \/>\n<meta property=\"article:modified_time\" content=\"2021-10-14T16:51:47+00:00\" \/>\n<meta property=\"og:image\" content=\"https:\/\/www.travel3.com.br\/site\/wp-content\/uploads\/2021\/10\/WhatsApp-Image-2021-10-14-at-13.50.43.jpeg\" \/>\n\t<meta property=\"og:image:width\" content=\"853\" \/>\n\t<meta property=\"og:image:height\" content=\"696\" \/>\n\t<meta property=\"og:image:type\" content=\"image\/jpeg\" \/>\n<meta name=\"author\" content=\"Reda\u00e7\u00e3o Travel3\" \/>\n<meta name=\"twitter:card\" content=\"summary_large_image\" \/>\n<meta name=\"twitter:label1\" content=\"Escrito por\" \/>\n\t<meta name=\"twitter:data1\" content=\"Reda\u00e7\u00e3o Travel3\" \/>\n\t<meta name=\"twitter:label2\" content=\"Est. tempo de leitura\" \/>\n\t<meta name=\"twitter:data2\" content=\"2 minutos\" \/>\n<script type=\"application\/ld+json\" class=\"yoast-schema-graph\">{\"@context\":\"https:\/\/schema.org\",\"@graph\":[{\"@type\":\"Article\",\"@id\":\"https:\/\/www.travel3.com.br\/site\/destaque\/iltm-latin-america-reunira-mais-de-100-marcas-em-sao-paulo\/#article\",\"isPartOf\":{\"@id\":\"https:\/\/www.travel3.com.br\/site\/destaque\/iltm-latin-america-reunira-mais-de-100-marcas-em-sao-paulo\/\"},\"author\":{\"name\":\"Reda\u00e7\u00e3o Travel3\",\"@id\":\"https:\/\/www.travel3.com.br\/site\/#\/schema\/person\/9cff8daac0a2f1aa0799f827b8aa8308\"},\"headline\":\"ILTM Latin America reunir\u00e1 mais de 100 marcas em S\u00e3o Paulo\",\"datePublished\":\"2021-10-12T09:10:35+00:00\",\"dateModified\":\"2021-10-14T16:51:47+00:00\",\"mainEntityOfPage\":{\"@id\":\"https:\/\/www.travel3.com.br\/site\/destaque\/iltm-latin-america-reunira-mais-de-100-marcas-em-sao-paulo\/\"},\"wordCount\":396,\"commentCount\":0,\"publisher\":{\"@id\":\"https:\/\/www.travel3.com.br\/site\/#organization\"},\"image\":{\"@id\":\"https:\/\/www.travel3.com.br\/site\/destaque\/iltm-latin-america-reunira-mais-de-100-marcas-em-sao-paulo\/#primaryimage\"},\"thumbnailUrl\":\"https:\/\/www.travel3.com.br\/site\/wp-content\/uploads\/2021\/10\/WhatsApp-Image-2021-10-14-at-13.50.43.jpeg\",\"keywords\":[\"BLTA\",\"ILTM\",\"ILTM Latin America\",\"Retomada do Turismo\",\"sustentabilidade\"],\"articleSection\":[\"Acontece no Turismo\",\"Destaque\",\"Eventos e Feiras\"],\"inLanguage\":\"pt-BR\",\"potentialAction\":[{\"@type\":\"CommentAction\",\"name\":\"Comment\",\"target\":[\"https:\/\/www.travel3.com.br\/site\/destaque\/iltm-latin-america-reunira-mais-de-100-marcas-em-sao-paulo\/#respond\"]}]},{\"@type\":\"WebPage\",\"@id\":\"https:\/\/www.travel3.com.br\/site\/destaque\/iltm-latin-america-reunira-mais-de-100-marcas-em-sao-paulo\/\",\"url\":\"https:\/\/www.travel3.com.br\/site\/destaque\/iltm-latin-america-reunira-mais-de-100-marcas-em-sao-paulo\/\",\"name\":\"ILTM Latin America reunir\u00e1 mais de 100 marcas em S\u00e3o Paulo - Travel3\",\"isPartOf\":{\"@id\":\"https:\/\/www.travel3.com.br\/site\/#website\"},\"primaryImageOfPage\":{\"@id\":\"https:\/\/www.travel3.com.br\/site\/destaque\/iltm-latin-america-reunira-mais-de-100-marcas-em-sao-paulo\/#primaryimage\"},\"image\":{\"@id\":\"https:\/\/www.travel3.com.br\/site\/destaque\/iltm-latin-america-reunira-mais-de-100-marcas-em-sao-paulo\/#primaryimage\"},\"thumbnailUrl\":\"https:\/\/www.travel3.com.br\/site\/wp-content\/uploads\/2021\/10\/WhatsApp-Image-2021-10-14-at-13.50.43.jpeg\",\"datePublished\":\"2021-10-12T09:10:35+00:00\",\"dateModified\":\"2021-10-14T16:51:47+00:00\",\"description\":\"ILTM Latin America reunir\u00e1 mais de 100 marcas em S\u00e3o Paulo; evento presencial reunir\u00e1 experi\u00eancias de viagens de alto padr\u00e3o\",\"breadcrumb\":{\"@id\":\"https:\/\/www.travel3.com.br\/site\/destaque\/iltm-latin-america-reunira-mais-de-100-marcas-em-sao-paulo\/#breadcrumb\"},\"inLanguage\":\"pt-BR\",\"potentialAction\":[{\"@type\":\"ReadAction\",\"target\":[\"https:\/\/www.travel3.com.br\/site\/destaque\/iltm-latin-america-reunira-mais-de-100-marcas-em-sao-paulo\/\"]}]},{\"@type\":\"ImageObject\",\"inLanguage\":\"pt-BR\",\"@id\":\"https:\/\/www.travel3.com.br\/site\/destaque\/iltm-latin-america-reunira-mais-de-100-marcas-em-sao-paulo\/#primaryimage\",\"url\":\"https:\/\/www.travel3.com.br\/site\/wp-content\/uploads\/2021\/10\/WhatsApp-Image-2021-10-14-at-13.50.43.jpeg\",\"contentUrl\":\"https:\/\/www.travel3.com.br\/site\/wp-content\/uploads\/2021\/10\/WhatsApp-Image-2021-10-14-at-13.50.43.jpeg\",\"width\":853,\"height\":696},{\"@type\":\"BreadcrumbList\",\"@id\":\"https:\/\/www.travel3.com.br\/site\/destaque\/iltm-latin-america-reunira-mais-de-100-marcas-em-sao-paulo\/#breadcrumb\",\"itemListElement\":[{\"@type\":\"ListItem\",\"position\":1,\"name\":\"In\u00edcio\",\"item\":\"https:\/\/www.travel3.com.br\/site\/\"},{\"@type\":\"ListItem\",\"position\":2,\"name\":\"ILTM Latin America reunir\u00e1 mais de 100 marcas em S\u00e3o Paulo\"}]},{\"@type\":\"WebSite\",\"@id\":\"https:\/\/www.travel3.com.br\/site\/#website\",\"url\":\"https:\/\/www.travel3.com.br\/site\/\",\"name\":\"Travel3\",\"description\":\"Lazer + Neg&oacute;cios + Aventura\",\"publisher\":{\"@id\":\"https:\/\/www.travel3.com.br\/site\/#organization\"},\"potentialAction\":[{\"@type\":\"SearchAction\",\"target\":{\"@type\":\"EntryPoint\",\"urlTemplate\":\"https:\/\/www.travel3.com.br\/site\/?s={search_term_string}\"},\"query-input\":{\"@type\":\"PropertyValueSpecification\",\"valueRequired\":true,\"valueName\":\"search_term_string\"}}],\"inLanguage\":\"pt-BR\"},{\"@type\":\"Organization\",\"@id\":\"https:\/\/www.travel3.com.br\/site\/#organization\",\"name\":\"Travel3\",\"url\":\"https:\/\/www.travel3.com.br\/site\/\",\"logo\":{\"@type\":\"ImageObject\",\"inLanguage\":\"pt-BR\",\"@id\":\"https:\/\/www.travel3.com.br\/site\/#\/schema\/logo\/image\/\",\"url\":\"https:\/\/www.travel3.com.br\/site\/wp-content\/uploads\/2020\/01\/logo-travel3-2020.png\",\"contentUrl\":\"https:\/\/www.travel3.com.br\/site\/wp-content\/uploads\/2020\/01\/logo-travel3-2020.png\",\"width\":232,\"height\":79,\"caption\":\"Travel3\"},\"image\":{\"@id\":\"https:\/\/www.travel3.com.br\/site\/#\/schema\/logo\/image\/\"},\"sameAs\":[\"https:\/\/www.facebook.com\/travel3media\/\",\"https:\/\/www.instagram.com\/revistatravel3\/\",\"https:\/\/www.youtube.com\/channel\/UCno7J4paGBR3VbZQzvoJ9Eg\"]},{\"@type\":\"Person\",\"@id\":\"https:\/\/www.travel3.com.br\/site\/#\/schema\/person\/9cff8daac0a2f1aa0799f827b8aa8308\",\"name\":\"Reda\u00e7\u00e3o Travel3\",\"image\":{\"@type\":\"ImageObject\",\"inLanguage\":\"pt-BR\",\"@id\":\"https:\/\/www.travel3.com.br\/site\/#\/schema\/person\/image\/\",\"url\":\"https:\/\/secure.gravatar.com\/avatar\/6e6125525e1f04b7b8c607d71556e490?s=96&d=mm&r=g\",\"contentUrl\":\"https:\/\/secure.gravatar.com\/avatar\/6e6125525e1f04b7b8c607d71556e490?s=96&d=mm&r=g\",\"caption\":\"Reda\u00e7\u00e3o Travel3\"},\"sameAs\":[\"http:\/\/www.travel3.com.br\"],\"url\":\"https:\/\/www.travel3.com.br\/site\/author\/redacao2\/\"}]}<\/script>\n<!-- \/ Yoast SEO plugin. -->","yoast_head_json":{"title":"ILTM Latin America reunir\u00e1 mais de 100 marcas em S\u00e3o Paulo - Travel3","description":"ILTM Latin America reunir\u00e1 mais de 100 marcas em S\u00e3o Paulo; evento presencial reunir\u00e1 experi\u00eancias de viagens de alto padr\u00e3o","robots":{"index":"index","follow":"follow","max-snippet":"max-snippet:-1","max-image-preview":"max-image-preview:large","max-video-preview":"max-video-preview:-1"},"canonical":"https:\/\/www.travel3.com.br\/site\/destaque\/iltm-latin-america-reunira-mais-de-100-marcas-em-sao-paulo\/","og_locale":"pt_BR","og_type":"article","og_title":"ILTM Latin America reunir\u00e1 mais de 100 marcas em S\u00e3o Paulo - Travel3","og_description":"ILTM Latin America reunir\u00e1 mais de 100 marcas em S\u00e3o Paulo; evento presencial reunir\u00e1 experi\u00eancias de viagens de alto padr\u00e3o","og_url":"https:\/\/www.travel3.com.br\/site\/destaque\/iltm-latin-america-reunira-mais-de-100-marcas-em-sao-paulo\/","og_site_name":"Travel3","article_publisher":"https:\/\/www.facebook.com\/travel3media\/","article_published_time":"2021-10-12T09:10:35+00:00","article_modified_time":"2021-10-14T16:51:47+00:00","og_image":[{"width":853,"height":696,"url":"https:\/\/www.travel3.com.br\/site\/wp-content\/uploads\/2021\/10\/WhatsApp-Image-2021-10-14-at-13.50.43.jpeg","type":"image\/jpeg"}],"author":"Reda\u00e7\u00e3o Travel3","twitter_card":"summary_large_image","twitter_misc":{"Escrito por":"Reda\u00e7\u00e3o Travel3","Est. tempo de leitura":"2 minutos"},"schema":{"@context":"https:\/\/schema.org","@graph":[{"@type":"Article","@id":"https:\/\/www.travel3.com.br\/site\/destaque\/iltm-latin-america-reunira-mais-de-100-marcas-em-sao-paulo\/#article","isPartOf":{"@id":"https:\/\/www.travel3.com.br\/site\/destaque\/iltm-latin-america-reunira-mais-de-100-marcas-em-sao-paulo\/"},"author":{"name":"Reda\u00e7\u00e3o Travel3","@id":"https:\/\/www.travel3.com.br\/site\/#\/schema\/person\/9cff8daac0a2f1aa0799f827b8aa8308"},"headline":"ILTM Latin America reunir\u00e1 mais de 100 marcas em S\u00e3o Paulo","datePublished":"2021-10-12T09:10:35+00:00","dateModified":"2021-10-14T16:51:47+00:00","mainEntityOfPage":{"@id":"https:\/\/www.travel3.com.br\/site\/destaque\/iltm-latin-america-reunira-mais-de-100-marcas-em-sao-paulo\/"},"wordCount":396,"commentCount":0,"publisher":{"@id":"https:\/\/www.travel3.com.br\/site\/#organization"},"image":{"@id":"https:\/\/www.travel3.com.br\/site\/destaque\/iltm-latin-america-reunira-mais-de-100-marcas-em-sao-paulo\/#primaryimage"},"thumbnailUrl":"https:\/\/www.travel3.com.br\/site\/wp-content\/uploads\/2021\/10\/WhatsApp-Image-2021-10-14-at-13.50.43.jpeg","keywords":["BLTA","ILTM","ILTM Latin America","Retomada do Turismo","sustentabilidade"],"articleSection":["Acontece no Turismo","Destaque","Eventos e Feiras"],"inLanguage":"pt-BR","potentialAction":[{"@type":"CommentAction","name":"Comment","target":["https:\/\/www.travel3.com.br\/site\/destaque\/iltm-latin-america-reunira-mais-de-100-marcas-em-sao-paulo\/#respond"]}]},{"@type":"WebPage","@id":"https:\/\/www.travel3.com.br\/site\/destaque\/iltm-latin-america-reunira-mais-de-100-marcas-em-sao-paulo\/","url":"https:\/\/www.travel3.com.br\/site\/destaque\/iltm-latin-america-reunira-mais-de-100-marcas-em-sao-paulo\/","name":"ILTM Latin America reunir\u00e1 mais de 100 marcas em S\u00e3o Paulo - Travel3","isPartOf":{"@id":"https:\/\/www.travel3.com.br\/site\/#website"},"primaryImageOfPage":{"@id":"https:\/\/www.travel3.com.br\/site\/destaque\/iltm-latin-america-reunira-mais-de-100-marcas-em-sao-paulo\/#primaryimage"},"image":{"@id":"https:\/\/www.travel3.com.br\/site\/destaque\/iltm-latin-america-reunira-mais-de-100-marcas-em-sao-paulo\/#primaryimage"},"thumbnailUrl":"https:\/\/www.travel3.com.br\/site\/wp-content\/uploads\/2021\/10\/WhatsApp-Image-2021-10-14-at-13.50.43.jpeg","datePublished":"2021-10-12T09:10:35+00:00","dateModified":"2021-10-14T16:51:47+00:00","description":"ILTM Latin America reunir\u00e1 mais de 100 marcas em S\u00e3o Paulo; evento presencial reunir\u00e1 experi\u00eancias de viagens de alto padr\u00e3o","breadcrumb":{"@id":"https:\/\/www.travel3.com.br\/site\/destaque\/iltm-latin-america-reunira-mais-de-100-marcas-em-sao-paulo\/#breadcrumb"},"inLanguage":"pt-BR","potentialAction":[{"@type":"ReadAction","target":["https:\/\/www.travel3.com.br\/site\/destaque\/iltm-latin-america-reunira-mais-de-100-marcas-em-sao-paulo\/"]}]},{"@type":"ImageObject","inLanguage":"pt-BR","@id":"https:\/\/www.travel3.com.br\/site\/destaque\/iltm-latin-america-reunira-mais-de-100-marcas-em-sao-paulo\/#primaryimage","url":"https:\/\/www.travel3.com.br\/site\/wp-content\/uploads\/2021\/10\/WhatsApp-Image-2021-10-14-at-13.50.43.jpeg","contentUrl":"https:\/\/www.travel3.com.br\/site\/wp-content\/uploads\/2021\/10\/WhatsApp-Image-2021-10-14-at-13.50.43.jpeg","width":853,"height":696},{"@type":"BreadcrumbList","@id":"https:\/\/www.travel3.com.br\/site\/destaque\/iltm-latin-america-reunira-mais-de-100-marcas-em-sao-paulo\/#breadcrumb","itemListElement":[{"@type":"ListItem","position":1,"name":"In\u00edcio","item":"https:\/\/www.travel3.com.br\/site\/"},{"@type":"ListItem","position":2,"name":"ILTM Latin America reunir\u00e1 mais de 100 marcas em S\u00e3o Paulo"}]},{"@type":"WebSite","@id":"https:\/\/www.travel3.com.br\/site\/#website","url":"https:\/\/www.travel3.com.br\/site\/","name":"Travel3","description":"Lazer + Neg&oacute;cios + Aventura","publisher":{"@id":"https:\/\/www.travel3.com.br\/site\/#organization"},"potentialAction":[{"@type":"SearchAction","target":{"@type":"EntryPoint","urlTemplate":"https:\/\/www.travel3.com.br\/site\/?s={search_term_string}"},"query-input":{"@type":"PropertyValueSpecification","valueRequired":true,"valueName":"search_term_string"}}],"inLanguage":"pt-BR"},{"@type":"Organization","@id":"https:\/\/www.travel3.com.br\/site\/#organization","name":"Travel3","url":"https:\/\/www.travel3.com.br\/site\/","logo":{"@type":"ImageObject","inLanguage":"pt-BR","@id":"https:\/\/www.travel3.com.br\/site\/#\/schema\/logo\/image\/","url":"https:\/\/www.travel3.com.br\/site\/wp-content\/uploads\/2020\/01\/logo-travel3-2020.png","contentUrl":"https:\/\/www.travel3.com.br\/site\/wp-content\/uploads\/2020\/01\/logo-travel3-2020.png","width":232,"height":79,"caption":"Travel3"},"image":{"@id":"https:\/\/www.travel3.com.br\/site\/#\/schema\/logo\/image\/"},"sameAs":["https:\/\/www.facebook.com\/travel3media\/","https:\/\/www.instagram.com\/revistatravel3\/","https:\/\/www.youtube.com\/channel\/UCno7J4paGBR3VbZQzvoJ9Eg"]},{"@type":"Person","@id":"https:\/\/www.travel3.com.br\/site\/#\/schema\/person\/9cff8daac0a2f1aa0799f827b8aa8308","name":"Reda\u00e7\u00e3o Travel3","image":{"@type":"ImageObject","inLanguage":"pt-BR","@id":"https:\/\/www.travel3.com.br\/site\/#\/schema\/person\/image\/","url":"https:\/\/secure.gravatar.com\/avatar\/6e6125525e1f04b7b8c607d71556e490?s=96&d=mm&r=g","contentUrl":"https:\/\/secure.gravatar.com\/avatar\/6e6125525e1f04b7b8c607d71556e490?s=96&d=mm&r=g","caption":"Reda\u00e7\u00e3o Travel3"},"sameAs":["http:\/\/www.travel3.com.br"],"url":"https:\/\/www.travel3.com.br\/site\/author\/redacao2\/"}]}},"_links":{"self":[{"href":"https:\/\/www.travel3.com.br\/site\/wp-json\/wp\/v2\/posts\/43140","targetHints":{"allow":["GET"]}}],"collection":[{"href":"https:\/\/www.travel3.com.br\/site\/wp-json\/wp\/v2\/posts"}],"about":[{"href":"https:\/\/www.travel3.com.br\/site\/wp-json\/wp\/v2\/types\/post"}],"author":[{"embeddable":true,"href":"https:\/\/www.travel3.com.br\/site\/wp-json\/wp\/v2\/users\/6"}],"replies":[{"embeddable":true,"href":"https:\/\/www.travel3.com.br\/site\/wp-json\/wp\/v2\/comments?post=43140"}],"version-history":[{"count":3,"href":"https:\/\/www.travel3.com.br\/site\/wp-json\/wp\/v2\/posts\/43140\/revisions"}],"predecessor-version":[{"id":43167,"href":"https:\/\/www.travel3.com.br\/site\/wp-json\/wp\/v2\/posts\/43140\/revisions\/43167"}],"wp:featuredmedia":[{"embeddable":true,"href":"https:\/\/www.travel3.com.br\/site\/wp-json\/wp\/v2\/media\/43168"}],"wp:attachment":[{"href":"https:\/\/www.travel3.com.br\/site\/wp-json\/wp\/v2\/media?parent=43140"}],"wp:term":[{"taxonomy":"category","embeddable":true,"href":"https:\/\/www.travel3.com.br\/site\/wp-json\/wp\/v2\/categories?post=43140"},{"taxonomy":"post_tag","embeddable":true,"href":"https:\/\/www.travel3.com.br\/site\/wp-json\/wp\/v2\/tags?post=43140"}],"curies":[{"name":"wp","href":"https:\/\/api.w.org\/{rel}","templated":true}]}}