{"id":43133,"date":"2021-10-12T06:28:20","date_gmt":"2021-10-12T09:28:20","guid":{"rendered":"https:\/\/www.travel3.com.br\/?p=43133"},"modified":"2021-10-11T21:28:43","modified_gmt":"2021-10-12T00:28:43","slug":"diversa-leva-agentes-do-sudeste-para-famtour-em-gramado","status":"publish","type":"post","link":"https:\/\/www.travel3.com.br\/site\/acontece-no-turismo\/operadoras\/diversa-leva-agentes-do-sudeste-para-famtour-em-gramado\/","title":{"rendered":"Diversa leva agentes do Sudeste para famtour em Gramado"},"content":{"rendered":"\n<h3 class=\"wp-block-heading\" style=\"text-align:center\">Operadora do Grupo Arbo promoveu viagem em parceria com GJP Hotels e Brocker Turismo<\/h3>\n\n\n\n<p>A Diversa Turismo, do Grupo Arbo, realizou na \u00faltima semana um famtour em Gramado em parceria com a Brocker Turismo e a GJP Hotels &amp; Resorts. 10 agentes de viagens de Minas Gerais, S\u00e3o Paulo e Esp\u00edrito Santo fizeram parte da a\u00e7\u00e3o, que contemplou tamb\u00e9m experi\u00eancias nas cidades vizinhas de Canela e Nova Petr\u00f3polis.<\/p>\n\n\n\n<blockquote class=\"wp-block-quote is-layout-flow wp-block-quote-is-layout-flow\"><p>Viajar ao destino permite que o agente de viagens entenda melhor as particularidades e os encantos locais. E faz parte do DNA da Diversa valorizar e premiar os agentes parceiros com viagens de reconhecimento, nas quais eles podem desfrutar do melhor que cada destino tem a oferecer.<\/p><p>Organizamos este famtour pensando em cada detalhe para nossos agentes aproveitarem as principais atra\u00e7\u00f5es de Gramado e regi\u00e3o, e assim conseguimos vivenciar momentos incr\u00edveis.<\/p><cite>Rosani Aguiar &#8211; Executiva de Contas da Diversa na regi\u00e3o Sul<\/cite><\/blockquote>\n\n\n\n<div class=\"wp-block-image\"><figure class=\"aligncenter\"><img loading=\"lazy\" decoding=\"async\" width=\"1024\" height=\"576\" src=\"https:\/\/www.travel3.com.br\/site\/wp-content\/uploads\/2021\/10\/Diversa_Gramado_5-1024x576.jpeg\" alt=\"Diversa Famtour Gramado\" class=\"wp-image-43134\" srcset=\"https:\/\/www.travel3.com.br\/site\/wp-content\/uploads\/2021\/10\/Diversa_Gramado_5.jpeg 1024w, https:\/\/www.travel3.com.br\/site\/wp-content\/uploads\/2021\/10\/Diversa_Gramado_5-300x169.jpeg 300w, https:\/\/www.travel3.com.br\/site\/wp-content\/uploads\/2021\/10\/Diversa_Gramado_5-768x432.jpeg 768w, https:\/\/www.travel3.com.br\/site\/wp-content\/uploads\/2021\/10\/Diversa_Gramado_5-750x422.jpeg 750w\" sizes=\"auto, (max-width: 1024px) 100vw, 1024px\" \/><figcaption>Foto: Divulga\u00e7\u00e3o<\/figcaption><\/figure><\/div>\n\n\n\n<h2 class=\"wp-block-heading\">Treinamentos + atra\u00e7\u00f5es<\/h2>\n\n\n\n<p>Hospedados no resort Wish Serrano, os agentes tiveram uma programa\u00e7\u00e3o intensa, que incluiu treinamentos exclusivos da Brocker Turismo e da GJP. Em Gramado, atra\u00e7\u00f5es cl\u00e1ssicas como o Bustour, o Museu de Cera, o Harley Motor Show, a Vitivin\u00edcola Jolimont, o Mundo a Vapor e o Olivas de Gramado, primeiro parque de Olivocultura do Brasil, fizeram parte do roteiro.<\/p>\n\n\n\n<blockquote class=\"wp-block-quote is-layout-flow wp-block-quote-is-layout-flow\"><p>Essa a\u00e7\u00e3o proporciona conhecimento sobre o hotel e o destino de forma mais detalhada, para que possamos enriquecer a venda para o cliente. \u00c9 muito importante para n\u00f3s do Wish Resorts que tanto os agentes quanto as operadoras sejam prestigiados.<\/p><cite>Ana Carolina Ocampo &#8211; Executiva de Contas da GJP Hotels &amp; Resorts<\/cite><\/blockquote>\n\n\n\n<p style=\"text-align:center\">Leia mais = <strong><a href=\"https:\/\/www.travel3.com.br\/acontece-no-turismo\/eventos-e-feiras\/diversa-playa-hotels-copa-airlines-promovem-evento-hibrido\/\" target=\"_blank\" rel=\"noreferrer noopener\" aria-label=\"Diversa + Playa Hotels + Copa Airlines promovem evento h\u00edbrido (opens in a new tab)\">Diversa + Playa Hotels + Copa Airlines promovem evento h\u00edbrido<\/a><\/strong><\/p>\n\n\n\n<div class=\"wp-block-image\"><figure class=\"aligncenter\"><img loading=\"lazy\" decoding=\"async\" width=\"1024\" height=\"576\" src=\"https:\/\/www.travel3.com.br\/site\/wp-content\/uploads\/2021\/10\/Diversa_Gamado_4-1024x576.jpeg\" alt=\"Diversa Famtour Gramado\" class=\"wp-image-43136\" srcset=\"https:\/\/www.travel3.com.br\/site\/wp-content\/uploads\/2021\/10\/Diversa_Gamado_4-1024x576.jpeg 1024w, https:\/\/www.travel3.com.br\/site\/wp-content\/uploads\/2021\/10\/Diversa_Gamado_4-300x169.jpeg 300w, https:\/\/www.travel3.com.br\/site\/wp-content\/uploads\/2021\/10\/Diversa_Gamado_4-768x432.jpeg 768w, https:\/\/www.travel3.com.br\/site\/wp-content\/uploads\/2021\/10\/Diversa_Gamado_4-750x422.jpeg 750w, https:\/\/www.travel3.com.br\/site\/wp-content\/uploads\/2021\/10\/Diversa_Gamado_4-1140x641.jpeg 1140w, https:\/\/www.travel3.com.br\/site\/wp-content\/uploads\/2021\/10\/Diversa_Gamado_4.jpeg 1280w\" sizes=\"auto, (max-width: 1024px) 100vw, 1024px\" \/><figcaption>Foto: Divulga\u00e7\u00e3o<\/figcaption><\/figure><\/div>\n\n\n\n<h2 class=\"wp-block-heading\">Canela + Nova Petr\u00f3polis<\/h2>\n\n\n\n<p>O Parque Esculturas Pedra do Sil\u00eancio, a Aldeia do Imigrante, a Pra\u00e7a das Flores e a Casa Sander foram visitados em Nova Petr\u00f3polis, cidade de coloniza\u00e7\u00e3o predominantemente alem\u00e3. J\u00e1 em Canela, os pontos altos foram o passeio no Parque Skyglass e a atra\u00e7\u00e3o P\u00e9 da Cascata Explorer, exclusiva da Brocker Turismo, uma trilha na mata que conduz \u00e0 famosa Cascata do Caracol.<\/p>\n\n\n\n<blockquote class=\"wp-block-quote is-layout-flow wp-block-quote-is-layout-flow\"><p>Esta a\u00e7\u00e3o com a Diversa foi de extrema import\u00e2ncia para podermos mostrar as novidades de um destino que est\u00e1 em constante desenvolvimento, sempre com novas op\u00e7\u00f5es de entretenimento. Essa viv\u00eancia in loco aumenta muito a refer\u00eancia dos agentes tamb\u00e9m sobre aspectos de seguran\u00e7a e organiza\u00e7\u00e3o do destino Serra Ga\u00facha.<\/p><cite>Guilherme Ribeiro &#8211; Coordenador Comercial e Vendas da Brocker Turismo<\/cite><\/blockquote>\n\n\n\n<h3 class=\"wp-block-heading\" style=\"text-align:center\"><a href=\"https:\/\/diversaturismo.com.br\/\" target=\"_blank\" rel=\"noreferrer noopener\" aria-label=\"diversaturismo.com.br (opens in a new tab)\">diversaturismo.com.br<\/a><\/h3>\n","protected":false},"excerpt":{"rendered":"<p>Operadora do Grupo Arbo promoveu viagem em parceria com GJP Hotels e Brocker Turismo A Diversa Turismo, do Grupo Arbo, realizou na \u00faltima semana um famtour em Gramado em parceria com a Brocker Turismo e a GJP Hotels &amp; Resorts. 10 agentes de viagens de Minas Gerais, S\u00e3o Paulo e Esp\u00edrito Santo fizeram parte da [&hellip;]<\/p>\n","protected":false},"author":6,"featured_media":43135,"comment_status":"open","ping_status":"open","sticky":false,"template":"","format":"standard","meta":{"footnotes":""},"categories":[969,226,4],"tags":[2076,728,521],"class_list":["post-43133","post","type-post","status-publish","format-standard","has-post-thumbnail","hentry","category-acontece-no-turismo","category-destaque","category-operadoras","tag-diversa-turismo","tag-famtour","tag-gramado"],"yoast_head":"<!-- This site is optimized with the Yoast SEO plugin v26.2 - https:\/\/yoast.com\/wordpress\/plugins\/seo\/ -->\n<title>Diversa leva agentes do Sudeste para famtour em Gramado - Travel3<\/title>\n<meta name=\"description\" content=\"Diversa leva agentes do Sudeste para famtour em Gramado; operadora do Grupo Arbo promoveu viagem em parceria com GJP Hotels e Brocker Turismo\" \/>\n<meta name=\"robots\" content=\"index, follow, max-snippet:-1, max-image-preview:large, max-video-preview:-1\" \/>\n<link rel=\"canonical\" href=\"https:\/\/www.travel3.com.br\/site\/acontece-no-turismo\/operadoras\/diversa-leva-agentes-do-sudeste-para-famtour-em-gramado\/\" \/>\n<meta property=\"og:locale\" content=\"pt_BR\" \/>\n<meta property=\"og:type\" content=\"article\" \/>\n<meta property=\"og:title\" content=\"Diversa leva agentes do Sudeste para famtour em Gramado - Travel3\" \/>\n<meta property=\"og:description\" content=\"Diversa leva agentes do Sudeste para famtour em Gramado; operadora do Grupo Arbo promoveu viagem em parceria com GJP Hotels e Brocker Turismo\" \/>\n<meta property=\"og:url\" content=\"https:\/\/www.travel3.com.br\/site\/acontece-no-turismo\/operadoras\/diversa-leva-agentes-do-sudeste-para-famtour-em-gramado\/\" \/>\n<meta property=\"og:site_name\" content=\"Travel3\" \/>\n<meta property=\"article:publisher\" content=\"https:\/\/www.facebook.com\/travel3media\/\" \/>\n<meta property=\"article:published_time\" content=\"2021-10-12T09:28:20+00:00\" \/>\n<meta property=\"og:image\" content=\"https:\/\/www.travel3.com.br\/site\/wp-content\/uploads\/2021\/10\/Diversa_Gramado_1.jpeg\" \/>\n\t<meta property=\"og:image:width\" content=\"1156\" \/>\n\t<meta property=\"og:image:height\" content=\"867\" \/>\n\t<meta property=\"og:image:type\" content=\"image\/jpeg\" \/>\n<meta name=\"author\" content=\"Reda\u00e7\u00e3o Travel3\" \/>\n<meta name=\"twitter:card\" content=\"summary_large_image\" \/>\n<meta name=\"twitter:label1\" content=\"Escrito por\" \/>\n\t<meta name=\"twitter:data1\" content=\"Reda\u00e7\u00e3o Travel3\" \/>\n\t<meta name=\"twitter:label2\" content=\"Est. tempo de leitura\" \/>\n\t<meta name=\"twitter:data2\" content=\"2 minutos\" \/>\n<script type=\"application\/ld+json\" class=\"yoast-schema-graph\">{\"@context\":\"https:\/\/schema.org\",\"@graph\":[{\"@type\":\"Article\",\"@id\":\"https:\/\/www.travel3.com.br\/site\/acontece-no-turismo\/operadoras\/diversa-leva-agentes-do-sudeste-para-famtour-em-gramado\/#article\",\"isPartOf\":{\"@id\":\"https:\/\/www.travel3.com.br\/site\/acontece-no-turismo\/operadoras\/diversa-leva-agentes-do-sudeste-para-famtour-em-gramado\/\"},\"author\":{\"name\":\"Reda\u00e7\u00e3o Travel3\",\"@id\":\"https:\/\/www.travel3.com.br\/site\/#\/schema\/person\/9cff8daac0a2f1aa0799f827b8aa8308\"},\"headline\":\"Diversa leva agentes do Sudeste para famtour em Gramado\",\"datePublished\":\"2021-10-12T09:28:20+00:00\",\"mainEntityOfPage\":{\"@id\":\"https:\/\/www.travel3.com.br\/site\/acontece-no-turismo\/operadoras\/diversa-leva-agentes-do-sudeste-para-famtour-em-gramado\/\"},\"wordCount\":444,\"commentCount\":0,\"publisher\":{\"@id\":\"https:\/\/www.travel3.com.br\/site\/#organization\"},\"image\":{\"@id\":\"https:\/\/www.travel3.com.br\/site\/acontece-no-turismo\/operadoras\/diversa-leva-agentes-do-sudeste-para-famtour-em-gramado\/#primaryimage\"},\"thumbnailUrl\":\"https:\/\/www.travel3.com.br\/site\/wp-content\/uploads\/2021\/10\/Diversa_Gramado_1.jpeg\",\"keywords\":[\"Diversa Turismo\",\"famtour\",\"gramado\"],\"articleSection\":[\"Acontece no Turismo\",\"Destaque\",\"Operadoras\"],\"inLanguage\":\"pt-BR\",\"potentialAction\":[{\"@type\":\"CommentAction\",\"name\":\"Comment\",\"target\":[\"https:\/\/www.travel3.com.br\/site\/acontece-no-turismo\/operadoras\/diversa-leva-agentes-do-sudeste-para-famtour-em-gramado\/#respond\"]}]},{\"@type\":\"WebPage\",\"@id\":\"https:\/\/www.travel3.com.br\/site\/acontece-no-turismo\/operadoras\/diversa-leva-agentes-do-sudeste-para-famtour-em-gramado\/\",\"url\":\"https:\/\/www.travel3.com.br\/site\/acontece-no-turismo\/operadoras\/diversa-leva-agentes-do-sudeste-para-famtour-em-gramado\/\",\"name\":\"Diversa leva agentes do Sudeste para famtour em Gramado - Travel3\",\"isPartOf\":{\"@id\":\"https:\/\/www.travel3.com.br\/site\/#website\"},\"primaryImageOfPage\":{\"@id\":\"https:\/\/www.travel3.com.br\/site\/acontece-no-turismo\/operadoras\/diversa-leva-agentes-do-sudeste-para-famtour-em-gramado\/#primaryimage\"},\"image\":{\"@id\":\"https:\/\/www.travel3.com.br\/site\/acontece-no-turismo\/operadoras\/diversa-leva-agentes-do-sudeste-para-famtour-em-gramado\/#primaryimage\"},\"thumbnailUrl\":\"https:\/\/www.travel3.com.br\/site\/wp-content\/uploads\/2021\/10\/Diversa_Gramado_1.jpeg\",\"datePublished\":\"2021-10-12T09:28:20+00:00\",\"description\":\"Diversa leva agentes do Sudeste para famtour em Gramado; operadora do Grupo Arbo promoveu viagem em parceria com GJP Hotels e Brocker Turismo\",\"breadcrumb\":{\"@id\":\"https:\/\/www.travel3.com.br\/site\/acontece-no-turismo\/operadoras\/diversa-leva-agentes-do-sudeste-para-famtour-em-gramado\/#breadcrumb\"},\"inLanguage\":\"pt-BR\",\"potentialAction\":[{\"@type\":\"ReadAction\",\"target\":[\"https:\/\/www.travel3.com.br\/site\/acontece-no-turismo\/operadoras\/diversa-leva-agentes-do-sudeste-para-famtour-em-gramado\/\"]}]},{\"@type\":\"ImageObject\",\"inLanguage\":\"pt-BR\",\"@id\":\"https:\/\/www.travel3.com.br\/site\/acontece-no-turismo\/operadoras\/diversa-leva-agentes-do-sudeste-para-famtour-em-gramado\/#primaryimage\",\"url\":\"https:\/\/www.travel3.com.br\/site\/wp-content\/uploads\/2021\/10\/Diversa_Gramado_1.jpeg\",\"contentUrl\":\"https:\/\/www.travel3.com.br\/site\/wp-content\/uploads\/2021\/10\/Diversa_Gramado_1.jpeg\",\"width\":1156,\"height\":867,\"caption\":\"Participantes do famtour \u00e0 frente do hotel Wish Serrano (Foto: Divulga\u00e7\u00e3o)\"},{\"@type\":\"BreadcrumbList\",\"@id\":\"https:\/\/www.travel3.com.br\/site\/acontece-no-turismo\/operadoras\/diversa-leva-agentes-do-sudeste-para-famtour-em-gramado\/#breadcrumb\",\"itemListElement\":[{\"@type\":\"ListItem\",\"position\":1,\"name\":\"In\u00edcio\",\"item\":\"https:\/\/www.travel3.com.br\/site\/\"},{\"@type\":\"ListItem\",\"position\":2,\"name\":\"Diversa leva agentes do Sudeste para famtour em Gramado\"}]},{\"@type\":\"WebSite\",\"@id\":\"https:\/\/www.travel3.com.br\/site\/#website\",\"url\":\"https:\/\/www.travel3.com.br\/site\/\",\"name\":\"Travel3\",\"description\":\"Lazer + Neg&oacute;cios + Aventura\",\"publisher\":{\"@id\":\"https:\/\/www.travel3.com.br\/site\/#organization\"},\"potentialAction\":[{\"@type\":\"SearchAction\",\"target\":{\"@type\":\"EntryPoint\",\"urlTemplate\":\"https:\/\/www.travel3.com.br\/site\/?s={search_term_string}\"},\"query-input\":{\"@type\":\"PropertyValueSpecification\",\"valueRequired\":true,\"valueName\":\"search_term_string\"}}],\"inLanguage\":\"pt-BR\"},{\"@type\":\"Organization\",\"@id\":\"https:\/\/www.travel3.com.br\/site\/#organization\",\"name\":\"Travel3\",\"url\":\"https:\/\/www.travel3.com.br\/site\/\",\"logo\":{\"@type\":\"ImageObject\",\"inLanguage\":\"pt-BR\",\"@id\":\"https:\/\/www.travel3.com.br\/site\/#\/schema\/logo\/image\/\",\"url\":\"https:\/\/www.travel3.com.br\/site\/wp-content\/uploads\/2020\/01\/logo-travel3-2020.png\",\"contentUrl\":\"https:\/\/www.travel3.com.br\/site\/wp-content\/uploads\/2020\/01\/logo-travel3-2020.png\",\"width\":232,\"height\":79,\"caption\":\"Travel3\"},\"image\":{\"@id\":\"https:\/\/www.travel3.com.br\/site\/#\/schema\/logo\/image\/\"},\"sameAs\":[\"https:\/\/www.facebook.com\/travel3media\/\",\"https:\/\/www.instagram.com\/revistatravel3\/\",\"https:\/\/www.youtube.com\/channel\/UCno7J4paGBR3VbZQzvoJ9Eg\"]},{\"@type\":\"Person\",\"@id\":\"https:\/\/www.travel3.com.br\/site\/#\/schema\/person\/9cff8daac0a2f1aa0799f827b8aa8308\",\"name\":\"Reda\u00e7\u00e3o Travel3\",\"image\":{\"@type\":\"ImageObject\",\"inLanguage\":\"pt-BR\",\"@id\":\"https:\/\/www.travel3.com.br\/site\/#\/schema\/person\/image\/\",\"url\":\"https:\/\/secure.gravatar.com\/avatar\/6e6125525e1f04b7b8c607d71556e490?s=96&d=mm&r=g\",\"contentUrl\":\"https:\/\/secure.gravatar.com\/avatar\/6e6125525e1f04b7b8c607d71556e490?s=96&d=mm&r=g\",\"caption\":\"Reda\u00e7\u00e3o Travel3\"},\"sameAs\":[\"http:\/\/www.travel3.com.br\"],\"url\":\"https:\/\/www.travel3.com.br\/site\/author\/redacao2\/\"}]}<\/script>\n<!-- \/ Yoast SEO plugin. -->","yoast_head_json":{"title":"Diversa leva agentes do Sudeste para famtour em Gramado - Travel3","description":"Diversa leva agentes do Sudeste para famtour em Gramado; operadora do Grupo Arbo promoveu viagem em parceria com GJP Hotels e Brocker Turismo","robots":{"index":"index","follow":"follow","max-snippet":"max-snippet:-1","max-image-preview":"max-image-preview:large","max-video-preview":"max-video-preview:-1"},"canonical":"https:\/\/www.travel3.com.br\/site\/acontece-no-turismo\/operadoras\/diversa-leva-agentes-do-sudeste-para-famtour-em-gramado\/","og_locale":"pt_BR","og_type":"article","og_title":"Diversa leva agentes do Sudeste para famtour em Gramado - Travel3","og_description":"Diversa leva agentes do Sudeste para famtour em Gramado; operadora do Grupo Arbo promoveu viagem em parceria com GJP Hotels e Brocker Turismo","og_url":"https:\/\/www.travel3.com.br\/site\/acontece-no-turismo\/operadoras\/diversa-leva-agentes-do-sudeste-para-famtour-em-gramado\/","og_site_name":"Travel3","article_publisher":"https:\/\/www.facebook.com\/travel3media\/","article_published_time":"2021-10-12T09:28:20+00:00","og_image":[{"width":1156,"height":867,"url":"https:\/\/www.travel3.com.br\/site\/wp-content\/uploads\/2021\/10\/Diversa_Gramado_1.jpeg","type":"image\/jpeg"}],"author":"Reda\u00e7\u00e3o Travel3","twitter_card":"summary_large_image","twitter_misc":{"Escrito por":"Reda\u00e7\u00e3o Travel3","Est. tempo de leitura":"2 minutos"},"schema":{"@context":"https:\/\/schema.org","@graph":[{"@type":"Article","@id":"https:\/\/www.travel3.com.br\/site\/acontece-no-turismo\/operadoras\/diversa-leva-agentes-do-sudeste-para-famtour-em-gramado\/#article","isPartOf":{"@id":"https:\/\/www.travel3.com.br\/site\/acontece-no-turismo\/operadoras\/diversa-leva-agentes-do-sudeste-para-famtour-em-gramado\/"},"author":{"name":"Reda\u00e7\u00e3o Travel3","@id":"https:\/\/www.travel3.com.br\/site\/#\/schema\/person\/9cff8daac0a2f1aa0799f827b8aa8308"},"headline":"Diversa leva agentes do Sudeste para famtour em Gramado","datePublished":"2021-10-12T09:28:20+00:00","mainEntityOfPage":{"@id":"https:\/\/www.travel3.com.br\/site\/acontece-no-turismo\/operadoras\/diversa-leva-agentes-do-sudeste-para-famtour-em-gramado\/"},"wordCount":444,"commentCount":0,"publisher":{"@id":"https:\/\/www.travel3.com.br\/site\/#organization"},"image":{"@id":"https:\/\/www.travel3.com.br\/site\/acontece-no-turismo\/operadoras\/diversa-leva-agentes-do-sudeste-para-famtour-em-gramado\/#primaryimage"},"thumbnailUrl":"https:\/\/www.travel3.com.br\/site\/wp-content\/uploads\/2021\/10\/Diversa_Gramado_1.jpeg","keywords":["Diversa Turismo","famtour","gramado"],"articleSection":["Acontece no Turismo","Destaque","Operadoras"],"inLanguage":"pt-BR","potentialAction":[{"@type":"CommentAction","name":"Comment","target":["https:\/\/www.travel3.com.br\/site\/acontece-no-turismo\/operadoras\/diversa-leva-agentes-do-sudeste-para-famtour-em-gramado\/#respond"]}]},{"@type":"WebPage","@id":"https:\/\/www.travel3.com.br\/site\/acontece-no-turismo\/operadoras\/diversa-leva-agentes-do-sudeste-para-famtour-em-gramado\/","url":"https:\/\/www.travel3.com.br\/site\/acontece-no-turismo\/operadoras\/diversa-leva-agentes-do-sudeste-para-famtour-em-gramado\/","name":"Diversa leva agentes do Sudeste para famtour em Gramado - Travel3","isPartOf":{"@id":"https:\/\/www.travel3.com.br\/site\/#website"},"primaryImageOfPage":{"@id":"https:\/\/www.travel3.com.br\/site\/acontece-no-turismo\/operadoras\/diversa-leva-agentes-do-sudeste-para-famtour-em-gramado\/#primaryimage"},"image":{"@id":"https:\/\/www.travel3.com.br\/site\/acontece-no-turismo\/operadoras\/diversa-leva-agentes-do-sudeste-para-famtour-em-gramado\/#primaryimage"},"thumbnailUrl":"https:\/\/www.travel3.com.br\/site\/wp-content\/uploads\/2021\/10\/Diversa_Gramado_1.jpeg","datePublished":"2021-10-12T09:28:20+00:00","description":"Diversa leva agentes do Sudeste para famtour em Gramado; operadora do Grupo Arbo promoveu viagem em parceria com GJP Hotels e Brocker Turismo","breadcrumb":{"@id":"https:\/\/www.travel3.com.br\/site\/acontece-no-turismo\/operadoras\/diversa-leva-agentes-do-sudeste-para-famtour-em-gramado\/#breadcrumb"},"inLanguage":"pt-BR","potentialAction":[{"@type":"ReadAction","target":["https:\/\/www.travel3.com.br\/site\/acontece-no-turismo\/operadoras\/diversa-leva-agentes-do-sudeste-para-famtour-em-gramado\/"]}]},{"@type":"ImageObject","inLanguage":"pt-BR","@id":"https:\/\/www.travel3.com.br\/site\/acontece-no-turismo\/operadoras\/diversa-leva-agentes-do-sudeste-para-famtour-em-gramado\/#primaryimage","url":"https:\/\/www.travel3.com.br\/site\/wp-content\/uploads\/2021\/10\/Diversa_Gramado_1.jpeg","contentUrl":"https:\/\/www.travel3.com.br\/site\/wp-content\/uploads\/2021\/10\/Diversa_Gramado_1.jpeg","width":1156,"height":867,"caption":"Participantes do famtour \u00e0 frente do hotel Wish Serrano (Foto: Divulga\u00e7\u00e3o)"},{"@type":"BreadcrumbList","@id":"https:\/\/www.travel3.com.br\/site\/acontece-no-turismo\/operadoras\/diversa-leva-agentes-do-sudeste-para-famtour-em-gramado\/#breadcrumb","itemListElement":[{"@type":"ListItem","position":1,"name":"In\u00edcio","item":"https:\/\/www.travel3.com.br\/site\/"},{"@type":"ListItem","position":2,"name":"Diversa leva agentes do Sudeste para famtour em Gramado"}]},{"@type":"WebSite","@id":"https:\/\/www.travel3.com.br\/site\/#website","url":"https:\/\/www.travel3.com.br\/site\/","name":"Travel3","description":"Lazer + Neg&oacute;cios + Aventura","publisher":{"@id":"https:\/\/www.travel3.com.br\/site\/#organization"},"potentialAction":[{"@type":"SearchAction","target":{"@type":"EntryPoint","urlTemplate":"https:\/\/www.travel3.com.br\/site\/?s={search_term_string}"},"query-input":{"@type":"PropertyValueSpecification","valueRequired":true,"valueName":"search_term_string"}}],"inLanguage":"pt-BR"},{"@type":"Organization","@id":"https:\/\/www.travel3.com.br\/site\/#organization","name":"Travel3","url":"https:\/\/www.travel3.com.br\/site\/","logo":{"@type":"ImageObject","inLanguage":"pt-BR","@id":"https:\/\/www.travel3.com.br\/site\/#\/schema\/logo\/image\/","url":"https:\/\/www.travel3.com.br\/site\/wp-content\/uploads\/2020\/01\/logo-travel3-2020.png","contentUrl":"https:\/\/www.travel3.com.br\/site\/wp-content\/uploads\/2020\/01\/logo-travel3-2020.png","width":232,"height":79,"caption":"Travel3"},"image":{"@id":"https:\/\/www.travel3.com.br\/site\/#\/schema\/logo\/image\/"},"sameAs":["https:\/\/www.facebook.com\/travel3media\/","https:\/\/www.instagram.com\/revistatravel3\/","https:\/\/www.youtube.com\/channel\/UCno7J4paGBR3VbZQzvoJ9Eg"]},{"@type":"Person","@id":"https:\/\/www.travel3.com.br\/site\/#\/schema\/person\/9cff8daac0a2f1aa0799f827b8aa8308","name":"Reda\u00e7\u00e3o Travel3","image":{"@type":"ImageObject","inLanguage":"pt-BR","@id":"https:\/\/www.travel3.com.br\/site\/#\/schema\/person\/image\/","url":"https:\/\/secure.gravatar.com\/avatar\/6e6125525e1f04b7b8c607d71556e490?s=96&d=mm&r=g","contentUrl":"https:\/\/secure.gravatar.com\/avatar\/6e6125525e1f04b7b8c607d71556e490?s=96&d=mm&r=g","caption":"Reda\u00e7\u00e3o Travel3"},"sameAs":["http:\/\/www.travel3.com.br"],"url":"https:\/\/www.travel3.com.br\/site\/author\/redacao2\/"}]}},"_links":{"self":[{"href":"https:\/\/www.travel3.com.br\/site\/wp-json\/wp\/v2\/posts\/43133","targetHints":{"allow":["GET"]}}],"collection":[{"href":"https:\/\/www.travel3.com.br\/site\/wp-json\/wp\/v2\/posts"}],"about":[{"href":"https:\/\/www.travel3.com.br\/site\/wp-json\/wp\/v2\/types\/post"}],"author":[{"embeddable":true,"href":"https:\/\/www.travel3.com.br\/site\/wp-json\/wp\/v2\/users\/6"}],"replies":[{"embeddable":true,"href":"https:\/\/www.travel3.com.br\/site\/wp-json\/wp\/v2\/comments?post=43133"}],"version-history":[{"count":2,"href":"https:\/\/www.travel3.com.br\/site\/wp-json\/wp\/v2\/posts\/43133\/revisions"}],"predecessor-version":[{"id":43139,"href":"https:\/\/www.travel3.com.br\/site\/wp-json\/wp\/v2\/posts\/43133\/revisions\/43139"}],"wp:featuredmedia":[{"embeddable":true,"href":"https:\/\/www.travel3.com.br\/site\/wp-json\/wp\/v2\/media\/43135"}],"wp:attachment":[{"href":"https:\/\/www.travel3.com.br\/site\/wp-json\/wp\/v2\/media?parent=43133"}],"wp:term":[{"taxonomy":"category","embeddable":true,"href":"https:\/\/www.travel3.com.br\/site\/wp-json\/wp\/v2\/categories?post=43133"},{"taxonomy":"post_tag","embeddable":true,"href":"https:\/\/www.travel3.com.br\/site\/wp-json\/wp\/v2\/tags?post=43133"}],"curies":[{"name":"wp","href":"https:\/\/api.w.org\/{rel}","templated":true}]}}