{"id":4284,"date":"2017-08-19T17:04:50","date_gmt":"2017-08-19T17:04:50","guid":{"rendered":"http:\/\/www.travel3.com.br\/site\/ir-e-vir\/ar\/feira-de-aviacao-labace-comeca-nesta-terca-feira-30-em-sao-paulo\/"},"modified":"2017-08-19T17:04:50","modified_gmt":"2017-08-19T17:04:50","slug":"feira-de-aviacao-labace-comeca-nesta-terca-feira-30-em-sao-paulo","status":"publish","type":"post","link":"https:\/\/www.travel3.com.br\/site\/sem-categoria\/feira-de-aviacao-labace-comeca-nesta-terca-feira-30-em-sao-paulo\/","title":{"rendered":"FEIRA DE AVIA\u00c7\u00c3O LABACE COME\u00c7A NESTA TER\u00c7A-FEIRA (30) EM S\u00c3O PAULO"},"content":{"rendered":"<p><span style=\"color: #40acad; font-family: -apple-system, system-ui, 'Segoe UI', Roboto, Oxygen-Sans, Ubuntu, Cantarell, 'Helvetica Neue', sans-serif; font-size: 12px; font-weight: bold;\"><\/p>\n<p>A 13\u00aa edi\u00e7\u00e3o da Labace (Latin American Business Aviation Conference &#038; Exhibition) come\u00e7a hoje (30), no Aeroporto de Congonhas, em S\u00e3o Paulo, e vai at\u00e9 1\u00ba de setembro. O evento apresenta as principais novidades da avia\u00e7\u00e3o executiva com 130 marcas e 43 aeronaves expostas.<\/p>\n<p>O segmento espera uma retomada dos neg\u00f3cios neste segundo semestre. \u201cA aeronave \u00e9 uma ferramenta de trabalho para o executivo que precisa percorrer longas dist\u00e2ncias em um pa\u00eds continental como o nosso, ent\u00e3o mesmo quem precisou vender no auge da crise, volta a comprar porque precisa\u201d, diz Leonardo Fiuza, presidente do Conselho Administrativo da ABAG (Associa\u00e7\u00e3o Brasileira de Avia\u00e7\u00e3o Geral).\u00a0<\/p>\n<p>Um estudo da entidade revela que a frota brasileira de avia\u00e7\u00e3o geral cresceu 1,2% no ano passado, em compara\u00e7\u00e3o com o ano de 2014, e continua sendo a segunda maior do mundo, perdendo apenas para os Estados Unidos.<\/p>\n<p>De acordo com o diretor-geral da ABAG, Ricardo Nogueira, a regi\u00e3o Centro-Oeste, impulsionada pelo agroneg\u00f3cio, foi a \u00a0que apresentou maior crescimento da frota: 3,6%. A lista segue com a regi\u00e3o Norte, com aumento de 3%, e Sul, com 2,6%. \u201cO Sudeste registrou uma diminui\u00e7\u00e3o da frota em 1,1%, gra\u00e7as a um movimento de exporta\u00e7\u00e3o de aeronaves, motivado pela desvaloriza\u00e7\u00e3o do real frente ao d\u00f3lar\u201d, afirma o executivo. \u00a0<\/p>\n<p>O evento ser\u00e1 aberto \u00e0s 10h30 para autoridades do setor, imprensa e convidados. Depois a feira ficar\u00e1 aberta das 12h \u00e0s 20.O mesmo hor\u00e1rio vale para o funcionamento da Labace na quarta-feira (31). Na quinta (1) a feira termina \u00e0s 19h.<\/p>\n<p>Mais informa\u00e7\u00f5es sobre ingressos e descontos para estudantes ou pilotos em\u00a0http:\/\/www.abag.org.br\/labace2016\/visitantes.html<\/p>\n<p><\/span><\/p>\n","protected":false},"excerpt":{"rendered":"<p>Evento no aeroporto de Congonhas ter\u00e1 mais de 40 aeronaves expostas e 130 marcas de todo o mundo em tr\u00eas dias de feira<\/p>\n","protected":false},"author":1,"featured_media":0,"comment_status":"open","ping_status":"open","sticky":false,"template":"","format":"standard","meta":{"footnotes":""},"categories":[],"tags":[],"class_list":["post-4284","post","type-post","status-publish","format-standard","hentry"],"yoast_head":"<!-- This site is optimized with the Yoast SEO plugin v26.2 - https:\/\/yoast.com\/wordpress\/plugins\/seo\/ -->\n<title>FEIRA DE AVIA\u00c7\u00c3O LABACE COME\u00c7A NESTA TER\u00c7A-FEIRA (30) EM S\u00c3O PAULO - Travel3<\/title>\n<meta name=\"description\" content=\"A TRAVEL3 \u00e9 um portal de conte\u00fado voltado para o turismo, encontre destinos, viagens, hospedagem, passagens, guias, not\u00edcias sobre o mercado do turismo, dicas de viagem, v\u00eddeos e podcast.\" \/>\n<meta name=\"robots\" content=\"index, follow, max-snippet:-1, max-image-preview:large, max-video-preview:-1\" \/>\n<link rel=\"canonical\" href=\"https:\/\/www.travel3.com.br\/site\/sem-categoria\/feira-de-aviacao-labace-comeca-nesta-terca-feira-30-em-sao-paulo\/\" \/>\n<meta property=\"og:locale\" content=\"pt_BR\" \/>\n<meta property=\"og:type\" content=\"article\" \/>\n<meta property=\"og:title\" content=\"FEIRA DE AVIA\u00c7\u00c3O LABACE COME\u00c7A NESTA TER\u00c7A-FEIRA (30) EM S\u00c3O PAULO - Travel3\" \/>\n<meta property=\"og:description\" content=\"A TRAVEL3 \u00e9 um portal de conte\u00fado voltado para o turismo, encontre destinos, viagens, hospedagem, passagens, guias, not\u00edcias sobre o mercado do turismo, dicas de viagem, v\u00eddeos e podcast.\" \/>\n<meta property=\"og:url\" content=\"https:\/\/www.travel3.com.br\/site\/sem-categoria\/feira-de-aviacao-labace-comeca-nesta-terca-feira-30-em-sao-paulo\/\" \/>\n<meta property=\"og:site_name\" content=\"Travel3\" \/>\n<meta property=\"article:publisher\" content=\"https:\/\/www.facebook.com\/travel3media\/\" \/>\n<meta property=\"article:published_time\" content=\"2017-08-19T17:04:50+00:00\" \/>\n<meta name=\"author\" content=\"admin\" \/>\n<meta name=\"twitter:card\" content=\"summary_large_image\" \/>\n<meta name=\"twitter:label1\" content=\"Escrito por\" \/>\n\t<meta name=\"twitter:data1\" content=\"admin\" \/>\n\t<meta name=\"twitter:label2\" content=\"Est. tempo de leitura\" \/>\n\t<meta name=\"twitter:data2\" content=\"1 minuto\" \/>\n<script type=\"application\/ld+json\" class=\"yoast-schema-graph\">{\"@context\":\"https:\/\/schema.org\",\"@graph\":[{\"@type\":\"Article\",\"@id\":\"https:\/\/www.travel3.com.br\/site\/sem-categoria\/feira-de-aviacao-labace-comeca-nesta-terca-feira-30-em-sao-paulo\/#article\",\"isPartOf\":{\"@id\":\"https:\/\/www.travel3.com.br\/site\/sem-categoria\/feira-de-aviacao-labace-comeca-nesta-terca-feira-30-em-sao-paulo\/\"},\"author\":{\"name\":\"admin\",\"@id\":\"https:\/\/www.travel3.com.br\/site\/#\/schema\/person\/a69d71e41a024999b6ab82369ac0bd1e\"},\"headline\":\"FEIRA DE AVIA\u00c7\u00c3O LABACE COME\u00c7A NESTA TER\u00c7A-FEIRA (30) EM S\u00c3O PAULO\",\"datePublished\":\"2017-08-19T17:04:50+00:00\",\"mainEntityOfPage\":{\"@id\":\"https:\/\/www.travel3.com.br\/site\/sem-categoria\/feira-de-aviacao-labace-comeca-nesta-terca-feira-30-em-sao-paulo\/\"},\"wordCount\":290,\"commentCount\":0,\"publisher\":{\"@id\":\"https:\/\/www.travel3.com.br\/site\/#organization\"},\"inLanguage\":\"pt-BR\",\"potentialAction\":[{\"@type\":\"CommentAction\",\"name\":\"Comment\",\"target\":[\"https:\/\/www.travel3.com.br\/site\/sem-categoria\/feira-de-aviacao-labace-comeca-nesta-terca-feira-30-em-sao-paulo\/#respond\"]}]},{\"@type\":\"WebPage\",\"@id\":\"https:\/\/www.travel3.com.br\/site\/sem-categoria\/feira-de-aviacao-labace-comeca-nesta-terca-feira-30-em-sao-paulo\/\",\"url\":\"https:\/\/www.travel3.com.br\/site\/sem-categoria\/feira-de-aviacao-labace-comeca-nesta-terca-feira-30-em-sao-paulo\/\",\"name\":\"FEIRA DE AVIA\u00c7\u00c3O LABACE COME\u00c7A NESTA TER\u00c7A-FEIRA (30) EM S\u00c3O PAULO - Travel3\",\"isPartOf\":{\"@id\":\"https:\/\/www.travel3.com.br\/site\/#website\"},\"datePublished\":\"2017-08-19T17:04:50+00:00\",\"description\":\"A TRAVEL3 \u00e9 um portal de conte\u00fado voltado para o turismo, encontre destinos, viagens, hospedagem, passagens, guias, not\u00edcias sobre o mercado do turismo, dicas de viagem, v\u00eddeos e podcast.\",\"breadcrumb\":{\"@id\":\"https:\/\/www.travel3.com.br\/site\/sem-categoria\/feira-de-aviacao-labace-comeca-nesta-terca-feira-30-em-sao-paulo\/#breadcrumb\"},\"inLanguage\":\"pt-BR\",\"potentialAction\":[{\"@type\":\"ReadAction\",\"target\":[\"https:\/\/www.travel3.com.br\/site\/sem-categoria\/feira-de-aviacao-labace-comeca-nesta-terca-feira-30-em-sao-paulo\/\"]}]},{\"@type\":\"BreadcrumbList\",\"@id\":\"https:\/\/www.travel3.com.br\/site\/sem-categoria\/feira-de-aviacao-labace-comeca-nesta-terca-feira-30-em-sao-paulo\/#breadcrumb\",\"itemListElement\":[{\"@type\":\"ListItem\",\"position\":1,\"name\":\"In\u00edcio\",\"item\":\"https:\/\/www.travel3.com.br\/site\/\"},{\"@type\":\"ListItem\",\"position\":2,\"name\":\"FEIRA DE AVIA\u00c7\u00c3O LABACE COME\u00c7A NESTA TER\u00c7A-FEIRA (30) EM S\u00c3O PAULO\"}]},{\"@type\":\"WebSite\",\"@id\":\"https:\/\/www.travel3.com.br\/site\/#website\",\"url\":\"https:\/\/www.travel3.com.br\/site\/\",\"name\":\"Travel3\",\"description\":\"Lazer + Neg&oacute;cios + Aventura\",\"publisher\":{\"@id\":\"https:\/\/www.travel3.com.br\/site\/#organization\"},\"potentialAction\":[{\"@type\":\"SearchAction\",\"target\":{\"@type\":\"EntryPoint\",\"urlTemplate\":\"https:\/\/www.travel3.com.br\/site\/?s={search_term_string}\"},\"query-input\":{\"@type\":\"PropertyValueSpecification\",\"valueRequired\":true,\"valueName\":\"search_term_string\"}}],\"inLanguage\":\"pt-BR\"},{\"@type\":\"Organization\",\"@id\":\"https:\/\/www.travel3.com.br\/site\/#organization\",\"name\":\"Travel3\",\"url\":\"https:\/\/www.travel3.com.br\/site\/\",\"logo\":{\"@type\":\"ImageObject\",\"inLanguage\":\"pt-BR\",\"@id\":\"https:\/\/www.travel3.com.br\/site\/#\/schema\/logo\/image\/\",\"url\":\"https:\/\/www.travel3.com.br\/site\/wp-content\/uploads\/2020\/01\/logo-travel3-2020.png\",\"contentUrl\":\"https:\/\/www.travel3.com.br\/site\/wp-content\/uploads\/2020\/01\/logo-travel3-2020.png\",\"width\":232,\"height\":79,\"caption\":\"Travel3\"},\"image\":{\"@id\":\"https:\/\/www.travel3.com.br\/site\/#\/schema\/logo\/image\/\"},\"sameAs\":[\"https:\/\/www.facebook.com\/travel3media\/\",\"https:\/\/www.instagram.com\/revistatravel3\/\",\"https:\/\/www.youtube.com\/channel\/UCno7J4paGBR3VbZQzvoJ9Eg\"]},{\"@type\":\"Person\",\"@id\":\"https:\/\/www.travel3.com.br\/site\/#\/schema\/person\/a69d71e41a024999b6ab82369ac0bd1e\",\"name\":\"admin\",\"image\":{\"@type\":\"ImageObject\",\"inLanguage\":\"pt-BR\",\"@id\":\"https:\/\/www.travel3.com.br\/site\/#\/schema\/person\/image\/\",\"url\":\"https:\/\/secure.gravatar.com\/avatar\/732a67adfd764da2a47ba10ce731c4c0?s=96&d=mm&r=g\",\"contentUrl\":\"https:\/\/secure.gravatar.com\/avatar\/732a67adfd764da2a47ba10ce731c4c0?s=96&d=mm&r=g\",\"caption\":\"admin\"},\"url\":\"https:\/\/www.travel3.com.br\/site\/author\/admin\/\"}]}<\/script>\n<!-- \/ Yoast SEO plugin. -->","yoast_head_json":{"title":"FEIRA DE AVIA\u00c7\u00c3O LABACE COME\u00c7A NESTA TER\u00c7A-FEIRA (30) EM S\u00c3O PAULO - Travel3","description":"A TRAVEL3 \u00e9 um portal de conte\u00fado voltado para o turismo, encontre destinos, viagens, hospedagem, passagens, guias, not\u00edcias sobre o mercado do turismo, dicas de viagem, v\u00eddeos e podcast.","robots":{"index":"index","follow":"follow","max-snippet":"max-snippet:-1","max-image-preview":"max-image-preview:large","max-video-preview":"max-video-preview:-1"},"canonical":"https:\/\/www.travel3.com.br\/site\/sem-categoria\/feira-de-aviacao-labace-comeca-nesta-terca-feira-30-em-sao-paulo\/","og_locale":"pt_BR","og_type":"article","og_title":"FEIRA DE AVIA\u00c7\u00c3O LABACE COME\u00c7A NESTA TER\u00c7A-FEIRA (30) EM S\u00c3O PAULO - Travel3","og_description":"A TRAVEL3 \u00e9 um portal de conte\u00fado voltado para o turismo, encontre destinos, viagens, hospedagem, passagens, guias, not\u00edcias sobre o mercado do turismo, dicas de viagem, v\u00eddeos e podcast.","og_url":"https:\/\/www.travel3.com.br\/site\/sem-categoria\/feira-de-aviacao-labace-comeca-nesta-terca-feira-30-em-sao-paulo\/","og_site_name":"Travel3","article_publisher":"https:\/\/www.facebook.com\/travel3media\/","article_published_time":"2017-08-19T17:04:50+00:00","author":"admin","twitter_card":"summary_large_image","twitter_misc":{"Escrito por":"admin","Est. tempo de leitura":"1 minuto"},"schema":{"@context":"https:\/\/schema.org","@graph":[{"@type":"Article","@id":"https:\/\/www.travel3.com.br\/site\/sem-categoria\/feira-de-aviacao-labace-comeca-nesta-terca-feira-30-em-sao-paulo\/#article","isPartOf":{"@id":"https:\/\/www.travel3.com.br\/site\/sem-categoria\/feira-de-aviacao-labace-comeca-nesta-terca-feira-30-em-sao-paulo\/"},"author":{"name":"admin","@id":"https:\/\/www.travel3.com.br\/site\/#\/schema\/person\/a69d71e41a024999b6ab82369ac0bd1e"},"headline":"FEIRA DE AVIA\u00c7\u00c3O LABACE COME\u00c7A NESTA TER\u00c7A-FEIRA (30) EM S\u00c3O PAULO","datePublished":"2017-08-19T17:04:50+00:00","mainEntityOfPage":{"@id":"https:\/\/www.travel3.com.br\/site\/sem-categoria\/feira-de-aviacao-labace-comeca-nesta-terca-feira-30-em-sao-paulo\/"},"wordCount":290,"commentCount":0,"publisher":{"@id":"https:\/\/www.travel3.com.br\/site\/#organization"},"inLanguage":"pt-BR","potentialAction":[{"@type":"CommentAction","name":"Comment","target":["https:\/\/www.travel3.com.br\/site\/sem-categoria\/feira-de-aviacao-labace-comeca-nesta-terca-feira-30-em-sao-paulo\/#respond"]}]},{"@type":"WebPage","@id":"https:\/\/www.travel3.com.br\/site\/sem-categoria\/feira-de-aviacao-labace-comeca-nesta-terca-feira-30-em-sao-paulo\/","url":"https:\/\/www.travel3.com.br\/site\/sem-categoria\/feira-de-aviacao-labace-comeca-nesta-terca-feira-30-em-sao-paulo\/","name":"FEIRA DE AVIA\u00c7\u00c3O LABACE COME\u00c7A NESTA TER\u00c7A-FEIRA (30) EM S\u00c3O PAULO - Travel3","isPartOf":{"@id":"https:\/\/www.travel3.com.br\/site\/#website"},"datePublished":"2017-08-19T17:04:50+00:00","description":"A TRAVEL3 \u00e9 um portal de conte\u00fado voltado para o turismo, encontre destinos, viagens, hospedagem, passagens, guias, not\u00edcias sobre o mercado do turismo, dicas de viagem, v\u00eddeos e podcast.","breadcrumb":{"@id":"https:\/\/www.travel3.com.br\/site\/sem-categoria\/feira-de-aviacao-labace-comeca-nesta-terca-feira-30-em-sao-paulo\/#breadcrumb"},"inLanguage":"pt-BR","potentialAction":[{"@type":"ReadAction","target":["https:\/\/www.travel3.com.br\/site\/sem-categoria\/feira-de-aviacao-labace-comeca-nesta-terca-feira-30-em-sao-paulo\/"]}]},{"@type":"BreadcrumbList","@id":"https:\/\/www.travel3.com.br\/site\/sem-categoria\/feira-de-aviacao-labace-comeca-nesta-terca-feira-30-em-sao-paulo\/#breadcrumb","itemListElement":[{"@type":"ListItem","position":1,"name":"In\u00edcio","item":"https:\/\/www.travel3.com.br\/site\/"},{"@type":"ListItem","position":2,"name":"FEIRA DE AVIA\u00c7\u00c3O LABACE COME\u00c7A NESTA TER\u00c7A-FEIRA (30) EM S\u00c3O PAULO"}]},{"@type":"WebSite","@id":"https:\/\/www.travel3.com.br\/site\/#website","url":"https:\/\/www.travel3.com.br\/site\/","name":"Travel3","description":"Lazer + Neg&oacute;cios + Aventura","publisher":{"@id":"https:\/\/www.travel3.com.br\/site\/#organization"},"potentialAction":[{"@type":"SearchAction","target":{"@type":"EntryPoint","urlTemplate":"https:\/\/www.travel3.com.br\/site\/?s={search_term_string}"},"query-input":{"@type":"PropertyValueSpecification","valueRequired":true,"valueName":"search_term_string"}}],"inLanguage":"pt-BR"},{"@type":"Organization","@id":"https:\/\/www.travel3.com.br\/site\/#organization","name":"Travel3","url":"https:\/\/www.travel3.com.br\/site\/","logo":{"@type":"ImageObject","inLanguage":"pt-BR","@id":"https:\/\/www.travel3.com.br\/site\/#\/schema\/logo\/image\/","url":"https:\/\/www.travel3.com.br\/site\/wp-content\/uploads\/2020\/01\/logo-travel3-2020.png","contentUrl":"https:\/\/www.travel3.com.br\/site\/wp-content\/uploads\/2020\/01\/logo-travel3-2020.png","width":232,"height":79,"caption":"Travel3"},"image":{"@id":"https:\/\/www.travel3.com.br\/site\/#\/schema\/logo\/image\/"},"sameAs":["https:\/\/www.facebook.com\/travel3media\/","https:\/\/www.instagram.com\/revistatravel3\/","https:\/\/www.youtube.com\/channel\/UCno7J4paGBR3VbZQzvoJ9Eg"]},{"@type":"Person","@id":"https:\/\/www.travel3.com.br\/site\/#\/schema\/person\/a69d71e41a024999b6ab82369ac0bd1e","name":"admin","image":{"@type":"ImageObject","inLanguage":"pt-BR","@id":"https:\/\/www.travel3.com.br\/site\/#\/schema\/person\/image\/","url":"https:\/\/secure.gravatar.com\/avatar\/732a67adfd764da2a47ba10ce731c4c0?s=96&d=mm&r=g","contentUrl":"https:\/\/secure.gravatar.com\/avatar\/732a67adfd764da2a47ba10ce731c4c0?s=96&d=mm&r=g","caption":"admin"},"url":"https:\/\/www.travel3.com.br\/site\/author\/admin\/"}]}},"_links":{"self":[{"href":"https:\/\/www.travel3.com.br\/site\/wp-json\/wp\/v2\/posts\/4284","targetHints":{"allow":["GET"]}}],"collection":[{"href":"https:\/\/www.travel3.com.br\/site\/wp-json\/wp\/v2\/posts"}],"about":[{"href":"https:\/\/www.travel3.com.br\/site\/wp-json\/wp\/v2\/types\/post"}],"author":[{"embeddable":true,"href":"https:\/\/www.travel3.com.br\/site\/wp-json\/wp\/v2\/users\/1"}],"replies":[{"embeddable":true,"href":"https:\/\/www.travel3.com.br\/site\/wp-json\/wp\/v2\/comments?post=4284"}],"version-history":[{"count":0,"href":"https:\/\/www.travel3.com.br\/site\/wp-json\/wp\/v2\/posts\/4284\/revisions"}],"wp:attachment":[{"href":"https:\/\/www.travel3.com.br\/site\/wp-json\/wp\/v2\/media?parent=4284"}],"wp:term":[{"taxonomy":"category","embeddable":true,"href":"https:\/\/www.travel3.com.br\/site\/wp-json\/wp\/v2\/categories?post=4284"},{"taxonomy":"post_tag","embeddable":true,"href":"https:\/\/www.travel3.com.br\/site\/wp-json\/wp\/v2\/tags?post=4284"}],"curies":[{"name":"wp","href":"https:\/\/api.w.org\/{rel}","templated":true}]}}