{"id":42791,"date":"2021-09-15T06:58:31","date_gmt":"2021-09-15T09:58:31","guid":{"rendered":"https:\/\/www.travel3.com.br\/?p=42791"},"modified":"2021-09-15T00:02:16","modified_gmt":"2021-09-15T03:02:16","slug":"em-plena-retomada-diversa-anuncia-contratacoes","status":"publish","type":"post","link":"https:\/\/www.travel3.com.br\/site\/destaque\/em-plena-retomada-diversa-anuncia-contratacoes\/","title":{"rendered":"Em plena retomada, Diversa anuncia contrata\u00e7\u00f5es"},"content":{"rendered":"\n<h3 class=\"wp-block-heading\" style=\"text-align:center\">Ap\u00f3s contrata\u00e7\u00e3o de Erivaldo Silva, operadora anuncia mais 8 contrata\u00e7\u00f5es em setembro<\/h3>\n\n\n\n<p>A Diversa Turismo, do Grupo Arbo, acaba de anunciar mais 8 contrata\u00e7\u00f5es para refor\u00e7ar seu time. Ap\u00f3s <strong><a href=\"https:\/\/www.travel3.com.br\/acontece-no-turismo\/operadoras\/diversa-anuncia-mudancas-no-time-de-produtos-nacionais\/\" target=\"_blank\" rel=\"noreferrer noopener\" aria-label=\"comunicar a chegada de Erivaldo Silva (opens in a new tab)\">comunicar a chegada de Erivaldo Silva<\/a><\/strong> (Sagui) na \u00faltima semana para assumir a gest\u00e3o de Produtos Brasil, a operadora agora fortalece seu time nas \u00e1reas comercial, grupos e atendimento \u00e0s ag\u00eancias.<\/p>\n\n\n\n<blockquote class=\"wp-block-quote is-layout-flow wp-block-quote-is-layout-flow\"><p>Esse ano tem nos surpreendido m\u00eas a m\u00eas com o volume de vendas e a conquista de novos clientes, e isso pede novas contrata\u00e7\u00f5es, para suprirmos essa demanda. Todos os meses temos anunciado novidades, e esperamos continuar contratando mais e mais daqui pra frente, pois isso \u00e9 resultado claro do nosso crescimento. Ali\u00e1s, estamos recebendo novos curr\u00edculos para essas oportunidades que est\u00e3o se abrindo\u201d, diz <\/p><cite><strong>Hugo Lagares<\/strong> &#8211; Diretor Comercial da <strong>Diversa<\/strong><\/cite><\/blockquote>\n\n\n\n<h2 class=\"wp-block-heading\">Time de profissionais experientes<\/h2>\n\n\n\n<p>As novas contrata\u00e7\u00f5es da <strong><a rel=\"noreferrer noopener\" aria-label=\" (opens in a new tab)\" href=\"https:\/\/diversaturismo.com.br\/\" target=\"_blank\">Diversa<\/a><\/strong> s\u00e3o = Thais Orfano, executiva de contas para ag\u00eancias de S\u00e3o Paulo, capital (ex-Gapnet e Esfera) + Patr\u00edcia Gon\u00e7alves, suporte comercial (ex- MMTGapnet e Flytour) + Valdenice Costa, departamento de grupos (ex-JVS) + Monique Regueira, marketing (ex-Sanchat Tour) + Marcelo Oliveira, analista de projetos. J\u00e1 para a \u00e1rea de atendimento, as novidades s\u00e3o Paula Nascimento (ex-Agaxtur, Nascimento Turismo e MMT Gapnet) + Raquel Batista (ex-RCA, Abreutur e Tourlines) + Margot Mendes (ex-Tam Viagens, Visual Turismo e Soul Traveler).<\/p>\n\n\n\n<blockquote class=\"wp-block-quote is-layout-flow wp-block-quote-is-layout-flow\"><p>Estou muito feliz com esse novo desafio na Diversa, \u00e9 uma empresa que admiro e confio. Espero contribuir muito com a minha experi\u00eancia e conhecimento para essa operadora que cresce a cada dia, caminhar junto, conquistar novas parcerias.<\/p><cite><strong>Thais Orfano<\/strong><\/cite><\/blockquote>\n\n\n\n<p>A operadora est\u00e1 recebendo novos curr\u00edculos atrav\u00e9s do email hugo.lagares@diversaturismo.com.br<\/p>\n\n\n\n<p style=\"text-align:center\">Leia mais = <strong><a href=\"https:\/\/www.travel3.com.br\/acontece-no-turismo\/operadoras\/diversa-e-casa-do-agente-levam-agentes-ao-clubmed-trancoso\/\" target=\"_blank\" rel=\"noreferrer noopener\" aria-label=\"Diversa e Casa do Agente levam agentes ao ClubMed Trancoso (opens in a new tab)\">Diversa e Casa do Agente levam agentes ao ClubMed Trancoso<\/a><\/strong><\/p>\n\n\n\n<blockquote class=\"wp-block-quote is-layout-flow wp-block-quote-is-layout-flow\"><p>\u00c9 um prazer muito grande pertencer a esse time, a essa empresa que em pouco tempo j\u00e1 vem ocupando seu espa\u00e7o no mercado das grandes operadoras do Brasil.<\/p><cite><strong>Paula Nascimento<\/strong><\/cite><\/blockquote>\n","protected":false},"excerpt":{"rendered":"<p>Ap\u00f3s contrata\u00e7\u00e3o de Erivaldo Silva, operadora anuncia mais 8 contrata\u00e7\u00f5es em setembro A Diversa Turismo, do Grupo Arbo, acaba de anunciar mais 8 contrata\u00e7\u00f5es para refor\u00e7ar seu time. Ap\u00f3s comunicar a chegada de Erivaldo Silva (Sagui) na \u00faltima semana para assumir a gest\u00e3o de Produtos Brasil, a operadora agora fortalece seu time nas \u00e1reas comercial, [&hellip;]<\/p>\n","protected":false},"author":6,"featured_media":42792,"comment_status":"open","ping_status":"open","sticky":false,"template":"","format":"standard","meta":{"footnotes":""},"categories":[969,226,4],"tags":[2076,403,4117],"class_list":["post-42791","post","type-post","status-publish","format-standard","has-post-thumbnail","hentry","category-acontece-no-turismo","category-destaque","category-operadoras","tag-diversa-turismo","tag-operadoras","tag-retomada-do-turismo"],"yoast_head":"<!-- This site is optimized with the Yoast SEO plugin v26.2 - https:\/\/yoast.com\/wordpress\/plugins\/seo\/ -->\n<title>Em plena retomada, Diversa anuncia contrata\u00e7\u00f5es - Travel3<\/title>\n<meta name=\"description\" content=\"Em plena retomada, Diversa anuncia contrata\u00e7\u00f5es; ep\u00f3s contrata\u00e7\u00e3o de Erivaldo Silva, operadora anuncia mais 8 contrata\u00e7\u00f5es em setembro\" \/>\n<meta name=\"robots\" content=\"index, follow, max-snippet:-1, max-image-preview:large, max-video-preview:-1\" \/>\n<link rel=\"canonical\" href=\"https:\/\/www.travel3.com.br\/site\/destaque\/em-plena-retomada-diversa-anuncia-contratacoes\/\" \/>\n<meta property=\"og:locale\" content=\"pt_BR\" \/>\n<meta property=\"og:type\" content=\"article\" \/>\n<meta property=\"og:title\" content=\"Em plena retomada, Diversa anuncia contrata\u00e7\u00f5es - Travel3\" \/>\n<meta property=\"og:description\" content=\"Em plena retomada, Diversa anuncia contrata\u00e7\u00f5es; ep\u00f3s contrata\u00e7\u00e3o de Erivaldo Silva, operadora anuncia mais 8 contrata\u00e7\u00f5es em setembro\" \/>\n<meta property=\"og:url\" content=\"https:\/\/www.travel3.com.br\/site\/destaque\/em-plena-retomada-diversa-anuncia-contratacoes\/\" \/>\n<meta property=\"og:site_name\" content=\"Travel3\" \/>\n<meta property=\"article:publisher\" content=\"https:\/\/www.facebook.com\/travel3media\/\" \/>\n<meta property=\"article:published_time\" content=\"2021-09-15T09:58:31+00:00\" \/>\n<meta property=\"og:image\" content=\"https:\/\/www.travel3.com.br\/site\/wp-content\/uploads\/2021\/09\/image009_Easy-Resize.com_.jpg\" \/>\n\t<meta property=\"og:image:width\" content=\"1280\" \/>\n\t<meta property=\"og:image:height\" content=\"960\" \/>\n\t<meta property=\"og:image:type\" content=\"image\/jpeg\" \/>\n<meta name=\"author\" content=\"Reda\u00e7\u00e3o Travel3\" \/>\n<meta name=\"twitter:card\" content=\"summary_large_image\" \/>\n<meta name=\"twitter:label1\" content=\"Escrito por\" \/>\n\t<meta name=\"twitter:data1\" content=\"Reda\u00e7\u00e3o Travel3\" \/>\n\t<meta name=\"twitter:label2\" content=\"Est. tempo de leitura\" \/>\n\t<meta name=\"twitter:data2\" content=\"2 minutos\" \/>\n<script type=\"application\/ld+json\" class=\"yoast-schema-graph\">{\"@context\":\"https:\/\/schema.org\",\"@graph\":[{\"@type\":\"Article\",\"@id\":\"https:\/\/www.travel3.com.br\/site\/destaque\/em-plena-retomada-diversa-anuncia-contratacoes\/#article\",\"isPartOf\":{\"@id\":\"https:\/\/www.travel3.com.br\/site\/destaque\/em-plena-retomada-diversa-anuncia-contratacoes\/\"},\"author\":{\"name\":\"Reda\u00e7\u00e3o Travel3\",\"@id\":\"https:\/\/www.travel3.com.br\/site\/#\/schema\/person\/9cff8daac0a2f1aa0799f827b8aa8308\"},\"headline\":\"Em plena retomada, Diversa anuncia contrata\u00e7\u00f5es\",\"datePublished\":\"2021-09-15T09:58:31+00:00\",\"mainEntityOfPage\":{\"@id\":\"https:\/\/www.travel3.com.br\/site\/destaque\/em-plena-retomada-diversa-anuncia-contratacoes\/\"},\"wordCount\":335,\"commentCount\":0,\"publisher\":{\"@id\":\"https:\/\/www.travel3.com.br\/site\/#organization\"},\"image\":{\"@id\":\"https:\/\/www.travel3.com.br\/site\/destaque\/em-plena-retomada-diversa-anuncia-contratacoes\/#primaryimage\"},\"thumbnailUrl\":\"https:\/\/www.travel3.com.br\/site\/wp-content\/uploads\/2021\/09\/image009_Easy-Resize.com_.jpg\",\"keywords\":[\"Diversa Turismo\",\"Operadoras\",\"Retomada do Turismo\"],\"articleSection\":[\"Acontece no Turismo\",\"Destaque\",\"Operadoras\"],\"inLanguage\":\"pt-BR\",\"potentialAction\":[{\"@type\":\"CommentAction\",\"name\":\"Comment\",\"target\":[\"https:\/\/www.travel3.com.br\/site\/destaque\/em-plena-retomada-diversa-anuncia-contratacoes\/#respond\"]}]},{\"@type\":\"WebPage\",\"@id\":\"https:\/\/www.travel3.com.br\/site\/destaque\/em-plena-retomada-diversa-anuncia-contratacoes\/\",\"url\":\"https:\/\/www.travel3.com.br\/site\/destaque\/em-plena-retomada-diversa-anuncia-contratacoes\/\",\"name\":\"Em plena retomada, Diversa anuncia contrata\u00e7\u00f5es - Travel3\",\"isPartOf\":{\"@id\":\"https:\/\/www.travel3.com.br\/site\/#website\"},\"primaryImageOfPage\":{\"@id\":\"https:\/\/www.travel3.com.br\/site\/destaque\/em-plena-retomada-diversa-anuncia-contratacoes\/#primaryimage\"},\"image\":{\"@id\":\"https:\/\/www.travel3.com.br\/site\/destaque\/em-plena-retomada-diversa-anuncia-contratacoes\/#primaryimage\"},\"thumbnailUrl\":\"https:\/\/www.travel3.com.br\/site\/wp-content\/uploads\/2021\/09\/image009_Easy-Resize.com_.jpg\",\"datePublished\":\"2021-09-15T09:58:31+00:00\",\"description\":\"Em plena retomada, Diversa anuncia contrata\u00e7\u00f5es; ep\u00f3s contrata\u00e7\u00e3o de Erivaldo Silva, operadora anuncia mais 8 contrata\u00e7\u00f5es em setembro\",\"breadcrumb\":{\"@id\":\"https:\/\/www.travel3.com.br\/site\/destaque\/em-plena-retomada-diversa-anuncia-contratacoes\/#breadcrumb\"},\"inLanguage\":\"pt-BR\",\"potentialAction\":[{\"@type\":\"ReadAction\",\"target\":[\"https:\/\/www.travel3.com.br\/site\/destaque\/em-plena-retomada-diversa-anuncia-contratacoes\/\"]}]},{\"@type\":\"ImageObject\",\"inLanguage\":\"pt-BR\",\"@id\":\"https:\/\/www.travel3.com.br\/site\/destaque\/em-plena-retomada-diversa-anuncia-contratacoes\/#primaryimage\",\"url\":\"https:\/\/www.travel3.com.br\/site\/wp-content\/uploads\/2021\/09\/image009_Easy-Resize.com_.jpg\",\"contentUrl\":\"https:\/\/www.travel3.com.br\/site\/wp-content\/uploads\/2021\/09\/image009_Easy-Resize.com_.jpg\",\"width\":1280,\"height\":960,\"caption\":\"Marcelo Oliveira, Thais Orfano, Margot Mendes, Patricia Gon\u00e7alves, Raquel Batista, Valdenice Costa e Paula Nascimento (Foto: Divulga\u00e7\u00e3o)\"},{\"@type\":\"BreadcrumbList\",\"@id\":\"https:\/\/www.travel3.com.br\/site\/destaque\/em-plena-retomada-diversa-anuncia-contratacoes\/#breadcrumb\",\"itemListElement\":[{\"@type\":\"ListItem\",\"position\":1,\"name\":\"In\u00edcio\",\"item\":\"https:\/\/www.travel3.com.br\/site\/\"},{\"@type\":\"ListItem\",\"position\":2,\"name\":\"Em plena retomada, Diversa anuncia contrata\u00e7\u00f5es\"}]},{\"@type\":\"WebSite\",\"@id\":\"https:\/\/www.travel3.com.br\/site\/#website\",\"url\":\"https:\/\/www.travel3.com.br\/site\/\",\"name\":\"Travel3\",\"description\":\"Lazer + Neg&oacute;cios + Aventura\",\"publisher\":{\"@id\":\"https:\/\/www.travel3.com.br\/site\/#organization\"},\"potentialAction\":[{\"@type\":\"SearchAction\",\"target\":{\"@type\":\"EntryPoint\",\"urlTemplate\":\"https:\/\/www.travel3.com.br\/site\/?s={search_term_string}\"},\"query-input\":{\"@type\":\"PropertyValueSpecification\",\"valueRequired\":true,\"valueName\":\"search_term_string\"}}],\"inLanguage\":\"pt-BR\"},{\"@type\":\"Organization\",\"@id\":\"https:\/\/www.travel3.com.br\/site\/#organization\",\"name\":\"Travel3\",\"url\":\"https:\/\/www.travel3.com.br\/site\/\",\"logo\":{\"@type\":\"ImageObject\",\"inLanguage\":\"pt-BR\",\"@id\":\"https:\/\/www.travel3.com.br\/site\/#\/schema\/logo\/image\/\",\"url\":\"https:\/\/www.travel3.com.br\/site\/wp-content\/uploads\/2020\/01\/logo-travel3-2020.png\",\"contentUrl\":\"https:\/\/www.travel3.com.br\/site\/wp-content\/uploads\/2020\/01\/logo-travel3-2020.png\",\"width\":232,\"height\":79,\"caption\":\"Travel3\"},\"image\":{\"@id\":\"https:\/\/www.travel3.com.br\/site\/#\/schema\/logo\/image\/\"},\"sameAs\":[\"https:\/\/www.facebook.com\/travel3media\/\",\"https:\/\/www.instagram.com\/revistatravel3\/\",\"https:\/\/www.youtube.com\/channel\/UCno7J4paGBR3VbZQzvoJ9Eg\"]},{\"@type\":\"Person\",\"@id\":\"https:\/\/www.travel3.com.br\/site\/#\/schema\/person\/9cff8daac0a2f1aa0799f827b8aa8308\",\"name\":\"Reda\u00e7\u00e3o Travel3\",\"image\":{\"@type\":\"ImageObject\",\"inLanguage\":\"pt-BR\",\"@id\":\"https:\/\/www.travel3.com.br\/site\/#\/schema\/person\/image\/\",\"url\":\"https:\/\/secure.gravatar.com\/avatar\/6e6125525e1f04b7b8c607d71556e490?s=96&d=mm&r=g\",\"contentUrl\":\"https:\/\/secure.gravatar.com\/avatar\/6e6125525e1f04b7b8c607d71556e490?s=96&d=mm&r=g\",\"caption\":\"Reda\u00e7\u00e3o Travel3\"},\"sameAs\":[\"http:\/\/www.travel3.com.br\"],\"url\":\"https:\/\/www.travel3.com.br\/site\/author\/redacao2\/\"}]}<\/script>\n<!-- \/ Yoast SEO plugin. -->","yoast_head_json":{"title":"Em plena retomada, Diversa anuncia contrata\u00e7\u00f5es - Travel3","description":"Em plena retomada, Diversa anuncia contrata\u00e7\u00f5es; ep\u00f3s contrata\u00e7\u00e3o de Erivaldo Silva, operadora anuncia mais 8 contrata\u00e7\u00f5es em setembro","robots":{"index":"index","follow":"follow","max-snippet":"max-snippet:-1","max-image-preview":"max-image-preview:large","max-video-preview":"max-video-preview:-1"},"canonical":"https:\/\/www.travel3.com.br\/site\/destaque\/em-plena-retomada-diversa-anuncia-contratacoes\/","og_locale":"pt_BR","og_type":"article","og_title":"Em plena retomada, Diversa anuncia contrata\u00e7\u00f5es - Travel3","og_description":"Em plena retomada, Diversa anuncia contrata\u00e7\u00f5es; ep\u00f3s contrata\u00e7\u00e3o de Erivaldo Silva, operadora anuncia mais 8 contrata\u00e7\u00f5es em setembro","og_url":"https:\/\/www.travel3.com.br\/site\/destaque\/em-plena-retomada-diversa-anuncia-contratacoes\/","og_site_name":"Travel3","article_publisher":"https:\/\/www.facebook.com\/travel3media\/","article_published_time":"2021-09-15T09:58:31+00:00","og_image":[{"width":1280,"height":960,"url":"https:\/\/www.travel3.com.br\/site\/wp-content\/uploads\/2021\/09\/image009_Easy-Resize.com_.jpg","type":"image\/jpeg"}],"author":"Reda\u00e7\u00e3o Travel3","twitter_card":"summary_large_image","twitter_misc":{"Escrito por":"Reda\u00e7\u00e3o Travel3","Est. tempo de leitura":"2 minutos"},"schema":{"@context":"https:\/\/schema.org","@graph":[{"@type":"Article","@id":"https:\/\/www.travel3.com.br\/site\/destaque\/em-plena-retomada-diversa-anuncia-contratacoes\/#article","isPartOf":{"@id":"https:\/\/www.travel3.com.br\/site\/destaque\/em-plena-retomada-diversa-anuncia-contratacoes\/"},"author":{"name":"Reda\u00e7\u00e3o Travel3","@id":"https:\/\/www.travel3.com.br\/site\/#\/schema\/person\/9cff8daac0a2f1aa0799f827b8aa8308"},"headline":"Em plena retomada, Diversa anuncia contrata\u00e7\u00f5es","datePublished":"2021-09-15T09:58:31+00:00","mainEntityOfPage":{"@id":"https:\/\/www.travel3.com.br\/site\/destaque\/em-plena-retomada-diversa-anuncia-contratacoes\/"},"wordCount":335,"commentCount":0,"publisher":{"@id":"https:\/\/www.travel3.com.br\/site\/#organization"},"image":{"@id":"https:\/\/www.travel3.com.br\/site\/destaque\/em-plena-retomada-diversa-anuncia-contratacoes\/#primaryimage"},"thumbnailUrl":"https:\/\/www.travel3.com.br\/site\/wp-content\/uploads\/2021\/09\/image009_Easy-Resize.com_.jpg","keywords":["Diversa Turismo","Operadoras","Retomada do Turismo"],"articleSection":["Acontece no Turismo","Destaque","Operadoras"],"inLanguage":"pt-BR","potentialAction":[{"@type":"CommentAction","name":"Comment","target":["https:\/\/www.travel3.com.br\/site\/destaque\/em-plena-retomada-diversa-anuncia-contratacoes\/#respond"]}]},{"@type":"WebPage","@id":"https:\/\/www.travel3.com.br\/site\/destaque\/em-plena-retomada-diversa-anuncia-contratacoes\/","url":"https:\/\/www.travel3.com.br\/site\/destaque\/em-plena-retomada-diversa-anuncia-contratacoes\/","name":"Em plena retomada, Diversa anuncia contrata\u00e7\u00f5es - Travel3","isPartOf":{"@id":"https:\/\/www.travel3.com.br\/site\/#website"},"primaryImageOfPage":{"@id":"https:\/\/www.travel3.com.br\/site\/destaque\/em-plena-retomada-diversa-anuncia-contratacoes\/#primaryimage"},"image":{"@id":"https:\/\/www.travel3.com.br\/site\/destaque\/em-plena-retomada-diversa-anuncia-contratacoes\/#primaryimage"},"thumbnailUrl":"https:\/\/www.travel3.com.br\/site\/wp-content\/uploads\/2021\/09\/image009_Easy-Resize.com_.jpg","datePublished":"2021-09-15T09:58:31+00:00","description":"Em plena retomada, Diversa anuncia contrata\u00e7\u00f5es; ep\u00f3s contrata\u00e7\u00e3o de Erivaldo Silva, operadora anuncia mais 8 contrata\u00e7\u00f5es em setembro","breadcrumb":{"@id":"https:\/\/www.travel3.com.br\/site\/destaque\/em-plena-retomada-diversa-anuncia-contratacoes\/#breadcrumb"},"inLanguage":"pt-BR","potentialAction":[{"@type":"ReadAction","target":["https:\/\/www.travel3.com.br\/site\/destaque\/em-plena-retomada-diversa-anuncia-contratacoes\/"]}]},{"@type":"ImageObject","inLanguage":"pt-BR","@id":"https:\/\/www.travel3.com.br\/site\/destaque\/em-plena-retomada-diversa-anuncia-contratacoes\/#primaryimage","url":"https:\/\/www.travel3.com.br\/site\/wp-content\/uploads\/2021\/09\/image009_Easy-Resize.com_.jpg","contentUrl":"https:\/\/www.travel3.com.br\/site\/wp-content\/uploads\/2021\/09\/image009_Easy-Resize.com_.jpg","width":1280,"height":960,"caption":"Marcelo Oliveira, Thais Orfano, Margot Mendes, Patricia Gon\u00e7alves, Raquel Batista, Valdenice Costa e Paula Nascimento (Foto: Divulga\u00e7\u00e3o)"},{"@type":"BreadcrumbList","@id":"https:\/\/www.travel3.com.br\/site\/destaque\/em-plena-retomada-diversa-anuncia-contratacoes\/#breadcrumb","itemListElement":[{"@type":"ListItem","position":1,"name":"In\u00edcio","item":"https:\/\/www.travel3.com.br\/site\/"},{"@type":"ListItem","position":2,"name":"Em plena retomada, Diversa anuncia contrata\u00e7\u00f5es"}]},{"@type":"WebSite","@id":"https:\/\/www.travel3.com.br\/site\/#website","url":"https:\/\/www.travel3.com.br\/site\/","name":"Travel3","description":"Lazer + Neg&oacute;cios + Aventura","publisher":{"@id":"https:\/\/www.travel3.com.br\/site\/#organization"},"potentialAction":[{"@type":"SearchAction","target":{"@type":"EntryPoint","urlTemplate":"https:\/\/www.travel3.com.br\/site\/?s={search_term_string}"},"query-input":{"@type":"PropertyValueSpecification","valueRequired":true,"valueName":"search_term_string"}}],"inLanguage":"pt-BR"},{"@type":"Organization","@id":"https:\/\/www.travel3.com.br\/site\/#organization","name":"Travel3","url":"https:\/\/www.travel3.com.br\/site\/","logo":{"@type":"ImageObject","inLanguage":"pt-BR","@id":"https:\/\/www.travel3.com.br\/site\/#\/schema\/logo\/image\/","url":"https:\/\/www.travel3.com.br\/site\/wp-content\/uploads\/2020\/01\/logo-travel3-2020.png","contentUrl":"https:\/\/www.travel3.com.br\/site\/wp-content\/uploads\/2020\/01\/logo-travel3-2020.png","width":232,"height":79,"caption":"Travel3"},"image":{"@id":"https:\/\/www.travel3.com.br\/site\/#\/schema\/logo\/image\/"},"sameAs":["https:\/\/www.facebook.com\/travel3media\/","https:\/\/www.instagram.com\/revistatravel3\/","https:\/\/www.youtube.com\/channel\/UCno7J4paGBR3VbZQzvoJ9Eg"]},{"@type":"Person","@id":"https:\/\/www.travel3.com.br\/site\/#\/schema\/person\/9cff8daac0a2f1aa0799f827b8aa8308","name":"Reda\u00e7\u00e3o Travel3","image":{"@type":"ImageObject","inLanguage":"pt-BR","@id":"https:\/\/www.travel3.com.br\/site\/#\/schema\/person\/image\/","url":"https:\/\/secure.gravatar.com\/avatar\/6e6125525e1f04b7b8c607d71556e490?s=96&d=mm&r=g","contentUrl":"https:\/\/secure.gravatar.com\/avatar\/6e6125525e1f04b7b8c607d71556e490?s=96&d=mm&r=g","caption":"Reda\u00e7\u00e3o Travel3"},"sameAs":["http:\/\/www.travel3.com.br"],"url":"https:\/\/www.travel3.com.br\/site\/author\/redacao2\/"}]}},"_links":{"self":[{"href":"https:\/\/www.travel3.com.br\/site\/wp-json\/wp\/v2\/posts\/42791","targetHints":{"allow":["GET"]}}],"collection":[{"href":"https:\/\/www.travel3.com.br\/site\/wp-json\/wp\/v2\/posts"}],"about":[{"href":"https:\/\/www.travel3.com.br\/site\/wp-json\/wp\/v2\/types\/post"}],"author":[{"embeddable":true,"href":"https:\/\/www.travel3.com.br\/site\/wp-json\/wp\/v2\/users\/6"}],"replies":[{"embeddable":true,"href":"https:\/\/www.travel3.com.br\/site\/wp-json\/wp\/v2\/comments?post=42791"}],"version-history":[{"count":3,"href":"https:\/\/www.travel3.com.br\/site\/wp-json\/wp\/v2\/posts\/42791\/revisions"}],"predecessor-version":[{"id":42796,"href":"https:\/\/www.travel3.com.br\/site\/wp-json\/wp\/v2\/posts\/42791\/revisions\/42796"}],"wp:featuredmedia":[{"embeddable":true,"href":"https:\/\/www.travel3.com.br\/site\/wp-json\/wp\/v2\/media\/42792"}],"wp:attachment":[{"href":"https:\/\/www.travel3.com.br\/site\/wp-json\/wp\/v2\/media?parent=42791"}],"wp:term":[{"taxonomy":"category","embeddable":true,"href":"https:\/\/www.travel3.com.br\/site\/wp-json\/wp\/v2\/categories?post=42791"},{"taxonomy":"post_tag","embeddable":true,"href":"https:\/\/www.travel3.com.br\/site\/wp-json\/wp\/v2\/tags?post=42791"}],"curies":[{"name":"wp","href":"https:\/\/api.w.org\/{rel}","templated":true}]}}