{"id":42752,"date":"2021-09-13T06:41:16","date_gmt":"2021-09-13T09:41:16","guid":{"rendered":"https:\/\/www.travel3.com.br\/?p=42752"},"modified":"2021-09-15T00:06:53","modified_gmt":"2021-09-15T03:06:53","slug":"diversa-e-casa-do-agente-levam-agentes-ao-clubmed-trancoso","status":"publish","type":"post","link":"https:\/\/www.travel3.com.br\/site\/acontece-no-turismo\/operadoras\/diversa-e-casa-do-agente-levam-agentes-ao-clubmed-trancoso\/","title":{"rendered":"Diversa e Casa do Agente levam agentes ao ClubMed Trancoso"},"content":{"rendered":"\n<h3 class=\"wp-block-heading\" style=\"text-align:center\">Famtour ocorreu entre os dias 29 de agosto e 02 de setembro, e teve participa\u00e7\u00e3o de 26 agentes<\/h3>\n\n\n\n<p>A <strong><a href=\"https:\/\/www.travel3.com.br\/acontece-no-turismo\/operadoras\/diversa-anuncia-mudancas-no-time-de-produtos-nacionais\/\" target=\"_blank\" rel=\"noreferrer noopener\" aria-label=\"Diversa (opens in a new tab)\">Diversa<\/a><\/strong> Turismo e a Casa do Agente, empresas do Grupo Arbo, realizaram no in\u00edcio de setembro um famtour em parceria com o ClubMed Trancoso. Ao todo, 26 agentes de viagens do Sul e Sudeste participaram da a\u00e7\u00e3o, entre os dias 29 de agosto e 02 de setembro.<\/p>\n\n\n\n<blockquote class=\"wp-block-quote is-layout-flow wp-block-quote-is-layout-flow\"><p>Fortalecendo ainda mais nossa parceria com o Club Med, levamos nossos clientes para uma imers\u00e3o no produto, conhecendo todas as \u00e1reas do mesmo e desfrutando do seu renomado All Inclusive e de toda a gama de recrea\u00e7\u00e3o, que \u00e9 fant\u00e1stica!<\/p><cite><strong>Hugo Lagares<\/strong> &#8211; Respons\u00e1vel pela \u00e1rea Comercial da Diversa<\/cite><\/blockquote>\n\n\n\n<div class=\"wp-block-image\"><figure class=\"aligncenter\"><img loading=\"lazy\" decoding=\"async\" width=\"1024\" height=\"768\" src=\"https:\/\/www.travel3.com.br\/site\/wp-content\/uploads\/2021\/09\/Diversa_CasadoAgente_ClubMed_02-1024x768.jpeg\" alt=\"Diversa ClubMed Trancoso\" class=\"wp-image-42755\" srcset=\"https:\/\/www.travel3.com.br\/site\/wp-content\/uploads\/2021\/09\/Diversa_CasadoAgente_ClubMed_02-1024x768.jpeg 1024w, https:\/\/www.travel3.com.br\/site\/wp-content\/uploads\/2021\/09\/Diversa_CasadoAgente_ClubMed_02-300x225.jpeg 300w, https:\/\/www.travel3.com.br\/site\/wp-content\/uploads\/2021\/09\/Diversa_CasadoAgente_ClubMed_02-768x576.jpeg 768w, https:\/\/www.travel3.com.br\/site\/wp-content\/uploads\/2021\/09\/Diversa_CasadoAgente_ClubMed_02-750x563.jpeg 750w, https:\/\/www.travel3.com.br\/site\/wp-content\/uploads\/2021\/09\/Diversa_CasadoAgente_ClubMed_02-1140x855.jpeg 1140w, https:\/\/www.travel3.com.br\/site\/wp-content\/uploads\/2021\/09\/Diversa_CasadoAgente_ClubMed_02.jpeg 1280w\" sizes=\"auto, (max-width: 1024px) 100vw, 1024px\" \/><figcaption>Grupo de agentes de viagens convidado pela Diversa e pela Casa do Agente (Foto: Divulga\u00e7\u00e3o)<\/figcaption><\/figure><\/div>\n\n\n\n<h2 class=\"wp-block-heading\">Lazer + entretenimento<\/h2>\n\n\n\n<p>O dia a dia do grupo convidado por Casa do Agente e Diversa no ClubMed foi coordenado por Jos\u00e9 Mac\u00e1rio, executivo de contas do resort, e incluiu atividades como trilhas + trap\u00e9zio + arco e flecha + beach t\u00eanis + utiliza\u00e7\u00e3o da academia e do spa; al\u00e9m de happy hours e noites tem\u00e1ticas. Al\u00e9m disso, os agentes puderam acompanhar de perto os protocolos e procedimentos de seguran\u00e7a implementados pelo ClubMed.<\/p>\n\n\n\n<blockquote class=\"wp-block-quote is-layout-flow wp-block-quote-is-layout-flow\"><p>O feedback dos agentes foi super positivo, j\u00e1 que houve tempo suficiente  para aproveitar toda a estrutura do resort, realizar visita t\u00e9cnica completa e ainda receber um treinamento para saber mais sobre outros resorts ClubMed no mundo.<\/p><cite><strong>Thais Orfano<\/strong> &#8211; Executiva de Contas da <strong><a href=\"https:\/\/diversaturismo.com.br\/\" target=\"_blank\" rel=\"noreferrer noopener\" aria-label=\"Diversa (opens in a new tab)\">Diversa<\/a><\/strong><\/cite><\/blockquote>\n\n\n\n<ul class=\"wp-block-gallery aligncenter columns-2 is-cropped wp-block-gallery-2 is-layout-flex wp-block-gallery-is-layout-flex\"><li class=\"blocks-gallery-item\"><figure><img loading=\"lazy\" decoding=\"async\" width=\"1024\" height=\"768\" src=\"https:\/\/www.travel3.com.br\/site\/wp-content\/uploads\/2021\/09\/Diversa_CasadoAgente_ClubMed_04-1024x768.jpeg\" alt=\"Trancoso Club Med\" data-id=\"42757\" data-link=\"https:\/\/www.travel3.com.br\/diversa_casadoagente_clubmed_04\/\" class=\"wp-image-42757\" srcset=\"https:\/\/www.travel3.com.br\/site\/wp-content\/uploads\/2021\/09\/Diversa_CasadoAgente_ClubMed_04-1024x768.jpeg 1024w, https:\/\/www.travel3.com.br\/site\/wp-content\/uploads\/2021\/09\/Diversa_CasadoAgente_ClubMed_04-300x225.jpeg 300w, https:\/\/www.travel3.com.br\/site\/wp-content\/uploads\/2021\/09\/Diversa_CasadoAgente_ClubMed_04-768x576.jpeg 768w, https:\/\/www.travel3.com.br\/site\/wp-content\/uploads\/2021\/09\/Diversa_CasadoAgente_ClubMed_04-750x563.jpeg 750w, https:\/\/www.travel3.com.br\/site\/wp-content\/uploads\/2021\/09\/Diversa_CasadoAgente_ClubMed_04-1140x855.jpeg 1140w, https:\/\/www.travel3.com.br\/site\/wp-content\/uploads\/2021\/09\/Diversa_CasadoAgente_ClubMed_04.jpeg 1600w\" sizes=\"auto, (max-width: 1024px) 100vw, 1024px\" \/><figcaption>(Foto: Divulga\u00e7\u00e3o)<\/figcaption><\/figure><\/li><li class=\"blocks-gallery-item\"><figure><img loading=\"lazy\" decoding=\"async\" width=\"1024\" height=\"768\" src=\"https:\/\/www.travel3.com.br\/site\/wp-content\/uploads\/2021\/09\/Diversa_CasadoAgente_ClubMed_03-1-1024x768.jpeg\" alt=\"Diversa Trancoso\" data-id=\"42756\" data-link=\"https:\/\/www.travel3.com.br\/diversa_casadoagente_clubmed_03-1\/\" class=\"wp-image-42756\" srcset=\"https:\/\/www.travel3.com.br\/site\/wp-content\/uploads\/2021\/09\/Diversa_CasadoAgente_ClubMed_03-1.jpeg 1024w, https:\/\/www.travel3.com.br\/site\/wp-content\/uploads\/2021\/09\/Diversa_CasadoAgente_ClubMed_03-1-300x225.jpeg 300w, https:\/\/www.travel3.com.br\/site\/wp-content\/uploads\/2021\/09\/Diversa_CasadoAgente_ClubMed_03-1-768x576.jpeg 768w, https:\/\/www.travel3.com.br\/site\/wp-content\/uploads\/2021\/09\/Diversa_CasadoAgente_ClubMed_03-1-750x563.jpeg 750w\" sizes=\"auto, (max-width: 1024px) 100vw, 1024px\" \/><figcaption>(Foto: Divulga\u00e7\u00e3o)<\/figcaption><\/figure><\/li><\/ul>\n\n\n\n<h2 class=\"wp-block-heading\">Famtour = treinamento + atualiza\u00e7\u00e3o<\/h2>\n\n\n\n<blockquote class=\"wp-block-quote is-layout-flow wp-block-quote-is-layout-flow\"><p>Foram \u00f3timos dias de aprendizado e troca de conhecimento junto aos nossos parceiros. A retomada destas a\u00e7\u00f5es \u00e9 fundamental para que os consultores de viagens conhe\u00e7am o que est\u00e3o vendendo e garantam ao passageiro a melhor e mais atualizada informa\u00e7\u00e3o, assim como a certeza da exist\u00eancia de protocolos relacionados \u00e0 Covid-19.<\/p><cite><strong>Renata Carelli <\/strong>&#8211; L\u00edder de Atendimento da <strong><a href=\"https:\/\/www.casadoagente.com.br\/\" target=\"_blank\" rel=\"noreferrer noopener\" aria-label=\"Casa do Agente (opens in a new tab)\">Casa do Agente<\/a><\/strong><\/cite><\/blockquote>\n","protected":false},"excerpt":{"rendered":"<p>Famtour ocorreu entre os dias 29 de agosto e 02 de setembro, e teve participa\u00e7\u00e3o de 26 agentes A Diversa Turismo e a Casa do Agente, empresas do Grupo Arbo, realizaram no in\u00edcio de setembro um famtour em parceria com o ClubMed Trancoso. Ao todo, 26 agentes de viagens do Sul e Sudeste participaram da [&hellip;]<\/p>\n","protected":false},"author":6,"featured_media":42754,"comment_status":"open","ping_status":"open","sticky":false,"template":"","format":"standard","meta":{"footnotes":""},"categories":[969,226,4],"tags":[4596,2076,728,4309],"class_list":["post-42752","post","type-post","status-publish","format-standard","has-post-thumbnail","hentry","category-acontece-no-turismo","category-destaque","category-operadoras","tag-clubmed","tag-diversa-turismo","tag-famtour","tag-trancoso"],"yoast_head":"<!-- This site is optimized with the Yoast SEO plugin v26.2 - https:\/\/yoast.com\/wordpress\/plugins\/seo\/ -->\n<title>Diversa e Casa do Agente levam agentes ao ClubMed Trancoso - Travel3<\/title>\n<meta name=\"description\" content=\"Diversa e Casa do Agente levam agentes ao ClubMed Trancoso; famtour ocorreu entre os dias 29 de agosto e 02 de setembro, e teve participa\u00e7\u00e3o de 26 agentes\" \/>\n<meta name=\"robots\" content=\"index, follow, max-snippet:-1, max-image-preview:large, max-video-preview:-1\" \/>\n<link rel=\"canonical\" href=\"https:\/\/www.travel3.com.br\/site\/acontece-no-turismo\/operadoras\/diversa-e-casa-do-agente-levam-agentes-ao-clubmed-trancoso\/\" \/>\n<meta property=\"og:locale\" content=\"pt_BR\" \/>\n<meta property=\"og:type\" content=\"article\" \/>\n<meta property=\"og:title\" content=\"Diversa e Casa do Agente levam agentes ao ClubMed Trancoso - Travel3\" \/>\n<meta property=\"og:description\" content=\"Diversa e Casa do Agente levam agentes ao ClubMed Trancoso; famtour ocorreu entre os dias 29 de agosto e 02 de setembro, e teve participa\u00e7\u00e3o de 26 agentes\" \/>\n<meta property=\"og:url\" content=\"https:\/\/www.travel3.com.br\/site\/acontece-no-turismo\/operadoras\/diversa-e-casa-do-agente-levam-agentes-ao-clubmed-trancoso\/\" \/>\n<meta property=\"og:site_name\" content=\"Travel3\" \/>\n<meta property=\"article:publisher\" content=\"https:\/\/www.facebook.com\/travel3media\/\" \/>\n<meta property=\"article:published_time\" content=\"2021-09-13T09:41:16+00:00\" \/>\n<meta property=\"article:modified_time\" content=\"2021-09-15T03:06:53+00:00\" \/>\n<meta property=\"og:image\" content=\"https:\/\/www.travel3.com.br\/site\/wp-content\/uploads\/2021\/09\/Diversa_CasadoAgente_ClubMed_01.jpeg\" \/>\n\t<meta property=\"og:image:width\" content=\"1600\" \/>\n\t<meta property=\"og:image:height\" content=\"1200\" \/>\n\t<meta property=\"og:image:type\" content=\"image\/jpeg\" \/>\n<meta name=\"author\" content=\"Reda\u00e7\u00e3o Travel3\" \/>\n<meta name=\"twitter:card\" content=\"summary_large_image\" \/>\n<meta name=\"twitter:label1\" content=\"Escrito por\" \/>\n\t<meta name=\"twitter:data1\" content=\"Reda\u00e7\u00e3o Travel3\" \/>\n\t<meta name=\"twitter:label2\" content=\"Est. tempo de leitura\" \/>\n\t<meta name=\"twitter:data2\" content=\"2 minutos\" \/>\n<script type=\"application\/ld+json\" class=\"yoast-schema-graph\">{\"@context\":\"https:\/\/schema.org\",\"@graph\":[{\"@type\":\"Article\",\"@id\":\"https:\/\/www.travel3.com.br\/site\/acontece-no-turismo\/operadoras\/diversa-e-casa-do-agente-levam-agentes-ao-clubmed-trancoso\/#article\",\"isPartOf\":{\"@id\":\"https:\/\/www.travel3.com.br\/site\/acontece-no-turismo\/operadoras\/diversa-e-casa-do-agente-levam-agentes-ao-clubmed-trancoso\/\"},\"author\":{\"name\":\"Reda\u00e7\u00e3o Travel3\",\"@id\":\"https:\/\/www.travel3.com.br\/site\/#\/schema\/person\/9cff8daac0a2f1aa0799f827b8aa8308\"},\"headline\":\"Diversa e Casa do Agente levam agentes ao ClubMed Trancoso\",\"datePublished\":\"2021-09-13T09:41:16+00:00\",\"dateModified\":\"2021-09-15T03:06:53+00:00\",\"mainEntityOfPage\":{\"@id\":\"https:\/\/www.travel3.com.br\/site\/acontece-no-turismo\/operadoras\/diversa-e-casa-do-agente-levam-agentes-ao-clubmed-trancoso\/\"},\"wordCount\":338,\"commentCount\":0,\"publisher\":{\"@id\":\"https:\/\/www.travel3.com.br\/site\/#organization\"},\"image\":{\"@id\":\"https:\/\/www.travel3.com.br\/site\/acontece-no-turismo\/operadoras\/diversa-e-casa-do-agente-levam-agentes-ao-clubmed-trancoso\/#primaryimage\"},\"thumbnailUrl\":\"https:\/\/www.travel3.com.br\/site\/wp-content\/uploads\/2021\/09\/Diversa_CasadoAgente_ClubMed_01.jpeg\",\"keywords\":[\"ClubMed\",\"Diversa Turismo\",\"famtour\",\"Trancoso\"],\"articleSection\":[\"Acontece no Turismo\",\"Destaque\",\"Operadoras\"],\"inLanguage\":\"pt-BR\",\"potentialAction\":[{\"@type\":\"CommentAction\",\"name\":\"Comment\",\"target\":[\"https:\/\/www.travel3.com.br\/site\/acontece-no-turismo\/operadoras\/diversa-e-casa-do-agente-levam-agentes-ao-clubmed-trancoso\/#respond\"]}]},{\"@type\":\"WebPage\",\"@id\":\"https:\/\/www.travel3.com.br\/site\/acontece-no-turismo\/operadoras\/diversa-e-casa-do-agente-levam-agentes-ao-clubmed-trancoso\/\",\"url\":\"https:\/\/www.travel3.com.br\/site\/acontece-no-turismo\/operadoras\/diversa-e-casa-do-agente-levam-agentes-ao-clubmed-trancoso\/\",\"name\":\"Diversa e Casa do Agente levam agentes ao ClubMed Trancoso - Travel3\",\"isPartOf\":{\"@id\":\"https:\/\/www.travel3.com.br\/site\/#website\"},\"primaryImageOfPage\":{\"@id\":\"https:\/\/www.travel3.com.br\/site\/acontece-no-turismo\/operadoras\/diversa-e-casa-do-agente-levam-agentes-ao-clubmed-trancoso\/#primaryimage\"},\"image\":{\"@id\":\"https:\/\/www.travel3.com.br\/site\/acontece-no-turismo\/operadoras\/diversa-e-casa-do-agente-levam-agentes-ao-clubmed-trancoso\/#primaryimage\"},\"thumbnailUrl\":\"https:\/\/www.travel3.com.br\/site\/wp-content\/uploads\/2021\/09\/Diversa_CasadoAgente_ClubMed_01.jpeg\",\"datePublished\":\"2021-09-13T09:41:16+00:00\",\"dateModified\":\"2021-09-15T03:06:53+00:00\",\"description\":\"Diversa e Casa do Agente levam agentes ao ClubMed Trancoso; famtour ocorreu entre os dias 29 de agosto e 02 de setembro, e teve participa\u00e7\u00e3o de 26 agentes\",\"breadcrumb\":{\"@id\":\"https:\/\/www.travel3.com.br\/site\/acontece-no-turismo\/operadoras\/diversa-e-casa-do-agente-levam-agentes-ao-clubmed-trancoso\/#breadcrumb\"},\"inLanguage\":\"pt-BR\",\"potentialAction\":[{\"@type\":\"ReadAction\",\"target\":[\"https:\/\/www.travel3.com.br\/site\/acontece-no-turismo\/operadoras\/diversa-e-casa-do-agente-levam-agentes-ao-clubmed-trancoso\/\"]}]},{\"@type\":\"ImageObject\",\"inLanguage\":\"pt-BR\",\"@id\":\"https:\/\/www.travel3.com.br\/site\/acontece-no-turismo\/operadoras\/diversa-e-casa-do-agente-levam-agentes-ao-clubmed-trancoso\/#primaryimage\",\"url\":\"https:\/\/www.travel3.com.br\/site\/wp-content\/uploads\/2021\/09\/Diversa_CasadoAgente_ClubMed_01.jpeg\",\"contentUrl\":\"https:\/\/www.travel3.com.br\/site\/wp-content\/uploads\/2021\/09\/Diversa_CasadoAgente_ClubMed_01.jpeg\",\"width\":1600,\"height\":1200,\"caption\":\"(Foto: Divulga\u00e7\u00e3o)\"},{\"@type\":\"BreadcrumbList\",\"@id\":\"https:\/\/www.travel3.com.br\/site\/acontece-no-turismo\/operadoras\/diversa-e-casa-do-agente-levam-agentes-ao-clubmed-trancoso\/#breadcrumb\",\"itemListElement\":[{\"@type\":\"ListItem\",\"position\":1,\"name\":\"In\u00edcio\",\"item\":\"https:\/\/www.travel3.com.br\/site\/\"},{\"@type\":\"ListItem\",\"position\":2,\"name\":\"Diversa e Casa do Agente levam agentes ao ClubMed Trancoso\"}]},{\"@type\":\"WebSite\",\"@id\":\"https:\/\/www.travel3.com.br\/site\/#website\",\"url\":\"https:\/\/www.travel3.com.br\/site\/\",\"name\":\"Travel3\",\"description\":\"Lazer + Neg&oacute;cios + Aventura\",\"publisher\":{\"@id\":\"https:\/\/www.travel3.com.br\/site\/#organization\"},\"potentialAction\":[{\"@type\":\"SearchAction\",\"target\":{\"@type\":\"EntryPoint\",\"urlTemplate\":\"https:\/\/www.travel3.com.br\/site\/?s={search_term_string}\"},\"query-input\":{\"@type\":\"PropertyValueSpecification\",\"valueRequired\":true,\"valueName\":\"search_term_string\"}}],\"inLanguage\":\"pt-BR\"},{\"@type\":\"Organization\",\"@id\":\"https:\/\/www.travel3.com.br\/site\/#organization\",\"name\":\"Travel3\",\"url\":\"https:\/\/www.travel3.com.br\/site\/\",\"logo\":{\"@type\":\"ImageObject\",\"inLanguage\":\"pt-BR\",\"@id\":\"https:\/\/www.travel3.com.br\/site\/#\/schema\/logo\/image\/\",\"url\":\"https:\/\/www.travel3.com.br\/site\/wp-content\/uploads\/2020\/01\/logo-travel3-2020.png\",\"contentUrl\":\"https:\/\/www.travel3.com.br\/site\/wp-content\/uploads\/2020\/01\/logo-travel3-2020.png\",\"width\":232,\"height\":79,\"caption\":\"Travel3\"},\"image\":{\"@id\":\"https:\/\/www.travel3.com.br\/site\/#\/schema\/logo\/image\/\"},\"sameAs\":[\"https:\/\/www.facebook.com\/travel3media\/\",\"https:\/\/www.instagram.com\/revistatravel3\/\",\"https:\/\/www.youtube.com\/channel\/UCno7J4paGBR3VbZQzvoJ9Eg\"]},{\"@type\":\"Person\",\"@id\":\"https:\/\/www.travel3.com.br\/site\/#\/schema\/person\/9cff8daac0a2f1aa0799f827b8aa8308\",\"name\":\"Reda\u00e7\u00e3o Travel3\",\"image\":{\"@type\":\"ImageObject\",\"inLanguage\":\"pt-BR\",\"@id\":\"https:\/\/www.travel3.com.br\/site\/#\/schema\/person\/image\/\",\"url\":\"https:\/\/secure.gravatar.com\/avatar\/6e6125525e1f04b7b8c607d71556e490?s=96&d=mm&r=g\",\"contentUrl\":\"https:\/\/secure.gravatar.com\/avatar\/6e6125525e1f04b7b8c607d71556e490?s=96&d=mm&r=g\",\"caption\":\"Reda\u00e7\u00e3o Travel3\"},\"sameAs\":[\"http:\/\/www.travel3.com.br\"],\"url\":\"https:\/\/www.travel3.com.br\/site\/author\/redacao2\/\"}]}<\/script>\n<!-- \/ Yoast SEO plugin. -->","yoast_head_json":{"title":"Diversa e Casa do Agente levam agentes ao ClubMed Trancoso - Travel3","description":"Diversa e Casa do Agente levam agentes ao ClubMed Trancoso; famtour ocorreu entre os dias 29 de agosto e 02 de setembro, e teve participa\u00e7\u00e3o de 26 agentes","robots":{"index":"index","follow":"follow","max-snippet":"max-snippet:-1","max-image-preview":"max-image-preview:large","max-video-preview":"max-video-preview:-1"},"canonical":"https:\/\/www.travel3.com.br\/site\/acontece-no-turismo\/operadoras\/diversa-e-casa-do-agente-levam-agentes-ao-clubmed-trancoso\/","og_locale":"pt_BR","og_type":"article","og_title":"Diversa e Casa do Agente levam agentes ao ClubMed Trancoso - Travel3","og_description":"Diversa e Casa do Agente levam agentes ao ClubMed Trancoso; famtour ocorreu entre os dias 29 de agosto e 02 de setembro, e teve participa\u00e7\u00e3o de 26 agentes","og_url":"https:\/\/www.travel3.com.br\/site\/acontece-no-turismo\/operadoras\/diversa-e-casa-do-agente-levam-agentes-ao-clubmed-trancoso\/","og_site_name":"Travel3","article_publisher":"https:\/\/www.facebook.com\/travel3media\/","article_published_time":"2021-09-13T09:41:16+00:00","article_modified_time":"2021-09-15T03:06:53+00:00","og_image":[{"width":1600,"height":1200,"url":"https:\/\/www.travel3.com.br\/site\/wp-content\/uploads\/2021\/09\/Diversa_CasadoAgente_ClubMed_01.jpeg","type":"image\/jpeg"}],"author":"Reda\u00e7\u00e3o Travel3","twitter_card":"summary_large_image","twitter_misc":{"Escrito por":"Reda\u00e7\u00e3o Travel3","Est. tempo de leitura":"2 minutos"},"schema":{"@context":"https:\/\/schema.org","@graph":[{"@type":"Article","@id":"https:\/\/www.travel3.com.br\/site\/acontece-no-turismo\/operadoras\/diversa-e-casa-do-agente-levam-agentes-ao-clubmed-trancoso\/#article","isPartOf":{"@id":"https:\/\/www.travel3.com.br\/site\/acontece-no-turismo\/operadoras\/diversa-e-casa-do-agente-levam-agentes-ao-clubmed-trancoso\/"},"author":{"name":"Reda\u00e7\u00e3o Travel3","@id":"https:\/\/www.travel3.com.br\/site\/#\/schema\/person\/9cff8daac0a2f1aa0799f827b8aa8308"},"headline":"Diversa e Casa do Agente levam agentes ao ClubMed Trancoso","datePublished":"2021-09-13T09:41:16+00:00","dateModified":"2021-09-15T03:06:53+00:00","mainEntityOfPage":{"@id":"https:\/\/www.travel3.com.br\/site\/acontece-no-turismo\/operadoras\/diversa-e-casa-do-agente-levam-agentes-ao-clubmed-trancoso\/"},"wordCount":338,"commentCount":0,"publisher":{"@id":"https:\/\/www.travel3.com.br\/site\/#organization"},"image":{"@id":"https:\/\/www.travel3.com.br\/site\/acontece-no-turismo\/operadoras\/diversa-e-casa-do-agente-levam-agentes-ao-clubmed-trancoso\/#primaryimage"},"thumbnailUrl":"https:\/\/www.travel3.com.br\/site\/wp-content\/uploads\/2021\/09\/Diversa_CasadoAgente_ClubMed_01.jpeg","keywords":["ClubMed","Diversa Turismo","famtour","Trancoso"],"articleSection":["Acontece no Turismo","Destaque","Operadoras"],"inLanguage":"pt-BR","potentialAction":[{"@type":"CommentAction","name":"Comment","target":["https:\/\/www.travel3.com.br\/site\/acontece-no-turismo\/operadoras\/diversa-e-casa-do-agente-levam-agentes-ao-clubmed-trancoso\/#respond"]}]},{"@type":"WebPage","@id":"https:\/\/www.travel3.com.br\/site\/acontece-no-turismo\/operadoras\/diversa-e-casa-do-agente-levam-agentes-ao-clubmed-trancoso\/","url":"https:\/\/www.travel3.com.br\/site\/acontece-no-turismo\/operadoras\/diversa-e-casa-do-agente-levam-agentes-ao-clubmed-trancoso\/","name":"Diversa e Casa do Agente levam agentes ao ClubMed Trancoso - Travel3","isPartOf":{"@id":"https:\/\/www.travel3.com.br\/site\/#website"},"primaryImageOfPage":{"@id":"https:\/\/www.travel3.com.br\/site\/acontece-no-turismo\/operadoras\/diversa-e-casa-do-agente-levam-agentes-ao-clubmed-trancoso\/#primaryimage"},"image":{"@id":"https:\/\/www.travel3.com.br\/site\/acontece-no-turismo\/operadoras\/diversa-e-casa-do-agente-levam-agentes-ao-clubmed-trancoso\/#primaryimage"},"thumbnailUrl":"https:\/\/www.travel3.com.br\/site\/wp-content\/uploads\/2021\/09\/Diversa_CasadoAgente_ClubMed_01.jpeg","datePublished":"2021-09-13T09:41:16+00:00","dateModified":"2021-09-15T03:06:53+00:00","description":"Diversa e Casa do Agente levam agentes ao ClubMed Trancoso; famtour ocorreu entre os dias 29 de agosto e 02 de setembro, e teve participa\u00e7\u00e3o de 26 agentes","breadcrumb":{"@id":"https:\/\/www.travel3.com.br\/site\/acontece-no-turismo\/operadoras\/diversa-e-casa-do-agente-levam-agentes-ao-clubmed-trancoso\/#breadcrumb"},"inLanguage":"pt-BR","potentialAction":[{"@type":"ReadAction","target":["https:\/\/www.travel3.com.br\/site\/acontece-no-turismo\/operadoras\/diversa-e-casa-do-agente-levam-agentes-ao-clubmed-trancoso\/"]}]},{"@type":"ImageObject","inLanguage":"pt-BR","@id":"https:\/\/www.travel3.com.br\/site\/acontece-no-turismo\/operadoras\/diversa-e-casa-do-agente-levam-agentes-ao-clubmed-trancoso\/#primaryimage","url":"https:\/\/www.travel3.com.br\/site\/wp-content\/uploads\/2021\/09\/Diversa_CasadoAgente_ClubMed_01.jpeg","contentUrl":"https:\/\/www.travel3.com.br\/site\/wp-content\/uploads\/2021\/09\/Diversa_CasadoAgente_ClubMed_01.jpeg","width":1600,"height":1200,"caption":"(Foto: Divulga\u00e7\u00e3o)"},{"@type":"BreadcrumbList","@id":"https:\/\/www.travel3.com.br\/site\/acontece-no-turismo\/operadoras\/diversa-e-casa-do-agente-levam-agentes-ao-clubmed-trancoso\/#breadcrumb","itemListElement":[{"@type":"ListItem","position":1,"name":"In\u00edcio","item":"https:\/\/www.travel3.com.br\/site\/"},{"@type":"ListItem","position":2,"name":"Diversa e Casa do Agente levam agentes ao ClubMed Trancoso"}]},{"@type":"WebSite","@id":"https:\/\/www.travel3.com.br\/site\/#website","url":"https:\/\/www.travel3.com.br\/site\/","name":"Travel3","description":"Lazer + Neg&oacute;cios + Aventura","publisher":{"@id":"https:\/\/www.travel3.com.br\/site\/#organization"},"potentialAction":[{"@type":"SearchAction","target":{"@type":"EntryPoint","urlTemplate":"https:\/\/www.travel3.com.br\/site\/?s={search_term_string}"},"query-input":{"@type":"PropertyValueSpecification","valueRequired":true,"valueName":"search_term_string"}}],"inLanguage":"pt-BR"},{"@type":"Organization","@id":"https:\/\/www.travel3.com.br\/site\/#organization","name":"Travel3","url":"https:\/\/www.travel3.com.br\/site\/","logo":{"@type":"ImageObject","inLanguage":"pt-BR","@id":"https:\/\/www.travel3.com.br\/site\/#\/schema\/logo\/image\/","url":"https:\/\/www.travel3.com.br\/site\/wp-content\/uploads\/2020\/01\/logo-travel3-2020.png","contentUrl":"https:\/\/www.travel3.com.br\/site\/wp-content\/uploads\/2020\/01\/logo-travel3-2020.png","width":232,"height":79,"caption":"Travel3"},"image":{"@id":"https:\/\/www.travel3.com.br\/site\/#\/schema\/logo\/image\/"},"sameAs":["https:\/\/www.facebook.com\/travel3media\/","https:\/\/www.instagram.com\/revistatravel3\/","https:\/\/www.youtube.com\/channel\/UCno7J4paGBR3VbZQzvoJ9Eg"]},{"@type":"Person","@id":"https:\/\/www.travel3.com.br\/site\/#\/schema\/person\/9cff8daac0a2f1aa0799f827b8aa8308","name":"Reda\u00e7\u00e3o Travel3","image":{"@type":"ImageObject","inLanguage":"pt-BR","@id":"https:\/\/www.travel3.com.br\/site\/#\/schema\/person\/image\/","url":"https:\/\/secure.gravatar.com\/avatar\/6e6125525e1f04b7b8c607d71556e490?s=96&d=mm&r=g","contentUrl":"https:\/\/secure.gravatar.com\/avatar\/6e6125525e1f04b7b8c607d71556e490?s=96&d=mm&r=g","caption":"Reda\u00e7\u00e3o Travel3"},"sameAs":["http:\/\/www.travel3.com.br"],"url":"https:\/\/www.travel3.com.br\/site\/author\/redacao2\/"}]}},"_links":{"self":[{"href":"https:\/\/www.travel3.com.br\/site\/wp-json\/wp\/v2\/posts\/42752","targetHints":{"allow":["GET"]}}],"collection":[{"href":"https:\/\/www.travel3.com.br\/site\/wp-json\/wp\/v2\/posts"}],"about":[{"href":"https:\/\/www.travel3.com.br\/site\/wp-json\/wp\/v2\/types\/post"}],"author":[{"embeddable":true,"href":"https:\/\/www.travel3.com.br\/site\/wp-json\/wp\/v2\/users\/6"}],"replies":[{"embeddable":true,"href":"https:\/\/www.travel3.com.br\/site\/wp-json\/wp\/v2\/comments?post=42752"}],"version-history":[{"count":3,"href":"https:\/\/www.travel3.com.br\/site\/wp-json\/wp\/v2\/posts\/42752\/revisions"}],"predecessor-version":[{"id":42800,"href":"https:\/\/www.travel3.com.br\/site\/wp-json\/wp\/v2\/posts\/42752\/revisions\/42800"}],"wp:featuredmedia":[{"embeddable":true,"href":"https:\/\/www.travel3.com.br\/site\/wp-json\/wp\/v2\/media\/42754"}],"wp:attachment":[{"href":"https:\/\/www.travel3.com.br\/site\/wp-json\/wp\/v2\/media?parent=42752"}],"wp:term":[{"taxonomy":"category","embeddable":true,"href":"https:\/\/www.travel3.com.br\/site\/wp-json\/wp\/v2\/categories?post=42752"},{"taxonomy":"post_tag","embeddable":true,"href":"https:\/\/www.travel3.com.br\/site\/wp-json\/wp\/v2\/tags?post=42752"}],"curies":[{"name":"wp","href":"https:\/\/api.w.org\/{rel}","templated":true}]}}