{"id":42740,"date":"2021-09-10T06:49:34","date_gmt":"2021-09-10T09:49:34","guid":{"rendered":"https:\/\/www.travel3.com.br\/?p=42740"},"modified":"2021-09-10T15:09:36","modified_gmt":"2021-09-10T18:09:36","slug":"diversa-anuncia-mudancas-no-time-de-produtos-nacionais","status":"publish","type":"post","link":"https:\/\/www.travel3.com.br\/site\/acontece-no-turismo\/operadoras\/diversa-anuncia-mudancas-no-time-de-produtos-nacionais\/","title":{"rendered":"Diversa anuncia mudan\u00e7as no time de produtos nacionais"},"content":{"rendered":"\n<h3 class=\"wp-block-heading\" style=\"text-align:center\">Erivaldo Silva, mais conhecido no trade como <em>Sagui<\/em>, assume no lugar de Rafael Ortiz, que deixa a operadora<\/h3>\n\n\n\n<p>A Diversa Turismo acaba de anunciar a contrata\u00e7\u00e3o de Erivaldo Silva, o <em>Sagui<\/em>, para a gest\u00e3o de produtos Brasil. Com mais de 30 anos de atua\u00e7\u00e3o no setor do Turismo, Sagui consolidou sua carreira na \u00e1rea operacional do segmento, com passagens por empresas como Monark Turismo, Tam Viagens, MMTGapnet, Grupo Flytour e CVC.<\/p>\n\n\n\n<blockquote class=\"wp-block-quote is-layout-flow wp-block-quote-is-layout-flow\"><p>Estou muito animado e lisonjeado com a oportunidade de dar continuidade ao trabalho que j\u00e1 est\u00e1 sendo realizado, consolidando a Diversa na demanda pelos produtos nacionais e ampliando oportunidades para que os agentes de viagens comercializem produtos e servi\u00e7os complementares \u00e0s viagens.<\/p><cite><strong>Erivaldo Silva<\/strong><\/cite><\/blockquote>\n\n\n\n<h4 class=\"wp-block-heading\"><strong>Mudan\u00e7as no time de executivos<\/strong><\/h4>\n\n\n\n<p>Erivaldo assume posi\u00e7\u00e3o que vinha sendo exercida por Rafael Ortiz, que deixa a operadora.<\/p>\n\n\n\n<blockquote class=\"wp-block-quote is-layout-flow wp-block-quote-is-layout-flow\"><p>Ficamos tristes com a sa\u00edda do Ortiz, ele agregou bastante na estrutura\u00e7\u00e3o de produtos nacionais da operadora. Por outro lado, estamos muito contentes com a chegada do Sagui, que j\u00e1 estava em nossos planos h\u00e1 algum tempo. Agora chegou esse momento.<\/p><cite><strong>Arnaldo Franken<\/strong> &#8211; <a href=\"https:\/\/www.travel3.com.br\/acontece-no-turismo\/t3-melhores-momentos-entrevista-arnaldo\/\" target=\"_blank\" rel=\"noreferrer noopener\" aria-label=\"Gestor (opens in a new tab)\">Gestor<\/a> do Grupo Arbo<\/cite><\/blockquote>\n\n\n\n<h4 class=\"wp-block-heading\"><strong>Sagui chega em momento de retomada<\/strong><\/h4>\n\n\n\n<blockquote class=\"wp-block-quote is-layout-flow wp-block-quote-is-layout-flow\"><p>Sagui possui um excelente relacionamento junto aos parceiros estrat\u00e9gicos da Diversa, um profissional que admiro muito e que chega em um momento oportuno do nosso mercado.<\/p><cite><strong>Adriana Fredericce<\/strong> &#8211; Diretora de Opera\u00e7\u00f5es e Produtos da <a href=\"https:\/\/diversaturismo.com.br\/\" target=\"_blank\" rel=\"noreferrer noopener\" aria-label=\"Diversa (opens in a new tab)\">Diversa<\/a><\/cite><\/blockquote>\n\n\n\n<p>O contato de Sagui \u00e9 sagui@diversaturismo.com.br<\/p>\n","protected":false},"excerpt":{"rendered":"<p>Erivaldo Silva, mais conhecido no trade como Sagui, assume no lugar de Rafael Ortiz, que deixa a operadora A Diversa Turismo acaba de anunciar a contrata\u00e7\u00e3o de Erivaldo Silva, o Sagui, para a gest\u00e3o de produtos Brasil. Com mais de 30 anos de atua\u00e7\u00e3o no setor do Turismo, Sagui consolidou sua carreira na \u00e1rea operacional [&hellip;]<\/p>\n","protected":false},"author":6,"featured_media":42741,"comment_status":"open","ping_status":"open","sticky":false,"template":"","format":"standard","meta":{"footnotes":""},"categories":[969,226,4],"tags":[4010,2076,4593],"class_list":["post-42740","post","type-post","status-publish","format-standard","has-post-thumbnail","hentry","category-acontece-no-turismo","category-destaque","category-operadoras","tag-diversa","tag-diversa-turismo","tag-sagui"],"yoast_head":"<!-- This site is optimized with the Yoast SEO plugin v26.2 - https:\/\/yoast.com\/wordpress\/plugins\/seo\/ -->\n<title>Diversa anuncia mudan\u00e7as no time de produtos nacionais - Travel3<\/title>\n<meta name=\"description\" content=\"Diversa anuncia mudan\u00e7as no time de produtos nacionais; Erivaldo Silva, mais conhecido como Sagui, assume no lugar de Rafael Ortiz, que deixa a operadora\" \/>\n<meta name=\"robots\" content=\"index, follow, max-snippet:-1, max-image-preview:large, max-video-preview:-1\" \/>\n<link rel=\"canonical\" href=\"https:\/\/www.travel3.com.br\/site\/acontece-no-turismo\/operadoras\/diversa-anuncia-mudancas-no-time-de-produtos-nacionais\/\" \/>\n<meta property=\"og:locale\" content=\"pt_BR\" \/>\n<meta property=\"og:type\" content=\"article\" \/>\n<meta property=\"og:title\" content=\"Diversa anuncia mudan\u00e7as no time de produtos nacionais - Travel3\" \/>\n<meta property=\"og:description\" content=\"Diversa anuncia mudan\u00e7as no time de produtos nacionais; Erivaldo Silva, mais conhecido como Sagui, assume no lugar de Rafael Ortiz, que deixa a operadora\" \/>\n<meta property=\"og:url\" content=\"https:\/\/www.travel3.com.br\/site\/acontece-no-turismo\/operadoras\/diversa-anuncia-mudancas-no-time-de-produtos-nacionais\/\" \/>\n<meta property=\"og:site_name\" content=\"Travel3\" \/>\n<meta property=\"article:publisher\" content=\"https:\/\/www.facebook.com\/travel3media\/\" \/>\n<meta property=\"article:published_time\" content=\"2021-09-10T09:49:34+00:00\" \/>\n<meta property=\"article:modified_time\" content=\"2021-09-10T18:09:36+00:00\" \/>\n<meta property=\"og:image\" content=\"https:\/\/www.travel3.com.br\/site\/wp-content\/uploads\/2021\/09\/Adriana_Sagui-.jpeg\" \/>\n\t<meta property=\"og:image:width\" content=\"1600\" \/>\n\t<meta property=\"og:image:height\" content=\"1200\" \/>\n\t<meta property=\"og:image:type\" content=\"image\/jpeg\" \/>\n<meta name=\"author\" content=\"Reda\u00e7\u00e3o Travel3\" \/>\n<meta name=\"twitter:card\" content=\"summary_large_image\" \/>\n<meta name=\"twitter:label1\" content=\"Escrito por\" \/>\n\t<meta name=\"twitter:data1\" content=\"Reda\u00e7\u00e3o Travel3\" \/>\n\t<meta name=\"twitter:label2\" content=\"Est. tempo de leitura\" \/>\n\t<meta name=\"twitter:data2\" content=\"1 minuto\" \/>\n<script type=\"application\/ld+json\" class=\"yoast-schema-graph\">{\"@context\":\"https:\/\/schema.org\",\"@graph\":[{\"@type\":\"Article\",\"@id\":\"https:\/\/www.travel3.com.br\/site\/acontece-no-turismo\/operadoras\/diversa-anuncia-mudancas-no-time-de-produtos-nacionais\/#article\",\"isPartOf\":{\"@id\":\"https:\/\/www.travel3.com.br\/site\/acontece-no-turismo\/operadoras\/diversa-anuncia-mudancas-no-time-de-produtos-nacionais\/\"},\"author\":{\"name\":\"Reda\u00e7\u00e3o Travel3\",\"@id\":\"https:\/\/www.travel3.com.br\/site\/#\/schema\/person\/9cff8daac0a2f1aa0799f827b8aa8308\"},\"headline\":\"Diversa anuncia mudan\u00e7as no time de produtos nacionais\",\"datePublished\":\"2021-09-10T09:49:34+00:00\",\"dateModified\":\"2021-09-10T18:09:36+00:00\",\"mainEntityOfPage\":{\"@id\":\"https:\/\/www.travel3.com.br\/site\/acontece-no-turismo\/operadoras\/diversa-anuncia-mudancas-no-time-de-produtos-nacionais\/\"},\"wordCount\":250,\"commentCount\":0,\"publisher\":{\"@id\":\"https:\/\/www.travel3.com.br\/site\/#organization\"},\"image\":{\"@id\":\"https:\/\/www.travel3.com.br\/site\/acontece-no-turismo\/operadoras\/diversa-anuncia-mudancas-no-time-de-produtos-nacionais\/#primaryimage\"},\"thumbnailUrl\":\"https:\/\/www.travel3.com.br\/site\/wp-content\/uploads\/2021\/09\/Adriana_Sagui-.jpeg\",\"keywords\":[\"Diversa\",\"Diversa Turismo\",\"Sagui\"],\"articleSection\":[\"Acontece no Turismo\",\"Destaque\",\"Operadoras\"],\"inLanguage\":\"pt-BR\",\"potentialAction\":[{\"@type\":\"CommentAction\",\"name\":\"Comment\",\"target\":[\"https:\/\/www.travel3.com.br\/site\/acontece-no-turismo\/operadoras\/diversa-anuncia-mudancas-no-time-de-produtos-nacionais\/#respond\"]}]},{\"@type\":\"WebPage\",\"@id\":\"https:\/\/www.travel3.com.br\/site\/acontece-no-turismo\/operadoras\/diversa-anuncia-mudancas-no-time-de-produtos-nacionais\/\",\"url\":\"https:\/\/www.travel3.com.br\/site\/acontece-no-turismo\/operadoras\/diversa-anuncia-mudancas-no-time-de-produtos-nacionais\/\",\"name\":\"Diversa anuncia mudan\u00e7as no time de produtos nacionais - Travel3\",\"isPartOf\":{\"@id\":\"https:\/\/www.travel3.com.br\/site\/#website\"},\"primaryImageOfPage\":{\"@id\":\"https:\/\/www.travel3.com.br\/site\/acontece-no-turismo\/operadoras\/diversa-anuncia-mudancas-no-time-de-produtos-nacionais\/#primaryimage\"},\"image\":{\"@id\":\"https:\/\/www.travel3.com.br\/site\/acontece-no-turismo\/operadoras\/diversa-anuncia-mudancas-no-time-de-produtos-nacionais\/#primaryimage\"},\"thumbnailUrl\":\"https:\/\/www.travel3.com.br\/site\/wp-content\/uploads\/2021\/09\/Adriana_Sagui-.jpeg\",\"datePublished\":\"2021-09-10T09:49:34+00:00\",\"dateModified\":\"2021-09-10T18:09:36+00:00\",\"description\":\"Diversa anuncia mudan\u00e7as no time de produtos nacionais; Erivaldo Silva, mais conhecido como Sagui, assume no lugar de Rafael Ortiz, que deixa a operadora\",\"breadcrumb\":{\"@id\":\"https:\/\/www.travel3.com.br\/site\/acontece-no-turismo\/operadoras\/diversa-anuncia-mudancas-no-time-de-produtos-nacionais\/#breadcrumb\"},\"inLanguage\":\"pt-BR\",\"potentialAction\":[{\"@type\":\"ReadAction\",\"target\":[\"https:\/\/www.travel3.com.br\/site\/acontece-no-turismo\/operadoras\/diversa-anuncia-mudancas-no-time-de-produtos-nacionais\/\"]}]},{\"@type\":\"ImageObject\",\"inLanguage\":\"pt-BR\",\"@id\":\"https:\/\/www.travel3.com.br\/site\/acontece-no-turismo\/operadoras\/diversa-anuncia-mudancas-no-time-de-produtos-nacionais\/#primaryimage\",\"url\":\"https:\/\/www.travel3.com.br\/site\/wp-content\/uploads\/2021\/09\/Adriana_Sagui-.jpeg\",\"contentUrl\":\"https:\/\/www.travel3.com.br\/site\/wp-content\/uploads\/2021\/09\/Adriana_Sagui-.jpeg\",\"width\":1600,\"height\":1200,\"caption\":\"Adriana Fredericce\ufeff e Erivaldo Silva (Foto: Divulga\u00e7\u00e3o)\"},{\"@type\":\"BreadcrumbList\",\"@id\":\"https:\/\/www.travel3.com.br\/site\/acontece-no-turismo\/operadoras\/diversa-anuncia-mudancas-no-time-de-produtos-nacionais\/#breadcrumb\",\"itemListElement\":[{\"@type\":\"ListItem\",\"position\":1,\"name\":\"In\u00edcio\",\"item\":\"https:\/\/www.travel3.com.br\/site\/\"},{\"@type\":\"ListItem\",\"position\":2,\"name\":\"Diversa anuncia mudan\u00e7as no time de produtos nacionais\"}]},{\"@type\":\"WebSite\",\"@id\":\"https:\/\/www.travel3.com.br\/site\/#website\",\"url\":\"https:\/\/www.travel3.com.br\/site\/\",\"name\":\"Travel3\",\"description\":\"Lazer + Neg&oacute;cios + Aventura\",\"publisher\":{\"@id\":\"https:\/\/www.travel3.com.br\/site\/#organization\"},\"potentialAction\":[{\"@type\":\"SearchAction\",\"target\":{\"@type\":\"EntryPoint\",\"urlTemplate\":\"https:\/\/www.travel3.com.br\/site\/?s={search_term_string}\"},\"query-input\":{\"@type\":\"PropertyValueSpecification\",\"valueRequired\":true,\"valueName\":\"search_term_string\"}}],\"inLanguage\":\"pt-BR\"},{\"@type\":\"Organization\",\"@id\":\"https:\/\/www.travel3.com.br\/site\/#organization\",\"name\":\"Travel3\",\"url\":\"https:\/\/www.travel3.com.br\/site\/\",\"logo\":{\"@type\":\"ImageObject\",\"inLanguage\":\"pt-BR\",\"@id\":\"https:\/\/www.travel3.com.br\/site\/#\/schema\/logo\/image\/\",\"url\":\"https:\/\/www.travel3.com.br\/site\/wp-content\/uploads\/2020\/01\/logo-travel3-2020.png\",\"contentUrl\":\"https:\/\/www.travel3.com.br\/site\/wp-content\/uploads\/2020\/01\/logo-travel3-2020.png\",\"width\":232,\"height\":79,\"caption\":\"Travel3\"},\"image\":{\"@id\":\"https:\/\/www.travel3.com.br\/site\/#\/schema\/logo\/image\/\"},\"sameAs\":[\"https:\/\/www.facebook.com\/travel3media\/\",\"https:\/\/www.instagram.com\/revistatravel3\/\",\"https:\/\/www.youtube.com\/channel\/UCno7J4paGBR3VbZQzvoJ9Eg\"]},{\"@type\":\"Person\",\"@id\":\"https:\/\/www.travel3.com.br\/site\/#\/schema\/person\/9cff8daac0a2f1aa0799f827b8aa8308\",\"name\":\"Reda\u00e7\u00e3o Travel3\",\"image\":{\"@type\":\"ImageObject\",\"inLanguage\":\"pt-BR\",\"@id\":\"https:\/\/www.travel3.com.br\/site\/#\/schema\/person\/image\/\",\"url\":\"https:\/\/secure.gravatar.com\/avatar\/6e6125525e1f04b7b8c607d71556e490?s=96&d=mm&r=g\",\"contentUrl\":\"https:\/\/secure.gravatar.com\/avatar\/6e6125525e1f04b7b8c607d71556e490?s=96&d=mm&r=g\",\"caption\":\"Reda\u00e7\u00e3o Travel3\"},\"sameAs\":[\"http:\/\/www.travel3.com.br\"],\"url\":\"https:\/\/www.travel3.com.br\/site\/author\/redacao2\/\"}]}<\/script>\n<!-- \/ Yoast SEO plugin. -->","yoast_head_json":{"title":"Diversa anuncia mudan\u00e7as no time de produtos nacionais - Travel3","description":"Diversa anuncia mudan\u00e7as no time de produtos nacionais; Erivaldo Silva, mais conhecido como Sagui, assume no lugar de Rafael Ortiz, que deixa a operadora","robots":{"index":"index","follow":"follow","max-snippet":"max-snippet:-1","max-image-preview":"max-image-preview:large","max-video-preview":"max-video-preview:-1"},"canonical":"https:\/\/www.travel3.com.br\/site\/acontece-no-turismo\/operadoras\/diversa-anuncia-mudancas-no-time-de-produtos-nacionais\/","og_locale":"pt_BR","og_type":"article","og_title":"Diversa anuncia mudan\u00e7as no time de produtos nacionais - Travel3","og_description":"Diversa anuncia mudan\u00e7as no time de produtos nacionais; Erivaldo Silva, mais conhecido como Sagui, assume no lugar de Rafael Ortiz, que deixa a operadora","og_url":"https:\/\/www.travel3.com.br\/site\/acontece-no-turismo\/operadoras\/diversa-anuncia-mudancas-no-time-de-produtos-nacionais\/","og_site_name":"Travel3","article_publisher":"https:\/\/www.facebook.com\/travel3media\/","article_published_time":"2021-09-10T09:49:34+00:00","article_modified_time":"2021-09-10T18:09:36+00:00","og_image":[{"width":1600,"height":1200,"url":"https:\/\/www.travel3.com.br\/site\/wp-content\/uploads\/2021\/09\/Adriana_Sagui-.jpeg","type":"image\/jpeg"}],"author":"Reda\u00e7\u00e3o Travel3","twitter_card":"summary_large_image","twitter_misc":{"Escrito por":"Reda\u00e7\u00e3o Travel3","Est. tempo de leitura":"1 minuto"},"schema":{"@context":"https:\/\/schema.org","@graph":[{"@type":"Article","@id":"https:\/\/www.travel3.com.br\/site\/acontece-no-turismo\/operadoras\/diversa-anuncia-mudancas-no-time-de-produtos-nacionais\/#article","isPartOf":{"@id":"https:\/\/www.travel3.com.br\/site\/acontece-no-turismo\/operadoras\/diversa-anuncia-mudancas-no-time-de-produtos-nacionais\/"},"author":{"name":"Reda\u00e7\u00e3o Travel3","@id":"https:\/\/www.travel3.com.br\/site\/#\/schema\/person\/9cff8daac0a2f1aa0799f827b8aa8308"},"headline":"Diversa anuncia mudan\u00e7as no time de produtos nacionais","datePublished":"2021-09-10T09:49:34+00:00","dateModified":"2021-09-10T18:09:36+00:00","mainEntityOfPage":{"@id":"https:\/\/www.travel3.com.br\/site\/acontece-no-turismo\/operadoras\/diversa-anuncia-mudancas-no-time-de-produtos-nacionais\/"},"wordCount":250,"commentCount":0,"publisher":{"@id":"https:\/\/www.travel3.com.br\/site\/#organization"},"image":{"@id":"https:\/\/www.travel3.com.br\/site\/acontece-no-turismo\/operadoras\/diversa-anuncia-mudancas-no-time-de-produtos-nacionais\/#primaryimage"},"thumbnailUrl":"https:\/\/www.travel3.com.br\/site\/wp-content\/uploads\/2021\/09\/Adriana_Sagui-.jpeg","keywords":["Diversa","Diversa Turismo","Sagui"],"articleSection":["Acontece no Turismo","Destaque","Operadoras"],"inLanguage":"pt-BR","potentialAction":[{"@type":"CommentAction","name":"Comment","target":["https:\/\/www.travel3.com.br\/site\/acontece-no-turismo\/operadoras\/diversa-anuncia-mudancas-no-time-de-produtos-nacionais\/#respond"]}]},{"@type":"WebPage","@id":"https:\/\/www.travel3.com.br\/site\/acontece-no-turismo\/operadoras\/diversa-anuncia-mudancas-no-time-de-produtos-nacionais\/","url":"https:\/\/www.travel3.com.br\/site\/acontece-no-turismo\/operadoras\/diversa-anuncia-mudancas-no-time-de-produtos-nacionais\/","name":"Diversa anuncia mudan\u00e7as no time de produtos nacionais - Travel3","isPartOf":{"@id":"https:\/\/www.travel3.com.br\/site\/#website"},"primaryImageOfPage":{"@id":"https:\/\/www.travel3.com.br\/site\/acontece-no-turismo\/operadoras\/diversa-anuncia-mudancas-no-time-de-produtos-nacionais\/#primaryimage"},"image":{"@id":"https:\/\/www.travel3.com.br\/site\/acontece-no-turismo\/operadoras\/diversa-anuncia-mudancas-no-time-de-produtos-nacionais\/#primaryimage"},"thumbnailUrl":"https:\/\/www.travel3.com.br\/site\/wp-content\/uploads\/2021\/09\/Adriana_Sagui-.jpeg","datePublished":"2021-09-10T09:49:34+00:00","dateModified":"2021-09-10T18:09:36+00:00","description":"Diversa anuncia mudan\u00e7as no time de produtos nacionais; Erivaldo Silva, mais conhecido como Sagui, assume no lugar de Rafael Ortiz, que deixa a operadora","breadcrumb":{"@id":"https:\/\/www.travel3.com.br\/site\/acontece-no-turismo\/operadoras\/diversa-anuncia-mudancas-no-time-de-produtos-nacionais\/#breadcrumb"},"inLanguage":"pt-BR","potentialAction":[{"@type":"ReadAction","target":["https:\/\/www.travel3.com.br\/site\/acontece-no-turismo\/operadoras\/diversa-anuncia-mudancas-no-time-de-produtos-nacionais\/"]}]},{"@type":"ImageObject","inLanguage":"pt-BR","@id":"https:\/\/www.travel3.com.br\/site\/acontece-no-turismo\/operadoras\/diversa-anuncia-mudancas-no-time-de-produtos-nacionais\/#primaryimage","url":"https:\/\/www.travel3.com.br\/site\/wp-content\/uploads\/2021\/09\/Adriana_Sagui-.jpeg","contentUrl":"https:\/\/www.travel3.com.br\/site\/wp-content\/uploads\/2021\/09\/Adriana_Sagui-.jpeg","width":1600,"height":1200,"caption":"Adriana Fredericce\ufeff e Erivaldo Silva (Foto: Divulga\u00e7\u00e3o)"},{"@type":"BreadcrumbList","@id":"https:\/\/www.travel3.com.br\/site\/acontece-no-turismo\/operadoras\/diversa-anuncia-mudancas-no-time-de-produtos-nacionais\/#breadcrumb","itemListElement":[{"@type":"ListItem","position":1,"name":"In\u00edcio","item":"https:\/\/www.travel3.com.br\/site\/"},{"@type":"ListItem","position":2,"name":"Diversa anuncia mudan\u00e7as no time de produtos nacionais"}]},{"@type":"WebSite","@id":"https:\/\/www.travel3.com.br\/site\/#website","url":"https:\/\/www.travel3.com.br\/site\/","name":"Travel3","description":"Lazer + Neg&oacute;cios + Aventura","publisher":{"@id":"https:\/\/www.travel3.com.br\/site\/#organization"},"potentialAction":[{"@type":"SearchAction","target":{"@type":"EntryPoint","urlTemplate":"https:\/\/www.travel3.com.br\/site\/?s={search_term_string}"},"query-input":{"@type":"PropertyValueSpecification","valueRequired":true,"valueName":"search_term_string"}}],"inLanguage":"pt-BR"},{"@type":"Organization","@id":"https:\/\/www.travel3.com.br\/site\/#organization","name":"Travel3","url":"https:\/\/www.travel3.com.br\/site\/","logo":{"@type":"ImageObject","inLanguage":"pt-BR","@id":"https:\/\/www.travel3.com.br\/site\/#\/schema\/logo\/image\/","url":"https:\/\/www.travel3.com.br\/site\/wp-content\/uploads\/2020\/01\/logo-travel3-2020.png","contentUrl":"https:\/\/www.travel3.com.br\/site\/wp-content\/uploads\/2020\/01\/logo-travel3-2020.png","width":232,"height":79,"caption":"Travel3"},"image":{"@id":"https:\/\/www.travel3.com.br\/site\/#\/schema\/logo\/image\/"},"sameAs":["https:\/\/www.facebook.com\/travel3media\/","https:\/\/www.instagram.com\/revistatravel3\/","https:\/\/www.youtube.com\/channel\/UCno7J4paGBR3VbZQzvoJ9Eg"]},{"@type":"Person","@id":"https:\/\/www.travel3.com.br\/site\/#\/schema\/person\/9cff8daac0a2f1aa0799f827b8aa8308","name":"Reda\u00e7\u00e3o Travel3","image":{"@type":"ImageObject","inLanguage":"pt-BR","@id":"https:\/\/www.travel3.com.br\/site\/#\/schema\/person\/image\/","url":"https:\/\/secure.gravatar.com\/avatar\/6e6125525e1f04b7b8c607d71556e490?s=96&d=mm&r=g","contentUrl":"https:\/\/secure.gravatar.com\/avatar\/6e6125525e1f04b7b8c607d71556e490?s=96&d=mm&r=g","caption":"Reda\u00e7\u00e3o Travel3"},"sameAs":["http:\/\/www.travel3.com.br"],"url":"https:\/\/www.travel3.com.br\/site\/author\/redacao2\/"}]}},"_links":{"self":[{"href":"https:\/\/www.travel3.com.br\/site\/wp-json\/wp\/v2\/posts\/42740","targetHints":{"allow":["GET"]}}],"collection":[{"href":"https:\/\/www.travel3.com.br\/site\/wp-json\/wp\/v2\/posts"}],"about":[{"href":"https:\/\/www.travel3.com.br\/site\/wp-json\/wp\/v2\/types\/post"}],"author":[{"embeddable":true,"href":"https:\/\/www.travel3.com.br\/site\/wp-json\/wp\/v2\/users\/6"}],"replies":[{"embeddable":true,"href":"https:\/\/www.travel3.com.br\/site\/wp-json\/wp\/v2\/comments?post=42740"}],"version-history":[{"count":1,"href":"https:\/\/www.travel3.com.br\/site\/wp-json\/wp\/v2\/posts\/42740\/revisions"}],"predecessor-version":[{"id":42742,"href":"https:\/\/www.travel3.com.br\/site\/wp-json\/wp\/v2\/posts\/42740\/revisions\/42742"}],"wp:featuredmedia":[{"embeddable":true,"href":"https:\/\/www.travel3.com.br\/site\/wp-json\/wp\/v2\/media\/42741"}],"wp:attachment":[{"href":"https:\/\/www.travel3.com.br\/site\/wp-json\/wp\/v2\/media?parent=42740"}],"wp:term":[{"taxonomy":"category","embeddable":true,"href":"https:\/\/www.travel3.com.br\/site\/wp-json\/wp\/v2\/categories?post=42740"},{"taxonomy":"post_tag","embeddable":true,"href":"https:\/\/www.travel3.com.br\/site\/wp-json\/wp\/v2\/tags?post=42740"}],"curies":[{"name":"wp","href":"https:\/\/api.w.org\/{rel}","templated":true}]}}