{"id":42608,"date":"2023-07-23T08:10:00","date_gmt":"2023-07-23T11:10:00","guid":{"rendered":"https:\/\/www.travel3.com.br\/?p=42608"},"modified":"2024-03-28T09:08:17","modified_gmt":"2024-03-28T12:08:17","slug":"bruxelas-porque-voce-precisa-conhecer","status":"publish","type":"post","link":"https:\/\/www.travel3.com.br\/site\/destinos\/bruxelas-porque-voce-precisa-conhecer\/","title":{"rendered":"Bruxelas = Por que voc\u00ea precisa conhecer a capital da B\u00e9lgica"},"content":{"rendered":"\n<h2 class=\"has-text-align-center wp-block-heading\"><strong>De A a Z, uma sele\u00e7\u00e3o de atra\u00e7\u00f5es e destinos imperd\u00edveis<\/strong><\/h2>\n\n\n\n<p class=\"has-medium-font-size\">Bruxelas \u00e9 a capital da B\u00e9lgica, um pa\u00eds encantador que, aos olhos do viajante, pode parecer um pa\u00eds encantado. A culpa \u00e9 dos t\u00edpicos cen\u00e1rios europeus combinados com a arquitetura medieval muito bem preservada. <\/p>\n\n\n\n<p class=\"has-medium-font-size\">Uma viagem pela B\u00e9lgica significa ver castelos a todo momento. O pa\u00eds possui a maior concentra\u00e7\u00e3o do mundo desse tipo de constru\u00e7\u00e3o. Eles est\u00e3o encravados no alto das montanhas, espelhados nas \u00e1guas de lagos serenos, escondidos dentro de altos muros.<\/p>\n\n\n\n<p class=\"has-medium-font-size\">E nada como um castelo para fazer qualquer um embarcar nas viagens da imagina\u00e7\u00e3o. Some \u00e0 paisagem as fortalezas que ziguezagueiam pelas encostas; as igrejas com torres pontiagudas; os campan\u00e1rios de onde ecoam sinos antigos; as grossas paredes de pedra e as ruas com cal\u00e7amentos centen\u00e1rios, para completar uma cole\u00e7\u00e3o de imagens inesquec\u00edveis. Juntas, elas comp\u00f5em um dos mais belos cart\u00f5es postais do Velho Continente.<\/p>\n\n\n\n<p class=\"has-medium-font-size\">Engana-se, por\u00e9m, quem pensa que o territ\u00f3rio belga abriga apenas atra\u00e7\u00f5es hist\u00f3ricas. Esse pequenino pa\u00eds, cerca de 20 vezes menor que a Fran\u00e7a e pouco maior do que o estado de Alagoas, continua ditando tend\u00eancias e escrevendo a hist\u00f3ria.<\/p>\n\n\n\n<p class=\"has-medium-font-size\">N\u00e3o por acaso, \u00e9 sede da OTAN e da Uni\u00e3o Europeia. E se a B\u00e9lgica n\u00e3o tivesse nenhuma das suas fant\u00e1sticas atra\u00e7\u00f5es, ainda assim, seria conhecida como o pa\u00eds que produz o melhor chocolate, o melhor waffle, a melhor batata frita e a melhor cerveja do mundo.<\/p>\n\n\n\n<p class=\"has-medium-font-size\">Se voc\u00ea sonha em conhecer a B\u00e9lgica, Bruxelas \u00e9 o seu port\u00e3o de entrada. J\u00e1 se voc\u00ea conhece a cidade e quer ter uma viv\u00eancia mais profunda do pa\u00eds, comece ou termine seu roteiro em Bruxelas para deixar suas experi\u00eancias mais coloridas. Seja voc\u00ea um turista de 1\u00aa ou de muitas viagens, vale a pena embarcar neste roteiro de A \u00e0 Z por Bruxelas e seus arredores.<\/p>\n\n\n\n<div class=\"wp-block-image\"><figure class=\"aligncenter size-large\"><img loading=\"lazy\" decoding=\"async\" width=\"1024\" height=\"580\" src=\"https:\/\/www.travel3.com.br\/site\/wp-content\/uploads\/2023\/08\/2-Bruxelas-Atomium-atomium-todayout-343-Version-2-\u00a9-Simon-Schmitt-www.globalview.be-www.atomium.be-SABAM-1024x580_Easy-Resize.com_-1024x580.jpg\" alt=\"Atomium, em Bruxelas\" class=\"wp-image-62027\" srcset=\"https:\/\/www.travel3.com.br\/site\/wp-content\/uploads\/2023\/08\/2-Bruxelas-Atomium-atomium-todayout-343-Version-2-\u00a9-Simon-Schmitt-www.globalview.be-www.atomium.be-SABAM-1024x580_Easy-Resize.com_-1024x580.jpg 1024w, https:\/\/www.travel3.com.br\/site\/wp-content\/uploads\/2023\/08\/2-Bruxelas-Atomium-atomium-todayout-343-Version-2-\u00a9-Simon-Schmitt-www.globalview.be-www.atomium.be-SABAM-1024x580_Easy-Resize.com_-300x170.jpg 300w, https:\/\/www.travel3.com.br\/site\/wp-content\/uploads\/2023\/08\/2-Bruxelas-Atomium-atomium-todayout-343-Version-2-\u00a9-Simon-Schmitt-www.globalview.be-www.atomium.be-SABAM-1024x580_Easy-Resize.com_-768x435.jpg 768w, https:\/\/www.travel3.com.br\/site\/wp-content\/uploads\/2023\/08\/2-Bruxelas-Atomium-atomium-todayout-343-Version-2-\u00a9-Simon-Schmitt-www.globalview.be-www.atomium.be-SABAM-1024x580_Easy-Resize.com_-150x85.jpg 150w, https:\/\/www.travel3.com.br\/site\/wp-content\/uploads\/2023\/08\/2-Bruxelas-Atomium-atomium-todayout-343-Version-2-\u00a9-Simon-Schmitt-www.globalview.be-www.atomium.be-SABAM-1024x580_Easy-Resize.com_-750x425.jpg 750w, https:\/\/www.travel3.com.br\/site\/wp-content\/uploads\/2023\/08\/2-Bruxelas-Atomium-atomium-todayout-343-Version-2-\u00a9-Simon-Schmitt-www.globalview.be-www.atomium.be-SABAM-1024x580_Easy-Resize.com_-1140x646.jpg 1140w, https:\/\/www.travel3.com.br\/site\/wp-content\/uploads\/2023\/08\/2-Bruxelas-Atomium-atomium-todayout-343-Version-2-\u00a9-Simon-Schmitt-www.globalview.be-www.atomium.be-SABAM-1024x580_Easy-Resize.com_.jpg 1280w\" sizes=\"auto, (max-width: 1024px) 100vw, 1024px\" \/><figcaption>Atomium, em Bruxelas (Foto: Andr\u221a\u00a9 Waterkeyn 1958 \u00a9 Simon Schmitt &#8211; visit.brussels\/Divulga\u00e7\u00e3o)<\/figcaption><\/figure><\/div>\n\n\n\n<h2 class=\"has-text-align-center wp-block-heading\"><strong>A<\/strong><\/h2>\n\n\n\n<h2 class=\"wp-block-heading\">Atomium <\/h2>\n\n\n\n<p class=\"has-medium-font-size\">Atra\u00e7\u00e3o mais popular e visitada de Bruxelas, a escultura representando um \u00e1tomo foi criada especialmente para a Feira Mundial de Bruxelas, a Expo 58. As 9 esferas de metal brilhante representam um \u00fanico e microsc\u00f3pico cristal de ferro, ampliado 165 bilh\u00f5es de vezes. Quem visita o local pode conhecer a hist\u00f3ria do Atomium atrav\u00e9s de uma exposi\u00e7\u00e3o permanente, almo\u00e7ar no restaurante panor\u00e2mico de especialidades belgas e terminar fazendo compras na loja da atra\u00e7\u00e3o, repleta de presentes e souvenir criativos.<\/p>\n\n\n\n<h2 class=\"has-text-align-center wp-block-heading\"><strong>B<\/strong><\/h2>\n\n\n\n<h2 class=\"wp-block-heading\"><strong>Bruxelas\n&nbsp;<\/strong><\/h2>\n\n\n\n<p class=\"has-medium-font-size\">Com pouco mais de 2 milh\u00f5es\nde habitantes, a capital da B\u00e9lgica \u00e9 tamb\u00e9m a capital da Europa, j\u00e1 que a sede\nda Uni\u00e3o Europeia fica na cidade. Cosmopolita e hospitaleira, \u00e9 um destino para\nviajantes de todas as idades e estilos. Hist\u00f3ria, gastronomia, divers\u00e3o e\nentretenimento, design, moda e divertidas curiosidades est\u00e3o entre suas\nprincipais atra\u00e7\u00f5es. Bruxelas \u00e9 a capital da B\u00e9lgica e da Europa + o principal port\u00e3o\nde entrada belga + o destino mais popular entre os viajantes que sonham em\nconhecer o pa\u00eds.<\/p>\n\n\n\n<div class=\"wp-block-image\"><figure class=\"aligncenter size-large\"><img loading=\"lazy\" decoding=\"async\" width=\"1024\" height=\"683\" src=\"https:\/\/www.travel3.com.br\/site\/wp-content\/uploads\/2023\/08\/3BruxelsEDAN2164.3-1024x683_Easy-Resize.com_-1024x683.jpg\" alt=\"Laurent Gerbaud Chocolatier\" class=\"wp-image-62029\" srcset=\"https:\/\/www.travel3.com.br\/site\/wp-content\/uploads\/2023\/08\/3BruxelsEDAN2164.3-1024x683_Easy-Resize.com_-1024x683.jpg 1024w, https:\/\/www.travel3.com.br\/site\/wp-content\/uploads\/2023\/08\/3BruxelsEDAN2164.3-1024x683_Easy-Resize.com_-300x200.jpg 300w, https:\/\/www.travel3.com.br\/site\/wp-content\/uploads\/2023\/08\/3BruxelsEDAN2164.3-1024x683_Easy-Resize.com_-768x512.jpg 768w, https:\/\/www.travel3.com.br\/site\/wp-content\/uploads\/2023\/08\/3BruxelsEDAN2164.3-1024x683_Easy-Resize.com_-150x100.jpg 150w, https:\/\/www.travel3.com.br\/site\/wp-content\/uploads\/2023\/08\/3BruxelsEDAN2164.3-1024x683_Easy-Resize.com_-750x500.jpg 750w, https:\/\/www.travel3.com.br\/site\/wp-content\/uploads\/2023\/08\/3BruxelsEDAN2164.3-1024x683_Easy-Resize.com_-1140x761.jpg 1140w, https:\/\/www.travel3.com.br\/site\/wp-content\/uploads\/2023\/08\/3BruxelsEDAN2164.3-1024x683_Easy-Resize.com_.jpg 1280w\" sizes=\"auto, (max-width: 1024px) 100vw, 1024px\" \/><figcaption>Laurent Gerbaud Chocolatier (Foto: \u00a9 Visit Brussels\/Divulga\u00e7\u00e3o)<\/figcaption><\/figure><\/div>\n\n\n\n<h2 class=\"has-text-align-center wp-block-heading\"><strong>C<\/strong><\/h2>\n\n\n\n<h2 class=\"has-text-align-center wp-block-heading\"><strong>Chocolate\n&amp; Cerveja <\/strong><\/h2>\n\n\n\n<p class=\"has-medium-font-size\">Para os apaixonados por chocolates e cervejas, Bruxelas \u00e9 o destino perfeito. Conhecimentos cient\u00edficos, compet\u00eancia, t\u00e9cnica de alto n\u00edvel e muito rigor,  transformaram a melhor mat\u00e9ria prima no melhor produto.<\/p>\n\n\n\n<p class=\"has-medium-font-size\">Fazer o <strong>Tour do Chocolate<\/strong> \u00e9 uma atra\u00e7\u00e3o imperd\u00edvel para os f\u00e3s da\niguaria. Durante o passeio \u00e9 poss\u00edvel conhecer e degustar produtos de marcas\nfamosas = Darcis + Godiva + Laurent Gerbaud + Maison Dandoy + Neuhaus, entre\noutras.<\/p>\n\n\n\n<div class=\"wp-block-image\"><figure class=\"aligncenter size-large\"><img loading=\"lazy\" decoding=\"async\" width=\"1024\" height=\"683\" src=\"https:\/\/www.travel3.com.br\/site\/wp-content\/uploads\/2023\/08\/4Belgian-Beer-Weekend_JPR7228-\u00a9-visit.brussels-Jean-Paul-Remy.3-1024x683_Easy-Resize.com_-1024x683.jpg\" alt=\"cerveja Brussels\" class=\"wp-image-62031\" srcset=\"https:\/\/www.travel3.com.br\/site\/wp-content\/uploads\/2023\/08\/4Belgian-Beer-Weekend_JPR7228-\u00a9-visit.brussels-Jean-Paul-Remy.3-1024x683_Easy-Resize.com_-1024x683.jpg 1024w, https:\/\/www.travel3.com.br\/site\/wp-content\/uploads\/2023\/08\/4Belgian-Beer-Weekend_JPR7228-\u00a9-visit.brussels-Jean-Paul-Remy.3-1024x683_Easy-Resize.com_-300x200.jpg 300w, https:\/\/www.travel3.com.br\/site\/wp-content\/uploads\/2023\/08\/4Belgian-Beer-Weekend_JPR7228-\u00a9-visit.brussels-Jean-Paul-Remy.3-1024x683_Easy-Resize.com_-768x512.jpg 768w, https:\/\/www.travel3.com.br\/site\/wp-content\/uploads\/2023\/08\/4Belgian-Beer-Weekend_JPR7228-\u00a9-visit.brussels-Jean-Paul-Remy.3-1024x683_Easy-Resize.com_-150x100.jpg 150w, https:\/\/www.travel3.com.br\/site\/wp-content\/uploads\/2023\/08\/4Belgian-Beer-Weekend_JPR7228-\u00a9-visit.brussels-Jean-Paul-Remy.3-1024x683_Easy-Resize.com_-750x500.jpg 750w, https:\/\/www.travel3.com.br\/site\/wp-content\/uploads\/2023\/08\/4Belgian-Beer-Weekend_JPR7228-\u00a9-visit.brussels-Jean-Paul-Remy.3-1024x683_Easy-Resize.com_-1140x761.jpg 1140w, https:\/\/www.travel3.com.br\/site\/wp-content\/uploads\/2023\/08\/4Belgian-Beer-Weekend_JPR7228-\u00a9-visit.brussels-Jean-Paul-Remy.3-1024x683_Easy-Resize.com_.jpg 1280w\" sizes=\"auto, (max-width: 1024px) 100vw, 1024px\" \/><figcaption>(Foto: \u00a9 visit.brussels &#8211; Jean-Paul Remy\/ Divulga\u00e7\u00e3o)<\/figcaption><\/figure><\/div>\n\n\n\n<p class=\"has-medium-font-size\">Tombada pela UNESCO como Patrim\u00f4nio Cultural, a cerveja \u00e9 tamb\u00e9m motivo de orgulho dos belgas, tamanha a sua qualidade e o seu sabor. Quem quer brindar sua estadia em Bruxelas pode embarcar no <strong>Tour Cervejeiro<\/strong>. Ao final do passeio voc\u00ea poder\u00e1 dizer que se tornou um especialista em cerveja belga. Outra op\u00e7\u00e3o \u00e9 o <a rel=\"noreferrer noopener\" aria-label=\"Brussels Beer Project (opens in a new tab)\" href=\"https:\/\/www.beerproject.be\/en\ufeff\" target=\"_blank\">Brussels Beer Project<\/a>, onde voc\u00ea encontra uma cervejaria com sommeliers cervejeiros que falam portugu\u00eas.<\/p>\n\n\n\n<p class=\"has-medium-font-size\">Na Grand-Place est\u00e3o os museus\nda cerveja e do chocolate. J\u00e1 a cidade de Leuven \u00e9 patrim\u00f4nio da UNESCO e\ncapital da cerveja belga. <\/p>\n\n\n\n<div class=\"wp-block-image\"><figure class=\"aligncenter size-large\"><img loading=\"lazy\" decoding=\"async\" width=\"1024\" height=\"682\" src=\"https:\/\/www.travel3.com.br\/site\/wp-content\/uploads\/2023\/08\/5estacao-central-bruxelas-1024x682_Easy-Resize.com_-1024x682.jpg\" alt=\"Esta\u00e7\u00e3o central conecta Bruxelas\" class=\"wp-image-62035\" srcset=\"https:\/\/www.travel3.com.br\/site\/wp-content\/uploads\/2023\/08\/5estacao-central-bruxelas-1024x682_Easy-Resize.com_-1024x682.jpg 1024w, https:\/\/www.travel3.com.br\/site\/wp-content\/uploads\/2023\/08\/5estacao-central-bruxelas-1024x682_Easy-Resize.com_-300x200.jpg 300w, https:\/\/www.travel3.com.br\/site\/wp-content\/uploads\/2023\/08\/5estacao-central-bruxelas-1024x682_Easy-Resize.com_-768x512.jpg 768w, https:\/\/www.travel3.com.br\/site\/wp-content\/uploads\/2023\/08\/5estacao-central-bruxelas-1024x682_Easy-Resize.com_-150x100.jpg 150w, https:\/\/www.travel3.com.br\/site\/wp-content\/uploads\/2023\/08\/5estacao-central-bruxelas-1024x682_Easy-Resize.com_-750x500.jpg 750w, https:\/\/www.travel3.com.br\/site\/wp-content\/uploads\/2023\/08\/5estacao-central-bruxelas-1024x682_Easy-Resize.com_-1140x760.jpg 1140w, https:\/\/www.travel3.com.br\/site\/wp-content\/uploads\/2023\/08\/5estacao-central-bruxelas-1024x682_Easy-Resize.com_.jpg 1280w\" sizes=\"auto, (max-width: 1024px) 100vw, 1024px\" \/><figcaption>Esta\u00e7\u00e3o central conecta Bruxelas (Foto: Divulga\u00e7\u00e3o)<\/figcaption><\/figure><\/div>\n\n\n\n<h2 class=\"has-text-align-center wp-block-heading\"><strong>D<\/strong><\/h2>\n\n\n\n<h2 class=\"wp-block-heading\"><strong>Dist\u00e2ncias\n<\/strong><\/h2>\n\n\n\n<p class=\"has-medium-font-size\">A partir de Bruxelas voc\u00ea\nchega de trem at\u00e9 as principais cidades da B\u00e9lgica. Confira as dist\u00e2ncias e planeje\no seu roteiro.<\/p>\n\n\n\n<p class=\"has-medium-font-size\">Antu\u00e9rpia = Cerca de 50\nminutos.<\/p>\n\n\n\n<p class=\"has-medium-font-size\">Bruges = Cerca de 1 hora.<\/p>\n\n\n\n<p class=\"has-medium-font-size\">Charleroi = Cerca de 50\nminutos.<\/p>\n\n\n\n<p class=\"has-medium-font-size\">Dinant = Cerca de 2\nhoras.<\/p>\n\n\n\n<p class=\"has-medium-font-size\">Gent = Cerca de 40 minutos.<\/p>\n\n\n\n<p class=\"has-medium-font-size\">Leuven = Cerca de 30\nminutos.<\/p>\n\n\n\n<p class=\"has-medium-font-size\">Li\u00e9ge = Cerca de 1 hora. <\/p>\n\n\n\n<p class=\"has-medium-font-size\">Spa = Cerca de 3 horas.<\/p>\n\n\n\n<h2 class=\"has-text-align-center wp-block-heading\"><strong>E<\/strong><\/h2>\n\n\n\n<h2 class=\"wp-block-heading\"><strong>Eventos\n<\/strong><\/h2>\n\n\n\n<p class=\"has-medium-font-size\">Do Comic Com Brussels, ao Festival de Natal, Bruxelas sedia mais de 18 mil eventos todos os anos. Viajar para se divertir, descansar e aproveitar para assistir a um concerto ou show, ou ainda participar de um evento de moda, cinema, design ou gastronomia \u00e9 unir temas pessoais aos profissionais, agregando mais valor \u00e0 sua viagem. <\/p>\n\n\n\n<div class=\"wp-block-image\"><figure class=\"aligncenter size-large\"><img loading=\"lazy\" decoding=\"async\" width=\"1024\" height=\"682\" src=\"https:\/\/www.travel3.com.br\/site\/wp-content\/uploads\/2023\/08\/6prefeitura-leuven-belgica-1024x682_Easy-Resize.com_-1024x682.jpg\" alt=\"Prefeitura de Leuvn, na B\u00e9lgica\" class=\"wp-image-62037\" srcset=\"https:\/\/www.travel3.com.br\/site\/wp-content\/uploads\/2023\/08\/6prefeitura-leuven-belgica-1024x682_Easy-Resize.com_-1024x682.jpg 1024w, https:\/\/www.travel3.com.br\/site\/wp-content\/uploads\/2023\/08\/6prefeitura-leuven-belgica-1024x682_Easy-Resize.com_-300x200.jpg 300w, https:\/\/www.travel3.com.br\/site\/wp-content\/uploads\/2023\/08\/6prefeitura-leuven-belgica-1024x682_Easy-Resize.com_-768x512.jpg 768w, https:\/\/www.travel3.com.br\/site\/wp-content\/uploads\/2023\/08\/6prefeitura-leuven-belgica-1024x682_Easy-Resize.com_-150x100.jpg 150w, https:\/\/www.travel3.com.br\/site\/wp-content\/uploads\/2023\/08\/6prefeitura-leuven-belgica-1024x682_Easy-Resize.com_-750x500.jpg 750w, https:\/\/www.travel3.com.br\/site\/wp-content\/uploads\/2023\/08\/6prefeitura-leuven-belgica-1024x682_Easy-Resize.com_-1140x760.jpg 1140w, https:\/\/www.travel3.com.br\/site\/wp-content\/uploads\/2023\/08\/6prefeitura-leuven-belgica-1024x682_Easy-Resize.com_.jpg 1280w\" sizes=\"auto, (max-width: 1024px) 100vw, 1024px\" \/><figcaption>Prefeitura de Leuvn, na B\u00e9lgica (Foto: Divulga\u00e7\u00e3o)<\/figcaption><\/figure><\/div>\n\n\n\n<h2 class=\"has-text-align-center wp-block-heading\"><strong>F<\/strong><\/h2>\n\n\n\n<h2 class=\"wp-block-heading\"><strong>Flanders\n<\/strong><\/h2>\n\n\n\n<p class=\"has-medium-font-size\">\u00c9 o nome dado \u00e0 regi\u00e3o\nNorte da B\u00e9lgica. Cidades ic\u00f4nicas como Antu\u00e9rpia, Bruges, Gent, Leuven e a pr\u00f3pria\nBruxelas est\u00e3o localizadas em Flanders. <\/p>\n\n\n\n<div class=\"wp-block-image\"><figure class=\"aligncenter size-large\"><img loading=\"lazy\" decoding=\"async\" width=\"1024\" height=\"681\" src=\"https:\/\/www.travel3.com.br\/site\/wp-content\/uploads\/2023\/08\/7waffle-cobertura-crema-1024x681_Easy-Resize.com_-1024x681.jpg\" alt=\"Waffles\" class=\"wp-image-62039\" srcset=\"https:\/\/www.travel3.com.br\/site\/wp-content\/uploads\/2023\/08\/7waffle-cobertura-crema-1024x681_Easy-Resize.com_-1024x681.jpg 1024w, https:\/\/www.travel3.com.br\/site\/wp-content\/uploads\/2023\/08\/7waffle-cobertura-crema-1024x681_Easy-Resize.com_-300x199.jpg 300w, https:\/\/www.travel3.com.br\/site\/wp-content\/uploads\/2023\/08\/7waffle-cobertura-crema-1024x681_Easy-Resize.com_-768x511.jpg 768w, https:\/\/www.travel3.com.br\/site\/wp-content\/uploads\/2023\/08\/7waffle-cobertura-crema-1024x681_Easy-Resize.com_-150x100.jpg 150w, https:\/\/www.travel3.com.br\/site\/wp-content\/uploads\/2023\/08\/7waffle-cobertura-crema-1024x681_Easy-Resize.com_-750x499.jpg 750w, https:\/\/www.travel3.com.br\/site\/wp-content\/uploads\/2023\/08\/7waffle-cobertura-crema-1024x681_Easy-Resize.com_-1140x758.jpg 1140w, https:\/\/www.travel3.com.br\/site\/wp-content\/uploads\/2023\/08\/7waffle-cobertura-crema-1024x681_Easy-Resize.com_.jpg 1280w\" sizes=\"auto, (max-width: 1024px) 100vw, 1024px\" \/><figcaption>S\u00e3o diversos os tipos de waffles (Foto: Divulga\u00e7\u00e3o)<\/figcaption><\/figure><\/div>\n\n\n\n<h2 class=\"has-text-align-center wp-block-heading\"><strong>G<\/strong><\/h2>\n\n\n\n<h2 class=\"wp-block-heading\"><strong>Gastronomia\n<\/strong><\/h2>\n\n\n\n<p class=\"has-medium-font-size\">Experimentar a culin\u00e1ria t\u00edpica \u00e9 uma das grandes atra\u00e7\u00f5es de Bruxelas. Imperd\u00edvel \u00e9 degustar os chocolates, as cervejas, os v\u00e1rios tipos de waffles e, \u00e9 claro, a batata frita. Rica em tradi\u00e7\u00e3o e receitas originais, a gastronomia belga inclui pratos deliciosos que voc\u00ea tamb\u00e9m precisa conhecer. Para voc\u00ea acrescentar aquele tempero pessoal \u00e0 sua viagem, inclua no seu roteiro alguns restaurantes que ostentam o selo Brusselicious. A <a rel=\"noreferrer noopener\" aria-label=\"lista (opens in a new tab)\" href=\"https:\/\/visit.brussels\/en\/article\/label-brusselicious\" target=\"_blank\">lista<\/a> apresenta as casas que homenageiam e preservam os valores e ingredientes da aut\u00eantica cozinha belga.&nbsp;<\/p>\n\n\n\n<div class=\"wp-block-image\"><figure class=\"aligncenter size-large\"><img loading=\"lazy\" decoding=\"async\" width=\"1024\" height=\"683\" src=\"https:\/\/www.travel3.com.br\/site\/wp-content\/uploads\/2023\/08\/8Legends-Of-Brussels-promenade-historique_JPR3986-M_\u00a9-visit.brussels-Jean-Paul-Remy.3_Easy-Resize.com_-1024x683.jpg\" alt=\"(Foto: \u00a9 visit.brussels \u2013 Jean-Paul Remy\/Divulga\u00e7\u00e3o)\" class=\"wp-image-62042\" srcset=\"https:\/\/www.travel3.com.br\/site\/wp-content\/uploads\/2023\/08\/8Legends-Of-Brussels-promenade-historique_JPR3986-M_\u00a9-visit.brussels-Jean-Paul-Remy.3_Easy-Resize.com_-1024x683.jpg 1024w, https:\/\/www.travel3.com.br\/site\/wp-content\/uploads\/2023\/08\/8Legends-Of-Brussels-promenade-historique_JPR3986-M_\u00a9-visit.brussels-Jean-Paul-Remy.3_Easy-Resize.com_-300x200.jpg 300w, https:\/\/www.travel3.com.br\/site\/wp-content\/uploads\/2023\/08\/8Legends-Of-Brussels-promenade-historique_JPR3986-M_\u00a9-visit.brussels-Jean-Paul-Remy.3_Easy-Resize.com_-768x512.jpg 768w, https:\/\/www.travel3.com.br\/site\/wp-content\/uploads\/2023\/08\/8Legends-Of-Brussels-promenade-historique_JPR3986-M_\u00a9-visit.brussels-Jean-Paul-Remy.3_Easy-Resize.com_-150x100.jpg 150w, https:\/\/www.travel3.com.br\/site\/wp-content\/uploads\/2023\/08\/8Legends-Of-Brussels-promenade-historique_JPR3986-M_\u00a9-visit.brussels-Jean-Paul-Remy.3_Easy-Resize.com_-750x500.jpg 750w, https:\/\/www.travel3.com.br\/site\/wp-content\/uploads\/2023\/08\/8Legends-Of-Brussels-promenade-historique_JPR3986-M_\u00a9-visit.brussels-Jean-Paul-Remy.3_Easy-Resize.com_-1140x761.jpg 1140w, https:\/\/www.travel3.com.br\/site\/wp-content\/uploads\/2023\/08\/8Legends-Of-Brussels-promenade-historique_JPR3986-M_\u00a9-visit.brussels-Jean-Paul-Remy.3_Easy-Resize.com_.jpg 1280w\" sizes=\"auto, (max-width: 1024px) 100vw, 1024px\" \/><figcaption>(Foto: \u00a9 visit.brussels \u2013 Jean-Paul Remy\/Divulga\u00e7\u00e3o)<\/figcaption><\/figure><\/div>\n\n\n\n<h2 class=\"has-text-align-center wp-block-heading\"><strong>H<\/strong><\/h2>\n\n\n\n<h2 class=\"wp-block-heading\"><strong>Hist\u00f3ria\nem Quadrinhos <\/strong><\/h2>\n\n\n\n<p class=\"has-medium-font-size\">Para os belgas, s\u00e3o 9 os tipos de arte = M\u00fasica + Dan\u00e7a + Pintura + Escultura + Teatro + Literatura + Cinema + Fotografia + Hist\u00f3rias em Quadrinhos. Imprescind\u00edvel para os aficionados do g\u00eanero \u00e9 conhecer o Museu de Hist\u00f3ria em Quadrinhos. E durante a sua visita a Bruxelas fique atento. H\u00e1 v\u00e1rios grafites espalhados pela cidade homenageando personagens como Tim-Tim e os Smurfs, que valem muitas fotos.<\/p>\n\n\n\n<div class=\"wp-block-image\"><figure class=\"aligncenter size-large\"><img loading=\"lazy\" decoding=\"async\" width=\"1024\" height=\"682\" src=\"https:\/\/www.travel3.com.br\/site\/wp-content\/uploads\/2023\/08\/9bruxelas-mont-des-arts_Easy-Resize.com_-1024x682.jpg\" alt=\"Mont des Arts, em Bruxelas\" class=\"wp-image-62044\" srcset=\"https:\/\/www.travel3.com.br\/site\/wp-content\/uploads\/2023\/08\/9bruxelas-mont-des-arts_Easy-Resize.com_-1024x682.jpg 1024w, https:\/\/www.travel3.com.br\/site\/wp-content\/uploads\/2023\/08\/9bruxelas-mont-des-arts_Easy-Resize.com_-300x200.jpg 300w, https:\/\/www.travel3.com.br\/site\/wp-content\/uploads\/2023\/08\/9bruxelas-mont-des-arts_Easy-Resize.com_-768x512.jpg 768w, https:\/\/www.travel3.com.br\/site\/wp-content\/uploads\/2023\/08\/9bruxelas-mont-des-arts_Easy-Resize.com_-150x100.jpg 150w, https:\/\/www.travel3.com.br\/site\/wp-content\/uploads\/2023\/08\/9bruxelas-mont-des-arts_Easy-Resize.com_-750x500.jpg 750w, https:\/\/www.travel3.com.br\/site\/wp-content\/uploads\/2023\/08\/9bruxelas-mont-des-arts_Easy-Resize.com_-1140x760.jpg 1140w, https:\/\/www.travel3.com.br\/site\/wp-content\/uploads\/2023\/08\/9bruxelas-mont-des-arts_Easy-Resize.com_.jpg 1280w\" sizes=\"auto, (max-width: 1024px) 100vw, 1024px\" \/><figcaption>Mont des Arts, em Bruxelas (Foto: Divulga\u00e7\u00e3o)<\/figcaption><\/figure><\/div>\n\n\n\n<h2 class=\"has-text-align-center wp-block-heading\"><strong>I<\/strong><\/h2>\n\n\n\n<h2 class=\"wp-block-heading\"><strong>Imperd\u00edvel\n<\/strong><\/h2>\n\n\n\n<p class=\"has-medium-font-size\">Em Bruxelas, imperd\u00edvel \u00e9\nesperar a tarde chegar para caminhar at\u00e9 o Mont des Arts. Escolha uma \u201ccadeira\nde praia\u201d ou se sente na escadaria ou em um dos bancos de pra\u00e7a, respire fundo\ne observe o p\u00f4r do sol dourar toda a paisagem. Seu passeio vai ficar ainda mais\ngostoso se voc\u00ea saborear um waffle, comprado num dos quiosques mais pr\u00f3ximos.<\/p>\n\n\n\n<h2 class=\"has-text-align-center wp-block-heading\"><strong>J<\/strong><\/h2>\n\n\n\n<h2 class=\"wp-block-heading\"><strong>Jantar\ninesquec\u00edvel <\/strong><\/h2>\n\n\n\n<p class=\"has-medium-font-size\">Comer bem \u00e9, al\u00e9m de um prazer, uma experi\u00eancia que pode agu\u00e7ar os 5 sentidos, fazendo da refei\u00e7\u00e3o um momento inesquec\u00edvel. Para n\u00e3o errar, escolha um dos restaurantes com estrelas Michelin de Bruxelas. Em 1972, o Villa Lorraine foi o 1\u00ba restaurante fora da Fran\u00e7a a ser condecorado com 3 estrelas. Ainda hoje a casa \u00e9 um patrim\u00f4nio da capital da Europa. Atualmente existem mais de 100 restaurantes com estrelas Michelin localizados a menos de 100 km de Bruxelas, o que facilita as possibilidades de criar um jantar inesquec\u00edvel. Confira a lista de <a rel=\"noreferrer noopener\" aria-label=\"restaurantes premiados (opens in a new tab)\" href=\"https:\/\/visit.brussels\/en\/article\/fine-dining-restaurants\" target=\"_blank\"><strong>restaurantes premiados<\/strong><\/a> de Bruxelas.<\/p>\n\n\n\n<h2 class=\"has-text-align-center wp-block-heading\"><strong>K<\/strong><\/h2>\n\n\n\n<h2 class=\"wp-block-heading\"><strong>Kombi\n<\/strong><\/h2>\n\n\n\n<p class=\"has-medium-font-size\">Que tal conhecer a cidade\nnuma Kombi, de bicicleta ou <em>segway<\/em>, ou at\u00e9 mesmo a bordo de um Citroen\nC5? Em Bruxelas \u00e9 poss\u00edvel ainda fazer um <em>jogging tour<\/em>, um taxi-tour e, \u00e9\nclaro, um tour de \u00f4nibus. <\/p>\n\n\n\n<h2 class=\"has-text-align-center wp-block-heading\"><strong>L<\/strong><\/h2>\n\n\n\n<h2 class=\"wp-block-heading\"><strong>Lojas e compras <\/strong> <\/h2>\n\n\n\n<p class=\"has-medium-font-size\">O com\u00e9rcio de Bruxelas inclui das grandes grifes mundiais \u00e0s marcas locais. Um passeio por Bruxelas inclui entrar e sair das casas de chocolates e cervejarias, assim como visitar as famosas lojas de rendas belgas. Essencial \u00e9 visitar o mercado das pulgas de Jeu de Balle Square e o de antiguidades de Grand Sablon. <\/p>\n\n\n\n<h2 class=\"has-text-align-center wp-block-heading\"><strong>M<\/strong><\/h2>\n\n\n\n<h2 class=\"wp-block-heading\"><strong>Museu\ndos Instrumentos Musicais <\/strong><\/h2>\n\n\n\n<p class=\"has-medium-font-size\">O MIM \u2013 Museu dos Instrumentos Musicais \u00e9 uma divers\u00e3o para turistas de todas as idades. O pr\u00e9dio em estilo <em>Art Noveau <\/em>guarda a maior cole\u00e7\u00e3o de instrumentos musicais do mundo. Para completar, seu terra\u00e7o tem uma cafeteria e um restaurante para os viajantes encerrarem sua visita em grande estilo, apreciando a vista panor\u00e2mica da cidade. O Museu dos Instrumentos Musicais representa muito bem a qualidade dos museus que o turista encontrar\u00e1 em Bruxelas.<\/p>\n\n\n\n<div class=\"wp-block-image\"><figure class=\"aligncenter size-large\"><img loading=\"lazy\" decoding=\"async\" width=\"768\" height=\"1024\" src=\"https:\/\/www.travel3.com.br\/site\/wp-content\/uploads\/2023\/08\/10namur-fortaleza-belgica_Easy-Resize.com_-768x1024.jpg\" alt=\"Fortaleza em Namur\" class=\"wp-image-62048\" srcset=\"https:\/\/www.travel3.com.br\/site\/wp-content\/uploads\/2023\/08\/10namur-fortaleza-belgica_Easy-Resize.com_-768x1024.jpg 768w, https:\/\/www.travel3.com.br\/site\/wp-content\/uploads\/2023\/08\/10namur-fortaleza-belgica_Easy-Resize.com_-225x300.jpg 225w, https:\/\/www.travel3.com.br\/site\/wp-content\/uploads\/2023\/08\/10namur-fortaleza-belgica_Easy-Resize.com_-640x853.jpg 640w, https:\/\/www.travel3.com.br\/site\/wp-content\/uploads\/2023\/08\/10namur-fortaleza-belgica_Easy-Resize.com_-150x200.jpg 150w, https:\/\/www.travel3.com.br\/site\/wp-content\/uploads\/2023\/08\/10namur-fortaleza-belgica_Easy-Resize.com_-750x1000.jpg 750w, https:\/\/www.travel3.com.br\/site\/wp-content\/uploads\/2023\/08\/10namur-fortaleza-belgica_Easy-Resize.com_.jpg 960w\" sizes=\"auto, (max-width: 768px) 100vw, 768px\" \/><figcaption>Fortaleza em Namur (Foto: Divulga\u00e7\u00e3o)<\/figcaption><\/figure><\/div>\n\n\n\n<h2 class=\"has-text-align-center wp-block-heading\"><strong>N<\/strong><\/h2>\n\n\n\n<h2 class=\"wp-block-heading\"><strong>Namur,\nmas poderia ser Batatas Fritas<\/strong><\/h2>\n\n\n\n<p class=\"has-medium-font-size\">Distante aproximadamente 1 hora de trem de Bruxelas, Namur \u00e9 conhecida em toda a Europa por sua <em>Citadelle<\/em>, uma das maiores fortalezas do continente. Charmosa e muito bem preservada, a cidade de 100 mil habitantes tem \u00f3timos restaurantes, uma linda catedral e um campan\u00e1rio. Namur, entretanto, \u00e9 mundialmente conhecida por ser a cidade que criou as batatas fritas. Certamente ela merece ser conhecida.<\/p>\n\n\n\n<div class=\"wp-block-image\"><figure class=\"aligncenter size-large\"><img loading=\"lazy\" decoding=\"async\" width=\"1024\" height=\"681\" src=\"https:\/\/www.travel3.com.br\/site\/wp-content\/uploads\/2023\/08\/11Hotel-Hannon-Saint-Gilles-Sint-Gillis_DSC1880_\u00a9-visit.brussels-Jean-Paul-Remy.3_Easy-Resize.com_-1024x681.jpg\" alt=\"Hotel Hannon\" class=\"wp-image-62051\" srcset=\"https:\/\/www.travel3.com.br\/site\/wp-content\/uploads\/2023\/08\/11Hotel-Hannon-Saint-Gilles-Sint-Gillis_DSC1880_\u00a9-visit.brussels-Jean-Paul-Remy.3_Easy-Resize.com_-1024x681.jpg 1024w, https:\/\/www.travel3.com.br\/site\/wp-content\/uploads\/2023\/08\/11Hotel-Hannon-Saint-Gilles-Sint-Gillis_DSC1880_\u00a9-visit.brussels-Jean-Paul-Remy.3_Easy-Resize.com_-300x199.jpg 300w, https:\/\/www.travel3.com.br\/site\/wp-content\/uploads\/2023\/08\/11Hotel-Hannon-Saint-Gilles-Sint-Gillis_DSC1880_\u00a9-visit.brussels-Jean-Paul-Remy.3_Easy-Resize.com_-768x511.jpg 768w, https:\/\/www.travel3.com.br\/site\/wp-content\/uploads\/2023\/08\/11Hotel-Hannon-Saint-Gilles-Sint-Gillis_DSC1880_\u00a9-visit.brussels-Jean-Paul-Remy.3_Easy-Resize.com_-150x100.jpg 150w, https:\/\/www.travel3.com.br\/site\/wp-content\/uploads\/2023\/08\/11Hotel-Hannon-Saint-Gilles-Sint-Gillis_DSC1880_\u00a9-visit.brussels-Jean-Paul-Remy.3_Easy-Resize.com_-750x499.jpg 750w, https:\/\/www.travel3.com.br\/site\/wp-content\/uploads\/2023\/08\/11Hotel-Hannon-Saint-Gilles-Sint-Gillis_DSC1880_\u00a9-visit.brussels-Jean-Paul-Remy.3_Easy-Resize.com_-1140x758.jpg 1140w, https:\/\/www.travel3.com.br\/site\/wp-content\/uploads\/2023\/08\/11Hotel-Hannon-Saint-Gilles-Sint-Gillis_DSC1880_\u00a9-visit.brussels-Jean-Paul-Remy.3_Easy-Resize.com_.jpg 1280w\" sizes=\"auto, (max-width: 1024px) 100vw, 1024px\" \/><figcaption>Detalhe do lobby do Hotel Hannon (Foto: \u00a9 visit.brussels &#8211; Jean-Paul Remy\/Divulga\u00e7\u00e3o)<\/figcaption><\/figure><\/div>\n\n\n\n<h2 class=\"has-text-align-center wp-block-heading\"><strong>O<\/strong><\/h2>\n\n\n\n<h2 class=\"wp-block-heading\"><strong>Onde\nse hospedar<\/strong><\/h2>\n\n\n\n<p class=\"has-medium-font-size\">Bons hot\u00e9is \u00e9 o que n\u00e3o\nfalta em Bruxelas. Na hora de escolher onde se hospedar, pense na proximidade\ndo seu hotel \u00e0s atra\u00e7\u00f5es que voc\u00ea deseja visitar. O ideal \u00e9 caminhar pela\ncidade para conhec\u00ea-la com mais profundidade. Os especialistas recomendam as\npropriedades localizadas pr\u00f3ximas \u00e0 ao Centro e ao Grand-Place. L\u00e1 est\u00e3o as\nprincipais atra\u00e7\u00f5es, assim como os mais famosos restaurantes, lojas e esta\u00e7\u00f5es\nde metr\u00f4 e trem. Vale saber que os hot\u00e9is com bom custo-benef\u00edcio est\u00e3o localizados\nna regi\u00e3o do Quarteir\u00e3o Europeu.<\/p>\n\n\n\n<h2 class=\"has-text-align-center wp-block-heading\"><strong>P<\/strong><\/h2>\n\n\n\n<h2 class=\"wp-block-heading\"><strong>Parques <\/strong> <\/h2>\n\n\n\n<p class=\"has-medium-font-size\">Bruxelas faz de tudo para preservar seus cen\u00e1rios naturais. A propor\u00e7\u00e3o de ambientes verdes para cada habitante \u00e9 de 28m\u00b2. Esses ambientes naturais incluem de parques hist\u00f3ricos a pequenos jardins p\u00fablicos, passando por agrad\u00e1veis bosques, avenidas arborizadas e at\u00e9 florestas e fazendas. Oportunidades para voc\u00ea se ver cercado de belas paisagens naturais n\u00e3o faltar\u00e3o. Explor\u00e1-las, sem d\u00favida, \u00e9 uma forma de divers\u00e3o. Os parques da cidade oferecem infraestrutura com bancos, quiosques, banheiros p\u00fablicos e parquinhos para as crian\u00e7as. Confira a <a rel=\"noreferrer noopener\" aria-label=\"lista (opens in a new tab)\" href=\"https:\/\/visit.brussels\/en\/lists\/parks-in-brussels\" target=\"_blank\"><strong>lista<\/strong><\/a> dos principais parques de Bruxelas. <\/p>\n\n\n\n<div class=\"wp-block-image\"><figure class=\"aligncenter size-large\"><img loading=\"lazy\" decoding=\"async\" width=\"1024\" height=\"683\" src=\"https:\/\/www.travel3.com.br\/site\/wp-content\/uploads\/2023\/08\/12Espace-Leopold-Leopoldruimte-sky-view_GlobalView_Album1_Photo3.3-1024x683_Easy-Resize.com_-1024x683.jpg\" alt=\"Espace-Leopold\" class=\"wp-image-62053\" srcset=\"https:\/\/www.travel3.com.br\/site\/wp-content\/uploads\/2023\/08\/12Espace-Leopold-Leopoldruimte-sky-view_GlobalView_Album1_Photo3.3-1024x683_Easy-Resize.com_-1024x683.jpg 1024w, https:\/\/www.travel3.com.br\/site\/wp-content\/uploads\/2023\/08\/12Espace-Leopold-Leopoldruimte-sky-view_GlobalView_Album1_Photo3.3-1024x683_Easy-Resize.com_-300x200.jpg 300w, https:\/\/www.travel3.com.br\/site\/wp-content\/uploads\/2023\/08\/12Espace-Leopold-Leopoldruimte-sky-view_GlobalView_Album1_Photo3.3-1024x683_Easy-Resize.com_-768x512.jpg 768w, https:\/\/www.travel3.com.br\/site\/wp-content\/uploads\/2023\/08\/12Espace-Leopold-Leopoldruimte-sky-view_GlobalView_Album1_Photo3.3-1024x683_Easy-Resize.com_-150x100.jpg 150w, https:\/\/www.travel3.com.br\/site\/wp-content\/uploads\/2023\/08\/12Espace-Leopold-Leopoldruimte-sky-view_GlobalView_Album1_Photo3.3-1024x683_Easy-Resize.com_-750x500.jpg 750w, https:\/\/www.travel3.com.br\/site\/wp-content\/uploads\/2023\/08\/12Espace-Leopold-Leopoldruimte-sky-view_GlobalView_Album1_Photo3.3-1024x683_Easy-Resize.com_-1140x761.jpg 1140w, https:\/\/www.travel3.com.br\/site\/wp-content\/uploads\/2023\/08\/12Espace-Leopold-Leopoldruimte-sky-view_GlobalView_Album1_Photo3.3-1024x683_Easy-Resize.com_.jpg 1280w\" sizes=\"auto, (max-width: 1024px) 100vw, 1024px\" \/><figcaption>(Foto: \u00a9 visit.brussels\/Divulga\u00e7\u00e3o)<\/figcaption><\/figure><\/div>\n\n\n\n<h2 class=\"has-text-align-center wp-block-heading\"><strong>Q<\/strong><\/h2>\n\n\n\n<h2 class=\"wp-block-heading\"><strong>Quarteir\u00e3o\nEuropeu<\/strong><\/h2>\n\n\n\n<p class=\"has-medium-font-size\">\u00c9 outra das imperd\u00edveis regi\u00f5es que todo turista deve conhecer. No chamado <em>Quartier Europ\u00e9en<\/em> = Quarteir\u00e3o Europeu, est\u00e3o as principais institui\u00e7\u00f5es da Uni\u00e3o Europeia, como por exemplo, o Parlamento Europeu. Os pr\u00e9dios est\u00e3o cercados por bel\u00edssimos parques e pal\u00e1cios. <\/p>\n\n\n\n<h2 class=\"has-text-align-center wp-block-heading\"><strong>R<\/strong><\/h2>\n\n\n\n<h2 class=\"wp-block-heading\"><strong>Reino\n<\/strong><\/h2>\n\n\n\n<p class=\"has-medium-font-size\">Oficialmente a B\u00e9lgica \u00e9\num reino. O sistema de governo do pa\u00eds \u00e9 a Monarquia Parlamentar\nConstitucional, ou seja, um Primeiro-Ministro assume o papel de chefe do\ngoverno belga.<\/p>\n\n\n\n<div class=\"wp-block-image\"><figure class=\"aligncenter size-large\"><img loading=\"lazy\" decoding=\"async\" width=\"1024\" height=\"682\" src=\"https:\/\/www.travel3.com.br\/site\/wp-content\/uploads\/2023\/08\/13museus-reais-belas-artes-belgica-1024x682_Easy-Resize.com_-1024x682.jpg\" alt=\"Conhe\u00e7a os Museus Reais de Belas Artes em Bruxelas\" class=\"wp-image-62057\" srcset=\"https:\/\/www.travel3.com.br\/site\/wp-content\/uploads\/2023\/08\/13museus-reais-belas-artes-belgica-1024x682_Easy-Resize.com_-1024x682.jpg 1024w, https:\/\/www.travel3.com.br\/site\/wp-content\/uploads\/2023\/08\/13museus-reais-belas-artes-belgica-1024x682_Easy-Resize.com_-300x200.jpg 300w, https:\/\/www.travel3.com.br\/site\/wp-content\/uploads\/2023\/08\/13museus-reais-belas-artes-belgica-1024x682_Easy-Resize.com_-768x512.jpg 768w, https:\/\/www.travel3.com.br\/site\/wp-content\/uploads\/2023\/08\/13museus-reais-belas-artes-belgica-1024x682_Easy-Resize.com_-150x100.jpg 150w, https:\/\/www.travel3.com.br\/site\/wp-content\/uploads\/2023\/08\/13museus-reais-belas-artes-belgica-1024x682_Easy-Resize.com_-750x500.jpg 750w, https:\/\/www.travel3.com.br\/site\/wp-content\/uploads\/2023\/08\/13museus-reais-belas-artes-belgica-1024x682_Easy-Resize.com_-1140x760.jpg 1140w, https:\/\/www.travel3.com.br\/site\/wp-content\/uploads\/2023\/08\/13museus-reais-belas-artes-belgica-1024x682_Easy-Resize.com_.jpg 1280w\" sizes=\"auto, (max-width: 1024px) 100vw, 1024px\" \/><figcaption>Conhe\u00e7a os Museus Reais de Belas Artes em Bruxelas (Foto: Divulga\u00e7\u00e3o)<\/figcaption><\/figure><\/div>\n\n\n\n<h2 class=\"has-text-align-center wp-block-heading\"><strong>S<\/strong><\/h2>\n\n\n\n<h2 class=\"wp-block-heading\"><strong>Spa<\/strong><\/h2>\n\n\n\n<p class=\"has-medium-font-size\">No s\u00e9culo 17, gra\u00e7as \u00e0s suas \u00e1guas termais, o balne\u00e1rio de Spa passou a ser conhecido e frequentado pela nobreza europeia. Ele foi o 1\u00ba centro voltado para o descanso e para o bem-estar. A partir da\u00ed, outros centros come\u00e7aram a surgir na Alemanha, na Fran\u00e7a e por toda a Europa. Eles adotaram o nome spa, para reafirmar o conceito original criado em Spa. A cidade tem ainda um cassino, bons museus e sedia uma das etapas da F\u00f3rmula 1, no aut\u00f3dromo de Spa-Francochamps.<\/p>\n\n\n\n<h2 class=\"has-text-align-center wp-block-heading\"><strong>T<\/strong><\/h2>\n\n\n\n<h2 class=\"wp-block-heading\"><strong>Tours\nTem\u00e1ticos<\/strong><\/h2>\n\n\n\n<p class=\"has-medium-font-size\">Em Bruxelas, al\u00e9m de\nescolher o meio de transporte predileto para conhecer a cidade, voc\u00ea pode tamb\u00e9m\nescolher qual ser\u00e1 o tema da sua visita = gastronomia + cerveja + arte + hist\u00f3ria\n+ arquitetura + hist\u00f3ria em quadrinhos + etc.<\/p>\n\n\n\n<div class=\"wp-block-image\"><figure class=\"aligncenter size-large\"><img loading=\"lazy\" decoding=\"async\" width=\"1024\" height=\"685\" src=\"https:\/\/www.travel3.com.br\/site\/wp-content\/uploads\/2023\/08\/14grand-place-patrimonio-belgica-1024x685_Easy-Resize.com_-1024x685.jpg\" alt=\"Grand Place, 1\u00b0 Patrim\u00f4nio da Humanidade da B\u00e9lgica\" class=\"wp-image-62060\" srcset=\"https:\/\/www.travel3.com.br\/site\/wp-content\/uploads\/2023\/08\/14grand-place-patrimonio-belgica-1024x685_Easy-Resize.com_-1024x685.jpg 1024w, https:\/\/www.travel3.com.br\/site\/wp-content\/uploads\/2023\/08\/14grand-place-patrimonio-belgica-1024x685_Easy-Resize.com_-300x201.jpg 300w, https:\/\/www.travel3.com.br\/site\/wp-content\/uploads\/2023\/08\/14grand-place-patrimonio-belgica-1024x685_Easy-Resize.com_-768x514.jpg 768w, https:\/\/www.travel3.com.br\/site\/wp-content\/uploads\/2023\/08\/14grand-place-patrimonio-belgica-1024x685_Easy-Resize.com_-150x100.jpg 150w, https:\/\/www.travel3.com.br\/site\/wp-content\/uploads\/2023\/08\/14grand-place-patrimonio-belgica-1024x685_Easy-Resize.com_-750x502.jpg 750w, https:\/\/www.travel3.com.br\/site\/wp-content\/uploads\/2023\/08\/14grand-place-patrimonio-belgica-1024x685_Easy-Resize.com_-1140x762.jpg 1140w, https:\/\/www.travel3.com.br\/site\/wp-content\/uploads\/2023\/08\/14grand-place-patrimonio-belgica-1024x685_Easy-Resize.com_.jpg 1280w\" sizes=\"auto, (max-width: 1024px) 100vw, 1024px\" \/><figcaption>Grand Place, 1\u00b0 Patrim\u00f4nio da Humanidade da B\u00e9lgica (Foto: divulga\u00e7\u00e3o)<\/figcaption><\/figure><\/div>\n\n\n\n<h2 class=\"has-text-align-center wp-block-heading\"><strong>U<\/strong><\/h2>\n\n\n\n<h2 class=\"wp-block-heading\"><strong>UNESCO<\/strong><\/h2>\n\n\n\n<p class=\"has-medium-font-size\">Em 1998, o Grand-Place foi o primeiro s\u00edtio da capital belga a ser proclamado Patrim\u00f4nio da Humanidade pela UNESCO. A partir da\u00ed a lista aumentou de tamanho. Hoje, a cidade se orgulha de manter bem preservados grandes patrim\u00f4nios = obras do arquiteto Victor Horta (Casa Tassel, Casa Solvay, Hotel van Eetevelde, Casa e Atelier de Victor Horta) + o Pal\u00e1cio Stoclet + a Floresta Soignes. Confira a <a aria-label=\"lista (opens in a new tab)\" href=\"https:\/\/whc.unesco.org\/en\/statesparties\/BE\/\" target=\"_blank\" rel=\"noreferrer noopener\">lista<\/a> dos Patrim\u00f4nios da UNESCO localizados na B\u00e9lgica.<\/p>\n\n\n\n<div class=\"wp-block-image\"><figure class=\"aligncenter size-large\"><img loading=\"lazy\" decoding=\"async\" width=\"1024\" height=\"679\" src=\"https:\/\/www.travel3.com.br\/site\/wp-content\/uploads\/2023\/08\/15bruges-belgica-veneza-1024x679_Easy-Resize.com-1-1024x679.jpg\" alt=\"Bruges\" class=\"wp-image-62064\" srcset=\"https:\/\/www.travel3.com.br\/site\/wp-content\/uploads\/2023\/08\/15bruges-belgica-veneza-1024x679_Easy-Resize.com-1-1024x679.jpg 1024w, https:\/\/www.travel3.com.br\/site\/wp-content\/uploads\/2023\/08\/15bruges-belgica-veneza-1024x679_Easy-Resize.com-1-300x199.jpg 300w, https:\/\/www.travel3.com.br\/site\/wp-content\/uploads\/2023\/08\/15bruges-belgica-veneza-1024x679_Easy-Resize.com-1-768x509.jpg 768w, https:\/\/www.travel3.com.br\/site\/wp-content\/uploads\/2023\/08\/15bruges-belgica-veneza-1024x679_Easy-Resize.com-1-150x99.jpg 150w, https:\/\/www.travel3.com.br\/site\/wp-content\/uploads\/2023\/08\/15bruges-belgica-veneza-1024x679_Easy-Resize.com-1-750x497.jpg 750w, https:\/\/www.travel3.com.br\/site\/wp-content\/uploads\/2023\/08\/15bruges-belgica-veneza-1024x679_Easy-Resize.com-1-1140x756.jpg 1140w, https:\/\/www.travel3.com.br\/site\/wp-content\/uploads\/2023\/08\/15bruges-belgica-veneza-1024x679_Easy-Resize.com-1.jpg 1280w\" sizes=\"auto, (max-width: 1024px) 100vw, 1024px\" \/><figcaption>Bruges, tamb\u00e9m conhecida como a &#8220;Veneza do Norte&#8221; (Foto: Divulga\u00e7\u00e3o)<\/figcaption><\/figure><\/div>\n\n\n\n<p><\/p>\n\n\n\n<h2 class=\"wp-block-heading\"><strong>Vale a\npena visitar tamb\u00e9m<\/strong><\/h2>\n\n\n\n<p class=\"has-medium-font-size\">Se voc\u00ea est\u00e1 preparando\nou sonhando com sua viagem \u00e0 Bruxelas, considere estender sua estadia para\nconhecer outras cidades de Flanders = regi\u00e3o Norte do pa\u00eds + de Wallonia = regi\u00e3o\nSul da B\u00e9lgica. <\/p>\n\n\n\n<p class=\"has-medium-font-size\">Em Flanders vale a pena visitar Antu\u00e9rpia e Bruges; em Wallonia, Charleroi e Waterloo s\u00e3o \u00f3timas escolhas. <strong>Antu\u00e9rpia<\/strong> \u00e9 conhecida como a cidade dos diamantes. Vibrante e descolada, ela dita a moda para o resto do pa\u00eds. <strong>Bruges<\/strong> \u00e9 chamada de <em>Veneza do Norte<\/em>. Imperd\u00edvel \u00e9 fazer um passeio de barco para observar seu skyline medieval.<\/p>\n\n\n\n<p class=\"has-medium-font-size\">Uma das mais famosas atra\u00e7\u00f5es de <strong>Charleroi<\/strong> \u00e9 o seu campan\u00e1rio. Com 70 metros de altura e um carrilh\u00e3o com 47 sinos, a constru\u00e7\u00e3o foi tombada pela UNESCO com Patrim\u00f4nio Mundial da Humanidade. Chegue na hora certa para ouvir os sinos tocarem populares can\u00e7\u00f5es belgas. <strong>Waterloo<\/strong> foi palco da derrota de Napole\u00e3o. O campo de batalha onde o imperador franc\u00eas perdeu a guerra permanece quase exatamente como era. Uma infraestrutura tur\u00edstica de qualidade foi criada ao redor do importante s\u00edtio hist\u00f3rico, oferecendo atra\u00e7\u00f5es diversas e diferenciadas para quem visita o destino. <\/p>\n\n\n\n<div class=\"wp-block-image\"><figure class=\"aligncenter size-large\"><img loading=\"lazy\" decoding=\"async\" width=\"1024\" height=\"682\" src=\"https:\/\/www.travel3.com.br\/site\/wp-content\/uploads\/2023\/08\/Manneken-Pis_1060121-\u00a9-visit.brussels-Jean-Paul-Remy.3_Easy-Resize.com_-1024x682.jpg\" alt=\"Manneken-Pis, Bruxelas\" class=\"wp-image-62068\" srcset=\"https:\/\/www.travel3.com.br\/site\/wp-content\/uploads\/2023\/08\/Manneken-Pis_1060121-\u00a9-visit.brussels-Jean-Paul-Remy.3_Easy-Resize.com_-1024x682.jpg 1024w, https:\/\/www.travel3.com.br\/site\/wp-content\/uploads\/2023\/08\/Manneken-Pis_1060121-\u00a9-visit.brussels-Jean-Paul-Remy.3_Easy-Resize.com_-300x200.jpg 300w, https:\/\/www.travel3.com.br\/site\/wp-content\/uploads\/2023\/08\/Manneken-Pis_1060121-\u00a9-visit.brussels-Jean-Paul-Remy.3_Easy-Resize.com_-768x512.jpg 768w, https:\/\/www.travel3.com.br\/site\/wp-content\/uploads\/2023\/08\/Manneken-Pis_1060121-\u00a9-visit.brussels-Jean-Paul-Remy.3_Easy-Resize.com_-150x100.jpg 150w, https:\/\/www.travel3.com.br\/site\/wp-content\/uploads\/2023\/08\/Manneken-Pis_1060121-\u00a9-visit.brussels-Jean-Paul-Remy.3_Easy-Resize.com_-750x500.jpg 750w, https:\/\/www.travel3.com.br\/site\/wp-content\/uploads\/2023\/08\/Manneken-Pis_1060121-\u00a9-visit.brussels-Jean-Paul-Remy.3_Easy-Resize.com_-1140x760.jpg 1140w, https:\/\/www.travel3.com.br\/site\/wp-content\/uploads\/2023\/08\/Manneken-Pis_1060121-\u00a9-visit.brussels-Jean-Paul-Remy.3_Easy-Resize.com_.jpg 1280w\" sizes=\"auto, (max-width: 1024px) 100vw, 1024px\" \/><figcaption>Manneken-Pis (Foto: \u00a9 visit.brussels \u2013 Jean-Paul Remy\/Divulga\u00e7\u00e3o)<\/figcaption><\/figure><\/div>\n\n\n\n<h2 class=\"has-text-align-center wp-block-heading\"><strong>X<\/strong><\/h2>\n\n\n\n<h2 class=\"wp-block-heading\"><strong>Xixi <\/strong><\/h2>\n\n\n\n<p class=\"has-medium-font-size\">\u00c9 claro que uma visita a\nBruxelas inclui um tour para conhecer curiosas atra\u00e7\u00f5es como as est\u00e1tuas que\nfazem xixi. A Manneken Pis \u00e9 a mais famosa dela e fica pertinho da Grand-Place.\nDescubra ainda a Het Zinneke, tamb\u00e9m chamada de Zinneke Pis, que representa um\ncachorro fazendo xixi ao lado de um poste. Por fim e mais dif\u00edcil de encontrar,\nest\u00e1 Jeanneke Pis, a est\u00e1tua de uma garota fazendo o mesmo que os seus\ncompatriotas de bronze.<\/p>\n\n\n\n<h2 class=\"has-text-align-center wp-block-heading\"><strong>Z<\/strong><\/h2>\n\n\n\n<h2 class=\"wp-block-heading\"><strong>Zero<\/strong><\/h2>\n\n\n\n<p class=\"has-medium-font-size\">Depois de ler esta mat\u00e9ria, zero \u00e9 a sua chance de n\u00e3o querer embarcar agora para conhecer Bruxelas!<\/p>\n","protected":false},"excerpt":{"rendered":"<p>De A a Z, uma sele\u00e7\u00e3o de atra\u00e7\u00f5es e destinos imperd\u00edveis Bruxelas \u00e9 a capital da B\u00e9lgica, um pa\u00eds encantador que, aos olhos do viajante, pode parecer um pa\u00eds encantado. A culpa \u00e9 dos t\u00edpicos cen\u00e1rios europeus combinados com a arquitetura medieval muito bem preservada. Uma viagem pela B\u00e9lgica significa ver castelos a todo momento. [&hellip;]<\/p>\n","protected":false},"author":6,"featured_media":62025,"comment_status":"open","ping_status":"open","sticky":false,"template":"","format":"standard","meta":{"footnotes":""},"categories":[884,10,170,473],"tags":[3823,1524,239,262],"class_list":["post-42608","post","type-post","status-publish","format-standard","has-post-thumbnail","hentry","category-comece-a-viajar","category-destinos","category-europa","category-publieditorial","tag-belgica","tag-bruxelas","tag-europa","tag-orinter"],"yoast_head":"<!-- This site is optimized with the Yoast SEO plugin v26.2 - https:\/\/yoast.com\/wordpress\/plugins\/seo\/ -->\n<title>Bruxelas = Por que voc\u00ea precisa conhecer a capital da B\u00e9lgica - Travel3<\/title>\n<meta name=\"description\" content=\"Saiba tudo sobre Bruxelas, capital da B\u00e9lgica. De A a Z, descubra tudo o que \u00e9 imperd\u00edvel na cidade: atra\u00e7\u00f5es e destinos imperd\u00edveis\" \/>\n<meta name=\"robots\" content=\"index, follow, max-snippet:-1, max-image-preview:large, max-video-preview:-1\" \/>\n<link rel=\"canonical\" href=\"https:\/\/www.travel3.com.br\/site\/destinos\/bruxelas-porque-voce-precisa-conhecer\/\" \/>\n<meta property=\"og:locale\" content=\"pt_BR\" \/>\n<meta property=\"og:type\" content=\"article\" \/>\n<meta property=\"og:title\" content=\"Bruxelas = Por que voc\u00ea precisa conhecer a capital da B\u00e9lgica - Travel3\" \/>\n<meta property=\"og:description\" content=\"Saiba tudo sobre Bruxelas, capital da B\u00e9lgica. De A a Z, descubra tudo o que \u00e9 imperd\u00edvel na cidade: atra\u00e7\u00f5es e destinos imperd\u00edveis\" \/>\n<meta property=\"og:url\" content=\"https:\/\/www.travel3.com.br\/site\/destinos\/bruxelas-porque-voce-precisa-conhecer\/\" \/>\n<meta property=\"og:site_name\" content=\"Travel3\" \/>\n<meta property=\"article:publisher\" content=\"https:\/\/www.facebook.com\/travel3media\/\" \/>\n<meta property=\"article:published_time\" content=\"2023-07-23T11:10:00+00:00\" \/>\n<meta property=\"article:modified_time\" content=\"2024-03-28T12:08:17+00:00\" \/>\n<meta property=\"og:image\" content=\"https:\/\/www.travel3.com.br\/site\/wp-content\/uploads\/2023\/08\/1Bruxelas-Grand-Place-Grote-Markt-sky-view_GlobalView_Album4_Photo1.3-750x375_Easy-Resize.com_.jpg\" \/>\n\t<meta property=\"og:image:width\" content=\"1280\" \/>\n\t<meta property=\"og:image:height\" content=\"640\" \/>\n\t<meta property=\"og:image:type\" content=\"image\/jpeg\" \/>\n<meta name=\"author\" content=\"Reda\u00e7\u00e3o Travel3\" \/>\n<meta name=\"twitter:card\" content=\"summary_large_image\" \/>\n<meta name=\"twitter:label1\" content=\"Escrito por\" \/>\n\t<meta name=\"twitter:data1\" content=\"Reda\u00e7\u00e3o Travel3\" \/>\n\t<meta name=\"twitter:label2\" content=\"Est. tempo de leitura\" \/>\n\t<meta name=\"twitter:data2\" content=\"16 minutos\" \/>\n<script type=\"application\/ld+json\" class=\"yoast-schema-graph\">{\"@context\":\"https:\/\/schema.org\",\"@graph\":[{\"@type\":\"Article\",\"@id\":\"https:\/\/www.travel3.com.br\/site\/destinos\/bruxelas-porque-voce-precisa-conhecer\/#article\",\"isPartOf\":{\"@id\":\"https:\/\/www.travel3.com.br\/site\/destinos\/bruxelas-porque-voce-precisa-conhecer\/\"},\"author\":{\"name\":\"Reda\u00e7\u00e3o Travel3\",\"@id\":\"https:\/\/www.travel3.com.br\/site\/#\/schema\/person\/9cff8daac0a2f1aa0799f827b8aa8308\"},\"headline\":\"Bruxelas = Por que voc\u00ea precisa conhecer a capital da B\u00e9lgica\",\"datePublished\":\"2023-07-23T11:10:00+00:00\",\"dateModified\":\"2024-03-28T12:08:17+00:00\",\"mainEntityOfPage\":{\"@id\":\"https:\/\/www.travel3.com.br\/site\/destinos\/bruxelas-porque-voce-precisa-conhecer\/\"},\"wordCount\":2356,\"commentCount\":1,\"publisher\":{\"@id\":\"https:\/\/www.travel3.com.br\/site\/#organization\"},\"image\":{\"@id\":\"https:\/\/www.travel3.com.br\/site\/destinos\/bruxelas-porque-voce-precisa-conhecer\/#primaryimage\"},\"thumbnailUrl\":\"https:\/\/www.travel3.com.br\/site\/wp-content\/uploads\/2023\/08\/1Bruxelas-Grand-Place-Grote-Markt-sky-view_GlobalView_Album4_Photo1.3-750x375_Easy-Resize.com_.jpg\",\"keywords\":[\"Belgica\",\"bruxelas\",\"Europa\",\"Orinter\"],\"articleSection\":[\"Comece a Viajar\",\"Destinos\",\"Europa\",\"Publieditorial\"],\"inLanguage\":\"pt-BR\",\"potentialAction\":[{\"@type\":\"CommentAction\",\"name\":\"Comment\",\"target\":[\"https:\/\/www.travel3.com.br\/site\/destinos\/bruxelas-porque-voce-precisa-conhecer\/#respond\"]}]},{\"@type\":\"WebPage\",\"@id\":\"https:\/\/www.travel3.com.br\/site\/destinos\/bruxelas-porque-voce-precisa-conhecer\/\",\"url\":\"https:\/\/www.travel3.com.br\/site\/destinos\/bruxelas-porque-voce-precisa-conhecer\/\",\"name\":\"Bruxelas = Por que voc\u00ea precisa conhecer a capital da B\u00e9lgica - Travel3\",\"isPartOf\":{\"@id\":\"https:\/\/www.travel3.com.br\/site\/#website\"},\"primaryImageOfPage\":{\"@id\":\"https:\/\/www.travel3.com.br\/site\/destinos\/bruxelas-porque-voce-precisa-conhecer\/#primaryimage\"},\"image\":{\"@id\":\"https:\/\/www.travel3.com.br\/site\/destinos\/bruxelas-porque-voce-precisa-conhecer\/#primaryimage\"},\"thumbnailUrl\":\"https:\/\/www.travel3.com.br\/site\/wp-content\/uploads\/2023\/08\/1Bruxelas-Grand-Place-Grote-Markt-sky-view_GlobalView_Album4_Photo1.3-750x375_Easy-Resize.com_.jpg\",\"datePublished\":\"2023-07-23T11:10:00+00:00\",\"dateModified\":\"2024-03-28T12:08:17+00:00\",\"description\":\"Saiba tudo sobre Bruxelas, capital da B\u00e9lgica. De A a Z, descubra tudo o que \u00e9 imperd\u00edvel na cidade: atra\u00e7\u00f5es e destinos imperd\u00edveis\",\"breadcrumb\":{\"@id\":\"https:\/\/www.travel3.com.br\/site\/destinos\/bruxelas-porque-voce-precisa-conhecer\/#breadcrumb\"},\"inLanguage\":\"pt-BR\",\"potentialAction\":[{\"@type\":\"ReadAction\",\"target\":[\"https:\/\/www.travel3.com.br\/site\/destinos\/bruxelas-porque-voce-precisa-conhecer\/\"]}]},{\"@type\":\"ImageObject\",\"inLanguage\":\"pt-BR\",\"@id\":\"https:\/\/www.travel3.com.br\/site\/destinos\/bruxelas-porque-voce-precisa-conhecer\/#primaryimage\",\"url\":\"https:\/\/www.travel3.com.br\/site\/wp-content\/uploads\/2023\/08\/1Bruxelas-Grand-Place-Grote-Markt-sky-view_GlobalView_Album4_Photo1.3-750x375_Easy-Resize.com_.jpg\",\"contentUrl\":\"https:\/\/www.travel3.com.br\/site\/wp-content\/uploads\/2023\/08\/1Bruxelas-Grand-Place-Grote-Markt-sky-view_GlobalView_Album4_Photo1.3-750x375_Easy-Resize.com_.jpg\",\"width\":1280,\"height\":640,\"caption\":\"Grand-Place Bruxelas B\u00e9lgica\"},{\"@type\":\"BreadcrumbList\",\"@id\":\"https:\/\/www.travel3.com.br\/site\/destinos\/bruxelas-porque-voce-precisa-conhecer\/#breadcrumb\",\"itemListElement\":[{\"@type\":\"ListItem\",\"position\":1,\"name\":\"In\u00edcio\",\"item\":\"https:\/\/www.travel3.com.br\/site\/\"},{\"@type\":\"ListItem\",\"position\":2,\"name\":\"Bruxelas = Por que voc\u00ea precisa conhecer a capital da B\u00e9lgica\"}]},{\"@type\":\"WebSite\",\"@id\":\"https:\/\/www.travel3.com.br\/site\/#website\",\"url\":\"https:\/\/www.travel3.com.br\/site\/\",\"name\":\"Travel3\",\"description\":\"Lazer + Neg&oacute;cios + Aventura\",\"publisher\":{\"@id\":\"https:\/\/www.travel3.com.br\/site\/#organization\"},\"potentialAction\":[{\"@type\":\"SearchAction\",\"target\":{\"@type\":\"EntryPoint\",\"urlTemplate\":\"https:\/\/www.travel3.com.br\/site\/?s={search_term_string}\"},\"query-input\":{\"@type\":\"PropertyValueSpecification\",\"valueRequired\":true,\"valueName\":\"search_term_string\"}}],\"inLanguage\":\"pt-BR\"},{\"@type\":\"Organization\",\"@id\":\"https:\/\/www.travel3.com.br\/site\/#organization\",\"name\":\"Travel3\",\"url\":\"https:\/\/www.travel3.com.br\/site\/\",\"logo\":{\"@type\":\"ImageObject\",\"inLanguage\":\"pt-BR\",\"@id\":\"https:\/\/www.travel3.com.br\/site\/#\/schema\/logo\/image\/\",\"url\":\"https:\/\/www.travel3.com.br\/site\/wp-content\/uploads\/2020\/01\/logo-travel3-2020.png\",\"contentUrl\":\"https:\/\/www.travel3.com.br\/site\/wp-content\/uploads\/2020\/01\/logo-travel3-2020.png\",\"width\":232,\"height\":79,\"caption\":\"Travel3\"},\"image\":{\"@id\":\"https:\/\/www.travel3.com.br\/site\/#\/schema\/logo\/image\/\"},\"sameAs\":[\"https:\/\/www.facebook.com\/travel3media\/\",\"https:\/\/www.instagram.com\/revistatravel3\/\",\"https:\/\/www.youtube.com\/channel\/UCno7J4paGBR3VbZQzvoJ9Eg\"]},{\"@type\":\"Person\",\"@id\":\"https:\/\/www.travel3.com.br\/site\/#\/schema\/person\/9cff8daac0a2f1aa0799f827b8aa8308\",\"name\":\"Reda\u00e7\u00e3o Travel3\",\"image\":{\"@type\":\"ImageObject\",\"inLanguage\":\"pt-BR\",\"@id\":\"https:\/\/www.travel3.com.br\/site\/#\/schema\/person\/image\/\",\"url\":\"https:\/\/secure.gravatar.com\/avatar\/6e6125525e1f04b7b8c607d71556e490?s=96&d=mm&r=g\",\"contentUrl\":\"https:\/\/secure.gravatar.com\/avatar\/6e6125525e1f04b7b8c607d71556e490?s=96&d=mm&r=g\",\"caption\":\"Reda\u00e7\u00e3o Travel3\"},\"sameAs\":[\"http:\/\/www.travel3.com.br\"],\"url\":\"https:\/\/www.travel3.com.br\/site\/author\/redacao2\/\"}]}<\/script>\n<!-- \/ Yoast SEO plugin. -->","yoast_head_json":{"title":"Bruxelas = Por que voc\u00ea precisa conhecer a capital da B\u00e9lgica - Travel3","description":"Saiba tudo sobre Bruxelas, capital da B\u00e9lgica. De A a Z, descubra tudo o que \u00e9 imperd\u00edvel na cidade: atra\u00e7\u00f5es e destinos imperd\u00edveis","robots":{"index":"index","follow":"follow","max-snippet":"max-snippet:-1","max-image-preview":"max-image-preview:large","max-video-preview":"max-video-preview:-1"},"canonical":"https:\/\/www.travel3.com.br\/site\/destinos\/bruxelas-porque-voce-precisa-conhecer\/","og_locale":"pt_BR","og_type":"article","og_title":"Bruxelas = Por que voc\u00ea precisa conhecer a capital da B\u00e9lgica - Travel3","og_description":"Saiba tudo sobre Bruxelas, capital da B\u00e9lgica. De A a Z, descubra tudo o que \u00e9 imperd\u00edvel na cidade: atra\u00e7\u00f5es e destinos imperd\u00edveis","og_url":"https:\/\/www.travel3.com.br\/site\/destinos\/bruxelas-porque-voce-precisa-conhecer\/","og_site_name":"Travel3","article_publisher":"https:\/\/www.facebook.com\/travel3media\/","article_published_time":"2023-07-23T11:10:00+00:00","article_modified_time":"2024-03-28T12:08:17+00:00","og_image":[{"width":1280,"height":640,"url":"https:\/\/www.travel3.com.br\/site\/wp-content\/uploads\/2023\/08\/1Bruxelas-Grand-Place-Grote-Markt-sky-view_GlobalView_Album4_Photo1.3-750x375_Easy-Resize.com_.jpg","type":"image\/jpeg"}],"author":"Reda\u00e7\u00e3o Travel3","twitter_card":"summary_large_image","twitter_misc":{"Escrito por":"Reda\u00e7\u00e3o Travel3","Est. tempo de leitura":"16 minutos"},"schema":{"@context":"https:\/\/schema.org","@graph":[{"@type":"Article","@id":"https:\/\/www.travel3.com.br\/site\/destinos\/bruxelas-porque-voce-precisa-conhecer\/#article","isPartOf":{"@id":"https:\/\/www.travel3.com.br\/site\/destinos\/bruxelas-porque-voce-precisa-conhecer\/"},"author":{"name":"Reda\u00e7\u00e3o Travel3","@id":"https:\/\/www.travel3.com.br\/site\/#\/schema\/person\/9cff8daac0a2f1aa0799f827b8aa8308"},"headline":"Bruxelas = Por que voc\u00ea precisa conhecer a capital da B\u00e9lgica","datePublished":"2023-07-23T11:10:00+00:00","dateModified":"2024-03-28T12:08:17+00:00","mainEntityOfPage":{"@id":"https:\/\/www.travel3.com.br\/site\/destinos\/bruxelas-porque-voce-precisa-conhecer\/"},"wordCount":2356,"commentCount":1,"publisher":{"@id":"https:\/\/www.travel3.com.br\/site\/#organization"},"image":{"@id":"https:\/\/www.travel3.com.br\/site\/destinos\/bruxelas-porque-voce-precisa-conhecer\/#primaryimage"},"thumbnailUrl":"https:\/\/www.travel3.com.br\/site\/wp-content\/uploads\/2023\/08\/1Bruxelas-Grand-Place-Grote-Markt-sky-view_GlobalView_Album4_Photo1.3-750x375_Easy-Resize.com_.jpg","keywords":["Belgica","bruxelas","Europa","Orinter"],"articleSection":["Comece a Viajar","Destinos","Europa","Publieditorial"],"inLanguage":"pt-BR","potentialAction":[{"@type":"CommentAction","name":"Comment","target":["https:\/\/www.travel3.com.br\/site\/destinos\/bruxelas-porque-voce-precisa-conhecer\/#respond"]}]},{"@type":"WebPage","@id":"https:\/\/www.travel3.com.br\/site\/destinos\/bruxelas-porque-voce-precisa-conhecer\/","url":"https:\/\/www.travel3.com.br\/site\/destinos\/bruxelas-porque-voce-precisa-conhecer\/","name":"Bruxelas = Por que voc\u00ea precisa conhecer a capital da B\u00e9lgica - Travel3","isPartOf":{"@id":"https:\/\/www.travel3.com.br\/site\/#website"},"primaryImageOfPage":{"@id":"https:\/\/www.travel3.com.br\/site\/destinos\/bruxelas-porque-voce-precisa-conhecer\/#primaryimage"},"image":{"@id":"https:\/\/www.travel3.com.br\/site\/destinos\/bruxelas-porque-voce-precisa-conhecer\/#primaryimage"},"thumbnailUrl":"https:\/\/www.travel3.com.br\/site\/wp-content\/uploads\/2023\/08\/1Bruxelas-Grand-Place-Grote-Markt-sky-view_GlobalView_Album4_Photo1.3-750x375_Easy-Resize.com_.jpg","datePublished":"2023-07-23T11:10:00+00:00","dateModified":"2024-03-28T12:08:17+00:00","description":"Saiba tudo sobre Bruxelas, capital da B\u00e9lgica. De A a Z, descubra tudo o que \u00e9 imperd\u00edvel na cidade: atra\u00e7\u00f5es e destinos imperd\u00edveis","breadcrumb":{"@id":"https:\/\/www.travel3.com.br\/site\/destinos\/bruxelas-porque-voce-precisa-conhecer\/#breadcrumb"},"inLanguage":"pt-BR","potentialAction":[{"@type":"ReadAction","target":["https:\/\/www.travel3.com.br\/site\/destinos\/bruxelas-porque-voce-precisa-conhecer\/"]}]},{"@type":"ImageObject","inLanguage":"pt-BR","@id":"https:\/\/www.travel3.com.br\/site\/destinos\/bruxelas-porque-voce-precisa-conhecer\/#primaryimage","url":"https:\/\/www.travel3.com.br\/site\/wp-content\/uploads\/2023\/08\/1Bruxelas-Grand-Place-Grote-Markt-sky-view_GlobalView_Album4_Photo1.3-750x375_Easy-Resize.com_.jpg","contentUrl":"https:\/\/www.travel3.com.br\/site\/wp-content\/uploads\/2023\/08\/1Bruxelas-Grand-Place-Grote-Markt-sky-view_GlobalView_Album4_Photo1.3-750x375_Easy-Resize.com_.jpg","width":1280,"height":640,"caption":"Grand-Place Bruxelas B\u00e9lgica"},{"@type":"BreadcrumbList","@id":"https:\/\/www.travel3.com.br\/site\/destinos\/bruxelas-porque-voce-precisa-conhecer\/#breadcrumb","itemListElement":[{"@type":"ListItem","position":1,"name":"In\u00edcio","item":"https:\/\/www.travel3.com.br\/site\/"},{"@type":"ListItem","position":2,"name":"Bruxelas = Por que voc\u00ea precisa conhecer a capital da B\u00e9lgica"}]},{"@type":"WebSite","@id":"https:\/\/www.travel3.com.br\/site\/#website","url":"https:\/\/www.travel3.com.br\/site\/","name":"Travel3","description":"Lazer + Neg&oacute;cios + Aventura","publisher":{"@id":"https:\/\/www.travel3.com.br\/site\/#organization"},"potentialAction":[{"@type":"SearchAction","target":{"@type":"EntryPoint","urlTemplate":"https:\/\/www.travel3.com.br\/site\/?s={search_term_string}"},"query-input":{"@type":"PropertyValueSpecification","valueRequired":true,"valueName":"search_term_string"}}],"inLanguage":"pt-BR"},{"@type":"Organization","@id":"https:\/\/www.travel3.com.br\/site\/#organization","name":"Travel3","url":"https:\/\/www.travel3.com.br\/site\/","logo":{"@type":"ImageObject","inLanguage":"pt-BR","@id":"https:\/\/www.travel3.com.br\/site\/#\/schema\/logo\/image\/","url":"https:\/\/www.travel3.com.br\/site\/wp-content\/uploads\/2020\/01\/logo-travel3-2020.png","contentUrl":"https:\/\/www.travel3.com.br\/site\/wp-content\/uploads\/2020\/01\/logo-travel3-2020.png","width":232,"height":79,"caption":"Travel3"},"image":{"@id":"https:\/\/www.travel3.com.br\/site\/#\/schema\/logo\/image\/"},"sameAs":["https:\/\/www.facebook.com\/travel3media\/","https:\/\/www.instagram.com\/revistatravel3\/","https:\/\/www.youtube.com\/channel\/UCno7J4paGBR3VbZQzvoJ9Eg"]},{"@type":"Person","@id":"https:\/\/www.travel3.com.br\/site\/#\/schema\/person\/9cff8daac0a2f1aa0799f827b8aa8308","name":"Reda\u00e7\u00e3o Travel3","image":{"@type":"ImageObject","inLanguage":"pt-BR","@id":"https:\/\/www.travel3.com.br\/site\/#\/schema\/person\/image\/","url":"https:\/\/secure.gravatar.com\/avatar\/6e6125525e1f04b7b8c607d71556e490?s=96&d=mm&r=g","contentUrl":"https:\/\/secure.gravatar.com\/avatar\/6e6125525e1f04b7b8c607d71556e490?s=96&d=mm&r=g","caption":"Reda\u00e7\u00e3o Travel3"},"sameAs":["http:\/\/www.travel3.com.br"],"url":"https:\/\/www.travel3.com.br\/site\/author\/redacao2\/"}]}},"_links":{"self":[{"href":"https:\/\/www.travel3.com.br\/site\/wp-json\/wp\/v2\/posts\/42608","targetHints":{"allow":["GET"]}}],"collection":[{"href":"https:\/\/www.travel3.com.br\/site\/wp-json\/wp\/v2\/posts"}],"about":[{"href":"https:\/\/www.travel3.com.br\/site\/wp-json\/wp\/v2\/types\/post"}],"author":[{"embeddable":true,"href":"https:\/\/www.travel3.com.br\/site\/wp-json\/wp\/v2\/users\/6"}],"replies":[{"embeddable":true,"href":"https:\/\/www.travel3.com.br\/site\/wp-json\/wp\/v2\/comments?post=42608"}],"version-history":[{"count":72,"href":"https:\/\/www.travel3.com.br\/site\/wp-json\/wp\/v2\/posts\/42608\/revisions"}],"predecessor-version":[{"id":67084,"href":"https:\/\/www.travel3.com.br\/site\/wp-json\/wp\/v2\/posts\/42608\/revisions\/67084"}],"wp:featuredmedia":[{"embeddable":true,"href":"https:\/\/www.travel3.com.br\/site\/wp-json\/wp\/v2\/media\/62025"}],"wp:attachment":[{"href":"https:\/\/www.travel3.com.br\/site\/wp-json\/wp\/v2\/media?parent=42608"}],"wp:term":[{"taxonomy":"category","embeddable":true,"href":"https:\/\/www.travel3.com.br\/site\/wp-json\/wp\/v2\/categories?post=42608"},{"taxonomy":"post_tag","embeddable":true,"href":"https:\/\/www.travel3.com.br\/site\/wp-json\/wp\/v2\/tags?post=42608"}],"curies":[{"name":"wp","href":"https:\/\/api.w.org\/{rel}","templated":true}]}}