{"id":42272,"date":"2021-08-18T06:12:43","date_gmt":"2021-08-18T09:12:43","guid":{"rendered":"https:\/\/www.travel3.com.br\/?p=42272"},"modified":"2021-08-18T00:48:35","modified_gmt":"2021-08-18T03:48:35","slug":"wtm-la-estende-sacola-de-ofertas-digital-ate-26-de-agosto","status":"publish","type":"post","link":"https:\/\/www.travel3.com.br\/site\/acontece-no-turismo\/eventos-e-feiras\/wtm-la-estende-sacola-de-ofertas-digital-ate-26-de-agosto\/","title":{"rendered":"WTM LA estende Sacola de Ofertas Digital at\u00e9 26 de agosto"},"content":{"rendered":"\n<h3 class=\"wp-block-heading\" style=\"text-align:center\">Benef\u00edcio oferece descontos exclusivos, vouchers de experi\u00eancias e novidades sobre os expositores<\/h3>\n\n\n\n<p>A WTM LA 2021, realizada em formato 100% digital, obteve um alto \u00edndice de engajamento, com uma s\u00e9rie de inova\u00e7\u00f5es e mais de 6 mil reuni\u00f5es on-line. Uma das novidades apresentadas na edi\u00e7\u00e3o desse ano foi o servi\u00e7o de Sacola de Ofertas Digital, uma sacola on-line de benef\u00edcios disponibilizada pelos expositores que pode ser acessada por todos os visitantes do evento.<\/p>\n\n\n\n<p>Esse material ficar\u00e1 dispon\u00edvel at\u00e9 o dia 26 de agosto na <strong><a rel=\"noreferrer noopener\" aria-label=\"plataforma da WTM LA (opens in a new tab)\" href=\"https:\/\/www.wtm.com\/latin-america\/pt-br.html\" target=\"_blank\">plataforma da WTM Latin America<\/a><\/strong>; e inclui vouchers de descontos + ofertas + di\u00e1rias de hot\u00e9is + conte\u00fados exclusivos &#8211; entre outras condi\u00e7\u00f5es especiais aos visitantes do evento, que podem aceitar ou recusar o material ofertado. <\/p>\n\n\n\n<p>Leia mais = <a rel=\"noreferrer noopener\" aria-label=\"Confira os destaques do 3\u2070 dia da WTM Latin America 2021 (opens in a new tab)\" href=\"https:\/\/www.travel3.com.br\/acontece-no-turismo\/eventos-e-feiras\/confira-os-destaques-do-3-dia-de-wtm-latin-america-2021\/\" target=\"_blank\"><strong>Confira os destaques do 3\u2070 dia da WTM Latin America 2021<\/strong><\/a><\/p>\n\n\n\n<p>Para ter acesso ao brinde oferecido, o participante dever\u00e1 aceitar o item e, automaticamente, a plataforma enviar\u00e1 um link de acesso por e-mail para a abertura da sacola. O objetivo da Sacola de Ofertas Digital \u00e9 que os expositores possam recompensar os participantes e promover ainda mais o seu neg\u00f3cio, assim como acontece nas edi\u00e7\u00f5es presenciais do evento.<\/p>\n\n\n\n<div class=\"wp-block-image\"><figure class=\"aligncenter\"><img loading=\"lazy\" decoding=\"async\" width=\"1024\" height=\"1024\" src=\"https:\/\/www.travel3.com.br\/site\/wp-content\/uploads\/2021\/08\/WTM-LA-1024x1024.jpg\" alt=\"WTM LA\" class=\"wp-image-42277\" srcset=\"https:\/\/www.travel3.com.br\/site\/wp-content\/uploads\/2021\/08\/WTM-LA-1024x1024.jpg 1024w, https:\/\/www.travel3.com.br\/site\/wp-content\/uploads\/2021\/08\/WTM-LA-150x150.jpg 150w, https:\/\/www.travel3.com.br\/site\/wp-content\/uploads\/2021\/08\/WTM-LA-300x300.jpg 300w, https:\/\/www.travel3.com.br\/site\/wp-content\/uploads\/2021\/08\/WTM-LA-768x768.jpg 768w, https:\/\/www.travel3.com.br\/site\/wp-content\/uploads\/2021\/08\/WTM-LA-75x75.jpg 75w, https:\/\/www.travel3.com.br\/site\/wp-content\/uploads\/2021\/08\/WTM-LA-750x750.jpg 750w, https:\/\/www.travel3.com.br\/site\/wp-content\/uploads\/2021\/08\/WTM-LA-1140x1140.jpg 1140w, https:\/\/www.travel3.com.br\/site\/wp-content\/uploads\/2021\/08\/WTM-LA.jpg 1280w\" sizes=\"auto, (max-width: 1024px) 100vw, 1024px\" \/><\/figure><\/div>\n\n\n\n<p>Exemplos de empresas utilizando a Sacola de Ofertas Digital\ns\u00e3o Minist\u00e9rio do Turismo, EMPROTUR, Secretaria de Turismo de Ilhabela, entre\noutros. A Sacola oferece aos visitantes vouchers, descontos, experimenta\u00e7\u00e3o e\nmuito mais. <\/p>\n\n\n\n<blockquote class=\"wp-block-quote is-layout-flow wp-block-quote-is-layout-flow\"><p>Foi um prazer participar da WTM LA, evento em que o Mato Grosso do Sul est\u00e1 sempre presente. Este ano, devido ao formato online, utilizamos uma maneira diferente de promo\u00e7\u00e3o e divulgamos o MS em v\u00e1rias m\u00eddias dispon\u00edveis dentro do evento. Tamb\u00e9m tivemos participa\u00e7\u00e3o de nosso trade, o que nos ajudou muito a atender o volume de interessados em nosso destino. \u00c9 muito importante para o MS se manter presente no mercado atrav\u00e9s de a\u00e7\u00f5es eficientes e de grande visibilidade<\/p><cite>Karla Martins Cavalcanti &#8211; Diretora de Promo\u00e7\u00e3o e Mercado da Funda\u00e7\u00e3o de Turismo de Mato Grosso do Sul<\/cite><\/blockquote>\n","protected":false},"excerpt":{"rendered":"<p>Benef\u00edcio oferece descontos exclusivos, vouchers de experi\u00eancias e novidades sobre os expositores A WTM LA 2021, realizada em formato 100% digital, obteve um alto \u00edndice de engajamento, com uma s\u00e9rie de inova\u00e7\u00f5es e mais de 6 mil reuni\u00f5es on-line. Uma das novidades apresentadas na edi\u00e7\u00e3o desse ano foi o servi\u00e7o de Sacola de Ofertas Digital, [&hellip;]<\/p>\n","protected":false},"author":5,"featured_media":42194,"comment_status":"open","ping_status":"open","sticky":false,"template":"","format":"standard","meta":{"footnotes":""},"categories":[969,226,5,3],"tags":[1638,4571],"class_list":["post-42272","post","type-post","status-publish","format-standard","has-post-thumbnail","hentry","category-acontece-no-turismo","category-destaque","category-eventos-e-feiras","category-negocios","tag-wtm-la","tag-wtm-latin-america-2021"],"yoast_head":"<!-- This site is optimized with the Yoast SEO plugin v26.2 - https:\/\/yoast.com\/wordpress\/plugins\/seo\/ -->\n<title>WTM LA estende Sacola de Ofertas Digital at\u00e9 26 de agosto - Travel3<\/title>\n<meta name=\"description\" content=\"WTM LA estende sacola de ofertas digital at\u00e9 26 de agosto; benef\u00edcio oferece descontos exclusivos, vouchers de experi\u00eancias e novidades sobre os expositores\" \/>\n<meta name=\"robots\" content=\"index, follow, max-snippet:-1, max-image-preview:large, max-video-preview:-1\" \/>\n<link rel=\"canonical\" href=\"https:\/\/www.travel3.com.br\/site\/acontece-no-turismo\/eventos-e-feiras\/wtm-la-estende-sacola-de-ofertas-digital-ate-26-de-agosto\/\" \/>\n<meta property=\"og:locale\" content=\"pt_BR\" \/>\n<meta property=\"og:type\" content=\"article\" \/>\n<meta property=\"og:title\" content=\"WTM LA estende Sacola de Ofertas Digital at\u00e9 26 de agosto - Travel3\" \/>\n<meta property=\"og:description\" content=\"WTM LA estende sacola de ofertas digital at\u00e9 26 de agosto; benef\u00edcio oferece descontos exclusivos, vouchers de experi\u00eancias e novidades sobre os expositores\" \/>\n<meta property=\"og:url\" content=\"https:\/\/www.travel3.com.br\/site\/acontece-no-turismo\/eventos-e-feiras\/wtm-la-estende-sacola-de-ofertas-digital-ate-26-de-agosto\/\" \/>\n<meta property=\"og:site_name\" content=\"Travel3\" \/>\n<meta property=\"article:publisher\" content=\"https:\/\/www.facebook.com\/travel3media\/\" \/>\n<meta property=\"article:published_time\" content=\"2021-08-18T09:12:43+00:00\" \/>\n<meta property=\"og:image\" content=\"https:\/\/www.travel3.com.br\/site\/wp-content\/uploads\/2021\/08\/WhatsApp-Image-2021-08-12-at-08.38.02.jpeg\" \/>\n\t<meta property=\"og:image:width\" content=\"557\" \/>\n\t<meta property=\"og:image:height\" content=\"557\" \/>\n\t<meta property=\"og:image:type\" content=\"image\/jpeg\" \/>\n<meta name=\"author\" content=\"Reda\u00e7\u00e3o Travel3\" \/>\n<meta name=\"twitter:card\" content=\"summary_large_image\" \/>\n<meta name=\"twitter:label1\" content=\"Escrito por\" \/>\n\t<meta name=\"twitter:data1\" content=\"Reda\u00e7\u00e3o Travel3\" \/>\n\t<meta name=\"twitter:label2\" content=\"Est. tempo de leitura\" \/>\n\t<meta name=\"twitter:data2\" content=\"2 minutos\" \/>\n<script type=\"application\/ld+json\" class=\"yoast-schema-graph\">{\"@context\":\"https:\/\/schema.org\",\"@graph\":[{\"@type\":\"Article\",\"@id\":\"https:\/\/www.travel3.com.br\/site\/acontece-no-turismo\/eventos-e-feiras\/wtm-la-estende-sacola-de-ofertas-digital-ate-26-de-agosto\/#article\",\"isPartOf\":{\"@id\":\"https:\/\/www.travel3.com.br\/site\/acontece-no-turismo\/eventos-e-feiras\/wtm-la-estende-sacola-de-ofertas-digital-ate-26-de-agosto\/\"},\"author\":{\"name\":\"Reda\u00e7\u00e3o Travel3\",\"@id\":\"https:\/\/www.travel3.com.br\/site\/#\/schema\/person\/89251b0320bc67697de92249f97f3fdb\"},\"headline\":\"WTM LA estende Sacola de Ofertas Digital at\u00e9 26 de agosto\",\"datePublished\":\"2021-08-18T09:12:43+00:00\",\"mainEntityOfPage\":{\"@id\":\"https:\/\/www.travel3.com.br\/site\/acontece-no-turismo\/eventos-e-feiras\/wtm-la-estende-sacola-de-ofertas-digital-ate-26-de-agosto\/\"},\"wordCount\":348,\"commentCount\":0,\"publisher\":{\"@id\":\"https:\/\/www.travel3.com.br\/site\/#organization\"},\"image\":{\"@id\":\"https:\/\/www.travel3.com.br\/site\/acontece-no-turismo\/eventos-e-feiras\/wtm-la-estende-sacola-de-ofertas-digital-ate-26-de-agosto\/#primaryimage\"},\"thumbnailUrl\":\"https:\/\/www.travel3.com.br\/site\/wp-content\/uploads\/2021\/08\/WhatsApp-Image-2021-08-12-at-08.38.02.jpeg\",\"keywords\":[\"WTM LA\",\"WTM Latin America 2021\"],\"articleSection\":[\"Acontece no Turismo\",\"Destaque\",\"Eventos e Feiras\",\"Neg\u00f3cios\"],\"inLanguage\":\"pt-BR\",\"potentialAction\":[{\"@type\":\"CommentAction\",\"name\":\"Comment\",\"target\":[\"https:\/\/www.travel3.com.br\/site\/acontece-no-turismo\/eventos-e-feiras\/wtm-la-estende-sacola-de-ofertas-digital-ate-26-de-agosto\/#respond\"]}]},{\"@type\":\"WebPage\",\"@id\":\"https:\/\/www.travel3.com.br\/site\/acontece-no-turismo\/eventos-e-feiras\/wtm-la-estende-sacola-de-ofertas-digital-ate-26-de-agosto\/\",\"url\":\"https:\/\/www.travel3.com.br\/site\/acontece-no-turismo\/eventos-e-feiras\/wtm-la-estende-sacola-de-ofertas-digital-ate-26-de-agosto\/\",\"name\":\"WTM LA estende Sacola de Ofertas Digital at\u00e9 26 de agosto - Travel3\",\"isPartOf\":{\"@id\":\"https:\/\/www.travel3.com.br\/site\/#website\"},\"primaryImageOfPage\":{\"@id\":\"https:\/\/www.travel3.com.br\/site\/acontece-no-turismo\/eventos-e-feiras\/wtm-la-estende-sacola-de-ofertas-digital-ate-26-de-agosto\/#primaryimage\"},\"image\":{\"@id\":\"https:\/\/www.travel3.com.br\/site\/acontece-no-turismo\/eventos-e-feiras\/wtm-la-estende-sacola-de-ofertas-digital-ate-26-de-agosto\/#primaryimage\"},\"thumbnailUrl\":\"https:\/\/www.travel3.com.br\/site\/wp-content\/uploads\/2021\/08\/WhatsApp-Image-2021-08-12-at-08.38.02.jpeg\",\"datePublished\":\"2021-08-18T09:12:43+00:00\",\"description\":\"WTM LA estende sacola de ofertas digital at\u00e9 26 de agosto; benef\u00edcio oferece descontos exclusivos, vouchers de experi\u00eancias e novidades sobre os expositores\",\"breadcrumb\":{\"@id\":\"https:\/\/www.travel3.com.br\/site\/acontece-no-turismo\/eventos-e-feiras\/wtm-la-estende-sacola-de-ofertas-digital-ate-26-de-agosto\/#breadcrumb\"},\"inLanguage\":\"pt-BR\",\"potentialAction\":[{\"@type\":\"ReadAction\",\"target\":[\"https:\/\/www.travel3.com.br\/site\/acontece-no-turismo\/eventos-e-feiras\/wtm-la-estende-sacola-de-ofertas-digital-ate-26-de-agosto\/\"]}]},{\"@type\":\"ImageObject\",\"inLanguage\":\"pt-BR\",\"@id\":\"https:\/\/www.travel3.com.br\/site\/acontece-no-turismo\/eventos-e-feiras\/wtm-la-estende-sacola-de-ofertas-digital-ate-26-de-agosto\/#primaryimage\",\"url\":\"https:\/\/www.travel3.com.br\/site\/wp-content\/uploads\/2021\/08\/WhatsApp-Image-2021-08-12-at-08.38.02.jpeg\",\"contentUrl\":\"https:\/\/www.travel3.com.br\/site\/wp-content\/uploads\/2021\/08\/WhatsApp-Image-2021-08-12-at-08.38.02.jpeg\",\"width\":557,\"height\":557,\"caption\":\"Foto: divulga\u00e7\u00e3o\"},{\"@type\":\"BreadcrumbList\",\"@id\":\"https:\/\/www.travel3.com.br\/site\/acontece-no-turismo\/eventos-e-feiras\/wtm-la-estende-sacola-de-ofertas-digital-ate-26-de-agosto\/#breadcrumb\",\"itemListElement\":[{\"@type\":\"ListItem\",\"position\":1,\"name\":\"In\u00edcio\",\"item\":\"https:\/\/www.travel3.com.br\/site\/\"},{\"@type\":\"ListItem\",\"position\":2,\"name\":\"WTM LA estende Sacola de Ofertas Digital at\u00e9 26 de agosto\"}]},{\"@type\":\"WebSite\",\"@id\":\"https:\/\/www.travel3.com.br\/site\/#website\",\"url\":\"https:\/\/www.travel3.com.br\/site\/\",\"name\":\"Travel3\",\"description\":\"Lazer + Neg&oacute;cios + Aventura\",\"publisher\":{\"@id\":\"https:\/\/www.travel3.com.br\/site\/#organization\"},\"potentialAction\":[{\"@type\":\"SearchAction\",\"target\":{\"@type\":\"EntryPoint\",\"urlTemplate\":\"https:\/\/www.travel3.com.br\/site\/?s={search_term_string}\"},\"query-input\":{\"@type\":\"PropertyValueSpecification\",\"valueRequired\":true,\"valueName\":\"search_term_string\"}}],\"inLanguage\":\"pt-BR\"},{\"@type\":\"Organization\",\"@id\":\"https:\/\/www.travel3.com.br\/site\/#organization\",\"name\":\"Travel3\",\"url\":\"https:\/\/www.travel3.com.br\/site\/\",\"logo\":{\"@type\":\"ImageObject\",\"inLanguage\":\"pt-BR\",\"@id\":\"https:\/\/www.travel3.com.br\/site\/#\/schema\/logo\/image\/\",\"url\":\"https:\/\/www.travel3.com.br\/site\/wp-content\/uploads\/2020\/01\/logo-travel3-2020.png\",\"contentUrl\":\"https:\/\/www.travel3.com.br\/site\/wp-content\/uploads\/2020\/01\/logo-travel3-2020.png\",\"width\":232,\"height\":79,\"caption\":\"Travel3\"},\"image\":{\"@id\":\"https:\/\/www.travel3.com.br\/site\/#\/schema\/logo\/image\/\"},\"sameAs\":[\"https:\/\/www.facebook.com\/travel3media\/\",\"https:\/\/www.instagram.com\/revistatravel3\/\",\"https:\/\/www.youtube.com\/channel\/UCno7J4paGBR3VbZQzvoJ9Eg\"]},{\"@type\":\"Person\",\"@id\":\"https:\/\/www.travel3.com.br\/site\/#\/schema\/person\/89251b0320bc67697de92249f97f3fdb\",\"name\":\"Reda\u00e7\u00e3o Travel3\",\"image\":{\"@type\":\"ImageObject\",\"inLanguage\":\"pt-BR\",\"@id\":\"https:\/\/www.travel3.com.br\/site\/#\/schema\/person\/image\/\",\"url\":\"https:\/\/secure.gravatar.com\/avatar\/85a5ec2ad99b1932f671ebf50c117db6?s=96&d=mm&r=g\",\"contentUrl\":\"https:\/\/secure.gravatar.com\/avatar\/85a5ec2ad99b1932f671ebf50c117db6?s=96&d=mm&r=g\",\"caption\":\"Reda\u00e7\u00e3o Travel3\"},\"sameAs\":[\"http:\/\/www.travel3.com.br\/\"],\"url\":\"https:\/\/www.travel3.com.br\/site\/author\/redacao\/\"}]}<\/script>\n<!-- \/ Yoast SEO plugin. -->","yoast_head_json":{"title":"WTM LA estende Sacola de Ofertas Digital at\u00e9 26 de agosto - Travel3","description":"WTM LA estende sacola de ofertas digital at\u00e9 26 de agosto; benef\u00edcio oferece descontos exclusivos, vouchers de experi\u00eancias e novidades sobre os expositores","robots":{"index":"index","follow":"follow","max-snippet":"max-snippet:-1","max-image-preview":"max-image-preview:large","max-video-preview":"max-video-preview:-1"},"canonical":"https:\/\/www.travel3.com.br\/site\/acontece-no-turismo\/eventos-e-feiras\/wtm-la-estende-sacola-de-ofertas-digital-ate-26-de-agosto\/","og_locale":"pt_BR","og_type":"article","og_title":"WTM LA estende Sacola de Ofertas Digital at\u00e9 26 de agosto - Travel3","og_description":"WTM LA estende sacola de ofertas digital at\u00e9 26 de agosto; benef\u00edcio oferece descontos exclusivos, vouchers de experi\u00eancias e novidades sobre os expositores","og_url":"https:\/\/www.travel3.com.br\/site\/acontece-no-turismo\/eventos-e-feiras\/wtm-la-estende-sacola-de-ofertas-digital-ate-26-de-agosto\/","og_site_name":"Travel3","article_publisher":"https:\/\/www.facebook.com\/travel3media\/","article_published_time":"2021-08-18T09:12:43+00:00","og_image":[{"width":557,"height":557,"url":"https:\/\/www.travel3.com.br\/site\/wp-content\/uploads\/2021\/08\/WhatsApp-Image-2021-08-12-at-08.38.02.jpeg","type":"image\/jpeg"}],"author":"Reda\u00e7\u00e3o Travel3","twitter_card":"summary_large_image","twitter_misc":{"Escrito por":"Reda\u00e7\u00e3o Travel3","Est. tempo de leitura":"2 minutos"},"schema":{"@context":"https:\/\/schema.org","@graph":[{"@type":"Article","@id":"https:\/\/www.travel3.com.br\/site\/acontece-no-turismo\/eventos-e-feiras\/wtm-la-estende-sacola-de-ofertas-digital-ate-26-de-agosto\/#article","isPartOf":{"@id":"https:\/\/www.travel3.com.br\/site\/acontece-no-turismo\/eventos-e-feiras\/wtm-la-estende-sacola-de-ofertas-digital-ate-26-de-agosto\/"},"author":{"name":"Reda\u00e7\u00e3o Travel3","@id":"https:\/\/www.travel3.com.br\/site\/#\/schema\/person\/89251b0320bc67697de92249f97f3fdb"},"headline":"WTM LA estende Sacola de Ofertas Digital at\u00e9 26 de agosto","datePublished":"2021-08-18T09:12:43+00:00","mainEntityOfPage":{"@id":"https:\/\/www.travel3.com.br\/site\/acontece-no-turismo\/eventos-e-feiras\/wtm-la-estende-sacola-de-ofertas-digital-ate-26-de-agosto\/"},"wordCount":348,"commentCount":0,"publisher":{"@id":"https:\/\/www.travel3.com.br\/site\/#organization"},"image":{"@id":"https:\/\/www.travel3.com.br\/site\/acontece-no-turismo\/eventos-e-feiras\/wtm-la-estende-sacola-de-ofertas-digital-ate-26-de-agosto\/#primaryimage"},"thumbnailUrl":"https:\/\/www.travel3.com.br\/site\/wp-content\/uploads\/2021\/08\/WhatsApp-Image-2021-08-12-at-08.38.02.jpeg","keywords":["WTM LA","WTM Latin America 2021"],"articleSection":["Acontece no Turismo","Destaque","Eventos e Feiras","Neg\u00f3cios"],"inLanguage":"pt-BR","potentialAction":[{"@type":"CommentAction","name":"Comment","target":["https:\/\/www.travel3.com.br\/site\/acontece-no-turismo\/eventos-e-feiras\/wtm-la-estende-sacola-de-ofertas-digital-ate-26-de-agosto\/#respond"]}]},{"@type":"WebPage","@id":"https:\/\/www.travel3.com.br\/site\/acontece-no-turismo\/eventos-e-feiras\/wtm-la-estende-sacola-de-ofertas-digital-ate-26-de-agosto\/","url":"https:\/\/www.travel3.com.br\/site\/acontece-no-turismo\/eventos-e-feiras\/wtm-la-estende-sacola-de-ofertas-digital-ate-26-de-agosto\/","name":"WTM LA estende Sacola de Ofertas Digital at\u00e9 26 de agosto - Travel3","isPartOf":{"@id":"https:\/\/www.travel3.com.br\/site\/#website"},"primaryImageOfPage":{"@id":"https:\/\/www.travel3.com.br\/site\/acontece-no-turismo\/eventos-e-feiras\/wtm-la-estende-sacola-de-ofertas-digital-ate-26-de-agosto\/#primaryimage"},"image":{"@id":"https:\/\/www.travel3.com.br\/site\/acontece-no-turismo\/eventos-e-feiras\/wtm-la-estende-sacola-de-ofertas-digital-ate-26-de-agosto\/#primaryimage"},"thumbnailUrl":"https:\/\/www.travel3.com.br\/site\/wp-content\/uploads\/2021\/08\/WhatsApp-Image-2021-08-12-at-08.38.02.jpeg","datePublished":"2021-08-18T09:12:43+00:00","description":"WTM LA estende sacola de ofertas digital at\u00e9 26 de agosto; benef\u00edcio oferece descontos exclusivos, vouchers de experi\u00eancias e novidades sobre os expositores","breadcrumb":{"@id":"https:\/\/www.travel3.com.br\/site\/acontece-no-turismo\/eventos-e-feiras\/wtm-la-estende-sacola-de-ofertas-digital-ate-26-de-agosto\/#breadcrumb"},"inLanguage":"pt-BR","potentialAction":[{"@type":"ReadAction","target":["https:\/\/www.travel3.com.br\/site\/acontece-no-turismo\/eventos-e-feiras\/wtm-la-estende-sacola-de-ofertas-digital-ate-26-de-agosto\/"]}]},{"@type":"ImageObject","inLanguage":"pt-BR","@id":"https:\/\/www.travel3.com.br\/site\/acontece-no-turismo\/eventos-e-feiras\/wtm-la-estende-sacola-de-ofertas-digital-ate-26-de-agosto\/#primaryimage","url":"https:\/\/www.travel3.com.br\/site\/wp-content\/uploads\/2021\/08\/WhatsApp-Image-2021-08-12-at-08.38.02.jpeg","contentUrl":"https:\/\/www.travel3.com.br\/site\/wp-content\/uploads\/2021\/08\/WhatsApp-Image-2021-08-12-at-08.38.02.jpeg","width":557,"height":557,"caption":"Foto: divulga\u00e7\u00e3o"},{"@type":"BreadcrumbList","@id":"https:\/\/www.travel3.com.br\/site\/acontece-no-turismo\/eventos-e-feiras\/wtm-la-estende-sacola-de-ofertas-digital-ate-26-de-agosto\/#breadcrumb","itemListElement":[{"@type":"ListItem","position":1,"name":"In\u00edcio","item":"https:\/\/www.travel3.com.br\/site\/"},{"@type":"ListItem","position":2,"name":"WTM LA estende Sacola de Ofertas Digital at\u00e9 26 de agosto"}]},{"@type":"WebSite","@id":"https:\/\/www.travel3.com.br\/site\/#website","url":"https:\/\/www.travel3.com.br\/site\/","name":"Travel3","description":"Lazer + Neg&oacute;cios + Aventura","publisher":{"@id":"https:\/\/www.travel3.com.br\/site\/#organization"},"potentialAction":[{"@type":"SearchAction","target":{"@type":"EntryPoint","urlTemplate":"https:\/\/www.travel3.com.br\/site\/?s={search_term_string}"},"query-input":{"@type":"PropertyValueSpecification","valueRequired":true,"valueName":"search_term_string"}}],"inLanguage":"pt-BR"},{"@type":"Organization","@id":"https:\/\/www.travel3.com.br\/site\/#organization","name":"Travel3","url":"https:\/\/www.travel3.com.br\/site\/","logo":{"@type":"ImageObject","inLanguage":"pt-BR","@id":"https:\/\/www.travel3.com.br\/site\/#\/schema\/logo\/image\/","url":"https:\/\/www.travel3.com.br\/site\/wp-content\/uploads\/2020\/01\/logo-travel3-2020.png","contentUrl":"https:\/\/www.travel3.com.br\/site\/wp-content\/uploads\/2020\/01\/logo-travel3-2020.png","width":232,"height":79,"caption":"Travel3"},"image":{"@id":"https:\/\/www.travel3.com.br\/site\/#\/schema\/logo\/image\/"},"sameAs":["https:\/\/www.facebook.com\/travel3media\/","https:\/\/www.instagram.com\/revistatravel3\/","https:\/\/www.youtube.com\/channel\/UCno7J4paGBR3VbZQzvoJ9Eg"]},{"@type":"Person","@id":"https:\/\/www.travel3.com.br\/site\/#\/schema\/person\/89251b0320bc67697de92249f97f3fdb","name":"Reda\u00e7\u00e3o Travel3","image":{"@type":"ImageObject","inLanguage":"pt-BR","@id":"https:\/\/www.travel3.com.br\/site\/#\/schema\/person\/image\/","url":"https:\/\/secure.gravatar.com\/avatar\/85a5ec2ad99b1932f671ebf50c117db6?s=96&d=mm&r=g","contentUrl":"https:\/\/secure.gravatar.com\/avatar\/85a5ec2ad99b1932f671ebf50c117db6?s=96&d=mm&r=g","caption":"Reda\u00e7\u00e3o Travel3"},"sameAs":["http:\/\/www.travel3.com.br\/"],"url":"https:\/\/www.travel3.com.br\/site\/author\/redacao\/"}]}},"_links":{"self":[{"href":"https:\/\/www.travel3.com.br\/site\/wp-json\/wp\/v2\/posts\/42272","targetHints":{"allow":["GET"]}}],"collection":[{"href":"https:\/\/www.travel3.com.br\/site\/wp-json\/wp\/v2\/posts"}],"about":[{"href":"https:\/\/www.travel3.com.br\/site\/wp-json\/wp\/v2\/types\/post"}],"author":[{"embeddable":true,"href":"https:\/\/www.travel3.com.br\/site\/wp-json\/wp\/v2\/users\/5"}],"replies":[{"embeddable":true,"href":"https:\/\/www.travel3.com.br\/site\/wp-json\/wp\/v2\/comments?post=42272"}],"version-history":[{"count":5,"href":"https:\/\/www.travel3.com.br\/site\/wp-json\/wp\/v2\/posts\/42272\/revisions"}],"predecessor-version":[{"id":42280,"href":"https:\/\/www.travel3.com.br\/site\/wp-json\/wp\/v2\/posts\/42272\/revisions\/42280"}],"wp:featuredmedia":[{"embeddable":true,"href":"https:\/\/www.travel3.com.br\/site\/wp-json\/wp\/v2\/media\/42194"}],"wp:attachment":[{"href":"https:\/\/www.travel3.com.br\/site\/wp-json\/wp\/v2\/media?parent=42272"}],"wp:term":[{"taxonomy":"category","embeddable":true,"href":"https:\/\/www.travel3.com.br\/site\/wp-json\/wp\/v2\/categories?post=42272"},{"taxonomy":"post_tag","embeddable":true,"href":"https:\/\/www.travel3.com.br\/site\/wp-json\/wp\/v2\/tags?post=42272"}],"curies":[{"name":"wp","href":"https:\/\/api.w.org\/{rel}","templated":true}]}}