{"id":42219,"date":"2021-08-14T20:38:30","date_gmt":"2021-08-14T23:38:30","guid":{"rendered":"https:\/\/www.travel3.com.br\/?p=42219"},"modified":"2021-08-14T20:38:41","modified_gmt":"2021-08-14T23:38:41","slug":"confira-os-destaques-do-3-dia-de-wtm-latin-america-2021","status":"publish","type":"post","link":"https:\/\/www.travel3.com.br\/site\/acontece-no-turismo\/eventos-e-feiras\/confira-os-destaques-do-3-dia-de-wtm-latin-america-2021\/","title":{"rendered":"Confira os destaques do 3\u00b0 dia de WTM Latin America 2021"},"content":{"rendered":"\n<h3 class=\"wp-block-heading\" style=\"text-align:center\">Conte\u00fados  para a retomada s\u00e3o destaques no \u00faltimo dia de conte\u00fados in\u00e9ditos<\/h3>\n\n\n\n<p>A WTM Latin America 2021, um dos principais eventos de turismo voltado para o p\u00fablico B2B da Am\u00e9rica Latina, concluiu na \u00faltima quinta-feira a sua 8\u00aa edi\u00e7\u00e3o de conte\u00fados in\u00e9ditos. Al\u00e9m das reuni\u00f5es e neg\u00f3cios promovidos pelo evento, o 3\u00b0 dia do evento foi marcado por conte\u00fados com foco em mulheres no turismo + empregabilidade + tecnologia + reabertura de destinos; e pelo Pr\u00eamio WTM Global Responsabile Tourism Awards 2021.<\/p>\n\n\n\n<p style=\"text-align:center\">Leia mais = <a href=\"https:\/\/www.travel3.com.br\/acontece-no-turismo\/eventos-e-feiras\/2o-dia-de-wtm-destinos-diversidade-tecnologia\/\"><\/a><strong><a href=\"https:\/\/www.travel3.com.br\/acontece-no-turismo\/eventos-e-feiras\/2o-dia-de-wtm-destinos-diversidade-tecnologia\/\" target=\"_blank\" rel=\"noreferrer noopener\" aria-label=\"2\u00ba dia de WTM = destinos + diversidade + tecnologia (opens in a new tab)\">2\u00ba dia de WTM = destinos + diversidade + tecnologia<\/a><\/strong><\/p>\n\n\n\n<h2 class=\"wp-block-heading\">WTM Global Responsabile Tourism<\/h2>\n\n\n\n<p>A premia\u00e7\u00e3o do WTM Global Responsabile Tourism Awards 2021 foi lan\u00e7ada durante o evento, e destacou projetos de turismo respons\u00e1vel em 6 categorias. O objetivo, segundo a WTM, \u00e9 descobrir, reconhecer e promover exemplos de boas pr\u00e1ticas, que contribuem para o desenvolvimento de solu\u00e7\u00f5es e sua replica\u00e7\u00e3o.<\/p>\n\n\n\n<p>O vencedor de cada categoria nas regi\u00f5es Am\u00e9rica Latina, \u00c1frica, \u00cdndia e resto do mundo estar\u00e1 automaticamente inscrito na premia\u00e7\u00e3o global, com painel de julgamento presidido por Harold Goodwin, conselheiro de turismo respons\u00e1vel da WTM, que ocorre em 31 de agosto, na WTM Virtual.<\/p>\n\n\n\n<p>Para apresentar projetos que foram reconhecidos anteriormente, Gustavo Pinto, conselheiro para o Turismo Respons\u00e1vel da WTM Latin America, recebeu Marianne Costa, fundadora e CEO da Vivejar, que foi a vencedora do WTM World Responsible Tourism Awards em 2020.<\/p>\n\n\n\n<p>E, em seguida, conversou com Maur\u00edcio Miramontes, coordenador de alian\u00e7as do La Mano del Mono, projeto do M\u00e9xico, que abordou a import\u00e2ncia de pr\u00eamios que reconhecem os esfor\u00e7os dos coletivos em busca de sustentabilidade no turismo.<\/p>\n\n\n\n<h2 class=\"wp-block-heading\">Reabertura de Destinos<\/h2>\n\n\n\n<p>Na abordagem de destinos que j\u00e1 iniciaram a recupera\u00e7\u00e3o p\u00f3s-pandemia, Peter Greenberg, rep\u00f3rter do PBS\/CBS News, entrevistou Haris Theoharis, Ministro do Turismo da Gr\u00e9cia, e Rita Marques, Secret\u00e1ria de Estado das Viagens de Portugal, em duas sess\u00f5es de 20 minutos.<\/p>\n\n\n\n<p>Na primeira delas, Theoharis destacou que para haver sucesso na reabertura outros pa\u00edses tamb\u00e9m precisam abrir as suas fronteiras em breve, ou os territ\u00f3rios abertos se tornar\u00e3o \u201cilhas\u201d. Al\u00e9m disso, o Ministro tamb\u00e9m declarou ver 2022 de forma positiva, e acreditar que com a continua\u00e7\u00e3o do trabalho que est\u00e1 sendo feito ser\u00e1 poss\u00edvel retomar o turismo no pa\u00eds e chegar aos n\u00fameros de 2019 em breve.<\/p>\n\n\n\n<p>No painel seguinte, Rita Marques surpreendeu ao afirmar que n\u00e3o quer voltar a atividades tur\u00edstica ao que era em 2019. Segundo ela, desde o in\u00edcio da pandemia, Portugal vem trabalhando bastante; e buscava um 2021 melhor n\u00e3o s\u00f3 para o turismo, mas para o meio-ambiente e tamb\u00e9m de forma social &#8211; com mais equil\u00edbrio e sustentabilidade.<\/p>\n\n\n\n<h2 class=\"wp-block-heading\">Turismo Sustent\u00e1vel e Recoloca\u00e7\u00e3o Profissional<\/h2>\n\n\n\n<p>Outro painel que abordou a sustentabilidade foi <em>Como os destinos brasileiros querem atrair o viajante respons\u00e1vel<\/em>. Artur Andrade, do Panrotas, foi o mediador, e recebeu os convidados Bruno Wendling, diretor-presidente da Funda\u00e7\u00e3o de Turismo de Mato Grosso do Sul; Paulo Angeli, Secret\u00e1rio de Turismo de Foz do Igua\u00e7u; e Leonardo Seabra, head de intelig\u00eancia de mercado da Emprotur (RN). <\/p>\n\n\n\n<p>Na ocasi\u00e3o, foram discutidas as a\u00e7\u00f5es e estrat\u00e9gias que est\u00e3o sendo usadas ou ser\u00e3o postas em pr\u00e1tica em breve para atrair visitantes e empresas que apoiam o turismo sustent\u00e1vel e tenham responsabilidade socioambiental.<\/p>\n\n\n\n<p>J\u00e1 a palestra de Dario Paix\u00e3o, diretor do IMAP, foi uma aula sobre empregabilidade e quais s\u00e3o as compet\u00eancias necess\u00e1rias para que oportunidades sigam surgindo e a evolu\u00e7\u00e3o continue ocorrendo para os profissionais de turismo e viagens.<\/p>\n\n\n\n<p>O painel tamb\u00e9m abordou a mudan\u00e7a do mercado de trabalho com mais uso da tecnologia, casas que se tornaram escrit\u00f3rios, antes mesmo da pandemia, e como as rela\u00e7\u00f5es tamb\u00e9m mudaram de uns anos para c\u00e1.<\/p>\n\n\n\n<h2 class=\"wp-block-heading\">Mulheres no Turismo<\/h2>\n\n\n\n<p>Mariana Aldrigui, professora e pesquisadora da USP, mediou a conversa com Helena Bononi, vice-presidente comercial e de filia\u00e7\u00e3o do WTTC, e Jill Sinclair, CEO da Global Health Associates.<\/p>\n\n\n\n<p>Durante o painel, elas falaram sobre as iniciativas em busca da equidade de g\u00eanero que est\u00e3o ou estiveram envolvidas nos \u00faltimos anos, e comentaram a busca por mais mulheres em posi\u00e7\u00f5es de lideran\u00e7a; al\u00e9m de explicarem sobre os protocolos Safe Travels, <em>que tem como objetivo apoiar o setor de viagens a conquistar uma recupera\u00e7\u00e3o eficaz atrav\u00e9s do desenvolvimento de planos de a\u00e7\u00e3o e otimiza\u00e7\u00e3o do esfor\u00e7o do setor,\u00a0<\/em>nas palavras de Helena.<\/p>\n\n\n\n<p>Os participantes do WTM Latin America tamb\u00e9m puderam acompanhar Stephanie Boyle, chefe global de comunica\u00e7\u00f5es da Skyscanner, em um painel que apresentou as facilidades lan\u00e7adas pela empresa para simplificar a vida dos viajantes e trazer informa\u00e7\u00f5es das condi\u00e7\u00f5es existentes nos pa\u00edses frente \u00e0 pandemia.  <\/p>\n\n\n\n<h2 class=\"wp-block-heading\">Diversidade<\/h2>\n\n\n\n<p>Por fim, 2 pain\u00e9is sobre diversidade fizeram parte da programa\u00e7\u00e3o da WTM Latin America. <em>Afroturismo: Um mercado em expans\u00e3o<\/em> trouxe Solange Barbosa, CEO e fundadora da Rota da Liberdade; Carlos Humberto da Silva Filho, CEO e fundador da Di\u00e1spora.Black; e Tha\u00eds Rosa Pinheiro, CEO do Conectando Territ\u00f3rios, que abordaram o universo afro e como passaram a apresentar cada vez mais a hist\u00f3ria dos africanos que vieram ao Brasil e que n\u00e3o \u00e9 muito conhecida.<\/p>\n\n\n\n<p>J\u00e1 o painel <em>Construindo estrat\u00e9gias para mais mulheres no turismo<\/em> teve a presen\u00e7a de quatro mulheres, e se dedicou a explorar os movimentos feitos nas organiza\u00e7\u00f5es em busca da diversidade.<\/p>\n\n\n\n<h2 class=\"wp-block-heading\">Palavra do expositor<\/h2>\n\n\n\n<p>De acordo com Franz M\u00fcller, Executivo de Mercados Internacionais do Chile, o evento \u00e9 positivo para os neg\u00f3cios.<\/p>\n\n\n\n<blockquote class=\"wp-block-quote is-layout-flow wp-block-quote-is-layout-flow\"><p>Durante os 4 dias do evento virtual estamos gerando reuni\u00f5es comerciais para continuar com o posicionamento do Chile no exterior, bem como avaliar a\u00e7\u00f5es que permitem visualizar a oferta export\u00e1vel chilena. Temos muitos encontros durante os 4 dias da WTM Latin America e no momento j\u00e1 coordenamos com os principais stakeholders internacionais as a\u00e7\u00f5es promocionais a serem desenvolvidas at\u00e9 o final de 2021 e in\u00edcio de 2022.<\/p><cite>Franz M\u00fcller &#8211; Executivo de Mercados Internacionais do Chile<\/cite><\/blockquote>\n\n\n\n<p>J\u00e1 ara Simon Mayle, Diretor da WTM Latin America, essa 1\u00aa edi\u00e7\u00e3o 100% virtual est\u00e1 al\u00e9m do esperado.<\/p>\n\n\n\n<blockquote class=\"wp-block-quote is-layout-flow wp-block-quote-is-layout-flow\"><p>N\u00f3s ainda estamos iniciando a recupera\u00e7\u00e3o quanto \u00e0 pandemia. Sabemos que promover um evento que re\u00fane pessoas do mundo todo nessas condi\u00e7\u00f5es n\u00e3o seria tarefa f\u00e1cil, mas trabalhamos de forma intensa para oferecer aos participantes conte\u00fados \u00fanicos durante esses tr\u00eas dias do evento. Acredito que o resultado da WTM Latin America esse ano superou minhas expectativas.<\/p><cite>Simon Mayle &#8211; Diretor da WTM Latin America<\/cite><\/blockquote>\n\n\n\n<p>Todos os pain\u00e9is ficam dispon\u00edveis na plataforma do evento, que pode ser acessada <strong><a rel=\"noreferrer noopener\" aria-label=\"aqui (opens in a new tab)\" href=\"https:\/\/www.wtm.com\/latin-america\/pt-br.html?utm_source=mediapartner&amp;utm_campaign=engagement&amp;utm_medium=socialmedia&amp;utm_content=home_page_port\" target=\"_blank\">aqui<\/a><\/strong>.<\/p>\n","protected":false},"excerpt":{"rendered":"<p>Conte\u00fados para a retomada s\u00e3o destaques no \u00faltimo dia de conte\u00fados in\u00e9ditos A WTM Latin America 2021, um dos principais eventos de turismo voltado para o p\u00fablico B2B da Am\u00e9rica Latina, concluiu na \u00faltima quinta-feira a sua 8\u00aa edi\u00e7\u00e3o de conte\u00fados in\u00e9ditos. Al\u00e9m das reuni\u00f5es e neg\u00f3cios promovidos pelo evento, o 3\u00b0 dia do evento [&hellip;]<\/p>\n","protected":false},"author":6,"featured_media":42194,"comment_status":"open","ping_status":"open","sticky":false,"template":"","format":"standard","meta":{"footnotes":""},"categories":[969,226,5],"tags":[4117,1787,4571],"class_list":["post-42219","post","type-post","status-publish","format-standard","has-post-thumbnail","hentry","category-acontece-no-turismo","category-destaque","category-eventos-e-feiras","tag-retomada-do-turismo","tag-wtm","tag-wtm-latin-america-2021"],"yoast_head":"<!-- This site is optimized with the Yoast SEO plugin v26.2 - https:\/\/yoast.com\/wordpress\/plugins\/seo\/ -->\n<title>Confira os destaques do 3\u00b0 dia de WTM Latin America 2021 - Travel3<\/title>\n<meta name=\"description\" content=\"Confira os destaques do 3\u00b0 dia de WTM Latin America 2021; conte\u00fados para a retomada s\u00e3o destaques no \u00faltimo dia de conte\u00fados in\u00e9ditos\" \/>\n<meta name=\"robots\" content=\"index, follow, max-snippet:-1, max-image-preview:large, max-video-preview:-1\" \/>\n<link rel=\"canonical\" href=\"https:\/\/www.travel3.com.br\/site\/acontece-no-turismo\/eventos-e-feiras\/confira-os-destaques-do-3-dia-de-wtm-latin-america-2021\/\" \/>\n<meta property=\"og:locale\" content=\"pt_BR\" \/>\n<meta property=\"og:type\" content=\"article\" \/>\n<meta property=\"og:title\" content=\"Confira os destaques do 3\u00b0 dia de WTM Latin America 2021 - Travel3\" \/>\n<meta property=\"og:description\" content=\"Confira os destaques do 3\u00b0 dia de WTM Latin America 2021; conte\u00fados para a retomada s\u00e3o destaques no \u00faltimo dia de conte\u00fados in\u00e9ditos\" \/>\n<meta property=\"og:url\" content=\"https:\/\/www.travel3.com.br\/site\/acontece-no-turismo\/eventos-e-feiras\/confira-os-destaques-do-3-dia-de-wtm-latin-america-2021\/\" \/>\n<meta property=\"og:site_name\" content=\"Travel3\" \/>\n<meta property=\"article:publisher\" content=\"https:\/\/www.facebook.com\/travel3media\/\" \/>\n<meta property=\"article:published_time\" content=\"2021-08-14T23:38:30+00:00\" \/>\n<meta property=\"article:modified_time\" content=\"2021-08-14T23:38:41+00:00\" \/>\n<meta property=\"og:image\" content=\"https:\/\/www.travel3.com.br\/site\/wp-content\/uploads\/2021\/08\/WhatsApp-Image-2021-08-12-at-08.38.02.jpeg\" \/>\n\t<meta property=\"og:image:width\" content=\"557\" \/>\n\t<meta property=\"og:image:height\" content=\"557\" \/>\n\t<meta property=\"og:image:type\" content=\"image\/jpeg\" \/>\n<meta name=\"author\" content=\"Reda\u00e7\u00e3o Travel3\" \/>\n<meta name=\"twitter:card\" content=\"summary_large_image\" \/>\n<meta name=\"twitter:label1\" content=\"Escrito por\" \/>\n\t<meta name=\"twitter:data1\" content=\"Reda\u00e7\u00e3o Travel3\" \/>\n\t<meta name=\"twitter:label2\" content=\"Est. tempo de leitura\" \/>\n\t<meta name=\"twitter:data2\" content=\"6 minutos\" \/>\n<script type=\"application\/ld+json\" class=\"yoast-schema-graph\">{\"@context\":\"https:\/\/schema.org\",\"@graph\":[{\"@type\":\"Article\",\"@id\":\"https:\/\/www.travel3.com.br\/site\/acontece-no-turismo\/eventos-e-feiras\/confira-os-destaques-do-3-dia-de-wtm-latin-america-2021\/#article\",\"isPartOf\":{\"@id\":\"https:\/\/www.travel3.com.br\/site\/acontece-no-turismo\/eventos-e-feiras\/confira-os-destaques-do-3-dia-de-wtm-latin-america-2021\/\"},\"author\":{\"name\":\"Reda\u00e7\u00e3o Travel3\",\"@id\":\"https:\/\/www.travel3.com.br\/site\/#\/schema\/person\/9cff8daac0a2f1aa0799f827b8aa8308\"},\"headline\":\"Confira os destaques do 3\u00b0 dia de WTM Latin America 2021\",\"datePublished\":\"2021-08-14T23:38:30+00:00\",\"dateModified\":\"2021-08-14T23:38:41+00:00\",\"mainEntityOfPage\":{\"@id\":\"https:\/\/www.travel3.com.br\/site\/acontece-no-turismo\/eventos-e-feiras\/confira-os-destaques-do-3-dia-de-wtm-latin-america-2021\/\"},\"wordCount\":1147,\"commentCount\":0,\"publisher\":{\"@id\":\"https:\/\/www.travel3.com.br\/site\/#organization\"},\"image\":{\"@id\":\"https:\/\/www.travel3.com.br\/site\/acontece-no-turismo\/eventos-e-feiras\/confira-os-destaques-do-3-dia-de-wtm-latin-america-2021\/#primaryimage\"},\"thumbnailUrl\":\"https:\/\/www.travel3.com.br\/site\/wp-content\/uploads\/2021\/08\/WhatsApp-Image-2021-08-12-at-08.38.02.jpeg\",\"keywords\":[\"Retomada do Turismo\",\"WTM\",\"WTM Latin America 2021\"],\"articleSection\":[\"Acontece no Turismo\",\"Destaque\",\"Eventos e Feiras\"],\"inLanguage\":\"pt-BR\",\"potentialAction\":[{\"@type\":\"CommentAction\",\"name\":\"Comment\",\"target\":[\"https:\/\/www.travel3.com.br\/site\/acontece-no-turismo\/eventos-e-feiras\/confira-os-destaques-do-3-dia-de-wtm-latin-america-2021\/#respond\"]}]},{\"@type\":\"WebPage\",\"@id\":\"https:\/\/www.travel3.com.br\/site\/acontece-no-turismo\/eventos-e-feiras\/confira-os-destaques-do-3-dia-de-wtm-latin-america-2021\/\",\"url\":\"https:\/\/www.travel3.com.br\/site\/acontece-no-turismo\/eventos-e-feiras\/confira-os-destaques-do-3-dia-de-wtm-latin-america-2021\/\",\"name\":\"Confira os destaques do 3\u00b0 dia de WTM Latin America 2021 - Travel3\",\"isPartOf\":{\"@id\":\"https:\/\/www.travel3.com.br\/site\/#website\"},\"primaryImageOfPage\":{\"@id\":\"https:\/\/www.travel3.com.br\/site\/acontece-no-turismo\/eventos-e-feiras\/confira-os-destaques-do-3-dia-de-wtm-latin-america-2021\/#primaryimage\"},\"image\":{\"@id\":\"https:\/\/www.travel3.com.br\/site\/acontece-no-turismo\/eventos-e-feiras\/confira-os-destaques-do-3-dia-de-wtm-latin-america-2021\/#primaryimage\"},\"thumbnailUrl\":\"https:\/\/www.travel3.com.br\/site\/wp-content\/uploads\/2021\/08\/WhatsApp-Image-2021-08-12-at-08.38.02.jpeg\",\"datePublished\":\"2021-08-14T23:38:30+00:00\",\"dateModified\":\"2021-08-14T23:38:41+00:00\",\"description\":\"Confira os destaques do 3\u00b0 dia de WTM Latin America 2021; conte\u00fados para a retomada s\u00e3o destaques no \u00faltimo dia de conte\u00fados in\u00e9ditos\",\"breadcrumb\":{\"@id\":\"https:\/\/www.travel3.com.br\/site\/acontece-no-turismo\/eventos-e-feiras\/confira-os-destaques-do-3-dia-de-wtm-latin-america-2021\/#breadcrumb\"},\"inLanguage\":\"pt-BR\",\"potentialAction\":[{\"@type\":\"ReadAction\",\"target\":[\"https:\/\/www.travel3.com.br\/site\/acontece-no-turismo\/eventos-e-feiras\/confira-os-destaques-do-3-dia-de-wtm-latin-america-2021\/\"]}]},{\"@type\":\"ImageObject\",\"inLanguage\":\"pt-BR\",\"@id\":\"https:\/\/www.travel3.com.br\/site\/acontece-no-turismo\/eventos-e-feiras\/confira-os-destaques-do-3-dia-de-wtm-latin-america-2021\/#primaryimage\",\"url\":\"https:\/\/www.travel3.com.br\/site\/wp-content\/uploads\/2021\/08\/WhatsApp-Image-2021-08-12-at-08.38.02.jpeg\",\"contentUrl\":\"https:\/\/www.travel3.com.br\/site\/wp-content\/uploads\/2021\/08\/WhatsApp-Image-2021-08-12-at-08.38.02.jpeg\",\"width\":557,\"height\":557,\"caption\":\"Foto: divulga\u00e7\u00e3o\"},{\"@type\":\"BreadcrumbList\",\"@id\":\"https:\/\/www.travel3.com.br\/site\/acontece-no-turismo\/eventos-e-feiras\/confira-os-destaques-do-3-dia-de-wtm-latin-america-2021\/#breadcrumb\",\"itemListElement\":[{\"@type\":\"ListItem\",\"position\":1,\"name\":\"In\u00edcio\",\"item\":\"https:\/\/www.travel3.com.br\/site\/\"},{\"@type\":\"ListItem\",\"position\":2,\"name\":\"Confira os destaques do 3\u00b0 dia de WTM Latin America 2021\"}]},{\"@type\":\"WebSite\",\"@id\":\"https:\/\/www.travel3.com.br\/site\/#website\",\"url\":\"https:\/\/www.travel3.com.br\/site\/\",\"name\":\"Travel3\",\"description\":\"Lazer + Neg&oacute;cios + Aventura\",\"publisher\":{\"@id\":\"https:\/\/www.travel3.com.br\/site\/#organization\"},\"potentialAction\":[{\"@type\":\"SearchAction\",\"target\":{\"@type\":\"EntryPoint\",\"urlTemplate\":\"https:\/\/www.travel3.com.br\/site\/?s={search_term_string}\"},\"query-input\":{\"@type\":\"PropertyValueSpecification\",\"valueRequired\":true,\"valueName\":\"search_term_string\"}}],\"inLanguage\":\"pt-BR\"},{\"@type\":\"Organization\",\"@id\":\"https:\/\/www.travel3.com.br\/site\/#organization\",\"name\":\"Travel3\",\"url\":\"https:\/\/www.travel3.com.br\/site\/\",\"logo\":{\"@type\":\"ImageObject\",\"inLanguage\":\"pt-BR\",\"@id\":\"https:\/\/www.travel3.com.br\/site\/#\/schema\/logo\/image\/\",\"url\":\"https:\/\/www.travel3.com.br\/site\/wp-content\/uploads\/2020\/01\/logo-travel3-2020.png\",\"contentUrl\":\"https:\/\/www.travel3.com.br\/site\/wp-content\/uploads\/2020\/01\/logo-travel3-2020.png\",\"width\":232,\"height\":79,\"caption\":\"Travel3\"},\"image\":{\"@id\":\"https:\/\/www.travel3.com.br\/site\/#\/schema\/logo\/image\/\"},\"sameAs\":[\"https:\/\/www.facebook.com\/travel3media\/\",\"https:\/\/www.instagram.com\/revistatravel3\/\",\"https:\/\/www.youtube.com\/channel\/UCno7J4paGBR3VbZQzvoJ9Eg\"]},{\"@type\":\"Person\",\"@id\":\"https:\/\/www.travel3.com.br\/site\/#\/schema\/person\/9cff8daac0a2f1aa0799f827b8aa8308\",\"name\":\"Reda\u00e7\u00e3o Travel3\",\"image\":{\"@type\":\"ImageObject\",\"inLanguage\":\"pt-BR\",\"@id\":\"https:\/\/www.travel3.com.br\/site\/#\/schema\/person\/image\/\",\"url\":\"https:\/\/secure.gravatar.com\/avatar\/6e6125525e1f04b7b8c607d71556e490?s=96&d=mm&r=g\",\"contentUrl\":\"https:\/\/secure.gravatar.com\/avatar\/6e6125525e1f04b7b8c607d71556e490?s=96&d=mm&r=g\",\"caption\":\"Reda\u00e7\u00e3o Travel3\"},\"sameAs\":[\"http:\/\/www.travel3.com.br\"],\"url\":\"https:\/\/www.travel3.com.br\/site\/author\/redacao2\/\"}]}<\/script>\n<!-- \/ Yoast SEO plugin. -->","yoast_head_json":{"title":"Confira os destaques do 3\u00b0 dia de WTM Latin America 2021 - Travel3","description":"Confira os destaques do 3\u00b0 dia de WTM Latin America 2021; conte\u00fados para a retomada s\u00e3o destaques no \u00faltimo dia de conte\u00fados in\u00e9ditos","robots":{"index":"index","follow":"follow","max-snippet":"max-snippet:-1","max-image-preview":"max-image-preview:large","max-video-preview":"max-video-preview:-1"},"canonical":"https:\/\/www.travel3.com.br\/site\/acontece-no-turismo\/eventos-e-feiras\/confira-os-destaques-do-3-dia-de-wtm-latin-america-2021\/","og_locale":"pt_BR","og_type":"article","og_title":"Confira os destaques do 3\u00b0 dia de WTM Latin America 2021 - Travel3","og_description":"Confira os destaques do 3\u00b0 dia de WTM Latin America 2021; conte\u00fados para a retomada s\u00e3o destaques no \u00faltimo dia de conte\u00fados in\u00e9ditos","og_url":"https:\/\/www.travel3.com.br\/site\/acontece-no-turismo\/eventos-e-feiras\/confira-os-destaques-do-3-dia-de-wtm-latin-america-2021\/","og_site_name":"Travel3","article_publisher":"https:\/\/www.facebook.com\/travel3media\/","article_published_time":"2021-08-14T23:38:30+00:00","article_modified_time":"2021-08-14T23:38:41+00:00","og_image":[{"width":557,"height":557,"url":"https:\/\/www.travel3.com.br\/site\/wp-content\/uploads\/2021\/08\/WhatsApp-Image-2021-08-12-at-08.38.02.jpeg","type":"image\/jpeg"}],"author":"Reda\u00e7\u00e3o Travel3","twitter_card":"summary_large_image","twitter_misc":{"Escrito por":"Reda\u00e7\u00e3o Travel3","Est. tempo de leitura":"6 minutos"},"schema":{"@context":"https:\/\/schema.org","@graph":[{"@type":"Article","@id":"https:\/\/www.travel3.com.br\/site\/acontece-no-turismo\/eventos-e-feiras\/confira-os-destaques-do-3-dia-de-wtm-latin-america-2021\/#article","isPartOf":{"@id":"https:\/\/www.travel3.com.br\/site\/acontece-no-turismo\/eventos-e-feiras\/confira-os-destaques-do-3-dia-de-wtm-latin-america-2021\/"},"author":{"name":"Reda\u00e7\u00e3o Travel3","@id":"https:\/\/www.travel3.com.br\/site\/#\/schema\/person\/9cff8daac0a2f1aa0799f827b8aa8308"},"headline":"Confira os destaques do 3\u00b0 dia de WTM Latin America 2021","datePublished":"2021-08-14T23:38:30+00:00","dateModified":"2021-08-14T23:38:41+00:00","mainEntityOfPage":{"@id":"https:\/\/www.travel3.com.br\/site\/acontece-no-turismo\/eventos-e-feiras\/confira-os-destaques-do-3-dia-de-wtm-latin-america-2021\/"},"wordCount":1147,"commentCount":0,"publisher":{"@id":"https:\/\/www.travel3.com.br\/site\/#organization"},"image":{"@id":"https:\/\/www.travel3.com.br\/site\/acontece-no-turismo\/eventos-e-feiras\/confira-os-destaques-do-3-dia-de-wtm-latin-america-2021\/#primaryimage"},"thumbnailUrl":"https:\/\/www.travel3.com.br\/site\/wp-content\/uploads\/2021\/08\/WhatsApp-Image-2021-08-12-at-08.38.02.jpeg","keywords":["Retomada do Turismo","WTM","WTM Latin America 2021"],"articleSection":["Acontece no Turismo","Destaque","Eventos e Feiras"],"inLanguage":"pt-BR","potentialAction":[{"@type":"CommentAction","name":"Comment","target":["https:\/\/www.travel3.com.br\/site\/acontece-no-turismo\/eventos-e-feiras\/confira-os-destaques-do-3-dia-de-wtm-latin-america-2021\/#respond"]}]},{"@type":"WebPage","@id":"https:\/\/www.travel3.com.br\/site\/acontece-no-turismo\/eventos-e-feiras\/confira-os-destaques-do-3-dia-de-wtm-latin-america-2021\/","url":"https:\/\/www.travel3.com.br\/site\/acontece-no-turismo\/eventos-e-feiras\/confira-os-destaques-do-3-dia-de-wtm-latin-america-2021\/","name":"Confira os destaques do 3\u00b0 dia de WTM Latin America 2021 - Travel3","isPartOf":{"@id":"https:\/\/www.travel3.com.br\/site\/#website"},"primaryImageOfPage":{"@id":"https:\/\/www.travel3.com.br\/site\/acontece-no-turismo\/eventos-e-feiras\/confira-os-destaques-do-3-dia-de-wtm-latin-america-2021\/#primaryimage"},"image":{"@id":"https:\/\/www.travel3.com.br\/site\/acontece-no-turismo\/eventos-e-feiras\/confira-os-destaques-do-3-dia-de-wtm-latin-america-2021\/#primaryimage"},"thumbnailUrl":"https:\/\/www.travel3.com.br\/site\/wp-content\/uploads\/2021\/08\/WhatsApp-Image-2021-08-12-at-08.38.02.jpeg","datePublished":"2021-08-14T23:38:30+00:00","dateModified":"2021-08-14T23:38:41+00:00","description":"Confira os destaques do 3\u00b0 dia de WTM Latin America 2021; conte\u00fados para a retomada s\u00e3o destaques no \u00faltimo dia de conte\u00fados in\u00e9ditos","breadcrumb":{"@id":"https:\/\/www.travel3.com.br\/site\/acontece-no-turismo\/eventos-e-feiras\/confira-os-destaques-do-3-dia-de-wtm-latin-america-2021\/#breadcrumb"},"inLanguage":"pt-BR","potentialAction":[{"@type":"ReadAction","target":["https:\/\/www.travel3.com.br\/site\/acontece-no-turismo\/eventos-e-feiras\/confira-os-destaques-do-3-dia-de-wtm-latin-america-2021\/"]}]},{"@type":"ImageObject","inLanguage":"pt-BR","@id":"https:\/\/www.travel3.com.br\/site\/acontece-no-turismo\/eventos-e-feiras\/confira-os-destaques-do-3-dia-de-wtm-latin-america-2021\/#primaryimage","url":"https:\/\/www.travel3.com.br\/site\/wp-content\/uploads\/2021\/08\/WhatsApp-Image-2021-08-12-at-08.38.02.jpeg","contentUrl":"https:\/\/www.travel3.com.br\/site\/wp-content\/uploads\/2021\/08\/WhatsApp-Image-2021-08-12-at-08.38.02.jpeg","width":557,"height":557,"caption":"Foto: divulga\u00e7\u00e3o"},{"@type":"BreadcrumbList","@id":"https:\/\/www.travel3.com.br\/site\/acontece-no-turismo\/eventos-e-feiras\/confira-os-destaques-do-3-dia-de-wtm-latin-america-2021\/#breadcrumb","itemListElement":[{"@type":"ListItem","position":1,"name":"In\u00edcio","item":"https:\/\/www.travel3.com.br\/site\/"},{"@type":"ListItem","position":2,"name":"Confira os destaques do 3\u00b0 dia de WTM Latin America 2021"}]},{"@type":"WebSite","@id":"https:\/\/www.travel3.com.br\/site\/#website","url":"https:\/\/www.travel3.com.br\/site\/","name":"Travel3","description":"Lazer + Neg&oacute;cios + Aventura","publisher":{"@id":"https:\/\/www.travel3.com.br\/site\/#organization"},"potentialAction":[{"@type":"SearchAction","target":{"@type":"EntryPoint","urlTemplate":"https:\/\/www.travel3.com.br\/site\/?s={search_term_string}"},"query-input":{"@type":"PropertyValueSpecification","valueRequired":true,"valueName":"search_term_string"}}],"inLanguage":"pt-BR"},{"@type":"Organization","@id":"https:\/\/www.travel3.com.br\/site\/#organization","name":"Travel3","url":"https:\/\/www.travel3.com.br\/site\/","logo":{"@type":"ImageObject","inLanguage":"pt-BR","@id":"https:\/\/www.travel3.com.br\/site\/#\/schema\/logo\/image\/","url":"https:\/\/www.travel3.com.br\/site\/wp-content\/uploads\/2020\/01\/logo-travel3-2020.png","contentUrl":"https:\/\/www.travel3.com.br\/site\/wp-content\/uploads\/2020\/01\/logo-travel3-2020.png","width":232,"height":79,"caption":"Travel3"},"image":{"@id":"https:\/\/www.travel3.com.br\/site\/#\/schema\/logo\/image\/"},"sameAs":["https:\/\/www.facebook.com\/travel3media\/","https:\/\/www.instagram.com\/revistatravel3\/","https:\/\/www.youtube.com\/channel\/UCno7J4paGBR3VbZQzvoJ9Eg"]},{"@type":"Person","@id":"https:\/\/www.travel3.com.br\/site\/#\/schema\/person\/9cff8daac0a2f1aa0799f827b8aa8308","name":"Reda\u00e7\u00e3o Travel3","image":{"@type":"ImageObject","inLanguage":"pt-BR","@id":"https:\/\/www.travel3.com.br\/site\/#\/schema\/person\/image\/","url":"https:\/\/secure.gravatar.com\/avatar\/6e6125525e1f04b7b8c607d71556e490?s=96&d=mm&r=g","contentUrl":"https:\/\/secure.gravatar.com\/avatar\/6e6125525e1f04b7b8c607d71556e490?s=96&d=mm&r=g","caption":"Reda\u00e7\u00e3o Travel3"},"sameAs":["http:\/\/www.travel3.com.br"],"url":"https:\/\/www.travel3.com.br\/site\/author\/redacao2\/"}]}},"_links":{"self":[{"href":"https:\/\/www.travel3.com.br\/site\/wp-json\/wp\/v2\/posts\/42219","targetHints":{"allow":["GET"]}}],"collection":[{"href":"https:\/\/www.travel3.com.br\/site\/wp-json\/wp\/v2\/posts"}],"about":[{"href":"https:\/\/www.travel3.com.br\/site\/wp-json\/wp\/v2\/types\/post"}],"author":[{"embeddable":true,"href":"https:\/\/www.travel3.com.br\/site\/wp-json\/wp\/v2\/users\/6"}],"replies":[{"embeddable":true,"href":"https:\/\/www.travel3.com.br\/site\/wp-json\/wp\/v2\/comments?post=42219"}],"version-history":[{"count":1,"href":"https:\/\/www.travel3.com.br\/site\/wp-json\/wp\/v2\/posts\/42219\/revisions"}],"predecessor-version":[{"id":42221,"href":"https:\/\/www.travel3.com.br\/site\/wp-json\/wp\/v2\/posts\/42219\/revisions\/42221"}],"wp:featuredmedia":[{"embeddable":true,"href":"https:\/\/www.travel3.com.br\/site\/wp-json\/wp\/v2\/media\/42194"}],"wp:attachment":[{"href":"https:\/\/www.travel3.com.br\/site\/wp-json\/wp\/v2\/media?parent=42219"}],"wp:term":[{"taxonomy":"category","embeddable":true,"href":"https:\/\/www.travel3.com.br\/site\/wp-json\/wp\/v2\/categories?post=42219"},{"taxonomy":"post_tag","embeddable":true,"href":"https:\/\/www.travel3.com.br\/site\/wp-json\/wp\/v2\/tags?post=42219"}],"curies":[{"name":"wp","href":"https:\/\/api.w.org\/{rel}","templated":true}]}}