{"id":42210,"date":"2021-08-13T06:00:48","date_gmt":"2021-08-13T09:00:48","guid":{"rendered":"https:\/\/www.travel3.com.br\/?p=42210"},"modified":"2021-08-12T20:20:15","modified_gmt":"2021-08-12T23:20:15","slug":"incomum-viagens-apresenta-nova-campanha-de-vendas","status":"publish","type":"post","link":"https:\/\/www.travel3.com.br\/site\/acontece-no-turismo\/operadoras\/incomum-viagens-apresenta-nova-campanha-de-vendas\/","title":{"rendered":"Incomum Viagens lan\u00e7a  campanha para agentes de MG"},"content":{"rendered":"\n<div class=\"wp-block-image\"><figure class=\"aligncenter\"><img loading=\"lazy\" decoding=\"async\" width=\"1024\" height=\"846\" src=\"https:\/\/www.travel3.com.br\/site\/wp-content\/uploads\/2021\/08\/Incomum-OperadoraMG-1024x846.jpg\" alt=\"Incomum Viagens\" class=\"wp-image-42207\" srcset=\"https:\/\/www.travel3.com.br\/site\/wp-content\/uploads\/2021\/08\/Incomum-OperadoraMG-1024x846.jpg 1024w, https:\/\/www.travel3.com.br\/site\/wp-content\/uploads\/2021\/08\/Incomum-OperadoraMG-300x248.jpg 300w, https:\/\/www.travel3.com.br\/site\/wp-content\/uploads\/2021\/08\/Incomum-OperadoraMG-768x634.jpg 768w, https:\/\/www.travel3.com.br\/site\/wp-content\/uploads\/2021\/08\/Incomum-OperadoraMG-750x619.jpg 750w, https:\/\/www.travel3.com.br\/site\/wp-content\/uploads\/2021\/08\/Incomum-OperadoraMG-1140x941.jpg 1140w, https:\/\/www.travel3.com.br\/site\/wp-content\/uploads\/2021\/08\/Incomum-OperadoraMG.jpg 1280w\" sizes=\"auto, (max-width: 1024px) 100vw, 1024px\" \/><figcaption>Thaisa Visconti &#8211; opera\u00e7\u00f5es -, Felipe Vargas &#8211; opera\u00e7\u00f5es -, e Roseane Cavalcante &#8211; comercial -; o time da operadora em Minas Gerais (Foto: divulga\u00e7\u00e3o)<\/figcaption><\/figure><\/div>\n\n\n\n<h3 class=\"wp-block-heading\" style=\"text-align:center\">Operadora, que chegou a Belo Horizonte no in\u00edcio de 2021, apresenta a campanha <em>Vendeu, Ganhou<\/em><\/h3>\n\n\n\n<p>A Incomum Viagens, operadora que chegou oficialmente em Belo Horizonte no in\u00edcio de 2021, lan\u00e7ou esse m\u00eas campanha de vendas voltada para os agentes mineiros. <\/p>\n\n\n\n<p>A campanha <em>vendeu, ganhou<\/em> oferece premia\u00e7\u00e3o para todos os agentes que comprarem qualquer produto da operadora. Os agentes podem acumular os pontos durante os meses de agosto e setembro, e trocar o cr\u00e9dito por produtos do Carrefour; sejam eletro-eletr\u00f4nicos, alimentos, bebidas, dentre outros.<\/p>\n\n\n\n<p style=\"text-align:center\">Leia mais = <a rel=\"noreferrer noopener\" aria-label=\"Copa Airlines passar\u00e1 a operar um novo destino na Col\u00f4mbia (opens in a new tab)\" href=\"https:\/\/www.travel3.com.br\/ir-e-vir\/ar\/copa-airlines-passara-a-operar-um-novo-destino-na-colombia\/\" target=\"_blank\"><strong>Copa Airlines passar\u00e1 a operar um novo destino na Col\u00f4mbia<\/strong><\/a><\/p>\n\n\n\n<div class=\"wp-block-image\"><figure class=\"aligncenter\"><img loading=\"lazy\" decoding=\"async\" width=\"720\" height=\"1024\" src=\"https:\/\/www.travel3.com.br\/site\/wp-content\/uploads\/2021\/08\/Incomum-Viagens-720x1024.jpg\" alt=\"Incomum Viagens\" class=\"wp-image-42212\" srcset=\"https:\/\/www.travel3.com.br\/site\/wp-content\/uploads\/2021\/08\/Incomum-Viagens-720x1024.jpg 720w, https:\/\/www.travel3.com.br\/site\/wp-content\/uploads\/2021\/08\/Incomum-Viagens-211x300.jpg 211w, https:\/\/www.travel3.com.br\/site\/wp-content\/uploads\/2021\/08\/Incomum-Viagens-768x1092.jpg 768w, https:\/\/www.travel3.com.br\/site\/wp-content\/uploads\/2021\/08\/Incomum-Viagens-750x1067.jpg 750w, https:\/\/www.travel3.com.br\/site\/wp-content\/uploads\/2021\/08\/Incomum-Viagens.jpg 900w\" sizes=\"auto, (max-width: 720px) 100vw, 720px\" \/><figcaption>Nova Campanha da Incomum Viagens voltada para agentes mineiros<\/figcaption><\/figure><\/div>\n\n\n\n<h4 class=\"wp-block-heading\"><strong>A operadora<\/strong><\/h4>\n\n\n\n<p>A Incomum Viagens est\u00e1 no mercado h\u00e1 23 anos. Com matriz em Florian\u00f3polis, a operadora possui bases em Blumenau, Curitiba, Porto Alegre, Joinville, S\u00e3o Paulo, Natal e Belo Horizonte; e \u00e9 voltada tanto para o segmento nacional quanto ao internacional.<\/p>\n\n\n\n<blockquote class=\"wp-block-quote is-layout-flow wp-block-quote-is-layout-flow\"><p>A vantagem dessa campanha \u00e9 que n\u00e3o \u00e9 atrelada a sorteio ou a quem vender mais, todos os agentes que venderem ganham.<\/p><cite>Roseane Cavalcante &#8211; Gerente de Contas da Incomum Viagens<\/cite><\/blockquote>\n\n\n\n<h3 class=\"wp-block-heading\" style=\"text-align:center\">Saiba mais = <a rel=\"noreferrer noopener\" aria-label=\" (opens in a new tab)\" href=\"https:\/\/www.incomumviagens.com.br\/\" target=\"_blank\">incomumviagens.com.br<\/a><\/h3>\n","protected":false},"excerpt":{"rendered":"<p>Operadora, que chegou a Belo Horizonte no in\u00edcio de 2021, apresenta a campanha Vendeu, Ganhou A Incomum Viagens, operadora que chegou oficialmente em Belo Horizonte no in\u00edcio de 2021, lan\u00e7ou esse m\u00eas campanha de vendas voltada para os agentes mineiros. A campanha vendeu, ganhou oferece premia\u00e7\u00e3o para todos os agentes que comprarem qualquer produto da [&hellip;]<\/p>\n","protected":false},"author":5,"featured_media":42207,"comment_status":"open","ping_status":"open","sticky":false,"template":"","format":"standard","meta":{"footnotes":""},"categories":[969,7,4],"tags":[188],"class_list":["post-42210","post","type-post","status-publish","format-standard","has-post-thumbnail","hentry","category-acontece-no-turismo","category-dicas","category-operadoras","tag-incomum-viagens"],"yoast_head":"<!-- This site is optimized with the Yoast SEO plugin v26.2 - https:\/\/yoast.com\/wordpress\/plugins\/seo\/ -->\n<title>Incomum Viagens lan\u00e7a campanha para agentes de MG - Travel3<\/title>\n<meta name=\"description\" content=\"Incomum Viagens apresenta nova campanha de vendas; campanha Vendeu, Ganhou \u00e9 voltada para os agentes de viagem de Minas Gerais\" \/>\n<meta name=\"robots\" content=\"index, follow, max-snippet:-1, max-image-preview:large, max-video-preview:-1\" \/>\n<link rel=\"canonical\" href=\"https:\/\/www.travel3.com.br\/site\/acontece-no-turismo\/operadoras\/incomum-viagens-apresenta-nova-campanha-de-vendas\/\" \/>\n<meta property=\"og:locale\" content=\"pt_BR\" \/>\n<meta property=\"og:type\" content=\"article\" \/>\n<meta property=\"og:title\" content=\"Incomum Viagens lan\u00e7a campanha para agentes de MG - Travel3\" \/>\n<meta property=\"og:description\" content=\"Incomum Viagens apresenta nova campanha de vendas; campanha Vendeu, Ganhou \u00e9 voltada para os agentes de viagem de Minas Gerais\" \/>\n<meta property=\"og:url\" content=\"https:\/\/www.travel3.com.br\/site\/acontece-no-turismo\/operadoras\/incomum-viagens-apresenta-nova-campanha-de-vendas\/\" \/>\n<meta property=\"og:site_name\" content=\"Travel3\" \/>\n<meta property=\"article:publisher\" content=\"https:\/\/www.facebook.com\/travel3media\/\" \/>\n<meta property=\"article:published_time\" content=\"2021-08-13T09:00:48+00:00\" \/>\n<meta property=\"og:image\" content=\"https:\/\/www.travel3.com.br\/site\/wp-content\/uploads\/2021\/08\/Incomum-OperadoraMG.jpg\" \/>\n\t<meta property=\"og:image:width\" content=\"1280\" \/>\n\t<meta property=\"og:image:height\" content=\"1057\" \/>\n\t<meta property=\"og:image:type\" content=\"image\/jpeg\" \/>\n<meta name=\"author\" content=\"Reda\u00e7\u00e3o Travel3\" \/>\n<meta name=\"twitter:card\" content=\"summary_large_image\" \/>\n<meta name=\"twitter:label1\" content=\"Escrito por\" \/>\n\t<meta name=\"twitter:data1\" content=\"Reda\u00e7\u00e3o Travel3\" \/>\n\t<meta name=\"twitter:label2\" content=\"Est. tempo de leitura\" \/>\n\t<meta name=\"twitter:data2\" content=\"1 minuto\" \/>\n<script type=\"application\/ld+json\" class=\"yoast-schema-graph\">{\"@context\":\"https:\/\/schema.org\",\"@graph\":[{\"@type\":\"Article\",\"@id\":\"https:\/\/www.travel3.com.br\/site\/acontece-no-turismo\/operadoras\/incomum-viagens-apresenta-nova-campanha-de-vendas\/#article\",\"isPartOf\":{\"@id\":\"https:\/\/www.travel3.com.br\/site\/acontece-no-turismo\/operadoras\/incomum-viagens-apresenta-nova-campanha-de-vendas\/\"},\"author\":{\"name\":\"Reda\u00e7\u00e3o Travel3\",\"@id\":\"https:\/\/www.travel3.com.br\/site\/#\/schema\/person\/89251b0320bc67697de92249f97f3fdb\"},\"headline\":\"Incomum Viagens lan\u00e7a campanha para agentes de MG\",\"datePublished\":\"2021-08-13T09:00:48+00:00\",\"mainEntityOfPage\":{\"@id\":\"https:\/\/www.travel3.com.br\/site\/acontece-no-turismo\/operadoras\/incomum-viagens-apresenta-nova-campanha-de-vendas\/\"},\"wordCount\":224,\"commentCount\":0,\"publisher\":{\"@id\":\"https:\/\/www.travel3.com.br\/site\/#organization\"},\"image\":{\"@id\":\"https:\/\/www.travel3.com.br\/site\/acontece-no-turismo\/operadoras\/incomum-viagens-apresenta-nova-campanha-de-vendas\/#primaryimage\"},\"thumbnailUrl\":\"https:\/\/www.travel3.com.br\/site\/wp-content\/uploads\/2021\/08\/Incomum-OperadoraMG.jpg\",\"keywords\":[\"Incomum Viagens\"],\"articleSection\":[\"Acontece no Turismo\",\"Dicas\",\"Operadoras\"],\"inLanguage\":\"pt-BR\",\"potentialAction\":[{\"@type\":\"CommentAction\",\"name\":\"Comment\",\"target\":[\"https:\/\/www.travel3.com.br\/site\/acontece-no-turismo\/operadoras\/incomum-viagens-apresenta-nova-campanha-de-vendas\/#respond\"]}]},{\"@type\":\"WebPage\",\"@id\":\"https:\/\/www.travel3.com.br\/site\/acontece-no-turismo\/operadoras\/incomum-viagens-apresenta-nova-campanha-de-vendas\/\",\"url\":\"https:\/\/www.travel3.com.br\/site\/acontece-no-turismo\/operadoras\/incomum-viagens-apresenta-nova-campanha-de-vendas\/\",\"name\":\"Incomum Viagens lan\u00e7a campanha para agentes de MG - Travel3\",\"isPartOf\":{\"@id\":\"https:\/\/www.travel3.com.br\/site\/#website\"},\"primaryImageOfPage\":{\"@id\":\"https:\/\/www.travel3.com.br\/site\/acontece-no-turismo\/operadoras\/incomum-viagens-apresenta-nova-campanha-de-vendas\/#primaryimage\"},\"image\":{\"@id\":\"https:\/\/www.travel3.com.br\/site\/acontece-no-turismo\/operadoras\/incomum-viagens-apresenta-nova-campanha-de-vendas\/#primaryimage\"},\"thumbnailUrl\":\"https:\/\/www.travel3.com.br\/site\/wp-content\/uploads\/2021\/08\/Incomum-OperadoraMG.jpg\",\"datePublished\":\"2021-08-13T09:00:48+00:00\",\"description\":\"Incomum Viagens apresenta nova campanha de vendas; campanha Vendeu, Ganhou \u00e9 voltada para os agentes de viagem de Minas Gerais\",\"breadcrumb\":{\"@id\":\"https:\/\/www.travel3.com.br\/site\/acontece-no-turismo\/operadoras\/incomum-viagens-apresenta-nova-campanha-de-vendas\/#breadcrumb\"},\"inLanguage\":\"pt-BR\",\"potentialAction\":[{\"@type\":\"ReadAction\",\"target\":[\"https:\/\/www.travel3.com.br\/site\/acontece-no-turismo\/operadoras\/incomum-viagens-apresenta-nova-campanha-de-vendas\/\"]}]},{\"@type\":\"ImageObject\",\"inLanguage\":\"pt-BR\",\"@id\":\"https:\/\/www.travel3.com.br\/site\/acontece-no-turismo\/operadoras\/incomum-viagens-apresenta-nova-campanha-de-vendas\/#primaryimage\",\"url\":\"https:\/\/www.travel3.com.br\/site\/wp-content\/uploads\/2021\/08\/Incomum-OperadoraMG.jpg\",\"contentUrl\":\"https:\/\/www.travel3.com.br\/site\/wp-content\/uploads\/2021\/08\/Incomum-OperadoraMG.jpg\",\"width\":1280,\"height\":1057,\"caption\":\"Thaisa Visconti - opera\u00e7\u00f5es -, Felipe Vargas - opera\u00e7\u00f5es -, e Roseane Cavalcante - comercial -; o time da Incomum Viagens em Minas Gerais (imagem: divulga\u00e7\u00e3o)\"},{\"@type\":\"BreadcrumbList\",\"@id\":\"https:\/\/www.travel3.com.br\/site\/acontece-no-turismo\/operadoras\/incomum-viagens-apresenta-nova-campanha-de-vendas\/#breadcrumb\",\"itemListElement\":[{\"@type\":\"ListItem\",\"position\":1,\"name\":\"In\u00edcio\",\"item\":\"https:\/\/www.travel3.com.br\/site\/\"},{\"@type\":\"ListItem\",\"position\":2,\"name\":\"Incomum Viagens lan\u00e7a campanha para agentes de MG\"}]},{\"@type\":\"WebSite\",\"@id\":\"https:\/\/www.travel3.com.br\/site\/#website\",\"url\":\"https:\/\/www.travel3.com.br\/site\/\",\"name\":\"Travel3\",\"description\":\"Lazer + Neg&oacute;cios + Aventura\",\"publisher\":{\"@id\":\"https:\/\/www.travel3.com.br\/site\/#organization\"},\"potentialAction\":[{\"@type\":\"SearchAction\",\"target\":{\"@type\":\"EntryPoint\",\"urlTemplate\":\"https:\/\/www.travel3.com.br\/site\/?s={search_term_string}\"},\"query-input\":{\"@type\":\"PropertyValueSpecification\",\"valueRequired\":true,\"valueName\":\"search_term_string\"}}],\"inLanguage\":\"pt-BR\"},{\"@type\":\"Organization\",\"@id\":\"https:\/\/www.travel3.com.br\/site\/#organization\",\"name\":\"Travel3\",\"url\":\"https:\/\/www.travel3.com.br\/site\/\",\"logo\":{\"@type\":\"ImageObject\",\"inLanguage\":\"pt-BR\",\"@id\":\"https:\/\/www.travel3.com.br\/site\/#\/schema\/logo\/image\/\",\"url\":\"https:\/\/www.travel3.com.br\/site\/wp-content\/uploads\/2020\/01\/logo-travel3-2020.png\",\"contentUrl\":\"https:\/\/www.travel3.com.br\/site\/wp-content\/uploads\/2020\/01\/logo-travel3-2020.png\",\"width\":232,\"height\":79,\"caption\":\"Travel3\"},\"image\":{\"@id\":\"https:\/\/www.travel3.com.br\/site\/#\/schema\/logo\/image\/\"},\"sameAs\":[\"https:\/\/www.facebook.com\/travel3media\/\",\"https:\/\/www.instagram.com\/revistatravel3\/\",\"https:\/\/www.youtube.com\/channel\/UCno7J4paGBR3VbZQzvoJ9Eg\"]},{\"@type\":\"Person\",\"@id\":\"https:\/\/www.travel3.com.br\/site\/#\/schema\/person\/89251b0320bc67697de92249f97f3fdb\",\"name\":\"Reda\u00e7\u00e3o Travel3\",\"image\":{\"@type\":\"ImageObject\",\"inLanguage\":\"pt-BR\",\"@id\":\"https:\/\/www.travel3.com.br\/site\/#\/schema\/person\/image\/\",\"url\":\"https:\/\/secure.gravatar.com\/avatar\/85a5ec2ad99b1932f671ebf50c117db6?s=96&d=mm&r=g\",\"contentUrl\":\"https:\/\/secure.gravatar.com\/avatar\/85a5ec2ad99b1932f671ebf50c117db6?s=96&d=mm&r=g\",\"caption\":\"Reda\u00e7\u00e3o Travel3\"},\"sameAs\":[\"http:\/\/www.travel3.com.br\/\"],\"url\":\"https:\/\/www.travel3.com.br\/site\/author\/redacao\/\"}]}<\/script>\n<!-- \/ Yoast SEO plugin. -->","yoast_head_json":{"title":"Incomum Viagens lan\u00e7a campanha para agentes de MG - Travel3","description":"Incomum Viagens apresenta nova campanha de vendas; campanha Vendeu, Ganhou \u00e9 voltada para os agentes de viagem de Minas Gerais","robots":{"index":"index","follow":"follow","max-snippet":"max-snippet:-1","max-image-preview":"max-image-preview:large","max-video-preview":"max-video-preview:-1"},"canonical":"https:\/\/www.travel3.com.br\/site\/acontece-no-turismo\/operadoras\/incomum-viagens-apresenta-nova-campanha-de-vendas\/","og_locale":"pt_BR","og_type":"article","og_title":"Incomum Viagens lan\u00e7a campanha para agentes de MG - Travel3","og_description":"Incomum Viagens apresenta nova campanha de vendas; campanha Vendeu, Ganhou \u00e9 voltada para os agentes de viagem de Minas Gerais","og_url":"https:\/\/www.travel3.com.br\/site\/acontece-no-turismo\/operadoras\/incomum-viagens-apresenta-nova-campanha-de-vendas\/","og_site_name":"Travel3","article_publisher":"https:\/\/www.facebook.com\/travel3media\/","article_published_time":"2021-08-13T09:00:48+00:00","og_image":[{"width":1280,"height":1057,"url":"https:\/\/www.travel3.com.br\/site\/wp-content\/uploads\/2021\/08\/Incomum-OperadoraMG.jpg","type":"image\/jpeg"}],"author":"Reda\u00e7\u00e3o Travel3","twitter_card":"summary_large_image","twitter_misc":{"Escrito por":"Reda\u00e7\u00e3o Travel3","Est. tempo de leitura":"1 minuto"},"schema":{"@context":"https:\/\/schema.org","@graph":[{"@type":"Article","@id":"https:\/\/www.travel3.com.br\/site\/acontece-no-turismo\/operadoras\/incomum-viagens-apresenta-nova-campanha-de-vendas\/#article","isPartOf":{"@id":"https:\/\/www.travel3.com.br\/site\/acontece-no-turismo\/operadoras\/incomum-viagens-apresenta-nova-campanha-de-vendas\/"},"author":{"name":"Reda\u00e7\u00e3o Travel3","@id":"https:\/\/www.travel3.com.br\/site\/#\/schema\/person\/89251b0320bc67697de92249f97f3fdb"},"headline":"Incomum Viagens lan\u00e7a campanha para agentes de MG","datePublished":"2021-08-13T09:00:48+00:00","mainEntityOfPage":{"@id":"https:\/\/www.travel3.com.br\/site\/acontece-no-turismo\/operadoras\/incomum-viagens-apresenta-nova-campanha-de-vendas\/"},"wordCount":224,"commentCount":0,"publisher":{"@id":"https:\/\/www.travel3.com.br\/site\/#organization"},"image":{"@id":"https:\/\/www.travel3.com.br\/site\/acontece-no-turismo\/operadoras\/incomum-viagens-apresenta-nova-campanha-de-vendas\/#primaryimage"},"thumbnailUrl":"https:\/\/www.travel3.com.br\/site\/wp-content\/uploads\/2021\/08\/Incomum-OperadoraMG.jpg","keywords":["Incomum Viagens"],"articleSection":["Acontece no Turismo","Dicas","Operadoras"],"inLanguage":"pt-BR","potentialAction":[{"@type":"CommentAction","name":"Comment","target":["https:\/\/www.travel3.com.br\/site\/acontece-no-turismo\/operadoras\/incomum-viagens-apresenta-nova-campanha-de-vendas\/#respond"]}]},{"@type":"WebPage","@id":"https:\/\/www.travel3.com.br\/site\/acontece-no-turismo\/operadoras\/incomum-viagens-apresenta-nova-campanha-de-vendas\/","url":"https:\/\/www.travel3.com.br\/site\/acontece-no-turismo\/operadoras\/incomum-viagens-apresenta-nova-campanha-de-vendas\/","name":"Incomum Viagens lan\u00e7a campanha para agentes de MG - Travel3","isPartOf":{"@id":"https:\/\/www.travel3.com.br\/site\/#website"},"primaryImageOfPage":{"@id":"https:\/\/www.travel3.com.br\/site\/acontece-no-turismo\/operadoras\/incomum-viagens-apresenta-nova-campanha-de-vendas\/#primaryimage"},"image":{"@id":"https:\/\/www.travel3.com.br\/site\/acontece-no-turismo\/operadoras\/incomum-viagens-apresenta-nova-campanha-de-vendas\/#primaryimage"},"thumbnailUrl":"https:\/\/www.travel3.com.br\/site\/wp-content\/uploads\/2021\/08\/Incomum-OperadoraMG.jpg","datePublished":"2021-08-13T09:00:48+00:00","description":"Incomum Viagens apresenta nova campanha de vendas; campanha Vendeu, Ganhou \u00e9 voltada para os agentes de viagem de Minas Gerais","breadcrumb":{"@id":"https:\/\/www.travel3.com.br\/site\/acontece-no-turismo\/operadoras\/incomum-viagens-apresenta-nova-campanha-de-vendas\/#breadcrumb"},"inLanguage":"pt-BR","potentialAction":[{"@type":"ReadAction","target":["https:\/\/www.travel3.com.br\/site\/acontece-no-turismo\/operadoras\/incomum-viagens-apresenta-nova-campanha-de-vendas\/"]}]},{"@type":"ImageObject","inLanguage":"pt-BR","@id":"https:\/\/www.travel3.com.br\/site\/acontece-no-turismo\/operadoras\/incomum-viagens-apresenta-nova-campanha-de-vendas\/#primaryimage","url":"https:\/\/www.travel3.com.br\/site\/wp-content\/uploads\/2021\/08\/Incomum-OperadoraMG.jpg","contentUrl":"https:\/\/www.travel3.com.br\/site\/wp-content\/uploads\/2021\/08\/Incomum-OperadoraMG.jpg","width":1280,"height":1057,"caption":"Thaisa Visconti - opera\u00e7\u00f5es -, Felipe Vargas - opera\u00e7\u00f5es -, e Roseane Cavalcante - comercial -; o time da Incomum Viagens em Minas Gerais (imagem: divulga\u00e7\u00e3o)"},{"@type":"BreadcrumbList","@id":"https:\/\/www.travel3.com.br\/site\/acontece-no-turismo\/operadoras\/incomum-viagens-apresenta-nova-campanha-de-vendas\/#breadcrumb","itemListElement":[{"@type":"ListItem","position":1,"name":"In\u00edcio","item":"https:\/\/www.travel3.com.br\/site\/"},{"@type":"ListItem","position":2,"name":"Incomum Viagens lan\u00e7a campanha para agentes de MG"}]},{"@type":"WebSite","@id":"https:\/\/www.travel3.com.br\/site\/#website","url":"https:\/\/www.travel3.com.br\/site\/","name":"Travel3","description":"Lazer + Neg&oacute;cios + Aventura","publisher":{"@id":"https:\/\/www.travel3.com.br\/site\/#organization"},"potentialAction":[{"@type":"SearchAction","target":{"@type":"EntryPoint","urlTemplate":"https:\/\/www.travel3.com.br\/site\/?s={search_term_string}"},"query-input":{"@type":"PropertyValueSpecification","valueRequired":true,"valueName":"search_term_string"}}],"inLanguage":"pt-BR"},{"@type":"Organization","@id":"https:\/\/www.travel3.com.br\/site\/#organization","name":"Travel3","url":"https:\/\/www.travel3.com.br\/site\/","logo":{"@type":"ImageObject","inLanguage":"pt-BR","@id":"https:\/\/www.travel3.com.br\/site\/#\/schema\/logo\/image\/","url":"https:\/\/www.travel3.com.br\/site\/wp-content\/uploads\/2020\/01\/logo-travel3-2020.png","contentUrl":"https:\/\/www.travel3.com.br\/site\/wp-content\/uploads\/2020\/01\/logo-travel3-2020.png","width":232,"height":79,"caption":"Travel3"},"image":{"@id":"https:\/\/www.travel3.com.br\/site\/#\/schema\/logo\/image\/"},"sameAs":["https:\/\/www.facebook.com\/travel3media\/","https:\/\/www.instagram.com\/revistatravel3\/","https:\/\/www.youtube.com\/channel\/UCno7J4paGBR3VbZQzvoJ9Eg"]},{"@type":"Person","@id":"https:\/\/www.travel3.com.br\/site\/#\/schema\/person\/89251b0320bc67697de92249f97f3fdb","name":"Reda\u00e7\u00e3o Travel3","image":{"@type":"ImageObject","inLanguage":"pt-BR","@id":"https:\/\/www.travel3.com.br\/site\/#\/schema\/person\/image\/","url":"https:\/\/secure.gravatar.com\/avatar\/85a5ec2ad99b1932f671ebf50c117db6?s=96&d=mm&r=g","contentUrl":"https:\/\/secure.gravatar.com\/avatar\/85a5ec2ad99b1932f671ebf50c117db6?s=96&d=mm&r=g","caption":"Reda\u00e7\u00e3o Travel3"},"sameAs":["http:\/\/www.travel3.com.br\/"],"url":"https:\/\/www.travel3.com.br\/site\/author\/redacao\/"}]}},"_links":{"self":[{"href":"https:\/\/www.travel3.com.br\/site\/wp-json\/wp\/v2\/posts\/42210","targetHints":{"allow":["GET"]}}],"collection":[{"href":"https:\/\/www.travel3.com.br\/site\/wp-json\/wp\/v2\/posts"}],"about":[{"href":"https:\/\/www.travel3.com.br\/site\/wp-json\/wp\/v2\/types\/post"}],"author":[{"embeddable":true,"href":"https:\/\/www.travel3.com.br\/site\/wp-json\/wp\/v2\/users\/5"}],"replies":[{"embeddable":true,"href":"https:\/\/www.travel3.com.br\/site\/wp-json\/wp\/v2\/comments?post=42210"}],"version-history":[{"count":4,"href":"https:\/\/www.travel3.com.br\/site\/wp-json\/wp\/v2\/posts\/42210\/revisions"}],"predecessor-version":[{"id":42217,"href":"https:\/\/www.travel3.com.br\/site\/wp-json\/wp\/v2\/posts\/42210\/revisions\/42217"}],"wp:featuredmedia":[{"embeddable":true,"href":"https:\/\/www.travel3.com.br\/site\/wp-json\/wp\/v2\/media\/42207"}],"wp:attachment":[{"href":"https:\/\/www.travel3.com.br\/site\/wp-json\/wp\/v2\/media?parent=42210"}],"wp:term":[{"taxonomy":"category","embeddable":true,"href":"https:\/\/www.travel3.com.br\/site\/wp-json\/wp\/v2\/categories?post=42210"},{"taxonomy":"post_tag","embeddable":true,"href":"https:\/\/www.travel3.com.br\/site\/wp-json\/wp\/v2\/tags?post=42210"}],"curies":[{"name":"wp","href":"https:\/\/api.w.org\/{rel}","templated":true}]}}