{"id":42197,"date":"2021-08-12T15:32:58","date_gmt":"2021-08-12T18:32:58","guid":{"rendered":"https:\/\/www.travel3.com.br\/?p=42197"},"modified":"2021-08-12T15:33:00","modified_gmt":"2021-08-12T18:33:00","slug":"rcd-hotels-apresenta-novidades-a-profissionais-do-trade","status":"publish","type":"post","link":"https:\/\/www.travel3.com.br\/site\/acontece-no-turismo\/eventos-e-feiras\/rcd-hotels-apresenta-novidades-a-profissionais-do-trade\/","title":{"rendered":"RCD Hotels apresenta novidades a profissionais do trade"},"content":{"rendered":"\n<h3 class=\"wp-block-heading\" style=\"text-align:center\">Novidades e oportunidades de vendas para grupos e individuais s\u00e3o assunto de live desta sexta-feira<\/h3>\n\n\n\n<p>A equipe do Brasil da RCD Hotels realizar\u00e1 nesta sexta-feira, dia 13 de agosto, uma live para apresentar as novidades e oportunidades de vendas para grupos e individuais. Apresentada por executivas do grupo, a transmiss\u00e3o ter\u00e1 in\u00edcio \u00e0s 9h, e ser\u00e1 feita via Instagram.<\/p>\n\n\n\n<p>No encontro virtual, ser\u00e3o apresentadas informa\u00e7\u00f5es aos agentes de viagens e profissionais da \u00e1rea do turismo, destacando os diferenciais e oportunidade de vendas dos empreendimentos de luxo Nobu, UNICO 20\u00ba 87\u00ba, Residence Inn e as unidades <strong><a rel=\"noreferrer noopener\" aria-label=\"Hard Rock Hot\u00e9is (opens in a new tab)\" href=\"https:\/\/www.travel3.com.br\/destinos\/hard-rock-hotel-cancun\/\" target=\"_blank\">Hard Rock Hot\u00e9is<\/a><\/strong> operadas pela RCD. <\/p>\n\n\n\n<p>As propriedades Hard Rock comercializadas pelo grupo incluem Hard Rock Hotel &amp; Casino Punta Cana &#8211; o primeiro Hard Rock Hotel All Inclusive do mundo -, na Rep\u00fablica Dominicana, e diversas propriedades no M\u00e9xico, como Hard Rock Hotel Cancun, Hard Rock Hotel Vallarta, <strong><a href=\"https:\/\/www.travel3.com.br\/hotel\/internacional\/hard-rock-riviera-maya-um-resort-a-altura-do-caribe-mexicano\/\" target=\"_blank\" rel=\"noreferrer noopener\" aria-label=\"Hard Rock Hotel Riviera Maya (opens in a new tab)\">Hard Rock Hotel Riviera Maya<\/a><\/strong>, Hard Rock Hotel Los Cabos. <\/p>\n\n\n\n<p style=\"text-align:center\">Leia mais = <strong><a href=\"https:\/\/www.travel3.com.br\/hotel\/internacional\/nobu-hotel-e-novidade-no-coracao-de-chicago\/\" target=\"_blank\" rel=\"noreferrer noopener\" aria-label=\"Nobu Hotel \u00e9 novidade no cora\u00e7\u00e3o de Chicago (opens in a new tab)\">Nobu Hotel \u00e9 novidade no cora\u00e7\u00e3o de Chicago<\/a><\/strong><\/p>\n\n\n\n<ul class=\"wp-block-gallery columns-32 is-cropped wp-block-gallery-2 is-layout-flex wp-block-gallery-is-layout-flex\"><li class=\"blocks-gallery-item\"><figure><img loading=\"lazy\" decoding=\"async\" width=\"678\" height=\"1024\" src=\"https:\/\/www.travel3.com.br\/site\/wp-content\/uploads\/2021\/08\/WhatsApp-Image-2021-08-12-at-10.16.31-1-678x1024.jpeg\" alt=\"\" data-id=\"42202\" data-link=\"https:\/\/www.travel3.com.br\/whatsapp-image-2021-08-12-at-10-16-31-1\/\" class=\"wp-image-42202\" srcset=\"https:\/\/www.travel3.com.br\/site\/wp-content\/uploads\/2021\/08\/WhatsApp-Image-2021-08-12-at-10.16.31-1-678x1024.jpeg 678w, https:\/\/www.travel3.com.br\/site\/wp-content\/uploads\/2021\/08\/WhatsApp-Image-2021-08-12-at-10.16.31-1-199x300.jpeg 199w, https:\/\/www.travel3.com.br\/site\/wp-content\/uploads\/2021\/08\/WhatsApp-Image-2021-08-12-at-10.16.31-1-768x1161.jpeg 768w, https:\/\/www.travel3.com.br\/site\/wp-content\/uploads\/2021\/08\/WhatsApp-Image-2021-08-12-at-10.16.31-1-750x1133.jpeg 750w, https:\/\/www.travel3.com.br\/site\/wp-content\/uploads\/2021\/08\/WhatsApp-Image-2021-08-12-at-10.16.31-1.jpeg 847w\" sizes=\"auto, (max-width: 678px) 100vw, 678px\" \/><\/figure><\/li><li class=\"blocks-gallery-item\"><figure><img loading=\"lazy\" decoding=\"async\" width=\"682\" height=\"1024\" src=\"https:\/\/www.travel3.com.br\/site\/wp-content\/uploads\/2021\/08\/WhatsApp-Image-2021-08-12-at-10.16.31-682x1024.jpeg\" alt=\"\" data-id=\"42201\" data-link=\"https:\/\/www.travel3.com.br\/whatsapp-image-2021-08-12-at-10-16-31\/\" class=\"wp-image-42201\" srcset=\"https:\/\/www.travel3.com.br\/site\/wp-content\/uploads\/2021\/08\/WhatsApp-Image-2021-08-12-at-10.16.31.jpeg 682w, https:\/\/www.travel3.com.br\/site\/wp-content\/uploads\/2021\/08\/WhatsApp-Image-2021-08-12-at-10.16.31-200x300.jpeg 200w\" sizes=\"auto, (max-width: 682px) 100vw, 682px\" \/><\/figure><\/li><li class=\"blocks-gallery-item\"><figure><img loading=\"lazy\" decoding=\"async\" width=\"769\" height=\"1024\" src=\"https:\/\/www.travel3.com.br\/site\/wp-content\/uploads\/2021\/08\/WhatsApp-Image-2021-08-12-at-10.16.30-1-769x1024.jpeg\" alt=\"\" data-id=\"42200\" data-link=\"https:\/\/www.travel3.com.br\/whatsapp-image-2021-08-12-at-10-16-30-1\/\" class=\"wp-image-42200\" srcset=\"https:\/\/www.travel3.com.br\/site\/wp-content\/uploads\/2021\/08\/WhatsApp-Image-2021-08-12-at-10.16.30-1-769x1024.jpeg 769w, https:\/\/www.travel3.com.br\/site\/wp-content\/uploads\/2021\/08\/WhatsApp-Image-2021-08-12-at-10.16.30-1-225x300.jpeg 225w, https:\/\/www.travel3.com.br\/site\/wp-content\/uploads\/2021\/08\/WhatsApp-Image-2021-08-12-at-10.16.30-1-768x1023.jpeg 768w, https:\/\/www.travel3.com.br\/site\/wp-content\/uploads\/2021\/08\/WhatsApp-Image-2021-08-12-at-10.16.30-1-750x999.jpeg 750w, https:\/\/www.travel3.com.br\/site\/wp-content\/uploads\/2021\/08\/WhatsApp-Image-2021-08-12-at-10.16.30-1.jpeg 961w\" sizes=\"auto, (max-width: 769px) 100vw, 769px\" \/><\/figure><\/li><li class=\"blocks-gallery-item\"><figure><img loading=\"lazy\" decoding=\"async\" width=\"815\" height=\"1024\" src=\"https:\/\/www.travel3.com.br\/site\/wp-content\/uploads\/2021\/08\/WhatsApp-Image-2021-08-12-at-10.16.31-2-815x1024.jpeg\" alt=\"\" data-id=\"42198\" data-link=\"https:\/\/www.travel3.com.br\/whatsapp-image-2021-08-12-at-10-16-31-2\/\" class=\"wp-image-42198\" srcset=\"https:\/\/www.travel3.com.br\/site\/wp-content\/uploads\/2021\/08\/WhatsApp-Image-2021-08-12-at-10.16.31-2-815x1024.jpeg 815w, https:\/\/www.travel3.com.br\/site\/wp-content\/uploads\/2021\/08\/WhatsApp-Image-2021-08-12-at-10.16.31-2-239x300.jpeg 239w, https:\/\/www.travel3.com.br\/site\/wp-content\/uploads\/2021\/08\/WhatsApp-Image-2021-08-12-at-10.16.31-2-768x965.jpeg 768w, https:\/\/www.travel3.com.br\/site\/wp-content\/uploads\/2021\/08\/WhatsApp-Image-2021-08-12-at-10.16.31-2-750x942.jpeg 750w, https:\/\/www.travel3.com.br\/site\/wp-content\/uploads\/2021\/08\/WhatsApp-Image-2021-08-12-at-10.16.31-2.jpeg 964w\" sizes=\"auto, (max-width: 815px) 100vw, 815px\" \/><\/figure><\/li><\/ul>\n\n\n\n<p style=\"text-align:center\" class=\"has-small-font-size\">Executivas da RCD apresentar\u00e3o a live desta sexta-feira (imagens: divulga\u00e7\u00e3o)<\/p>\n\n\n\n<h2 class=\"wp-block-heading\">Novidades ser\u00e3o apresentadas por executivas da RCD<\/h2>\n\n\n\n<p>A live ser\u00e1 apresentada diretamente nas contas de Carla Cecchele (<strong><a rel=\"noreferrer noopener\" aria-label=\"carlacecchele (opens in a new tab)\" href=\"https:\/\/www.instagram.com\/carlacecchele\/\" target=\"_blank\">@carlacecchele<\/a><\/strong>), diretora de vendas; Luciana Nasser (<strong><a rel=\"noreferrer noopener\" aria-label=\"@lucianarcdhotels (opens in a new tab)\" href=\"https:\/\/www.instagram.com\/lucianarcdhotels\/\" target=\"_blank\">@lucianarcdhotels<\/a><\/strong>), executiva s\u00eanior de grupos; Beatriz Barbosa (<strong><a rel=\"noreferrer noopener\" aria-label=\"@bia_barbosahotelaria (opens in a new tab)\" href=\"https:\/\/www.instagram.com\/bia_barbosahotelaria\/\" target=\"_blank\">@bia_barbosahotelaria<\/a><\/strong>), executiva s\u00eanior de bodas; e Glaucia Barbosa (<strong><a rel=\"noreferrer noopener\" aria-label=\"glaucia.s.barbosa (opens in a new tab)\" href=\"https:\/\/www.instagram.com\/glaucia.s.barbosa\/\" target=\"_blank\">@glaucia.s.barbosa<\/a><\/strong>), executiva s\u00eanior de vendas.<\/p>\n\n\n\n<h3 class=\"wp-block-heading\" style=\"text-align:center\">Saiba mais = <a href=\"http:\/\/www.rcdhotels.com\" target=\"_blank\" rel=\"noreferrer noopener\" aria-label=\"www.rcdhotels.com (opens in a new tab)\">www.rcdhotels.com<\/a> <\/h3>\n","protected":false},"excerpt":{"rendered":"<p>Novidades e oportunidades de vendas para grupos e individuais s\u00e3o assunto de live desta sexta-feira A equipe do Brasil da RCD Hotels realizar\u00e1 nesta sexta-feira, dia 13 de agosto, uma live para apresentar as novidades e oportunidades de vendas para grupos e individuais. Apresentada por executivas do grupo, a transmiss\u00e3o ter\u00e1 in\u00edcio \u00e0s 9h, e [&hellip;]<\/p>\n","protected":false},"author":6,"featured_media":42203,"comment_status":"open","ping_status":"open","sticky":false,"template":"","format":"standard","meta":{"footnotes":""},"categories":[969,226,5],"tags":[384,2440,2441],"class_list":["post-42197","post","type-post","status-publish","format-standard","has-post-thumbnail","hentry","category-acontece-no-turismo","category-destaque","category-eventos-e-feiras","tag-hard-rock-hotels","tag-nobu","tag-rcd-hotels"],"yoast_head":"<!-- This site is optimized with the Yoast SEO plugin v26.2 - https:\/\/yoast.com\/wordpress\/plugins\/seo\/ -->\n<title>RCD Hotels apresenta novidades a profissionais do trade - Travel3<\/title>\n<meta name=\"description\" content=\"RCD Hotels apresenta novidades a profissionais do trade; novidades e oportunidades de vendas para grupos e individuais s\u00e3o assunto de live desta sexta-feira\" \/>\n<meta name=\"robots\" content=\"index, follow, max-snippet:-1, max-image-preview:large, max-video-preview:-1\" \/>\n<link rel=\"canonical\" href=\"https:\/\/www.travel3.com.br\/site\/acontece-no-turismo\/eventos-e-feiras\/rcd-hotels-apresenta-novidades-a-profissionais-do-trade\/\" \/>\n<meta property=\"og:locale\" content=\"pt_BR\" \/>\n<meta property=\"og:type\" content=\"article\" \/>\n<meta property=\"og:title\" content=\"RCD Hotels apresenta novidades a profissionais do trade - Travel3\" \/>\n<meta property=\"og:description\" content=\"RCD Hotels apresenta novidades a profissionais do trade; novidades e oportunidades de vendas para grupos e individuais s\u00e3o assunto de live desta sexta-feira\" \/>\n<meta property=\"og:url\" content=\"https:\/\/www.travel3.com.br\/site\/acontece-no-turismo\/eventos-e-feiras\/rcd-hotels-apresenta-novidades-a-profissionais-do-trade\/\" \/>\n<meta property=\"og:site_name\" content=\"Travel3\" \/>\n<meta property=\"article:publisher\" content=\"https:\/\/www.facebook.com\/travel3media\/\" \/>\n<meta property=\"article:published_time\" content=\"2021-08-12T18:32:58+00:00\" \/>\n<meta property=\"article:modified_time\" content=\"2021-08-12T18:33:00+00:00\" \/>\n<meta property=\"og:image\" content=\"https:\/\/www.travel3.com.br\/site\/wp-content\/uploads\/2021\/08\/WhatsApp-Image-2021-08-12-at-15.29.15.jpeg\" \/>\n\t<meta property=\"og:image:width\" content=\"766\" \/>\n\t<meta property=\"og:image:height\" content=\"518\" \/>\n\t<meta property=\"og:image:type\" content=\"image\/jpeg\" \/>\n<meta name=\"author\" content=\"Reda\u00e7\u00e3o Travel3\" \/>\n<meta name=\"twitter:card\" content=\"summary_large_image\" \/>\n<meta name=\"twitter:label1\" content=\"Escrito por\" \/>\n\t<meta name=\"twitter:data1\" content=\"Reda\u00e7\u00e3o Travel3\" \/>\n\t<meta name=\"twitter:label2\" content=\"Est. tempo de leitura\" \/>\n\t<meta name=\"twitter:data2\" content=\"1 minuto\" \/>\n<script type=\"application\/ld+json\" class=\"yoast-schema-graph\">{\"@context\":\"https:\/\/schema.org\",\"@graph\":[{\"@type\":\"Article\",\"@id\":\"https:\/\/www.travel3.com.br\/site\/acontece-no-turismo\/eventos-e-feiras\/rcd-hotels-apresenta-novidades-a-profissionais-do-trade\/#article\",\"isPartOf\":{\"@id\":\"https:\/\/www.travel3.com.br\/site\/acontece-no-turismo\/eventos-e-feiras\/rcd-hotels-apresenta-novidades-a-profissionais-do-trade\/\"},\"author\":{\"name\":\"Reda\u00e7\u00e3o Travel3\",\"@id\":\"https:\/\/www.travel3.com.br\/site\/#\/schema\/person\/9cff8daac0a2f1aa0799f827b8aa8308\"},\"headline\":\"RCD Hotels apresenta novidades a profissionais do trade\",\"datePublished\":\"2021-08-12T18:32:58+00:00\",\"dateModified\":\"2021-08-12T18:33:00+00:00\",\"mainEntityOfPage\":{\"@id\":\"https:\/\/www.travel3.com.br\/site\/acontece-no-turismo\/eventos-e-feiras\/rcd-hotels-apresenta-novidades-a-profissionais-do-trade\/\"},\"wordCount\":244,\"commentCount\":0,\"publisher\":{\"@id\":\"https:\/\/www.travel3.com.br\/site\/#organization\"},\"image\":{\"@id\":\"https:\/\/www.travel3.com.br\/site\/acontece-no-turismo\/eventos-e-feiras\/rcd-hotels-apresenta-novidades-a-profissionais-do-trade\/#primaryimage\"},\"thumbnailUrl\":\"https:\/\/www.travel3.com.br\/site\/wp-content\/uploads\/2021\/08\/WhatsApp-Image-2021-08-12-at-15.29.15.jpeg\",\"keywords\":[\"Hard Rock Hotels\",\"Nobu\",\"RCD Hotels\"],\"articleSection\":[\"Acontece no Turismo\",\"Destaque\",\"Eventos e Feiras\"],\"inLanguage\":\"pt-BR\",\"potentialAction\":[{\"@type\":\"CommentAction\",\"name\":\"Comment\",\"target\":[\"https:\/\/www.travel3.com.br\/site\/acontece-no-turismo\/eventos-e-feiras\/rcd-hotels-apresenta-novidades-a-profissionais-do-trade\/#respond\"]}]},{\"@type\":\"WebPage\",\"@id\":\"https:\/\/www.travel3.com.br\/site\/acontece-no-turismo\/eventos-e-feiras\/rcd-hotels-apresenta-novidades-a-profissionais-do-trade\/\",\"url\":\"https:\/\/www.travel3.com.br\/site\/acontece-no-turismo\/eventos-e-feiras\/rcd-hotels-apresenta-novidades-a-profissionais-do-trade\/\",\"name\":\"RCD Hotels apresenta novidades a profissionais do trade - Travel3\",\"isPartOf\":{\"@id\":\"https:\/\/www.travel3.com.br\/site\/#website\"},\"primaryImageOfPage\":{\"@id\":\"https:\/\/www.travel3.com.br\/site\/acontece-no-turismo\/eventos-e-feiras\/rcd-hotels-apresenta-novidades-a-profissionais-do-trade\/#primaryimage\"},\"image\":{\"@id\":\"https:\/\/www.travel3.com.br\/site\/acontece-no-turismo\/eventos-e-feiras\/rcd-hotels-apresenta-novidades-a-profissionais-do-trade\/#primaryimage\"},\"thumbnailUrl\":\"https:\/\/www.travel3.com.br\/site\/wp-content\/uploads\/2021\/08\/WhatsApp-Image-2021-08-12-at-15.29.15.jpeg\",\"datePublished\":\"2021-08-12T18:32:58+00:00\",\"dateModified\":\"2021-08-12T18:33:00+00:00\",\"description\":\"RCD Hotels apresenta novidades a profissionais do trade; novidades e oportunidades de vendas para grupos e individuais s\u00e3o assunto de live desta sexta-feira\",\"breadcrumb\":{\"@id\":\"https:\/\/www.travel3.com.br\/site\/acontece-no-turismo\/eventos-e-feiras\/rcd-hotels-apresenta-novidades-a-profissionais-do-trade\/#breadcrumb\"},\"inLanguage\":\"pt-BR\",\"potentialAction\":[{\"@type\":\"ReadAction\",\"target\":[\"https:\/\/www.travel3.com.br\/site\/acontece-no-turismo\/eventos-e-feiras\/rcd-hotels-apresenta-novidades-a-profissionais-do-trade\/\"]}]},{\"@type\":\"ImageObject\",\"inLanguage\":\"pt-BR\",\"@id\":\"https:\/\/www.travel3.com.br\/site\/acontece-no-turismo\/eventos-e-feiras\/rcd-hotels-apresenta-novidades-a-profissionais-do-trade\/#primaryimage\",\"url\":\"https:\/\/www.travel3.com.br\/site\/wp-content\/uploads\/2021\/08\/WhatsApp-Image-2021-08-12-at-15.29.15.jpeg\",\"contentUrl\":\"https:\/\/www.travel3.com.br\/site\/wp-content\/uploads\/2021\/08\/WhatsApp-Image-2021-08-12-at-15.29.15.jpeg\",\"width\":766,\"height\":518,\"caption\":\"Live apresentar\u00e1 novidades da RCD Hotels (imagem: divulga\u00e7\u00e3o)\"},{\"@type\":\"BreadcrumbList\",\"@id\":\"https:\/\/www.travel3.com.br\/site\/acontece-no-turismo\/eventos-e-feiras\/rcd-hotels-apresenta-novidades-a-profissionais-do-trade\/#breadcrumb\",\"itemListElement\":[{\"@type\":\"ListItem\",\"position\":1,\"name\":\"In\u00edcio\",\"item\":\"https:\/\/www.travel3.com.br\/site\/\"},{\"@type\":\"ListItem\",\"position\":2,\"name\":\"RCD Hotels apresenta novidades a profissionais do trade\"}]},{\"@type\":\"WebSite\",\"@id\":\"https:\/\/www.travel3.com.br\/site\/#website\",\"url\":\"https:\/\/www.travel3.com.br\/site\/\",\"name\":\"Travel3\",\"description\":\"Lazer + Neg&oacute;cios + Aventura\",\"publisher\":{\"@id\":\"https:\/\/www.travel3.com.br\/site\/#organization\"},\"potentialAction\":[{\"@type\":\"SearchAction\",\"target\":{\"@type\":\"EntryPoint\",\"urlTemplate\":\"https:\/\/www.travel3.com.br\/site\/?s={search_term_string}\"},\"query-input\":{\"@type\":\"PropertyValueSpecification\",\"valueRequired\":true,\"valueName\":\"search_term_string\"}}],\"inLanguage\":\"pt-BR\"},{\"@type\":\"Organization\",\"@id\":\"https:\/\/www.travel3.com.br\/site\/#organization\",\"name\":\"Travel3\",\"url\":\"https:\/\/www.travel3.com.br\/site\/\",\"logo\":{\"@type\":\"ImageObject\",\"inLanguage\":\"pt-BR\",\"@id\":\"https:\/\/www.travel3.com.br\/site\/#\/schema\/logo\/image\/\",\"url\":\"https:\/\/www.travel3.com.br\/site\/wp-content\/uploads\/2020\/01\/logo-travel3-2020.png\",\"contentUrl\":\"https:\/\/www.travel3.com.br\/site\/wp-content\/uploads\/2020\/01\/logo-travel3-2020.png\",\"width\":232,\"height\":79,\"caption\":\"Travel3\"},\"image\":{\"@id\":\"https:\/\/www.travel3.com.br\/site\/#\/schema\/logo\/image\/\"},\"sameAs\":[\"https:\/\/www.facebook.com\/travel3media\/\",\"https:\/\/www.instagram.com\/revistatravel3\/\",\"https:\/\/www.youtube.com\/channel\/UCno7J4paGBR3VbZQzvoJ9Eg\"]},{\"@type\":\"Person\",\"@id\":\"https:\/\/www.travel3.com.br\/site\/#\/schema\/person\/9cff8daac0a2f1aa0799f827b8aa8308\",\"name\":\"Reda\u00e7\u00e3o Travel3\",\"image\":{\"@type\":\"ImageObject\",\"inLanguage\":\"pt-BR\",\"@id\":\"https:\/\/www.travel3.com.br\/site\/#\/schema\/person\/image\/\",\"url\":\"https:\/\/secure.gravatar.com\/avatar\/6e6125525e1f04b7b8c607d71556e490?s=96&d=mm&r=g\",\"contentUrl\":\"https:\/\/secure.gravatar.com\/avatar\/6e6125525e1f04b7b8c607d71556e490?s=96&d=mm&r=g\",\"caption\":\"Reda\u00e7\u00e3o Travel3\"},\"sameAs\":[\"http:\/\/www.travel3.com.br\"],\"url\":\"https:\/\/www.travel3.com.br\/site\/author\/redacao2\/\"}]}<\/script>\n<!-- \/ Yoast SEO plugin. -->","yoast_head_json":{"title":"RCD Hotels apresenta novidades a profissionais do trade - Travel3","description":"RCD Hotels apresenta novidades a profissionais do trade; novidades e oportunidades de vendas para grupos e individuais s\u00e3o assunto de live desta sexta-feira","robots":{"index":"index","follow":"follow","max-snippet":"max-snippet:-1","max-image-preview":"max-image-preview:large","max-video-preview":"max-video-preview:-1"},"canonical":"https:\/\/www.travel3.com.br\/site\/acontece-no-turismo\/eventos-e-feiras\/rcd-hotels-apresenta-novidades-a-profissionais-do-trade\/","og_locale":"pt_BR","og_type":"article","og_title":"RCD Hotels apresenta novidades a profissionais do trade - Travel3","og_description":"RCD Hotels apresenta novidades a profissionais do trade; novidades e oportunidades de vendas para grupos e individuais s\u00e3o assunto de live desta sexta-feira","og_url":"https:\/\/www.travel3.com.br\/site\/acontece-no-turismo\/eventos-e-feiras\/rcd-hotels-apresenta-novidades-a-profissionais-do-trade\/","og_site_name":"Travel3","article_publisher":"https:\/\/www.facebook.com\/travel3media\/","article_published_time":"2021-08-12T18:32:58+00:00","article_modified_time":"2021-08-12T18:33:00+00:00","og_image":[{"width":766,"height":518,"url":"https:\/\/www.travel3.com.br\/site\/wp-content\/uploads\/2021\/08\/WhatsApp-Image-2021-08-12-at-15.29.15.jpeg","type":"image\/jpeg"}],"author":"Reda\u00e7\u00e3o Travel3","twitter_card":"summary_large_image","twitter_misc":{"Escrito por":"Reda\u00e7\u00e3o Travel3","Est. tempo de leitura":"1 minuto"},"schema":{"@context":"https:\/\/schema.org","@graph":[{"@type":"Article","@id":"https:\/\/www.travel3.com.br\/site\/acontece-no-turismo\/eventos-e-feiras\/rcd-hotels-apresenta-novidades-a-profissionais-do-trade\/#article","isPartOf":{"@id":"https:\/\/www.travel3.com.br\/site\/acontece-no-turismo\/eventos-e-feiras\/rcd-hotels-apresenta-novidades-a-profissionais-do-trade\/"},"author":{"name":"Reda\u00e7\u00e3o Travel3","@id":"https:\/\/www.travel3.com.br\/site\/#\/schema\/person\/9cff8daac0a2f1aa0799f827b8aa8308"},"headline":"RCD Hotels apresenta novidades a profissionais do trade","datePublished":"2021-08-12T18:32:58+00:00","dateModified":"2021-08-12T18:33:00+00:00","mainEntityOfPage":{"@id":"https:\/\/www.travel3.com.br\/site\/acontece-no-turismo\/eventos-e-feiras\/rcd-hotels-apresenta-novidades-a-profissionais-do-trade\/"},"wordCount":244,"commentCount":0,"publisher":{"@id":"https:\/\/www.travel3.com.br\/site\/#organization"},"image":{"@id":"https:\/\/www.travel3.com.br\/site\/acontece-no-turismo\/eventos-e-feiras\/rcd-hotels-apresenta-novidades-a-profissionais-do-trade\/#primaryimage"},"thumbnailUrl":"https:\/\/www.travel3.com.br\/site\/wp-content\/uploads\/2021\/08\/WhatsApp-Image-2021-08-12-at-15.29.15.jpeg","keywords":["Hard Rock Hotels","Nobu","RCD Hotels"],"articleSection":["Acontece no Turismo","Destaque","Eventos e Feiras"],"inLanguage":"pt-BR","potentialAction":[{"@type":"CommentAction","name":"Comment","target":["https:\/\/www.travel3.com.br\/site\/acontece-no-turismo\/eventos-e-feiras\/rcd-hotels-apresenta-novidades-a-profissionais-do-trade\/#respond"]}]},{"@type":"WebPage","@id":"https:\/\/www.travel3.com.br\/site\/acontece-no-turismo\/eventos-e-feiras\/rcd-hotels-apresenta-novidades-a-profissionais-do-trade\/","url":"https:\/\/www.travel3.com.br\/site\/acontece-no-turismo\/eventos-e-feiras\/rcd-hotels-apresenta-novidades-a-profissionais-do-trade\/","name":"RCD Hotels apresenta novidades a profissionais do trade - Travel3","isPartOf":{"@id":"https:\/\/www.travel3.com.br\/site\/#website"},"primaryImageOfPage":{"@id":"https:\/\/www.travel3.com.br\/site\/acontece-no-turismo\/eventos-e-feiras\/rcd-hotels-apresenta-novidades-a-profissionais-do-trade\/#primaryimage"},"image":{"@id":"https:\/\/www.travel3.com.br\/site\/acontece-no-turismo\/eventos-e-feiras\/rcd-hotels-apresenta-novidades-a-profissionais-do-trade\/#primaryimage"},"thumbnailUrl":"https:\/\/www.travel3.com.br\/site\/wp-content\/uploads\/2021\/08\/WhatsApp-Image-2021-08-12-at-15.29.15.jpeg","datePublished":"2021-08-12T18:32:58+00:00","dateModified":"2021-08-12T18:33:00+00:00","description":"RCD Hotels apresenta novidades a profissionais do trade; novidades e oportunidades de vendas para grupos e individuais s\u00e3o assunto de live desta sexta-feira","breadcrumb":{"@id":"https:\/\/www.travel3.com.br\/site\/acontece-no-turismo\/eventos-e-feiras\/rcd-hotels-apresenta-novidades-a-profissionais-do-trade\/#breadcrumb"},"inLanguage":"pt-BR","potentialAction":[{"@type":"ReadAction","target":["https:\/\/www.travel3.com.br\/site\/acontece-no-turismo\/eventos-e-feiras\/rcd-hotels-apresenta-novidades-a-profissionais-do-trade\/"]}]},{"@type":"ImageObject","inLanguage":"pt-BR","@id":"https:\/\/www.travel3.com.br\/site\/acontece-no-turismo\/eventos-e-feiras\/rcd-hotels-apresenta-novidades-a-profissionais-do-trade\/#primaryimage","url":"https:\/\/www.travel3.com.br\/site\/wp-content\/uploads\/2021\/08\/WhatsApp-Image-2021-08-12-at-15.29.15.jpeg","contentUrl":"https:\/\/www.travel3.com.br\/site\/wp-content\/uploads\/2021\/08\/WhatsApp-Image-2021-08-12-at-15.29.15.jpeg","width":766,"height":518,"caption":"Live apresentar\u00e1 novidades da RCD Hotels (imagem: divulga\u00e7\u00e3o)"},{"@type":"BreadcrumbList","@id":"https:\/\/www.travel3.com.br\/site\/acontece-no-turismo\/eventos-e-feiras\/rcd-hotels-apresenta-novidades-a-profissionais-do-trade\/#breadcrumb","itemListElement":[{"@type":"ListItem","position":1,"name":"In\u00edcio","item":"https:\/\/www.travel3.com.br\/site\/"},{"@type":"ListItem","position":2,"name":"RCD Hotels apresenta novidades a profissionais do trade"}]},{"@type":"WebSite","@id":"https:\/\/www.travel3.com.br\/site\/#website","url":"https:\/\/www.travel3.com.br\/site\/","name":"Travel3","description":"Lazer + Neg&oacute;cios + Aventura","publisher":{"@id":"https:\/\/www.travel3.com.br\/site\/#organization"},"potentialAction":[{"@type":"SearchAction","target":{"@type":"EntryPoint","urlTemplate":"https:\/\/www.travel3.com.br\/site\/?s={search_term_string}"},"query-input":{"@type":"PropertyValueSpecification","valueRequired":true,"valueName":"search_term_string"}}],"inLanguage":"pt-BR"},{"@type":"Organization","@id":"https:\/\/www.travel3.com.br\/site\/#organization","name":"Travel3","url":"https:\/\/www.travel3.com.br\/site\/","logo":{"@type":"ImageObject","inLanguage":"pt-BR","@id":"https:\/\/www.travel3.com.br\/site\/#\/schema\/logo\/image\/","url":"https:\/\/www.travel3.com.br\/site\/wp-content\/uploads\/2020\/01\/logo-travel3-2020.png","contentUrl":"https:\/\/www.travel3.com.br\/site\/wp-content\/uploads\/2020\/01\/logo-travel3-2020.png","width":232,"height":79,"caption":"Travel3"},"image":{"@id":"https:\/\/www.travel3.com.br\/site\/#\/schema\/logo\/image\/"},"sameAs":["https:\/\/www.facebook.com\/travel3media\/","https:\/\/www.instagram.com\/revistatravel3\/","https:\/\/www.youtube.com\/channel\/UCno7J4paGBR3VbZQzvoJ9Eg"]},{"@type":"Person","@id":"https:\/\/www.travel3.com.br\/site\/#\/schema\/person\/9cff8daac0a2f1aa0799f827b8aa8308","name":"Reda\u00e7\u00e3o Travel3","image":{"@type":"ImageObject","inLanguage":"pt-BR","@id":"https:\/\/www.travel3.com.br\/site\/#\/schema\/person\/image\/","url":"https:\/\/secure.gravatar.com\/avatar\/6e6125525e1f04b7b8c607d71556e490?s=96&d=mm&r=g","contentUrl":"https:\/\/secure.gravatar.com\/avatar\/6e6125525e1f04b7b8c607d71556e490?s=96&d=mm&r=g","caption":"Reda\u00e7\u00e3o Travel3"},"sameAs":["http:\/\/www.travel3.com.br"],"url":"https:\/\/www.travel3.com.br\/site\/author\/redacao2\/"}]}},"_links":{"self":[{"href":"https:\/\/www.travel3.com.br\/site\/wp-json\/wp\/v2\/posts\/42197","targetHints":{"allow":["GET"]}}],"collection":[{"href":"https:\/\/www.travel3.com.br\/site\/wp-json\/wp\/v2\/posts"}],"about":[{"href":"https:\/\/www.travel3.com.br\/site\/wp-json\/wp\/v2\/types\/post"}],"author":[{"embeddable":true,"href":"https:\/\/www.travel3.com.br\/site\/wp-json\/wp\/v2\/users\/6"}],"replies":[{"embeddable":true,"href":"https:\/\/www.travel3.com.br\/site\/wp-json\/wp\/v2\/comments?post=42197"}],"version-history":[{"count":1,"href":"https:\/\/www.travel3.com.br\/site\/wp-json\/wp\/v2\/posts\/42197\/revisions"}],"predecessor-version":[{"id":42204,"href":"https:\/\/www.travel3.com.br\/site\/wp-json\/wp\/v2\/posts\/42197\/revisions\/42204"}],"wp:featuredmedia":[{"embeddable":true,"href":"https:\/\/www.travel3.com.br\/site\/wp-json\/wp\/v2\/media\/42203"}],"wp:attachment":[{"href":"https:\/\/www.travel3.com.br\/site\/wp-json\/wp\/v2\/media?parent=42197"}],"wp:term":[{"taxonomy":"category","embeddable":true,"href":"https:\/\/www.travel3.com.br\/site\/wp-json\/wp\/v2\/categories?post=42197"},{"taxonomy":"post_tag","embeddable":true,"href":"https:\/\/www.travel3.com.br\/site\/wp-json\/wp\/v2\/tags?post=42197"}],"curies":[{"name":"wp","href":"https:\/\/api.w.org\/{rel}","templated":true}]}}