{"id":42184,"date":"2021-08-12T10:54:35","date_gmt":"2021-08-12T13:54:35","guid":{"rendered":"https:\/\/www.travel3.com.br\/?p=42184"},"modified":"2021-08-12T10:54:37","modified_gmt":"2021-08-12T13:54:37","slug":"2o-dia-de-wtm-destinos-diversidade-tecnologia","status":"publish","type":"post","link":"https:\/\/www.travel3.com.br\/site\/acontece-no-turismo\/eventos-e-feiras\/2o-dia-de-wtm-destinos-diversidade-tecnologia\/","title":{"rendered":"2\u00ba dia de WTM = destinos + diversidade + tecnologia"},"content":{"rendered":"\n<h3 class=\"wp-block-heading\" style=\"text-align:center\">Entre os destaques, representantes de Dubai e Jamaica explicam a\u00e7\u00f5es para a reabertura segura<\/h3>\n\n\n\n<p>Nesta quarta-feira (11), aconteceu o 2\u00b0 dia do WTM Latin America, um dos principais eventos de turismo voltado ao p\u00fablico B2B da Am\u00e9rica Latina. Com participantes do Brasil, Am\u00e9rica Latina e diversos pa\u00edses do mundo, o evento destacou assuntos como a reabertura de destinos para turistas, tecnologia, sustentabilidade e diversidade.<\/p>\n\n\n\n<h2 class=\"wp-block-heading\">Destinos reabrem a turistas<\/h2>\n\n\n\n<p>O 1\u00b0 painel de conte\u00fado do dia recebeu Edmund Barlett, Ministro do Turismo da Jamaica, que ressaltou que o pa\u00eds estabeleceu um comit\u00ea de gerenciamento de crise j\u00e1 em janeiro de 2020, bem no in\u00edcio da Covid-19.<\/p>\n\n\n\n<p>Depois disso, segundo o Ministro, a Jamaica seguiu com o desenvolvimento de protocolos e se tornou o 1\u00b0 pa\u00eds na regi\u00e3o a estabelecer um conjunto completo de regulamenta\u00e7\u00e3o. Atualmente, o pa\u00eds preza por prote\u00e7\u00e3o e seguran\u00e7a tanto dos residentes quanto dos visitantes.<\/p>\n\n\n\n<blockquote class=\"wp-block-quote is-layout-flow wp-block-quote-is-layout-flow\"><p>N\u00f3s estabelecemos todo um sistema de avalia\u00e7\u00e3o dos n\u00edveis de conformidade dos empreendimentos tur\u00edsticos em nosso pa\u00eds e demos a eles um certificado sobre a Covid-19, que mostra a todo o mundo que estas empresas s\u00e3o seguras. Portanto, \u00e9 poss\u00edvel vir e desfrutar de atividades tur\u00edsticas.<\/p><cite><strong>Edmund Barlett<\/strong> &#8211; Ministro do Turismo da Jamaica<\/cite><\/blockquote>\n\n\n\n<h4 class=\"wp-block-heading\"><strong>Dubai&nbsp;tamb\u00e9m&nbsp;abordou&nbsp;reabertura<\/strong><\/h4>\n\n\n\n<p>Outro destino que abordou a reabertura para turistas foi Dubai. A cidade voltou a receber visitantes h\u00e1 um ano, e j\u00e1 atingiu a imunidade coletiva; sendo assim a 1\u00aa regi\u00e3o com mais de 1 milh\u00e3o de residentes a vacinar 70% da sua popula\u00e7\u00e3o.<\/p>\n\n\n\n<p>Este ano Dubai ser\u00e1 sede da Expo 2020 Dubai, uma das maiores exposi\u00e7\u00f5es do mundo. Mas antes da reabertura, o pa\u00eds passou por um per\u00edodo de restri\u00e7\u00f5es intensas.<\/p>\n\n\n\n<blockquote class=\"wp-block-quote is-layout-flow wp-block-quote-is-layout-flow\"><p>Passamos por um lockdown completo por quase dois meses. Precis\u00e1vamos de autoriza\u00e7\u00e3o para sair de casa, e a cada tr\u00eas dias pod\u00edamos ir no supermercado ou na farm\u00e1cia. Depois, a reabertura foi feita de forma gradual. Houve sanitiza\u00e7\u00e3o nas vias p\u00fablicas no per\u00edodo da noite. At\u00e9 que fomos um dos primeiros destinos a receber o selo Safe Travels, da Organiza\u00e7\u00e3o Mundial do Turismo.<\/p><cite><strong>Cibele Moulin<\/strong> &#8211; Gerente de Opera\u00e7\u00f5es Internacionais para Am\u00e9rica Latina, Espanha e Portugal da Dubai Turismo<\/cite><\/blockquote>\n\n\n\n<h2 class=\"wp-block-heading\">Turismo e diversidade<\/h2>\n\n\n\n<p>O 2\u00ba dia da WTM Latin America 2021 ainda ofereceu 3 pain\u00e9is com abordagens voltadas para a diversidade.<\/p>\n\n\n\n<p>No <em>Como atrair o turista LGBTQIA+?<\/em>, convidados contaram como as empresas est\u00e3o se preparando para receber esse p\u00fablico que acaba se fidelizando quando \u00e9 bem atendido e bem tratado.<\/p>\n\n\n\n<p>J\u00e1 no <em>Aliados pela Diversidade<\/em>, convidados negros, mulheres e pessoas que lutam para conquistar posi\u00e7\u00f5es iguais dentro de empresas abordaram as diversas vezes em que se depararam com ambientes pouco diversos, com a presen\u00e7a massiva do estere\u00f3tipo \u201chomens cis brancos\u201d e quais atitudes t\u00eam tomado para que essa situa\u00e7\u00e3o diminua, ou n\u00e3o ocorra mais no turismo e na sociedade como um todo.<\/p>\n\n\n\n<p>O painel <em>Defesa &#8211; Mulheres que possuem suas causas compartilham suas experi\u00eancias<\/em> reuniu Bettina Garibaldi, vice-presidente s\u00eanior da Ketcham, como moderadora; Gloria Guevara, conselheira especial e ministra do turismo da Ar\u00e1bia Saudita; e Liz Ortiguera, CEO da Pacific Asia Travel Association.<\/p>\n\n\n\n<p>Para elas, a diversidade \u00e9 algo que est\u00e1 acontecendo nos setores e deve seguir se consolidando a partir da educa\u00e7\u00e3o. Durante o painel, Liz destacou 3 pontos que considera importantes para essa evolu\u00e7\u00e3o. Um deles \u00e9 sobre o empoderamento feminino.<\/p>\n\n\n\n<blockquote class=\"wp-block-quote is-layout-flow wp-block-quote-is-layout-flow\"><p>Um dos pontos \u00e9 como as mulheres est\u00e3o se empoderando nos \u00faltimos anos. Eu oriento e apoio as mulheres que est\u00e3o pr\u00f3ximas, mas n\u00e3o devemos pensar apenas em quem estamos educando, e sim na comunidade como um todo. Isso \u00e9 algo que podemos expandir.<\/p><cite><strong>Liz Ortiguera<\/strong> &#8211; CEO da Pacific Asia Travel Association<\/cite><\/blockquote>\n\n\n\n<h2 class=\"wp-block-heading\">Tecnologia como aliada<\/h2>\n\n\n\n<p>A abordagem sobre tecnologia neste 2\u00b0 dia de WTM contou com 2 pain\u00e9is. O 1\u00b0 deles foi <em>Domine o poder do posicionamento digital no turismo<\/em>, comandado por Thiago Akira &#8211; que \u00e9 consultor de marketing tur\u00edstico, professor e palestrante. Akira explicou como se posicionar nas redes sociais e na internet, analisar os concorrentes e, principalmente conhecer e investir no p\u00fablico certo para o produto ou servi\u00e7o que \u00e9 comercializado.<\/p>\n\n\n\n<p>J\u00e1 Carlos Cendra, CMO da Mabrian Technologies, trouxe \u00e0 tona como os dados podem ser usados a favor das empresas, sendo uma ferramenta que traz informa\u00e7\u00f5es e pode ser usada para mudar a mentalidade, resultando em uma tomada de decis\u00e3o assertiva.<\/p>\n\n\n\n<h2 class=\"wp-block-heading\">Sustentabilidade<\/h2>\n\n\n\n<p>Quanto \u00e0 sustentabilidade, o painel em parceria com a Global Ecotourism Network &#8211; GEN &#8211; destacou projetos do Brasil, Costa Rica e Chile, que por meio de a\u00e7\u00f5es conscientes est\u00e3o promovendo a regenera\u00e7\u00e3o de ecossistemas.<\/p>\n\n\n\n<p>Um dos projetos apresentados foi o do Mico Le\u00e3o Dourado, que, sediado no estado do Rio de Janeiro, contribui para salvar a esp\u00e9cie em risco de extin\u00e7\u00e3o; al\u00e9m de colaborar para a regenera\u00e7\u00e3o de parte da mata Atl\u00e2ntica, atualmente com apenas 10% de sua cobertura original.<\/p>\n\n\n\n<p>Outro painel que abordou a sustentabilidade contou com a participa\u00e7\u00e3o de Cintia Carlotti, gerente de marketing da Costa Cruzeiros; Loraine Ricino, diretora de marketing da GOL Linhas A\u00e9reas; e Antonietta Varslese, vice-presidente s\u00eanior de comunica\u00e7\u00e3o e rela\u00e7\u00f5es institucionais e CSR da Accor Am\u00e9rica do Sul.<\/p>\n\n\n\n<p>As participantes abordaram como as empresas as quais fazem parte est\u00e3o investindo em a\u00e7\u00f5es para a sustentabilidade do planeta e para que o turismo siga ocorrendo de maneira consciente.<\/p>\n\n\n\n<div class=\"wp-block-image\"><figure class=\"aligncenter\"><img loading=\"lazy\" decoding=\"async\" width=\"1021\" height=\"1024\" src=\"https:\/\/www.travel3.com.br\/site\/wp-content\/uploads\/2021\/08\/WhatsApp-Image-2021-08-12-at-10.02.18-1021x1024.jpeg\" alt=\"WTM Guatemala\" class=\"wp-image-42193\" srcset=\"https:\/\/www.travel3.com.br\/site\/wp-content\/uploads\/2021\/08\/WhatsApp-Image-2021-08-12-at-10.02.18.jpeg 1021w, https:\/\/www.travel3.com.br\/site\/wp-content\/uploads\/2021\/08\/WhatsApp-Image-2021-08-12-at-10.02.18-150x150.jpeg 150w, https:\/\/www.travel3.com.br\/site\/wp-content\/uploads\/2021\/08\/WhatsApp-Image-2021-08-12-at-10.02.18-300x300.jpeg 300w, https:\/\/www.travel3.com.br\/site\/wp-content\/uploads\/2021\/08\/WhatsApp-Image-2021-08-12-at-10.02.18-768x770.jpeg 768w, https:\/\/www.travel3.com.br\/site\/wp-content\/uploads\/2021\/08\/WhatsApp-Image-2021-08-12-at-10.02.18-75x75.jpeg 75w, https:\/\/www.travel3.com.br\/site\/wp-content\/uploads\/2021\/08\/WhatsApp-Image-2021-08-12-at-10.02.18-750x752.jpeg 750w\" sizes=\"auto, (max-width: 1021px) 100vw, 1021px\" \/><figcaption>Imagem: divulga\u00e7\u00e3o<\/figcaption><\/figure><\/div>\n\n\n\n<h2 class=\"wp-block-heading\">Expositores<\/h2>\n\n\n\n<p>Presente no 2\u00b0 dia da WTM Latin America 2021, o Conselho de Turismo da Guatemala &#8211; INGUAT &#8211; tem trabalhado na cria\u00e7\u00e3o do Selo de Biosseguran\u00e7a Tur\u00edstica. A certifica\u00e7\u00e3o consiste em um reconhecimento concedido a diferentes empresas tur\u00edsticas, tais como hot\u00e9is, operadores tur\u00edsticos, transportes, guias tur\u00edsticos e ag\u00eancias de viagens, que aplicaram as Diretrizes de Boas Pr\u00e1ticas para preven\u00e7\u00e3o da Covid-19 e outras infec\u00e7\u00f5es.<\/p>\n\n\n\n<p>A <a href=\"https:\/\/www.travel3.com.br\/destaque\/guatemala\/\" target=\"_blank\" rel=\"noreferrer noopener\" aria-label=\"Guatemala (opens in a new tab)\">Guatemala<\/a> est\u00e1 na WTM Latin America Virtual para fortalecer a imagem do destino.<\/p>\n\n\n\n<blockquote class=\"wp-block-quote is-layout-flow wp-block-quote-is-layout-flow\"><p>Nosso objetivo \u00e9 promover, comercializar e consolidar nosso pa\u00eds atrav\u00e9s da m\u00eddia, compradores e organiza\u00e7\u00f5es de turismo que buscam viver uma experi\u00eancia \u00fanica.<\/p><p>Nesses primeiros dias de evento j\u00e1 conseguimos mostrar bastante sobre as particularidades do nosso destino como Antigua, o emblem\u00e1tico s\u00edtio arqueol\u00f3gico de Tikal, a cidade de Quetzaltenango e o Lago Atitl\u00e1n, al\u00e9m da ampla gastronomia que nosso pa\u00eds oferece.<\/p><cite><strong>Corey Garrett<\/strong> &#8211; Diretor do Caribe e a America Latina no Barbados Tourism Marketing Inc<\/cite><\/blockquote>\n\n\n\n<h4 class=\"wp-block-heading\"><strong>Reuni\u00f5es&nbsp;virtuais&nbsp;s\u00e3o&nbsp;destaque<\/strong><\/h4>\n\n\n\n<p>J\u00e1 para Ana Cristina Clemente, coordenadora de eventos da Secretaria de Turismo e Viagens do Estado de S\u00e3o Paulo, as ferramentas utilizadas pela WTM Latin America s\u00e3o descomplicadas e devem resultar em acordos com outros pa\u00edses.<\/p>\n\n\n\n<blockquote class=\"wp-block-quote is-layout-flow wp-block-quote-is-layout-flow\"><p>O evento est\u00e1 muito bom. A plataforma das palestras funciona muito bem e a ideia de promover reuni\u00f5es online foi \u00f3tima. Tudo \u00e9 f\u00e1cil e intuitivo e flui bem. Acredito que vamos conseguir avan\u00e7ar com alguns neg\u00f3cios com representantes de diferentes pa\u00edses e promover os destinos de S\u00e3o Paulo mundialmente.<\/p><cite><strong>Ana Cristina Clemente<\/strong> &#8211; Coordenadora de Eventos da Secretaria de Turismo e Viagens do Estado de S\u00e3o Paulo<\/cite><\/blockquote>\n\n\n\n<h4 class=\"wp-block-heading\"><strong>Reabertura de fronteiras no radar<\/strong><\/h4>\n\n\n\n<p>Para Tha\u00eds Del Ben, gerente de marketing da WTM Latin America, o segundo dia da feira foi diversificado e esclarecedor.<\/p>\n\n\n\n<blockquote class=\"wp-block-quote is-layout-flow wp-block-quote-is-layout-flow\"><p>Hoje recebemos nomes importantes do turismo e pessoas que representam pa\u00edses que j\u00e1 abriram as fronteiras e est\u00e3o recebendo turistas do mundo todo. Isso \u00e9 \u00f3timo para absorvermos informa\u00e7\u00f5es que podem ser \u00fateis para a abertura dos pr\u00f3ximos destinos e que nos direcionam nesse momento de retomada das viagens.<\/p><cite><strong>Tha\u00eds Del Ben<\/strong> &#8211; Gerente de Marketing da WTM Latin America<\/cite><\/blockquote>\n\n\n\n<p>Todos os pain\u00e9is ficam dispon\u00edveis na plataforma do evento, que pode ser acessada <strong><a rel=\"noreferrer noopener\" aria-label=\"neste link (opens in a new tab)\" href=\"https:\/\/www.wtm.com\/latin-america\/pt-br.html?utm_source=mediapartner&amp;utm_campaign=engagement&amp;utm_medium=socialmedia&amp;utm_content=home_page_port\" target=\"_blank\">neste link<\/a><\/strong>, e o WTM Latin America ter\u00e1 outros conte\u00fados para compartilhar com o p\u00fablico no \u00faltimo dia de evento (12 de agosto) e as reuni\u00f5es podem ser agendadas at\u00e9 13 de agosto \u2013 dia adicional, seguindo o sucesso do numero de reuni\u00f5es marcadas.<\/p>\n","protected":false},"excerpt":{"rendered":"<p>Entre os destaques, representantes de Dubai e Jamaica explicam a\u00e7\u00f5es para a reabertura segura Nesta quarta-feira (11), aconteceu o 2\u00b0 dia do WTM Latin America, um dos principais eventos de turismo voltado ao p\u00fablico B2B da Am\u00e9rica Latina. Com participantes do Brasil, Am\u00e9rica Latina e diversos pa\u00edses do mundo, o evento destacou assuntos como a [&hellip;]<\/p>\n","protected":false},"author":6,"featured_media":42194,"comment_status":"open","ping_status":"open","sticky":false,"template":"","format":"standard","meta":{"footnotes":""},"categories":[969,226,5],"tags":[1787,1638,4571],"class_list":["post-42184","post","type-post","status-publish","format-standard","has-post-thumbnail","hentry","category-acontece-no-turismo","category-destaque","category-eventos-e-feiras","tag-wtm","tag-wtm-la","tag-wtm-latin-america-2021"],"yoast_head":"<!-- This site is optimized with the Yoast SEO plugin v26.2 - https:\/\/yoast.com\/wordpress\/plugins\/seo\/ -->\n<title>2\u00ba dia de WTM = destinos + diversidade + tecnologia - Travel3<\/title>\n<meta name=\"description\" content=\"2\u00ba dia de WTM = destinos + diversidade + tecnologia; entre os destaques, representantes de Dubai e Jamaica explicam a\u00e7\u00f5es para a reabertura segura\" \/>\n<meta name=\"robots\" content=\"index, follow, max-snippet:-1, max-image-preview:large, max-video-preview:-1\" \/>\n<link rel=\"canonical\" href=\"https:\/\/www.travel3.com.br\/site\/acontece-no-turismo\/eventos-e-feiras\/2o-dia-de-wtm-destinos-diversidade-tecnologia\/\" \/>\n<meta property=\"og:locale\" content=\"pt_BR\" \/>\n<meta property=\"og:type\" content=\"article\" \/>\n<meta property=\"og:title\" content=\"2\u00ba dia de WTM = destinos + diversidade + tecnologia - Travel3\" \/>\n<meta property=\"og:description\" content=\"2\u00ba dia de WTM = destinos + diversidade + tecnologia; entre os destaques, representantes de Dubai e Jamaica explicam a\u00e7\u00f5es para a reabertura segura\" \/>\n<meta property=\"og:url\" content=\"https:\/\/www.travel3.com.br\/site\/acontece-no-turismo\/eventos-e-feiras\/2o-dia-de-wtm-destinos-diversidade-tecnologia\/\" \/>\n<meta property=\"og:site_name\" content=\"Travel3\" \/>\n<meta property=\"article:publisher\" content=\"https:\/\/www.facebook.com\/travel3media\/\" \/>\n<meta property=\"article:published_time\" content=\"2021-08-12T13:54:35+00:00\" \/>\n<meta property=\"article:modified_time\" content=\"2021-08-12T13:54:37+00:00\" \/>\n<meta property=\"og:image\" content=\"https:\/\/www.travel3.com.br\/site\/wp-content\/uploads\/2021\/08\/WhatsApp-Image-2021-08-12-at-08.38.02.jpeg\" \/>\n\t<meta property=\"og:image:width\" content=\"557\" \/>\n\t<meta property=\"og:image:height\" content=\"557\" \/>\n\t<meta property=\"og:image:type\" content=\"image\/jpeg\" \/>\n<meta name=\"author\" content=\"Reda\u00e7\u00e3o Travel3\" \/>\n<meta name=\"twitter:card\" content=\"summary_large_image\" \/>\n<meta name=\"twitter:label1\" content=\"Escrito por\" \/>\n\t<meta name=\"twitter:data1\" content=\"Reda\u00e7\u00e3o Travel3\" \/>\n\t<meta name=\"twitter:label2\" content=\"Est. tempo de leitura\" \/>\n\t<meta name=\"twitter:data2\" content=\"7 minutos\" \/>\n<script type=\"application\/ld+json\" class=\"yoast-schema-graph\">{\"@context\":\"https:\/\/schema.org\",\"@graph\":[{\"@type\":\"Article\",\"@id\":\"https:\/\/www.travel3.com.br\/site\/acontece-no-turismo\/eventos-e-feiras\/2o-dia-de-wtm-destinos-diversidade-tecnologia\/#article\",\"isPartOf\":{\"@id\":\"https:\/\/www.travel3.com.br\/site\/acontece-no-turismo\/eventos-e-feiras\/2o-dia-de-wtm-destinos-diversidade-tecnologia\/\"},\"author\":{\"name\":\"Reda\u00e7\u00e3o Travel3\",\"@id\":\"https:\/\/www.travel3.com.br\/site\/#\/schema\/person\/9cff8daac0a2f1aa0799f827b8aa8308\"},\"headline\":\"2\u00ba dia de WTM = destinos + diversidade + tecnologia\",\"datePublished\":\"2021-08-12T13:54:35+00:00\",\"dateModified\":\"2021-08-12T13:54:37+00:00\",\"mainEntityOfPage\":{\"@id\":\"https:\/\/www.travel3.com.br\/site\/acontece-no-turismo\/eventos-e-feiras\/2o-dia-de-wtm-destinos-diversidade-tecnologia\/\"},\"wordCount\":1386,\"commentCount\":0,\"publisher\":{\"@id\":\"https:\/\/www.travel3.com.br\/site\/#organization\"},\"image\":{\"@id\":\"https:\/\/www.travel3.com.br\/site\/acontece-no-turismo\/eventos-e-feiras\/2o-dia-de-wtm-destinos-diversidade-tecnologia\/#primaryimage\"},\"thumbnailUrl\":\"https:\/\/www.travel3.com.br\/site\/wp-content\/uploads\/2021\/08\/WhatsApp-Image-2021-08-12-at-08.38.02.jpeg\",\"keywords\":[\"WTM\",\"WTM LA\",\"WTM Latin America 2021\"],\"articleSection\":[\"Acontece no Turismo\",\"Destaque\",\"Eventos e Feiras\"],\"inLanguage\":\"pt-BR\",\"potentialAction\":[{\"@type\":\"CommentAction\",\"name\":\"Comment\",\"target\":[\"https:\/\/www.travel3.com.br\/site\/acontece-no-turismo\/eventos-e-feiras\/2o-dia-de-wtm-destinos-diversidade-tecnologia\/#respond\"]}]},{\"@type\":\"WebPage\",\"@id\":\"https:\/\/www.travel3.com.br\/site\/acontece-no-turismo\/eventos-e-feiras\/2o-dia-de-wtm-destinos-diversidade-tecnologia\/\",\"url\":\"https:\/\/www.travel3.com.br\/site\/acontece-no-turismo\/eventos-e-feiras\/2o-dia-de-wtm-destinos-diversidade-tecnologia\/\",\"name\":\"2\u00ba dia de WTM = destinos + diversidade + tecnologia - Travel3\",\"isPartOf\":{\"@id\":\"https:\/\/www.travel3.com.br\/site\/#website\"},\"primaryImageOfPage\":{\"@id\":\"https:\/\/www.travel3.com.br\/site\/acontece-no-turismo\/eventos-e-feiras\/2o-dia-de-wtm-destinos-diversidade-tecnologia\/#primaryimage\"},\"image\":{\"@id\":\"https:\/\/www.travel3.com.br\/site\/acontece-no-turismo\/eventos-e-feiras\/2o-dia-de-wtm-destinos-diversidade-tecnologia\/#primaryimage\"},\"thumbnailUrl\":\"https:\/\/www.travel3.com.br\/site\/wp-content\/uploads\/2021\/08\/WhatsApp-Image-2021-08-12-at-08.38.02.jpeg\",\"datePublished\":\"2021-08-12T13:54:35+00:00\",\"dateModified\":\"2021-08-12T13:54:37+00:00\",\"description\":\"2\u00ba dia de WTM = destinos + diversidade + tecnologia; entre os destaques, representantes de Dubai e Jamaica explicam a\u00e7\u00f5es para a reabertura segura\",\"breadcrumb\":{\"@id\":\"https:\/\/www.travel3.com.br\/site\/acontece-no-turismo\/eventos-e-feiras\/2o-dia-de-wtm-destinos-diversidade-tecnologia\/#breadcrumb\"},\"inLanguage\":\"pt-BR\",\"potentialAction\":[{\"@type\":\"ReadAction\",\"target\":[\"https:\/\/www.travel3.com.br\/site\/acontece-no-turismo\/eventos-e-feiras\/2o-dia-de-wtm-destinos-diversidade-tecnologia\/\"]}]},{\"@type\":\"ImageObject\",\"inLanguage\":\"pt-BR\",\"@id\":\"https:\/\/www.travel3.com.br\/site\/acontece-no-turismo\/eventos-e-feiras\/2o-dia-de-wtm-destinos-diversidade-tecnologia\/#primaryimage\",\"url\":\"https:\/\/www.travel3.com.br\/site\/wp-content\/uploads\/2021\/08\/WhatsApp-Image-2021-08-12-at-08.38.02.jpeg\",\"contentUrl\":\"https:\/\/www.travel3.com.br\/site\/wp-content\/uploads\/2021\/08\/WhatsApp-Image-2021-08-12-at-08.38.02.jpeg\",\"width\":557,\"height\":557,\"caption\":\"Foto: divulga\u00e7\u00e3o\"},{\"@type\":\"BreadcrumbList\",\"@id\":\"https:\/\/www.travel3.com.br\/site\/acontece-no-turismo\/eventos-e-feiras\/2o-dia-de-wtm-destinos-diversidade-tecnologia\/#breadcrumb\",\"itemListElement\":[{\"@type\":\"ListItem\",\"position\":1,\"name\":\"In\u00edcio\",\"item\":\"https:\/\/www.travel3.com.br\/site\/\"},{\"@type\":\"ListItem\",\"position\":2,\"name\":\"2\u00ba dia de WTM = destinos + diversidade + tecnologia\"}]},{\"@type\":\"WebSite\",\"@id\":\"https:\/\/www.travel3.com.br\/site\/#website\",\"url\":\"https:\/\/www.travel3.com.br\/site\/\",\"name\":\"Travel3\",\"description\":\"Lazer + Neg&oacute;cios + Aventura\",\"publisher\":{\"@id\":\"https:\/\/www.travel3.com.br\/site\/#organization\"},\"potentialAction\":[{\"@type\":\"SearchAction\",\"target\":{\"@type\":\"EntryPoint\",\"urlTemplate\":\"https:\/\/www.travel3.com.br\/site\/?s={search_term_string}\"},\"query-input\":{\"@type\":\"PropertyValueSpecification\",\"valueRequired\":true,\"valueName\":\"search_term_string\"}}],\"inLanguage\":\"pt-BR\"},{\"@type\":\"Organization\",\"@id\":\"https:\/\/www.travel3.com.br\/site\/#organization\",\"name\":\"Travel3\",\"url\":\"https:\/\/www.travel3.com.br\/site\/\",\"logo\":{\"@type\":\"ImageObject\",\"inLanguage\":\"pt-BR\",\"@id\":\"https:\/\/www.travel3.com.br\/site\/#\/schema\/logo\/image\/\",\"url\":\"https:\/\/www.travel3.com.br\/site\/wp-content\/uploads\/2020\/01\/logo-travel3-2020.png\",\"contentUrl\":\"https:\/\/www.travel3.com.br\/site\/wp-content\/uploads\/2020\/01\/logo-travel3-2020.png\",\"width\":232,\"height\":79,\"caption\":\"Travel3\"},\"image\":{\"@id\":\"https:\/\/www.travel3.com.br\/site\/#\/schema\/logo\/image\/\"},\"sameAs\":[\"https:\/\/www.facebook.com\/travel3media\/\",\"https:\/\/www.instagram.com\/revistatravel3\/\",\"https:\/\/www.youtube.com\/channel\/UCno7J4paGBR3VbZQzvoJ9Eg\"]},{\"@type\":\"Person\",\"@id\":\"https:\/\/www.travel3.com.br\/site\/#\/schema\/person\/9cff8daac0a2f1aa0799f827b8aa8308\",\"name\":\"Reda\u00e7\u00e3o Travel3\",\"image\":{\"@type\":\"ImageObject\",\"inLanguage\":\"pt-BR\",\"@id\":\"https:\/\/www.travel3.com.br\/site\/#\/schema\/person\/image\/\",\"url\":\"https:\/\/secure.gravatar.com\/avatar\/6e6125525e1f04b7b8c607d71556e490?s=96&d=mm&r=g\",\"contentUrl\":\"https:\/\/secure.gravatar.com\/avatar\/6e6125525e1f04b7b8c607d71556e490?s=96&d=mm&r=g\",\"caption\":\"Reda\u00e7\u00e3o Travel3\"},\"sameAs\":[\"http:\/\/www.travel3.com.br\"],\"url\":\"https:\/\/www.travel3.com.br\/site\/author\/redacao2\/\"}]}<\/script>\n<!-- \/ Yoast SEO plugin. -->","yoast_head_json":{"title":"2\u00ba dia de WTM = destinos + diversidade + tecnologia - Travel3","description":"2\u00ba dia de WTM = destinos + diversidade + tecnologia; entre os destaques, representantes de Dubai e Jamaica explicam a\u00e7\u00f5es para a reabertura segura","robots":{"index":"index","follow":"follow","max-snippet":"max-snippet:-1","max-image-preview":"max-image-preview:large","max-video-preview":"max-video-preview:-1"},"canonical":"https:\/\/www.travel3.com.br\/site\/acontece-no-turismo\/eventos-e-feiras\/2o-dia-de-wtm-destinos-diversidade-tecnologia\/","og_locale":"pt_BR","og_type":"article","og_title":"2\u00ba dia de WTM = destinos + diversidade + tecnologia - Travel3","og_description":"2\u00ba dia de WTM = destinos + diversidade + tecnologia; entre os destaques, representantes de Dubai e Jamaica explicam a\u00e7\u00f5es para a reabertura segura","og_url":"https:\/\/www.travel3.com.br\/site\/acontece-no-turismo\/eventos-e-feiras\/2o-dia-de-wtm-destinos-diversidade-tecnologia\/","og_site_name":"Travel3","article_publisher":"https:\/\/www.facebook.com\/travel3media\/","article_published_time":"2021-08-12T13:54:35+00:00","article_modified_time":"2021-08-12T13:54:37+00:00","og_image":[{"width":557,"height":557,"url":"https:\/\/www.travel3.com.br\/site\/wp-content\/uploads\/2021\/08\/WhatsApp-Image-2021-08-12-at-08.38.02.jpeg","type":"image\/jpeg"}],"author":"Reda\u00e7\u00e3o Travel3","twitter_card":"summary_large_image","twitter_misc":{"Escrito por":"Reda\u00e7\u00e3o Travel3","Est. tempo de leitura":"7 minutos"},"schema":{"@context":"https:\/\/schema.org","@graph":[{"@type":"Article","@id":"https:\/\/www.travel3.com.br\/site\/acontece-no-turismo\/eventos-e-feiras\/2o-dia-de-wtm-destinos-diversidade-tecnologia\/#article","isPartOf":{"@id":"https:\/\/www.travel3.com.br\/site\/acontece-no-turismo\/eventos-e-feiras\/2o-dia-de-wtm-destinos-diversidade-tecnologia\/"},"author":{"name":"Reda\u00e7\u00e3o Travel3","@id":"https:\/\/www.travel3.com.br\/site\/#\/schema\/person\/9cff8daac0a2f1aa0799f827b8aa8308"},"headline":"2\u00ba dia de WTM = destinos + diversidade + tecnologia","datePublished":"2021-08-12T13:54:35+00:00","dateModified":"2021-08-12T13:54:37+00:00","mainEntityOfPage":{"@id":"https:\/\/www.travel3.com.br\/site\/acontece-no-turismo\/eventos-e-feiras\/2o-dia-de-wtm-destinos-diversidade-tecnologia\/"},"wordCount":1386,"commentCount":0,"publisher":{"@id":"https:\/\/www.travel3.com.br\/site\/#organization"},"image":{"@id":"https:\/\/www.travel3.com.br\/site\/acontece-no-turismo\/eventos-e-feiras\/2o-dia-de-wtm-destinos-diversidade-tecnologia\/#primaryimage"},"thumbnailUrl":"https:\/\/www.travel3.com.br\/site\/wp-content\/uploads\/2021\/08\/WhatsApp-Image-2021-08-12-at-08.38.02.jpeg","keywords":["WTM","WTM LA","WTM Latin America 2021"],"articleSection":["Acontece no Turismo","Destaque","Eventos e Feiras"],"inLanguage":"pt-BR","potentialAction":[{"@type":"CommentAction","name":"Comment","target":["https:\/\/www.travel3.com.br\/site\/acontece-no-turismo\/eventos-e-feiras\/2o-dia-de-wtm-destinos-diversidade-tecnologia\/#respond"]}]},{"@type":"WebPage","@id":"https:\/\/www.travel3.com.br\/site\/acontece-no-turismo\/eventos-e-feiras\/2o-dia-de-wtm-destinos-diversidade-tecnologia\/","url":"https:\/\/www.travel3.com.br\/site\/acontece-no-turismo\/eventos-e-feiras\/2o-dia-de-wtm-destinos-diversidade-tecnologia\/","name":"2\u00ba dia de WTM = destinos + diversidade + tecnologia - Travel3","isPartOf":{"@id":"https:\/\/www.travel3.com.br\/site\/#website"},"primaryImageOfPage":{"@id":"https:\/\/www.travel3.com.br\/site\/acontece-no-turismo\/eventos-e-feiras\/2o-dia-de-wtm-destinos-diversidade-tecnologia\/#primaryimage"},"image":{"@id":"https:\/\/www.travel3.com.br\/site\/acontece-no-turismo\/eventos-e-feiras\/2o-dia-de-wtm-destinos-diversidade-tecnologia\/#primaryimage"},"thumbnailUrl":"https:\/\/www.travel3.com.br\/site\/wp-content\/uploads\/2021\/08\/WhatsApp-Image-2021-08-12-at-08.38.02.jpeg","datePublished":"2021-08-12T13:54:35+00:00","dateModified":"2021-08-12T13:54:37+00:00","description":"2\u00ba dia de WTM = destinos + diversidade + tecnologia; entre os destaques, representantes de Dubai e Jamaica explicam a\u00e7\u00f5es para a reabertura segura","breadcrumb":{"@id":"https:\/\/www.travel3.com.br\/site\/acontece-no-turismo\/eventos-e-feiras\/2o-dia-de-wtm-destinos-diversidade-tecnologia\/#breadcrumb"},"inLanguage":"pt-BR","potentialAction":[{"@type":"ReadAction","target":["https:\/\/www.travel3.com.br\/site\/acontece-no-turismo\/eventos-e-feiras\/2o-dia-de-wtm-destinos-diversidade-tecnologia\/"]}]},{"@type":"ImageObject","inLanguage":"pt-BR","@id":"https:\/\/www.travel3.com.br\/site\/acontece-no-turismo\/eventos-e-feiras\/2o-dia-de-wtm-destinos-diversidade-tecnologia\/#primaryimage","url":"https:\/\/www.travel3.com.br\/site\/wp-content\/uploads\/2021\/08\/WhatsApp-Image-2021-08-12-at-08.38.02.jpeg","contentUrl":"https:\/\/www.travel3.com.br\/site\/wp-content\/uploads\/2021\/08\/WhatsApp-Image-2021-08-12-at-08.38.02.jpeg","width":557,"height":557,"caption":"Foto: divulga\u00e7\u00e3o"},{"@type":"BreadcrumbList","@id":"https:\/\/www.travel3.com.br\/site\/acontece-no-turismo\/eventos-e-feiras\/2o-dia-de-wtm-destinos-diversidade-tecnologia\/#breadcrumb","itemListElement":[{"@type":"ListItem","position":1,"name":"In\u00edcio","item":"https:\/\/www.travel3.com.br\/site\/"},{"@type":"ListItem","position":2,"name":"2\u00ba dia de WTM = destinos + diversidade + tecnologia"}]},{"@type":"WebSite","@id":"https:\/\/www.travel3.com.br\/site\/#website","url":"https:\/\/www.travel3.com.br\/site\/","name":"Travel3","description":"Lazer + Neg&oacute;cios + Aventura","publisher":{"@id":"https:\/\/www.travel3.com.br\/site\/#organization"},"potentialAction":[{"@type":"SearchAction","target":{"@type":"EntryPoint","urlTemplate":"https:\/\/www.travel3.com.br\/site\/?s={search_term_string}"},"query-input":{"@type":"PropertyValueSpecification","valueRequired":true,"valueName":"search_term_string"}}],"inLanguage":"pt-BR"},{"@type":"Organization","@id":"https:\/\/www.travel3.com.br\/site\/#organization","name":"Travel3","url":"https:\/\/www.travel3.com.br\/site\/","logo":{"@type":"ImageObject","inLanguage":"pt-BR","@id":"https:\/\/www.travel3.com.br\/site\/#\/schema\/logo\/image\/","url":"https:\/\/www.travel3.com.br\/site\/wp-content\/uploads\/2020\/01\/logo-travel3-2020.png","contentUrl":"https:\/\/www.travel3.com.br\/site\/wp-content\/uploads\/2020\/01\/logo-travel3-2020.png","width":232,"height":79,"caption":"Travel3"},"image":{"@id":"https:\/\/www.travel3.com.br\/site\/#\/schema\/logo\/image\/"},"sameAs":["https:\/\/www.facebook.com\/travel3media\/","https:\/\/www.instagram.com\/revistatravel3\/","https:\/\/www.youtube.com\/channel\/UCno7J4paGBR3VbZQzvoJ9Eg"]},{"@type":"Person","@id":"https:\/\/www.travel3.com.br\/site\/#\/schema\/person\/9cff8daac0a2f1aa0799f827b8aa8308","name":"Reda\u00e7\u00e3o Travel3","image":{"@type":"ImageObject","inLanguage":"pt-BR","@id":"https:\/\/www.travel3.com.br\/site\/#\/schema\/person\/image\/","url":"https:\/\/secure.gravatar.com\/avatar\/6e6125525e1f04b7b8c607d71556e490?s=96&d=mm&r=g","contentUrl":"https:\/\/secure.gravatar.com\/avatar\/6e6125525e1f04b7b8c607d71556e490?s=96&d=mm&r=g","caption":"Reda\u00e7\u00e3o Travel3"},"sameAs":["http:\/\/www.travel3.com.br"],"url":"https:\/\/www.travel3.com.br\/site\/author\/redacao2\/"}]}},"_links":{"self":[{"href":"https:\/\/www.travel3.com.br\/site\/wp-json\/wp\/v2\/posts\/42184","targetHints":{"allow":["GET"]}}],"collection":[{"href":"https:\/\/www.travel3.com.br\/site\/wp-json\/wp\/v2\/posts"}],"about":[{"href":"https:\/\/www.travel3.com.br\/site\/wp-json\/wp\/v2\/types\/post"}],"author":[{"embeddable":true,"href":"https:\/\/www.travel3.com.br\/site\/wp-json\/wp\/v2\/users\/6"}],"replies":[{"embeddable":true,"href":"https:\/\/www.travel3.com.br\/site\/wp-json\/wp\/v2\/comments?post=42184"}],"version-history":[{"count":3,"href":"https:\/\/www.travel3.com.br\/site\/wp-json\/wp\/v2\/posts\/42184\/revisions"}],"predecessor-version":[{"id":42196,"href":"https:\/\/www.travel3.com.br\/site\/wp-json\/wp\/v2\/posts\/42184\/revisions\/42196"}],"wp:featuredmedia":[{"embeddable":true,"href":"https:\/\/www.travel3.com.br\/site\/wp-json\/wp\/v2\/media\/42194"}],"wp:attachment":[{"href":"https:\/\/www.travel3.com.br\/site\/wp-json\/wp\/v2\/media?parent=42184"}],"wp:term":[{"taxonomy":"category","embeddable":true,"href":"https:\/\/www.travel3.com.br\/site\/wp-json\/wp\/v2\/categories?post=42184"},{"taxonomy":"post_tag","embeddable":true,"href":"https:\/\/www.travel3.com.br\/site\/wp-json\/wp\/v2\/tags?post=42184"}],"curies":[{"name":"wp","href":"https:\/\/api.w.org\/{rel}","templated":true}]}}