{"id":41958,"date":"2021-07-30T09:43:28","date_gmt":"2021-07-30T12:43:28","guid":{"rendered":"https:\/\/www.travel3.com.br\/?p=41958"},"modified":"2021-08-01T22:31:04","modified_gmt":"2021-08-02T01:31:04","slug":"hotel-do-cafe-promove-seu-primeiro-festival-live-music","status":"publish","type":"post","link":"https:\/\/www.travel3.com.br\/site\/hotel\/hotel-do-cafe-promove-seu-primeiro-festival-live-music\/","title":{"rendered":"Hotel do Caf\u00e9 promove seu primeiro Festival Live &#038; Music"},"content":{"rendered":"\n<h3 class=\"wp-block-heading\" style=\"text-align:center\">O evento, exclusivo para h\u00f3spedes, ter\u00e1 atra\u00e7\u00f5es diversificadas<\/h3>\n\n\n\n<p>O primeiro Festival Live &amp; Music do Hotel do Caf\u00e9 promete reunir gastronomia, cultura, natureza e muita m\u00fasica por todas as suas instala\u00e7\u00f5es. O evento, apenas para h\u00f3spedes, acontecer\u00e1 nos dias 19, 20, 21 e 22 de agosto, em sua sede localizada em Rio das Flores, RJ.<\/p>\n\n\n\n<p>Leia mais = <a href=\"https:\/\/www.travel3.com.br\/hotel\/nacional\/hotel-do-cafe-oferece-experiencia-rica-exclusiva-e-historica\/\" target=\"_blank\" rel=\"noreferrer noopener\" aria-label=\" (opens in a new tab)\">Hotel do Caf\u00e9 oferece experi\u00eancia rica, exclusiva e hist\u00f3rica<\/a><\/p>\n\n\n\n<div class=\"wp-block-image\"><figure class=\"aligncenter\"><img loading=\"lazy\" decoding=\"async\" width=\"640\" height=\"480\" src=\"https:\/\/www.travel3.com.br\/site\/wp-content\/uploads\/2021\/07\/Churrasqueira-Hotel-do-Caf\u00e9.jpg\" alt=\"Festival Live &amp; Music\" class=\"wp-image-41966\" srcset=\"https:\/\/www.travel3.com.br\/site\/wp-content\/uploads\/2021\/07\/Churrasqueira-Hotel-do-Caf\u00e9.jpg 640w, https:\/\/www.travel3.com.br\/site\/wp-content\/uploads\/2021\/07\/Churrasqueira-Hotel-do-Caf\u00e9-300x225.jpg 300w\" sizes=\"auto, (max-width: 640px) 100vw, 640px\" \/><figcaption>Com vista para a piscina e para o Rio Para\u00edba do Sul, a \u00e1rea da churrascaria do Hotel do Caf\u00e9 (Foto: Caroline Tonaco)<\/figcaption><\/figure><\/div>\n\n\n\n<h2 class=\"wp-block-heading\">Festival Live &amp; Music = programa\u00e7\u00e3o variada por todo o hotel<\/h2>\n\n\n\n<p>Segundo a programa\u00e7\u00e3o divulgada, o festival ter\u00e1 in\u00edcio na noite da quinta-feira 19 de agosto, quando as atra\u00e7\u00f5es ser\u00e3o voltadas para o piano bar. No espa\u00e7o, anexo ao restaurante, haver\u00e1 apresenta\u00e7\u00e3o de voz, viol\u00e3o e sax.<\/p>\n\n\n\n<p>No dia 20, sexta-feira, o caf\u00e9 da manh\u00e3 ter\u00e1 piano instrumental como fundo musical. O almo\u00e7o ser\u00e1 servido na churrascaria, localizada na \u00e1rea externa do hotel, com apresenta\u00e7\u00e3o de vocalista interpretando sucessos da MPB. O happy-hour, por sua vez, ser\u00e1 nas confort\u00e1veis mesas e espregui\u00e7adeiras beirando o Rio Para\u00edba do Sul, com apresenta\u00e7\u00e3o de um saxofonista para completar o clima charmoso e buc\u00f3lico do local. E, para a noite, uma banda completa promete contagiar os h\u00f3spedes com muito blues e jazz, na sala do cinema.<\/p>\n\n\n\n<div class=\"wp-block-image\"><figure class=\"aligncenter\"><img loading=\"lazy\" decoding=\"async\" width=\"548\" height=\"640\" src=\"https:\/\/www.travel3.com.br\/site\/wp-content\/uploads\/2021\/07\/Live-Music.jpg\" alt=\"\" class=\"wp-image-41970\" srcset=\"https:\/\/www.travel3.com.br\/site\/wp-content\/uploads\/2021\/07\/Live-Music.jpg 548w, https:\/\/www.travel3.com.br\/site\/wp-content\/uploads\/2021\/07\/Live-Music-257x300.jpg 257w\" sizes=\"auto, (max-width: 548px) 100vw, 548px\" \/><\/figure><\/div>\n\n\n\n<p>E a m\u00fasica continua no s\u00e1bado, dia 21, onde, ap\u00f3s o caf\u00e9 da\nmanh\u00e3 ao som de sax instrumental, os h\u00f3spedes poder\u00e3o admirar todo o rico\nacervo da Fazenda Guarit\u00e1 num tour guiado pela propriedade. A j\u00e1 famosa\nfeijoada servida aos s\u00e1bados, no anexo da cacha\u00e7aria, ser\u00e1 com muita MPB,\nseguida de apresenta\u00e7\u00e3o de um DJ e logo depois baile com banda completa, tudo\nno jardim gramado do p\u00e1tio interno.<\/p>\n\n\n\n<p>Para encerrar o Festival Live &amp; Music, no domingo, os h\u00f3spedes apreciar\u00e3o o caf\u00e9 da manh\u00e3 ao som de piano instrumental.<\/p>\n\n\n\n<p>Quer desfrutar dessa experi\u00eancia musical, num local charmoso\ne cheio de hist\u00f3ria, em su\u00edtes confort\u00e1veis, usufruindo de \u00f3tima gastronomia e\nrodeado por muita natureza?<\/p>\n\n\n\n<p>Entre em contato com o <a href=\"https:\/\/www.hoteldocafe.com.br\/\" target=\"_blank\" rel=\"noreferrer noopener\" aria-label=\"Hotel do Caf\u00e9 (opens in a new tab)\">Hotel do Caf\u00e9<\/a>, para reserva e maiores informa\u00e7\u00f5es.<\/p>\n","protected":false},"excerpt":{"rendered":"<p>O evento, exclusivo para h\u00f3spedes, ter\u00e1 atra\u00e7\u00f5es diversificadas O primeiro Festival Live &amp; Music do Hotel do Caf\u00e9 promete reunir gastronomia, cultura, natureza e muita m\u00fasica por todas as suas instala\u00e7\u00f5es. O evento, apenas para h\u00f3spedes, acontecer\u00e1 nos dias 19, 20, 21 e 22 de agosto, em sua sede localizada em Rio das Flores, RJ. [&hellip;]<\/p>\n","protected":false},"author":6,"featured_media":41964,"comment_status":"open","ping_status":"open","sticky":false,"template":"","format":"standard","meta":{"footnotes":""},"categories":[969,884,226,7,167,1],"tags":[285,4541,4174,923,4306],"class_list":["post-41958","post","type-post","status-publish","format-standard","has-post-thumbnail","hentry","category-acontece-no-turismo","category-comece-a-viajar","category-destaque","category-dicas","category-hotel","category-sem-categoria","tag-fazenda-de-cafe","tag-hotel-do-cafe","tag-hotel-fazenda","tag-rio-de-janeiro","tag-vale-do-cafe"],"yoast_head":"<!-- This site is optimized with the Yoast SEO plugin v26.2 - https:\/\/yoast.com\/wordpress\/plugins\/seo\/ -->\n<title>Hotel do Caf\u00e9 promove seu primeiro Festival Live &amp; Music - Travel3<\/title>\n<meta name=\"description\" content=\"Hotel do Caf\u00e9 promove seu primeiro Festival Live &amp; Music; o evento, exclusivo para h\u00f3spedes, ter\u00e1 atra\u00e7\u00f5es diversificadas\" \/>\n<meta name=\"robots\" content=\"index, follow, max-snippet:-1, max-image-preview:large, max-video-preview:-1\" \/>\n<link rel=\"canonical\" href=\"https:\/\/www.travel3.com.br\/site\/hotel\/hotel-do-cafe-promove-seu-primeiro-festival-live-music\/\" \/>\n<meta property=\"og:locale\" content=\"pt_BR\" \/>\n<meta property=\"og:type\" content=\"article\" \/>\n<meta property=\"og:title\" content=\"Hotel do Caf\u00e9 promove seu primeiro Festival Live &amp; Music - Travel3\" \/>\n<meta property=\"og:description\" content=\"Hotel do Caf\u00e9 promove seu primeiro Festival Live &amp; Music; o evento, exclusivo para h\u00f3spedes, ter\u00e1 atra\u00e7\u00f5es diversificadas\" \/>\n<meta property=\"og:url\" content=\"https:\/\/www.travel3.com.br\/site\/hotel\/hotel-do-cafe-promove-seu-primeiro-festival-live-music\/\" \/>\n<meta property=\"og:site_name\" content=\"Travel3\" \/>\n<meta property=\"article:publisher\" content=\"https:\/\/www.facebook.com\/travel3media\/\" \/>\n<meta property=\"article:published_time\" content=\"2021-07-30T12:43:28+00:00\" \/>\n<meta property=\"article:modified_time\" content=\"2021-08-02T01:31:04+00:00\" \/>\n<meta property=\"og:image\" content=\"https:\/\/www.travel3.com.br\/site\/wp-content\/uploads\/2021\/07\/Hotel-do-Caf\u00e9-Gramado-Interno.jpg\" \/>\n\t<meta property=\"og:image:width\" content=\"640\" \/>\n\t<meta property=\"og:image:height\" content=\"467\" \/>\n\t<meta property=\"og:image:type\" content=\"image\/jpeg\" \/>\n<meta name=\"author\" content=\"Reda\u00e7\u00e3o Travel3\" \/>\n<meta name=\"twitter:card\" content=\"summary_large_image\" \/>\n<meta name=\"twitter:label1\" content=\"Escrito por\" \/>\n\t<meta name=\"twitter:data1\" content=\"Reda\u00e7\u00e3o Travel3\" \/>\n\t<meta name=\"twitter:label2\" content=\"Est. tempo de leitura\" \/>\n\t<meta name=\"twitter:data2\" content=\"2 minutos\" \/>\n<script type=\"application\/ld+json\" class=\"yoast-schema-graph\">{\"@context\":\"https:\/\/schema.org\",\"@graph\":[{\"@type\":\"Article\",\"@id\":\"https:\/\/www.travel3.com.br\/site\/hotel\/hotel-do-cafe-promove-seu-primeiro-festival-live-music\/#article\",\"isPartOf\":{\"@id\":\"https:\/\/www.travel3.com.br\/site\/hotel\/hotel-do-cafe-promove-seu-primeiro-festival-live-music\/\"},\"author\":{\"name\":\"Reda\u00e7\u00e3o Travel3\",\"@id\":\"https:\/\/www.travel3.com.br\/site\/#\/schema\/person\/9cff8daac0a2f1aa0799f827b8aa8308\"},\"headline\":\"Hotel do Caf\u00e9 promove seu primeiro Festival Live &#038; Music\",\"datePublished\":\"2021-07-30T12:43:28+00:00\",\"dateModified\":\"2021-08-02T01:31:04+00:00\",\"mainEntityOfPage\":{\"@id\":\"https:\/\/www.travel3.com.br\/site\/hotel\/hotel-do-cafe-promove-seu-primeiro-festival-live-music\/\"},\"wordCount\":390,\"commentCount\":0,\"publisher\":{\"@id\":\"https:\/\/www.travel3.com.br\/site\/#organization\"},\"image\":{\"@id\":\"https:\/\/www.travel3.com.br\/site\/hotel\/hotel-do-cafe-promove-seu-primeiro-festival-live-music\/#primaryimage\"},\"thumbnailUrl\":\"https:\/\/www.travel3.com.br\/site\/wp-content\/uploads\/2021\/07\/Hotel-do-Caf\u00e9-Gramado-Interno.jpg\",\"keywords\":[\"fazenda de caf\u00e9\",\"Hotel do Caf\u00e9\",\"Hotel Fazenda\",\"Rio de Janeiro\",\"Vale do Caf\u00e9\"],\"articleSection\":[\"Acontece no Turismo\",\"Comece a Viajar\",\"Destaque\",\"Dicas\",\"Hotel\",\"Sem Categoria\"],\"inLanguage\":\"pt-BR\",\"potentialAction\":[{\"@type\":\"CommentAction\",\"name\":\"Comment\",\"target\":[\"https:\/\/www.travel3.com.br\/site\/hotel\/hotel-do-cafe-promove-seu-primeiro-festival-live-music\/#respond\"]}]},{\"@type\":\"WebPage\",\"@id\":\"https:\/\/www.travel3.com.br\/site\/hotel\/hotel-do-cafe-promove-seu-primeiro-festival-live-music\/\",\"url\":\"https:\/\/www.travel3.com.br\/site\/hotel\/hotel-do-cafe-promove-seu-primeiro-festival-live-music\/\",\"name\":\"Hotel do Caf\u00e9 promove seu primeiro Festival Live & Music - Travel3\",\"isPartOf\":{\"@id\":\"https:\/\/www.travel3.com.br\/site\/#website\"},\"primaryImageOfPage\":{\"@id\":\"https:\/\/www.travel3.com.br\/site\/hotel\/hotel-do-cafe-promove-seu-primeiro-festival-live-music\/#primaryimage\"},\"image\":{\"@id\":\"https:\/\/www.travel3.com.br\/site\/hotel\/hotel-do-cafe-promove-seu-primeiro-festival-live-music\/#primaryimage\"},\"thumbnailUrl\":\"https:\/\/www.travel3.com.br\/site\/wp-content\/uploads\/2021\/07\/Hotel-do-Caf\u00e9-Gramado-Interno.jpg\",\"datePublished\":\"2021-07-30T12:43:28+00:00\",\"dateModified\":\"2021-08-02T01:31:04+00:00\",\"description\":\"Hotel do Caf\u00e9 promove seu primeiro Festival Live & Music; o evento, exclusivo para h\u00f3spedes, ter\u00e1 atra\u00e7\u00f5es diversificadas\",\"breadcrumb\":{\"@id\":\"https:\/\/www.travel3.com.br\/site\/hotel\/hotel-do-cafe-promove-seu-primeiro-festival-live-music\/#breadcrumb\"},\"inLanguage\":\"pt-BR\",\"potentialAction\":[{\"@type\":\"ReadAction\",\"target\":[\"https:\/\/www.travel3.com.br\/site\/hotel\/hotel-do-cafe-promove-seu-primeiro-festival-live-music\/\"]}]},{\"@type\":\"ImageObject\",\"inLanguage\":\"pt-BR\",\"@id\":\"https:\/\/www.travel3.com.br\/site\/hotel\/hotel-do-cafe-promove-seu-primeiro-festival-live-music\/#primaryimage\",\"url\":\"https:\/\/www.travel3.com.br\/site\/wp-content\/uploads\/2021\/07\/Hotel-do-Caf\u00e9-Gramado-Interno.jpg\",\"contentUrl\":\"https:\/\/www.travel3.com.br\/site\/wp-content\/uploads\/2021\/07\/Hotel-do-Caf\u00e9-Gramado-Interno.jpg\",\"width\":640,\"height\":467,\"caption\":\"Festival Live & Music - apresenta\u00e7\u00f5es tamb\u00e9m acontecer\u00e3o no gramado interno do Hotel do Caf\u00e9 (Foto: Caroline Tonaco)\"},{\"@type\":\"BreadcrumbList\",\"@id\":\"https:\/\/www.travel3.com.br\/site\/hotel\/hotel-do-cafe-promove-seu-primeiro-festival-live-music\/#breadcrumb\",\"itemListElement\":[{\"@type\":\"ListItem\",\"position\":1,\"name\":\"In\u00edcio\",\"item\":\"https:\/\/www.travel3.com.br\/site\/\"},{\"@type\":\"ListItem\",\"position\":2,\"name\":\"Hotel do Caf\u00e9 promove seu primeiro Festival Live &#038; Music\"}]},{\"@type\":\"WebSite\",\"@id\":\"https:\/\/www.travel3.com.br\/site\/#website\",\"url\":\"https:\/\/www.travel3.com.br\/site\/\",\"name\":\"Travel3\",\"description\":\"Lazer + Neg&oacute;cios + Aventura\",\"publisher\":{\"@id\":\"https:\/\/www.travel3.com.br\/site\/#organization\"},\"potentialAction\":[{\"@type\":\"SearchAction\",\"target\":{\"@type\":\"EntryPoint\",\"urlTemplate\":\"https:\/\/www.travel3.com.br\/site\/?s={search_term_string}\"},\"query-input\":{\"@type\":\"PropertyValueSpecification\",\"valueRequired\":true,\"valueName\":\"search_term_string\"}}],\"inLanguage\":\"pt-BR\"},{\"@type\":\"Organization\",\"@id\":\"https:\/\/www.travel3.com.br\/site\/#organization\",\"name\":\"Travel3\",\"url\":\"https:\/\/www.travel3.com.br\/site\/\",\"logo\":{\"@type\":\"ImageObject\",\"inLanguage\":\"pt-BR\",\"@id\":\"https:\/\/www.travel3.com.br\/site\/#\/schema\/logo\/image\/\",\"url\":\"https:\/\/www.travel3.com.br\/site\/wp-content\/uploads\/2020\/01\/logo-travel3-2020.png\",\"contentUrl\":\"https:\/\/www.travel3.com.br\/site\/wp-content\/uploads\/2020\/01\/logo-travel3-2020.png\",\"width\":232,\"height\":79,\"caption\":\"Travel3\"},\"image\":{\"@id\":\"https:\/\/www.travel3.com.br\/site\/#\/schema\/logo\/image\/\"},\"sameAs\":[\"https:\/\/www.facebook.com\/travel3media\/\",\"https:\/\/www.instagram.com\/revistatravel3\/\",\"https:\/\/www.youtube.com\/channel\/UCno7J4paGBR3VbZQzvoJ9Eg\"]},{\"@type\":\"Person\",\"@id\":\"https:\/\/www.travel3.com.br\/site\/#\/schema\/person\/9cff8daac0a2f1aa0799f827b8aa8308\",\"name\":\"Reda\u00e7\u00e3o Travel3\",\"image\":{\"@type\":\"ImageObject\",\"inLanguage\":\"pt-BR\",\"@id\":\"https:\/\/www.travel3.com.br\/site\/#\/schema\/person\/image\/\",\"url\":\"https:\/\/secure.gravatar.com\/avatar\/6e6125525e1f04b7b8c607d71556e490?s=96&d=mm&r=g\",\"contentUrl\":\"https:\/\/secure.gravatar.com\/avatar\/6e6125525e1f04b7b8c607d71556e490?s=96&d=mm&r=g\",\"caption\":\"Reda\u00e7\u00e3o Travel3\"},\"sameAs\":[\"http:\/\/www.travel3.com.br\"],\"url\":\"https:\/\/www.travel3.com.br\/site\/author\/redacao2\/\"}]}<\/script>\n<!-- \/ Yoast SEO plugin. -->","yoast_head_json":{"title":"Hotel do Caf\u00e9 promove seu primeiro Festival Live & Music - Travel3","description":"Hotel do Caf\u00e9 promove seu primeiro Festival Live & Music; o evento, exclusivo para h\u00f3spedes, ter\u00e1 atra\u00e7\u00f5es diversificadas","robots":{"index":"index","follow":"follow","max-snippet":"max-snippet:-1","max-image-preview":"max-image-preview:large","max-video-preview":"max-video-preview:-1"},"canonical":"https:\/\/www.travel3.com.br\/site\/hotel\/hotel-do-cafe-promove-seu-primeiro-festival-live-music\/","og_locale":"pt_BR","og_type":"article","og_title":"Hotel do Caf\u00e9 promove seu primeiro Festival Live & Music - Travel3","og_description":"Hotel do Caf\u00e9 promove seu primeiro Festival Live & Music; o evento, exclusivo para h\u00f3spedes, ter\u00e1 atra\u00e7\u00f5es diversificadas","og_url":"https:\/\/www.travel3.com.br\/site\/hotel\/hotel-do-cafe-promove-seu-primeiro-festival-live-music\/","og_site_name":"Travel3","article_publisher":"https:\/\/www.facebook.com\/travel3media\/","article_published_time":"2021-07-30T12:43:28+00:00","article_modified_time":"2021-08-02T01:31:04+00:00","og_image":[{"width":640,"height":467,"url":"https:\/\/www.travel3.com.br\/site\/wp-content\/uploads\/2021\/07\/Hotel-do-Caf\u00e9-Gramado-Interno.jpg","type":"image\/jpeg"}],"author":"Reda\u00e7\u00e3o Travel3","twitter_card":"summary_large_image","twitter_misc":{"Escrito por":"Reda\u00e7\u00e3o Travel3","Est. tempo de leitura":"2 minutos"},"schema":{"@context":"https:\/\/schema.org","@graph":[{"@type":"Article","@id":"https:\/\/www.travel3.com.br\/site\/hotel\/hotel-do-cafe-promove-seu-primeiro-festival-live-music\/#article","isPartOf":{"@id":"https:\/\/www.travel3.com.br\/site\/hotel\/hotel-do-cafe-promove-seu-primeiro-festival-live-music\/"},"author":{"name":"Reda\u00e7\u00e3o Travel3","@id":"https:\/\/www.travel3.com.br\/site\/#\/schema\/person\/9cff8daac0a2f1aa0799f827b8aa8308"},"headline":"Hotel do Caf\u00e9 promove seu primeiro Festival Live &#038; Music","datePublished":"2021-07-30T12:43:28+00:00","dateModified":"2021-08-02T01:31:04+00:00","mainEntityOfPage":{"@id":"https:\/\/www.travel3.com.br\/site\/hotel\/hotel-do-cafe-promove-seu-primeiro-festival-live-music\/"},"wordCount":390,"commentCount":0,"publisher":{"@id":"https:\/\/www.travel3.com.br\/site\/#organization"},"image":{"@id":"https:\/\/www.travel3.com.br\/site\/hotel\/hotel-do-cafe-promove-seu-primeiro-festival-live-music\/#primaryimage"},"thumbnailUrl":"https:\/\/www.travel3.com.br\/site\/wp-content\/uploads\/2021\/07\/Hotel-do-Caf\u00e9-Gramado-Interno.jpg","keywords":["fazenda de caf\u00e9","Hotel do Caf\u00e9","Hotel Fazenda","Rio de Janeiro","Vale do Caf\u00e9"],"articleSection":["Acontece no Turismo","Comece a Viajar","Destaque","Dicas","Hotel","Sem Categoria"],"inLanguage":"pt-BR","potentialAction":[{"@type":"CommentAction","name":"Comment","target":["https:\/\/www.travel3.com.br\/site\/hotel\/hotel-do-cafe-promove-seu-primeiro-festival-live-music\/#respond"]}]},{"@type":"WebPage","@id":"https:\/\/www.travel3.com.br\/site\/hotel\/hotel-do-cafe-promove-seu-primeiro-festival-live-music\/","url":"https:\/\/www.travel3.com.br\/site\/hotel\/hotel-do-cafe-promove-seu-primeiro-festival-live-music\/","name":"Hotel do Caf\u00e9 promove seu primeiro Festival Live & Music - Travel3","isPartOf":{"@id":"https:\/\/www.travel3.com.br\/site\/#website"},"primaryImageOfPage":{"@id":"https:\/\/www.travel3.com.br\/site\/hotel\/hotel-do-cafe-promove-seu-primeiro-festival-live-music\/#primaryimage"},"image":{"@id":"https:\/\/www.travel3.com.br\/site\/hotel\/hotel-do-cafe-promove-seu-primeiro-festival-live-music\/#primaryimage"},"thumbnailUrl":"https:\/\/www.travel3.com.br\/site\/wp-content\/uploads\/2021\/07\/Hotel-do-Caf\u00e9-Gramado-Interno.jpg","datePublished":"2021-07-30T12:43:28+00:00","dateModified":"2021-08-02T01:31:04+00:00","description":"Hotel do Caf\u00e9 promove seu primeiro Festival Live & Music; o evento, exclusivo para h\u00f3spedes, ter\u00e1 atra\u00e7\u00f5es diversificadas","breadcrumb":{"@id":"https:\/\/www.travel3.com.br\/site\/hotel\/hotel-do-cafe-promove-seu-primeiro-festival-live-music\/#breadcrumb"},"inLanguage":"pt-BR","potentialAction":[{"@type":"ReadAction","target":["https:\/\/www.travel3.com.br\/site\/hotel\/hotel-do-cafe-promove-seu-primeiro-festival-live-music\/"]}]},{"@type":"ImageObject","inLanguage":"pt-BR","@id":"https:\/\/www.travel3.com.br\/site\/hotel\/hotel-do-cafe-promove-seu-primeiro-festival-live-music\/#primaryimage","url":"https:\/\/www.travel3.com.br\/site\/wp-content\/uploads\/2021\/07\/Hotel-do-Caf\u00e9-Gramado-Interno.jpg","contentUrl":"https:\/\/www.travel3.com.br\/site\/wp-content\/uploads\/2021\/07\/Hotel-do-Caf\u00e9-Gramado-Interno.jpg","width":640,"height":467,"caption":"Festival Live & Music - apresenta\u00e7\u00f5es tamb\u00e9m acontecer\u00e3o no gramado interno do Hotel do Caf\u00e9 (Foto: Caroline Tonaco)"},{"@type":"BreadcrumbList","@id":"https:\/\/www.travel3.com.br\/site\/hotel\/hotel-do-cafe-promove-seu-primeiro-festival-live-music\/#breadcrumb","itemListElement":[{"@type":"ListItem","position":1,"name":"In\u00edcio","item":"https:\/\/www.travel3.com.br\/site\/"},{"@type":"ListItem","position":2,"name":"Hotel do Caf\u00e9 promove seu primeiro Festival Live &#038; Music"}]},{"@type":"WebSite","@id":"https:\/\/www.travel3.com.br\/site\/#website","url":"https:\/\/www.travel3.com.br\/site\/","name":"Travel3","description":"Lazer + Neg&oacute;cios + Aventura","publisher":{"@id":"https:\/\/www.travel3.com.br\/site\/#organization"},"potentialAction":[{"@type":"SearchAction","target":{"@type":"EntryPoint","urlTemplate":"https:\/\/www.travel3.com.br\/site\/?s={search_term_string}"},"query-input":{"@type":"PropertyValueSpecification","valueRequired":true,"valueName":"search_term_string"}}],"inLanguage":"pt-BR"},{"@type":"Organization","@id":"https:\/\/www.travel3.com.br\/site\/#organization","name":"Travel3","url":"https:\/\/www.travel3.com.br\/site\/","logo":{"@type":"ImageObject","inLanguage":"pt-BR","@id":"https:\/\/www.travel3.com.br\/site\/#\/schema\/logo\/image\/","url":"https:\/\/www.travel3.com.br\/site\/wp-content\/uploads\/2020\/01\/logo-travel3-2020.png","contentUrl":"https:\/\/www.travel3.com.br\/site\/wp-content\/uploads\/2020\/01\/logo-travel3-2020.png","width":232,"height":79,"caption":"Travel3"},"image":{"@id":"https:\/\/www.travel3.com.br\/site\/#\/schema\/logo\/image\/"},"sameAs":["https:\/\/www.facebook.com\/travel3media\/","https:\/\/www.instagram.com\/revistatravel3\/","https:\/\/www.youtube.com\/channel\/UCno7J4paGBR3VbZQzvoJ9Eg"]},{"@type":"Person","@id":"https:\/\/www.travel3.com.br\/site\/#\/schema\/person\/9cff8daac0a2f1aa0799f827b8aa8308","name":"Reda\u00e7\u00e3o Travel3","image":{"@type":"ImageObject","inLanguage":"pt-BR","@id":"https:\/\/www.travel3.com.br\/site\/#\/schema\/person\/image\/","url":"https:\/\/secure.gravatar.com\/avatar\/6e6125525e1f04b7b8c607d71556e490?s=96&d=mm&r=g","contentUrl":"https:\/\/secure.gravatar.com\/avatar\/6e6125525e1f04b7b8c607d71556e490?s=96&d=mm&r=g","caption":"Reda\u00e7\u00e3o Travel3"},"sameAs":["http:\/\/www.travel3.com.br"],"url":"https:\/\/www.travel3.com.br\/site\/author\/redacao2\/"}]}},"_links":{"self":[{"href":"https:\/\/www.travel3.com.br\/site\/wp-json\/wp\/v2\/posts\/41958","targetHints":{"allow":["GET"]}}],"collection":[{"href":"https:\/\/www.travel3.com.br\/site\/wp-json\/wp\/v2\/posts"}],"about":[{"href":"https:\/\/www.travel3.com.br\/site\/wp-json\/wp\/v2\/types\/post"}],"author":[{"embeddable":true,"href":"https:\/\/www.travel3.com.br\/site\/wp-json\/wp\/v2\/users\/6"}],"replies":[{"embeddable":true,"href":"https:\/\/www.travel3.com.br\/site\/wp-json\/wp\/v2\/comments?post=41958"}],"version-history":[{"count":13,"href":"https:\/\/www.travel3.com.br\/site\/wp-json\/wp\/v2\/posts\/41958\/revisions"}],"predecessor-version":[{"id":41996,"href":"https:\/\/www.travel3.com.br\/site\/wp-json\/wp\/v2\/posts\/41958\/revisions\/41996"}],"wp:featuredmedia":[{"embeddable":true,"href":"https:\/\/www.travel3.com.br\/site\/wp-json\/wp\/v2\/media\/41964"}],"wp:attachment":[{"href":"https:\/\/www.travel3.com.br\/site\/wp-json\/wp\/v2\/media?parent=41958"}],"wp:term":[{"taxonomy":"category","embeddable":true,"href":"https:\/\/www.travel3.com.br\/site\/wp-json\/wp\/v2\/categories?post=41958"},{"taxonomy":"post_tag","embeddable":true,"href":"https:\/\/www.travel3.com.br\/site\/wp-json\/wp\/v2\/tags?post=41958"}],"curies":[{"name":"wp","href":"https:\/\/api.w.org\/{rel}","templated":true}]}}