{"id":4191,"date":"2017-09-11T05:08:04","date_gmt":"2017-09-11T05:08:04","guid":{"rendered":"http:\/\/www.travel3.com.br\/site\/ir-e-vir\/ar\/a-pampulha-esta-em-festa-durante-todo-o-mes-de-setembro\/"},"modified":"2017-09-11T05:08:04","modified_gmt":"2017-09-11T05:08:04","slug":"a-pampulha-esta-em-festa-durante-todo-o-mes-de-setembro","status":"publish","type":"post","link":"https:\/\/www.travel3.com.br\/site\/sem-categoria\/a-pampulha-esta-em-festa-durante-todo-o-mes-de-setembro\/","title":{"rendered":"A PAMPULHA EST\u00c1 EM FESTA DURANTE TODO O M\u00caS DE SETEMBRO"},"content":{"rendered":"<p><span style=\"color: #40acad; font-family: -apple-system, system-ui, 'Segoe UI', Roboto, Oxygen-Sans, Ubuntu, Cantarell, 'Helvetica Neue', sans-serif; font-size: 12px; font-weight: bold;\"><\/p>\n<p style=\"text-align:justify\">A Pampulha continua a celebrar a conquista do t\u00edtulo de Patrim\u00f4nio Cultural da Humanidade, reconhecido pela Unesco e\u00a0a Prefeitura de Belo Horizonte, por meio da Belotur, em parceria com o Sesc\/MG e Sesi\/MG, anunciam a programa\u00e7\u00e3o cultural de setembro.<\/p>\n<p style=\"text-align:justify\">Entre os destaques est\u00e3o a exposi\u00e7\u00e3o <em>Modernismo<\/em>, aberta para visita\u00e7\u00e3o no Museu de Arte da Pampulha at\u00e9 o dia 2 de outubro +\u00a0o festival gastron\u00f4mico <em>Deguste Pampulha<\/em>, na pra\u00e7a Dino Barbiere at\u00e9 dia 13 de setembro +\u00a0a apresenta\u00e7\u00e3o do <em>Festival Internacional de Corais na Casa Kubitschek<\/em>, no dia 11 de setembro.<\/p>\n<p style=\"text-align:justify\">Confira abaixo a programa\u00e7\u00e3o para os pr\u00f3ximos dias:<\/p>\n<p style=\"text-align:justify\"><strong>At\u00e9 9 de setembro<\/strong><\/p>\n<p style=\"text-align:justify\">Projeto <em>Conhecer para Cuidar<\/em>\u00a0\u2010 Viv\u00eancias de educa\u00e7\u00e3o patrimonial por meio da montagem de maquetes em miniatura de papel dos bens culturais do Conjunto Moderno da Pampulha e realiza\u00e7\u00e3o simult\u00e2nea de um quiz game formativo.<\/p>\n<p style=\"text-align:justify\">Projeto realizado em parceria com a Asas Produ\u00e7\u00f5es Ltda.<\/p>\n<p style=\"text-align:justify\">Local =\u00a0Pra\u00e7a Geralda Damata Pimentel, MAP e Casa Kubitschek<\/p>\n<p style=\"text-align:justify\"><strong>At\u00e9\u00a02 de outubro<\/strong><\/p>\n<p style=\"text-align:justify\">Exposi\u00e7\u00e3o <em>Modernismo<\/em><\/p>\n<p style=\"text-align:justify\">Local =\u00a0Museu de Arte da Pampulha &#8211; MAP<\/p>\n<p style=\"text-align:justify\">Hor\u00e1rio Visita\u00e7\u00e3o = 3<sup>a<\/sup>\u00a0a domingo de 9h \u00e0s 18h30<\/p>\n<p style=\"text-align:justify\"><strong>At\u00e9\u00a013 de novembro<\/strong><\/p>\n<p style=\"text-align:justify\">Festival Deguste Pampulha &#8211;\u00a0Micro festival gastron\u00f4mico com pequenas exposi\u00e7\u00f5es, disposi\u00e7\u00e3o de produtos da culin\u00e1ria mineira, artesanato, artes visuais e performances art\u00edsticas culturais.<\/p>\n<p style=\"text-align:justify\">Local =\u00a0Pra\u00e7a Dino Barbieri<\/p>\n<p style=\"text-align:justify\">Hor\u00e1rio =\u00a0diariamente das 8h \u00e0s 20h<\/p>\n<p style=\"text-align:justify\"><strong>At\u00e9\u00a029 de setembro<\/strong><\/p>\n<p style=\"text-align:justify\">Confraria Amigos de JK &#8211; Serestas<\/p>\n<p style=\"text-align:justify\">Local =\u00a0Casa Kubitschek<\/p>\n<p style=\"text-align:justify\">Hor\u00e1rio =\u00a017h \u00e0s 19h<\/p>\n<p style=\"text-align:justify\"><strong>8 de setembro<\/strong><\/p>\n<p style=\"text-align:justify\">Projeto M\u00fasica na Igreja da Pampulha =\u00a0Ricardo Mar\u00e7al no viol\u00e3o<\/p>\n<p style=\"text-align:justify\">Local =\u00a0Igreja S\u00e3o Francisco de Assis<\/p>\n<p style=\"text-align:justify\">Hor\u00e1rio =\u00a020h<\/p>\n<p style=\"text-align:justify\"><strong>9 de setembro<\/strong><\/p>\n<p style=\"text-align:justify\">Apresenta\u00e7\u00e3o do Grupo Mano a Mano<\/p>\n<p style=\"text-align:justify\">Local =\u00a0Casa Kubitschek<\/p>\n<p style=\"text-align:justify\">Hor\u00e1rio =\u00a017h<\/p>\n<p style=\"text-align:justify\"><strong>10 de setembro<\/strong><\/p>\n<p style=\"text-align:justify\">Feirinha de Hist\u00f3rias &#8211;\u00a0Controlando a origem das frutas brasileiras,\u00a0narrados por Jh\u00ea Delacroix com trilha sonora executada ao vivo por Eduardo Pinheiro.<\/p>\n<p style=\"text-align:justify\">Local =\u00a0Casa Kubitschek<\/p>\n<p style=\"text-align:justify\">Hor\u00e1rio =14h<\/p>\n<p style=\"text-align:justify\">Apresenta\u00e7\u00e3o do Espet\u00e1culo de Dan\u00e7a \u2013 Curtiu, d\u00e1 um like!<\/p>\n<p style=\"text-align:justify\">Local =\u00a0Casa Kubitschek<\/p>\n<p style=\"text-align:justify\">Hor\u00e1rio =\u00a016h<\/p>\n<p style=\"text-align:justify\"><strong>11 de setembro<\/strong><\/p>\n<p style=\"text-align:justify\">Apresenta\u00e7\u00e3o do FIC \u2013 Festival Internacional de Corais<\/p>\n<p style=\"text-align:justify\">Local =\u00a0Casa Kubitschek<\/p>\n<p style=\"text-align:justify\">Hor\u00e1rio =15h30<\/p>\n<p style=\"text-align:justify\"><strong>12 de setembro<\/strong><\/p>\n<p style=\"text-align:justify\">Solenidade de homenagem <em>Pampulha Patrim\u00f4nio<\/em><\/p>\n<p style=\"text-align:justify\">Local =\u00a0Museu de Arte da Pampulha &#8211; MAP<\/p>\n<p style=\"text-align:justify\">Hor\u00e1rio =\u00a017h<\/p>\n<p style=\"text-align:justify\"><strong>De 19 a 25 de setembro<\/strong><\/p>\n<p style=\"text-align:justify\">10<sup>a<\/sup> Primavera dos Museus (Temporada de atividades com o tema Museus, Mem\u00f3ria e Economia da Cultura, promovida pelo Instituto Brasileiro de Museus)<\/p>\n<p style=\"text-align:justify\">Local =\u00a0Todos os Museus de Belo Horizonte<\/p>\n<p style=\"text-align:justify\">Hor\u00e1rio =\u00a0Hor\u00e1rio de funcionamento dos Museus<\/p>\n<p style=\"text-align:justify\"><strong>22 de setembro<\/strong><\/p>\n<p style=\"text-align:justify\">Projeto M\u00fasica na Igreja da Pampulha Ant\u00f4nio Carlos Magalh\u00e3es no cravo<\/p>\n<p style=\"text-align:justify\">Local =\u00a0Igreja S\u00e3o Francisco de Assis<\/p>\n<p style=\"text-align:justify\">Hor\u00e1rio =\u00a020h<\/p>\n<p style=\"text-align:justify\"><strong>23 de setembro<\/strong><\/p>\n<p style=\"text-align:justify\">Noturno nos Museus &#8211;\u00a0museus abertos em uma noite de arte e cultura<\/p>\n<p style=\"text-align:justify\">Local =\u00a0Mais de 30 museus p\u00fablicos e privados em Belo Horizonte, entre eles, o Museu de Arte da Pampulha, a Casa do Baile e o Museu Casa Kubitschek.<\/p>\n<p style=\"text-align:justify\"><strong>26 de setembro<\/strong><\/p>\n<p style=\"text-align:justify\">Inaugura\u00e7\u00e3o dos monumentos em homenagem \u00e0 Juscelino Kubitschek, Oscar Niemeyer, Burle Marx e Candido Portinari.<\/p>\n<p style=\"text-align:justify\">Apresenta\u00e7\u00e3o da Banda da Guarda Municipal de Belo Horizonte.<\/p>\n<p style=\"text-align:justify\">Local =\u00a0P\u00eder da Lagoa, localizado em frente \u00e0 Casa Kubitschek.<\/p>\n<p style=\"text-align:justify\">Hor\u00e1rio =\u00a011h<\/p>\n<p style=\"text-align:justify\"><strong>Observa\u00e7\u00e3o = Programa\u00e7\u00e3o sujeita a altera\u00e7\u00f5es.<\/strong><\/p>\n<p><\/span><\/p>\n","protected":false},"excerpt":{"rendered":"<p>Confira a variada programa\u00e7\u00e3o, fa\u00e7a a sua agenda, chame os amigos e celebre tendo como cen\u00e1rio, este Patrim\u00f4nio Cultural da Humanidade<\/p>\n","protected":false},"author":1,"featured_media":0,"comment_status":"open","ping_status":"open","sticky":false,"template":"","format":"standard","meta":{"footnotes":""},"categories":[],"tags":[],"class_list":["post-4191","post","type-post","status-publish","format-standard","hentry"],"yoast_head":"<!-- This site is optimized with the Yoast SEO plugin v26.2 - https:\/\/yoast.com\/wordpress\/plugins\/seo\/ -->\n<title>A PAMPULHA EST\u00c1 EM FESTA DURANTE TODO O M\u00caS DE SETEMBRO - Travel3<\/title>\n<meta name=\"description\" content=\"A TRAVEL3 \u00e9 um portal de conte\u00fado voltado para o turismo, encontre destinos, viagens, hospedagem, passagens, guias, not\u00edcias sobre o mercado do turismo, dicas de viagem, v\u00eddeos e podcast.\" \/>\n<meta name=\"robots\" content=\"index, follow, max-snippet:-1, max-image-preview:large, max-video-preview:-1\" \/>\n<link rel=\"canonical\" href=\"https:\/\/www.travel3.com.br\/site\/sem-categoria\/a-pampulha-esta-em-festa-durante-todo-o-mes-de-setembro\/\" \/>\n<meta property=\"og:locale\" content=\"pt_BR\" \/>\n<meta property=\"og:type\" content=\"article\" \/>\n<meta property=\"og:title\" content=\"A PAMPULHA EST\u00c1 EM FESTA DURANTE TODO O M\u00caS DE SETEMBRO - Travel3\" \/>\n<meta property=\"og:description\" content=\"A TRAVEL3 \u00e9 um portal de conte\u00fado voltado para o turismo, encontre destinos, viagens, hospedagem, passagens, guias, not\u00edcias sobre o mercado do turismo, dicas de viagem, v\u00eddeos e podcast.\" \/>\n<meta property=\"og:url\" content=\"https:\/\/www.travel3.com.br\/site\/sem-categoria\/a-pampulha-esta-em-festa-durante-todo-o-mes-de-setembro\/\" \/>\n<meta property=\"og:site_name\" content=\"Travel3\" \/>\n<meta property=\"article:publisher\" content=\"https:\/\/www.facebook.com\/travel3media\/\" \/>\n<meta property=\"article:published_time\" content=\"2017-09-11T05:08:04+00:00\" \/>\n<meta name=\"author\" content=\"admin\" \/>\n<meta name=\"twitter:card\" content=\"summary_large_image\" \/>\n<meta name=\"twitter:label1\" content=\"Escrito por\" \/>\n\t<meta name=\"twitter:data1\" content=\"admin\" \/>\n\t<meta name=\"twitter:label2\" content=\"Est. tempo de leitura\" \/>\n\t<meta name=\"twitter:data2\" content=\"3 minutos\" \/>\n<script type=\"application\/ld+json\" class=\"yoast-schema-graph\">{\"@context\":\"https:\/\/schema.org\",\"@graph\":[{\"@type\":\"Article\",\"@id\":\"https:\/\/www.travel3.com.br\/site\/sem-categoria\/a-pampulha-esta-em-festa-durante-todo-o-mes-de-setembro\/#article\",\"isPartOf\":{\"@id\":\"https:\/\/www.travel3.com.br\/site\/sem-categoria\/a-pampulha-esta-em-festa-durante-todo-o-mes-de-setembro\/\"},\"author\":{\"name\":\"admin\",\"@id\":\"https:\/\/www.travel3.com.br\/site\/#\/schema\/person\/a69d71e41a024999b6ab82369ac0bd1e\"},\"headline\":\"A PAMPULHA EST\u00c1 EM FESTA DURANTE TODO O M\u00caS DE SETEMBRO\",\"datePublished\":\"2017-09-11T05:08:04+00:00\",\"mainEntityOfPage\":{\"@id\":\"https:\/\/www.travel3.com.br\/site\/sem-categoria\/a-pampulha-esta-em-festa-durante-todo-o-mes-de-setembro\/\"},\"wordCount\":551,\"commentCount\":0,\"publisher\":{\"@id\":\"https:\/\/www.travel3.com.br\/site\/#organization\"},\"inLanguage\":\"pt-BR\",\"potentialAction\":[{\"@type\":\"CommentAction\",\"name\":\"Comment\",\"target\":[\"https:\/\/www.travel3.com.br\/site\/sem-categoria\/a-pampulha-esta-em-festa-durante-todo-o-mes-de-setembro\/#respond\"]}]},{\"@type\":\"WebPage\",\"@id\":\"https:\/\/www.travel3.com.br\/site\/sem-categoria\/a-pampulha-esta-em-festa-durante-todo-o-mes-de-setembro\/\",\"url\":\"https:\/\/www.travel3.com.br\/site\/sem-categoria\/a-pampulha-esta-em-festa-durante-todo-o-mes-de-setembro\/\",\"name\":\"A PAMPULHA EST\u00c1 EM FESTA DURANTE TODO O M\u00caS DE SETEMBRO - Travel3\",\"isPartOf\":{\"@id\":\"https:\/\/www.travel3.com.br\/site\/#website\"},\"datePublished\":\"2017-09-11T05:08:04+00:00\",\"description\":\"A TRAVEL3 \u00e9 um portal de conte\u00fado voltado para o turismo, encontre destinos, viagens, hospedagem, passagens, guias, not\u00edcias sobre o mercado do turismo, dicas de viagem, v\u00eddeos e podcast.\",\"breadcrumb\":{\"@id\":\"https:\/\/www.travel3.com.br\/site\/sem-categoria\/a-pampulha-esta-em-festa-durante-todo-o-mes-de-setembro\/#breadcrumb\"},\"inLanguage\":\"pt-BR\",\"potentialAction\":[{\"@type\":\"ReadAction\",\"target\":[\"https:\/\/www.travel3.com.br\/site\/sem-categoria\/a-pampulha-esta-em-festa-durante-todo-o-mes-de-setembro\/\"]}]},{\"@type\":\"BreadcrumbList\",\"@id\":\"https:\/\/www.travel3.com.br\/site\/sem-categoria\/a-pampulha-esta-em-festa-durante-todo-o-mes-de-setembro\/#breadcrumb\",\"itemListElement\":[{\"@type\":\"ListItem\",\"position\":1,\"name\":\"In\u00edcio\",\"item\":\"https:\/\/www.travel3.com.br\/site\/\"},{\"@type\":\"ListItem\",\"position\":2,\"name\":\"A PAMPULHA EST\u00c1 EM FESTA DURANTE TODO O M\u00caS DE SETEMBRO\"}]},{\"@type\":\"WebSite\",\"@id\":\"https:\/\/www.travel3.com.br\/site\/#website\",\"url\":\"https:\/\/www.travel3.com.br\/site\/\",\"name\":\"Travel3\",\"description\":\"Lazer + Neg&oacute;cios + Aventura\",\"publisher\":{\"@id\":\"https:\/\/www.travel3.com.br\/site\/#organization\"},\"potentialAction\":[{\"@type\":\"SearchAction\",\"target\":{\"@type\":\"EntryPoint\",\"urlTemplate\":\"https:\/\/www.travel3.com.br\/site\/?s={search_term_string}\"},\"query-input\":{\"@type\":\"PropertyValueSpecification\",\"valueRequired\":true,\"valueName\":\"search_term_string\"}}],\"inLanguage\":\"pt-BR\"},{\"@type\":\"Organization\",\"@id\":\"https:\/\/www.travel3.com.br\/site\/#organization\",\"name\":\"Travel3\",\"url\":\"https:\/\/www.travel3.com.br\/site\/\",\"logo\":{\"@type\":\"ImageObject\",\"inLanguage\":\"pt-BR\",\"@id\":\"https:\/\/www.travel3.com.br\/site\/#\/schema\/logo\/image\/\",\"url\":\"https:\/\/www.travel3.com.br\/site\/wp-content\/uploads\/2020\/01\/logo-travel3-2020.png\",\"contentUrl\":\"https:\/\/www.travel3.com.br\/site\/wp-content\/uploads\/2020\/01\/logo-travel3-2020.png\",\"width\":232,\"height\":79,\"caption\":\"Travel3\"},\"image\":{\"@id\":\"https:\/\/www.travel3.com.br\/site\/#\/schema\/logo\/image\/\"},\"sameAs\":[\"https:\/\/www.facebook.com\/travel3media\/\",\"https:\/\/www.instagram.com\/revistatravel3\/\",\"https:\/\/www.youtube.com\/channel\/UCno7J4paGBR3VbZQzvoJ9Eg\"]},{\"@type\":\"Person\",\"@id\":\"https:\/\/www.travel3.com.br\/site\/#\/schema\/person\/a69d71e41a024999b6ab82369ac0bd1e\",\"name\":\"admin\",\"image\":{\"@type\":\"ImageObject\",\"inLanguage\":\"pt-BR\",\"@id\":\"https:\/\/www.travel3.com.br\/site\/#\/schema\/person\/image\/\",\"url\":\"https:\/\/secure.gravatar.com\/avatar\/732a67adfd764da2a47ba10ce731c4c0?s=96&d=mm&r=g\",\"contentUrl\":\"https:\/\/secure.gravatar.com\/avatar\/732a67adfd764da2a47ba10ce731c4c0?s=96&d=mm&r=g\",\"caption\":\"admin\"},\"url\":\"https:\/\/www.travel3.com.br\/site\/author\/admin\/\"}]}<\/script>\n<!-- \/ Yoast SEO plugin. -->","yoast_head_json":{"title":"A PAMPULHA EST\u00c1 EM FESTA DURANTE TODO O M\u00caS DE SETEMBRO - Travel3","description":"A TRAVEL3 \u00e9 um portal de conte\u00fado voltado para o turismo, encontre destinos, viagens, hospedagem, passagens, guias, not\u00edcias sobre o mercado do turismo, dicas de viagem, v\u00eddeos e podcast.","robots":{"index":"index","follow":"follow","max-snippet":"max-snippet:-1","max-image-preview":"max-image-preview:large","max-video-preview":"max-video-preview:-1"},"canonical":"https:\/\/www.travel3.com.br\/site\/sem-categoria\/a-pampulha-esta-em-festa-durante-todo-o-mes-de-setembro\/","og_locale":"pt_BR","og_type":"article","og_title":"A PAMPULHA EST\u00c1 EM FESTA DURANTE TODO O M\u00caS DE SETEMBRO - Travel3","og_description":"A TRAVEL3 \u00e9 um portal de conte\u00fado voltado para o turismo, encontre destinos, viagens, hospedagem, passagens, guias, not\u00edcias sobre o mercado do turismo, dicas de viagem, v\u00eddeos e podcast.","og_url":"https:\/\/www.travel3.com.br\/site\/sem-categoria\/a-pampulha-esta-em-festa-durante-todo-o-mes-de-setembro\/","og_site_name":"Travel3","article_publisher":"https:\/\/www.facebook.com\/travel3media\/","article_published_time":"2017-09-11T05:08:04+00:00","author":"admin","twitter_card":"summary_large_image","twitter_misc":{"Escrito por":"admin","Est. tempo de leitura":"3 minutos"},"schema":{"@context":"https:\/\/schema.org","@graph":[{"@type":"Article","@id":"https:\/\/www.travel3.com.br\/site\/sem-categoria\/a-pampulha-esta-em-festa-durante-todo-o-mes-de-setembro\/#article","isPartOf":{"@id":"https:\/\/www.travel3.com.br\/site\/sem-categoria\/a-pampulha-esta-em-festa-durante-todo-o-mes-de-setembro\/"},"author":{"name":"admin","@id":"https:\/\/www.travel3.com.br\/site\/#\/schema\/person\/a69d71e41a024999b6ab82369ac0bd1e"},"headline":"A PAMPULHA EST\u00c1 EM FESTA DURANTE TODO O M\u00caS DE SETEMBRO","datePublished":"2017-09-11T05:08:04+00:00","mainEntityOfPage":{"@id":"https:\/\/www.travel3.com.br\/site\/sem-categoria\/a-pampulha-esta-em-festa-durante-todo-o-mes-de-setembro\/"},"wordCount":551,"commentCount":0,"publisher":{"@id":"https:\/\/www.travel3.com.br\/site\/#organization"},"inLanguage":"pt-BR","potentialAction":[{"@type":"CommentAction","name":"Comment","target":["https:\/\/www.travel3.com.br\/site\/sem-categoria\/a-pampulha-esta-em-festa-durante-todo-o-mes-de-setembro\/#respond"]}]},{"@type":"WebPage","@id":"https:\/\/www.travel3.com.br\/site\/sem-categoria\/a-pampulha-esta-em-festa-durante-todo-o-mes-de-setembro\/","url":"https:\/\/www.travel3.com.br\/site\/sem-categoria\/a-pampulha-esta-em-festa-durante-todo-o-mes-de-setembro\/","name":"A PAMPULHA EST\u00c1 EM FESTA DURANTE TODO O M\u00caS DE SETEMBRO - Travel3","isPartOf":{"@id":"https:\/\/www.travel3.com.br\/site\/#website"},"datePublished":"2017-09-11T05:08:04+00:00","description":"A TRAVEL3 \u00e9 um portal de conte\u00fado voltado para o turismo, encontre destinos, viagens, hospedagem, passagens, guias, not\u00edcias sobre o mercado do turismo, dicas de viagem, v\u00eddeos e podcast.","breadcrumb":{"@id":"https:\/\/www.travel3.com.br\/site\/sem-categoria\/a-pampulha-esta-em-festa-durante-todo-o-mes-de-setembro\/#breadcrumb"},"inLanguage":"pt-BR","potentialAction":[{"@type":"ReadAction","target":["https:\/\/www.travel3.com.br\/site\/sem-categoria\/a-pampulha-esta-em-festa-durante-todo-o-mes-de-setembro\/"]}]},{"@type":"BreadcrumbList","@id":"https:\/\/www.travel3.com.br\/site\/sem-categoria\/a-pampulha-esta-em-festa-durante-todo-o-mes-de-setembro\/#breadcrumb","itemListElement":[{"@type":"ListItem","position":1,"name":"In\u00edcio","item":"https:\/\/www.travel3.com.br\/site\/"},{"@type":"ListItem","position":2,"name":"A PAMPULHA EST\u00c1 EM FESTA DURANTE TODO O M\u00caS DE SETEMBRO"}]},{"@type":"WebSite","@id":"https:\/\/www.travel3.com.br\/site\/#website","url":"https:\/\/www.travel3.com.br\/site\/","name":"Travel3","description":"Lazer + Neg&oacute;cios + Aventura","publisher":{"@id":"https:\/\/www.travel3.com.br\/site\/#organization"},"potentialAction":[{"@type":"SearchAction","target":{"@type":"EntryPoint","urlTemplate":"https:\/\/www.travel3.com.br\/site\/?s={search_term_string}"},"query-input":{"@type":"PropertyValueSpecification","valueRequired":true,"valueName":"search_term_string"}}],"inLanguage":"pt-BR"},{"@type":"Organization","@id":"https:\/\/www.travel3.com.br\/site\/#organization","name":"Travel3","url":"https:\/\/www.travel3.com.br\/site\/","logo":{"@type":"ImageObject","inLanguage":"pt-BR","@id":"https:\/\/www.travel3.com.br\/site\/#\/schema\/logo\/image\/","url":"https:\/\/www.travel3.com.br\/site\/wp-content\/uploads\/2020\/01\/logo-travel3-2020.png","contentUrl":"https:\/\/www.travel3.com.br\/site\/wp-content\/uploads\/2020\/01\/logo-travel3-2020.png","width":232,"height":79,"caption":"Travel3"},"image":{"@id":"https:\/\/www.travel3.com.br\/site\/#\/schema\/logo\/image\/"},"sameAs":["https:\/\/www.facebook.com\/travel3media\/","https:\/\/www.instagram.com\/revistatravel3\/","https:\/\/www.youtube.com\/channel\/UCno7J4paGBR3VbZQzvoJ9Eg"]},{"@type":"Person","@id":"https:\/\/www.travel3.com.br\/site\/#\/schema\/person\/a69d71e41a024999b6ab82369ac0bd1e","name":"admin","image":{"@type":"ImageObject","inLanguage":"pt-BR","@id":"https:\/\/www.travel3.com.br\/site\/#\/schema\/person\/image\/","url":"https:\/\/secure.gravatar.com\/avatar\/732a67adfd764da2a47ba10ce731c4c0?s=96&d=mm&r=g","contentUrl":"https:\/\/secure.gravatar.com\/avatar\/732a67adfd764da2a47ba10ce731c4c0?s=96&d=mm&r=g","caption":"admin"},"url":"https:\/\/www.travel3.com.br\/site\/author\/admin\/"}]}},"_links":{"self":[{"href":"https:\/\/www.travel3.com.br\/site\/wp-json\/wp\/v2\/posts\/4191","targetHints":{"allow":["GET"]}}],"collection":[{"href":"https:\/\/www.travel3.com.br\/site\/wp-json\/wp\/v2\/posts"}],"about":[{"href":"https:\/\/www.travel3.com.br\/site\/wp-json\/wp\/v2\/types\/post"}],"author":[{"embeddable":true,"href":"https:\/\/www.travel3.com.br\/site\/wp-json\/wp\/v2\/users\/1"}],"replies":[{"embeddable":true,"href":"https:\/\/www.travel3.com.br\/site\/wp-json\/wp\/v2\/comments?post=4191"}],"version-history":[{"count":0,"href":"https:\/\/www.travel3.com.br\/site\/wp-json\/wp\/v2\/posts\/4191\/revisions"}],"wp:attachment":[{"href":"https:\/\/www.travel3.com.br\/site\/wp-json\/wp\/v2\/media?parent=4191"}],"wp:term":[{"taxonomy":"category","embeddable":true,"href":"https:\/\/www.travel3.com.br\/site\/wp-json\/wp\/v2\/categories?post=4191"},{"taxonomy":"post_tag","embeddable":true,"href":"https:\/\/www.travel3.com.br\/site\/wp-json\/wp\/v2\/tags?post=4191"}],"curies":[{"name":"wp","href":"https:\/\/api.w.org\/{rel}","templated":true}]}}