{"id":41508,"date":"2021-07-05T12:27:13","date_gmt":"2021-07-05T15:27:13","guid":{"rendered":"https:\/\/www.travel3.com.br\/?p=41508"},"modified":"2021-07-05T12:29:30","modified_gmt":"2021-07-05T15:29:30","slug":"four-seasons-prepara-experiencias-de-verao-em-genebra","status":"publish","type":"post","link":"https:\/\/www.travel3.com.br\/site\/destaque\/four-seasons-prepara-experiencias-de-verao-em-genebra\/","title":{"rendered":"Four Seasons prepara experi\u00eancias de ver\u00e3o em Genebra"},"content":{"rendered":"\n<h3 class=\"wp-block-heading\" style=\"text-align:center\">Aberto a brasileiros, ic\u00f4nico hotel tem atra\u00e7\u00f5es como passeio de barco e rooftop badalado<\/h3>\n\n\n\n<p>A Sui\u00e7a \u00e9 o 1\u00ba destino europeu reaberto a turistas Brasileiros. E em plena retomada das viagens, o Four Seasons Hotel des Bergues, em Genebra, acaba de apresentar a programa\u00e7\u00e3o de experi\u00eancias para o ver\u00e3o. No cora\u00e7\u00e3o da cidade, \u00e0 beira do rio L\u00e9man, o hotel oferece atrativos como passeio de barco e rooftop badalado &#8211; e muitas experi\u00eancias tanto para h\u00f3spedes como para n\u00e3o h\u00f3spedes.<\/p>\n\n\n\n<p>Instalado em uma opulenta constru\u00e7\u00e3o neocl\u00e1ssica de 1834, o hotel mistura elementos hist\u00f3ricos com servi\u00e7o do padr\u00e3o Four Seasons. Entre seus atrativos, a propriedade \u00e9 casa para o restaurante italiano Il Lago, com uma estrela no Guia Michelin; e tamb\u00e9m para o Bar des Bergues, com coquet\u00e9is premiados, e o japon\u00eas Izumi, que ocupa o badalado rooftop do hotel. Do alto, o lago e os Alpes est\u00e3o sempre no campo de vis\u00e3o &#8211; e podem ser observados atrav\u00e9s das janelas do luxuoso Spa Mont Blanc, no topo do pr\u00e9dio.<\/p>\n\n\n\n<p style=\"text-align:center\"><strong><a href=\"https:\/\/www.booking.com\/hotel\/ch\/four-seasons-geneva.en.html?aid=1921604&amp;no_rooms=1&amp;group_adults=2\" target=\"_blank\" rel=\"noreferrer noopener\" aria-label=\" (opens in a new tab)\">Conhe\u00e7a o Four Seasons Hotel des Bergues em Booking.com <\/a><\/strong><\/p>\n\n\n\n<div class=\"wp-block-image\"><figure class=\"aligncenter\"><img loading=\"lazy\" decoding=\"async\" width=\"1024\" height=\"682\" src=\"https:\/\/www.travel3.com.br\/site\/wp-content\/uploads\/2021\/07\/02Izumi_Terrace_Day_B_Easy-Resize.com_-1024x682.jpg\" alt=\"Four Seasons Ver\u00e3o\" class=\"wp-image-41512\" srcset=\"https:\/\/www.travel3.com.br\/site\/wp-content\/uploads\/2021\/07\/02Izumi_Terrace_Day_B_Easy-Resize.com_-1024x682.jpg 1024w, https:\/\/www.travel3.com.br\/site\/wp-content\/uploads\/2021\/07\/02Izumi_Terrace_Day_B_Easy-Resize.com_-300x200.jpg 300w, https:\/\/www.travel3.com.br\/site\/wp-content\/uploads\/2021\/07\/02Izumi_Terrace_Day_B_Easy-Resize.com_-768x512.jpg 768w, https:\/\/www.travel3.com.br\/site\/wp-content\/uploads\/2021\/07\/02Izumi_Terrace_Day_B_Easy-Resize.com_-750x500.jpg 750w, https:\/\/www.travel3.com.br\/site\/wp-content\/uploads\/2021\/07\/02Izumi_Terrace_Day_B_Easy-Resize.com_-1140x760.jpg 1140w, https:\/\/www.travel3.com.br\/site\/wp-content\/uploads\/2021\/07\/02Izumi_Terrace_Day_B_Easy-Resize.com_.jpg 1280w\" sizes=\"auto, (max-width: 1024px) 100vw, 1024px\" \/><figcaption>Vista para o lago \u00e9 um dos destaques do hotel (Foto: Divulga\u00e7\u00e3o)<\/figcaption><\/figure><\/div>\n\n\n\n<h2 class=\"wp-block-heading\">Four Seasons Hotel des Bergues pronto para o ver\u00e3o europeu<\/h2>\n\n\n\n<p>Ber\u00e7o da relojoaria su\u00ed\u00e7a e casa de alguns dos melhores fabricantes de chocolates do pa\u00eds, Genebra tamb\u00e9m esbanja multiculturalismo &#8211; que pode ser experimentado em teatros + \u00f3peras + museus + lojas + caf\u00e9s + restaurantes requintados. As experi\u00eancias de ver\u00e3o preparadas pelo Four Seasons Hotel des Bergues captam a ess\u00eancia da cidade, e recebem os turistas com variedade + exclusividade. Confira =<\/p>\n\n\n\n<h4 class=\"wp-block-heading\"><strong>Street food na ilha Rousseau<\/strong><\/h4>\n\n\n\n<p>Nessa pequena ilha entre o rio Rh\u00f4ne e o lago L\u00e9man, em frente ao hotel, o chef do Four Seasons, Mitsuru Tsukada, apresenta quitutes de street food japonesa no quiosque sazonal Shima.<\/p>\n\n\n\n<div class=\"wp-block-image\"><figure class=\"aligncenter\"><img loading=\"lazy\" decoding=\"async\" width=\"1024\" height=\"682\" src=\"https:\/\/www.travel3.com.br\/site\/wp-content\/uploads\/2021\/07\/04-FPO_GEN_216_Easy-Resize.com_-1024x682.jpg\" alt=\"Hotel des Bergues\" class=\"wp-image-41510\" srcset=\"https:\/\/www.travel3.com.br\/site\/wp-content\/uploads\/2021\/07\/04-FPO_GEN_216_Easy-Resize.com_-1024x682.jpg 1024w, https:\/\/www.travel3.com.br\/site\/wp-content\/uploads\/2021\/07\/04-FPO_GEN_216_Easy-Resize.com_-300x200.jpg 300w, https:\/\/www.travel3.com.br\/site\/wp-content\/uploads\/2021\/07\/04-FPO_GEN_216_Easy-Resize.com_-768x512.jpg 768w, https:\/\/www.travel3.com.br\/site\/wp-content\/uploads\/2021\/07\/04-FPO_GEN_216_Easy-Resize.com_-750x500.jpg 750w, https:\/\/www.travel3.com.br\/site\/wp-content\/uploads\/2021\/07\/04-FPO_GEN_216_Easy-Resize.com_-1140x760.jpg 1140w, https:\/\/www.travel3.com.br\/site\/wp-content\/uploads\/2021\/07\/04-FPO_GEN_216_Easy-Resize.com_.jpg 1280w\" sizes=\"auto, (max-width: 1024px) 100vw, 1024px\" \/><figcaption>Foto: Divulga\u00e7\u00e3o<\/figcaption><\/figure><\/div>\n\n\n\n<h4 class=\"wp-block-heading\"><strong>Passeio de barco no Lago L\u00e9man<\/strong><\/h4>\n\n\n\n<p>O Four Seasons Hotel des Bergues leva para navegar nas \u00e1guas azuladas do lago em um elegante barco a motor. Al\u00e9m de aproveitar a brisa com champanhe e petiscos, h\u00f3spedes podem escolher entre praticar <em>wakeboard<\/em> e esqui aqu\u00e1tico, dar um mergulho refrescante ou at\u00e9 pescar um peixe que posteriormente pode ser preparado para o jantar pelo chef do restaurante Il Lago.<\/p>\n\n\n\n<h4 class=\"wp-block-heading\"><strong>Rooftop do restaurante Izumi<\/strong><\/h4>\n\n\n\n<p>Especialmente concorrido durante o ver\u00e3o, o rooftop do hotel tem vista para o lago, para os barquinhos que passam e para a arquitetura c\u00eanica de Genebra. O Izumi, do chef Mitsuru Tsukada, traz uma sele\u00e7\u00e3o de pratos da cozinha Nikkei com toques criativos do chef, a exemplo do guioza de wagyu e a lagosta com foie gras e molho teriyaki trufado. Al\u00e9m disso, os drinques servidos ali s\u00e3o da bartender Sophie Larrouture &#8211; que j\u00e1 foi eleita a melhor da Su\u00ed\u00e7a.<\/p>\n\n\n\n<div class=\"wp-block-image\"><figure class=\"aligncenter\"><img loading=\"lazy\" decoding=\"async\" width=\"1024\" height=\"901\" src=\"https:\/\/www.travel3.com.br\/site\/wp-content\/uploads\/2021\/07\/GEN_227_Easy-Resize.com_-1024x901.jpg\" alt=\"Hotel des Bergues Spa\" class=\"wp-image-41511\" srcset=\"https:\/\/www.travel3.com.br\/site\/wp-content\/uploads\/2021\/07\/GEN_227_Easy-Resize.com_-1024x901.jpg 1024w, https:\/\/www.travel3.com.br\/site\/wp-content\/uploads\/2021\/07\/GEN_227_Easy-Resize.com_-300x264.jpg 300w, https:\/\/www.travel3.com.br\/site\/wp-content\/uploads\/2021\/07\/GEN_227_Easy-Resize.com_-768x676.jpg 768w, https:\/\/www.travel3.com.br\/site\/wp-content\/uploads\/2021\/07\/GEN_227_Easy-Resize.com_-750x660.jpg 750w, https:\/\/www.travel3.com.br\/site\/wp-content\/uploads\/2021\/07\/GEN_227_Easy-Resize.com_-1140x1003.jpg 1140w, https:\/\/www.travel3.com.br\/site\/wp-content\/uploads\/2021\/07\/GEN_227_Easy-Resize.com_.jpg 1280w\" sizes=\"auto, (max-width: 1024px) 100vw, 1024px\" \/><figcaption>Spa oferece tratamentos revigorantes com vista impec\u00e1vel (Foto: Divulga\u00e7\u00e3o)<\/figcaption><\/figure><\/div>\n\n\n\n<h4 class=\"wp-block-heading\"><strong>Tratamentos especiais no spa<\/strong><\/h4>\n\n\n\n<p>Para o ver\u00e3o, o spa do Four Seasons recebe uma experi\u00eancia especialmente relaxante, inspirada no Mont Blanc. Oferecido em parceria com a marca su\u00ed\u00e7a de cosm\u00e9ticos Dr Burgener, o procedimento \u00e9 iniciado por um tratamento facial de 50 minutos, com o creme Elixir and Signature Cream of Spa Mont Blanc, customizado para o hotel e elaborado com flores raras dos Alpes &#8211; que garantem alto poder regenerador e antioxidante. Depois, h\u00e1 uma massagem de 30 minutos com cristais tamb\u00e9m dos Alpes. E para arrematar, um banho na piscina aquecida com vista inspiradora para o lago e as montanhas ao redor.<\/p>\n","protected":false},"excerpt":{"rendered":"<p>Aberto a brasileiros, ic\u00f4nico hotel tem atra\u00e7\u00f5es como passeio de barco e rooftop badalado A Sui\u00e7a \u00e9 o 1\u00ba destino europeu reaberto a turistas Brasileiros. E em plena retomada das viagens, o Four Seasons Hotel des Bergues, em Genebra, acaba de apresentar a programa\u00e7\u00e3o de experi\u00eancias para o ver\u00e3o. No cora\u00e7\u00e3o da cidade, \u00e0 beira [&hellip;]<\/p>\n","protected":false},"author":6,"featured_media":41513,"comment_status":"open","ping_status":"open","sticky":false,"template":"","format":"standard","meta":{"footnotes":""},"categories":[884,226],"tags":[1990,239,1458,4542,4543,4117,3671],"class_list":["post-41508","post","type-post","status-publish","format-standard","has-post-thumbnail","hentry","category-comece-a-viajar","category-destaque","tag-comece-a-viajar","tag-europa","tag-four-seasons","tag-four-seasons-hotel-des-bergues","tag-genebra","tag-retomada-do-turismo","tag-suica"],"yoast_head":"<!-- This site is optimized with the Yoast SEO plugin v26.2 - https:\/\/yoast.com\/wordpress\/plugins\/seo\/ -->\n<title>Four Seasons prepara experi\u00eancias de ver\u00e3o em Genebra - Travel3<\/title>\n<meta name=\"description\" content=\"Four Seasons prepara experi\u00eancias de ver\u00e3o em Genebra; aberto a brasileiros, ic\u00f4nico hotel tem atra\u00e7\u00f5es como passeio de barco e rooftop badalado\" \/>\n<meta name=\"robots\" content=\"index, follow, max-snippet:-1, max-image-preview:large, max-video-preview:-1\" \/>\n<link rel=\"canonical\" href=\"https:\/\/www.travel3.com.br\/site\/destaque\/four-seasons-prepara-experiencias-de-verao-em-genebra\/\" \/>\n<meta property=\"og:locale\" content=\"pt_BR\" \/>\n<meta property=\"og:type\" content=\"article\" \/>\n<meta property=\"og:title\" content=\"Four Seasons prepara experi\u00eancias de ver\u00e3o em Genebra - Travel3\" \/>\n<meta property=\"og:description\" content=\"Four Seasons prepara experi\u00eancias de ver\u00e3o em Genebra; aberto a brasileiros, ic\u00f4nico hotel tem atra\u00e7\u00f5es como passeio de barco e rooftop badalado\" \/>\n<meta property=\"og:url\" content=\"https:\/\/www.travel3.com.br\/site\/destaque\/four-seasons-prepara-experiencias-de-verao-em-genebra\/\" \/>\n<meta property=\"og:site_name\" content=\"Travel3\" \/>\n<meta property=\"article:publisher\" content=\"https:\/\/www.facebook.com\/travel3media\/\" \/>\n<meta property=\"article:published_time\" content=\"2021-07-05T15:27:13+00:00\" \/>\n<meta property=\"article:modified_time\" content=\"2021-07-05T15:29:30+00:00\" \/>\n<meta property=\"og:image\" content=\"https:\/\/www.travel3.com.br\/site\/wp-content\/uploads\/2021\/07\/GEN_279_Easy-Resize.com_.jpg\" \/>\n\t<meta property=\"og:image:width\" content=\"1280\" \/>\n\t<meta property=\"og:image:height\" content=\"861\" \/>\n\t<meta property=\"og:image:type\" content=\"image\/jpeg\" \/>\n<meta name=\"author\" content=\"Reda\u00e7\u00e3o Travel3\" \/>\n<meta name=\"twitter:card\" content=\"summary_large_image\" \/>\n<meta name=\"twitter:label1\" content=\"Escrito por\" \/>\n\t<meta name=\"twitter:data1\" content=\"Reda\u00e7\u00e3o Travel3\" \/>\n\t<meta name=\"twitter:label2\" content=\"Est. tempo de leitura\" \/>\n\t<meta name=\"twitter:data2\" content=\"3 minutos\" \/>\n<script type=\"application\/ld+json\" class=\"yoast-schema-graph\">{\"@context\":\"https:\/\/schema.org\",\"@graph\":[{\"@type\":\"Article\",\"@id\":\"https:\/\/www.travel3.com.br\/site\/destaque\/four-seasons-prepara-experiencias-de-verao-em-genebra\/#article\",\"isPartOf\":{\"@id\":\"https:\/\/www.travel3.com.br\/site\/destaque\/four-seasons-prepara-experiencias-de-verao-em-genebra\/\"},\"author\":{\"name\":\"Reda\u00e7\u00e3o Travel3\",\"@id\":\"https:\/\/www.travel3.com.br\/site\/#\/schema\/person\/9cff8daac0a2f1aa0799f827b8aa8308\"},\"headline\":\"Four Seasons prepara experi\u00eancias de ver\u00e3o em Genebra\",\"datePublished\":\"2021-07-05T15:27:13+00:00\",\"dateModified\":\"2021-07-05T15:29:30+00:00\",\"mainEntityOfPage\":{\"@id\":\"https:\/\/www.travel3.com.br\/site\/destaque\/four-seasons-prepara-experiencias-de-verao-em-genebra\/\"},\"wordCount\":617,\"commentCount\":0,\"publisher\":{\"@id\":\"https:\/\/www.travel3.com.br\/site\/#organization\"},\"image\":{\"@id\":\"https:\/\/www.travel3.com.br\/site\/destaque\/four-seasons-prepara-experiencias-de-verao-em-genebra\/#primaryimage\"},\"thumbnailUrl\":\"https:\/\/www.travel3.com.br\/site\/wp-content\/uploads\/2021\/07\/GEN_279_Easy-Resize.com_.jpg\",\"keywords\":[\"comece a viajar\",\"Europa\",\"Four Seasons\",\"Four Seasons Hotel des Bergues\",\"Genebra\",\"Retomada do Turismo\",\"Su\u00ed\u00e7a\"],\"articleSection\":[\"Comece a Viajar\",\"Destaque\"],\"inLanguage\":\"pt-BR\",\"potentialAction\":[{\"@type\":\"CommentAction\",\"name\":\"Comment\",\"target\":[\"https:\/\/www.travel3.com.br\/site\/destaque\/four-seasons-prepara-experiencias-de-verao-em-genebra\/#respond\"]}]},{\"@type\":\"WebPage\",\"@id\":\"https:\/\/www.travel3.com.br\/site\/destaque\/four-seasons-prepara-experiencias-de-verao-em-genebra\/\",\"url\":\"https:\/\/www.travel3.com.br\/site\/destaque\/four-seasons-prepara-experiencias-de-verao-em-genebra\/\",\"name\":\"Four Seasons prepara experi\u00eancias de ver\u00e3o em Genebra - Travel3\",\"isPartOf\":{\"@id\":\"https:\/\/www.travel3.com.br\/site\/#website\"},\"primaryImageOfPage\":{\"@id\":\"https:\/\/www.travel3.com.br\/site\/destaque\/four-seasons-prepara-experiencias-de-verao-em-genebra\/#primaryimage\"},\"image\":{\"@id\":\"https:\/\/www.travel3.com.br\/site\/destaque\/four-seasons-prepara-experiencias-de-verao-em-genebra\/#primaryimage\"},\"thumbnailUrl\":\"https:\/\/www.travel3.com.br\/site\/wp-content\/uploads\/2021\/07\/GEN_279_Easy-Resize.com_.jpg\",\"datePublished\":\"2021-07-05T15:27:13+00:00\",\"dateModified\":\"2021-07-05T15:29:30+00:00\",\"description\":\"Four Seasons prepara experi\u00eancias de ver\u00e3o em Genebra; aberto a brasileiros, ic\u00f4nico hotel tem atra\u00e7\u00f5es como passeio de barco e rooftop badalado\",\"breadcrumb\":{\"@id\":\"https:\/\/www.travel3.com.br\/site\/destaque\/four-seasons-prepara-experiencias-de-verao-em-genebra\/#breadcrumb\"},\"inLanguage\":\"pt-BR\",\"potentialAction\":[{\"@type\":\"ReadAction\",\"target\":[\"https:\/\/www.travel3.com.br\/site\/destaque\/four-seasons-prepara-experiencias-de-verao-em-genebra\/\"]}]},{\"@type\":\"ImageObject\",\"inLanguage\":\"pt-BR\",\"@id\":\"https:\/\/www.travel3.com.br\/site\/destaque\/four-seasons-prepara-experiencias-de-verao-em-genebra\/#primaryimage\",\"url\":\"https:\/\/www.travel3.com.br\/site\/wp-content\/uploads\/2021\/07\/GEN_279_Easy-Resize.com_.jpg\",\"contentUrl\":\"https:\/\/www.travel3.com.br\/site\/wp-content\/uploads\/2021\/07\/GEN_279_Easy-Resize.com_.jpg\",\"width\":1280,\"height\":861,\"caption\":\"Four Seasons Hotel des Bergues, \u00e0 beira do lago L\u00e9man (Foto: Divulga\u00e7\u00e3o)\"},{\"@type\":\"BreadcrumbList\",\"@id\":\"https:\/\/www.travel3.com.br\/site\/destaque\/four-seasons-prepara-experiencias-de-verao-em-genebra\/#breadcrumb\",\"itemListElement\":[{\"@type\":\"ListItem\",\"position\":1,\"name\":\"In\u00edcio\",\"item\":\"https:\/\/www.travel3.com.br\/site\/\"},{\"@type\":\"ListItem\",\"position\":2,\"name\":\"Four Seasons prepara experi\u00eancias de ver\u00e3o em Genebra\"}]},{\"@type\":\"WebSite\",\"@id\":\"https:\/\/www.travel3.com.br\/site\/#website\",\"url\":\"https:\/\/www.travel3.com.br\/site\/\",\"name\":\"Travel3\",\"description\":\"Lazer + Neg&oacute;cios + Aventura\",\"publisher\":{\"@id\":\"https:\/\/www.travel3.com.br\/site\/#organization\"},\"potentialAction\":[{\"@type\":\"SearchAction\",\"target\":{\"@type\":\"EntryPoint\",\"urlTemplate\":\"https:\/\/www.travel3.com.br\/site\/?s={search_term_string}\"},\"query-input\":{\"@type\":\"PropertyValueSpecification\",\"valueRequired\":true,\"valueName\":\"search_term_string\"}}],\"inLanguage\":\"pt-BR\"},{\"@type\":\"Organization\",\"@id\":\"https:\/\/www.travel3.com.br\/site\/#organization\",\"name\":\"Travel3\",\"url\":\"https:\/\/www.travel3.com.br\/site\/\",\"logo\":{\"@type\":\"ImageObject\",\"inLanguage\":\"pt-BR\",\"@id\":\"https:\/\/www.travel3.com.br\/site\/#\/schema\/logo\/image\/\",\"url\":\"https:\/\/www.travel3.com.br\/site\/wp-content\/uploads\/2020\/01\/logo-travel3-2020.png\",\"contentUrl\":\"https:\/\/www.travel3.com.br\/site\/wp-content\/uploads\/2020\/01\/logo-travel3-2020.png\",\"width\":232,\"height\":79,\"caption\":\"Travel3\"},\"image\":{\"@id\":\"https:\/\/www.travel3.com.br\/site\/#\/schema\/logo\/image\/\"},\"sameAs\":[\"https:\/\/www.facebook.com\/travel3media\/\",\"https:\/\/www.instagram.com\/revistatravel3\/\",\"https:\/\/www.youtube.com\/channel\/UCno7J4paGBR3VbZQzvoJ9Eg\"]},{\"@type\":\"Person\",\"@id\":\"https:\/\/www.travel3.com.br\/site\/#\/schema\/person\/9cff8daac0a2f1aa0799f827b8aa8308\",\"name\":\"Reda\u00e7\u00e3o Travel3\",\"image\":{\"@type\":\"ImageObject\",\"inLanguage\":\"pt-BR\",\"@id\":\"https:\/\/www.travel3.com.br\/site\/#\/schema\/person\/image\/\",\"url\":\"https:\/\/secure.gravatar.com\/avatar\/6e6125525e1f04b7b8c607d71556e490?s=96&d=mm&r=g\",\"contentUrl\":\"https:\/\/secure.gravatar.com\/avatar\/6e6125525e1f04b7b8c607d71556e490?s=96&d=mm&r=g\",\"caption\":\"Reda\u00e7\u00e3o Travel3\"},\"sameAs\":[\"http:\/\/www.travel3.com.br\"],\"url\":\"https:\/\/www.travel3.com.br\/site\/author\/redacao2\/\"}]}<\/script>\n<!-- \/ Yoast SEO plugin. -->","yoast_head_json":{"title":"Four Seasons prepara experi\u00eancias de ver\u00e3o em Genebra - Travel3","description":"Four Seasons prepara experi\u00eancias de ver\u00e3o em Genebra; aberto a brasileiros, ic\u00f4nico hotel tem atra\u00e7\u00f5es como passeio de barco e rooftop badalado","robots":{"index":"index","follow":"follow","max-snippet":"max-snippet:-1","max-image-preview":"max-image-preview:large","max-video-preview":"max-video-preview:-1"},"canonical":"https:\/\/www.travel3.com.br\/site\/destaque\/four-seasons-prepara-experiencias-de-verao-em-genebra\/","og_locale":"pt_BR","og_type":"article","og_title":"Four Seasons prepara experi\u00eancias de ver\u00e3o em Genebra - Travel3","og_description":"Four Seasons prepara experi\u00eancias de ver\u00e3o em Genebra; aberto a brasileiros, ic\u00f4nico hotel tem atra\u00e7\u00f5es como passeio de barco e rooftop badalado","og_url":"https:\/\/www.travel3.com.br\/site\/destaque\/four-seasons-prepara-experiencias-de-verao-em-genebra\/","og_site_name":"Travel3","article_publisher":"https:\/\/www.facebook.com\/travel3media\/","article_published_time":"2021-07-05T15:27:13+00:00","article_modified_time":"2021-07-05T15:29:30+00:00","og_image":[{"width":1280,"height":861,"url":"https:\/\/www.travel3.com.br\/site\/wp-content\/uploads\/2021\/07\/GEN_279_Easy-Resize.com_.jpg","type":"image\/jpeg"}],"author":"Reda\u00e7\u00e3o Travel3","twitter_card":"summary_large_image","twitter_misc":{"Escrito por":"Reda\u00e7\u00e3o Travel3","Est. tempo de leitura":"3 minutos"},"schema":{"@context":"https:\/\/schema.org","@graph":[{"@type":"Article","@id":"https:\/\/www.travel3.com.br\/site\/destaque\/four-seasons-prepara-experiencias-de-verao-em-genebra\/#article","isPartOf":{"@id":"https:\/\/www.travel3.com.br\/site\/destaque\/four-seasons-prepara-experiencias-de-verao-em-genebra\/"},"author":{"name":"Reda\u00e7\u00e3o Travel3","@id":"https:\/\/www.travel3.com.br\/site\/#\/schema\/person\/9cff8daac0a2f1aa0799f827b8aa8308"},"headline":"Four Seasons prepara experi\u00eancias de ver\u00e3o em Genebra","datePublished":"2021-07-05T15:27:13+00:00","dateModified":"2021-07-05T15:29:30+00:00","mainEntityOfPage":{"@id":"https:\/\/www.travel3.com.br\/site\/destaque\/four-seasons-prepara-experiencias-de-verao-em-genebra\/"},"wordCount":617,"commentCount":0,"publisher":{"@id":"https:\/\/www.travel3.com.br\/site\/#organization"},"image":{"@id":"https:\/\/www.travel3.com.br\/site\/destaque\/four-seasons-prepara-experiencias-de-verao-em-genebra\/#primaryimage"},"thumbnailUrl":"https:\/\/www.travel3.com.br\/site\/wp-content\/uploads\/2021\/07\/GEN_279_Easy-Resize.com_.jpg","keywords":["comece a viajar","Europa","Four Seasons","Four Seasons Hotel des Bergues","Genebra","Retomada do Turismo","Su\u00ed\u00e7a"],"articleSection":["Comece a Viajar","Destaque"],"inLanguage":"pt-BR","potentialAction":[{"@type":"CommentAction","name":"Comment","target":["https:\/\/www.travel3.com.br\/site\/destaque\/four-seasons-prepara-experiencias-de-verao-em-genebra\/#respond"]}]},{"@type":"WebPage","@id":"https:\/\/www.travel3.com.br\/site\/destaque\/four-seasons-prepara-experiencias-de-verao-em-genebra\/","url":"https:\/\/www.travel3.com.br\/site\/destaque\/four-seasons-prepara-experiencias-de-verao-em-genebra\/","name":"Four Seasons prepara experi\u00eancias de ver\u00e3o em Genebra - Travel3","isPartOf":{"@id":"https:\/\/www.travel3.com.br\/site\/#website"},"primaryImageOfPage":{"@id":"https:\/\/www.travel3.com.br\/site\/destaque\/four-seasons-prepara-experiencias-de-verao-em-genebra\/#primaryimage"},"image":{"@id":"https:\/\/www.travel3.com.br\/site\/destaque\/four-seasons-prepara-experiencias-de-verao-em-genebra\/#primaryimage"},"thumbnailUrl":"https:\/\/www.travel3.com.br\/site\/wp-content\/uploads\/2021\/07\/GEN_279_Easy-Resize.com_.jpg","datePublished":"2021-07-05T15:27:13+00:00","dateModified":"2021-07-05T15:29:30+00:00","description":"Four Seasons prepara experi\u00eancias de ver\u00e3o em Genebra; aberto a brasileiros, ic\u00f4nico hotel tem atra\u00e7\u00f5es como passeio de barco e rooftop badalado","breadcrumb":{"@id":"https:\/\/www.travel3.com.br\/site\/destaque\/four-seasons-prepara-experiencias-de-verao-em-genebra\/#breadcrumb"},"inLanguage":"pt-BR","potentialAction":[{"@type":"ReadAction","target":["https:\/\/www.travel3.com.br\/site\/destaque\/four-seasons-prepara-experiencias-de-verao-em-genebra\/"]}]},{"@type":"ImageObject","inLanguage":"pt-BR","@id":"https:\/\/www.travel3.com.br\/site\/destaque\/four-seasons-prepara-experiencias-de-verao-em-genebra\/#primaryimage","url":"https:\/\/www.travel3.com.br\/site\/wp-content\/uploads\/2021\/07\/GEN_279_Easy-Resize.com_.jpg","contentUrl":"https:\/\/www.travel3.com.br\/site\/wp-content\/uploads\/2021\/07\/GEN_279_Easy-Resize.com_.jpg","width":1280,"height":861,"caption":"Four Seasons Hotel des Bergues, \u00e0 beira do lago L\u00e9man (Foto: Divulga\u00e7\u00e3o)"},{"@type":"BreadcrumbList","@id":"https:\/\/www.travel3.com.br\/site\/destaque\/four-seasons-prepara-experiencias-de-verao-em-genebra\/#breadcrumb","itemListElement":[{"@type":"ListItem","position":1,"name":"In\u00edcio","item":"https:\/\/www.travel3.com.br\/site\/"},{"@type":"ListItem","position":2,"name":"Four Seasons prepara experi\u00eancias de ver\u00e3o em Genebra"}]},{"@type":"WebSite","@id":"https:\/\/www.travel3.com.br\/site\/#website","url":"https:\/\/www.travel3.com.br\/site\/","name":"Travel3","description":"Lazer + Neg&oacute;cios + Aventura","publisher":{"@id":"https:\/\/www.travel3.com.br\/site\/#organization"},"potentialAction":[{"@type":"SearchAction","target":{"@type":"EntryPoint","urlTemplate":"https:\/\/www.travel3.com.br\/site\/?s={search_term_string}"},"query-input":{"@type":"PropertyValueSpecification","valueRequired":true,"valueName":"search_term_string"}}],"inLanguage":"pt-BR"},{"@type":"Organization","@id":"https:\/\/www.travel3.com.br\/site\/#organization","name":"Travel3","url":"https:\/\/www.travel3.com.br\/site\/","logo":{"@type":"ImageObject","inLanguage":"pt-BR","@id":"https:\/\/www.travel3.com.br\/site\/#\/schema\/logo\/image\/","url":"https:\/\/www.travel3.com.br\/site\/wp-content\/uploads\/2020\/01\/logo-travel3-2020.png","contentUrl":"https:\/\/www.travel3.com.br\/site\/wp-content\/uploads\/2020\/01\/logo-travel3-2020.png","width":232,"height":79,"caption":"Travel3"},"image":{"@id":"https:\/\/www.travel3.com.br\/site\/#\/schema\/logo\/image\/"},"sameAs":["https:\/\/www.facebook.com\/travel3media\/","https:\/\/www.instagram.com\/revistatravel3\/","https:\/\/www.youtube.com\/channel\/UCno7J4paGBR3VbZQzvoJ9Eg"]},{"@type":"Person","@id":"https:\/\/www.travel3.com.br\/site\/#\/schema\/person\/9cff8daac0a2f1aa0799f827b8aa8308","name":"Reda\u00e7\u00e3o Travel3","image":{"@type":"ImageObject","inLanguage":"pt-BR","@id":"https:\/\/www.travel3.com.br\/site\/#\/schema\/person\/image\/","url":"https:\/\/secure.gravatar.com\/avatar\/6e6125525e1f04b7b8c607d71556e490?s=96&d=mm&r=g","contentUrl":"https:\/\/secure.gravatar.com\/avatar\/6e6125525e1f04b7b8c607d71556e490?s=96&d=mm&r=g","caption":"Reda\u00e7\u00e3o Travel3"},"sameAs":["http:\/\/www.travel3.com.br"],"url":"https:\/\/www.travel3.com.br\/site\/author\/redacao2\/"}]}},"_links":{"self":[{"href":"https:\/\/www.travel3.com.br\/site\/wp-json\/wp\/v2\/posts\/41508","targetHints":{"allow":["GET"]}}],"collection":[{"href":"https:\/\/www.travel3.com.br\/site\/wp-json\/wp\/v2\/posts"}],"about":[{"href":"https:\/\/www.travel3.com.br\/site\/wp-json\/wp\/v2\/types\/post"}],"author":[{"embeddable":true,"href":"https:\/\/www.travel3.com.br\/site\/wp-json\/wp\/v2\/users\/6"}],"replies":[{"embeddable":true,"href":"https:\/\/www.travel3.com.br\/site\/wp-json\/wp\/v2\/comments?post=41508"}],"version-history":[{"count":3,"href":"https:\/\/www.travel3.com.br\/site\/wp-json\/wp\/v2\/posts\/41508\/revisions"}],"predecessor-version":[{"id":41515,"href":"https:\/\/www.travel3.com.br\/site\/wp-json\/wp\/v2\/posts\/41508\/revisions\/41515"}],"wp:featuredmedia":[{"embeddable":true,"href":"https:\/\/www.travel3.com.br\/site\/wp-json\/wp\/v2\/media\/41513"}],"wp:attachment":[{"href":"https:\/\/www.travel3.com.br\/site\/wp-json\/wp\/v2\/media?parent=41508"}],"wp:term":[{"taxonomy":"category","embeddable":true,"href":"https:\/\/www.travel3.com.br\/site\/wp-json\/wp\/v2\/categories?post=41508"},{"taxonomy":"post_tag","embeddable":true,"href":"https:\/\/www.travel3.com.br\/site\/wp-json\/wp\/v2\/tags?post=41508"}],"curies":[{"name":"wp","href":"https:\/\/api.w.org\/{rel}","templated":true}]}}