{"id":41405,"date":"2021-07-02T06:49:01","date_gmt":"2021-07-02T09:49:01","guid":{"rendered":"https:\/\/www.travel3.com.br\/?p=41405"},"modified":"2021-07-02T08:10:26","modified_gmt":"2021-07-02T11:10:26","slug":"hotel-do-cafe-oferece-experiencia-rica-exclusiva-e-historica","status":"publish","type":"post","link":"https:\/\/www.travel3.com.br\/site\/hotel\/nacional\/hotel-do-cafe-oferece-experiencia-rica-exclusiva-e-historica\/","title":{"rendered":"Hotel do Caf\u00e9 oferece experi\u00eancia rica, exclusiva e  hist\u00f3rica"},"content":{"rendered":"\n<h3 class=\"wp-block-heading\" style=\"text-align:center\">Hospede-se numa propriedade centen\u00e1ria para revisitar o estilo de vida dos Bar\u00f5es do Caf\u00e9<\/h3>\n\n\n\n<h6 class=\"wp-block-heading\" style=\"text-align:center\"><strong>Texto\u00a0e\u00a0fotos:\u00a0Caroline\u00a0Tonaco<\/strong><\/h6>\n\n\n\n<p>Caf\u00e9 \u00e9 quase um sin\u00f4nimo de Brasil, e certamente o Ciclo do Caf\u00e9 &#8211; que teve in\u00edcio logo no come\u00e7o do s\u00e9culo 19 se estendendo at\u00e9 o final da d\u00e9cada de 1920 &#8211; significou para o pa\u00eds um per\u00edodo inquestion\u00e1vel de riquezas, transforma\u00e7\u00f5es e modernidade. Visitar a regi\u00e3o do Vale do Caf\u00e9, no Rio de Janeiro, oferece ao viajante descanso de qualidade e a possibilidade de fazer uma viagem pelo per\u00edodo \u00e1ureo dessa regi\u00e3o. Imprescind\u00edvel para isso, por\u00e9m, \u00e9 hospedar-se no Hotel do Caf\u00e9.<\/p>\n\n\n\n<p>A propriedade abre as suas portas ao turista, que passa a ter acesso a esse importante trecho da hist\u00f3ria brasileira, podendo, ao mesmo tempo, experimentar o estilo de vida luxuoso dos bar\u00f5es do caf\u00e9. Da arquitetura \u00e0 gastronomia, passando pela decora\u00e7\u00e3o, repleta de rel\u00edquias de \u00e9poca, o Hotel do Caf\u00e9 \u00e9 a sugest\u00e3o da <strong>Travel3<\/strong> para quem pratica a arte do viajar.<\/p>\n\n\n\n<div class=\"wp-block-image\"><figure class=\"aligncenter\"><img loading=\"lazy\" decoding=\"async\" width=\"1024\" height=\"768\" src=\"https:\/\/www.travel3.com.br\/site\/wp-content\/uploads\/2021\/07\/WhatsApp-Image-2021-07-01-at-16.57.15-1024x768.jpeg\" alt=\"Locomotiva inglesa Hotel do Caf\u00e9\" class=\"wp-image-41469\" srcset=\"https:\/\/www.travel3.com.br\/site\/wp-content\/uploads\/2021\/07\/WhatsApp-Image-2021-07-01-at-16.57.15.jpeg 1024w, https:\/\/www.travel3.com.br\/site\/wp-content\/uploads\/2021\/07\/WhatsApp-Image-2021-07-01-at-16.57.15-300x225.jpeg 300w, https:\/\/www.travel3.com.br\/site\/wp-content\/uploads\/2021\/07\/WhatsApp-Image-2021-07-01-at-16.57.15-768x576.jpeg 768w, https:\/\/www.travel3.com.br\/site\/wp-content\/uploads\/2021\/07\/WhatsApp-Image-2021-07-01-at-16.57.15-750x563.jpeg 750w\" sizes=\"auto, (max-width: 1024px) 100vw, 1024px\" \/><figcaption>Locomotiva inglesa \u00e9 um tesouro de \u00e9poca<\/figcaption><\/figure><\/div>\n\n\n\n<h2 class=\"wp-block-heading\">Hotel do Caf\u00e9 &#8211; basta chegar para aterrissar no passado imperial<\/h2>\n\n\n\n<p>O Hotel do Caf\u00e9 est\u00e1 localizado no munic\u00edpio de Rio das Flores (RJ), que faz parte do conhecido Vale do Caf\u00e9. S\u00e3o 340 km a partir de Belo Horizonte (MG) e 195 km do Rio Janeiro (RJ). O acesso \u00e9 f\u00e1cil, incluindo o pequeno trecho de estrada de terra. O hotel est\u00e1 ambientado nas instala\u00e7\u00f5es da Fazenda Guarit\u00e1. Fundada em 1875, a propriedade passou  por restaura\u00e7\u00f5es que lhe devolveram todo o brilho e a suntuosidade da \u00e9poca.<\/p>\n\n\n\n<div class=\"wp-block-image\"><figure class=\"aligncenter\"><img loading=\"lazy\" decoding=\"async\" width=\"1024\" height=\"798\" src=\"https:\/\/www.travel3.com.br\/site\/wp-content\/uploads\/2021\/07\/WhatsApp-Image-2021-07-01-at-17.07.32-1024x798.jpeg\" alt=\"Bandeira hist\u00f3rica sal\u00e3o\" class=\"wp-image-41474\" srcset=\"https:\/\/www.travel3.com.br\/site\/wp-content\/uploads\/2021\/07\/WhatsApp-Image-2021-07-01-at-17.07.32.jpeg 1024w, https:\/\/www.travel3.com.br\/site\/wp-content\/uploads\/2021\/07\/WhatsApp-Image-2021-07-01-at-17.07.32-300x234.jpeg 300w, https:\/\/www.travel3.com.br\/site\/wp-content\/uploads\/2021\/07\/WhatsApp-Image-2021-07-01-at-17.07.32-768x599.jpeg 768w, https:\/\/www.travel3.com.br\/site\/wp-content\/uploads\/2021\/07\/WhatsApp-Image-2021-07-01-at-17.07.32-750x584.jpeg 750w\" sizes=\"auto, (max-width: 1024px) 100vw, 1024px\" \/><figcaption>Bandeira Imperial de quase 200 anos \u00e9 um destaque estre as obras que adornam o hotel<\/figcaption><\/figure><\/div>\n\n\n\n<p>Com um acervo digno de um museu, o h\u00f3spede transita por entre obras de arte e m\u00f3veis de \u00e9poca + pratarias + lustres + lou\u00e7as + cristais que, em sua maioria, foram arrematados pelos propriet\u00e1rios em leil\u00f5es no Brasil e no exterior. Uma das pe\u00e7as que mais chama a aten\u00e7\u00e3o \u00e9 a grande Bandeira do Brasil Imperial, com quase 200 anos, que ricamente emoldurada enfeita uma das paredes do restaurante. <\/p>\n\n\n\n<p>Outro tesouro de \u00e9poca \u00e9 a locomotiva inglesa, a vapor, catalogada em livros especializados como uma das \u00fanicas ainda em funcionamento em todo o mundo. Ela est\u00e1 sempre pronta para receber os h\u00f3spedes do Hotel do Caf\u00e9 levando-os num tour pela propriedade.<\/p>\n\n\n\n<pre class=\"wp-block-preformatted\"> \n<blockquote class=\"instagram-media\" data-instgrm-permalink=\"https:\/\/www.instagram.com\/p\/CQjr6xfDmHK\/?utm_source=ig_embed&#038;utm_campaign=loading\" data-instgrm-version=\"13\" style=\" background:#FFF; border:0; border-radius:3px; box-shadow:0 0 1px 0 rgba(0,0,0,0.5),0 1px 10px 0 rgba(0,0,0,0.15); margin: 1px; max-width:540px; min-width:326px; padding:0; width:99.375%; width:-webkit-calc(100% - 2px); width:calc(100% - 2px);\"><div style=\"padding:16px;\"> <a href=\"https:\/\/www.instagram.com\/p\/CQjr6xfDmHK\/?utm_source=ig_embed&#038;utm_campaign=loading\" style=\" background:#FFFFFF; line-height:0; padding:0 0; text-align:center; text-decoration:none; width:100%;\" target=\"_blank\"> <div style=\" display: flex; flex-direction: row; align-items: center;\"> <div style=\"background-color: #F4F4F4; border-radius: 50%; flex-grow: 0; height: 40px; margin-right: 14px; width: 40px;\"><\/div> <div style=\"display: flex; flex-direction: column; flex-grow: 1; justify-content: center;\"> <div style=\" background-color: #F4F4F4; border-radius: 4px; flex-grow: 0; height: 14px; margin-bottom: 6px; width: 100px;\"><\/div> <div style=\" background-color: #F4F4F4; border-radius: 4px; flex-grow: 0; height: 14px; width: 60px;\"><\/div><\/div><\/div><div style=\"padding: 19% 0;\"><\/div> <div style=\"display:block; height:50px; margin:0 auto 12px; width:50px;\"><svg width=\"50px\" height=\"50px\" viewBox=\"0 0 60 60\" version=\"1.1\" xmlns=\"https:\/\/www.w3.org\/2000\/svg\" xmlns:xlink=\"https:\/\/www.w3.org\/1999\/xlink\"><g stroke=\"none\" stroke-width=\"1\" fill=\"none\" fill-rule=\"evenodd\"><g transform=\"translate(-511.000000, -20.000000)\" fill=\"#000000\"><g><path d=\"M556.869,30.41 C554.814,30.41 553.148,32.076 553.148,34.131 C553.148,36.186 554.814,37.852 556.869,37.852 C558.924,37.852 560.59,36.186 560.59,34.131 C560.59,32.076 558.924,30.41 556.869,30.41 M541,60.657 C535.114,60.657 530.342,55.887 530.342,50 C530.342,44.114 535.114,39.342 541,39.342 C546.887,39.342 551.658,44.114 551.658,50 C551.658,55.887 546.887,60.657 541,60.657 M541,33.886 C532.1,33.886 524.886,41.1 524.886,50 C524.886,58.899 532.1,66.113 541,66.113 C549.9,66.113 557.115,58.899 557.115,50 C557.115,41.1 549.9,33.886 541,33.886 M565.378,62.101 C565.244,65.022 564.756,66.606 564.346,67.663 C563.803,69.06 563.154,70.057 562.106,71.106 C561.058,72.155 560.06,72.803 558.662,73.347 C557.607,73.757 556.021,74.244 553.102,74.378 C549.944,74.521 548.997,74.552 541,74.552 C533.003,74.552 532.056,74.521 528.898,74.378 C525.979,74.244 524.393,73.757 523.338,73.347 C521.94,72.803 520.942,72.155 519.894,71.106 C518.846,70.057 518.197,69.06 517.654,67.663 C517.244,66.606 516.755,65.022 516.623,62.101 C516.479,58.943 516.448,57.996 516.448,50 C516.448,42.003 516.479,41.056 516.623,37.899 C516.755,34.978 517.244,33.391 517.654,32.338 C518.197,30.938 518.846,29.942 519.894,28.894 C520.942,27.846 521.94,27.196 523.338,26.654 C524.393,26.244 525.979,25.756 528.898,25.623 C532.057,25.479 533.004,25.448 541,25.448 C548.997,25.448 549.943,25.479 553.102,25.623 C556.021,25.756 557.607,26.244 558.662,26.654 C560.06,27.196 561.058,27.846 562.106,28.894 C563.154,29.942 563.803,30.938 564.346,32.338 C564.756,33.391 565.244,34.978 565.378,37.899 C565.522,41.056 565.552,42.003 565.552,50 C565.552,57.996 565.522,58.943 565.378,62.101 M570.82,37.631 C570.674,34.438 570.167,32.258 569.425,30.349 C568.659,28.377 567.633,26.702 565.965,25.035 C564.297,23.368 562.623,22.342 560.652,21.575 C558.743,20.834 556.562,20.326 553.369,20.18 C550.169,20.033 549.148,20 541,20 C532.853,20 531.831,20.033 528.631,20.18 C525.438,20.326 523.257,20.834 521.349,21.575 C519.376,22.342 517.703,23.368 516.035,25.035 C514.368,26.702 513.342,28.377 512.574,30.349 C511.834,32.258 511.326,34.438 511.181,37.631 C511.035,40.831 511,41.851 511,50 C511,58.147 511.035,59.17 511.181,62.369 C511.326,65.562 511.834,67.743 512.574,69.651 C513.342,71.625 514.368,73.296 516.035,74.965 C517.703,76.634 519.376,77.658 521.349,78.425 C523.257,79.167 525.438,79.673 528.631,79.82 C531.831,79.965 532.853,80.001 541,80.001 C549.148,80.001 550.169,79.965 553.369,79.82 C556.562,79.673 558.743,79.167 560.652,78.425 C562.623,77.658 564.297,76.634 565.965,74.965 C567.633,73.296 568.659,71.625 569.425,69.651 C570.167,67.743 570.674,65.562 570.82,62.369 C570.966,59.17 571,58.147 571,50 C571,41.851 570.966,40.831 570.82,37.631\"><\/path><\/g><\/g><\/g><\/svg><\/div><div style=\"padding-top: 8px;\"> <div style=\" color:#3897f0; font-family:Arial,sans-serif; font-size:14px; font-style:normal; font-weight:550; line-height:18px;\"> Ver essa foto no Instagram<\/div><\/div><div style=\"padding: 12.5% 0;\"><\/div> <div style=\"display: flex; flex-direction: row; margin-bottom: 14px; align-items: center;\"><div> <div style=\"background-color: #F4F4F4; border-radius: 50%; height: 12.5px; width: 12.5px; transform: translateX(0px) translateY(7px);\"><\/div> <div style=\"background-color: #F4F4F4; height: 12.5px; transform: rotate(-45deg) translateX(3px) translateY(1px); width: 12.5px; flex-grow: 0; margin-right: 14px; margin-left: 2px;\"><\/div> <div style=\"background-color: #F4F4F4; border-radius: 50%; height: 12.5px; width: 12.5px; transform: translateX(9px) translateY(-18px);\"><\/div><\/div><div style=\"margin-left: 8px;\"> <div style=\" background-color: #F4F4F4; border-radius: 50%; flex-grow: 0; height: 20px; width: 20px;\"><\/div> <div style=\" width: 0; height: 0; border-top: 2px solid transparent; border-left: 6px solid #f4f4f4; border-bottom: 2px solid transparent; transform: translateX(16px) translateY(-4px) rotate(30deg)\"><\/div><\/div><div style=\"margin-left: auto;\"> <div style=\" width: 0px; border-top: 8px solid #F4F4F4; border-right: 8px solid transparent; transform: translateY(16px);\"><\/div> <div style=\" background-color: #F4F4F4; flex-grow: 0; height: 12px; width: 16px; transform: translateY(-4px);\"><\/div> <div style=\" width: 0; height: 0; border-top: 8px solid #F4F4F4; border-left: 8px solid transparent; transform: translateY(-4px) translateX(8px);\"><\/div><\/div><\/div> <div style=\"display: flex; flex-direction: column; flex-grow: 1; justify-content: center; margin-bottom: 24px;\"> <div style=\" background-color: #F4F4F4; border-radius: 4px; flex-grow: 0; height: 14px; margin-bottom: 6px; width: 224px;\"><\/div> <div style=\" background-color: #F4F4F4; border-radius: 4px; flex-grow: 0; height: 14px; width: 144px;\"><\/div><\/div><\/a><p style=\" color:#c9c8cd; font-family:Arial,sans-serif; font-size:14px; line-height:17px; margin-bottom:0; margin-top:8px; overflow:hidden; padding:8px 0 7px; text-align:center; text-overflow:ellipsis; white-space:nowrap;\"><a href=\"https:\/\/www.instagram.com\/p\/CQjr6xfDmHK\/?utm_source=ig_embed&#038;utm_campaign=loading\" style=\" color:#c9c8cd; font-family:Arial,sans-serif; font-size:14px; font-style:normal; font-weight:normal; line-height:17px; text-decoration:none;\" target=\"_blank\">Uma publica\u00e7\u00e3o compartilhada por Revista Travel3 (@revistatravel3)<\/a><\/p><\/div><\/blockquote> <script async src=\"\/\/www.instagram.com\/embed.js\"><\/script> <\/pre>\n\n\n\n<h2 class=\"wp-block-heading\">S\u00e3o apenas 20 su\u00edtes, cada uma com personalidade pr\u00f3pria<\/h2>\n\n\n\n<p>O Hotel do Caf\u00e9 tem apenas 20 su\u00edtes. Amplas e bem ventiladas, cada uma tem personalidade pr\u00f3pria, identificada pela figura hist\u00f3rica que lhe cedeu o nome: Dom Pedro I, Dom Pedro II, Princesa Leopoldina, Marquesa de Santos, Bar\u00e3o de Vassouras, e por a\u00ed vai. O enxoval est\u00e1 \u00e0 altura. Os len\u00e7\u00f3is s\u00e3o de algod\u00e3o eg\u00edpcio, 600 fios, bordados com as iniciais da propriedade. As salas de banho seguem o mesmo conceito e oferecem amenities da grife italiana Acqua de Parma. A ducha \u00e9 forte, volumosa, com \u00e1gua bem quente, vinda diretamente de uma nascente da fazenda.<\/p>\n\n\n\n<div class=\"wp-block-image\"><figure class=\"aligncenter\"><img loading=\"lazy\" decoding=\"async\" width=\"1024\" height=\"768\" src=\"https:\/\/www.travel3.com.br\/site\/wp-content\/uploads\/2021\/07\/WhatsApp-Image-2021-07-01-at-17.04.46-1024x768.jpeg\" alt=\"Destilaria Hotel do Caf\u00e9\" class=\"wp-image-41472\" srcset=\"https:\/\/www.travel3.com.br\/site\/wp-content\/uploads\/2021\/07\/WhatsApp-Image-2021-07-01-at-17.04.46.jpeg 1024w, https:\/\/www.travel3.com.br\/site\/wp-content\/uploads\/2021\/07\/WhatsApp-Image-2021-07-01-at-17.04.46-300x225.jpeg 300w, https:\/\/www.travel3.com.br\/site\/wp-content\/uploads\/2021\/07\/WhatsApp-Image-2021-07-01-at-17.04.46-768x576.jpeg 768w, https:\/\/www.travel3.com.br\/site\/wp-content\/uploads\/2021\/07\/WhatsApp-Image-2021-07-01-at-17.04.46-750x563.jpeg 750w\" sizes=\"auto, (max-width: 1024px) 100vw, 1024px\" \/><figcaption>Destilaria onde o hotel produz sua pr\u00f3pria aguardente<\/figcaption><\/figure><\/div>\n\n\n\n<h2 class=\"wp-block-heading\">Ref\u00fagio elegante para casais e fam\u00edlias em busca de sossego e privacidade<\/h2>\n\n\n\n<p>Com uma diversidade de ambientes amplos, arejados e bem iluminados, o Hotel do Caf\u00e9 \u00e9 perfeito tanto para casais em busca de sossego e privacidade quanto fam\u00edlias que buscam um ref\u00fagio para passar mais tempo juntas, usufruindo da hospitalidade e da natureza ao redor. E j\u00e1 que estamos falando de conviv\u00eancia, vamos a ela.<\/p>\n\n\n\n<div class=\"wp-block-image\"><figure class=\"aligncenter\"><img loading=\"lazy\" decoding=\"async\" width=\"1024\" height=\"768\" src=\"https:\/\/www.travel3.com.br\/site\/wp-content\/uploads\/2021\/07\/WhatsApp-Image-2021-07-01-at-16.57.55-1024x768.jpeg\" alt=\"Arquitetura Hotel do Caf\u00e9\" class=\"wp-image-41470\" srcset=\"https:\/\/www.travel3.com.br\/site\/wp-content\/uploads\/2021\/07\/WhatsApp-Image-2021-07-01-at-16.57.55.jpeg 1024w, https:\/\/www.travel3.com.br\/site\/wp-content\/uploads\/2021\/07\/WhatsApp-Image-2021-07-01-at-16.57.55-300x225.jpeg 300w, https:\/\/www.travel3.com.br\/site\/wp-content\/uploads\/2021\/07\/WhatsApp-Image-2021-07-01-at-16.57.55-768x576.jpeg 768w, https:\/\/www.travel3.com.br\/site\/wp-content\/uploads\/2021\/07\/WhatsApp-Image-2021-07-01-at-16.57.55-750x563.jpeg 750w\" sizes=\"auto, (max-width: 1024px) 100vw, 1024px\" \/><\/figure><\/div>\n\n\n\n<p>No anexo principal da propriedade est\u00e1 o Piano Bar, o Sal\u00e3o de Jogos, o restaurante e um lounge especial\u00edssimo, r\u00e9plica de uma esta\u00e7\u00e3o ferrovi\u00e1ria, onde a locomotiva do hotel desembarca os h\u00f3spedes. O hotel conta com uma destilaria pr\u00f3pria, onde produz a sua pr\u00f3pria aguardente, a Cacha\u00e7a do Catito, envelhecida por 18 anos em barris de carvalho, uma grata surpresa para os apreciadores. O bar da destilaria se estende por um p\u00e1tio que d\u00e1 vistas para a quadra de t\u00eanis.<\/p>\n\n\n\n<div class=\"wp-block-image\"><figure class=\"aligncenter\"><img loading=\"lazy\" decoding=\"async\" width=\"1024\" height=\"768\" src=\"https:\/\/www.travel3.com.br\/site\/wp-content\/uploads\/2021\/07\/WhatsApp-Image-2021-07-01-at-17.01.12-1024x768.jpeg\" alt=\"Lazer Hotel do Caf\u00e9\" class=\"wp-image-41471\" srcset=\"https:\/\/www.travel3.com.br\/site\/wp-content\/uploads\/2021\/07\/WhatsApp-Image-2021-07-01-at-17.01.12.jpeg 1024w, https:\/\/www.travel3.com.br\/site\/wp-content\/uploads\/2021\/07\/WhatsApp-Image-2021-07-01-at-17.01.12-300x225.jpeg 300w, https:\/\/www.travel3.com.br\/site\/wp-content\/uploads\/2021\/07\/WhatsApp-Image-2021-07-01-at-17.01.12-768x576.jpeg 768w, https:\/\/www.travel3.com.br\/site\/wp-content\/uploads\/2021\/07\/WhatsApp-Image-2021-07-01-at-17.01.12-750x563.jpeg 750w\" sizes=\"auto, (max-width: 1024px) 100vw, 1024px\" \/><figcaption>Quadra de t\u00eanis do hotel<\/figcaption><\/figure><\/div>\n\n\n\n<h2 class=\"wp-block-heading\">Fa\u00e7a um tour para conhecer a hist\u00f3ria da \u00e9poca, na Casa Sede da fazenda<\/h2>\n\n\n\n<p>Na Casa Sede da fazenda os sal\u00f5es de estar e de jantar s\u00e3o requintados. Nessa parte da propriedade h\u00e1 ainda uma capela e um cinema com capacidade para 40 pessoas. Imperd\u00edvel para quem gosta de hist\u00f3ria ou quer saber mais sobre o Ciclo do Caf\u00e9 \u00e9 fazer um tour guiado pela Casa Sede. As informa\u00e7\u00f5es s\u00e3o curiosas e t\u00e3o preciosas quanto as pe\u00e7as e os detalhes da decora\u00e7\u00e3o.<\/p>\n\n\n\n<div class=\"wp-block-image\"><figure class=\"aligncenter\"><img loading=\"lazy\" decoding=\"async\" width=\"1024\" height=\"768\" src=\"https:\/\/www.travel3.com.br\/site\/wp-content\/uploads\/2021\/07\/WhatsApp-Image-2021-07-01-at-17.16.08-1-1024x768.jpeg\" alt=\"Obras Museu Hotel do Caf\u00e9\" class=\"wp-image-41478\" srcset=\"https:\/\/www.travel3.com.br\/site\/wp-content\/uploads\/2021\/07\/WhatsApp-Image-2021-07-01-at-17.16.08-1.jpeg 1024w, https:\/\/www.travel3.com.br\/site\/wp-content\/uploads\/2021\/07\/WhatsApp-Image-2021-07-01-at-17.16.08-1-300x225.jpeg 300w, https:\/\/www.travel3.com.br\/site\/wp-content\/uploads\/2021\/07\/WhatsApp-Image-2021-07-01-at-17.16.08-1-768x576.jpeg 768w, https:\/\/www.travel3.com.br\/site\/wp-content\/uploads\/2021\/07\/WhatsApp-Image-2021-07-01-at-17.16.08-1-750x563.jpeg 750w\" sizes=\"auto, (max-width: 1024px) 100vw, 1024px\" \/><figcaption>Obras hist\u00f3ricas decoram interiores do Hotel do Caf\u00e9<\/figcaption><\/figure><\/div>\n\n\n\n<h2 class=\"wp-block-heading\">Siga pela trilha no pomar de jabuticabeiras<\/h2>\n\n\n\n<p>O cuidado com o paisagismo e com a \u00e1rea externa do Hotel do Caf\u00e9 \u00e9 t\u00e3o apurado quanto a arquitetura de interior do empreendimento. A fazenda \u00e9 a \u00fanica da regi\u00e3o banhada pelo Rio Para\u00edba do Sul e uma trilha, ladeada por um pomar de jabuticabeiras \u00e9 um convite irrecus\u00e1vel para uma caminhada apreciando a vista do rio mergulhando na Mata Atl\u00e2ntica.<\/p>\n\n\n\n<div class=\"wp-block-image\"><figure class=\"aligncenter\"><img loading=\"lazy\" decoding=\"async\" width=\"1024\" height=\"768\" src=\"https:\/\/www.travel3.com.br\/site\/wp-content\/uploads\/2021\/07\/WhatsApp-Image-2021-07-01-at-18.04.19-1024x768.jpeg\" alt=\"\" class=\"wp-image-41483\" srcset=\"https:\/\/www.travel3.com.br\/site\/wp-content\/uploads\/2021\/07\/WhatsApp-Image-2021-07-01-at-18.04.19.jpeg 1024w, https:\/\/www.travel3.com.br\/site\/wp-content\/uploads\/2021\/07\/WhatsApp-Image-2021-07-01-at-18.04.19-300x225.jpeg 300w, https:\/\/www.travel3.com.br\/site\/wp-content\/uploads\/2021\/07\/WhatsApp-Image-2021-07-01-at-18.04.19-768x576.jpeg 768w, https:\/\/www.travel3.com.br\/site\/wp-content\/uploads\/2021\/07\/WhatsApp-Image-2021-07-01-at-18.04.19-750x563.jpeg 750w\" sizes=\"auto, (max-width: 1024px) 100vw, 1024px\" \/><\/figure><\/div>\n\n\n\n<h2 class=\"wp-block-heading\">\u00c1rea de lazer \u00e9 diversificada<\/h2>\n\n\n\n<p>E como estamos em uma fazenda cafeeira que se transformou em um hotel, \u00e9 preciso estar atento \u00e0 \u00e1rea de lazer que inclui uma piscina ladeada por espregui\u00e7adeiras e mesas + churrasqueira. Mais ao fundo, o spa oferece salas de tratamentos e terapias + poltronas massageadoras + piscina interna aquecida + sauna seca e a vapor + sala de descanso.<\/p>\n\n\n\n<ul class=\"wp-block-gallery aligncenter columns-3 is-cropped wp-block-gallery-2 is-layout-flex wp-block-gallery-is-layout-flex\"><li class=\"blocks-gallery-item\"><figure><img loading=\"lazy\" decoding=\"async\" width=\"1024\" height=\"766\" src=\"https:\/\/www.travel3.com.br\/site\/wp-content\/uploads\/2021\/07\/WhatsApp-Image-2021-07-01-at-17.28.24-1024x766.jpeg\" alt=\"\" data-id=\"41481\" data-link=\"https:\/\/www.travel3.com.br\/whatsapp-image-2021-07-01-at-17-28-24\/\" class=\"wp-image-41481\" srcset=\"https:\/\/www.travel3.com.br\/site\/wp-content\/uploads\/2021\/07\/WhatsApp-Image-2021-07-01-at-17.28.24.jpeg 1024w, https:\/\/www.travel3.com.br\/site\/wp-content\/uploads\/2021\/07\/WhatsApp-Image-2021-07-01-at-17.28.24-300x224.jpeg 300w, https:\/\/www.travel3.com.br\/site\/wp-content\/uploads\/2021\/07\/WhatsApp-Image-2021-07-01-at-17.28.24-768x575.jpeg 768w, https:\/\/www.travel3.com.br\/site\/wp-content\/uploads\/2021\/07\/WhatsApp-Image-2021-07-01-at-17.28.24-750x561.jpeg 750w\" sizes=\"auto, (max-width: 1024px) 100vw, 1024px\" \/><\/figure><\/li><li class=\"blocks-gallery-item\"><figure><img loading=\"lazy\" decoding=\"async\" width=\"1024\" height=\"973\" src=\"https:\/\/www.travel3.com.br\/site\/wp-content\/uploads\/2021\/07\/WhatsApp-Image-2021-07-01-at-17.22.17-1024x973.jpeg\" alt=\"\" data-id=\"41480\" data-link=\"https:\/\/www.travel3.com.br\/whatsapp-image-2021-07-01-at-17-22-17\/\" class=\"wp-image-41480\" srcset=\"https:\/\/www.travel3.com.br\/site\/wp-content\/uploads\/2021\/07\/WhatsApp-Image-2021-07-01-at-17.22.17.jpeg 1024w, https:\/\/www.travel3.com.br\/site\/wp-content\/uploads\/2021\/07\/WhatsApp-Image-2021-07-01-at-17.22.17-300x285.jpeg 300w, https:\/\/www.travel3.com.br\/site\/wp-content\/uploads\/2021\/07\/WhatsApp-Image-2021-07-01-at-17.22.17-768x730.jpeg 768w, https:\/\/www.travel3.com.br\/site\/wp-content\/uploads\/2021\/07\/WhatsApp-Image-2021-07-01-at-17.22.17-750x713.jpeg 750w\" sizes=\"auto, (max-width: 1024px) 100vw, 1024px\" \/><\/figure><\/li><li class=\"blocks-gallery-item\"><figure><img loading=\"lazy\" decoding=\"async\" width=\"1024\" height=\"768\" src=\"https:\/\/www.travel3.com.br\/site\/wp-content\/uploads\/2021\/07\/WhatsApp-Image-2021-07-01-at-17.28.43-1024x768.jpeg\" alt=\"\" data-id=\"41482\" data-link=\"https:\/\/www.travel3.com.br\/whatsapp-image-2021-07-01-at-17-28-43\/\" class=\"wp-image-41482\" srcset=\"https:\/\/www.travel3.com.br\/site\/wp-content\/uploads\/2021\/07\/WhatsApp-Image-2021-07-01-at-17.28.43.jpeg 1024w, https:\/\/www.travel3.com.br\/site\/wp-content\/uploads\/2021\/07\/WhatsApp-Image-2021-07-01-at-17.28.43-300x225.jpeg 300w, https:\/\/www.travel3.com.br\/site\/wp-content\/uploads\/2021\/07\/WhatsApp-Image-2021-07-01-at-17.28.43-768x576.jpeg 768w, https:\/\/www.travel3.com.br\/site\/wp-content\/uploads\/2021\/07\/WhatsApp-Image-2021-07-01-at-17.28.43-750x563.jpeg 750w\" sizes=\"auto, (max-width: 1024px) 100vw, 1024px\" \/><\/figure><\/li><\/ul>\n\n\n\n<p style=\"text-align:center\" class=\"has-small-font-size\">Entrada, prato principal e sobremesa no Hotel do Caf\u00e9<\/p>\n\n\n\n<h2 class=\"wp-block-heading\">Gastronomia hist\u00f3rica faz releitura de \u00e9poca<\/h2>\n\n\n\n<p>E como descansar e relaxar tem tudo a ver com comer bem, deixamos a inesquec\u00edvel gastronomia do Hotel do Caf\u00e9 para o final. Ela come\u00e7a a ser degustada bem cedo, no caf\u00e9 da manh\u00e3. Feitos na fazenda, os queijos + iogurtes + coalhadas + bolos + geleias + p\u00e3es s\u00e3o iguarias. Ovos e omeletes s\u00e3o preparados na hora, conforme o paladar do h\u00f3spede.<\/p>\n\n\n\n<p>Para almo\u00e7o e jantar, o servi\u00e7o \u00e9 a la carte. O card\u00e1pio inclui pratos hist\u00f3ricos, dando ao h\u00f3spede um vislumbre da alta culin\u00e1ria do Ciclo do Caf\u00e9. Para isso foi feito um estudo que resultou em uma releitura de receitas do per\u00edodo, entre as quais est\u00e3o as prediletas de personagens como D. Pedro I, Carlota Joaquina, a Imperatriz Leopoldina, o Bar\u00e3o de Vassouras e Joaquim Nabuco; entre outros. Quem comanda a cozinha \u00e9 o Chef Adilson Batista, pupilo do Chef Laurent Suaudeau. E como o objetivo \u00e9 oferecer uma viagem ao passado, os souplats, os talheres de prata e a porcelana estampada com nobre bras\u00f5es completam de maneira impec\u00e1vel, o cen\u00e1rio de uma refei\u00e7\u00e3o ao estilo dos Bar\u00f5es do Caf\u00e9.<\/p>\n\n\n\n<p>Por tudo isso, o Hotel do Caf\u00e9 foge ao estilo das propriedades rurais e se transforma em uma atra\u00e7\u00e3o em si. Um destino \u00fanico que voc\u00ea precisa descobrir e degustar.<\/p>\n","protected":false},"excerpt":{"rendered":"<p>Hospede-se numa propriedade centen\u00e1ria para revisitar o estilo de vida dos Bar\u00f5es do Caf\u00e9 Texto\u00a0e\u00a0fotos:\u00a0Caroline\u00a0Tonaco Caf\u00e9 \u00e9 quase um sin\u00f4nimo de Brasil, e certamente o Ciclo do Caf\u00e9 &#8211; que teve in\u00edcio logo no come\u00e7o do s\u00e9culo 19 se estendendo at\u00e9 o final da d\u00e9cada de 1920 &#8211; significou para o pa\u00eds um per\u00edodo inquestion\u00e1vel [&hellip;]<\/p>\n","protected":false},"author":14,"featured_media":41468,"comment_status":"open","ping_status":"open","sticky":false,"template":"","format":"standard","meta":{"footnotes":""},"categories":[884,226,167,168],"tags":[255,4541,923,4306],"class_list":["post-41405","post","type-post","status-publish","format-standard","has-post-thumbnail","hentry","category-comece-a-viajar","category-destaque","category-hotel","category-nacional","tag-brasil","tag-hotel-do-cafe","tag-rio-de-janeiro","tag-vale-do-cafe"],"yoast_head":"<!-- This site is optimized with the Yoast SEO plugin v26.2 - https:\/\/yoast.com\/wordpress\/plugins\/seo\/ -->\n<title>Hotel do Caf\u00e9 oferece experi\u00eancia rica, exclusiva e hist\u00f3rica - Travel3<\/title>\n<meta name=\"description\" content=\"Hotel do Caf\u00e9 oferece experi\u00eancia rica, exclusiva e hist\u00f3rica; hospede-se numa propriedade centen\u00e1ria para revisitar o estilo de vida dos Bar\u00f5es do Caf\u00e9\" \/>\n<meta name=\"robots\" content=\"index, follow, max-snippet:-1, max-image-preview:large, max-video-preview:-1\" \/>\n<link rel=\"canonical\" href=\"https:\/\/www.travel3.com.br\/site\/hotel\/nacional\/hotel-do-cafe-oferece-experiencia-rica-exclusiva-e-historica\/\" \/>\n<meta property=\"og:locale\" content=\"pt_BR\" \/>\n<meta property=\"og:type\" content=\"article\" \/>\n<meta property=\"og:title\" content=\"Hotel do Caf\u00e9 oferece experi\u00eancia rica, exclusiva e hist\u00f3rica - Travel3\" \/>\n<meta property=\"og:description\" content=\"Hotel do Caf\u00e9 oferece experi\u00eancia rica, exclusiva e hist\u00f3rica; hospede-se numa propriedade centen\u00e1ria para revisitar o estilo de vida dos Bar\u00f5es do Caf\u00e9\" \/>\n<meta property=\"og:url\" content=\"https:\/\/www.travel3.com.br\/site\/hotel\/nacional\/hotel-do-cafe-oferece-experiencia-rica-exclusiva-e-historica\/\" \/>\n<meta property=\"og:site_name\" content=\"Travel3\" \/>\n<meta property=\"article:publisher\" content=\"https:\/\/www.facebook.com\/travel3media\/\" \/>\n<meta property=\"article:published_time\" content=\"2021-07-02T09:49:01+00:00\" \/>\n<meta property=\"article:modified_time\" content=\"2021-07-02T11:10:26+00:00\" \/>\n<meta property=\"og:image\" content=\"https:\/\/www.travel3.com.br\/site\/wp-content\/uploads\/2021\/07\/WhatsApp-Image-2021-07-01-at-16.56.47.jpeg\" \/>\n\t<meta property=\"og:image:width\" content=\"1024\" \/>\n\t<meta property=\"og:image:height\" content=\"768\" \/>\n\t<meta property=\"og:image:type\" content=\"image\/jpeg\" \/>\n<meta name=\"author\" content=\"Caroline Tonaco\" \/>\n<meta name=\"twitter:card\" content=\"summary_large_image\" \/>\n<meta name=\"twitter:label1\" content=\"Escrito por\" \/>\n\t<meta name=\"twitter:data1\" content=\"Caroline Tonaco\" \/>\n\t<meta name=\"twitter:label2\" content=\"Est. tempo de leitura\" \/>\n\t<meta name=\"twitter:data2\" content=\"6 minutos\" \/>\n<script type=\"application\/ld+json\" class=\"yoast-schema-graph\">{\"@context\":\"https:\/\/schema.org\",\"@graph\":[{\"@type\":\"Article\",\"@id\":\"https:\/\/www.travel3.com.br\/site\/hotel\/nacional\/hotel-do-cafe-oferece-experiencia-rica-exclusiva-e-historica\/#article\",\"isPartOf\":{\"@id\":\"https:\/\/www.travel3.com.br\/site\/hotel\/nacional\/hotel-do-cafe-oferece-experiencia-rica-exclusiva-e-historica\/\"},\"author\":{\"name\":\"Caroline Tonaco\",\"@id\":\"https:\/\/www.travel3.com.br\/site\/#\/schema\/person\/d837eaf73c4e8896e932e0acede946c0\"},\"headline\":\"Hotel do Caf\u00e9 oferece experi\u00eancia rica, exclusiva e hist\u00f3rica\",\"datePublished\":\"2021-07-02T09:49:01+00:00\",\"dateModified\":\"2021-07-02T11:10:26+00:00\",\"mainEntityOfPage\":{\"@id\":\"https:\/\/www.travel3.com.br\/site\/hotel\/nacional\/hotel-do-cafe-oferece-experiencia-rica-exclusiva-e-historica\/\"},\"wordCount\":1170,\"commentCount\":0,\"publisher\":{\"@id\":\"https:\/\/www.travel3.com.br\/site\/#organization\"},\"image\":{\"@id\":\"https:\/\/www.travel3.com.br\/site\/hotel\/nacional\/hotel-do-cafe-oferece-experiencia-rica-exclusiva-e-historica\/#primaryimage\"},\"thumbnailUrl\":\"https:\/\/www.travel3.com.br\/site\/wp-content\/uploads\/2021\/07\/WhatsApp-Image-2021-07-01-at-16.56.47.jpeg\",\"keywords\":[\"Brasil\",\"Hotel do Caf\u00e9\",\"Rio de Janeiro\",\"Vale do Caf\u00e9\"],\"articleSection\":[\"Comece a Viajar\",\"Destaque\",\"Hotel\",\"Hotel Nacional\"],\"inLanguage\":\"pt-BR\",\"potentialAction\":[{\"@type\":\"CommentAction\",\"name\":\"Comment\",\"target\":[\"https:\/\/www.travel3.com.br\/site\/hotel\/nacional\/hotel-do-cafe-oferece-experiencia-rica-exclusiva-e-historica\/#respond\"]}]},{\"@type\":\"WebPage\",\"@id\":\"https:\/\/www.travel3.com.br\/site\/hotel\/nacional\/hotel-do-cafe-oferece-experiencia-rica-exclusiva-e-historica\/\",\"url\":\"https:\/\/www.travel3.com.br\/site\/hotel\/nacional\/hotel-do-cafe-oferece-experiencia-rica-exclusiva-e-historica\/\",\"name\":\"Hotel do Caf\u00e9 oferece experi\u00eancia rica, exclusiva e hist\u00f3rica - Travel3\",\"isPartOf\":{\"@id\":\"https:\/\/www.travel3.com.br\/site\/#website\"},\"primaryImageOfPage\":{\"@id\":\"https:\/\/www.travel3.com.br\/site\/hotel\/nacional\/hotel-do-cafe-oferece-experiencia-rica-exclusiva-e-historica\/#primaryimage\"},\"image\":{\"@id\":\"https:\/\/www.travel3.com.br\/site\/hotel\/nacional\/hotel-do-cafe-oferece-experiencia-rica-exclusiva-e-historica\/#primaryimage\"},\"thumbnailUrl\":\"https:\/\/www.travel3.com.br\/site\/wp-content\/uploads\/2021\/07\/WhatsApp-Image-2021-07-01-at-16.56.47.jpeg\",\"datePublished\":\"2021-07-02T09:49:01+00:00\",\"dateModified\":\"2021-07-02T11:10:26+00:00\",\"description\":\"Hotel do Caf\u00e9 oferece experi\u00eancia rica, exclusiva e hist\u00f3rica; hospede-se numa propriedade centen\u00e1ria para revisitar o estilo de vida dos Bar\u00f5es do Caf\u00e9\",\"breadcrumb\":{\"@id\":\"https:\/\/www.travel3.com.br\/site\/hotel\/nacional\/hotel-do-cafe-oferece-experiencia-rica-exclusiva-e-historica\/#breadcrumb\"},\"inLanguage\":\"pt-BR\",\"potentialAction\":[{\"@type\":\"ReadAction\",\"target\":[\"https:\/\/www.travel3.com.br\/site\/hotel\/nacional\/hotel-do-cafe-oferece-experiencia-rica-exclusiva-e-historica\/\"]}]},{\"@type\":\"ImageObject\",\"inLanguage\":\"pt-BR\",\"@id\":\"https:\/\/www.travel3.com.br\/site\/hotel\/nacional\/hotel-do-cafe-oferece-experiencia-rica-exclusiva-e-historica\/#primaryimage\",\"url\":\"https:\/\/www.travel3.com.br\/site\/wp-content\/uploads\/2021\/07\/WhatsApp-Image-2021-07-01-at-16.56.47.jpeg\",\"contentUrl\":\"https:\/\/www.travel3.com.br\/site\/wp-content\/uploads\/2021\/07\/WhatsApp-Image-2021-07-01-at-16.56.47.jpeg\",\"width\":1024,\"height\":768,\"caption\":\"Piscina do Hotel do Caf\u00e9\"},{\"@type\":\"BreadcrumbList\",\"@id\":\"https:\/\/www.travel3.com.br\/site\/hotel\/nacional\/hotel-do-cafe-oferece-experiencia-rica-exclusiva-e-historica\/#breadcrumb\",\"itemListElement\":[{\"@type\":\"ListItem\",\"position\":1,\"name\":\"In\u00edcio\",\"item\":\"https:\/\/www.travel3.com.br\/site\/\"},{\"@type\":\"ListItem\",\"position\":2,\"name\":\"Hotel do Caf\u00e9 oferece experi\u00eancia rica, exclusiva e hist\u00f3rica\"}]},{\"@type\":\"WebSite\",\"@id\":\"https:\/\/www.travel3.com.br\/site\/#website\",\"url\":\"https:\/\/www.travel3.com.br\/site\/\",\"name\":\"Travel3\",\"description\":\"Lazer + Neg&oacute;cios + Aventura\",\"publisher\":{\"@id\":\"https:\/\/www.travel3.com.br\/site\/#organization\"},\"potentialAction\":[{\"@type\":\"SearchAction\",\"target\":{\"@type\":\"EntryPoint\",\"urlTemplate\":\"https:\/\/www.travel3.com.br\/site\/?s={search_term_string}\"},\"query-input\":{\"@type\":\"PropertyValueSpecification\",\"valueRequired\":true,\"valueName\":\"search_term_string\"}}],\"inLanguage\":\"pt-BR\"},{\"@type\":\"Organization\",\"@id\":\"https:\/\/www.travel3.com.br\/site\/#organization\",\"name\":\"Travel3\",\"url\":\"https:\/\/www.travel3.com.br\/site\/\",\"logo\":{\"@type\":\"ImageObject\",\"inLanguage\":\"pt-BR\",\"@id\":\"https:\/\/www.travel3.com.br\/site\/#\/schema\/logo\/image\/\",\"url\":\"https:\/\/www.travel3.com.br\/site\/wp-content\/uploads\/2020\/01\/logo-travel3-2020.png\",\"contentUrl\":\"https:\/\/www.travel3.com.br\/site\/wp-content\/uploads\/2020\/01\/logo-travel3-2020.png\",\"width\":232,\"height\":79,\"caption\":\"Travel3\"},\"image\":{\"@id\":\"https:\/\/www.travel3.com.br\/site\/#\/schema\/logo\/image\/\"},\"sameAs\":[\"https:\/\/www.facebook.com\/travel3media\/\",\"https:\/\/www.instagram.com\/revistatravel3\/\",\"https:\/\/www.youtube.com\/channel\/UCno7J4paGBR3VbZQzvoJ9Eg\"]},{\"@type\":\"Person\",\"@id\":\"https:\/\/www.travel3.com.br\/site\/#\/schema\/person\/d837eaf73c4e8896e932e0acede946c0\",\"name\":\"Caroline Tonaco\",\"image\":{\"@type\":\"ImageObject\",\"inLanguage\":\"pt-BR\",\"@id\":\"https:\/\/www.travel3.com.br\/site\/#\/schema\/person\/image\/\",\"url\":\"https:\/\/www.travel3.com.br\/site\/wp-content\/uploads\/2019\/09\/caroline-150x150.jpeg\",\"contentUrl\":\"https:\/\/www.travel3.com.br\/site\/wp-content\/uploads\/2019\/09\/caroline-150x150.jpeg\",\"caption\":\"Caroline Tonaco\"},\"sameAs\":[\"https:\/\/www.travel3.com.br\/\",\"https:\/\/www.instagram.com\/carolinetonaco\/\"],\"url\":\"https:\/\/www.travel3.com.br\/site\/author\/caroline\/\"}]}<\/script>\n<!-- \/ Yoast SEO plugin. -->","yoast_head_json":{"title":"Hotel do Caf\u00e9 oferece experi\u00eancia rica, exclusiva e hist\u00f3rica - Travel3","description":"Hotel do Caf\u00e9 oferece experi\u00eancia rica, exclusiva e hist\u00f3rica; hospede-se numa propriedade centen\u00e1ria para revisitar o estilo de vida dos Bar\u00f5es do Caf\u00e9","robots":{"index":"index","follow":"follow","max-snippet":"max-snippet:-1","max-image-preview":"max-image-preview:large","max-video-preview":"max-video-preview:-1"},"canonical":"https:\/\/www.travel3.com.br\/site\/hotel\/nacional\/hotel-do-cafe-oferece-experiencia-rica-exclusiva-e-historica\/","og_locale":"pt_BR","og_type":"article","og_title":"Hotel do Caf\u00e9 oferece experi\u00eancia rica, exclusiva e hist\u00f3rica - Travel3","og_description":"Hotel do Caf\u00e9 oferece experi\u00eancia rica, exclusiva e hist\u00f3rica; hospede-se numa propriedade centen\u00e1ria para revisitar o estilo de vida dos Bar\u00f5es do Caf\u00e9","og_url":"https:\/\/www.travel3.com.br\/site\/hotel\/nacional\/hotel-do-cafe-oferece-experiencia-rica-exclusiva-e-historica\/","og_site_name":"Travel3","article_publisher":"https:\/\/www.facebook.com\/travel3media\/","article_published_time":"2021-07-02T09:49:01+00:00","article_modified_time":"2021-07-02T11:10:26+00:00","og_image":[{"width":1024,"height":768,"url":"https:\/\/www.travel3.com.br\/site\/wp-content\/uploads\/2021\/07\/WhatsApp-Image-2021-07-01-at-16.56.47.jpeg","type":"image\/jpeg"}],"author":"Caroline Tonaco","twitter_card":"summary_large_image","twitter_misc":{"Escrito por":"Caroline Tonaco","Est. tempo de leitura":"6 minutos"},"schema":{"@context":"https:\/\/schema.org","@graph":[{"@type":"Article","@id":"https:\/\/www.travel3.com.br\/site\/hotel\/nacional\/hotel-do-cafe-oferece-experiencia-rica-exclusiva-e-historica\/#article","isPartOf":{"@id":"https:\/\/www.travel3.com.br\/site\/hotel\/nacional\/hotel-do-cafe-oferece-experiencia-rica-exclusiva-e-historica\/"},"author":{"name":"Caroline Tonaco","@id":"https:\/\/www.travel3.com.br\/site\/#\/schema\/person\/d837eaf73c4e8896e932e0acede946c0"},"headline":"Hotel do Caf\u00e9 oferece experi\u00eancia rica, exclusiva e hist\u00f3rica","datePublished":"2021-07-02T09:49:01+00:00","dateModified":"2021-07-02T11:10:26+00:00","mainEntityOfPage":{"@id":"https:\/\/www.travel3.com.br\/site\/hotel\/nacional\/hotel-do-cafe-oferece-experiencia-rica-exclusiva-e-historica\/"},"wordCount":1170,"commentCount":0,"publisher":{"@id":"https:\/\/www.travel3.com.br\/site\/#organization"},"image":{"@id":"https:\/\/www.travel3.com.br\/site\/hotel\/nacional\/hotel-do-cafe-oferece-experiencia-rica-exclusiva-e-historica\/#primaryimage"},"thumbnailUrl":"https:\/\/www.travel3.com.br\/site\/wp-content\/uploads\/2021\/07\/WhatsApp-Image-2021-07-01-at-16.56.47.jpeg","keywords":["Brasil","Hotel do Caf\u00e9","Rio de Janeiro","Vale do Caf\u00e9"],"articleSection":["Comece a Viajar","Destaque","Hotel","Hotel Nacional"],"inLanguage":"pt-BR","potentialAction":[{"@type":"CommentAction","name":"Comment","target":["https:\/\/www.travel3.com.br\/site\/hotel\/nacional\/hotel-do-cafe-oferece-experiencia-rica-exclusiva-e-historica\/#respond"]}]},{"@type":"WebPage","@id":"https:\/\/www.travel3.com.br\/site\/hotel\/nacional\/hotel-do-cafe-oferece-experiencia-rica-exclusiva-e-historica\/","url":"https:\/\/www.travel3.com.br\/site\/hotel\/nacional\/hotel-do-cafe-oferece-experiencia-rica-exclusiva-e-historica\/","name":"Hotel do Caf\u00e9 oferece experi\u00eancia rica, exclusiva e hist\u00f3rica - Travel3","isPartOf":{"@id":"https:\/\/www.travel3.com.br\/site\/#website"},"primaryImageOfPage":{"@id":"https:\/\/www.travel3.com.br\/site\/hotel\/nacional\/hotel-do-cafe-oferece-experiencia-rica-exclusiva-e-historica\/#primaryimage"},"image":{"@id":"https:\/\/www.travel3.com.br\/site\/hotel\/nacional\/hotel-do-cafe-oferece-experiencia-rica-exclusiva-e-historica\/#primaryimage"},"thumbnailUrl":"https:\/\/www.travel3.com.br\/site\/wp-content\/uploads\/2021\/07\/WhatsApp-Image-2021-07-01-at-16.56.47.jpeg","datePublished":"2021-07-02T09:49:01+00:00","dateModified":"2021-07-02T11:10:26+00:00","description":"Hotel do Caf\u00e9 oferece experi\u00eancia rica, exclusiva e hist\u00f3rica; hospede-se numa propriedade centen\u00e1ria para revisitar o estilo de vida dos Bar\u00f5es do Caf\u00e9","breadcrumb":{"@id":"https:\/\/www.travel3.com.br\/site\/hotel\/nacional\/hotel-do-cafe-oferece-experiencia-rica-exclusiva-e-historica\/#breadcrumb"},"inLanguage":"pt-BR","potentialAction":[{"@type":"ReadAction","target":["https:\/\/www.travel3.com.br\/site\/hotel\/nacional\/hotel-do-cafe-oferece-experiencia-rica-exclusiva-e-historica\/"]}]},{"@type":"ImageObject","inLanguage":"pt-BR","@id":"https:\/\/www.travel3.com.br\/site\/hotel\/nacional\/hotel-do-cafe-oferece-experiencia-rica-exclusiva-e-historica\/#primaryimage","url":"https:\/\/www.travel3.com.br\/site\/wp-content\/uploads\/2021\/07\/WhatsApp-Image-2021-07-01-at-16.56.47.jpeg","contentUrl":"https:\/\/www.travel3.com.br\/site\/wp-content\/uploads\/2021\/07\/WhatsApp-Image-2021-07-01-at-16.56.47.jpeg","width":1024,"height":768,"caption":"Piscina do Hotel do Caf\u00e9"},{"@type":"BreadcrumbList","@id":"https:\/\/www.travel3.com.br\/site\/hotel\/nacional\/hotel-do-cafe-oferece-experiencia-rica-exclusiva-e-historica\/#breadcrumb","itemListElement":[{"@type":"ListItem","position":1,"name":"In\u00edcio","item":"https:\/\/www.travel3.com.br\/site\/"},{"@type":"ListItem","position":2,"name":"Hotel do Caf\u00e9 oferece experi\u00eancia rica, exclusiva e hist\u00f3rica"}]},{"@type":"WebSite","@id":"https:\/\/www.travel3.com.br\/site\/#website","url":"https:\/\/www.travel3.com.br\/site\/","name":"Travel3","description":"Lazer + Neg&oacute;cios + Aventura","publisher":{"@id":"https:\/\/www.travel3.com.br\/site\/#organization"},"potentialAction":[{"@type":"SearchAction","target":{"@type":"EntryPoint","urlTemplate":"https:\/\/www.travel3.com.br\/site\/?s={search_term_string}"},"query-input":{"@type":"PropertyValueSpecification","valueRequired":true,"valueName":"search_term_string"}}],"inLanguage":"pt-BR"},{"@type":"Organization","@id":"https:\/\/www.travel3.com.br\/site\/#organization","name":"Travel3","url":"https:\/\/www.travel3.com.br\/site\/","logo":{"@type":"ImageObject","inLanguage":"pt-BR","@id":"https:\/\/www.travel3.com.br\/site\/#\/schema\/logo\/image\/","url":"https:\/\/www.travel3.com.br\/site\/wp-content\/uploads\/2020\/01\/logo-travel3-2020.png","contentUrl":"https:\/\/www.travel3.com.br\/site\/wp-content\/uploads\/2020\/01\/logo-travel3-2020.png","width":232,"height":79,"caption":"Travel3"},"image":{"@id":"https:\/\/www.travel3.com.br\/site\/#\/schema\/logo\/image\/"},"sameAs":["https:\/\/www.facebook.com\/travel3media\/","https:\/\/www.instagram.com\/revistatravel3\/","https:\/\/www.youtube.com\/channel\/UCno7J4paGBR3VbZQzvoJ9Eg"]},{"@type":"Person","@id":"https:\/\/www.travel3.com.br\/site\/#\/schema\/person\/d837eaf73c4e8896e932e0acede946c0","name":"Caroline Tonaco","image":{"@type":"ImageObject","inLanguage":"pt-BR","@id":"https:\/\/www.travel3.com.br\/site\/#\/schema\/person\/image\/","url":"https:\/\/www.travel3.com.br\/site\/wp-content\/uploads\/2019\/09\/caroline-150x150.jpeg","contentUrl":"https:\/\/www.travel3.com.br\/site\/wp-content\/uploads\/2019\/09\/caroline-150x150.jpeg","caption":"Caroline Tonaco"},"sameAs":["https:\/\/www.travel3.com.br\/","https:\/\/www.instagram.com\/carolinetonaco\/"],"url":"https:\/\/www.travel3.com.br\/site\/author\/caroline\/"}]}},"_links":{"self":[{"href":"https:\/\/www.travel3.com.br\/site\/wp-json\/wp\/v2\/posts\/41405","targetHints":{"allow":["GET"]}}],"collection":[{"href":"https:\/\/www.travel3.com.br\/site\/wp-json\/wp\/v2\/posts"}],"about":[{"href":"https:\/\/www.travel3.com.br\/site\/wp-json\/wp\/v2\/types\/post"}],"author":[{"embeddable":true,"href":"https:\/\/www.travel3.com.br\/site\/wp-json\/wp\/v2\/users\/14"}],"replies":[{"embeddable":true,"href":"https:\/\/www.travel3.com.br\/site\/wp-json\/wp\/v2\/comments?post=41405"}],"version-history":[{"count":31,"href":"https:\/\/www.travel3.com.br\/site\/wp-json\/wp\/v2\/posts\/41405\/revisions"}],"predecessor-version":[{"id":41490,"href":"https:\/\/www.travel3.com.br\/site\/wp-json\/wp\/v2\/posts\/41405\/revisions\/41490"}],"wp:featuredmedia":[{"embeddable":true,"href":"https:\/\/www.travel3.com.br\/site\/wp-json\/wp\/v2\/media\/41468"}],"wp:attachment":[{"href":"https:\/\/www.travel3.com.br\/site\/wp-json\/wp\/v2\/media?parent=41405"}],"wp:term":[{"taxonomy":"category","embeddable":true,"href":"https:\/\/www.travel3.com.br\/site\/wp-json\/wp\/v2\/categories?post=41405"},{"taxonomy":"post_tag","embeddable":true,"href":"https:\/\/www.travel3.com.br\/site\/wp-json\/wp\/v2\/tags?post=41405"}],"curies":[{"name":"wp","href":"https:\/\/api.w.org\/{rel}","templated":true}]}}