{"id":41403,"date":"2021-07-01T06:00:59","date_gmt":"2021-07-01T09:00:59","guid":{"rendered":"https:\/\/www.travel3.com.br\/?p=41403"},"modified":"2021-06-30T23:09:59","modified_gmt":"2021-07-01T02:09:59","slug":"orinter-comemora-os-resultados-de-campanha-beneficente","status":"publish","type":"post","link":"https:\/\/www.travel3.com.br\/site\/acontece-no-turismo\/orinter-comemora-os-resultados-de-campanha-beneficente\/","title":{"rendered":"Orinter comemora os resultados de campanha beneficente"},"content":{"rendered":"\n<h3 class=\"wp-block-heading\" style=\"text-align:center\">Segundo operadora, a\u00e7\u00e3o &#8220;Aque\u00e7a uma Vida&#8221; superou meta de arrecada\u00e7\u00e3o de cobertores<\/h3>\n\n\n\n<p>A Orinter Tour &amp; Travel comemorou os resultados obtidos em sua \u00faltima campanha de vendas, que teve premia\u00e7\u00f5es de cunho social. Segundo a operadora, a a\u00e7\u00e3o, batizada de <strong><a rel=\"noreferrer noopener\" aria-label=\"&quot;Aque\u00e7a uma Vida&quot; (opens in a new tab)\" href=\"https:\/\/www.travel3.com.br\/acontece-no-turismo\/operadoras\/orinter-aposta-em-campanha-de-vendas-com-impacto-social\/\" target=\"_blank\">&#8220;Aque\u00e7a uma Vida&#8221;<\/a><\/strong>, obteve doa\u00e7\u00f5es de cobertores que foram equivalentes a 150% da meta inicialmente estipulada. Como resultado, diferentes entidades de todo o Brasil devem ser beneficiadas com a entrega dos cobertores, arrecadados durante todo o m\u00eas de junho.<\/p>\n\n\n\n<p>As doa\u00e7\u00f5es chegam em um momento de queda de temperaturas em todo o Brasil. Nos \u00faltimos dias, cidades como S\u00e3o Paulo registraram recorde de frio dos \u00faltimos anos, e regi\u00f5es de Santa Catarina presenciaram a menor temperatura registrada no Brasil em 2021. Pensando nisso, segundo a <strong><a href=\"https:\/\/www.orinter.com.br\/\" target=\"_blank\" rel=\"noreferrer noopener\" aria-label=\"Orinter (opens in a new tab)\">Orinter<\/a><\/strong>, os cobertores ser\u00e3o destinados a pessoas em situa\u00e7\u00e3o de rua.<\/p>\n\n\n\n<div class=\"wp-block-image\"><figure class=\"aligncenter\"><img loading=\"lazy\" decoding=\"async\" width=\"1024\" height=\"981\" src=\"https:\/\/www.travel3.com.br\/site\/wp-content\/uploads\/2021\/06\/logo-aque\u00e7a-1024x981.png\" alt=\"Orinter comemorou os resultados da campanha &quot;Aque\u00e7a uma Vida&quot;\" class=\"wp-image-41420\" srcset=\"https:\/\/www.travel3.com.br\/site\/wp-content\/uploads\/2021\/06\/logo-aque\u00e7a-1024x981.png 1024w, https:\/\/www.travel3.com.br\/site\/wp-content\/uploads\/2021\/06\/logo-aque\u00e7a-300x287.png 300w, https:\/\/www.travel3.com.br\/site\/wp-content\/uploads\/2021\/06\/logo-aque\u00e7a-768x736.png 768w, https:\/\/www.travel3.com.br\/site\/wp-content\/uploads\/2021\/06\/logo-aque\u00e7a-750x718.png 750w, https:\/\/www.travel3.com.br\/site\/wp-content\/uploads\/2021\/06\/logo-aque\u00e7a-1140x1092.png 1140w, https:\/\/www.travel3.com.br\/site\/wp-content\/uploads\/2021\/06\/logo-aque\u00e7a.png 1782w\" sizes=\"auto, (max-width: 1024px) 100vw, 1024px\" \/><figcaption>Orinter comemorou os resultados da campanha &#8220;Aque\u00e7a uma Vida&#8221;<\/figcaption><\/figure><\/div>\n\n\n\n<h2 class=\"wp-block-heading\">Apoio \u00e0 campanha<\/h2>\n\n\n\n<p>A operadora agradeceu o apoio dos agentes de viagens \u00e0 a\u00e7\u00e3o &#8211; e reconheceu a ajuda de fornecedores, que tamb\u00e9m participaram com doa\u00e7\u00f5es. Nesse sentido, a Orinter destacou os apoiadores Rede <strong><a rel=\"noreferrer noopener\" aria-label=\"AMResorts (opens in a new tab)\" href=\"https:\/\/www.travel3.com.br\/destaque\/amresorts-tera-duas-novas-propriedades-em-playa-del-carmen\/\" target=\"_blank\">AMResorts<\/a><\/strong>, Rede Barcel\u00f3, Special Tours e Hotel Cana Brava.<\/p>\n\n\n\n<blockquote class=\"wp-block-quote is-layout-flow wp-block-quote-is-layout-flow\"><p>Vale ressaltar que essa \u00e9 a primeira de outras campanhas de impacto social que a Orinter est\u00e1 planejando ainda para 2021. <\/p><cite>Roberto Sanches &#8211; Diretor da Orinter<\/cite><\/blockquote>\n","protected":false},"excerpt":{"rendered":"<p>Segundo operadora, a\u00e7\u00e3o &#8220;Aque\u00e7a uma Vida&#8221; superou meta de arrecada\u00e7\u00e3o de cobertores A Orinter Tour &amp; Travel comemorou os resultados obtidos em sua \u00faltima campanha de vendas, que teve premia\u00e7\u00f5es de cunho social. Segundo a operadora, a a\u00e7\u00e3o, batizada de &#8220;Aque\u00e7a uma Vida&#8221;, obteve doa\u00e7\u00f5es de cobertores que foram equivalentes a 150% da meta inicialmente [&hellip;]<\/p>\n","protected":false},"author":6,"featured_media":41419,"comment_status":"open","ping_status":"open","sticky":false,"template":"","format":"standard","meta":{"footnotes":""},"categories":[969,226,4],"tags":[4540,940,262,337],"class_list":["post-41403","post","type-post","status-publish","format-standard","has-post-thumbnail","hentry","category-acontece-no-turismo","category-destaque","category-operadoras","tag-campanha-beneficente","tag-inverno","tag-orinter","tag-orinter-tour-travel"],"yoast_head":"<!-- This site is optimized with the Yoast SEO plugin v26.2 - https:\/\/yoast.com\/wordpress\/plugins\/seo\/ -->\n<title>Orinter comemora os resultados de campanha beneficente - Travel3<\/title>\n<meta name=\"description\" content=\"Orinter comemora os resultados de campanha beneficente; segundo operadora, a\u00e7\u00e3o &quot;Aque\u00e7a uma Vida&quot; superou meta de arrecada\u00e7\u00e3o de cobertores\" \/>\n<meta name=\"robots\" content=\"index, follow, max-snippet:-1, max-image-preview:large, max-video-preview:-1\" \/>\n<link rel=\"canonical\" href=\"https:\/\/www.travel3.com.br\/site\/acontece-no-turismo\/orinter-comemora-os-resultados-de-campanha-beneficente\/\" \/>\n<meta property=\"og:locale\" content=\"pt_BR\" \/>\n<meta property=\"og:type\" content=\"article\" \/>\n<meta property=\"og:title\" content=\"Orinter comemora os resultados de campanha beneficente - Travel3\" \/>\n<meta property=\"og:description\" content=\"Orinter comemora os resultados de campanha beneficente; segundo operadora, a\u00e7\u00e3o &quot;Aque\u00e7a uma Vida&quot; superou meta de arrecada\u00e7\u00e3o de cobertores\" \/>\n<meta property=\"og:url\" content=\"https:\/\/www.travel3.com.br\/site\/acontece-no-turismo\/orinter-comemora-os-resultados-de-campanha-beneficente\/\" \/>\n<meta property=\"og:site_name\" content=\"Travel3\" \/>\n<meta property=\"article:publisher\" content=\"https:\/\/www.facebook.com\/travel3media\/\" \/>\n<meta property=\"article:published_time\" content=\"2021-07-01T09:00:59+00:00\" \/>\n<meta property=\"og:image\" content=\"https:\/\/www.travel3.com.br\/site\/wp-content\/uploads\/2021\/06\/blanket-2593141_1280.jpg\" \/>\n\t<meta property=\"og:image:width\" content=\"1280\" \/>\n\t<meta property=\"og:image:height\" content=\"832\" \/>\n\t<meta property=\"og:image:type\" content=\"image\/jpeg\" \/>\n<meta name=\"author\" content=\"Reda\u00e7\u00e3o Travel3\" \/>\n<meta name=\"twitter:card\" content=\"summary_large_image\" \/>\n<meta name=\"twitter:label1\" content=\"Escrito por\" \/>\n\t<meta name=\"twitter:data1\" content=\"Reda\u00e7\u00e3o Travel3\" \/>\n\t<meta name=\"twitter:label2\" content=\"Est. tempo de leitura\" \/>\n\t<meta name=\"twitter:data2\" content=\"1 minuto\" \/>\n<script type=\"application\/ld+json\" class=\"yoast-schema-graph\">{\"@context\":\"https:\/\/schema.org\",\"@graph\":[{\"@type\":\"Article\",\"@id\":\"https:\/\/www.travel3.com.br\/site\/acontece-no-turismo\/orinter-comemora-os-resultados-de-campanha-beneficente\/#article\",\"isPartOf\":{\"@id\":\"https:\/\/www.travel3.com.br\/site\/acontece-no-turismo\/orinter-comemora-os-resultados-de-campanha-beneficente\/\"},\"author\":{\"name\":\"Reda\u00e7\u00e3o Travel3\",\"@id\":\"https:\/\/www.travel3.com.br\/site\/#\/schema\/person\/9cff8daac0a2f1aa0799f827b8aa8308\"},\"headline\":\"Orinter comemora os resultados de campanha beneficente\",\"datePublished\":\"2021-07-01T09:00:59+00:00\",\"mainEntityOfPage\":{\"@id\":\"https:\/\/www.travel3.com.br\/site\/acontece-no-turismo\/orinter-comemora-os-resultados-de-campanha-beneficente\/\"},\"wordCount\":233,\"commentCount\":0,\"publisher\":{\"@id\":\"https:\/\/www.travel3.com.br\/site\/#organization\"},\"image\":{\"@id\":\"https:\/\/www.travel3.com.br\/site\/acontece-no-turismo\/orinter-comemora-os-resultados-de-campanha-beneficente\/#primaryimage\"},\"thumbnailUrl\":\"https:\/\/www.travel3.com.br\/site\/wp-content\/uploads\/2021\/06\/blanket-2593141_1280.jpg\",\"keywords\":[\"Campanha beneficente\",\"inverno\",\"Orinter\",\"Orinter Tour &amp; Travel\"],\"articleSection\":[\"Acontece no Turismo\",\"Destaque\",\"Operadoras\"],\"inLanguage\":\"pt-BR\",\"potentialAction\":[{\"@type\":\"CommentAction\",\"name\":\"Comment\",\"target\":[\"https:\/\/www.travel3.com.br\/site\/acontece-no-turismo\/orinter-comemora-os-resultados-de-campanha-beneficente\/#respond\"]}]},{\"@type\":\"WebPage\",\"@id\":\"https:\/\/www.travel3.com.br\/site\/acontece-no-turismo\/orinter-comemora-os-resultados-de-campanha-beneficente\/\",\"url\":\"https:\/\/www.travel3.com.br\/site\/acontece-no-turismo\/orinter-comemora-os-resultados-de-campanha-beneficente\/\",\"name\":\"Orinter comemora os resultados de campanha beneficente - Travel3\",\"isPartOf\":{\"@id\":\"https:\/\/www.travel3.com.br\/site\/#website\"},\"primaryImageOfPage\":{\"@id\":\"https:\/\/www.travel3.com.br\/site\/acontece-no-turismo\/orinter-comemora-os-resultados-de-campanha-beneficente\/#primaryimage\"},\"image\":{\"@id\":\"https:\/\/www.travel3.com.br\/site\/acontece-no-turismo\/orinter-comemora-os-resultados-de-campanha-beneficente\/#primaryimage\"},\"thumbnailUrl\":\"https:\/\/www.travel3.com.br\/site\/wp-content\/uploads\/2021\/06\/blanket-2593141_1280.jpg\",\"datePublished\":\"2021-07-01T09:00:59+00:00\",\"description\":\"Orinter comemora os resultados de campanha beneficente; segundo operadora, a\u00e7\u00e3o \\\"Aque\u00e7a uma Vida\\\" superou meta de arrecada\u00e7\u00e3o de cobertores\",\"breadcrumb\":{\"@id\":\"https:\/\/www.travel3.com.br\/site\/acontece-no-turismo\/orinter-comemora-os-resultados-de-campanha-beneficente\/#breadcrumb\"},\"inLanguage\":\"pt-BR\",\"potentialAction\":[{\"@type\":\"ReadAction\",\"target\":[\"https:\/\/www.travel3.com.br\/site\/acontece-no-turismo\/orinter-comemora-os-resultados-de-campanha-beneficente\/\"]}]},{\"@type\":\"ImageObject\",\"inLanguage\":\"pt-BR\",\"@id\":\"https:\/\/www.travel3.com.br\/site\/acontece-no-turismo\/orinter-comemora-os-resultados-de-campanha-beneficente\/#primaryimage\",\"url\":\"https:\/\/www.travel3.com.br\/site\/wp-content\/uploads\/2021\/06\/blanket-2593141_1280.jpg\",\"contentUrl\":\"https:\/\/www.travel3.com.br\/site\/wp-content\/uploads\/2021\/06\/blanket-2593141_1280.jpg\",\"width\":1280,\"height\":832,\"caption\":\"Foto: Divulga\u00e7\u00e3o\"},{\"@type\":\"BreadcrumbList\",\"@id\":\"https:\/\/www.travel3.com.br\/site\/acontece-no-turismo\/orinter-comemora-os-resultados-de-campanha-beneficente\/#breadcrumb\",\"itemListElement\":[{\"@type\":\"ListItem\",\"position\":1,\"name\":\"In\u00edcio\",\"item\":\"https:\/\/www.travel3.com.br\/site\/\"},{\"@type\":\"ListItem\",\"position\":2,\"name\":\"Orinter comemora os resultados de campanha beneficente\"}]},{\"@type\":\"WebSite\",\"@id\":\"https:\/\/www.travel3.com.br\/site\/#website\",\"url\":\"https:\/\/www.travel3.com.br\/site\/\",\"name\":\"Travel3\",\"description\":\"Lazer + Neg&oacute;cios + Aventura\",\"publisher\":{\"@id\":\"https:\/\/www.travel3.com.br\/site\/#organization\"},\"potentialAction\":[{\"@type\":\"SearchAction\",\"target\":{\"@type\":\"EntryPoint\",\"urlTemplate\":\"https:\/\/www.travel3.com.br\/site\/?s={search_term_string}\"},\"query-input\":{\"@type\":\"PropertyValueSpecification\",\"valueRequired\":true,\"valueName\":\"search_term_string\"}}],\"inLanguage\":\"pt-BR\"},{\"@type\":\"Organization\",\"@id\":\"https:\/\/www.travel3.com.br\/site\/#organization\",\"name\":\"Travel3\",\"url\":\"https:\/\/www.travel3.com.br\/site\/\",\"logo\":{\"@type\":\"ImageObject\",\"inLanguage\":\"pt-BR\",\"@id\":\"https:\/\/www.travel3.com.br\/site\/#\/schema\/logo\/image\/\",\"url\":\"https:\/\/www.travel3.com.br\/site\/wp-content\/uploads\/2020\/01\/logo-travel3-2020.png\",\"contentUrl\":\"https:\/\/www.travel3.com.br\/site\/wp-content\/uploads\/2020\/01\/logo-travel3-2020.png\",\"width\":232,\"height\":79,\"caption\":\"Travel3\"},\"image\":{\"@id\":\"https:\/\/www.travel3.com.br\/site\/#\/schema\/logo\/image\/\"},\"sameAs\":[\"https:\/\/www.facebook.com\/travel3media\/\",\"https:\/\/www.instagram.com\/revistatravel3\/\",\"https:\/\/www.youtube.com\/channel\/UCno7J4paGBR3VbZQzvoJ9Eg\"]},{\"@type\":\"Person\",\"@id\":\"https:\/\/www.travel3.com.br\/site\/#\/schema\/person\/9cff8daac0a2f1aa0799f827b8aa8308\",\"name\":\"Reda\u00e7\u00e3o Travel3\",\"image\":{\"@type\":\"ImageObject\",\"inLanguage\":\"pt-BR\",\"@id\":\"https:\/\/www.travel3.com.br\/site\/#\/schema\/person\/image\/\",\"url\":\"https:\/\/secure.gravatar.com\/avatar\/6e6125525e1f04b7b8c607d71556e490?s=96&d=mm&r=g\",\"contentUrl\":\"https:\/\/secure.gravatar.com\/avatar\/6e6125525e1f04b7b8c607d71556e490?s=96&d=mm&r=g\",\"caption\":\"Reda\u00e7\u00e3o Travel3\"},\"sameAs\":[\"http:\/\/www.travel3.com.br\"],\"url\":\"https:\/\/www.travel3.com.br\/site\/author\/redacao2\/\"}]}<\/script>\n<!-- \/ Yoast SEO plugin. -->","yoast_head_json":{"title":"Orinter comemora os resultados de campanha beneficente - Travel3","description":"Orinter comemora os resultados de campanha beneficente; segundo operadora, a\u00e7\u00e3o \"Aque\u00e7a uma Vida\" superou meta de arrecada\u00e7\u00e3o de cobertores","robots":{"index":"index","follow":"follow","max-snippet":"max-snippet:-1","max-image-preview":"max-image-preview:large","max-video-preview":"max-video-preview:-1"},"canonical":"https:\/\/www.travel3.com.br\/site\/acontece-no-turismo\/orinter-comemora-os-resultados-de-campanha-beneficente\/","og_locale":"pt_BR","og_type":"article","og_title":"Orinter comemora os resultados de campanha beneficente - Travel3","og_description":"Orinter comemora os resultados de campanha beneficente; segundo operadora, a\u00e7\u00e3o \"Aque\u00e7a uma Vida\" superou meta de arrecada\u00e7\u00e3o de cobertores","og_url":"https:\/\/www.travel3.com.br\/site\/acontece-no-turismo\/orinter-comemora-os-resultados-de-campanha-beneficente\/","og_site_name":"Travel3","article_publisher":"https:\/\/www.facebook.com\/travel3media\/","article_published_time":"2021-07-01T09:00:59+00:00","og_image":[{"width":1280,"height":832,"url":"https:\/\/www.travel3.com.br\/site\/wp-content\/uploads\/2021\/06\/blanket-2593141_1280.jpg","type":"image\/jpeg"}],"author":"Reda\u00e7\u00e3o Travel3","twitter_card":"summary_large_image","twitter_misc":{"Escrito por":"Reda\u00e7\u00e3o Travel3","Est. tempo de leitura":"1 minuto"},"schema":{"@context":"https:\/\/schema.org","@graph":[{"@type":"Article","@id":"https:\/\/www.travel3.com.br\/site\/acontece-no-turismo\/orinter-comemora-os-resultados-de-campanha-beneficente\/#article","isPartOf":{"@id":"https:\/\/www.travel3.com.br\/site\/acontece-no-turismo\/orinter-comemora-os-resultados-de-campanha-beneficente\/"},"author":{"name":"Reda\u00e7\u00e3o Travel3","@id":"https:\/\/www.travel3.com.br\/site\/#\/schema\/person\/9cff8daac0a2f1aa0799f827b8aa8308"},"headline":"Orinter comemora os resultados de campanha beneficente","datePublished":"2021-07-01T09:00:59+00:00","mainEntityOfPage":{"@id":"https:\/\/www.travel3.com.br\/site\/acontece-no-turismo\/orinter-comemora-os-resultados-de-campanha-beneficente\/"},"wordCount":233,"commentCount":0,"publisher":{"@id":"https:\/\/www.travel3.com.br\/site\/#organization"},"image":{"@id":"https:\/\/www.travel3.com.br\/site\/acontece-no-turismo\/orinter-comemora-os-resultados-de-campanha-beneficente\/#primaryimage"},"thumbnailUrl":"https:\/\/www.travel3.com.br\/site\/wp-content\/uploads\/2021\/06\/blanket-2593141_1280.jpg","keywords":["Campanha beneficente","inverno","Orinter","Orinter Tour &amp; Travel"],"articleSection":["Acontece no Turismo","Destaque","Operadoras"],"inLanguage":"pt-BR","potentialAction":[{"@type":"CommentAction","name":"Comment","target":["https:\/\/www.travel3.com.br\/site\/acontece-no-turismo\/orinter-comemora-os-resultados-de-campanha-beneficente\/#respond"]}]},{"@type":"WebPage","@id":"https:\/\/www.travel3.com.br\/site\/acontece-no-turismo\/orinter-comemora-os-resultados-de-campanha-beneficente\/","url":"https:\/\/www.travel3.com.br\/site\/acontece-no-turismo\/orinter-comemora-os-resultados-de-campanha-beneficente\/","name":"Orinter comemora os resultados de campanha beneficente - Travel3","isPartOf":{"@id":"https:\/\/www.travel3.com.br\/site\/#website"},"primaryImageOfPage":{"@id":"https:\/\/www.travel3.com.br\/site\/acontece-no-turismo\/orinter-comemora-os-resultados-de-campanha-beneficente\/#primaryimage"},"image":{"@id":"https:\/\/www.travel3.com.br\/site\/acontece-no-turismo\/orinter-comemora-os-resultados-de-campanha-beneficente\/#primaryimage"},"thumbnailUrl":"https:\/\/www.travel3.com.br\/site\/wp-content\/uploads\/2021\/06\/blanket-2593141_1280.jpg","datePublished":"2021-07-01T09:00:59+00:00","description":"Orinter comemora os resultados de campanha beneficente; segundo operadora, a\u00e7\u00e3o \"Aque\u00e7a uma Vida\" superou meta de arrecada\u00e7\u00e3o de cobertores","breadcrumb":{"@id":"https:\/\/www.travel3.com.br\/site\/acontece-no-turismo\/orinter-comemora-os-resultados-de-campanha-beneficente\/#breadcrumb"},"inLanguage":"pt-BR","potentialAction":[{"@type":"ReadAction","target":["https:\/\/www.travel3.com.br\/site\/acontece-no-turismo\/orinter-comemora-os-resultados-de-campanha-beneficente\/"]}]},{"@type":"ImageObject","inLanguage":"pt-BR","@id":"https:\/\/www.travel3.com.br\/site\/acontece-no-turismo\/orinter-comemora-os-resultados-de-campanha-beneficente\/#primaryimage","url":"https:\/\/www.travel3.com.br\/site\/wp-content\/uploads\/2021\/06\/blanket-2593141_1280.jpg","contentUrl":"https:\/\/www.travel3.com.br\/site\/wp-content\/uploads\/2021\/06\/blanket-2593141_1280.jpg","width":1280,"height":832,"caption":"Foto: Divulga\u00e7\u00e3o"},{"@type":"BreadcrumbList","@id":"https:\/\/www.travel3.com.br\/site\/acontece-no-turismo\/orinter-comemora-os-resultados-de-campanha-beneficente\/#breadcrumb","itemListElement":[{"@type":"ListItem","position":1,"name":"In\u00edcio","item":"https:\/\/www.travel3.com.br\/site\/"},{"@type":"ListItem","position":2,"name":"Orinter comemora os resultados de campanha beneficente"}]},{"@type":"WebSite","@id":"https:\/\/www.travel3.com.br\/site\/#website","url":"https:\/\/www.travel3.com.br\/site\/","name":"Travel3","description":"Lazer + Neg&oacute;cios + Aventura","publisher":{"@id":"https:\/\/www.travel3.com.br\/site\/#organization"},"potentialAction":[{"@type":"SearchAction","target":{"@type":"EntryPoint","urlTemplate":"https:\/\/www.travel3.com.br\/site\/?s={search_term_string}"},"query-input":{"@type":"PropertyValueSpecification","valueRequired":true,"valueName":"search_term_string"}}],"inLanguage":"pt-BR"},{"@type":"Organization","@id":"https:\/\/www.travel3.com.br\/site\/#organization","name":"Travel3","url":"https:\/\/www.travel3.com.br\/site\/","logo":{"@type":"ImageObject","inLanguage":"pt-BR","@id":"https:\/\/www.travel3.com.br\/site\/#\/schema\/logo\/image\/","url":"https:\/\/www.travel3.com.br\/site\/wp-content\/uploads\/2020\/01\/logo-travel3-2020.png","contentUrl":"https:\/\/www.travel3.com.br\/site\/wp-content\/uploads\/2020\/01\/logo-travel3-2020.png","width":232,"height":79,"caption":"Travel3"},"image":{"@id":"https:\/\/www.travel3.com.br\/site\/#\/schema\/logo\/image\/"},"sameAs":["https:\/\/www.facebook.com\/travel3media\/","https:\/\/www.instagram.com\/revistatravel3\/","https:\/\/www.youtube.com\/channel\/UCno7J4paGBR3VbZQzvoJ9Eg"]},{"@type":"Person","@id":"https:\/\/www.travel3.com.br\/site\/#\/schema\/person\/9cff8daac0a2f1aa0799f827b8aa8308","name":"Reda\u00e7\u00e3o Travel3","image":{"@type":"ImageObject","inLanguage":"pt-BR","@id":"https:\/\/www.travel3.com.br\/site\/#\/schema\/person\/image\/","url":"https:\/\/secure.gravatar.com\/avatar\/6e6125525e1f04b7b8c607d71556e490?s=96&d=mm&r=g","contentUrl":"https:\/\/secure.gravatar.com\/avatar\/6e6125525e1f04b7b8c607d71556e490?s=96&d=mm&r=g","caption":"Reda\u00e7\u00e3o Travel3"},"sameAs":["http:\/\/www.travel3.com.br"],"url":"https:\/\/www.travel3.com.br\/site\/author\/redacao2\/"}]}},"_links":{"self":[{"href":"https:\/\/www.travel3.com.br\/site\/wp-json\/wp\/v2\/posts\/41403","targetHints":{"allow":["GET"]}}],"collection":[{"href":"https:\/\/www.travel3.com.br\/site\/wp-json\/wp\/v2\/posts"}],"about":[{"href":"https:\/\/www.travel3.com.br\/site\/wp-json\/wp\/v2\/types\/post"}],"author":[{"embeddable":true,"href":"https:\/\/www.travel3.com.br\/site\/wp-json\/wp\/v2\/users\/6"}],"replies":[{"embeddable":true,"href":"https:\/\/www.travel3.com.br\/site\/wp-json\/wp\/v2\/comments?post=41403"}],"version-history":[{"count":2,"href":"https:\/\/www.travel3.com.br\/site\/wp-json\/wp\/v2\/posts\/41403\/revisions"}],"predecessor-version":[{"id":41421,"href":"https:\/\/www.travel3.com.br\/site\/wp-json\/wp\/v2\/posts\/41403\/revisions\/41421"}],"wp:featuredmedia":[{"embeddable":true,"href":"https:\/\/www.travel3.com.br\/site\/wp-json\/wp\/v2\/media\/41419"}],"wp:attachment":[{"href":"https:\/\/www.travel3.com.br\/site\/wp-json\/wp\/v2\/media?parent=41403"}],"wp:term":[{"taxonomy":"category","embeddable":true,"href":"https:\/\/www.travel3.com.br\/site\/wp-json\/wp\/v2\/categories?post=41403"},{"taxonomy":"post_tag","embeddable":true,"href":"https:\/\/www.travel3.com.br\/site\/wp-json\/wp\/v2\/tags?post=41403"}],"curies":[{"name":"wp","href":"https:\/\/api.w.org\/{rel}","templated":true}]}}