{"id":41188,"date":"2021-06-07T06:00:08","date_gmt":"2021-06-07T09:00:08","guid":{"rendered":"https:\/\/www.travel3.com.br\/?p=41188"},"modified":"2021-06-06T17:24:41","modified_gmt":"2021-06-06T20:24:41","slug":"aruba-reabre-fronteiras-a-brasileiros-nesta-segunda-feira","status":"publish","type":"post","link":"https:\/\/www.travel3.com.br\/site\/comece-a-viajar\/aruba-reabre-fronteiras-a-brasileiros-nesta-segunda-feira\/","title":{"rendered":"Aruba reabre fronteiras a brasileiros nesta segunda-feira"},"content":{"rendered":"\n<div class=\"wp-block-image\"><figure class=\"aligncenter\"><img loading=\"lazy\" decoding=\"async\" width=\"702\" height=\"329\" src=\"https:\/\/www.travel3.com.br\/site\/wp-content\/uploads\/2021\/06\/unnamed-6.jpg\" alt=\"Praia de Aruba, pa\u00eds reabriu fronteiras\" class=\"wp-image-41189\" srcset=\"https:\/\/www.travel3.com.br\/site\/wp-content\/uploads\/2021\/06\/unnamed-6.jpg 702w, https:\/\/www.travel3.com.br\/site\/wp-content\/uploads\/2021\/06\/unnamed-6-300x141.jpg 300w\" sizes=\"auto, (max-width: 702px) 100vw, 702px\" \/><figcaption>Brasileiros j\u00e1 podem entrar em Aruba, que reabre suas fronteiras a partir de hoje, 7 de julho (Foto: Divulga\u00e7\u00e3o)<\/figcaption><\/figure><\/div>\n\n\n\n<h3 class=\"wp-block-heading\" style=\"text-align:center\">Com mais de 65% da popula\u00e7\u00e3o local imunizada, destino volta a receber turistas<\/h3>\n\n\n\n<p>A ilha de Aruba, no Caribe, anunciou a reabertura de suas fronteiras a turistas brasileiros a partir desta segunda-feira, 7 de junho. Para isso, al\u00e9m de medidas de higiene no destino, aplicam-se algumas exig\u00eancias espec\u00edficas aos turistas.<\/p>\n\n\n\n<p>Brasileiros que pretendam visitar Aruba devem, al\u00e9m de apresentar comprovante de vacina para a Febre Amarela, baixar o aplicativo de sa\u00fade do destino; por meio do qual ser\u00e1 preenchida a ficha de embarque e desembarque &#8211; ou ED card. Para completar o documento, \u00e9 necess\u00e1rio fazer upload de teste <a rel=\"noreferrer noopener\" aria-label=\"PCR negativo (opens in a new tab)\" href=\"https:\/\/www.travel3.com.br\/ir-e-vir\/copa-airlines-oferece-descontos-em-exames-rt-pcr\/\" target=\"_blank\"><strong>PCR negativo<\/strong><\/a> para Covid-19 realizado de 72 a 12 horas antes do embarque.<\/p>\n\n\n\n<p>Al\u00e9m disso, \u00e9 obrigat\u00f3rio aos viajantes fazer o <strong><a href=\"https:\/\/www.arubavisitorsinsurance.com\/\" target=\"_blank\" rel=\"noreferrer noopener\" aria-label=\"seguro viagem de Aruba (opens in a new tab)\">seguro viagem de Aruba<\/a><\/strong>, criado pelo governo local para cobrir eventuais custos relacionados \u00e0 Covid-19 na ilha. O valor para maiores de 15 anos \u00e9 de US$30, e de US$10 para menores de 14 anos.<\/p>\n\n\n\n<p style=\"text-align:center\"><strong><a href=\"https:\/\/www.aruba.com\/br\" target=\"_blank\" rel=\"noreferrer noopener\" aria-label=\"Saiba mais sobre os protocolos de seguran\u00e7a em Aruba (opens in a new tab)\">Saiba mais sobre os protocolos de seguran\u00e7a em Aruba<\/a><\/strong><\/p>\n\n\n\n<blockquote class=\"wp-block-quote is-layout-flow wp-block-quote-is-layout-flow\"><p>Estamos muito orgulhosos de abrir as fronteiras com o Brasil novamente. Al\u00e9m dos protocolos de entrada, estabelecemos o &#8220;C\u00f3digo de Sa\u00fade e Felicidade de Aruba&#8221;, um programa rigoroso de certifica\u00e7\u00e3o de limpeza e higiene realizado por todas as empresas relacionadas ao turismo em todo o pa\u00eds. Isso tem se mostrado bastante sucesso na opera\u00e7\u00e3o local.<\/p><cite><strong>Ronella Croes<\/strong> &#8211; CEO da Autoridade de Turismo de Aruba<\/cite><\/blockquote>\n","protected":false},"excerpt":{"rendered":"<p>Com mais de 65% da popula\u00e7\u00e3o local imunizada, destino volta a receber turistas A ilha de Aruba, no Caribe, anunciou a reabertura de suas fronteiras a turistas brasileiros a partir desta segunda-feira, 7 de junho. Para isso, al\u00e9m de medidas de higiene no destino, aplicam-se algumas exig\u00eancias espec\u00edficas aos turistas. Brasileiros que pretendam visitar Aruba [&hellip;]<\/p>\n","protected":false},"author":6,"featured_media":41189,"comment_status":"open","ping_status":"open","sticky":false,"template":"","format":"standard","meta":{"footnotes":""},"categories":[884,226],"tags":[760,4117],"class_list":["post-41188","post","type-post","status-publish","format-standard","has-post-thumbnail","hentry","category-comece-a-viajar","category-destaque","tag-aruba","tag-retomada-do-turismo"],"yoast_head":"<!-- This site is optimized with the Yoast SEO plugin v26.2 - https:\/\/yoast.com\/wordpress\/plugins\/seo\/ -->\n<title>Aruba reabre fronteiras a brasileiros nesta segunda-feira - Travel3<\/title>\n<meta name=\"description\" content=\"Aruba reabre fronteiras a brasileiros nesta segunda-feira; com mais de 65% da popula\u00e7\u00e3o local imunizada, destino volta a receber turistas\" \/>\n<meta name=\"robots\" content=\"index, follow, max-snippet:-1, max-image-preview:large, max-video-preview:-1\" \/>\n<link rel=\"canonical\" href=\"https:\/\/www.travel3.com.br\/site\/comece-a-viajar\/aruba-reabre-fronteiras-a-brasileiros-nesta-segunda-feira\/\" \/>\n<meta property=\"og:locale\" content=\"pt_BR\" \/>\n<meta property=\"og:type\" content=\"article\" \/>\n<meta property=\"og:title\" content=\"Aruba reabre fronteiras a brasileiros nesta segunda-feira - Travel3\" \/>\n<meta property=\"og:description\" content=\"Aruba reabre fronteiras a brasileiros nesta segunda-feira; com mais de 65% da popula\u00e7\u00e3o local imunizada, destino volta a receber turistas\" \/>\n<meta property=\"og:url\" content=\"https:\/\/www.travel3.com.br\/site\/comece-a-viajar\/aruba-reabre-fronteiras-a-brasileiros-nesta-segunda-feira\/\" \/>\n<meta property=\"og:site_name\" content=\"Travel3\" \/>\n<meta property=\"article:publisher\" content=\"https:\/\/www.facebook.com\/travel3media\/\" \/>\n<meta property=\"article:published_time\" content=\"2021-06-07T09:00:08+00:00\" \/>\n<meta property=\"og:image\" content=\"https:\/\/www.travel3.com.br\/site\/wp-content\/uploads\/2021\/06\/unnamed-6.jpg\" \/>\n\t<meta property=\"og:image:width\" content=\"702\" \/>\n\t<meta property=\"og:image:height\" content=\"329\" \/>\n\t<meta property=\"og:image:type\" content=\"image\/jpeg\" \/>\n<meta name=\"author\" content=\"Reda\u00e7\u00e3o Travel3\" \/>\n<meta name=\"twitter:card\" content=\"summary_large_image\" \/>\n<meta name=\"twitter:label1\" content=\"Escrito por\" \/>\n\t<meta name=\"twitter:data1\" content=\"Reda\u00e7\u00e3o Travel3\" \/>\n\t<meta name=\"twitter:label2\" content=\"Est. tempo de leitura\" \/>\n\t<meta name=\"twitter:data2\" content=\"1 minuto\" \/>\n<script type=\"application\/ld+json\" class=\"yoast-schema-graph\">{\"@context\":\"https:\/\/schema.org\",\"@graph\":[{\"@type\":\"Article\",\"@id\":\"https:\/\/www.travel3.com.br\/site\/comece-a-viajar\/aruba-reabre-fronteiras-a-brasileiros-nesta-segunda-feira\/#article\",\"isPartOf\":{\"@id\":\"https:\/\/www.travel3.com.br\/site\/comece-a-viajar\/aruba-reabre-fronteiras-a-brasileiros-nesta-segunda-feira\/\"},\"author\":{\"name\":\"Reda\u00e7\u00e3o Travel3\",\"@id\":\"https:\/\/www.travel3.com.br\/site\/#\/schema\/person\/9cff8daac0a2f1aa0799f827b8aa8308\"},\"headline\":\"Aruba reabre fronteiras a brasileiros nesta segunda-feira\",\"datePublished\":\"2021-06-07T09:00:08+00:00\",\"mainEntityOfPage\":{\"@id\":\"https:\/\/www.travel3.com.br\/site\/comece-a-viajar\/aruba-reabre-fronteiras-a-brasileiros-nesta-segunda-feira\/\"},\"wordCount\":261,\"commentCount\":0,\"publisher\":{\"@id\":\"https:\/\/www.travel3.com.br\/site\/#organization\"},\"image\":{\"@id\":\"https:\/\/www.travel3.com.br\/site\/comece-a-viajar\/aruba-reabre-fronteiras-a-brasileiros-nesta-segunda-feira\/#primaryimage\"},\"thumbnailUrl\":\"https:\/\/www.travel3.com.br\/site\/wp-content\/uploads\/2021\/06\/unnamed-6.jpg\",\"keywords\":[\"aruba\",\"Retomada do Turismo\"],\"articleSection\":[\"Comece a Viajar\",\"Destaque\"],\"inLanguage\":\"pt-BR\",\"potentialAction\":[{\"@type\":\"CommentAction\",\"name\":\"Comment\",\"target\":[\"https:\/\/www.travel3.com.br\/site\/comece-a-viajar\/aruba-reabre-fronteiras-a-brasileiros-nesta-segunda-feira\/#respond\"]}]},{\"@type\":\"WebPage\",\"@id\":\"https:\/\/www.travel3.com.br\/site\/comece-a-viajar\/aruba-reabre-fronteiras-a-brasileiros-nesta-segunda-feira\/\",\"url\":\"https:\/\/www.travel3.com.br\/site\/comece-a-viajar\/aruba-reabre-fronteiras-a-brasileiros-nesta-segunda-feira\/\",\"name\":\"Aruba reabre fronteiras a brasileiros nesta segunda-feira - Travel3\",\"isPartOf\":{\"@id\":\"https:\/\/www.travel3.com.br\/site\/#website\"},\"primaryImageOfPage\":{\"@id\":\"https:\/\/www.travel3.com.br\/site\/comece-a-viajar\/aruba-reabre-fronteiras-a-brasileiros-nesta-segunda-feira\/#primaryimage\"},\"image\":{\"@id\":\"https:\/\/www.travel3.com.br\/site\/comece-a-viajar\/aruba-reabre-fronteiras-a-brasileiros-nesta-segunda-feira\/#primaryimage\"},\"thumbnailUrl\":\"https:\/\/www.travel3.com.br\/site\/wp-content\/uploads\/2021\/06\/unnamed-6.jpg\",\"datePublished\":\"2021-06-07T09:00:08+00:00\",\"description\":\"Aruba reabre fronteiras a brasileiros nesta segunda-feira; com mais de 65% da popula\u00e7\u00e3o local imunizada, destino volta a receber turistas\",\"breadcrumb\":{\"@id\":\"https:\/\/www.travel3.com.br\/site\/comece-a-viajar\/aruba-reabre-fronteiras-a-brasileiros-nesta-segunda-feira\/#breadcrumb\"},\"inLanguage\":\"pt-BR\",\"potentialAction\":[{\"@type\":\"ReadAction\",\"target\":[\"https:\/\/www.travel3.com.br\/site\/comece-a-viajar\/aruba-reabre-fronteiras-a-brasileiros-nesta-segunda-feira\/\"]}]},{\"@type\":\"ImageObject\",\"inLanguage\":\"pt-BR\",\"@id\":\"https:\/\/www.travel3.com.br\/site\/comece-a-viajar\/aruba-reabre-fronteiras-a-brasileiros-nesta-segunda-feira\/#primaryimage\",\"url\":\"https:\/\/www.travel3.com.br\/site\/wp-content\/uploads\/2021\/06\/unnamed-6.jpg\",\"contentUrl\":\"https:\/\/www.travel3.com.br\/site\/wp-content\/uploads\/2021\/06\/unnamed-6.jpg\",\"width\":702,\"height\":329,\"caption\":\"Brasileiros podem entrar em Aruba a partir de hoje, 7 de julho (Foto: Divulga\u00e7\u00e3o)\"},{\"@type\":\"BreadcrumbList\",\"@id\":\"https:\/\/www.travel3.com.br\/site\/comece-a-viajar\/aruba-reabre-fronteiras-a-brasileiros-nesta-segunda-feira\/#breadcrumb\",\"itemListElement\":[{\"@type\":\"ListItem\",\"position\":1,\"name\":\"In\u00edcio\",\"item\":\"https:\/\/www.travel3.com.br\/site\/\"},{\"@type\":\"ListItem\",\"position\":2,\"name\":\"Aruba reabre fronteiras a brasileiros nesta segunda-feira\"}]},{\"@type\":\"WebSite\",\"@id\":\"https:\/\/www.travel3.com.br\/site\/#website\",\"url\":\"https:\/\/www.travel3.com.br\/site\/\",\"name\":\"Travel3\",\"description\":\"Lazer + Neg&oacute;cios + Aventura\",\"publisher\":{\"@id\":\"https:\/\/www.travel3.com.br\/site\/#organization\"},\"potentialAction\":[{\"@type\":\"SearchAction\",\"target\":{\"@type\":\"EntryPoint\",\"urlTemplate\":\"https:\/\/www.travel3.com.br\/site\/?s={search_term_string}\"},\"query-input\":{\"@type\":\"PropertyValueSpecification\",\"valueRequired\":true,\"valueName\":\"search_term_string\"}}],\"inLanguage\":\"pt-BR\"},{\"@type\":\"Organization\",\"@id\":\"https:\/\/www.travel3.com.br\/site\/#organization\",\"name\":\"Travel3\",\"url\":\"https:\/\/www.travel3.com.br\/site\/\",\"logo\":{\"@type\":\"ImageObject\",\"inLanguage\":\"pt-BR\",\"@id\":\"https:\/\/www.travel3.com.br\/site\/#\/schema\/logo\/image\/\",\"url\":\"https:\/\/www.travel3.com.br\/site\/wp-content\/uploads\/2020\/01\/logo-travel3-2020.png\",\"contentUrl\":\"https:\/\/www.travel3.com.br\/site\/wp-content\/uploads\/2020\/01\/logo-travel3-2020.png\",\"width\":232,\"height\":79,\"caption\":\"Travel3\"},\"image\":{\"@id\":\"https:\/\/www.travel3.com.br\/site\/#\/schema\/logo\/image\/\"},\"sameAs\":[\"https:\/\/www.facebook.com\/travel3media\/\",\"https:\/\/www.instagram.com\/revistatravel3\/\",\"https:\/\/www.youtube.com\/channel\/UCno7J4paGBR3VbZQzvoJ9Eg\"]},{\"@type\":\"Person\",\"@id\":\"https:\/\/www.travel3.com.br\/site\/#\/schema\/person\/9cff8daac0a2f1aa0799f827b8aa8308\",\"name\":\"Reda\u00e7\u00e3o Travel3\",\"image\":{\"@type\":\"ImageObject\",\"inLanguage\":\"pt-BR\",\"@id\":\"https:\/\/www.travel3.com.br\/site\/#\/schema\/person\/image\/\",\"url\":\"https:\/\/secure.gravatar.com\/avatar\/6e6125525e1f04b7b8c607d71556e490?s=96&d=mm&r=g\",\"contentUrl\":\"https:\/\/secure.gravatar.com\/avatar\/6e6125525e1f04b7b8c607d71556e490?s=96&d=mm&r=g\",\"caption\":\"Reda\u00e7\u00e3o Travel3\"},\"sameAs\":[\"http:\/\/www.travel3.com.br\"],\"url\":\"https:\/\/www.travel3.com.br\/site\/author\/redacao2\/\"}]}<\/script>\n<!-- \/ Yoast SEO plugin. -->","yoast_head_json":{"title":"Aruba reabre fronteiras a brasileiros nesta segunda-feira - Travel3","description":"Aruba reabre fronteiras a brasileiros nesta segunda-feira; com mais de 65% da popula\u00e7\u00e3o local imunizada, destino volta a receber turistas","robots":{"index":"index","follow":"follow","max-snippet":"max-snippet:-1","max-image-preview":"max-image-preview:large","max-video-preview":"max-video-preview:-1"},"canonical":"https:\/\/www.travel3.com.br\/site\/comece-a-viajar\/aruba-reabre-fronteiras-a-brasileiros-nesta-segunda-feira\/","og_locale":"pt_BR","og_type":"article","og_title":"Aruba reabre fronteiras a brasileiros nesta segunda-feira - Travel3","og_description":"Aruba reabre fronteiras a brasileiros nesta segunda-feira; com mais de 65% da popula\u00e7\u00e3o local imunizada, destino volta a receber turistas","og_url":"https:\/\/www.travel3.com.br\/site\/comece-a-viajar\/aruba-reabre-fronteiras-a-brasileiros-nesta-segunda-feira\/","og_site_name":"Travel3","article_publisher":"https:\/\/www.facebook.com\/travel3media\/","article_published_time":"2021-06-07T09:00:08+00:00","og_image":[{"width":702,"height":329,"url":"https:\/\/www.travel3.com.br\/site\/wp-content\/uploads\/2021\/06\/unnamed-6.jpg","type":"image\/jpeg"}],"author":"Reda\u00e7\u00e3o Travel3","twitter_card":"summary_large_image","twitter_misc":{"Escrito por":"Reda\u00e7\u00e3o Travel3","Est. tempo de leitura":"1 minuto"},"schema":{"@context":"https:\/\/schema.org","@graph":[{"@type":"Article","@id":"https:\/\/www.travel3.com.br\/site\/comece-a-viajar\/aruba-reabre-fronteiras-a-brasileiros-nesta-segunda-feira\/#article","isPartOf":{"@id":"https:\/\/www.travel3.com.br\/site\/comece-a-viajar\/aruba-reabre-fronteiras-a-brasileiros-nesta-segunda-feira\/"},"author":{"name":"Reda\u00e7\u00e3o Travel3","@id":"https:\/\/www.travel3.com.br\/site\/#\/schema\/person\/9cff8daac0a2f1aa0799f827b8aa8308"},"headline":"Aruba reabre fronteiras a brasileiros nesta segunda-feira","datePublished":"2021-06-07T09:00:08+00:00","mainEntityOfPage":{"@id":"https:\/\/www.travel3.com.br\/site\/comece-a-viajar\/aruba-reabre-fronteiras-a-brasileiros-nesta-segunda-feira\/"},"wordCount":261,"commentCount":0,"publisher":{"@id":"https:\/\/www.travel3.com.br\/site\/#organization"},"image":{"@id":"https:\/\/www.travel3.com.br\/site\/comece-a-viajar\/aruba-reabre-fronteiras-a-brasileiros-nesta-segunda-feira\/#primaryimage"},"thumbnailUrl":"https:\/\/www.travel3.com.br\/site\/wp-content\/uploads\/2021\/06\/unnamed-6.jpg","keywords":["aruba","Retomada do Turismo"],"articleSection":["Comece a Viajar","Destaque"],"inLanguage":"pt-BR","potentialAction":[{"@type":"CommentAction","name":"Comment","target":["https:\/\/www.travel3.com.br\/site\/comece-a-viajar\/aruba-reabre-fronteiras-a-brasileiros-nesta-segunda-feira\/#respond"]}]},{"@type":"WebPage","@id":"https:\/\/www.travel3.com.br\/site\/comece-a-viajar\/aruba-reabre-fronteiras-a-brasileiros-nesta-segunda-feira\/","url":"https:\/\/www.travel3.com.br\/site\/comece-a-viajar\/aruba-reabre-fronteiras-a-brasileiros-nesta-segunda-feira\/","name":"Aruba reabre fronteiras a brasileiros nesta segunda-feira - Travel3","isPartOf":{"@id":"https:\/\/www.travel3.com.br\/site\/#website"},"primaryImageOfPage":{"@id":"https:\/\/www.travel3.com.br\/site\/comece-a-viajar\/aruba-reabre-fronteiras-a-brasileiros-nesta-segunda-feira\/#primaryimage"},"image":{"@id":"https:\/\/www.travel3.com.br\/site\/comece-a-viajar\/aruba-reabre-fronteiras-a-brasileiros-nesta-segunda-feira\/#primaryimage"},"thumbnailUrl":"https:\/\/www.travel3.com.br\/site\/wp-content\/uploads\/2021\/06\/unnamed-6.jpg","datePublished":"2021-06-07T09:00:08+00:00","description":"Aruba reabre fronteiras a brasileiros nesta segunda-feira; com mais de 65% da popula\u00e7\u00e3o local imunizada, destino volta a receber turistas","breadcrumb":{"@id":"https:\/\/www.travel3.com.br\/site\/comece-a-viajar\/aruba-reabre-fronteiras-a-brasileiros-nesta-segunda-feira\/#breadcrumb"},"inLanguage":"pt-BR","potentialAction":[{"@type":"ReadAction","target":["https:\/\/www.travel3.com.br\/site\/comece-a-viajar\/aruba-reabre-fronteiras-a-brasileiros-nesta-segunda-feira\/"]}]},{"@type":"ImageObject","inLanguage":"pt-BR","@id":"https:\/\/www.travel3.com.br\/site\/comece-a-viajar\/aruba-reabre-fronteiras-a-brasileiros-nesta-segunda-feira\/#primaryimage","url":"https:\/\/www.travel3.com.br\/site\/wp-content\/uploads\/2021\/06\/unnamed-6.jpg","contentUrl":"https:\/\/www.travel3.com.br\/site\/wp-content\/uploads\/2021\/06\/unnamed-6.jpg","width":702,"height":329,"caption":"Brasileiros podem entrar em Aruba a partir de hoje, 7 de julho (Foto: Divulga\u00e7\u00e3o)"},{"@type":"BreadcrumbList","@id":"https:\/\/www.travel3.com.br\/site\/comece-a-viajar\/aruba-reabre-fronteiras-a-brasileiros-nesta-segunda-feira\/#breadcrumb","itemListElement":[{"@type":"ListItem","position":1,"name":"In\u00edcio","item":"https:\/\/www.travel3.com.br\/site\/"},{"@type":"ListItem","position":2,"name":"Aruba reabre fronteiras a brasileiros nesta segunda-feira"}]},{"@type":"WebSite","@id":"https:\/\/www.travel3.com.br\/site\/#website","url":"https:\/\/www.travel3.com.br\/site\/","name":"Travel3","description":"Lazer + Neg&oacute;cios + Aventura","publisher":{"@id":"https:\/\/www.travel3.com.br\/site\/#organization"},"potentialAction":[{"@type":"SearchAction","target":{"@type":"EntryPoint","urlTemplate":"https:\/\/www.travel3.com.br\/site\/?s={search_term_string}"},"query-input":{"@type":"PropertyValueSpecification","valueRequired":true,"valueName":"search_term_string"}}],"inLanguage":"pt-BR"},{"@type":"Organization","@id":"https:\/\/www.travel3.com.br\/site\/#organization","name":"Travel3","url":"https:\/\/www.travel3.com.br\/site\/","logo":{"@type":"ImageObject","inLanguage":"pt-BR","@id":"https:\/\/www.travel3.com.br\/site\/#\/schema\/logo\/image\/","url":"https:\/\/www.travel3.com.br\/site\/wp-content\/uploads\/2020\/01\/logo-travel3-2020.png","contentUrl":"https:\/\/www.travel3.com.br\/site\/wp-content\/uploads\/2020\/01\/logo-travel3-2020.png","width":232,"height":79,"caption":"Travel3"},"image":{"@id":"https:\/\/www.travel3.com.br\/site\/#\/schema\/logo\/image\/"},"sameAs":["https:\/\/www.facebook.com\/travel3media\/","https:\/\/www.instagram.com\/revistatravel3\/","https:\/\/www.youtube.com\/channel\/UCno7J4paGBR3VbZQzvoJ9Eg"]},{"@type":"Person","@id":"https:\/\/www.travel3.com.br\/site\/#\/schema\/person\/9cff8daac0a2f1aa0799f827b8aa8308","name":"Reda\u00e7\u00e3o Travel3","image":{"@type":"ImageObject","inLanguage":"pt-BR","@id":"https:\/\/www.travel3.com.br\/site\/#\/schema\/person\/image\/","url":"https:\/\/secure.gravatar.com\/avatar\/6e6125525e1f04b7b8c607d71556e490?s=96&d=mm&r=g","contentUrl":"https:\/\/secure.gravatar.com\/avatar\/6e6125525e1f04b7b8c607d71556e490?s=96&d=mm&r=g","caption":"Reda\u00e7\u00e3o Travel3"},"sameAs":["http:\/\/www.travel3.com.br"],"url":"https:\/\/www.travel3.com.br\/site\/author\/redacao2\/"}]}},"_links":{"self":[{"href":"https:\/\/www.travel3.com.br\/site\/wp-json\/wp\/v2\/posts\/41188","targetHints":{"allow":["GET"]}}],"collection":[{"href":"https:\/\/www.travel3.com.br\/site\/wp-json\/wp\/v2\/posts"}],"about":[{"href":"https:\/\/www.travel3.com.br\/site\/wp-json\/wp\/v2\/types\/post"}],"author":[{"embeddable":true,"href":"https:\/\/www.travel3.com.br\/site\/wp-json\/wp\/v2\/users\/6"}],"replies":[{"embeddable":true,"href":"https:\/\/www.travel3.com.br\/site\/wp-json\/wp\/v2\/comments?post=41188"}],"version-history":[{"count":2,"href":"https:\/\/www.travel3.com.br\/site\/wp-json\/wp\/v2\/posts\/41188\/revisions"}],"predecessor-version":[{"id":41192,"href":"https:\/\/www.travel3.com.br\/site\/wp-json\/wp\/v2\/posts\/41188\/revisions\/41192"}],"wp:featuredmedia":[{"embeddable":true,"href":"https:\/\/www.travel3.com.br\/site\/wp-json\/wp\/v2\/media\/41189"}],"wp:attachment":[{"href":"https:\/\/www.travel3.com.br\/site\/wp-json\/wp\/v2\/media?parent=41188"}],"wp:term":[{"taxonomy":"category","embeddable":true,"href":"https:\/\/www.travel3.com.br\/site\/wp-json\/wp\/v2\/categories?post=41188"},{"taxonomy":"post_tag","embeddable":true,"href":"https:\/\/www.travel3.com.br\/site\/wp-json\/wp\/v2\/tags?post=41188"}],"curies":[{"name":"wp","href":"https:\/\/api.w.org\/{rel}","templated":true}]}}