{"id":40966,"date":"2021-05-21T06:30:02","date_gmt":"2021-05-21T09:30:02","guid":{"rendered":"https:\/\/www.travel3.com.br\/?p=40966"},"modified":"2021-05-20T21:39:43","modified_gmt":"2021-05-21T00:39:43","slug":"viagenspromo-relata-crescimento-durante-a-pandemia","status":"publish","type":"post","link":"https:\/\/www.travel3.com.br\/site\/acontece-no-turismo\/operadoras\/viagenspromo-relata-crescimento-durante-a-pandemia\/","title":{"rendered":"ViagensPromo divulga crescimento durante a pandemia"},"content":{"rendered":"\n<div class=\"wp-block-image\"><figure class=\"aligncenter\"><img loading=\"lazy\" decoding=\"async\" width=\"1024\" height=\"768\" src=\"https:\/\/www.travel3.com.br\/site\/wp-content\/uploads\/2021\/05\/Renato-Kido-e-Renato-Alves-socios-da-ViagensPromo_Easy-Resize.com_-1024x768.jpg\" alt=\"Viagenspromo\" class=\"wp-image-40968\" srcset=\"https:\/\/www.travel3.com.br\/site\/wp-content\/uploads\/2021\/05\/Renato-Kido-e-Renato-Alves-socios-da-ViagensPromo_Easy-Resize.com_-1024x768.jpg 1024w, https:\/\/www.travel3.com.br\/site\/wp-content\/uploads\/2021\/05\/Renato-Kido-e-Renato-Alves-socios-da-ViagensPromo_Easy-Resize.com_-300x225.jpg 300w, https:\/\/www.travel3.com.br\/site\/wp-content\/uploads\/2021\/05\/Renato-Kido-e-Renato-Alves-socios-da-ViagensPromo_Easy-Resize.com_-768x576.jpg 768w, https:\/\/www.travel3.com.br\/site\/wp-content\/uploads\/2021\/05\/Renato-Kido-e-Renato-Alves-socios-da-ViagensPromo_Easy-Resize.com_-750x563.jpg 750w, https:\/\/www.travel3.com.br\/site\/wp-content\/uploads\/2021\/05\/Renato-Kido-e-Renato-Alves-socios-da-ViagensPromo_Easy-Resize.com_-1140x855.jpg 1140w, https:\/\/www.travel3.com.br\/site\/wp-content\/uploads\/2021\/05\/Renato-Kido-e-Renato-Alves-socios-da-ViagensPromo_Easy-Resize.com_.jpg 1280w\" sizes=\"auto, (max-width: 1024px) 100vw, 1024px\" \/><figcaption>Renato Kido e Renato Alves, s\u00f3cios da ViagensPromo (Foto: Divulga\u00e7\u00e3o)<\/figcaption><\/figure><\/div>\n\n\n\n<h3 class=\"wp-block-heading\" style=\"text-align:center\">Operadora atribui bons resultados \u00e0 oferta de fretamentos para a regi\u00e3o Nordeste<\/h3>\n\n\n\n<p>Em evento com presen\u00e7a dos s\u00f3cios Renato Alves e Renato Kido, a operadora ViagensPromo anunciou um crescimento de 180% desde o in\u00edcio da pandemia de Covid-19, em 2020. Segundo a empresa, o fretamento de aeronaves para o Nordeste \u00e9 um dos fatores que contribu\u00edram para a expans\u00e3o &#8211; e que permitiram \u00e0 empresa alcan\u00e7ar a marca de at\u00e9 2.600 passageiros embarcados mensalmente.<\/p>\n\n\n\n<p>Ao todo, s\u00e3o oferecidas pela operadora 4 op\u00e7\u00f5es de charters semanais para o Nordeste &#8211; 3 provenientes de Belo Horizonte e um de S\u00e3o Paulo. Al\u00e9m desses, com o objetivo de adicionar um d\u00edgito ao faturamento ainda em 2021, a empresa j\u00e1 comercializa um novo fretamento entre Campo Grande e Macei\u00f3, que entra em opera\u00e7\u00e3o no fim do ano.<\/p>\n\n\n\n<p>Outra novidade anunciada pela a empresa para 2021 \u00e9 um departartamento de <strong><a rel=\"noreferrer noopener\" aria-label=\"cruzeiros (opens in a new tab)\" href=\"https:\/\/www.travel3.com.br\/acontece-no-turismo\/cruzeiros-maritimos-e-fluviais\/\" target=\"_blank\">cruzeiros<\/a><\/strong> que, segundo os s\u00f3cios, dever\u00e1 iniciar suas opera\u00e7\u00f5es j\u00e1 em junho.<\/p>\n\n\n\n<blockquote class=\"wp-block-quote is-layout-flow wp-block-quote-is-layout-flow\"><p>O fretamento veio para incrementar a malha, que inevitavelmente vem sofrendo com a pandemia com a redu\u00e7\u00e3o do n\u00famero de voos e com o impacto da alta do d\u00f3lar no valor das tarifas. Portanto, ao assumir o risco do fretamento de uma aeronave, a ViagensPromo consegue oferecer uma tarifa mais competitiva e uma oferta de assentos maior, dando mais oportunidades para o passageiro.<\/p><p>O setor hoteleiro tamb\u00e9m acaba se beneficiando dessa pr\u00e1tica, j\u00e1 que os pacotes com voos fretados geralmente oferecem sete dias de hospedagem, o que faz com que os hot\u00e9is e resorts melhorem as suas taxas de ocupa\u00e7\u00e3o e rotatividade. <\/p><cite>Renato Alves e Renato Kido &#8211; S\u00f3cios da ViagensPromo<\/cite><\/blockquote>\n\n\n\n<h2 class=\"wp-block-heading\">Campanha de incentivo<\/h2>\n\n\n\n<p>Focada exclusivamente no segmento B2B, a ViagensPromo tem mais de 1.500 ag\u00eancias de viagens parceiras; e, de olho na retomada das viagens, acaba de apresentar uma campanha de vendas, que premiar\u00e1 a campe\u00e3 de vendas com um Fiat Mobi.<\/p>\n\n\n\n<p>Segundo o regulamento da a\u00e7\u00e3o, tamb\u00e9m ser\u00e3o premiados a 2\u00aa e a 3\u00aa coloca\u00e7\u00e3o entre as ag\u00eancias com maior n\u00famero de vendas, com, respectivamente, uma moto Honda Biz e um Kit Apple, com Iphone XR e um Apple Watch. O regulamento completo pode ser conferido no <strong><a href=\"https:\/\/viagenspromo.com\/\" target=\"_blank\" rel=\"noreferrer noopener\" aria-label=\" (opens in a new tab)\">site da operadora<\/a><\/strong>.<\/p>\n\n\n\n<blockquote class=\"wp-block-quote is-layout-flow wp-block-quote-is-layout-flow\"><p>A retomada do turismo passa pela vacina. As pessoas est\u00e3o trancadas em casa h\u00e1 muito tempo e vem sentido a necessidade de viajar. Com cada vez mais pessoas vacinadas, acreditamos que o segundo semestre deste ano poder\u00e1 ser bastante positivo, sobretudo nos \u00faltimos meses do ano.<\/p><p>O nacional ainda ser\u00e1 o carro chefe, mas a demanda por viagens internacionais e cruzeiros dever\u00e1 crescer bastante junto aos destinos que estiverem com as fronteiras abertas para os brasileiros.<\/p><cite>Renato Alves e Renato Kido &#8211; S\u00f3cios da ViagensPromo<\/cite><\/blockquote>\n","protected":false},"excerpt":{"rendered":"<p>Operadora atribui bons resultados \u00e0 oferta de fretamentos para a regi\u00e3o Nordeste Em evento com presen\u00e7a dos s\u00f3cios Renato Alves e Renato Kido, a operadora ViagensPromo anunciou um crescimento de 180% desde o in\u00edcio da pandemia de Covid-19, em 2020. Segundo a empresa, o fretamento de aeronaves para o Nordeste \u00e9 um dos fatores que [&hellip;]<\/p>\n","protected":false},"author":6,"featured_media":40968,"comment_status":"open","ping_status":"open","sticky":false,"template":"","format":"standard","meta":{"footnotes":""},"categories":[969,226,4],"tags":[403,4117,4518],"class_list":["post-40966","post","type-post","status-publish","format-standard","has-post-thumbnail","hentry","category-acontece-no-turismo","category-destaque","category-operadoras","tag-operadoras","tag-retomada-do-turismo","tag-viagenspromo"],"yoast_head":"<!-- This site is optimized with the Yoast SEO plugin v26.2 - https:\/\/yoast.com\/wordpress\/plugins\/seo\/ -->\n<title>ViagensPromo divulga crescimento durante a pandemia - Travel3<\/title>\n<meta name=\"description\" content=\"ViagensPromo divulga crescimento durante a pandemia; Operadora atribui bons resultados \u00e0 oferta de fretamentos para a regi\u00e3o Nordeste\" \/>\n<meta name=\"robots\" content=\"index, follow, max-snippet:-1, max-image-preview:large, max-video-preview:-1\" \/>\n<link rel=\"canonical\" href=\"https:\/\/www.travel3.com.br\/site\/acontece-no-turismo\/operadoras\/viagenspromo-relata-crescimento-durante-a-pandemia\/\" \/>\n<meta property=\"og:locale\" content=\"pt_BR\" \/>\n<meta property=\"og:type\" content=\"article\" \/>\n<meta property=\"og:title\" content=\"ViagensPromo divulga crescimento durante a pandemia - Travel3\" \/>\n<meta property=\"og:description\" content=\"ViagensPromo divulga crescimento durante a pandemia; Operadora atribui bons resultados \u00e0 oferta de fretamentos para a regi\u00e3o Nordeste\" \/>\n<meta property=\"og:url\" content=\"https:\/\/www.travel3.com.br\/site\/acontece-no-turismo\/operadoras\/viagenspromo-relata-crescimento-durante-a-pandemia\/\" \/>\n<meta property=\"og:site_name\" content=\"Travel3\" \/>\n<meta property=\"article:publisher\" content=\"https:\/\/www.facebook.com\/travel3media\/\" \/>\n<meta property=\"article:published_time\" content=\"2021-05-21T09:30:02+00:00\" \/>\n<meta property=\"og:image\" content=\"https:\/\/www.travel3.com.br\/site\/wp-content\/uploads\/2021\/05\/Renato-Kido-e-Renato-Alves-socios-da-ViagensPromo_Easy-Resize.com_.jpg\" \/>\n\t<meta property=\"og:image:width\" content=\"1280\" \/>\n\t<meta property=\"og:image:height\" content=\"960\" \/>\n\t<meta property=\"og:image:type\" content=\"image\/jpeg\" \/>\n<meta name=\"author\" content=\"Reda\u00e7\u00e3o Travel3\" \/>\n<meta name=\"twitter:card\" content=\"summary_large_image\" \/>\n<meta name=\"twitter:label1\" content=\"Escrito por\" \/>\n\t<meta name=\"twitter:data1\" content=\"Reda\u00e7\u00e3o Travel3\" \/>\n\t<meta name=\"twitter:label2\" content=\"Est. tempo de leitura\" \/>\n\t<meta name=\"twitter:data2\" content=\"2 minutos\" \/>\n<script type=\"application\/ld+json\" class=\"yoast-schema-graph\">{\"@context\":\"https:\/\/schema.org\",\"@graph\":[{\"@type\":\"Article\",\"@id\":\"https:\/\/www.travel3.com.br\/site\/acontece-no-turismo\/operadoras\/viagenspromo-relata-crescimento-durante-a-pandemia\/#article\",\"isPartOf\":{\"@id\":\"https:\/\/www.travel3.com.br\/site\/acontece-no-turismo\/operadoras\/viagenspromo-relata-crescimento-durante-a-pandemia\/\"},\"author\":{\"name\":\"Reda\u00e7\u00e3o Travel3\",\"@id\":\"https:\/\/www.travel3.com.br\/site\/#\/schema\/person\/9cff8daac0a2f1aa0799f827b8aa8308\"},\"headline\":\"ViagensPromo divulga crescimento durante a pandemia\",\"datePublished\":\"2021-05-21T09:30:02+00:00\",\"mainEntityOfPage\":{\"@id\":\"https:\/\/www.travel3.com.br\/site\/acontece-no-turismo\/operadoras\/viagenspromo-relata-crescimento-durante-a-pandemia\/\"},\"wordCount\":481,\"commentCount\":0,\"publisher\":{\"@id\":\"https:\/\/www.travel3.com.br\/site\/#organization\"},\"image\":{\"@id\":\"https:\/\/www.travel3.com.br\/site\/acontece-no-turismo\/operadoras\/viagenspromo-relata-crescimento-durante-a-pandemia\/#primaryimage\"},\"thumbnailUrl\":\"https:\/\/www.travel3.com.br\/site\/wp-content\/uploads\/2021\/05\/Renato-Kido-e-Renato-Alves-socios-da-ViagensPromo_Easy-Resize.com_.jpg\",\"keywords\":[\"Operadoras\",\"Retomada do Turismo\",\"ViagensPromo\"],\"articleSection\":[\"Acontece no Turismo\",\"Destaque\",\"Operadoras\"],\"inLanguage\":\"pt-BR\",\"potentialAction\":[{\"@type\":\"CommentAction\",\"name\":\"Comment\",\"target\":[\"https:\/\/www.travel3.com.br\/site\/acontece-no-turismo\/operadoras\/viagenspromo-relata-crescimento-durante-a-pandemia\/#respond\"]}]},{\"@type\":\"WebPage\",\"@id\":\"https:\/\/www.travel3.com.br\/site\/acontece-no-turismo\/operadoras\/viagenspromo-relata-crescimento-durante-a-pandemia\/\",\"url\":\"https:\/\/www.travel3.com.br\/site\/acontece-no-turismo\/operadoras\/viagenspromo-relata-crescimento-durante-a-pandemia\/\",\"name\":\"ViagensPromo divulga crescimento durante a pandemia - Travel3\",\"isPartOf\":{\"@id\":\"https:\/\/www.travel3.com.br\/site\/#website\"},\"primaryImageOfPage\":{\"@id\":\"https:\/\/www.travel3.com.br\/site\/acontece-no-turismo\/operadoras\/viagenspromo-relata-crescimento-durante-a-pandemia\/#primaryimage\"},\"image\":{\"@id\":\"https:\/\/www.travel3.com.br\/site\/acontece-no-turismo\/operadoras\/viagenspromo-relata-crescimento-durante-a-pandemia\/#primaryimage\"},\"thumbnailUrl\":\"https:\/\/www.travel3.com.br\/site\/wp-content\/uploads\/2021\/05\/Renato-Kido-e-Renato-Alves-socios-da-ViagensPromo_Easy-Resize.com_.jpg\",\"datePublished\":\"2021-05-21T09:30:02+00:00\",\"description\":\"ViagensPromo divulga crescimento durante a pandemia; Operadora atribui bons resultados \u00e0 oferta de fretamentos para a regi\u00e3o Nordeste\",\"breadcrumb\":{\"@id\":\"https:\/\/www.travel3.com.br\/site\/acontece-no-turismo\/operadoras\/viagenspromo-relata-crescimento-durante-a-pandemia\/#breadcrumb\"},\"inLanguage\":\"pt-BR\",\"potentialAction\":[{\"@type\":\"ReadAction\",\"target\":[\"https:\/\/www.travel3.com.br\/site\/acontece-no-turismo\/operadoras\/viagenspromo-relata-crescimento-durante-a-pandemia\/\"]}]},{\"@type\":\"ImageObject\",\"inLanguage\":\"pt-BR\",\"@id\":\"https:\/\/www.travel3.com.br\/site\/acontece-no-turismo\/operadoras\/viagenspromo-relata-crescimento-durante-a-pandemia\/#primaryimage\",\"url\":\"https:\/\/www.travel3.com.br\/site\/wp-content\/uploads\/2021\/05\/Renato-Kido-e-Renato-Alves-socios-da-ViagensPromo_Easy-Resize.com_.jpg\",\"contentUrl\":\"https:\/\/www.travel3.com.br\/site\/wp-content\/uploads\/2021\/05\/Renato-Kido-e-Renato-Alves-socios-da-ViagensPromo_Easy-Resize.com_.jpg\",\"width\":1280,\"height\":960,\"caption\":\"Renato Kido e Renato Alves, s\u00f3cios da ViagensPromo. (Foto: Divulga\u00e7\u00e3o)\"},{\"@type\":\"BreadcrumbList\",\"@id\":\"https:\/\/www.travel3.com.br\/site\/acontece-no-turismo\/operadoras\/viagenspromo-relata-crescimento-durante-a-pandemia\/#breadcrumb\",\"itemListElement\":[{\"@type\":\"ListItem\",\"position\":1,\"name\":\"In\u00edcio\",\"item\":\"https:\/\/www.travel3.com.br\/site\/\"},{\"@type\":\"ListItem\",\"position\":2,\"name\":\"ViagensPromo divulga crescimento durante a pandemia\"}]},{\"@type\":\"WebSite\",\"@id\":\"https:\/\/www.travel3.com.br\/site\/#website\",\"url\":\"https:\/\/www.travel3.com.br\/site\/\",\"name\":\"Travel3\",\"description\":\"Lazer + Neg&oacute;cios + Aventura\",\"publisher\":{\"@id\":\"https:\/\/www.travel3.com.br\/site\/#organization\"},\"potentialAction\":[{\"@type\":\"SearchAction\",\"target\":{\"@type\":\"EntryPoint\",\"urlTemplate\":\"https:\/\/www.travel3.com.br\/site\/?s={search_term_string}\"},\"query-input\":{\"@type\":\"PropertyValueSpecification\",\"valueRequired\":true,\"valueName\":\"search_term_string\"}}],\"inLanguage\":\"pt-BR\"},{\"@type\":\"Organization\",\"@id\":\"https:\/\/www.travel3.com.br\/site\/#organization\",\"name\":\"Travel3\",\"url\":\"https:\/\/www.travel3.com.br\/site\/\",\"logo\":{\"@type\":\"ImageObject\",\"inLanguage\":\"pt-BR\",\"@id\":\"https:\/\/www.travel3.com.br\/site\/#\/schema\/logo\/image\/\",\"url\":\"https:\/\/www.travel3.com.br\/site\/wp-content\/uploads\/2020\/01\/logo-travel3-2020.png\",\"contentUrl\":\"https:\/\/www.travel3.com.br\/site\/wp-content\/uploads\/2020\/01\/logo-travel3-2020.png\",\"width\":232,\"height\":79,\"caption\":\"Travel3\"},\"image\":{\"@id\":\"https:\/\/www.travel3.com.br\/site\/#\/schema\/logo\/image\/\"},\"sameAs\":[\"https:\/\/www.facebook.com\/travel3media\/\",\"https:\/\/www.instagram.com\/revistatravel3\/\",\"https:\/\/www.youtube.com\/channel\/UCno7J4paGBR3VbZQzvoJ9Eg\"]},{\"@type\":\"Person\",\"@id\":\"https:\/\/www.travel3.com.br\/site\/#\/schema\/person\/9cff8daac0a2f1aa0799f827b8aa8308\",\"name\":\"Reda\u00e7\u00e3o Travel3\",\"image\":{\"@type\":\"ImageObject\",\"inLanguage\":\"pt-BR\",\"@id\":\"https:\/\/www.travel3.com.br\/site\/#\/schema\/person\/image\/\",\"url\":\"https:\/\/secure.gravatar.com\/avatar\/6e6125525e1f04b7b8c607d71556e490?s=96&d=mm&r=g\",\"contentUrl\":\"https:\/\/secure.gravatar.com\/avatar\/6e6125525e1f04b7b8c607d71556e490?s=96&d=mm&r=g\",\"caption\":\"Reda\u00e7\u00e3o Travel3\"},\"sameAs\":[\"http:\/\/www.travel3.com.br\"],\"url\":\"https:\/\/www.travel3.com.br\/site\/author\/redacao2\/\"}]}<\/script>\n<!-- \/ Yoast SEO plugin. -->","yoast_head_json":{"title":"ViagensPromo divulga crescimento durante a pandemia - Travel3","description":"ViagensPromo divulga crescimento durante a pandemia; Operadora atribui bons resultados \u00e0 oferta de fretamentos para a regi\u00e3o Nordeste","robots":{"index":"index","follow":"follow","max-snippet":"max-snippet:-1","max-image-preview":"max-image-preview:large","max-video-preview":"max-video-preview:-1"},"canonical":"https:\/\/www.travel3.com.br\/site\/acontece-no-turismo\/operadoras\/viagenspromo-relata-crescimento-durante-a-pandemia\/","og_locale":"pt_BR","og_type":"article","og_title":"ViagensPromo divulga crescimento durante a pandemia - Travel3","og_description":"ViagensPromo divulga crescimento durante a pandemia; Operadora atribui bons resultados \u00e0 oferta de fretamentos para a regi\u00e3o Nordeste","og_url":"https:\/\/www.travel3.com.br\/site\/acontece-no-turismo\/operadoras\/viagenspromo-relata-crescimento-durante-a-pandemia\/","og_site_name":"Travel3","article_publisher":"https:\/\/www.facebook.com\/travel3media\/","article_published_time":"2021-05-21T09:30:02+00:00","og_image":[{"width":1280,"height":960,"url":"https:\/\/www.travel3.com.br\/site\/wp-content\/uploads\/2021\/05\/Renato-Kido-e-Renato-Alves-socios-da-ViagensPromo_Easy-Resize.com_.jpg","type":"image\/jpeg"}],"author":"Reda\u00e7\u00e3o Travel3","twitter_card":"summary_large_image","twitter_misc":{"Escrito por":"Reda\u00e7\u00e3o Travel3","Est. tempo de leitura":"2 minutos"},"schema":{"@context":"https:\/\/schema.org","@graph":[{"@type":"Article","@id":"https:\/\/www.travel3.com.br\/site\/acontece-no-turismo\/operadoras\/viagenspromo-relata-crescimento-durante-a-pandemia\/#article","isPartOf":{"@id":"https:\/\/www.travel3.com.br\/site\/acontece-no-turismo\/operadoras\/viagenspromo-relata-crescimento-durante-a-pandemia\/"},"author":{"name":"Reda\u00e7\u00e3o Travel3","@id":"https:\/\/www.travel3.com.br\/site\/#\/schema\/person\/9cff8daac0a2f1aa0799f827b8aa8308"},"headline":"ViagensPromo divulga crescimento durante a pandemia","datePublished":"2021-05-21T09:30:02+00:00","mainEntityOfPage":{"@id":"https:\/\/www.travel3.com.br\/site\/acontece-no-turismo\/operadoras\/viagenspromo-relata-crescimento-durante-a-pandemia\/"},"wordCount":481,"commentCount":0,"publisher":{"@id":"https:\/\/www.travel3.com.br\/site\/#organization"},"image":{"@id":"https:\/\/www.travel3.com.br\/site\/acontece-no-turismo\/operadoras\/viagenspromo-relata-crescimento-durante-a-pandemia\/#primaryimage"},"thumbnailUrl":"https:\/\/www.travel3.com.br\/site\/wp-content\/uploads\/2021\/05\/Renato-Kido-e-Renato-Alves-socios-da-ViagensPromo_Easy-Resize.com_.jpg","keywords":["Operadoras","Retomada do Turismo","ViagensPromo"],"articleSection":["Acontece no Turismo","Destaque","Operadoras"],"inLanguage":"pt-BR","potentialAction":[{"@type":"CommentAction","name":"Comment","target":["https:\/\/www.travel3.com.br\/site\/acontece-no-turismo\/operadoras\/viagenspromo-relata-crescimento-durante-a-pandemia\/#respond"]}]},{"@type":"WebPage","@id":"https:\/\/www.travel3.com.br\/site\/acontece-no-turismo\/operadoras\/viagenspromo-relata-crescimento-durante-a-pandemia\/","url":"https:\/\/www.travel3.com.br\/site\/acontece-no-turismo\/operadoras\/viagenspromo-relata-crescimento-durante-a-pandemia\/","name":"ViagensPromo divulga crescimento durante a pandemia - Travel3","isPartOf":{"@id":"https:\/\/www.travel3.com.br\/site\/#website"},"primaryImageOfPage":{"@id":"https:\/\/www.travel3.com.br\/site\/acontece-no-turismo\/operadoras\/viagenspromo-relata-crescimento-durante-a-pandemia\/#primaryimage"},"image":{"@id":"https:\/\/www.travel3.com.br\/site\/acontece-no-turismo\/operadoras\/viagenspromo-relata-crescimento-durante-a-pandemia\/#primaryimage"},"thumbnailUrl":"https:\/\/www.travel3.com.br\/site\/wp-content\/uploads\/2021\/05\/Renato-Kido-e-Renato-Alves-socios-da-ViagensPromo_Easy-Resize.com_.jpg","datePublished":"2021-05-21T09:30:02+00:00","description":"ViagensPromo divulga crescimento durante a pandemia; Operadora atribui bons resultados \u00e0 oferta de fretamentos para a regi\u00e3o Nordeste","breadcrumb":{"@id":"https:\/\/www.travel3.com.br\/site\/acontece-no-turismo\/operadoras\/viagenspromo-relata-crescimento-durante-a-pandemia\/#breadcrumb"},"inLanguage":"pt-BR","potentialAction":[{"@type":"ReadAction","target":["https:\/\/www.travel3.com.br\/site\/acontece-no-turismo\/operadoras\/viagenspromo-relata-crescimento-durante-a-pandemia\/"]}]},{"@type":"ImageObject","inLanguage":"pt-BR","@id":"https:\/\/www.travel3.com.br\/site\/acontece-no-turismo\/operadoras\/viagenspromo-relata-crescimento-durante-a-pandemia\/#primaryimage","url":"https:\/\/www.travel3.com.br\/site\/wp-content\/uploads\/2021\/05\/Renato-Kido-e-Renato-Alves-socios-da-ViagensPromo_Easy-Resize.com_.jpg","contentUrl":"https:\/\/www.travel3.com.br\/site\/wp-content\/uploads\/2021\/05\/Renato-Kido-e-Renato-Alves-socios-da-ViagensPromo_Easy-Resize.com_.jpg","width":1280,"height":960,"caption":"Renato Kido e Renato Alves, s\u00f3cios da ViagensPromo. (Foto: Divulga\u00e7\u00e3o)"},{"@type":"BreadcrumbList","@id":"https:\/\/www.travel3.com.br\/site\/acontece-no-turismo\/operadoras\/viagenspromo-relata-crescimento-durante-a-pandemia\/#breadcrumb","itemListElement":[{"@type":"ListItem","position":1,"name":"In\u00edcio","item":"https:\/\/www.travel3.com.br\/site\/"},{"@type":"ListItem","position":2,"name":"ViagensPromo divulga crescimento durante a pandemia"}]},{"@type":"WebSite","@id":"https:\/\/www.travel3.com.br\/site\/#website","url":"https:\/\/www.travel3.com.br\/site\/","name":"Travel3","description":"Lazer + Neg&oacute;cios + Aventura","publisher":{"@id":"https:\/\/www.travel3.com.br\/site\/#organization"},"potentialAction":[{"@type":"SearchAction","target":{"@type":"EntryPoint","urlTemplate":"https:\/\/www.travel3.com.br\/site\/?s={search_term_string}"},"query-input":{"@type":"PropertyValueSpecification","valueRequired":true,"valueName":"search_term_string"}}],"inLanguage":"pt-BR"},{"@type":"Organization","@id":"https:\/\/www.travel3.com.br\/site\/#organization","name":"Travel3","url":"https:\/\/www.travel3.com.br\/site\/","logo":{"@type":"ImageObject","inLanguage":"pt-BR","@id":"https:\/\/www.travel3.com.br\/site\/#\/schema\/logo\/image\/","url":"https:\/\/www.travel3.com.br\/site\/wp-content\/uploads\/2020\/01\/logo-travel3-2020.png","contentUrl":"https:\/\/www.travel3.com.br\/site\/wp-content\/uploads\/2020\/01\/logo-travel3-2020.png","width":232,"height":79,"caption":"Travel3"},"image":{"@id":"https:\/\/www.travel3.com.br\/site\/#\/schema\/logo\/image\/"},"sameAs":["https:\/\/www.facebook.com\/travel3media\/","https:\/\/www.instagram.com\/revistatravel3\/","https:\/\/www.youtube.com\/channel\/UCno7J4paGBR3VbZQzvoJ9Eg"]},{"@type":"Person","@id":"https:\/\/www.travel3.com.br\/site\/#\/schema\/person\/9cff8daac0a2f1aa0799f827b8aa8308","name":"Reda\u00e7\u00e3o Travel3","image":{"@type":"ImageObject","inLanguage":"pt-BR","@id":"https:\/\/www.travel3.com.br\/site\/#\/schema\/person\/image\/","url":"https:\/\/secure.gravatar.com\/avatar\/6e6125525e1f04b7b8c607d71556e490?s=96&d=mm&r=g","contentUrl":"https:\/\/secure.gravatar.com\/avatar\/6e6125525e1f04b7b8c607d71556e490?s=96&d=mm&r=g","caption":"Reda\u00e7\u00e3o Travel3"},"sameAs":["http:\/\/www.travel3.com.br"],"url":"https:\/\/www.travel3.com.br\/site\/author\/redacao2\/"}]}},"_links":{"self":[{"href":"https:\/\/www.travel3.com.br\/site\/wp-json\/wp\/v2\/posts\/40966","targetHints":{"allow":["GET"]}}],"collection":[{"href":"https:\/\/www.travel3.com.br\/site\/wp-json\/wp\/v2\/posts"}],"about":[{"href":"https:\/\/www.travel3.com.br\/site\/wp-json\/wp\/v2\/types\/post"}],"author":[{"embeddable":true,"href":"https:\/\/www.travel3.com.br\/site\/wp-json\/wp\/v2\/users\/6"}],"replies":[{"embeddable":true,"href":"https:\/\/www.travel3.com.br\/site\/wp-json\/wp\/v2\/comments?post=40966"}],"version-history":[{"count":3,"href":"https:\/\/www.travel3.com.br\/site\/wp-json\/wp\/v2\/posts\/40966\/revisions"}],"predecessor-version":[{"id":40974,"href":"https:\/\/www.travel3.com.br\/site\/wp-json\/wp\/v2\/posts\/40966\/revisions\/40974"}],"wp:featuredmedia":[{"embeddable":true,"href":"https:\/\/www.travel3.com.br\/site\/wp-json\/wp\/v2\/media\/40968"}],"wp:attachment":[{"href":"https:\/\/www.travel3.com.br\/site\/wp-json\/wp\/v2\/media?parent=40966"}],"wp:term":[{"taxonomy":"category","embeddable":true,"href":"https:\/\/www.travel3.com.br\/site\/wp-json\/wp\/v2\/categories?post=40966"},{"taxonomy":"post_tag","embeddable":true,"href":"https:\/\/www.travel3.com.br\/site\/wp-json\/wp\/v2\/tags?post=40966"}],"curies":[{"name":"wp","href":"https:\/\/api.w.org\/{rel}","templated":true}]}}