{"id":40322,"date":"2021-03-30T11:10:42","date_gmt":"2021-03-30T14:10:42","guid":{"rendered":"https:\/\/www.travel3.com.br\/?p=40322"},"modified":"2021-03-30T11:10:46","modified_gmt":"2021-03-30T14:10:46","slug":"four-seasons-anuncia-novo-hotel-em-maiorca-na-espanha","status":"publish","type":"post","link":"https:\/\/www.travel3.com.br\/site\/acontece-no-turismo\/four-seasons-anuncia-novo-hotel-em-maiorca-na-espanha\/","title":{"rendered":"Four Seasons anuncia novo hotel em Maiorca, na Espanha"},"content":{"rendered":"\n<div class=\"wp-block-image\"><figure class=\"aligncenter\"><img loading=\"lazy\" decoding=\"async\" width=\"640\" height=\"375\" src=\"https:\/\/www.travel3.com.br\/site\/wp-content\/uploads\/2021\/03\/foto-640x375.jpg\" alt=\"Four Seasons Maiorca\" class=\"wp-image-40324\"\/><figcaption>Hotel Formentor, em Maiorca, na Espanha (Foto: Divulga\u00e7\u00e3o)<\/figcaption><\/figure><\/div>\n\n\n\n<h3 class=\"wp-block-heading\" style=\"text-align:center\">Com inaugura\u00e7\u00e3o prevista para 2023, projeto sustent\u00e1vel ser\u00e1 2\u00b0 hotel da rede no pa\u00eds<\/h3>\n\n\n\n<p>A rede Four Seasons Hotels and Resorts anunciou que ir\u00e1 administrar o Hotel Formentor, em Maiorca, na Espanha. Inaugurada em 1929, a propriedade \u00e9 um cl\u00e1ssico da ilha, e passar\u00e1 por uma extensa reforma antes de ser reaberta em 2023, j\u00e1 sob a nova bandeira.<\/p>\n\n\n\n<p>O empreendimento tem parceria da empresa de investimentos imobili\u00e1rios Emin Capital, e ser\u00e1 o 2\u00b0 Four Seasons da Espanha.<\/p>\n\n\n\n<blockquote class=\"wp-block-quote is-layout-flow wp-block-quote-is-layout-flow\"><p>Chegamos a Madri em 2020 e com a entrada em Maiorca, vamos oferecer aos nossos h\u00f3spedes a possibilidade de continuar conosco em uma experi\u00eancia no pa\u00eds. E \u00e9 tamb\u00e9m uma honra participar deste projeto com a Emin Capital, que compartilha nossa vis\u00e3o para essa propriedade hist\u00f3rica. <\/p><cite>John Davison &#8211; Presidente e CEO do Four Seasons Hotels and Resorts<\/cite><\/blockquote>\n\n\n\n<h2 class=\"wp-block-heading\">Sobre o novo Four Seasons em Maiorca<\/h2>\n\n\n\n<p>O novo Four Seasons fica a uma hora do aeroporto de Palma de Maiorca, e todas as suas acomoda\u00e7\u00f5es ir\u00e3o oferecer belas vistas &#8211; que podem ser para o mar ou para a floresta. O projeto de restaura\u00e7\u00e3o ser\u00e1 conduzido pelos escrit\u00f3rios de arquitetura espanh\u00f3is Estudio Lamela e SCT Estudio de Arquitectura; enquanto os interiores ser\u00e3o criados pela Gilles &amp; Boissier, empresa de design parisiense. <\/p>\n\n\n\n<p>Ap\u00f3s a extensa reforma, a propriedade com acesso \u00e0 praia ter\u00e1 spa + restaurante com terra\u00e7o + bar \u00e0 beira da piscina; al\u00e9m de incorporar uma vin\u00edcola, onde os h\u00f3spedes ter\u00e3o experi\u00eancias imersivas nos sabores da regi\u00e3o.<\/p>\n\n\n\n<p>Al\u00e9m disso, o novo projeto aproveitar\u00e1 uma extensa \u00e1rea natural e v\u00e1rias iniciativas sustent\u00e1veis, tais como o plantio de esp\u00e9cies nativas + aproveitamento da \u00e1gua da chuva para irriga\u00e7\u00e3o + instala\u00e7\u00e3o de um sistema de energia solar na propriedade, j\u00e1 est\u00e3o sendo implementadas para proteger o meio ambiente da regi\u00e3o e minimizar o uso de energia. <\/p>\n\n\n\n<blockquote class=\"wp-block-quote is-layout-flow wp-block-quote-is-layout-flow\"><p>O Formentor \u00e9 um marco da regi\u00e3o e tem uma localiza\u00e7\u00e3o privilegiada, em uma reserva ecol\u00f3gica. Nosso objetivo \u00e9 preservar esse patrim\u00f4nio natural e trazer para o destino uma marca reconhecida internacionalmente.<\/p><cite>Jordi Badia &#8211; CEO da Emin Capital<\/cite><\/blockquote>\n","protected":false},"excerpt":{"rendered":"<p>Com inaugura\u00e7\u00e3o prevista para 2023, projeto sustent\u00e1vel ser\u00e1 2\u00b0 hotel da rede no pa\u00eds A rede Four Seasons Hotels and Resorts anunciou que ir\u00e1 administrar o Hotel Formentor, em Maiorca, na Espanha. Inaugurada em 1929, a propriedade \u00e9 um cl\u00e1ssico da ilha, e passar\u00e1 por uma extensa reforma antes de ser reaberta em 2023, j\u00e1 [&hellip;]<\/p>\n","protected":false},"author":6,"featured_media":40324,"comment_status":"open","ping_status":"open","sticky":false,"template":"","format":"standard","meta":{"footnotes":""},"categories":[969,226],"tags":[706,1458,4473,4476,4474,4475],"class_list":["post-40322","post","type-post","status-publish","format-standard","has-post-thumbnail","hentry","category-acontece-no-turismo","category-destaque","tag-espanha","tag-four-seasons","tag-four-seasons-maiorca","tag-ilhas-baleares","tag-maiorca","tag-mallorca"],"yoast_head":"<!-- This site is optimized with the Yoast SEO plugin v26.2 - https:\/\/yoast.com\/wordpress\/plugins\/seo\/ -->\n<title>Four Seasons anuncia novo hotel em Maiorca, na Espanha - Travel3<\/title>\n<meta name=\"description\" content=\"Four Seasons anuncia novo hotel em Maiorca, na Espanha; com inaugura\u00e7\u00e3o prevista para 2023, projeto sustent\u00e1vel ser\u00e1 2\u00b0 hotel da rede no pa\u00eds\" \/>\n<meta name=\"robots\" content=\"index, follow, max-snippet:-1, max-image-preview:large, max-video-preview:-1\" \/>\n<link rel=\"canonical\" href=\"https:\/\/www.travel3.com.br\/site\/acontece-no-turismo\/four-seasons-anuncia-novo-hotel-em-maiorca-na-espanha\/\" \/>\n<meta property=\"og:locale\" content=\"pt_BR\" \/>\n<meta property=\"og:type\" content=\"article\" \/>\n<meta property=\"og:title\" content=\"Four Seasons anuncia novo hotel em Maiorca, na Espanha - Travel3\" \/>\n<meta property=\"og:description\" content=\"Four Seasons anuncia novo hotel em Maiorca, na Espanha; com inaugura\u00e7\u00e3o prevista para 2023, projeto sustent\u00e1vel ser\u00e1 2\u00b0 hotel da rede no pa\u00eds\" \/>\n<meta property=\"og:url\" content=\"https:\/\/www.travel3.com.br\/site\/acontece-no-turismo\/four-seasons-anuncia-novo-hotel-em-maiorca-na-espanha\/\" \/>\n<meta property=\"og:site_name\" content=\"Travel3\" \/>\n<meta property=\"article:publisher\" content=\"https:\/\/www.facebook.com\/travel3media\/\" \/>\n<meta property=\"article:published_time\" content=\"2021-03-30T14:10:42+00:00\" \/>\n<meta property=\"article:modified_time\" content=\"2021-03-30T14:10:46+00:00\" \/>\n<meta property=\"og:image\" content=\"https:\/\/www.travel3.com.br\/site\/wp-content\/uploads\/2021\/03\/foto.jpg\" \/>\n\t<meta property=\"og:image:width\" content=\"640\" \/>\n\t<meta property=\"og:image:height\" content=\"640\" \/>\n\t<meta property=\"og:image:type\" content=\"image\/jpeg\" \/>\n<meta name=\"author\" content=\"Reda\u00e7\u00e3o Travel3\" \/>\n<meta name=\"twitter:card\" content=\"summary_large_image\" \/>\n<meta name=\"twitter:label1\" content=\"Escrito por\" \/>\n\t<meta name=\"twitter:data1\" content=\"Reda\u00e7\u00e3o Travel3\" \/>\n\t<meta name=\"twitter:label2\" content=\"Est. tempo de leitura\" \/>\n\t<meta name=\"twitter:data2\" content=\"2 minutos\" \/>\n<script type=\"application\/ld+json\" class=\"yoast-schema-graph\">{\"@context\":\"https:\/\/schema.org\",\"@graph\":[{\"@type\":\"Article\",\"@id\":\"https:\/\/www.travel3.com.br\/site\/acontece-no-turismo\/four-seasons-anuncia-novo-hotel-em-maiorca-na-espanha\/#article\",\"isPartOf\":{\"@id\":\"https:\/\/www.travel3.com.br\/site\/acontece-no-turismo\/four-seasons-anuncia-novo-hotel-em-maiorca-na-espanha\/\"},\"author\":{\"name\":\"Reda\u00e7\u00e3o Travel3\",\"@id\":\"https:\/\/www.travel3.com.br\/site\/#\/schema\/person\/9cff8daac0a2f1aa0799f827b8aa8308\"},\"headline\":\"Four Seasons anuncia novo hotel em Maiorca, na Espanha\",\"datePublished\":\"2021-03-30T14:10:42+00:00\",\"dateModified\":\"2021-03-30T14:10:46+00:00\",\"mainEntityOfPage\":{\"@id\":\"https:\/\/www.travel3.com.br\/site\/acontece-no-turismo\/four-seasons-anuncia-novo-hotel-em-maiorca-na-espanha\/\"},\"wordCount\":379,\"commentCount\":0,\"publisher\":{\"@id\":\"https:\/\/www.travel3.com.br\/site\/#organization\"},\"image\":{\"@id\":\"https:\/\/www.travel3.com.br\/site\/acontece-no-turismo\/four-seasons-anuncia-novo-hotel-em-maiorca-na-espanha\/#primaryimage\"},\"thumbnailUrl\":\"https:\/\/www.travel3.com.br\/site\/wp-content\/uploads\/2021\/03\/foto.jpg\",\"keywords\":[\"espanha\",\"Four Seasons\",\"Four Seasons Maiorca\",\"Ilhas Baleares\",\"Maiorca\",\"Mallorca\"],\"articleSection\":[\"Acontece no Turismo\",\"Destaque\"],\"inLanguage\":\"pt-BR\",\"potentialAction\":[{\"@type\":\"CommentAction\",\"name\":\"Comment\",\"target\":[\"https:\/\/www.travel3.com.br\/site\/acontece-no-turismo\/four-seasons-anuncia-novo-hotel-em-maiorca-na-espanha\/#respond\"]}]},{\"@type\":\"WebPage\",\"@id\":\"https:\/\/www.travel3.com.br\/site\/acontece-no-turismo\/four-seasons-anuncia-novo-hotel-em-maiorca-na-espanha\/\",\"url\":\"https:\/\/www.travel3.com.br\/site\/acontece-no-turismo\/four-seasons-anuncia-novo-hotel-em-maiorca-na-espanha\/\",\"name\":\"Four Seasons anuncia novo hotel em Maiorca, na Espanha - Travel3\",\"isPartOf\":{\"@id\":\"https:\/\/www.travel3.com.br\/site\/#website\"},\"primaryImageOfPage\":{\"@id\":\"https:\/\/www.travel3.com.br\/site\/acontece-no-turismo\/four-seasons-anuncia-novo-hotel-em-maiorca-na-espanha\/#primaryimage\"},\"image\":{\"@id\":\"https:\/\/www.travel3.com.br\/site\/acontece-no-turismo\/four-seasons-anuncia-novo-hotel-em-maiorca-na-espanha\/#primaryimage\"},\"thumbnailUrl\":\"https:\/\/www.travel3.com.br\/site\/wp-content\/uploads\/2021\/03\/foto.jpg\",\"datePublished\":\"2021-03-30T14:10:42+00:00\",\"dateModified\":\"2021-03-30T14:10:46+00:00\",\"description\":\"Four Seasons anuncia novo hotel em Maiorca, na Espanha; com inaugura\u00e7\u00e3o prevista para 2023, projeto sustent\u00e1vel ser\u00e1 2\u00b0 hotel da rede no pa\u00eds\",\"breadcrumb\":{\"@id\":\"https:\/\/www.travel3.com.br\/site\/acontece-no-turismo\/four-seasons-anuncia-novo-hotel-em-maiorca-na-espanha\/#breadcrumb\"},\"inLanguage\":\"pt-BR\",\"potentialAction\":[{\"@type\":\"ReadAction\",\"target\":[\"https:\/\/www.travel3.com.br\/site\/acontece-no-turismo\/four-seasons-anuncia-novo-hotel-em-maiorca-na-espanha\/\"]}]},{\"@type\":\"ImageObject\",\"inLanguage\":\"pt-BR\",\"@id\":\"https:\/\/www.travel3.com.br\/site\/acontece-no-turismo\/four-seasons-anuncia-novo-hotel-em-maiorca-na-espanha\/#primaryimage\",\"url\":\"https:\/\/www.travel3.com.br\/site\/wp-content\/uploads\/2021\/03\/foto.jpg\",\"contentUrl\":\"https:\/\/www.travel3.com.br\/site\/wp-content\/uploads\/2021\/03\/foto.jpg\",\"width\":640,\"height\":640,\"caption\":\"Hotel Formentor, em Maiorca, na Espanha (Foto: Divulga\u00e7\u00e3o)\"},{\"@type\":\"BreadcrumbList\",\"@id\":\"https:\/\/www.travel3.com.br\/site\/acontece-no-turismo\/four-seasons-anuncia-novo-hotel-em-maiorca-na-espanha\/#breadcrumb\",\"itemListElement\":[{\"@type\":\"ListItem\",\"position\":1,\"name\":\"In\u00edcio\",\"item\":\"https:\/\/www.travel3.com.br\/site\/\"},{\"@type\":\"ListItem\",\"position\":2,\"name\":\"Four Seasons anuncia novo hotel em Maiorca, na Espanha\"}]},{\"@type\":\"WebSite\",\"@id\":\"https:\/\/www.travel3.com.br\/site\/#website\",\"url\":\"https:\/\/www.travel3.com.br\/site\/\",\"name\":\"Travel3\",\"description\":\"Lazer + Neg&oacute;cios + Aventura\",\"publisher\":{\"@id\":\"https:\/\/www.travel3.com.br\/site\/#organization\"},\"potentialAction\":[{\"@type\":\"SearchAction\",\"target\":{\"@type\":\"EntryPoint\",\"urlTemplate\":\"https:\/\/www.travel3.com.br\/site\/?s={search_term_string}\"},\"query-input\":{\"@type\":\"PropertyValueSpecification\",\"valueRequired\":true,\"valueName\":\"search_term_string\"}}],\"inLanguage\":\"pt-BR\"},{\"@type\":\"Organization\",\"@id\":\"https:\/\/www.travel3.com.br\/site\/#organization\",\"name\":\"Travel3\",\"url\":\"https:\/\/www.travel3.com.br\/site\/\",\"logo\":{\"@type\":\"ImageObject\",\"inLanguage\":\"pt-BR\",\"@id\":\"https:\/\/www.travel3.com.br\/site\/#\/schema\/logo\/image\/\",\"url\":\"https:\/\/www.travel3.com.br\/site\/wp-content\/uploads\/2020\/01\/logo-travel3-2020.png\",\"contentUrl\":\"https:\/\/www.travel3.com.br\/site\/wp-content\/uploads\/2020\/01\/logo-travel3-2020.png\",\"width\":232,\"height\":79,\"caption\":\"Travel3\"},\"image\":{\"@id\":\"https:\/\/www.travel3.com.br\/site\/#\/schema\/logo\/image\/\"},\"sameAs\":[\"https:\/\/www.facebook.com\/travel3media\/\",\"https:\/\/www.instagram.com\/revistatravel3\/\",\"https:\/\/www.youtube.com\/channel\/UCno7J4paGBR3VbZQzvoJ9Eg\"]},{\"@type\":\"Person\",\"@id\":\"https:\/\/www.travel3.com.br\/site\/#\/schema\/person\/9cff8daac0a2f1aa0799f827b8aa8308\",\"name\":\"Reda\u00e7\u00e3o Travel3\",\"image\":{\"@type\":\"ImageObject\",\"inLanguage\":\"pt-BR\",\"@id\":\"https:\/\/www.travel3.com.br\/site\/#\/schema\/person\/image\/\",\"url\":\"https:\/\/secure.gravatar.com\/avatar\/6e6125525e1f04b7b8c607d71556e490?s=96&d=mm&r=g\",\"contentUrl\":\"https:\/\/secure.gravatar.com\/avatar\/6e6125525e1f04b7b8c607d71556e490?s=96&d=mm&r=g\",\"caption\":\"Reda\u00e7\u00e3o Travel3\"},\"sameAs\":[\"http:\/\/www.travel3.com.br\"],\"url\":\"https:\/\/www.travel3.com.br\/site\/author\/redacao2\/\"}]}<\/script>\n<!-- \/ Yoast SEO plugin. -->","yoast_head_json":{"title":"Four Seasons anuncia novo hotel em Maiorca, na Espanha - Travel3","description":"Four Seasons anuncia novo hotel em Maiorca, na Espanha; com inaugura\u00e7\u00e3o prevista para 2023, projeto sustent\u00e1vel ser\u00e1 2\u00b0 hotel da rede no pa\u00eds","robots":{"index":"index","follow":"follow","max-snippet":"max-snippet:-1","max-image-preview":"max-image-preview:large","max-video-preview":"max-video-preview:-1"},"canonical":"https:\/\/www.travel3.com.br\/site\/acontece-no-turismo\/four-seasons-anuncia-novo-hotel-em-maiorca-na-espanha\/","og_locale":"pt_BR","og_type":"article","og_title":"Four Seasons anuncia novo hotel em Maiorca, na Espanha - Travel3","og_description":"Four Seasons anuncia novo hotel em Maiorca, na Espanha; com inaugura\u00e7\u00e3o prevista para 2023, projeto sustent\u00e1vel ser\u00e1 2\u00b0 hotel da rede no pa\u00eds","og_url":"https:\/\/www.travel3.com.br\/site\/acontece-no-turismo\/four-seasons-anuncia-novo-hotel-em-maiorca-na-espanha\/","og_site_name":"Travel3","article_publisher":"https:\/\/www.facebook.com\/travel3media\/","article_published_time":"2021-03-30T14:10:42+00:00","article_modified_time":"2021-03-30T14:10:46+00:00","og_image":[{"width":640,"height":640,"url":"https:\/\/www.travel3.com.br\/site\/wp-content\/uploads\/2021\/03\/foto.jpg","type":"image\/jpeg"}],"author":"Reda\u00e7\u00e3o Travel3","twitter_card":"summary_large_image","twitter_misc":{"Escrito por":"Reda\u00e7\u00e3o Travel3","Est. tempo de leitura":"2 minutos"},"schema":{"@context":"https:\/\/schema.org","@graph":[{"@type":"Article","@id":"https:\/\/www.travel3.com.br\/site\/acontece-no-turismo\/four-seasons-anuncia-novo-hotel-em-maiorca-na-espanha\/#article","isPartOf":{"@id":"https:\/\/www.travel3.com.br\/site\/acontece-no-turismo\/four-seasons-anuncia-novo-hotel-em-maiorca-na-espanha\/"},"author":{"name":"Reda\u00e7\u00e3o Travel3","@id":"https:\/\/www.travel3.com.br\/site\/#\/schema\/person\/9cff8daac0a2f1aa0799f827b8aa8308"},"headline":"Four Seasons anuncia novo hotel em Maiorca, na Espanha","datePublished":"2021-03-30T14:10:42+00:00","dateModified":"2021-03-30T14:10:46+00:00","mainEntityOfPage":{"@id":"https:\/\/www.travel3.com.br\/site\/acontece-no-turismo\/four-seasons-anuncia-novo-hotel-em-maiorca-na-espanha\/"},"wordCount":379,"commentCount":0,"publisher":{"@id":"https:\/\/www.travel3.com.br\/site\/#organization"},"image":{"@id":"https:\/\/www.travel3.com.br\/site\/acontece-no-turismo\/four-seasons-anuncia-novo-hotel-em-maiorca-na-espanha\/#primaryimage"},"thumbnailUrl":"https:\/\/www.travel3.com.br\/site\/wp-content\/uploads\/2021\/03\/foto.jpg","keywords":["espanha","Four Seasons","Four Seasons Maiorca","Ilhas Baleares","Maiorca","Mallorca"],"articleSection":["Acontece no Turismo","Destaque"],"inLanguage":"pt-BR","potentialAction":[{"@type":"CommentAction","name":"Comment","target":["https:\/\/www.travel3.com.br\/site\/acontece-no-turismo\/four-seasons-anuncia-novo-hotel-em-maiorca-na-espanha\/#respond"]}]},{"@type":"WebPage","@id":"https:\/\/www.travel3.com.br\/site\/acontece-no-turismo\/four-seasons-anuncia-novo-hotel-em-maiorca-na-espanha\/","url":"https:\/\/www.travel3.com.br\/site\/acontece-no-turismo\/four-seasons-anuncia-novo-hotel-em-maiorca-na-espanha\/","name":"Four Seasons anuncia novo hotel em Maiorca, na Espanha - Travel3","isPartOf":{"@id":"https:\/\/www.travel3.com.br\/site\/#website"},"primaryImageOfPage":{"@id":"https:\/\/www.travel3.com.br\/site\/acontece-no-turismo\/four-seasons-anuncia-novo-hotel-em-maiorca-na-espanha\/#primaryimage"},"image":{"@id":"https:\/\/www.travel3.com.br\/site\/acontece-no-turismo\/four-seasons-anuncia-novo-hotel-em-maiorca-na-espanha\/#primaryimage"},"thumbnailUrl":"https:\/\/www.travel3.com.br\/site\/wp-content\/uploads\/2021\/03\/foto.jpg","datePublished":"2021-03-30T14:10:42+00:00","dateModified":"2021-03-30T14:10:46+00:00","description":"Four Seasons anuncia novo hotel em Maiorca, na Espanha; com inaugura\u00e7\u00e3o prevista para 2023, projeto sustent\u00e1vel ser\u00e1 2\u00b0 hotel da rede no pa\u00eds","breadcrumb":{"@id":"https:\/\/www.travel3.com.br\/site\/acontece-no-turismo\/four-seasons-anuncia-novo-hotel-em-maiorca-na-espanha\/#breadcrumb"},"inLanguage":"pt-BR","potentialAction":[{"@type":"ReadAction","target":["https:\/\/www.travel3.com.br\/site\/acontece-no-turismo\/four-seasons-anuncia-novo-hotel-em-maiorca-na-espanha\/"]}]},{"@type":"ImageObject","inLanguage":"pt-BR","@id":"https:\/\/www.travel3.com.br\/site\/acontece-no-turismo\/four-seasons-anuncia-novo-hotel-em-maiorca-na-espanha\/#primaryimage","url":"https:\/\/www.travel3.com.br\/site\/wp-content\/uploads\/2021\/03\/foto.jpg","contentUrl":"https:\/\/www.travel3.com.br\/site\/wp-content\/uploads\/2021\/03\/foto.jpg","width":640,"height":640,"caption":"Hotel Formentor, em Maiorca, na Espanha (Foto: Divulga\u00e7\u00e3o)"},{"@type":"BreadcrumbList","@id":"https:\/\/www.travel3.com.br\/site\/acontece-no-turismo\/four-seasons-anuncia-novo-hotel-em-maiorca-na-espanha\/#breadcrumb","itemListElement":[{"@type":"ListItem","position":1,"name":"In\u00edcio","item":"https:\/\/www.travel3.com.br\/site\/"},{"@type":"ListItem","position":2,"name":"Four Seasons anuncia novo hotel em Maiorca, na Espanha"}]},{"@type":"WebSite","@id":"https:\/\/www.travel3.com.br\/site\/#website","url":"https:\/\/www.travel3.com.br\/site\/","name":"Travel3","description":"Lazer + Neg&oacute;cios + Aventura","publisher":{"@id":"https:\/\/www.travel3.com.br\/site\/#organization"},"potentialAction":[{"@type":"SearchAction","target":{"@type":"EntryPoint","urlTemplate":"https:\/\/www.travel3.com.br\/site\/?s={search_term_string}"},"query-input":{"@type":"PropertyValueSpecification","valueRequired":true,"valueName":"search_term_string"}}],"inLanguage":"pt-BR"},{"@type":"Organization","@id":"https:\/\/www.travel3.com.br\/site\/#organization","name":"Travel3","url":"https:\/\/www.travel3.com.br\/site\/","logo":{"@type":"ImageObject","inLanguage":"pt-BR","@id":"https:\/\/www.travel3.com.br\/site\/#\/schema\/logo\/image\/","url":"https:\/\/www.travel3.com.br\/site\/wp-content\/uploads\/2020\/01\/logo-travel3-2020.png","contentUrl":"https:\/\/www.travel3.com.br\/site\/wp-content\/uploads\/2020\/01\/logo-travel3-2020.png","width":232,"height":79,"caption":"Travel3"},"image":{"@id":"https:\/\/www.travel3.com.br\/site\/#\/schema\/logo\/image\/"},"sameAs":["https:\/\/www.facebook.com\/travel3media\/","https:\/\/www.instagram.com\/revistatravel3\/","https:\/\/www.youtube.com\/channel\/UCno7J4paGBR3VbZQzvoJ9Eg"]},{"@type":"Person","@id":"https:\/\/www.travel3.com.br\/site\/#\/schema\/person\/9cff8daac0a2f1aa0799f827b8aa8308","name":"Reda\u00e7\u00e3o Travel3","image":{"@type":"ImageObject","inLanguage":"pt-BR","@id":"https:\/\/www.travel3.com.br\/site\/#\/schema\/person\/image\/","url":"https:\/\/secure.gravatar.com\/avatar\/6e6125525e1f04b7b8c607d71556e490?s=96&d=mm&r=g","contentUrl":"https:\/\/secure.gravatar.com\/avatar\/6e6125525e1f04b7b8c607d71556e490?s=96&d=mm&r=g","caption":"Reda\u00e7\u00e3o Travel3"},"sameAs":["http:\/\/www.travel3.com.br"],"url":"https:\/\/www.travel3.com.br\/site\/author\/redacao2\/"}]}},"_links":{"self":[{"href":"https:\/\/www.travel3.com.br\/site\/wp-json\/wp\/v2\/posts\/40322","targetHints":{"allow":["GET"]}}],"collection":[{"href":"https:\/\/www.travel3.com.br\/site\/wp-json\/wp\/v2\/posts"}],"about":[{"href":"https:\/\/www.travel3.com.br\/site\/wp-json\/wp\/v2\/types\/post"}],"author":[{"embeddable":true,"href":"https:\/\/www.travel3.com.br\/site\/wp-json\/wp\/v2\/users\/6"}],"replies":[{"embeddable":true,"href":"https:\/\/www.travel3.com.br\/site\/wp-json\/wp\/v2\/comments?post=40322"}],"version-history":[{"count":2,"href":"https:\/\/www.travel3.com.br\/site\/wp-json\/wp\/v2\/posts\/40322\/revisions"}],"predecessor-version":[{"id":40325,"href":"https:\/\/www.travel3.com.br\/site\/wp-json\/wp\/v2\/posts\/40322\/revisions\/40325"}],"wp:featuredmedia":[{"embeddable":true,"href":"https:\/\/www.travel3.com.br\/site\/wp-json\/wp\/v2\/media\/40324"}],"wp:attachment":[{"href":"https:\/\/www.travel3.com.br\/site\/wp-json\/wp\/v2\/media?parent=40322"}],"wp:term":[{"taxonomy":"category","embeddable":true,"href":"https:\/\/www.travel3.com.br\/site\/wp-json\/wp\/v2\/categories?post=40322"},{"taxonomy":"post_tag","embeddable":true,"href":"https:\/\/www.travel3.com.br\/site\/wp-json\/wp\/v2\/tags?post=40322"}],"curies":[{"name":"wp","href":"https:\/\/api.w.org\/{rel}","templated":true}]}}