{"id":40298,"date":"2021-03-31T06:00:15","date_gmt":"2021-03-31T09:00:15","guid":{"rendered":"https:\/\/www.travel3.com.br\/?p=40298"},"modified":"2021-03-31T09:23:34","modified_gmt":"2021-03-31T12:23:34","slug":"virus-que-continua-no-ar","status":"publish","type":"post","link":"https:\/\/www.travel3.com.br\/site\/acontece-no-turismo\/virus-que-continua-no-ar\/","title":{"rendered":"O v\u00edrus que continua no ar mant\u00e9m os avi\u00f5es retidos em solo"},"content":{"rendered":"\n<h3 class=\"wp-block-heading\" style=\"text-align:center\">As novas variantes do Coronav\u00edrus continuam afetando a avia\u00e7\u00e3o comercial<\/h3>\n\n\n\n<p>O <a href=\"https:\/\/covid19.who.int\" target=\"_blank\" rel=\"noreferrer noopener\" aria-label=\"v\u00edrus (opens in a new tab)\">v\u00edrus<\/a> que continua no ar. Numa propor\u00e7\u00e3o inversa, os avi\u00f5es continuam retidos nos aeroportos. Especificamente, os grandes equipamentos como o Boeing 777 e o Air Bus A380 s\u00e3o as aeronaves que praticamente pararam de sobrevoar os c\u00e9us do planeta.<\/p>\n\n\n\n<p>Como desde o in\u00edcio da <a rel=\"noreferrer noopener\" aria-label=\"pandemia (opens in a new tab)\" href=\"https:\/\/www.travel3.com.br\/acontece-no-turismo\/uma-viagem-pela-cronologia-da-pandemia\/\" target=\"_blank\">pandemia<\/a> o n\u00famero de viajantes diminuiu radicalmente, essas aeronaves gigantescas passaram a voar levando entre 29% a at\u00e9 3% de sua capacidade total de passageiros. Imagine um Boeing 777 ou um Air Bus A380 levantando voo com poucas dezenas de passageiros a bordo. \u00c9 preju\u00edzo na certa.<\/p>\n\n\n\n<h2 class=\"wp-block-heading\">O v\u00edrus que continua no ar e as aeronaves de grande porte<\/h2>\n\n\n\n<p>Aeronaves de grande porte s\u00e3o destinadas a cobrir rotas de longas dist\u00e2ncia, o que se tornou uma raridade no \u00faltimo ano. As maiores companhias a\u00e9reas internacionais, como a Qatar Airways, a Etihad, Qantas, British Airways, Singapore e Lufthansa, entre outras, simplesmente est\u00e3o deixando os seus&nbsp;A380 no solo.<\/p>\n\n\n\n<p>E quando um avi\u00e3o fica parado, os custos dessa decis\u00e3o v\u00e3o muito al\u00e9m da simples conta matem\u00e1tica que ressalta, em vermelho, a falta de passageiros. Antes desses avi\u00f5es retornarem aos c\u00e9us, eles ter\u00e3o de passar por uma revis\u00e3o e manuten\u00e7\u00e3o t\u00e9cnica milion\u00e1ria.<\/p>\n","protected":false},"excerpt":{"rendered":"<p>As novas variantes do Coronav\u00edrus continuam afetando a avia\u00e7\u00e3o comercial O v\u00edrus que continua no ar. Numa propor\u00e7\u00e3o inversa, os avi\u00f5es continuam retidos nos aeroportos. Especificamente, os grandes equipamentos como o Boeing 777 e o Air Bus A380 s\u00e3o as aeronaves que praticamente pararam de sobrevoar os c\u00e9us do planeta. Como desde o in\u00edcio da [&hellip;]<\/p>\n","protected":false},"author":6,"featured_media":40310,"comment_status":"open","ping_status":"open","sticky":false,"template":"","format":"standard","meta":{"footnotes":""},"categories":[969,309,226,8],"tags":[],"class_list":["post-40298","post","type-post","status-publish","format-standard","has-post-thumbnail","hentry","category-acontece-no-turismo","category-ar","category-destaque","category-ir-e-vir"],"yoast_head":"<!-- This site is optimized with the Yoast SEO plugin v26.2 - https:\/\/yoast.com\/wordpress\/plugins\/seo\/ -->\n<title>O v\u00edrus que continua no ar mant\u00e9m os avi\u00f5es retidos em solo - Travel3<\/title>\n<meta name=\"description\" content=\"O v\u00edrus que continua no ar, mant\u00e9m os avi\u00f5es retidos em solo; As novas variantes do Coronav\u00edrus continuam afetando a avia\u00e7\u00e3o comercial\" \/>\n<meta name=\"robots\" content=\"index, follow, max-snippet:-1, max-image-preview:large, max-video-preview:-1\" \/>\n<link rel=\"canonical\" href=\"https:\/\/www.travel3.com.br\/site\/acontece-no-turismo\/virus-que-continua-no-ar\/\" \/>\n<meta property=\"og:locale\" content=\"pt_BR\" \/>\n<meta property=\"og:type\" content=\"article\" \/>\n<meta property=\"og:title\" content=\"O v\u00edrus que continua no ar mant\u00e9m os avi\u00f5es retidos em solo - Travel3\" \/>\n<meta property=\"og:description\" content=\"O v\u00edrus que continua no ar, mant\u00e9m os avi\u00f5es retidos em solo; As novas variantes do Coronav\u00edrus continuam afetando a avia\u00e7\u00e3o comercial\" \/>\n<meta property=\"og:url\" content=\"https:\/\/www.travel3.com.br\/site\/acontece-no-turismo\/virus-que-continua-no-ar\/\" \/>\n<meta property=\"og:site_name\" content=\"Travel3\" \/>\n<meta property=\"article:publisher\" content=\"https:\/\/www.facebook.com\/travel3media\/\" \/>\n<meta property=\"article:published_time\" content=\"2021-03-31T09:00:15+00:00\" \/>\n<meta property=\"article:modified_time\" content=\"2021-03-31T12:23:34+00:00\" \/>\n<meta property=\"og:image\" content=\"https:\/\/www.travel3.com.br\/site\/wp-content\/uploads\/2021\/03\/engine-623311_1920.jpg\" \/>\n\t<meta property=\"og:image:width\" content=\"1920\" \/>\n\t<meta property=\"og:image:height\" content=\"1280\" \/>\n\t<meta property=\"og:image:type\" content=\"image\/jpeg\" \/>\n<meta name=\"author\" content=\"Reda\u00e7\u00e3o Travel3\" \/>\n<meta name=\"twitter:card\" content=\"summary_large_image\" \/>\n<meta name=\"twitter:label1\" content=\"Escrito por\" \/>\n\t<meta name=\"twitter:data1\" content=\"Reda\u00e7\u00e3o Travel3\" \/>\n\t<meta name=\"twitter:label2\" content=\"Est. tempo de leitura\" \/>\n\t<meta name=\"twitter:data2\" content=\"1 minuto\" \/>\n<script type=\"application\/ld+json\" class=\"yoast-schema-graph\">{\"@context\":\"https:\/\/schema.org\",\"@graph\":[{\"@type\":\"Article\",\"@id\":\"https:\/\/www.travel3.com.br\/site\/acontece-no-turismo\/virus-que-continua-no-ar\/#article\",\"isPartOf\":{\"@id\":\"https:\/\/www.travel3.com.br\/site\/acontece-no-turismo\/virus-que-continua-no-ar\/\"},\"author\":{\"name\":\"Reda\u00e7\u00e3o Travel3\",\"@id\":\"https:\/\/www.travel3.com.br\/site\/#\/schema\/person\/9cff8daac0a2f1aa0799f827b8aa8308\"},\"headline\":\"O v\u00edrus que continua no ar mant\u00e9m os avi\u00f5es retidos em solo\",\"datePublished\":\"2021-03-31T09:00:15+00:00\",\"dateModified\":\"2021-03-31T12:23:34+00:00\",\"mainEntityOfPage\":{\"@id\":\"https:\/\/www.travel3.com.br\/site\/acontece-no-turismo\/virus-que-continua-no-ar\/\"},\"wordCount\":242,\"commentCount\":0,\"publisher\":{\"@id\":\"https:\/\/www.travel3.com.br\/site\/#organization\"},\"image\":{\"@id\":\"https:\/\/www.travel3.com.br\/site\/acontece-no-turismo\/virus-que-continua-no-ar\/#primaryimage\"},\"thumbnailUrl\":\"https:\/\/www.travel3.com.br\/site\/wp-content\/uploads\/2021\/03\/engine-623311_1920.jpg\",\"articleSection\":[\"Acontece no Turismo\",\"Ar\",\"Destaque\",\"Ir e Vir\"],\"inLanguage\":\"pt-BR\",\"potentialAction\":[{\"@type\":\"CommentAction\",\"name\":\"Comment\",\"target\":[\"https:\/\/www.travel3.com.br\/site\/acontece-no-turismo\/virus-que-continua-no-ar\/#respond\"]}]},{\"@type\":\"WebPage\",\"@id\":\"https:\/\/www.travel3.com.br\/site\/acontece-no-turismo\/virus-que-continua-no-ar\/\",\"url\":\"https:\/\/www.travel3.com.br\/site\/acontece-no-turismo\/virus-que-continua-no-ar\/\",\"name\":\"O v\u00edrus que continua no ar mant\u00e9m os avi\u00f5es retidos em solo - Travel3\",\"isPartOf\":{\"@id\":\"https:\/\/www.travel3.com.br\/site\/#website\"},\"primaryImageOfPage\":{\"@id\":\"https:\/\/www.travel3.com.br\/site\/acontece-no-turismo\/virus-que-continua-no-ar\/#primaryimage\"},\"image\":{\"@id\":\"https:\/\/www.travel3.com.br\/site\/acontece-no-turismo\/virus-que-continua-no-ar\/#primaryimage\"},\"thumbnailUrl\":\"https:\/\/www.travel3.com.br\/site\/wp-content\/uploads\/2021\/03\/engine-623311_1920.jpg\",\"datePublished\":\"2021-03-31T09:00:15+00:00\",\"dateModified\":\"2021-03-31T12:23:34+00:00\",\"description\":\"O v\u00edrus que continua no ar, mant\u00e9m os avi\u00f5es retidos em solo; As novas variantes do Coronav\u00edrus continuam afetando a avia\u00e7\u00e3o comercial\",\"breadcrumb\":{\"@id\":\"https:\/\/www.travel3.com.br\/site\/acontece-no-turismo\/virus-que-continua-no-ar\/#breadcrumb\"},\"inLanguage\":\"pt-BR\",\"potentialAction\":[{\"@type\":\"ReadAction\",\"target\":[\"https:\/\/www.travel3.com.br\/site\/acontece-no-turismo\/virus-que-continua-no-ar\/\"]}]},{\"@type\":\"ImageObject\",\"inLanguage\":\"pt-BR\",\"@id\":\"https:\/\/www.travel3.com.br\/site\/acontece-no-turismo\/virus-que-continua-no-ar\/#primaryimage\",\"url\":\"https:\/\/www.travel3.com.br\/site\/wp-content\/uploads\/2021\/03\/engine-623311_1920.jpg\",\"contentUrl\":\"https:\/\/www.travel3.com.br\/site\/wp-content\/uploads\/2021\/03\/engine-623311_1920.jpg\",\"width\":1920,\"height\":1280,\"caption\":\"(Foto: Divulga\u00e7\u00e3o)\"},{\"@type\":\"BreadcrumbList\",\"@id\":\"https:\/\/www.travel3.com.br\/site\/acontece-no-turismo\/virus-que-continua-no-ar\/#breadcrumb\",\"itemListElement\":[{\"@type\":\"ListItem\",\"position\":1,\"name\":\"In\u00edcio\",\"item\":\"https:\/\/www.travel3.com.br\/site\/\"},{\"@type\":\"ListItem\",\"position\":2,\"name\":\"O v\u00edrus que continua no ar mant\u00e9m os avi\u00f5es retidos em solo\"}]},{\"@type\":\"WebSite\",\"@id\":\"https:\/\/www.travel3.com.br\/site\/#website\",\"url\":\"https:\/\/www.travel3.com.br\/site\/\",\"name\":\"Travel3\",\"description\":\"Lazer + Neg&oacute;cios + Aventura\",\"publisher\":{\"@id\":\"https:\/\/www.travel3.com.br\/site\/#organization\"},\"potentialAction\":[{\"@type\":\"SearchAction\",\"target\":{\"@type\":\"EntryPoint\",\"urlTemplate\":\"https:\/\/www.travel3.com.br\/site\/?s={search_term_string}\"},\"query-input\":{\"@type\":\"PropertyValueSpecification\",\"valueRequired\":true,\"valueName\":\"search_term_string\"}}],\"inLanguage\":\"pt-BR\"},{\"@type\":\"Organization\",\"@id\":\"https:\/\/www.travel3.com.br\/site\/#organization\",\"name\":\"Travel3\",\"url\":\"https:\/\/www.travel3.com.br\/site\/\",\"logo\":{\"@type\":\"ImageObject\",\"inLanguage\":\"pt-BR\",\"@id\":\"https:\/\/www.travel3.com.br\/site\/#\/schema\/logo\/image\/\",\"url\":\"https:\/\/www.travel3.com.br\/site\/wp-content\/uploads\/2020\/01\/logo-travel3-2020.png\",\"contentUrl\":\"https:\/\/www.travel3.com.br\/site\/wp-content\/uploads\/2020\/01\/logo-travel3-2020.png\",\"width\":232,\"height\":79,\"caption\":\"Travel3\"},\"image\":{\"@id\":\"https:\/\/www.travel3.com.br\/site\/#\/schema\/logo\/image\/\"},\"sameAs\":[\"https:\/\/www.facebook.com\/travel3media\/\",\"https:\/\/www.instagram.com\/revistatravel3\/\",\"https:\/\/www.youtube.com\/channel\/UCno7J4paGBR3VbZQzvoJ9Eg\"]},{\"@type\":\"Person\",\"@id\":\"https:\/\/www.travel3.com.br\/site\/#\/schema\/person\/9cff8daac0a2f1aa0799f827b8aa8308\",\"name\":\"Reda\u00e7\u00e3o Travel3\",\"image\":{\"@type\":\"ImageObject\",\"inLanguage\":\"pt-BR\",\"@id\":\"https:\/\/www.travel3.com.br\/site\/#\/schema\/person\/image\/\",\"url\":\"https:\/\/secure.gravatar.com\/avatar\/6e6125525e1f04b7b8c607d71556e490?s=96&d=mm&r=g\",\"contentUrl\":\"https:\/\/secure.gravatar.com\/avatar\/6e6125525e1f04b7b8c607d71556e490?s=96&d=mm&r=g\",\"caption\":\"Reda\u00e7\u00e3o Travel3\"},\"sameAs\":[\"http:\/\/www.travel3.com.br\"],\"url\":\"https:\/\/www.travel3.com.br\/site\/author\/redacao2\/\"}]}<\/script>\n<!-- \/ Yoast SEO plugin. -->","yoast_head_json":{"title":"O v\u00edrus que continua no ar mant\u00e9m os avi\u00f5es retidos em solo - Travel3","description":"O v\u00edrus que continua no ar, mant\u00e9m os avi\u00f5es retidos em solo; As novas variantes do Coronav\u00edrus continuam afetando a avia\u00e7\u00e3o comercial","robots":{"index":"index","follow":"follow","max-snippet":"max-snippet:-1","max-image-preview":"max-image-preview:large","max-video-preview":"max-video-preview:-1"},"canonical":"https:\/\/www.travel3.com.br\/site\/acontece-no-turismo\/virus-que-continua-no-ar\/","og_locale":"pt_BR","og_type":"article","og_title":"O v\u00edrus que continua no ar mant\u00e9m os avi\u00f5es retidos em solo - Travel3","og_description":"O v\u00edrus que continua no ar, mant\u00e9m os avi\u00f5es retidos em solo; As novas variantes do Coronav\u00edrus continuam afetando a avia\u00e7\u00e3o comercial","og_url":"https:\/\/www.travel3.com.br\/site\/acontece-no-turismo\/virus-que-continua-no-ar\/","og_site_name":"Travel3","article_publisher":"https:\/\/www.facebook.com\/travel3media\/","article_published_time":"2021-03-31T09:00:15+00:00","article_modified_time":"2021-03-31T12:23:34+00:00","og_image":[{"width":1920,"height":1280,"url":"https:\/\/www.travel3.com.br\/site\/wp-content\/uploads\/2021\/03\/engine-623311_1920.jpg","type":"image\/jpeg"}],"author":"Reda\u00e7\u00e3o Travel3","twitter_card":"summary_large_image","twitter_misc":{"Escrito por":"Reda\u00e7\u00e3o Travel3","Est. tempo de leitura":"1 minuto"},"schema":{"@context":"https:\/\/schema.org","@graph":[{"@type":"Article","@id":"https:\/\/www.travel3.com.br\/site\/acontece-no-turismo\/virus-que-continua-no-ar\/#article","isPartOf":{"@id":"https:\/\/www.travel3.com.br\/site\/acontece-no-turismo\/virus-que-continua-no-ar\/"},"author":{"name":"Reda\u00e7\u00e3o Travel3","@id":"https:\/\/www.travel3.com.br\/site\/#\/schema\/person\/9cff8daac0a2f1aa0799f827b8aa8308"},"headline":"O v\u00edrus que continua no ar mant\u00e9m os avi\u00f5es retidos em solo","datePublished":"2021-03-31T09:00:15+00:00","dateModified":"2021-03-31T12:23:34+00:00","mainEntityOfPage":{"@id":"https:\/\/www.travel3.com.br\/site\/acontece-no-turismo\/virus-que-continua-no-ar\/"},"wordCount":242,"commentCount":0,"publisher":{"@id":"https:\/\/www.travel3.com.br\/site\/#organization"},"image":{"@id":"https:\/\/www.travel3.com.br\/site\/acontece-no-turismo\/virus-que-continua-no-ar\/#primaryimage"},"thumbnailUrl":"https:\/\/www.travel3.com.br\/site\/wp-content\/uploads\/2021\/03\/engine-623311_1920.jpg","articleSection":["Acontece no Turismo","Ar","Destaque","Ir e Vir"],"inLanguage":"pt-BR","potentialAction":[{"@type":"CommentAction","name":"Comment","target":["https:\/\/www.travel3.com.br\/site\/acontece-no-turismo\/virus-que-continua-no-ar\/#respond"]}]},{"@type":"WebPage","@id":"https:\/\/www.travel3.com.br\/site\/acontece-no-turismo\/virus-que-continua-no-ar\/","url":"https:\/\/www.travel3.com.br\/site\/acontece-no-turismo\/virus-que-continua-no-ar\/","name":"O v\u00edrus que continua no ar mant\u00e9m os avi\u00f5es retidos em solo - Travel3","isPartOf":{"@id":"https:\/\/www.travel3.com.br\/site\/#website"},"primaryImageOfPage":{"@id":"https:\/\/www.travel3.com.br\/site\/acontece-no-turismo\/virus-que-continua-no-ar\/#primaryimage"},"image":{"@id":"https:\/\/www.travel3.com.br\/site\/acontece-no-turismo\/virus-que-continua-no-ar\/#primaryimage"},"thumbnailUrl":"https:\/\/www.travel3.com.br\/site\/wp-content\/uploads\/2021\/03\/engine-623311_1920.jpg","datePublished":"2021-03-31T09:00:15+00:00","dateModified":"2021-03-31T12:23:34+00:00","description":"O v\u00edrus que continua no ar, mant\u00e9m os avi\u00f5es retidos em solo; As novas variantes do Coronav\u00edrus continuam afetando a avia\u00e7\u00e3o comercial","breadcrumb":{"@id":"https:\/\/www.travel3.com.br\/site\/acontece-no-turismo\/virus-que-continua-no-ar\/#breadcrumb"},"inLanguage":"pt-BR","potentialAction":[{"@type":"ReadAction","target":["https:\/\/www.travel3.com.br\/site\/acontece-no-turismo\/virus-que-continua-no-ar\/"]}]},{"@type":"ImageObject","inLanguage":"pt-BR","@id":"https:\/\/www.travel3.com.br\/site\/acontece-no-turismo\/virus-que-continua-no-ar\/#primaryimage","url":"https:\/\/www.travel3.com.br\/site\/wp-content\/uploads\/2021\/03\/engine-623311_1920.jpg","contentUrl":"https:\/\/www.travel3.com.br\/site\/wp-content\/uploads\/2021\/03\/engine-623311_1920.jpg","width":1920,"height":1280,"caption":"(Foto: Divulga\u00e7\u00e3o)"},{"@type":"BreadcrumbList","@id":"https:\/\/www.travel3.com.br\/site\/acontece-no-turismo\/virus-que-continua-no-ar\/#breadcrumb","itemListElement":[{"@type":"ListItem","position":1,"name":"In\u00edcio","item":"https:\/\/www.travel3.com.br\/site\/"},{"@type":"ListItem","position":2,"name":"O v\u00edrus que continua no ar mant\u00e9m os avi\u00f5es retidos em solo"}]},{"@type":"WebSite","@id":"https:\/\/www.travel3.com.br\/site\/#website","url":"https:\/\/www.travel3.com.br\/site\/","name":"Travel3","description":"Lazer + Neg&oacute;cios + Aventura","publisher":{"@id":"https:\/\/www.travel3.com.br\/site\/#organization"},"potentialAction":[{"@type":"SearchAction","target":{"@type":"EntryPoint","urlTemplate":"https:\/\/www.travel3.com.br\/site\/?s={search_term_string}"},"query-input":{"@type":"PropertyValueSpecification","valueRequired":true,"valueName":"search_term_string"}}],"inLanguage":"pt-BR"},{"@type":"Organization","@id":"https:\/\/www.travel3.com.br\/site\/#organization","name":"Travel3","url":"https:\/\/www.travel3.com.br\/site\/","logo":{"@type":"ImageObject","inLanguage":"pt-BR","@id":"https:\/\/www.travel3.com.br\/site\/#\/schema\/logo\/image\/","url":"https:\/\/www.travel3.com.br\/site\/wp-content\/uploads\/2020\/01\/logo-travel3-2020.png","contentUrl":"https:\/\/www.travel3.com.br\/site\/wp-content\/uploads\/2020\/01\/logo-travel3-2020.png","width":232,"height":79,"caption":"Travel3"},"image":{"@id":"https:\/\/www.travel3.com.br\/site\/#\/schema\/logo\/image\/"},"sameAs":["https:\/\/www.facebook.com\/travel3media\/","https:\/\/www.instagram.com\/revistatravel3\/","https:\/\/www.youtube.com\/channel\/UCno7J4paGBR3VbZQzvoJ9Eg"]},{"@type":"Person","@id":"https:\/\/www.travel3.com.br\/site\/#\/schema\/person\/9cff8daac0a2f1aa0799f827b8aa8308","name":"Reda\u00e7\u00e3o Travel3","image":{"@type":"ImageObject","inLanguage":"pt-BR","@id":"https:\/\/www.travel3.com.br\/site\/#\/schema\/person\/image\/","url":"https:\/\/secure.gravatar.com\/avatar\/6e6125525e1f04b7b8c607d71556e490?s=96&d=mm&r=g","contentUrl":"https:\/\/secure.gravatar.com\/avatar\/6e6125525e1f04b7b8c607d71556e490?s=96&d=mm&r=g","caption":"Reda\u00e7\u00e3o Travel3"},"sameAs":["http:\/\/www.travel3.com.br"],"url":"https:\/\/www.travel3.com.br\/site\/author\/redacao2\/"}]}},"_links":{"self":[{"href":"https:\/\/www.travel3.com.br\/site\/wp-json\/wp\/v2\/posts\/40298","targetHints":{"allow":["GET"]}}],"collection":[{"href":"https:\/\/www.travel3.com.br\/site\/wp-json\/wp\/v2\/posts"}],"about":[{"href":"https:\/\/www.travel3.com.br\/site\/wp-json\/wp\/v2\/types\/post"}],"author":[{"embeddable":true,"href":"https:\/\/www.travel3.com.br\/site\/wp-json\/wp\/v2\/users\/6"}],"replies":[{"embeddable":true,"href":"https:\/\/www.travel3.com.br\/site\/wp-json\/wp\/v2\/comments?post=40298"}],"version-history":[{"count":17,"href":"https:\/\/www.travel3.com.br\/site\/wp-json\/wp\/v2\/posts\/40298\/revisions"}],"predecessor-version":[{"id":40326,"href":"https:\/\/www.travel3.com.br\/site\/wp-json\/wp\/v2\/posts\/40298\/revisions\/40326"}],"wp:featuredmedia":[{"embeddable":true,"href":"https:\/\/www.travel3.com.br\/site\/wp-json\/wp\/v2\/media\/40310"}],"wp:attachment":[{"href":"https:\/\/www.travel3.com.br\/site\/wp-json\/wp\/v2\/media?parent=40298"}],"wp:term":[{"taxonomy":"category","embeddable":true,"href":"https:\/\/www.travel3.com.br\/site\/wp-json\/wp\/v2\/categories?post=40298"},{"taxonomy":"post_tag","embeddable":true,"href":"https:\/\/www.travel3.com.br\/site\/wp-json\/wp\/v2\/tags?post=40298"}],"curies":[{"name":"wp","href":"https:\/\/api.w.org\/{rel}","templated":true}]}}