{"id":40251,"date":"2021-03-24T05:30:44","date_gmt":"2021-03-24T08:30:44","guid":{"rendered":"https:\/\/www.travel3.com.br\/?p=40251"},"modified":"2021-03-23T17:11:06","modified_gmt":"2021-03-23T20:11:06","slug":"braztoa-apresenta-nova-plataforma-de-capacitacao-negocios","status":"publish","type":"post","link":"https:\/\/www.travel3.com.br\/site\/acontece-no-turismo\/negocios\/braztoa-apresenta-nova-plataforma-de-capacitacao-negocios\/","title":{"rendered":"Braztoa apresenta nova plataforma de capacita\u00e7\u00e3o + neg\u00f3cios"},"content":{"rendered":"\n<div class=\"wp-block-image\"><figure class=\"aligncenter\"><img loading=\"lazy\" decoding=\"async\" width=\"498\" height=\"1024\" src=\"https:\/\/www.travel3.com.br\/site\/wp-content\/uploads\/2021\/03\/WhatsApp-Image-2021-03-23-at-16.58.16-1-498x1024.jpeg\" alt=\"Braztoa capacita\u00e7\u00e3o\" class=\"wp-image-40253\" srcset=\"https:\/\/www.travel3.com.br\/site\/wp-content\/uploads\/2021\/03\/WhatsApp-Image-2021-03-23-at-16.58.16-1-498x1024.jpeg 498w, https:\/\/www.travel3.com.br\/site\/wp-content\/uploads\/2021\/03\/WhatsApp-Image-2021-03-23-at-16.58.16-1-146x300.jpeg 146w, https:\/\/www.travel3.com.br\/site\/wp-content\/uploads\/2021\/03\/WhatsApp-Image-2021-03-23-at-16.58.16-1.jpeg 622w\" sizes=\"auto, (max-width: 498px) 100vw, 498px\" \/><figcaption>Roberto Haro Nedelciu &#8211; Presidente da Braztoa (Foto: Divulga\u00e7\u00e3o)<\/figcaption><\/figure><\/div>\n\n\n\n<h3 class=\"wp-block-heading\" style=\"text-align:center\">Academia de Excel\u00eancia Braztoa ir\u00e1 oferecer programas online a partir de abril<\/h3>\n\n\n\n<p>A Braztoa &#8211; Associa\u00e7\u00e3o Brasileira das Operadoras de Turismo &#8211; lan\u00e7ou nesta ter\u00e7a feira, 23 de mar\u00e7o, a Academia de Excel\u00eancia Braztoa, iniciativa de capacita\u00e7\u00e3o online em turismo e hospitalidade. Com o objetivo de compartilhar conhecimento e contribuir para o processo de transforma\u00e7\u00e3o dos neg\u00f3cios e de destinos tur\u00edsticos do Brasil, a plataforma ir\u00e1 oferecer cursos diversos, estruturados com base em conhecimentos de mercado.<\/p>\n\n\n\n<p>Promo\u00e7\u00e3o + conhecimento + gera\u00e7\u00e3o de neg\u00f3cios s\u00e3o o foco de alguns dos conte\u00fados, que, de acordo com a associa\u00e7\u00e3o, ir\u00e3o abrangir temas variados; como tend\u00eancias + cen\u00e1rios futuros + inova\u00e7\u00e3o + sustentabilidade + criatividade + solu\u00e7\u00f5es financeiramente vi\u00e1veis.<\/p>\n\n\n\n<p>Al\u00e9m de oferecer cursos de curta dura\u00e7\u00e3o que permitir\u00e3o a intera\u00e7\u00e3o entre os participantes, tamb\u00e9m a Academia tamb\u00e9m ir\u00e1 promover Programas de Aprendizagem e projetos para parcerias p\u00fablico-privadas.<\/p>\n\n\n\n<p style=\"text-align:center\">Leia mais = <strong><a href=\"https:\/\/www.travel3.com.br\/ir-e-vir\/copa-airlines-oferece-descontos-em-exames-rt-pcr\/\" target=\"_blank\" rel=\"noreferrer noopener\" aria-label=\"Copa Airlines oferece descontos em exames RT-PCR (opens in a new tab)\">Copa Airlines oferece descontos em exames RT-PCR<\/a><\/strong><\/p>\n\n\n\n<blockquote class=\"wp-block-quote is-layout-flow wp-block-quote-is-layout-flow\"><p>Diante de um per\u00edodo que nos desafiou tanto como institui\u00e7\u00e3o e como profissionais, escolhemos olhar para o turismo com novas perspectivas. A Academia de Excel\u00eancia Braztoa \u00e9 resultado das nossas convic\u00e7\u00f5es: estamos diante de uma janela de oportunidades e o futuro tem tudo para ser desafiadoramente promissor. Nessa primeira etapa da Academia, vamos usar a expertise que os operadores acumularam ao longo de anos, desenvolvendo roteiros mundo afora para ajudar a desvendar as experi\u00eancias incr\u00edveis que est\u00e3o espalhadas pelos quatro cantos do Brasil. Chegou a hora de (re)descobrirmos o Brasil, em toda sua beleza e diversidade!<\/p><cite>Roberto Haro Nedelciu &#8211; Presidente da Braztoa<\/cite><\/blockquote>\n\n\n\n<div class=\"wp-block-image\"><figure class=\"aligncenter\"><img loading=\"lazy\" decoding=\"async\" width=\"768\" height=\"1024\" src=\"https:\/\/www.travel3.com.br\/site\/wp-content\/uploads\/2021\/03\/WhatsApp-Image-2021-03-23-at-16.58.16-768x1024.jpeg\" alt=\"Braztoa capacita\u00e7\u00e3o\" class=\"wp-image-40254\" srcset=\"https:\/\/www.travel3.com.br\/site\/wp-content\/uploads\/2021\/03\/WhatsApp-Image-2021-03-23-at-16.58.16-768x1024.jpeg 768w, https:\/\/www.travel3.com.br\/site\/wp-content\/uploads\/2021\/03\/WhatsApp-Image-2021-03-23-at-16.58.16-225x300.jpeg 225w, https:\/\/www.travel3.com.br\/site\/wp-content\/uploads\/2021\/03\/WhatsApp-Image-2021-03-23-at-16.58.16-750x1000.jpeg 750w, https:\/\/www.travel3.com.br\/site\/wp-content\/uploads\/2021\/03\/WhatsApp-Image-2021-03-23-at-16.58.16.jpeg 960w\" sizes=\"auto, (max-width: 768px) 100vw, 768px\" \/><figcaption>Jaqueline Gil &#8211; CEO da Amplia Mundo (Foto: Divulga\u00e7\u00e3o)<\/figcaption><\/figure><\/div>\n\n\n\n<h2 class=\"wp-block-heading\">Inscri\u00e7\u00f5es abertas<\/h2>\n\n\n\n<p>O 1\u00ba programa da Academia de Excel\u00eancia ser\u00e1 o Experi\u00eancias Incr\u00edveis, oferecido em parceria com a Amplia Mundo &#8211; consultoria especializada em projetos internacionais, pesquisas e capacita\u00e7\u00f5es.<\/p>\n\n\n\n<p>Com <strong><a rel=\"noreferrer noopener\" aria-label=\"inscri\u00e7\u00f5es abertas (opens in a new tab)\" href=\"http:\/\/www.academiadeexcelencia.com.br\/experiencias\" target=\"_blank\">inscri\u00e7\u00f5es abertas<\/a><\/strong>, o programa \u00e9 composto por 3 m\u00f3dulos, em um total de 25 horas de mentorias online. Ser\u00e3o abordados assuntos como o passo-a-passo para experi\u00eancias em gastronomia, natureza e criatividades; a comunica\u00e7\u00e3o criativa e expans\u00e3o digital; e inova\u00e7\u00e3o, sustentabilidade e empreendedorismo.<\/p>\n\n\n\n<blockquote class=\"wp-block-quote is-layout-flow wp-block-quote-is-layout-flow\"><p>Estamos dedicados a pesquisas sobre cen\u00e1rios futuros, e n\u00e3o temos d\u00favida sobre a necessidade de transformarmos o enorme potencial do mercado nacional a partir de inova\u00e7\u00e3o aplicada e, principalmente, aprimoramento do turismo de experi\u00eancias. Nossa parceria com a Braztoa permite a prepara\u00e7\u00e3o de l\u00edderes e gestores do setor p\u00fablico, empres\u00e1rios, empreendedores e talentos para cria\u00e7\u00e3o de experi\u00eancias com inova\u00e7\u00e3o, criatividade e agilidade.<\/p><cite>Jaqueline Gil &#8211; CEO da Amplia Mundo<\/cite><\/blockquote>\n","protected":false},"excerpt":{"rendered":"<p>Academia de Excel\u00eancia Braztoa ir\u00e1 oferecer programas online a partir de abril A Braztoa &#8211; Associa\u00e7\u00e3o Brasileira das Operadoras de Turismo &#8211; lan\u00e7ou nesta ter\u00e7a feira, 23 de mar\u00e7o, a Academia de Excel\u00eancia Braztoa, iniciativa de capacita\u00e7\u00e3o online em turismo e hospitalidade. Com o objetivo de compartilhar conhecimento e contribuir para o processo de transforma\u00e7\u00e3o [&hellip;]<\/p>\n","protected":false},"author":6,"featured_media":40257,"comment_status":"open","ping_status":"open","sticky":false,"template":"","format":"standard","meta":{"footnotes":""},"categories":[969,226,3],"tags":[4466,562,2078],"class_list":["post-40251","post","type-post","status-publish","format-standard","has-post-thumbnail","hentry","category-acontece-no-turismo","category-destaque","category-negocios","tag-academia-de-excelencia-braztoa","tag-braztoa","tag-capacitacoes"],"yoast_head":"<!-- This site is optimized with the Yoast SEO plugin v26.2 - https:\/\/yoast.com\/wordpress\/plugins\/seo\/ -->\n<title>Braztoa apresenta nova plataforma de capacita\u00e7\u00e3o + neg\u00f3cios - Travel3<\/title>\n<meta name=\"description\" content=\"Braztoa apresenta nova plataforma de capacita\u00e7\u00e3o + neg\u00f3cios; Academia de Excel\u00eancia Braztoa ir\u00e1 oferecer programas online a partir de abril\" \/>\n<meta name=\"robots\" content=\"index, follow, max-snippet:-1, max-image-preview:large, max-video-preview:-1\" \/>\n<link rel=\"canonical\" href=\"https:\/\/www.travel3.com.br\/site\/acontece-no-turismo\/negocios\/braztoa-apresenta-nova-plataforma-de-capacitacao-negocios\/\" \/>\n<meta property=\"og:locale\" content=\"pt_BR\" \/>\n<meta property=\"og:type\" content=\"article\" \/>\n<meta property=\"og:title\" content=\"Braztoa apresenta nova plataforma de capacita\u00e7\u00e3o + neg\u00f3cios - Travel3\" \/>\n<meta property=\"og:description\" content=\"Braztoa apresenta nova plataforma de capacita\u00e7\u00e3o + neg\u00f3cios; Academia de Excel\u00eancia Braztoa ir\u00e1 oferecer programas online a partir de abril\" \/>\n<meta property=\"og:url\" content=\"https:\/\/www.travel3.com.br\/site\/acontece-no-turismo\/negocios\/braztoa-apresenta-nova-plataforma-de-capacitacao-negocios\/\" \/>\n<meta property=\"og:site_name\" content=\"Travel3\" \/>\n<meta property=\"article:publisher\" content=\"https:\/\/www.facebook.com\/travel3media\/\" \/>\n<meta property=\"article:published_time\" content=\"2021-03-24T08:30:44+00:00\" \/>\n<meta property=\"og:image\" content=\"https:\/\/www.travel3.com.br\/site\/wp-content\/uploads\/2021\/03\/WhatsApp-Image-2021-03-23-at-17.09.26.jpeg\" \/>\n\t<meta property=\"og:image:width\" content=\"500\" \/>\n\t<meta property=\"og:image:height\" content=\"500\" \/>\n\t<meta property=\"og:image:type\" content=\"image\/jpeg\" \/>\n<meta name=\"author\" content=\"Reda\u00e7\u00e3o Travel3\" \/>\n<meta name=\"twitter:card\" content=\"summary_large_image\" \/>\n<meta name=\"twitter:label1\" content=\"Escrito por\" \/>\n\t<meta name=\"twitter:data1\" content=\"Reda\u00e7\u00e3o Travel3\" \/>\n\t<meta name=\"twitter:label2\" content=\"Est. tempo de leitura\" \/>\n\t<meta name=\"twitter:data2\" content=\"2 minutos\" \/>\n<script type=\"application\/ld+json\" class=\"yoast-schema-graph\">{\"@context\":\"https:\/\/schema.org\",\"@graph\":[{\"@type\":\"Article\",\"@id\":\"https:\/\/www.travel3.com.br\/site\/acontece-no-turismo\/negocios\/braztoa-apresenta-nova-plataforma-de-capacitacao-negocios\/#article\",\"isPartOf\":{\"@id\":\"https:\/\/www.travel3.com.br\/site\/acontece-no-turismo\/negocios\/braztoa-apresenta-nova-plataforma-de-capacitacao-negocios\/\"},\"author\":{\"name\":\"Reda\u00e7\u00e3o Travel3\",\"@id\":\"https:\/\/www.travel3.com.br\/site\/#\/schema\/person\/9cff8daac0a2f1aa0799f827b8aa8308\"},\"headline\":\"Braztoa apresenta nova plataforma de capacita\u00e7\u00e3o + neg\u00f3cios\",\"datePublished\":\"2021-03-24T08:30:44+00:00\",\"mainEntityOfPage\":{\"@id\":\"https:\/\/www.travel3.com.br\/site\/acontece-no-turismo\/negocios\/braztoa-apresenta-nova-plataforma-de-capacitacao-negocios\/\"},\"wordCount\":473,\"commentCount\":0,\"publisher\":{\"@id\":\"https:\/\/www.travel3.com.br\/site\/#organization\"},\"image\":{\"@id\":\"https:\/\/www.travel3.com.br\/site\/acontece-no-turismo\/negocios\/braztoa-apresenta-nova-plataforma-de-capacitacao-negocios\/#primaryimage\"},\"thumbnailUrl\":\"https:\/\/www.travel3.com.br\/site\/wp-content\/uploads\/2021\/03\/WhatsApp-Image-2021-03-23-at-17.09.26.jpeg\",\"keywords\":[\"Academia de Excel\u00eancia Braztoa\",\"Braztoa\",\"capacita\u00e7\u00f5es\"],\"articleSection\":[\"Acontece no Turismo\",\"Destaque\",\"Neg\u00f3cios\"],\"inLanguage\":\"pt-BR\",\"potentialAction\":[{\"@type\":\"CommentAction\",\"name\":\"Comment\",\"target\":[\"https:\/\/www.travel3.com.br\/site\/acontece-no-turismo\/negocios\/braztoa-apresenta-nova-plataforma-de-capacitacao-negocios\/#respond\"]}]},{\"@type\":\"WebPage\",\"@id\":\"https:\/\/www.travel3.com.br\/site\/acontece-no-turismo\/negocios\/braztoa-apresenta-nova-plataforma-de-capacitacao-negocios\/\",\"url\":\"https:\/\/www.travel3.com.br\/site\/acontece-no-turismo\/negocios\/braztoa-apresenta-nova-plataforma-de-capacitacao-negocios\/\",\"name\":\"Braztoa apresenta nova plataforma de capacita\u00e7\u00e3o + neg\u00f3cios - Travel3\",\"isPartOf\":{\"@id\":\"https:\/\/www.travel3.com.br\/site\/#website\"},\"primaryImageOfPage\":{\"@id\":\"https:\/\/www.travel3.com.br\/site\/acontece-no-turismo\/negocios\/braztoa-apresenta-nova-plataforma-de-capacitacao-negocios\/#primaryimage\"},\"image\":{\"@id\":\"https:\/\/www.travel3.com.br\/site\/acontece-no-turismo\/negocios\/braztoa-apresenta-nova-plataforma-de-capacitacao-negocios\/#primaryimage\"},\"thumbnailUrl\":\"https:\/\/www.travel3.com.br\/site\/wp-content\/uploads\/2021\/03\/WhatsApp-Image-2021-03-23-at-17.09.26.jpeg\",\"datePublished\":\"2021-03-24T08:30:44+00:00\",\"description\":\"Braztoa apresenta nova plataforma de capacita\u00e7\u00e3o + neg\u00f3cios; Academia de Excel\u00eancia Braztoa ir\u00e1 oferecer programas online a partir de abril\",\"breadcrumb\":{\"@id\":\"https:\/\/www.travel3.com.br\/site\/acontece-no-turismo\/negocios\/braztoa-apresenta-nova-plataforma-de-capacitacao-negocios\/#breadcrumb\"},\"inLanguage\":\"pt-BR\",\"potentialAction\":[{\"@type\":\"ReadAction\",\"target\":[\"https:\/\/www.travel3.com.br\/site\/acontece-no-turismo\/negocios\/braztoa-apresenta-nova-plataforma-de-capacitacao-negocios\/\"]}]},{\"@type\":\"ImageObject\",\"inLanguage\":\"pt-BR\",\"@id\":\"https:\/\/www.travel3.com.br\/site\/acontece-no-turismo\/negocios\/braztoa-apresenta-nova-plataforma-de-capacitacao-negocios\/#primaryimage\",\"url\":\"https:\/\/www.travel3.com.br\/site\/wp-content\/uploads\/2021\/03\/WhatsApp-Image-2021-03-23-at-17.09.26.jpeg\",\"contentUrl\":\"https:\/\/www.travel3.com.br\/site\/wp-content\/uploads\/2021\/03\/WhatsApp-Image-2021-03-23-at-17.09.26.jpeg\",\"width\":500,\"height\":500,\"caption\":\"Academia de Excel\u00eancia Braztoa\"},{\"@type\":\"BreadcrumbList\",\"@id\":\"https:\/\/www.travel3.com.br\/site\/acontece-no-turismo\/negocios\/braztoa-apresenta-nova-plataforma-de-capacitacao-negocios\/#breadcrumb\",\"itemListElement\":[{\"@type\":\"ListItem\",\"position\":1,\"name\":\"In\u00edcio\",\"item\":\"https:\/\/www.travel3.com.br\/site\/\"},{\"@type\":\"ListItem\",\"position\":2,\"name\":\"Braztoa apresenta nova plataforma de capacita\u00e7\u00e3o + neg\u00f3cios\"}]},{\"@type\":\"WebSite\",\"@id\":\"https:\/\/www.travel3.com.br\/site\/#website\",\"url\":\"https:\/\/www.travel3.com.br\/site\/\",\"name\":\"Travel3\",\"description\":\"Lazer + Neg&oacute;cios + Aventura\",\"publisher\":{\"@id\":\"https:\/\/www.travel3.com.br\/site\/#organization\"},\"potentialAction\":[{\"@type\":\"SearchAction\",\"target\":{\"@type\":\"EntryPoint\",\"urlTemplate\":\"https:\/\/www.travel3.com.br\/site\/?s={search_term_string}\"},\"query-input\":{\"@type\":\"PropertyValueSpecification\",\"valueRequired\":true,\"valueName\":\"search_term_string\"}}],\"inLanguage\":\"pt-BR\"},{\"@type\":\"Organization\",\"@id\":\"https:\/\/www.travel3.com.br\/site\/#organization\",\"name\":\"Travel3\",\"url\":\"https:\/\/www.travel3.com.br\/site\/\",\"logo\":{\"@type\":\"ImageObject\",\"inLanguage\":\"pt-BR\",\"@id\":\"https:\/\/www.travel3.com.br\/site\/#\/schema\/logo\/image\/\",\"url\":\"https:\/\/www.travel3.com.br\/site\/wp-content\/uploads\/2020\/01\/logo-travel3-2020.png\",\"contentUrl\":\"https:\/\/www.travel3.com.br\/site\/wp-content\/uploads\/2020\/01\/logo-travel3-2020.png\",\"width\":232,\"height\":79,\"caption\":\"Travel3\"},\"image\":{\"@id\":\"https:\/\/www.travel3.com.br\/site\/#\/schema\/logo\/image\/\"},\"sameAs\":[\"https:\/\/www.facebook.com\/travel3media\/\",\"https:\/\/www.instagram.com\/revistatravel3\/\",\"https:\/\/www.youtube.com\/channel\/UCno7J4paGBR3VbZQzvoJ9Eg\"]},{\"@type\":\"Person\",\"@id\":\"https:\/\/www.travel3.com.br\/site\/#\/schema\/person\/9cff8daac0a2f1aa0799f827b8aa8308\",\"name\":\"Reda\u00e7\u00e3o Travel3\",\"image\":{\"@type\":\"ImageObject\",\"inLanguage\":\"pt-BR\",\"@id\":\"https:\/\/www.travel3.com.br\/site\/#\/schema\/person\/image\/\",\"url\":\"https:\/\/secure.gravatar.com\/avatar\/6e6125525e1f04b7b8c607d71556e490?s=96&d=mm&r=g\",\"contentUrl\":\"https:\/\/secure.gravatar.com\/avatar\/6e6125525e1f04b7b8c607d71556e490?s=96&d=mm&r=g\",\"caption\":\"Reda\u00e7\u00e3o Travel3\"},\"sameAs\":[\"http:\/\/www.travel3.com.br\"],\"url\":\"https:\/\/www.travel3.com.br\/site\/author\/redacao2\/\"}]}<\/script>\n<!-- \/ Yoast SEO plugin. -->","yoast_head_json":{"title":"Braztoa apresenta nova plataforma de capacita\u00e7\u00e3o + neg\u00f3cios - Travel3","description":"Braztoa apresenta nova plataforma de capacita\u00e7\u00e3o + neg\u00f3cios; Academia de Excel\u00eancia Braztoa ir\u00e1 oferecer programas online a partir de abril","robots":{"index":"index","follow":"follow","max-snippet":"max-snippet:-1","max-image-preview":"max-image-preview:large","max-video-preview":"max-video-preview:-1"},"canonical":"https:\/\/www.travel3.com.br\/site\/acontece-no-turismo\/negocios\/braztoa-apresenta-nova-plataforma-de-capacitacao-negocios\/","og_locale":"pt_BR","og_type":"article","og_title":"Braztoa apresenta nova plataforma de capacita\u00e7\u00e3o + neg\u00f3cios - Travel3","og_description":"Braztoa apresenta nova plataforma de capacita\u00e7\u00e3o + neg\u00f3cios; Academia de Excel\u00eancia Braztoa ir\u00e1 oferecer programas online a partir de abril","og_url":"https:\/\/www.travel3.com.br\/site\/acontece-no-turismo\/negocios\/braztoa-apresenta-nova-plataforma-de-capacitacao-negocios\/","og_site_name":"Travel3","article_publisher":"https:\/\/www.facebook.com\/travel3media\/","article_published_time":"2021-03-24T08:30:44+00:00","og_image":[{"width":500,"height":500,"url":"https:\/\/www.travel3.com.br\/site\/wp-content\/uploads\/2021\/03\/WhatsApp-Image-2021-03-23-at-17.09.26.jpeg","type":"image\/jpeg"}],"author":"Reda\u00e7\u00e3o Travel3","twitter_card":"summary_large_image","twitter_misc":{"Escrito por":"Reda\u00e7\u00e3o Travel3","Est. tempo de leitura":"2 minutos"},"schema":{"@context":"https:\/\/schema.org","@graph":[{"@type":"Article","@id":"https:\/\/www.travel3.com.br\/site\/acontece-no-turismo\/negocios\/braztoa-apresenta-nova-plataforma-de-capacitacao-negocios\/#article","isPartOf":{"@id":"https:\/\/www.travel3.com.br\/site\/acontece-no-turismo\/negocios\/braztoa-apresenta-nova-plataforma-de-capacitacao-negocios\/"},"author":{"name":"Reda\u00e7\u00e3o Travel3","@id":"https:\/\/www.travel3.com.br\/site\/#\/schema\/person\/9cff8daac0a2f1aa0799f827b8aa8308"},"headline":"Braztoa apresenta nova plataforma de capacita\u00e7\u00e3o + neg\u00f3cios","datePublished":"2021-03-24T08:30:44+00:00","mainEntityOfPage":{"@id":"https:\/\/www.travel3.com.br\/site\/acontece-no-turismo\/negocios\/braztoa-apresenta-nova-plataforma-de-capacitacao-negocios\/"},"wordCount":473,"commentCount":0,"publisher":{"@id":"https:\/\/www.travel3.com.br\/site\/#organization"},"image":{"@id":"https:\/\/www.travel3.com.br\/site\/acontece-no-turismo\/negocios\/braztoa-apresenta-nova-plataforma-de-capacitacao-negocios\/#primaryimage"},"thumbnailUrl":"https:\/\/www.travel3.com.br\/site\/wp-content\/uploads\/2021\/03\/WhatsApp-Image-2021-03-23-at-17.09.26.jpeg","keywords":["Academia de Excel\u00eancia Braztoa","Braztoa","capacita\u00e7\u00f5es"],"articleSection":["Acontece no Turismo","Destaque","Neg\u00f3cios"],"inLanguage":"pt-BR","potentialAction":[{"@type":"CommentAction","name":"Comment","target":["https:\/\/www.travel3.com.br\/site\/acontece-no-turismo\/negocios\/braztoa-apresenta-nova-plataforma-de-capacitacao-negocios\/#respond"]}]},{"@type":"WebPage","@id":"https:\/\/www.travel3.com.br\/site\/acontece-no-turismo\/negocios\/braztoa-apresenta-nova-plataforma-de-capacitacao-negocios\/","url":"https:\/\/www.travel3.com.br\/site\/acontece-no-turismo\/negocios\/braztoa-apresenta-nova-plataforma-de-capacitacao-negocios\/","name":"Braztoa apresenta nova plataforma de capacita\u00e7\u00e3o + neg\u00f3cios - Travel3","isPartOf":{"@id":"https:\/\/www.travel3.com.br\/site\/#website"},"primaryImageOfPage":{"@id":"https:\/\/www.travel3.com.br\/site\/acontece-no-turismo\/negocios\/braztoa-apresenta-nova-plataforma-de-capacitacao-negocios\/#primaryimage"},"image":{"@id":"https:\/\/www.travel3.com.br\/site\/acontece-no-turismo\/negocios\/braztoa-apresenta-nova-plataforma-de-capacitacao-negocios\/#primaryimage"},"thumbnailUrl":"https:\/\/www.travel3.com.br\/site\/wp-content\/uploads\/2021\/03\/WhatsApp-Image-2021-03-23-at-17.09.26.jpeg","datePublished":"2021-03-24T08:30:44+00:00","description":"Braztoa apresenta nova plataforma de capacita\u00e7\u00e3o + neg\u00f3cios; Academia de Excel\u00eancia Braztoa ir\u00e1 oferecer programas online a partir de abril","breadcrumb":{"@id":"https:\/\/www.travel3.com.br\/site\/acontece-no-turismo\/negocios\/braztoa-apresenta-nova-plataforma-de-capacitacao-negocios\/#breadcrumb"},"inLanguage":"pt-BR","potentialAction":[{"@type":"ReadAction","target":["https:\/\/www.travel3.com.br\/site\/acontece-no-turismo\/negocios\/braztoa-apresenta-nova-plataforma-de-capacitacao-negocios\/"]}]},{"@type":"ImageObject","inLanguage":"pt-BR","@id":"https:\/\/www.travel3.com.br\/site\/acontece-no-turismo\/negocios\/braztoa-apresenta-nova-plataforma-de-capacitacao-negocios\/#primaryimage","url":"https:\/\/www.travel3.com.br\/site\/wp-content\/uploads\/2021\/03\/WhatsApp-Image-2021-03-23-at-17.09.26.jpeg","contentUrl":"https:\/\/www.travel3.com.br\/site\/wp-content\/uploads\/2021\/03\/WhatsApp-Image-2021-03-23-at-17.09.26.jpeg","width":500,"height":500,"caption":"Academia de Excel\u00eancia Braztoa"},{"@type":"BreadcrumbList","@id":"https:\/\/www.travel3.com.br\/site\/acontece-no-turismo\/negocios\/braztoa-apresenta-nova-plataforma-de-capacitacao-negocios\/#breadcrumb","itemListElement":[{"@type":"ListItem","position":1,"name":"In\u00edcio","item":"https:\/\/www.travel3.com.br\/site\/"},{"@type":"ListItem","position":2,"name":"Braztoa apresenta nova plataforma de capacita\u00e7\u00e3o + neg\u00f3cios"}]},{"@type":"WebSite","@id":"https:\/\/www.travel3.com.br\/site\/#website","url":"https:\/\/www.travel3.com.br\/site\/","name":"Travel3","description":"Lazer + Neg&oacute;cios + Aventura","publisher":{"@id":"https:\/\/www.travel3.com.br\/site\/#organization"},"potentialAction":[{"@type":"SearchAction","target":{"@type":"EntryPoint","urlTemplate":"https:\/\/www.travel3.com.br\/site\/?s={search_term_string}"},"query-input":{"@type":"PropertyValueSpecification","valueRequired":true,"valueName":"search_term_string"}}],"inLanguage":"pt-BR"},{"@type":"Organization","@id":"https:\/\/www.travel3.com.br\/site\/#organization","name":"Travel3","url":"https:\/\/www.travel3.com.br\/site\/","logo":{"@type":"ImageObject","inLanguage":"pt-BR","@id":"https:\/\/www.travel3.com.br\/site\/#\/schema\/logo\/image\/","url":"https:\/\/www.travel3.com.br\/site\/wp-content\/uploads\/2020\/01\/logo-travel3-2020.png","contentUrl":"https:\/\/www.travel3.com.br\/site\/wp-content\/uploads\/2020\/01\/logo-travel3-2020.png","width":232,"height":79,"caption":"Travel3"},"image":{"@id":"https:\/\/www.travel3.com.br\/site\/#\/schema\/logo\/image\/"},"sameAs":["https:\/\/www.facebook.com\/travel3media\/","https:\/\/www.instagram.com\/revistatravel3\/","https:\/\/www.youtube.com\/channel\/UCno7J4paGBR3VbZQzvoJ9Eg"]},{"@type":"Person","@id":"https:\/\/www.travel3.com.br\/site\/#\/schema\/person\/9cff8daac0a2f1aa0799f827b8aa8308","name":"Reda\u00e7\u00e3o Travel3","image":{"@type":"ImageObject","inLanguage":"pt-BR","@id":"https:\/\/www.travel3.com.br\/site\/#\/schema\/person\/image\/","url":"https:\/\/secure.gravatar.com\/avatar\/6e6125525e1f04b7b8c607d71556e490?s=96&d=mm&r=g","contentUrl":"https:\/\/secure.gravatar.com\/avatar\/6e6125525e1f04b7b8c607d71556e490?s=96&d=mm&r=g","caption":"Reda\u00e7\u00e3o Travel3"},"sameAs":["http:\/\/www.travel3.com.br"],"url":"https:\/\/www.travel3.com.br\/site\/author\/redacao2\/"}]}},"_links":{"self":[{"href":"https:\/\/www.travel3.com.br\/site\/wp-json\/wp\/v2\/posts\/40251","targetHints":{"allow":["GET"]}}],"collection":[{"href":"https:\/\/www.travel3.com.br\/site\/wp-json\/wp\/v2\/posts"}],"about":[{"href":"https:\/\/www.travel3.com.br\/site\/wp-json\/wp\/v2\/types\/post"}],"author":[{"embeddable":true,"href":"https:\/\/www.travel3.com.br\/site\/wp-json\/wp\/v2\/users\/6"}],"replies":[{"embeddable":true,"href":"https:\/\/www.travel3.com.br\/site\/wp-json\/wp\/v2\/comments?post=40251"}],"version-history":[{"count":3,"href":"https:\/\/www.travel3.com.br\/site\/wp-json\/wp\/v2\/posts\/40251\/revisions"}],"predecessor-version":[{"id":40256,"href":"https:\/\/www.travel3.com.br\/site\/wp-json\/wp\/v2\/posts\/40251\/revisions\/40256"}],"wp:featuredmedia":[{"embeddable":true,"href":"https:\/\/www.travel3.com.br\/site\/wp-json\/wp\/v2\/media\/40257"}],"wp:attachment":[{"href":"https:\/\/www.travel3.com.br\/site\/wp-json\/wp\/v2\/media?parent=40251"}],"wp:term":[{"taxonomy":"category","embeddable":true,"href":"https:\/\/www.travel3.com.br\/site\/wp-json\/wp\/v2\/categories?post=40251"},{"taxonomy":"post_tag","embeddable":true,"href":"https:\/\/www.travel3.com.br\/site\/wp-json\/wp\/v2\/tags?post=40251"}],"curies":[{"name":"wp","href":"https:\/\/api.w.org\/{rel}","templated":true}]}}