{"id":40211,"date":"2021-03-22T06:00:34","date_gmt":"2021-03-22T09:00:34","guid":{"rendered":"https:\/\/www.travel3.com.br\/?p=40211"},"modified":"2021-03-20T22:23:02","modified_gmt":"2021-03-21T01:23:02","slug":"uma-viagem-pela-cronologia-da-pandemia","status":"publish","type":"post","link":"https:\/\/www.travel3.com.br\/site\/acontece-no-turismo\/uma-viagem-pela-cronologia-da-pandemia\/","title":{"rendered":"Uma viagem pela cronologia da Pandemia"},"content":{"rendered":"\n<h3 class=\"wp-block-heading\" style=\"text-align:center\">Um ano depois, ao olhar para tr\u00e1s, ainda \u00e9 dif\u00edcil acreditar na realidade que se estabeleceu<\/h3>\n\n\n\n<p class=\"has-small-font-size\"><em>Embarcar na cronologia da Pandemia, fazer uma viagem pela hist\u00f3ria de 2020, \u00e9 tentar entender o que vivemos at\u00e9 aqui e o que vir\u00e1, a seguir. Esta \u00e9 primeira de uma s\u00e9rie de reportagens que a reportagem <strong>Travel3<\/strong> publicar\u00e1 para marcar o primeiro ano de Pandemia em todo o mundo.<\/em><\/p>\n\n\n\n<p>Parece que embarcamos nessa viagem h\u00e1 anos, mas foi no dia <a href=\"https:\/\/www.who.int\/director-general\/speeches\/detail\/who-director-general-s-opening-remarks-at-the-media-briefing-on-covid-19---11-march-2020\" target=\"_blank\" rel=\"noreferrer noopener\" aria-label=\"11 de mar\u00e7o (opens in a new tab)\">11 de mar\u00e7o<\/a> de 2020 que a Organiza\u00e7\u00e3o Mundial da Sa\u00fade entendeu que o Coronav\u00edrus era imposs\u00edvel de controlar.  \u00c0 essa altura, o surto da doen\u00e7a j\u00e1 tinha se tornado uma quest\u00e3o mundial. A inimagin\u00e1vel constata\u00e7\u00e3o fez o \u00f3rg\u00e3o disparar o alarme e decretar oficialmente o estado de Pandemia em todo o planeta.<\/p>\n\n\n\n<p>Um ano depois, ao olhar para tr\u00e1s, ainda \u00e9 dif\u00edcil acreditar na radical realidade que se estabeleceu e mudou nossa maneira de viver. Durante os \u00faltimos 365 dias, dados foram coletados, armazenados e estudados. O mais impressionante deles \u00e9 o n\u00famero de mortos. At\u00e9 agora quase 2 milh\u00f5es e 700 mil vidas foram levadas pelo v\u00edrus.  <\/p>\n\n\n\n<h2 class=\"wp-block-heading\">Uma viagem pela trajet\u00f3ria do turismo em 2020<\/h2>\n\n\n\n<p>Outro dado, este relacionado \u00e0 Ind\u00fastria do Turismo, aponta que o setor foi o mais atingido globalmente. \u00c9 claro que uma vis\u00e3o mais ampla deste momento no qual ainda estamos, s\u00f3 ficar\u00e1 bem vis\u00edvel daqui a alguns anos. Mas os primeiros resultados j\u00e1 revelam pontos fundamentais que, se lidos com aten\u00e7\u00e3o, podem funcionar como uma b\u00fassola para nos guiar em dire\u00e7\u00e3o a um futuro melhor e mais saud\u00e1vel do que a vida que t\u00ednhamos, antes da Pandemia.<\/p>\n","protected":false},"excerpt":{"rendered":"<p>Um ano depois, ao olhar para tr\u00e1s, ainda \u00e9 dif\u00edcil acreditar na realidade que se estabeleceu Embarcar na cronologia da Pandemia, fazer uma viagem pela hist\u00f3ria de 2020, \u00e9 tentar entender o que vivemos at\u00e9 aqui e o que vir\u00e1, a seguir. Esta \u00e9 primeira de uma s\u00e9rie de reportagens que a reportagem Travel3 publicar\u00e1 [&hellip;]<\/p>\n","protected":false},"author":4,"featured_media":33915,"comment_status":"open","ping_status":"open","sticky":false,"template":"","format":"standard","meta":{"footnotes":""},"categories":[969,226,8],"tags":[],"class_list":["post-40211","post","type-post","status-publish","format-standard","has-post-thumbnail","hentry","category-acontece-no-turismo","category-destaque","category-ir-e-vir"],"yoast_head":"<!-- This site is optimized with the Yoast SEO plugin v26.2 - https:\/\/yoast.com\/wordpress\/plugins\/seo\/ -->\n<title>Uma viagem pela cronologia da Pandemia - Travel3<\/title>\n<meta name=\"description\" content=\"Uma viagem pela cronologia da Pandemia; um ano depois, ao olhar para tr\u00e1s, ainda \u00e9 dif\u00edcil acreditar na realidade que se estabeleceu\" \/>\n<meta name=\"robots\" content=\"index, follow, max-snippet:-1, max-image-preview:large, max-video-preview:-1\" \/>\n<link rel=\"canonical\" href=\"https:\/\/www.travel3.com.br\/site\/acontece-no-turismo\/uma-viagem-pela-cronologia-da-pandemia\/\" \/>\n<meta property=\"og:locale\" content=\"pt_BR\" \/>\n<meta property=\"og:type\" content=\"article\" \/>\n<meta property=\"og:title\" content=\"Uma viagem pela cronologia da Pandemia - Travel3\" \/>\n<meta property=\"og:description\" content=\"Uma viagem pela cronologia da Pandemia; um ano depois, ao olhar para tr\u00e1s, ainda \u00e9 dif\u00edcil acreditar na realidade que se estabeleceu\" \/>\n<meta property=\"og:url\" content=\"https:\/\/www.travel3.com.br\/site\/acontece-no-turismo\/uma-viagem-pela-cronologia-da-pandemia\/\" \/>\n<meta property=\"og:site_name\" content=\"Travel3\" \/>\n<meta property=\"article:publisher\" content=\"https:\/\/www.facebook.com\/travel3media\/\" \/>\n<meta property=\"article:published_time\" content=\"2021-03-22T09:00:34+00:00\" \/>\n<meta property=\"og:image\" content=\"https:\/\/www.travel3.com.br\/site\/wp-content\/uploads\/2020\/06\/protective-mask-5021416_1920.jpg\" \/>\n\t<meta property=\"og:image:width\" content=\"1920\" \/>\n\t<meta property=\"og:image:height\" content=\"1280\" \/>\n\t<meta property=\"og:image:type\" content=\"image\/jpeg\" \/>\n<meta name=\"author\" content=\"Claudia Tonaco\" \/>\n<meta name=\"twitter:card\" content=\"summary_large_image\" \/>\n<meta name=\"twitter:label1\" content=\"Escrito por\" \/>\n\t<meta name=\"twitter:data1\" content=\"Claudia Tonaco\" \/>\n\t<meta name=\"twitter:label2\" content=\"Est. tempo de leitura\" \/>\n\t<meta name=\"twitter:data2\" content=\"1 minuto\" \/>\n<script type=\"application\/ld+json\" class=\"yoast-schema-graph\">{\"@context\":\"https:\/\/schema.org\",\"@graph\":[{\"@type\":\"Article\",\"@id\":\"https:\/\/www.travel3.com.br\/site\/acontece-no-turismo\/uma-viagem-pela-cronologia-da-pandemia\/#article\",\"isPartOf\":{\"@id\":\"https:\/\/www.travel3.com.br\/site\/acontece-no-turismo\/uma-viagem-pela-cronologia-da-pandemia\/\"},\"author\":{\"name\":\"Claudia Tonaco\",\"@id\":\"https:\/\/www.travel3.com.br\/site\/#\/schema\/person\/ad24a6ccba88dcd54877f3d2fb76c605\"},\"headline\":\"Uma viagem pela cronologia da Pandemia\",\"datePublished\":\"2021-03-22T09:00:34+00:00\",\"mainEntityOfPage\":{\"@id\":\"https:\/\/www.travel3.com.br\/site\/acontece-no-turismo\/uma-viagem-pela-cronologia-da-pandemia\/\"},\"wordCount\":290,\"commentCount\":0,\"publisher\":{\"@id\":\"https:\/\/www.travel3.com.br\/site\/#organization\"},\"image\":{\"@id\":\"https:\/\/www.travel3.com.br\/site\/acontece-no-turismo\/uma-viagem-pela-cronologia-da-pandemia\/#primaryimage\"},\"thumbnailUrl\":\"https:\/\/www.travel3.com.br\/site\/wp-content\/uploads\/2020\/06\/protective-mask-5021416_1920.jpg\",\"articleSection\":[\"Acontece no Turismo\",\"Destaque\",\"Ir e Vir\"],\"inLanguage\":\"pt-BR\",\"potentialAction\":[{\"@type\":\"CommentAction\",\"name\":\"Comment\",\"target\":[\"https:\/\/www.travel3.com.br\/site\/acontece-no-turismo\/uma-viagem-pela-cronologia-da-pandemia\/#respond\"]}]},{\"@type\":\"WebPage\",\"@id\":\"https:\/\/www.travel3.com.br\/site\/acontece-no-turismo\/uma-viagem-pela-cronologia-da-pandemia\/\",\"url\":\"https:\/\/www.travel3.com.br\/site\/acontece-no-turismo\/uma-viagem-pela-cronologia-da-pandemia\/\",\"name\":\"Uma viagem pela cronologia da Pandemia - Travel3\",\"isPartOf\":{\"@id\":\"https:\/\/www.travel3.com.br\/site\/#website\"},\"primaryImageOfPage\":{\"@id\":\"https:\/\/www.travel3.com.br\/site\/acontece-no-turismo\/uma-viagem-pela-cronologia-da-pandemia\/#primaryimage\"},\"image\":{\"@id\":\"https:\/\/www.travel3.com.br\/site\/acontece-no-turismo\/uma-viagem-pela-cronologia-da-pandemia\/#primaryimage\"},\"thumbnailUrl\":\"https:\/\/www.travel3.com.br\/site\/wp-content\/uploads\/2020\/06\/protective-mask-5021416_1920.jpg\",\"datePublished\":\"2021-03-22T09:00:34+00:00\",\"description\":\"Uma viagem pela cronologia da Pandemia; um ano depois, ao olhar para tr\u00e1s, ainda \u00e9 dif\u00edcil acreditar na realidade que se estabeleceu\",\"breadcrumb\":{\"@id\":\"https:\/\/www.travel3.com.br\/site\/acontece-no-turismo\/uma-viagem-pela-cronologia-da-pandemia\/#breadcrumb\"},\"inLanguage\":\"pt-BR\",\"potentialAction\":[{\"@type\":\"ReadAction\",\"target\":[\"https:\/\/www.travel3.com.br\/site\/acontece-no-turismo\/uma-viagem-pela-cronologia-da-pandemia\/\"]}]},{\"@type\":\"ImageObject\",\"inLanguage\":\"pt-BR\",\"@id\":\"https:\/\/www.travel3.com.br\/site\/acontece-no-turismo\/uma-viagem-pela-cronologia-da-pandemia\/#primaryimage\",\"url\":\"https:\/\/www.travel3.com.br\/site\/wp-content\/uploads\/2020\/06\/protective-mask-5021416_1920.jpg\",\"contentUrl\":\"https:\/\/www.travel3.com.br\/site\/wp-content\/uploads\/2020\/06\/protective-mask-5021416_1920.jpg\",\"width\":1920,\"height\":1280,\"caption\":\"(Foto: Divulga\u00e7\u00e3o)\"},{\"@type\":\"BreadcrumbList\",\"@id\":\"https:\/\/www.travel3.com.br\/site\/acontece-no-turismo\/uma-viagem-pela-cronologia-da-pandemia\/#breadcrumb\",\"itemListElement\":[{\"@type\":\"ListItem\",\"position\":1,\"name\":\"In\u00edcio\",\"item\":\"https:\/\/www.travel3.com.br\/site\/\"},{\"@type\":\"ListItem\",\"position\":2,\"name\":\"Uma viagem pela cronologia da Pandemia\"}]},{\"@type\":\"WebSite\",\"@id\":\"https:\/\/www.travel3.com.br\/site\/#website\",\"url\":\"https:\/\/www.travel3.com.br\/site\/\",\"name\":\"Travel3\",\"description\":\"Lazer + Neg&oacute;cios + Aventura\",\"publisher\":{\"@id\":\"https:\/\/www.travel3.com.br\/site\/#organization\"},\"potentialAction\":[{\"@type\":\"SearchAction\",\"target\":{\"@type\":\"EntryPoint\",\"urlTemplate\":\"https:\/\/www.travel3.com.br\/site\/?s={search_term_string}\"},\"query-input\":{\"@type\":\"PropertyValueSpecification\",\"valueRequired\":true,\"valueName\":\"search_term_string\"}}],\"inLanguage\":\"pt-BR\"},{\"@type\":\"Organization\",\"@id\":\"https:\/\/www.travel3.com.br\/site\/#organization\",\"name\":\"Travel3\",\"url\":\"https:\/\/www.travel3.com.br\/site\/\",\"logo\":{\"@type\":\"ImageObject\",\"inLanguage\":\"pt-BR\",\"@id\":\"https:\/\/www.travel3.com.br\/site\/#\/schema\/logo\/image\/\",\"url\":\"https:\/\/www.travel3.com.br\/site\/wp-content\/uploads\/2020\/01\/logo-travel3-2020.png\",\"contentUrl\":\"https:\/\/www.travel3.com.br\/site\/wp-content\/uploads\/2020\/01\/logo-travel3-2020.png\",\"width\":232,\"height\":79,\"caption\":\"Travel3\"},\"image\":{\"@id\":\"https:\/\/www.travel3.com.br\/site\/#\/schema\/logo\/image\/\"},\"sameAs\":[\"https:\/\/www.facebook.com\/travel3media\/\",\"https:\/\/www.instagram.com\/revistatravel3\/\",\"https:\/\/www.youtube.com\/channel\/UCno7J4paGBR3VbZQzvoJ9Eg\"]},{\"@type\":\"Person\",\"@id\":\"https:\/\/www.travel3.com.br\/site\/#\/schema\/person\/ad24a6ccba88dcd54877f3d2fb76c605\",\"name\":\"Claudia Tonaco\",\"image\":{\"@type\":\"ImageObject\",\"inLanguage\":\"pt-BR\",\"@id\":\"https:\/\/www.travel3.com.br\/site\/#\/schema\/person\/image\/\",\"url\":\"https:\/\/secure.gravatar.com\/avatar\/7c64bb31135bb8c28f49658a042f8b8a?s=96&d=mm&r=g\",\"contentUrl\":\"https:\/\/secure.gravatar.com\/avatar\/7c64bb31135bb8c28f49658a042f8b8a?s=96&d=mm&r=g\",\"caption\":\"Claudia Tonaco\"},\"sameAs\":[\"http:\/\/www.travel3.com.br\"],\"url\":\"https:\/\/www.travel3.com.br\/site\/author\/tonaco\/\"}]}<\/script>\n<!-- \/ Yoast SEO plugin. -->","yoast_head_json":{"title":"Uma viagem pela cronologia da Pandemia - Travel3","description":"Uma viagem pela cronologia da Pandemia; um ano depois, ao olhar para tr\u00e1s, ainda \u00e9 dif\u00edcil acreditar na realidade que se estabeleceu","robots":{"index":"index","follow":"follow","max-snippet":"max-snippet:-1","max-image-preview":"max-image-preview:large","max-video-preview":"max-video-preview:-1"},"canonical":"https:\/\/www.travel3.com.br\/site\/acontece-no-turismo\/uma-viagem-pela-cronologia-da-pandemia\/","og_locale":"pt_BR","og_type":"article","og_title":"Uma viagem pela cronologia da Pandemia - Travel3","og_description":"Uma viagem pela cronologia da Pandemia; um ano depois, ao olhar para tr\u00e1s, ainda \u00e9 dif\u00edcil acreditar na realidade que se estabeleceu","og_url":"https:\/\/www.travel3.com.br\/site\/acontece-no-turismo\/uma-viagem-pela-cronologia-da-pandemia\/","og_site_name":"Travel3","article_publisher":"https:\/\/www.facebook.com\/travel3media\/","article_published_time":"2021-03-22T09:00:34+00:00","og_image":[{"width":1920,"height":1280,"url":"https:\/\/www.travel3.com.br\/site\/wp-content\/uploads\/2020\/06\/protective-mask-5021416_1920.jpg","type":"image\/jpeg"}],"author":"Claudia Tonaco","twitter_card":"summary_large_image","twitter_misc":{"Escrito por":"Claudia Tonaco","Est. tempo de leitura":"1 minuto"},"schema":{"@context":"https:\/\/schema.org","@graph":[{"@type":"Article","@id":"https:\/\/www.travel3.com.br\/site\/acontece-no-turismo\/uma-viagem-pela-cronologia-da-pandemia\/#article","isPartOf":{"@id":"https:\/\/www.travel3.com.br\/site\/acontece-no-turismo\/uma-viagem-pela-cronologia-da-pandemia\/"},"author":{"name":"Claudia Tonaco","@id":"https:\/\/www.travel3.com.br\/site\/#\/schema\/person\/ad24a6ccba88dcd54877f3d2fb76c605"},"headline":"Uma viagem pela cronologia da Pandemia","datePublished":"2021-03-22T09:00:34+00:00","mainEntityOfPage":{"@id":"https:\/\/www.travel3.com.br\/site\/acontece-no-turismo\/uma-viagem-pela-cronologia-da-pandemia\/"},"wordCount":290,"commentCount":0,"publisher":{"@id":"https:\/\/www.travel3.com.br\/site\/#organization"},"image":{"@id":"https:\/\/www.travel3.com.br\/site\/acontece-no-turismo\/uma-viagem-pela-cronologia-da-pandemia\/#primaryimage"},"thumbnailUrl":"https:\/\/www.travel3.com.br\/site\/wp-content\/uploads\/2020\/06\/protective-mask-5021416_1920.jpg","articleSection":["Acontece no Turismo","Destaque","Ir e Vir"],"inLanguage":"pt-BR","potentialAction":[{"@type":"CommentAction","name":"Comment","target":["https:\/\/www.travel3.com.br\/site\/acontece-no-turismo\/uma-viagem-pela-cronologia-da-pandemia\/#respond"]}]},{"@type":"WebPage","@id":"https:\/\/www.travel3.com.br\/site\/acontece-no-turismo\/uma-viagem-pela-cronologia-da-pandemia\/","url":"https:\/\/www.travel3.com.br\/site\/acontece-no-turismo\/uma-viagem-pela-cronologia-da-pandemia\/","name":"Uma viagem pela cronologia da Pandemia - Travel3","isPartOf":{"@id":"https:\/\/www.travel3.com.br\/site\/#website"},"primaryImageOfPage":{"@id":"https:\/\/www.travel3.com.br\/site\/acontece-no-turismo\/uma-viagem-pela-cronologia-da-pandemia\/#primaryimage"},"image":{"@id":"https:\/\/www.travel3.com.br\/site\/acontece-no-turismo\/uma-viagem-pela-cronologia-da-pandemia\/#primaryimage"},"thumbnailUrl":"https:\/\/www.travel3.com.br\/site\/wp-content\/uploads\/2020\/06\/protective-mask-5021416_1920.jpg","datePublished":"2021-03-22T09:00:34+00:00","description":"Uma viagem pela cronologia da Pandemia; um ano depois, ao olhar para tr\u00e1s, ainda \u00e9 dif\u00edcil acreditar na realidade que se estabeleceu","breadcrumb":{"@id":"https:\/\/www.travel3.com.br\/site\/acontece-no-turismo\/uma-viagem-pela-cronologia-da-pandemia\/#breadcrumb"},"inLanguage":"pt-BR","potentialAction":[{"@type":"ReadAction","target":["https:\/\/www.travel3.com.br\/site\/acontece-no-turismo\/uma-viagem-pela-cronologia-da-pandemia\/"]}]},{"@type":"ImageObject","inLanguage":"pt-BR","@id":"https:\/\/www.travel3.com.br\/site\/acontece-no-turismo\/uma-viagem-pela-cronologia-da-pandemia\/#primaryimage","url":"https:\/\/www.travel3.com.br\/site\/wp-content\/uploads\/2020\/06\/protective-mask-5021416_1920.jpg","contentUrl":"https:\/\/www.travel3.com.br\/site\/wp-content\/uploads\/2020\/06\/protective-mask-5021416_1920.jpg","width":1920,"height":1280,"caption":"(Foto: Divulga\u00e7\u00e3o)"},{"@type":"BreadcrumbList","@id":"https:\/\/www.travel3.com.br\/site\/acontece-no-turismo\/uma-viagem-pela-cronologia-da-pandemia\/#breadcrumb","itemListElement":[{"@type":"ListItem","position":1,"name":"In\u00edcio","item":"https:\/\/www.travel3.com.br\/site\/"},{"@type":"ListItem","position":2,"name":"Uma viagem pela cronologia da Pandemia"}]},{"@type":"WebSite","@id":"https:\/\/www.travel3.com.br\/site\/#website","url":"https:\/\/www.travel3.com.br\/site\/","name":"Travel3","description":"Lazer + Neg&oacute;cios + Aventura","publisher":{"@id":"https:\/\/www.travel3.com.br\/site\/#organization"},"potentialAction":[{"@type":"SearchAction","target":{"@type":"EntryPoint","urlTemplate":"https:\/\/www.travel3.com.br\/site\/?s={search_term_string}"},"query-input":{"@type":"PropertyValueSpecification","valueRequired":true,"valueName":"search_term_string"}}],"inLanguage":"pt-BR"},{"@type":"Organization","@id":"https:\/\/www.travel3.com.br\/site\/#organization","name":"Travel3","url":"https:\/\/www.travel3.com.br\/site\/","logo":{"@type":"ImageObject","inLanguage":"pt-BR","@id":"https:\/\/www.travel3.com.br\/site\/#\/schema\/logo\/image\/","url":"https:\/\/www.travel3.com.br\/site\/wp-content\/uploads\/2020\/01\/logo-travel3-2020.png","contentUrl":"https:\/\/www.travel3.com.br\/site\/wp-content\/uploads\/2020\/01\/logo-travel3-2020.png","width":232,"height":79,"caption":"Travel3"},"image":{"@id":"https:\/\/www.travel3.com.br\/site\/#\/schema\/logo\/image\/"},"sameAs":["https:\/\/www.facebook.com\/travel3media\/","https:\/\/www.instagram.com\/revistatravel3\/","https:\/\/www.youtube.com\/channel\/UCno7J4paGBR3VbZQzvoJ9Eg"]},{"@type":"Person","@id":"https:\/\/www.travel3.com.br\/site\/#\/schema\/person\/ad24a6ccba88dcd54877f3d2fb76c605","name":"Claudia Tonaco","image":{"@type":"ImageObject","inLanguage":"pt-BR","@id":"https:\/\/www.travel3.com.br\/site\/#\/schema\/person\/image\/","url":"https:\/\/secure.gravatar.com\/avatar\/7c64bb31135bb8c28f49658a042f8b8a?s=96&d=mm&r=g","contentUrl":"https:\/\/secure.gravatar.com\/avatar\/7c64bb31135bb8c28f49658a042f8b8a?s=96&d=mm&r=g","caption":"Claudia Tonaco"},"sameAs":["http:\/\/www.travel3.com.br"],"url":"https:\/\/www.travel3.com.br\/site\/author\/tonaco\/"}]}},"_links":{"self":[{"href":"https:\/\/www.travel3.com.br\/site\/wp-json\/wp\/v2\/posts\/40211","targetHints":{"allow":["GET"]}}],"collection":[{"href":"https:\/\/www.travel3.com.br\/site\/wp-json\/wp\/v2\/posts"}],"about":[{"href":"https:\/\/www.travel3.com.br\/site\/wp-json\/wp\/v2\/types\/post"}],"author":[{"embeddable":true,"href":"https:\/\/www.travel3.com.br\/site\/wp-json\/wp\/v2\/users\/4"}],"replies":[{"embeddable":true,"href":"https:\/\/www.travel3.com.br\/site\/wp-json\/wp\/v2\/comments?post=40211"}],"version-history":[{"count":9,"href":"https:\/\/www.travel3.com.br\/site\/wp-json\/wp\/v2\/posts\/40211\/revisions"}],"predecessor-version":[{"id":40220,"href":"https:\/\/www.travel3.com.br\/site\/wp-json\/wp\/v2\/posts\/40211\/revisions\/40220"}],"wp:featuredmedia":[{"embeddable":true,"href":"https:\/\/www.travel3.com.br\/site\/wp-json\/wp\/v2\/media\/33915"}],"wp:attachment":[{"href":"https:\/\/www.travel3.com.br\/site\/wp-json\/wp\/v2\/media?parent=40211"}],"wp:term":[{"taxonomy":"category","embeddable":true,"href":"https:\/\/www.travel3.com.br\/site\/wp-json\/wp\/v2\/categories?post=40211"},{"taxonomy":"post_tag","embeddable":true,"href":"https:\/\/www.travel3.com.br\/site\/wp-json\/wp\/v2\/tags?post=40211"}],"curies":[{"name":"wp","href":"https:\/\/api.w.org\/{rel}","templated":true}]}}