{"id":40160,"date":"2021-03-19T05:30:23","date_gmt":"2021-03-19T08:30:23","guid":{"rendered":"https:\/\/www.travel3.com.br\/?p=40160"},"modified":"2021-03-18T22:26:12","modified_gmt":"2021-03-19T01:26:12","slug":"diversa-lanca-campanha-de-vendas-com-grupo-aviva","status":"publish","type":"post","link":"https:\/\/www.travel3.com.br\/site\/acontece-no-turismo\/operadoras\/diversa-lanca-campanha-de-vendas-com-grupo-aviva\/","title":{"rendered":"Diversa lan\u00e7a campanha de vendas com Grupo Aviva"},"content":{"rendered":"\n<div class=\"wp-block-image\"><figure class=\"aligncenter\"><img loading=\"lazy\" decoding=\"async\" width=\"813\" height=\"433\" src=\"https:\/\/www.travel3.com.br\/site\/wp-content\/uploads\/2021\/03\/Costa-Saiupe.jpg\" alt=\"Diversa Grupo Aviva\" class=\"wp-image-40161\" srcset=\"https:\/\/www.travel3.com.br\/site\/wp-content\/uploads\/2021\/03\/Costa-Saiupe.jpg 813w, https:\/\/www.travel3.com.br\/site\/wp-content\/uploads\/2021\/03\/Costa-Saiupe-300x160.jpg 300w, https:\/\/www.travel3.com.br\/site\/wp-content\/uploads\/2021\/03\/Costa-Saiupe-768x409.jpg 768w, https:\/\/www.travel3.com.br\/site\/wp-content\/uploads\/2021\/03\/Costa-Saiupe-750x399.jpg 750w\" sizes=\"auto, (max-width: 813px) 100vw, 813px\" \/><figcaption>Costa do Sauipe Resorts (Foto: Divulga\u00e7\u00e3o)<\/figcaption><\/figure><\/div>\n\n\n\n<h3 class=\"wp-block-heading\" style=\"text-align:center\">A\u00e7\u00e3o ir\u00e1 premiar as 5 ag\u00eancias que mais venderem produtos Costa do Sauipe Resorts e Rio Quente Resorts<\/h3>\n\n\n\n<p>A Diversa Turismo anunciou nesta segunda-feira uma nova campanha de vendas em parceria com o Grupo Aviva. Apresentada em um encontro online com agentes de viagem, a iniciativa ir\u00e1 premiar as 5 ag\u00eancias que mais venderem os produtos Costa do Sauipe Resorts e Rio Quente Resorts at\u00e9 18 de abril com vouchers de at\u00e9 R$ 1500.<\/p>\n\n\n\n<p>De acordo com a operadora do Grupo Arbo, a a\u00e7\u00e3o \u00e9 mais uma forma de apoio aos agentes neste momento cr\u00edtico da pandemia no pa\u00eds.<\/p>\n\n\n\n<blockquote class=\"wp-block-quote is-layout-flow wp-block-quote-is-layout-flow\"><p>Sabemos que vivenciamos mais um momento desafiador, mas a vacina j\u00e1 \u00e9 uma realidade e pouco a pouco vai atingir grande parte da nossa popula\u00e7\u00e3o.<\/p><p>Assim como estamos fazendo desde 2020, criamos esta nova campanha para motivar e fomentar vendas, projetando assim o futuro ao lado dos nossos agentes parceiros. Queremos que eles contem conosco nessa retomada, que \u00e9 uma realidade.<\/p><cite>Adriana Fredericce &#8211; Diretora de Produtos e Opera\u00e7\u00f5es da Diversa<\/cite><\/blockquote>\n\n\n\n<div class=\"wp-block-image\"><figure class=\"aligncenter\"><img loading=\"lazy\" decoding=\"async\" width=\"813\" height=\"433\" src=\"https:\/\/www.travel3.com.br\/site\/wp-content\/uploads\/2021\/03\/Rio-quente.jpg\" alt=\"Diversa Grupo Aviva\" class=\"wp-image-40162\" srcset=\"https:\/\/www.travel3.com.br\/site\/wp-content\/uploads\/2021\/03\/Rio-quente.jpg 813w, https:\/\/www.travel3.com.br\/site\/wp-content\/uploads\/2021\/03\/Rio-quente-300x160.jpg 300w, https:\/\/www.travel3.com.br\/site\/wp-content\/uploads\/2021\/03\/Rio-quente-768x409.jpg 768w, https:\/\/www.travel3.com.br\/site\/wp-content\/uploads\/2021\/03\/Rio-quente-750x399.jpg 750w\" sizes=\"auto, (max-width: 813px) 100vw, 813px\" \/><figcaption>Rio Quente Resorts (Foto: Divulga\u00e7\u00e3o)<\/figcaption><\/figure><\/div>\n\n\n\n<h2 class=\"wp-block-heading\">Campanha Enotel encerrada<\/h2>\n\n\n\n<p>Lan\u00e7ada no final de janeiro, <strong><a href=\"https:\/\/www.travel3.com.br\/acontece-no-turismo\/operadoras\/diversa-lanca-campanha-de-vendas-com-premios-para-agencias\/\" target=\"_blank\" rel=\"noreferrer noopener\" aria-label=\"a campanha de vendas da operadora em parceria com os resorts Enotel no Brasil (opens in a new tab)\">a campanha de vendas da operadora em parceria com os resorts Enotel no Brasil<\/a><\/strong> terminou em 18 de fevereiro. Os vencedores foram = Elite Resorts (Belo Horizonte, MG) + Belvitur (Belo Horizonte, MG) + Masec Viagens (Bauru, SP) + Asa Oeste Viagens (S\u00e3o Paulo, SP) + La Vita Viagens (S\u00e3o Paulo, SP).<\/p>\n\n\n\n<blockquote class=\"wp-block-quote is-layout-flow wp-block-quote-is-layout-flow\"><p>Essa campanha une os produtos incr\u00edveis do Grupo Aviva, que sempre garantem a satisfa\u00e7\u00e3o dos clientes, com a oportunidade de ganhar um valor consider\u00e1vel de premia\u00e7\u00e3o neste momento t\u00e3o dif\u00edcil para os agentes de viagem. Temos certeza que ter\u00e1 tanto sucesso como a campanha realizada com os resorts Enotel.<\/p><cite>Rafael Ortiz &#8211; Gerente de Produtos Nacionais da <strong><a href=\"https:\/\/diversaturismo.com.br\/\" target=\"_blank\" rel=\"noreferrer noopener\" aria-label=\"Diversa (opens in a new tab)\">Diversa<\/a><\/strong><\/cite><\/blockquote>\n","protected":false},"excerpt":{"rendered":"<p>A\u00e7\u00e3o ir\u00e1 premiar as 5 ag\u00eancias que mais venderem produtos Costa do Sauipe Resorts e Rio Quente Resorts A Diversa Turismo anunciou nesta segunda-feira uma nova campanha de vendas em parceria com o Grupo Aviva. Apresentada em um encontro online com agentes de viagem, a iniciativa ir\u00e1 premiar as 5 ag\u00eancias que mais venderem os [&hellip;]<\/p>\n","protected":false},"author":6,"featured_media":40161,"comment_status":"open","ping_status":"open","sticky":false,"template":"","format":"standard","meta":{"footnotes":""},"categories":[969,226,4],"tags":[1092,2076,4462,4463],"class_list":["post-40160","post","type-post","status-publish","format-standard","has-post-thumbnail","hentry","category-acontece-no-turismo","category-destaque","category-operadoras","tag-costa-do-sauipe","tag-diversa-turismo","tag-grupo-aviva","tag-rio-quente"],"yoast_head":"<!-- This site is optimized with the Yoast SEO plugin v26.2 - https:\/\/yoast.com\/wordpress\/plugins\/seo\/ -->\n<title>Diversa lan\u00e7a campanha de vendas com Grupo Aviva - Travel3<\/title>\n<meta name=\"description\" content=\"Diversa lan\u00e7a campanha de vendas com Grupo Aviva; a\u00e7\u00e3o ir\u00e1 premiar as 5 ag\u00eancias que mais venderem produtos Costa do Sauipe Resorts e Rio Quente Resorts\" \/>\n<meta name=\"robots\" content=\"index, follow, max-snippet:-1, max-image-preview:large, max-video-preview:-1\" \/>\n<link rel=\"canonical\" href=\"https:\/\/www.travel3.com.br\/site\/acontece-no-turismo\/operadoras\/diversa-lanca-campanha-de-vendas-com-grupo-aviva\/\" \/>\n<meta property=\"og:locale\" content=\"pt_BR\" \/>\n<meta property=\"og:type\" content=\"article\" \/>\n<meta property=\"og:title\" content=\"Diversa lan\u00e7a campanha de vendas com Grupo Aviva - Travel3\" \/>\n<meta property=\"og:description\" content=\"Diversa lan\u00e7a campanha de vendas com Grupo Aviva; a\u00e7\u00e3o ir\u00e1 premiar as 5 ag\u00eancias que mais venderem produtos Costa do Sauipe Resorts e Rio Quente Resorts\" \/>\n<meta property=\"og:url\" content=\"https:\/\/www.travel3.com.br\/site\/acontece-no-turismo\/operadoras\/diversa-lanca-campanha-de-vendas-com-grupo-aviva\/\" \/>\n<meta property=\"og:site_name\" content=\"Travel3\" \/>\n<meta property=\"article:publisher\" content=\"https:\/\/www.facebook.com\/travel3media\/\" \/>\n<meta property=\"article:published_time\" content=\"2021-03-19T08:30:23+00:00\" \/>\n<meta property=\"og:image\" content=\"https:\/\/www.travel3.com.br\/site\/wp-content\/uploads\/2021\/03\/Costa-Saiupe.jpg\" \/>\n\t<meta property=\"og:image:width\" content=\"813\" \/>\n\t<meta property=\"og:image:height\" content=\"433\" \/>\n\t<meta property=\"og:image:type\" content=\"image\/jpeg\" \/>\n<meta name=\"author\" content=\"Reda\u00e7\u00e3o Travel3\" \/>\n<meta name=\"twitter:card\" content=\"summary_large_image\" \/>\n<meta name=\"twitter:label1\" content=\"Escrito por\" \/>\n\t<meta name=\"twitter:data1\" content=\"Reda\u00e7\u00e3o Travel3\" \/>\n\t<meta name=\"twitter:label2\" content=\"Est. tempo de leitura\" \/>\n\t<meta name=\"twitter:data2\" content=\"2 minutos\" \/>\n<script type=\"application\/ld+json\" class=\"yoast-schema-graph\">{\"@context\":\"https:\/\/schema.org\",\"@graph\":[{\"@type\":\"Article\",\"@id\":\"https:\/\/www.travel3.com.br\/site\/acontece-no-turismo\/operadoras\/diversa-lanca-campanha-de-vendas-com-grupo-aviva\/#article\",\"isPartOf\":{\"@id\":\"https:\/\/www.travel3.com.br\/site\/acontece-no-turismo\/operadoras\/diversa-lanca-campanha-de-vendas-com-grupo-aviva\/\"},\"author\":{\"name\":\"Reda\u00e7\u00e3o Travel3\",\"@id\":\"https:\/\/www.travel3.com.br\/site\/#\/schema\/person\/9cff8daac0a2f1aa0799f827b8aa8308\"},\"headline\":\"Diversa lan\u00e7a campanha de vendas com Grupo Aviva\",\"datePublished\":\"2021-03-19T08:30:23+00:00\",\"mainEntityOfPage\":{\"@id\":\"https:\/\/www.travel3.com.br\/site\/acontece-no-turismo\/operadoras\/diversa-lanca-campanha-de-vendas-com-grupo-aviva\/\"},\"wordCount\":313,\"commentCount\":0,\"publisher\":{\"@id\":\"https:\/\/www.travel3.com.br\/site\/#organization\"},\"image\":{\"@id\":\"https:\/\/www.travel3.com.br\/site\/acontece-no-turismo\/operadoras\/diversa-lanca-campanha-de-vendas-com-grupo-aviva\/#primaryimage\"},\"thumbnailUrl\":\"https:\/\/www.travel3.com.br\/site\/wp-content\/uploads\/2021\/03\/Costa-Saiupe.jpg\",\"keywords\":[\"costa do sau\u00edpe\",\"Diversa Turismo\",\"Grupo Aviva\",\"Rio Quente\"],\"articleSection\":[\"Acontece no Turismo\",\"Destaque\",\"Operadoras\"],\"inLanguage\":\"pt-BR\",\"potentialAction\":[{\"@type\":\"CommentAction\",\"name\":\"Comment\",\"target\":[\"https:\/\/www.travel3.com.br\/site\/acontece-no-turismo\/operadoras\/diversa-lanca-campanha-de-vendas-com-grupo-aviva\/#respond\"]}]},{\"@type\":\"WebPage\",\"@id\":\"https:\/\/www.travel3.com.br\/site\/acontece-no-turismo\/operadoras\/diversa-lanca-campanha-de-vendas-com-grupo-aviva\/\",\"url\":\"https:\/\/www.travel3.com.br\/site\/acontece-no-turismo\/operadoras\/diversa-lanca-campanha-de-vendas-com-grupo-aviva\/\",\"name\":\"Diversa lan\u00e7a campanha de vendas com Grupo Aviva - Travel3\",\"isPartOf\":{\"@id\":\"https:\/\/www.travel3.com.br\/site\/#website\"},\"primaryImageOfPage\":{\"@id\":\"https:\/\/www.travel3.com.br\/site\/acontece-no-turismo\/operadoras\/diversa-lanca-campanha-de-vendas-com-grupo-aviva\/#primaryimage\"},\"image\":{\"@id\":\"https:\/\/www.travel3.com.br\/site\/acontece-no-turismo\/operadoras\/diversa-lanca-campanha-de-vendas-com-grupo-aviva\/#primaryimage\"},\"thumbnailUrl\":\"https:\/\/www.travel3.com.br\/site\/wp-content\/uploads\/2021\/03\/Costa-Saiupe.jpg\",\"datePublished\":\"2021-03-19T08:30:23+00:00\",\"description\":\"Diversa lan\u00e7a campanha de vendas com Grupo Aviva; a\u00e7\u00e3o ir\u00e1 premiar as 5 ag\u00eancias que mais venderem produtos Costa do Sauipe Resorts e Rio Quente Resorts\",\"breadcrumb\":{\"@id\":\"https:\/\/www.travel3.com.br\/site\/acontece-no-turismo\/operadoras\/diversa-lanca-campanha-de-vendas-com-grupo-aviva\/#breadcrumb\"},\"inLanguage\":\"pt-BR\",\"potentialAction\":[{\"@type\":\"ReadAction\",\"target\":[\"https:\/\/www.travel3.com.br\/site\/acontece-no-turismo\/operadoras\/diversa-lanca-campanha-de-vendas-com-grupo-aviva\/\"]}]},{\"@type\":\"ImageObject\",\"inLanguage\":\"pt-BR\",\"@id\":\"https:\/\/www.travel3.com.br\/site\/acontece-no-turismo\/operadoras\/diversa-lanca-campanha-de-vendas-com-grupo-aviva\/#primaryimage\",\"url\":\"https:\/\/www.travel3.com.br\/site\/wp-content\/uploads\/2021\/03\/Costa-Saiupe.jpg\",\"contentUrl\":\"https:\/\/www.travel3.com.br\/site\/wp-content\/uploads\/2021\/03\/Costa-Saiupe.jpg\",\"width\":813,\"height\":433,\"caption\":\"Costa do Sauipe Resorts (Foto: Divulga\u00e7\u00e3o)\"},{\"@type\":\"BreadcrumbList\",\"@id\":\"https:\/\/www.travel3.com.br\/site\/acontece-no-turismo\/operadoras\/diversa-lanca-campanha-de-vendas-com-grupo-aviva\/#breadcrumb\",\"itemListElement\":[{\"@type\":\"ListItem\",\"position\":1,\"name\":\"In\u00edcio\",\"item\":\"https:\/\/www.travel3.com.br\/site\/\"},{\"@type\":\"ListItem\",\"position\":2,\"name\":\"Diversa lan\u00e7a campanha de vendas com Grupo Aviva\"}]},{\"@type\":\"WebSite\",\"@id\":\"https:\/\/www.travel3.com.br\/site\/#website\",\"url\":\"https:\/\/www.travel3.com.br\/site\/\",\"name\":\"Travel3\",\"description\":\"Lazer + Neg&oacute;cios + Aventura\",\"publisher\":{\"@id\":\"https:\/\/www.travel3.com.br\/site\/#organization\"},\"potentialAction\":[{\"@type\":\"SearchAction\",\"target\":{\"@type\":\"EntryPoint\",\"urlTemplate\":\"https:\/\/www.travel3.com.br\/site\/?s={search_term_string}\"},\"query-input\":{\"@type\":\"PropertyValueSpecification\",\"valueRequired\":true,\"valueName\":\"search_term_string\"}}],\"inLanguage\":\"pt-BR\"},{\"@type\":\"Organization\",\"@id\":\"https:\/\/www.travel3.com.br\/site\/#organization\",\"name\":\"Travel3\",\"url\":\"https:\/\/www.travel3.com.br\/site\/\",\"logo\":{\"@type\":\"ImageObject\",\"inLanguage\":\"pt-BR\",\"@id\":\"https:\/\/www.travel3.com.br\/site\/#\/schema\/logo\/image\/\",\"url\":\"https:\/\/www.travel3.com.br\/site\/wp-content\/uploads\/2020\/01\/logo-travel3-2020.png\",\"contentUrl\":\"https:\/\/www.travel3.com.br\/site\/wp-content\/uploads\/2020\/01\/logo-travel3-2020.png\",\"width\":232,\"height\":79,\"caption\":\"Travel3\"},\"image\":{\"@id\":\"https:\/\/www.travel3.com.br\/site\/#\/schema\/logo\/image\/\"},\"sameAs\":[\"https:\/\/www.facebook.com\/travel3media\/\",\"https:\/\/www.instagram.com\/revistatravel3\/\",\"https:\/\/www.youtube.com\/channel\/UCno7J4paGBR3VbZQzvoJ9Eg\"]},{\"@type\":\"Person\",\"@id\":\"https:\/\/www.travel3.com.br\/site\/#\/schema\/person\/9cff8daac0a2f1aa0799f827b8aa8308\",\"name\":\"Reda\u00e7\u00e3o Travel3\",\"image\":{\"@type\":\"ImageObject\",\"inLanguage\":\"pt-BR\",\"@id\":\"https:\/\/www.travel3.com.br\/site\/#\/schema\/person\/image\/\",\"url\":\"https:\/\/secure.gravatar.com\/avatar\/6e6125525e1f04b7b8c607d71556e490?s=96&d=mm&r=g\",\"contentUrl\":\"https:\/\/secure.gravatar.com\/avatar\/6e6125525e1f04b7b8c607d71556e490?s=96&d=mm&r=g\",\"caption\":\"Reda\u00e7\u00e3o Travel3\"},\"sameAs\":[\"http:\/\/www.travel3.com.br\"],\"url\":\"https:\/\/www.travel3.com.br\/site\/author\/redacao2\/\"}]}<\/script>\n<!-- \/ Yoast SEO plugin. -->","yoast_head_json":{"title":"Diversa lan\u00e7a campanha de vendas com Grupo Aviva - Travel3","description":"Diversa lan\u00e7a campanha de vendas com Grupo Aviva; a\u00e7\u00e3o ir\u00e1 premiar as 5 ag\u00eancias que mais venderem produtos Costa do Sauipe Resorts e Rio Quente Resorts","robots":{"index":"index","follow":"follow","max-snippet":"max-snippet:-1","max-image-preview":"max-image-preview:large","max-video-preview":"max-video-preview:-1"},"canonical":"https:\/\/www.travel3.com.br\/site\/acontece-no-turismo\/operadoras\/diversa-lanca-campanha-de-vendas-com-grupo-aviva\/","og_locale":"pt_BR","og_type":"article","og_title":"Diversa lan\u00e7a campanha de vendas com Grupo Aviva - Travel3","og_description":"Diversa lan\u00e7a campanha de vendas com Grupo Aviva; a\u00e7\u00e3o ir\u00e1 premiar as 5 ag\u00eancias que mais venderem produtos Costa do Sauipe Resorts e Rio Quente Resorts","og_url":"https:\/\/www.travel3.com.br\/site\/acontece-no-turismo\/operadoras\/diversa-lanca-campanha-de-vendas-com-grupo-aviva\/","og_site_name":"Travel3","article_publisher":"https:\/\/www.facebook.com\/travel3media\/","article_published_time":"2021-03-19T08:30:23+00:00","og_image":[{"width":813,"height":433,"url":"https:\/\/www.travel3.com.br\/site\/wp-content\/uploads\/2021\/03\/Costa-Saiupe.jpg","type":"image\/jpeg"}],"author":"Reda\u00e7\u00e3o Travel3","twitter_card":"summary_large_image","twitter_misc":{"Escrito por":"Reda\u00e7\u00e3o Travel3","Est. tempo de leitura":"2 minutos"},"schema":{"@context":"https:\/\/schema.org","@graph":[{"@type":"Article","@id":"https:\/\/www.travel3.com.br\/site\/acontece-no-turismo\/operadoras\/diversa-lanca-campanha-de-vendas-com-grupo-aviva\/#article","isPartOf":{"@id":"https:\/\/www.travel3.com.br\/site\/acontece-no-turismo\/operadoras\/diversa-lanca-campanha-de-vendas-com-grupo-aviva\/"},"author":{"name":"Reda\u00e7\u00e3o Travel3","@id":"https:\/\/www.travel3.com.br\/site\/#\/schema\/person\/9cff8daac0a2f1aa0799f827b8aa8308"},"headline":"Diversa lan\u00e7a campanha de vendas com Grupo Aviva","datePublished":"2021-03-19T08:30:23+00:00","mainEntityOfPage":{"@id":"https:\/\/www.travel3.com.br\/site\/acontece-no-turismo\/operadoras\/diversa-lanca-campanha-de-vendas-com-grupo-aviva\/"},"wordCount":313,"commentCount":0,"publisher":{"@id":"https:\/\/www.travel3.com.br\/site\/#organization"},"image":{"@id":"https:\/\/www.travel3.com.br\/site\/acontece-no-turismo\/operadoras\/diversa-lanca-campanha-de-vendas-com-grupo-aviva\/#primaryimage"},"thumbnailUrl":"https:\/\/www.travel3.com.br\/site\/wp-content\/uploads\/2021\/03\/Costa-Saiupe.jpg","keywords":["costa do sau\u00edpe","Diversa Turismo","Grupo Aviva","Rio Quente"],"articleSection":["Acontece no Turismo","Destaque","Operadoras"],"inLanguage":"pt-BR","potentialAction":[{"@type":"CommentAction","name":"Comment","target":["https:\/\/www.travel3.com.br\/site\/acontece-no-turismo\/operadoras\/diversa-lanca-campanha-de-vendas-com-grupo-aviva\/#respond"]}]},{"@type":"WebPage","@id":"https:\/\/www.travel3.com.br\/site\/acontece-no-turismo\/operadoras\/diversa-lanca-campanha-de-vendas-com-grupo-aviva\/","url":"https:\/\/www.travel3.com.br\/site\/acontece-no-turismo\/operadoras\/diversa-lanca-campanha-de-vendas-com-grupo-aviva\/","name":"Diversa lan\u00e7a campanha de vendas com Grupo Aviva - Travel3","isPartOf":{"@id":"https:\/\/www.travel3.com.br\/site\/#website"},"primaryImageOfPage":{"@id":"https:\/\/www.travel3.com.br\/site\/acontece-no-turismo\/operadoras\/diversa-lanca-campanha-de-vendas-com-grupo-aviva\/#primaryimage"},"image":{"@id":"https:\/\/www.travel3.com.br\/site\/acontece-no-turismo\/operadoras\/diversa-lanca-campanha-de-vendas-com-grupo-aviva\/#primaryimage"},"thumbnailUrl":"https:\/\/www.travel3.com.br\/site\/wp-content\/uploads\/2021\/03\/Costa-Saiupe.jpg","datePublished":"2021-03-19T08:30:23+00:00","description":"Diversa lan\u00e7a campanha de vendas com Grupo Aviva; a\u00e7\u00e3o ir\u00e1 premiar as 5 ag\u00eancias que mais venderem produtos Costa do Sauipe Resorts e Rio Quente Resorts","breadcrumb":{"@id":"https:\/\/www.travel3.com.br\/site\/acontece-no-turismo\/operadoras\/diversa-lanca-campanha-de-vendas-com-grupo-aviva\/#breadcrumb"},"inLanguage":"pt-BR","potentialAction":[{"@type":"ReadAction","target":["https:\/\/www.travel3.com.br\/site\/acontece-no-turismo\/operadoras\/diversa-lanca-campanha-de-vendas-com-grupo-aviva\/"]}]},{"@type":"ImageObject","inLanguage":"pt-BR","@id":"https:\/\/www.travel3.com.br\/site\/acontece-no-turismo\/operadoras\/diversa-lanca-campanha-de-vendas-com-grupo-aviva\/#primaryimage","url":"https:\/\/www.travel3.com.br\/site\/wp-content\/uploads\/2021\/03\/Costa-Saiupe.jpg","contentUrl":"https:\/\/www.travel3.com.br\/site\/wp-content\/uploads\/2021\/03\/Costa-Saiupe.jpg","width":813,"height":433,"caption":"Costa do Sauipe Resorts (Foto: Divulga\u00e7\u00e3o)"},{"@type":"BreadcrumbList","@id":"https:\/\/www.travel3.com.br\/site\/acontece-no-turismo\/operadoras\/diversa-lanca-campanha-de-vendas-com-grupo-aviva\/#breadcrumb","itemListElement":[{"@type":"ListItem","position":1,"name":"In\u00edcio","item":"https:\/\/www.travel3.com.br\/site\/"},{"@type":"ListItem","position":2,"name":"Diversa lan\u00e7a campanha de vendas com Grupo Aviva"}]},{"@type":"WebSite","@id":"https:\/\/www.travel3.com.br\/site\/#website","url":"https:\/\/www.travel3.com.br\/site\/","name":"Travel3","description":"Lazer + Neg&oacute;cios + Aventura","publisher":{"@id":"https:\/\/www.travel3.com.br\/site\/#organization"},"potentialAction":[{"@type":"SearchAction","target":{"@type":"EntryPoint","urlTemplate":"https:\/\/www.travel3.com.br\/site\/?s={search_term_string}"},"query-input":{"@type":"PropertyValueSpecification","valueRequired":true,"valueName":"search_term_string"}}],"inLanguage":"pt-BR"},{"@type":"Organization","@id":"https:\/\/www.travel3.com.br\/site\/#organization","name":"Travel3","url":"https:\/\/www.travel3.com.br\/site\/","logo":{"@type":"ImageObject","inLanguage":"pt-BR","@id":"https:\/\/www.travel3.com.br\/site\/#\/schema\/logo\/image\/","url":"https:\/\/www.travel3.com.br\/site\/wp-content\/uploads\/2020\/01\/logo-travel3-2020.png","contentUrl":"https:\/\/www.travel3.com.br\/site\/wp-content\/uploads\/2020\/01\/logo-travel3-2020.png","width":232,"height":79,"caption":"Travel3"},"image":{"@id":"https:\/\/www.travel3.com.br\/site\/#\/schema\/logo\/image\/"},"sameAs":["https:\/\/www.facebook.com\/travel3media\/","https:\/\/www.instagram.com\/revistatravel3\/","https:\/\/www.youtube.com\/channel\/UCno7J4paGBR3VbZQzvoJ9Eg"]},{"@type":"Person","@id":"https:\/\/www.travel3.com.br\/site\/#\/schema\/person\/9cff8daac0a2f1aa0799f827b8aa8308","name":"Reda\u00e7\u00e3o Travel3","image":{"@type":"ImageObject","inLanguage":"pt-BR","@id":"https:\/\/www.travel3.com.br\/site\/#\/schema\/person\/image\/","url":"https:\/\/secure.gravatar.com\/avatar\/6e6125525e1f04b7b8c607d71556e490?s=96&d=mm&r=g","contentUrl":"https:\/\/secure.gravatar.com\/avatar\/6e6125525e1f04b7b8c607d71556e490?s=96&d=mm&r=g","caption":"Reda\u00e7\u00e3o Travel3"},"sameAs":["http:\/\/www.travel3.com.br"],"url":"https:\/\/www.travel3.com.br\/site\/author\/redacao2\/"}]}},"_links":{"self":[{"href":"https:\/\/www.travel3.com.br\/site\/wp-json\/wp\/v2\/posts\/40160","targetHints":{"allow":["GET"]}}],"collection":[{"href":"https:\/\/www.travel3.com.br\/site\/wp-json\/wp\/v2\/posts"}],"about":[{"href":"https:\/\/www.travel3.com.br\/site\/wp-json\/wp\/v2\/types\/post"}],"author":[{"embeddable":true,"href":"https:\/\/www.travel3.com.br\/site\/wp-json\/wp\/v2\/users\/6"}],"replies":[{"embeddable":true,"href":"https:\/\/www.travel3.com.br\/site\/wp-json\/wp\/v2\/comments?post=40160"}],"version-history":[{"count":2,"href":"https:\/\/www.travel3.com.br\/site\/wp-json\/wp\/v2\/posts\/40160\/revisions"}],"predecessor-version":[{"id":40164,"href":"https:\/\/www.travel3.com.br\/site\/wp-json\/wp\/v2\/posts\/40160\/revisions\/40164"}],"wp:featuredmedia":[{"embeddable":true,"href":"https:\/\/www.travel3.com.br\/site\/wp-json\/wp\/v2\/media\/40161"}],"wp:attachment":[{"href":"https:\/\/www.travel3.com.br\/site\/wp-json\/wp\/v2\/media?parent=40160"}],"wp:term":[{"taxonomy":"category","embeddable":true,"href":"https:\/\/www.travel3.com.br\/site\/wp-json\/wp\/v2\/categories?post=40160"},{"taxonomy":"post_tag","embeddable":true,"href":"https:\/\/www.travel3.com.br\/site\/wp-json\/wp\/v2\/tags?post=40160"}],"curies":[{"name":"wp","href":"https:\/\/api.w.org\/{rel}","templated":true}]}}