{"id":39482,"date":"2021-02-15T20:17:37","date_gmt":"2021-02-15T22:17:37","guid":{"rendered":"https:\/\/www.travel3.com.br\/?p=39482"},"modified":"2021-02-15T20:17:40","modified_gmt":"2021-02-15T22:17:40","slug":"aeromexico-condicoes-especiais-em-compras-ate-dia-22","status":"publish","type":"post","link":"https:\/\/www.travel3.com.br\/site\/ir-e-vir\/ar\/aeromexico-condicoes-especiais-em-compras-ate-dia-22\/","title":{"rendered":"Aerom\u00e9xico = condi\u00e7\u00f5es especiais em compras at\u00e9 dia 22"},"content":{"rendered":"\n<div class=\"wp-block-image\"><figure class=\"aligncenter\"><img loading=\"lazy\" decoding=\"async\" width=\"1024\" height=\"650\" src=\"https:\/\/www.travel3.com.br\/site\/wp-content\/uploads\/2021\/02\/WhatsApp-Image-2021-02-15-at-12.07.22-1024x650.jpeg\" alt=\"Aeromexico condi\u00e7\u00f5es especiais\" class=\"wp-image-39483\" srcset=\"https:\/\/www.travel3.com.br\/site\/wp-content\/uploads\/2021\/02\/WhatsApp-Image-2021-02-15-at-12.07.22-1024x650.jpeg 1024w, https:\/\/www.travel3.com.br\/site\/wp-content\/uploads\/2021\/02\/WhatsApp-Image-2021-02-15-at-12.07.22-300x190.jpeg 300w, https:\/\/www.travel3.com.br\/site\/wp-content\/uploads\/2021\/02\/WhatsApp-Image-2021-02-15-at-12.07.22-768x488.jpeg 768w, https:\/\/www.travel3.com.br\/site\/wp-content\/uploads\/2021\/02\/WhatsApp-Image-2021-02-15-at-12.07.22-750x476.jpeg 750w, https:\/\/www.travel3.com.br\/site\/wp-content\/uploads\/2021\/02\/WhatsApp-Image-2021-02-15-at-12.07.22-1140x724.jpeg 1140w, https:\/\/www.travel3.com.br\/site\/wp-content\/uploads\/2021\/02\/WhatsApp-Image-2021-02-15-at-12.07.22.jpeg 1263w\" sizes=\"auto, (max-width: 1024px) 100vw, 1024px\" \/><figcaption>Foto: Divulga\u00e7\u00e3o<\/figcaption><\/figure><\/div>\n\n\n\n<h3 class=\"wp-block-heading\" style=\"text-align:center\">Entre 15 e 22 de fevereiro, companhia oferece pre\u00e7os diferenciados para voos at\u00e9 dezembro de 2021<\/h3>\n\n\n\n<p>A Aerom\u00e9xico acaba de anunciar condi\u00e7\u00f5es especiais na compra de passagens entre os dias 15 e 22 de fevereiro. A companhia oferece <u><a rel=\"noreferrer noopener\" aria-label=\"flexibilidade no agendamento (opens in a new tab)\" href=\"https:\/\/aeromexico.com\/pt-br\/politica-de-flexibilidade-julho\" target=\"_blank\">flexibilidade no agendamento<\/a><\/u> dos voos e facilidade no caso de mudan\u00e7a de planos; sendo que os voos podem ser agendados para at\u00e9 9 de dezembro de 2021.<\/p>\n\n\n\n<p style=\"text-align:center\">Leia mais = <strong><a rel=\"noreferrer noopener\" aria-label=\"Rumo a Canc\u00fan a bordo do 787-9 Dreamliner da Aerom\u00e9xico (opens in a new tab)\" href=\"https:\/\/www.travel3.com.br\/destaque\/rumo-a-cancun-a-bordo-do-787-9-dreamliner-da-aeromexico-2\/\" target=\"_blank\">Rumo a Canc\u00fan a bordo do 787-9 Dreamliner da Aerom\u00e9xico<\/a><\/strong><\/p>\n\n\n\n<h4 class=\"wp-block-heading\">Medidas de seguran\u00e7a<\/h4>\n\n\n\n<p>Em meio \u00e0 pandemia da Covid-19, a Aerom\u00e9xico, assim como outras companhias, implementou novas <u><a rel=\"noreferrer noopener\" aria-label=\"medidas de seguran\u00e7a e higiene a bordo (opens in a new tab)\" href=\"https:\/\/aeromexico.com\/pt-br\/medidas-de-saude-e-higiene\" target=\"_blank\">medidas de seguran\u00e7a e higiene a bordo<\/a><\/u>. S\u00e3o a\u00e7\u00f5es como aferi\u00e7\u00e3o de temperatura + uso obrigat\u00f3rio de m\u00e1scaras + distanciamento social nas filas &#8211; que buscam tornar a viagem de todos os passageiros mais segura.<\/p>\n\n\n\n<h2 class=\"wp-block-heading\">Voos da Aerom\u00e9xico com condi\u00e7\u00f5es especiais<\/h2>\n\n\n\n<p>Os valores promocionais s\u00e3o oferecidos em voos com sa\u00edda de S\u00e3o Paulo, com destino a Canc\u00fan ou M\u00e9rida, no M\u00e9xico. As passagens para Canc\u00fan s\u00e3o vendidas a partir de US$ 469 + taxas, enquanto para M\u00e9rida os pre\u00e7os partem de US$ 559 + taxas. Ambos os valores s\u00e3o para voo de ida e volta, e ambas as rotas t\u00eam escala na Cidade do M\u00e9xico.<\/p>\n\n\n\n<p>Al\u00e9m disso, de acordo com a companhia, as tarifas est\u00e3o sujeitas a disponibilidade de acordo com os dias de capacidade e de acordo com a rota selecionada.<\/p>\n","protected":false},"excerpt":{"rendered":"<p>Entre 15 e 22 de fevereiro, companhia oferece pre\u00e7os diferenciados para voos at\u00e9 dezembro de 2021 A Aerom\u00e9xico acaba de anunciar condi\u00e7\u00f5es especiais na compra de passagens entre os dias 15 e 22 de fevereiro. A companhia oferece flexibilidade no agendamento dos voos e facilidade no caso de mudan\u00e7a de planos; sendo que os voos [&hellip;]<\/p>\n","protected":false},"author":6,"featured_media":39483,"comment_status":"open","ping_status":"open","sticky":false,"template":"","format":"standard","meta":{"footnotes":""},"categories":[309,226,8],"tags":[682,232,4428,233,290],"class_list":["post-39482","post","type-post","status-publish","format-standard","has-post-thumbnail","hentry","category-ar","category-destaque","category-ir-e-vir","tag-aeromexico","tag-cancun","tag-merida","tag-mexico","tag-promocao"],"yoast_head":"<!-- This site is optimized with the Yoast SEO plugin v26.2 - https:\/\/yoast.com\/wordpress\/plugins\/seo\/ -->\n<title>Aerom\u00e9xico = condi\u00e7\u00f5es especiais em compras at\u00e9 dia 22 - Travel3<\/title>\n<meta name=\"description\" content=\"Aerom\u00e9xico = condi\u00e7\u00f5es especiais em compras at\u00e9 dia 22; entre 15 e 22 de fevereiro, companhia oferece pre\u00e7os diferenciados para voos at\u00e9 dezembro de 2021\" \/>\n<meta name=\"robots\" content=\"index, follow, max-snippet:-1, max-image-preview:large, max-video-preview:-1\" \/>\n<link rel=\"canonical\" href=\"https:\/\/www.travel3.com.br\/site\/ir-e-vir\/ar\/aeromexico-condicoes-especiais-em-compras-ate-dia-22\/\" \/>\n<meta property=\"og:locale\" content=\"pt_BR\" \/>\n<meta property=\"og:type\" content=\"article\" \/>\n<meta property=\"og:title\" content=\"Aerom\u00e9xico = condi\u00e7\u00f5es especiais em compras at\u00e9 dia 22 - Travel3\" \/>\n<meta property=\"og:description\" content=\"Aerom\u00e9xico = condi\u00e7\u00f5es especiais em compras at\u00e9 dia 22; entre 15 e 22 de fevereiro, companhia oferece pre\u00e7os diferenciados para voos at\u00e9 dezembro de 2021\" \/>\n<meta property=\"og:url\" content=\"https:\/\/www.travel3.com.br\/site\/ir-e-vir\/ar\/aeromexico-condicoes-especiais-em-compras-ate-dia-22\/\" \/>\n<meta property=\"og:site_name\" content=\"Travel3\" \/>\n<meta property=\"article:publisher\" content=\"https:\/\/www.facebook.com\/travel3media\/\" \/>\n<meta property=\"article:published_time\" content=\"2021-02-15T22:17:37+00:00\" \/>\n<meta property=\"article:modified_time\" content=\"2021-02-15T22:17:40+00:00\" \/>\n<meta property=\"og:image\" content=\"https:\/\/www.travel3.com.br\/site\/wp-content\/uploads\/2021\/02\/WhatsApp-Image-2021-02-15-at-12.07.22.jpeg\" \/>\n\t<meta property=\"og:image:width\" content=\"1263\" \/>\n\t<meta property=\"og:image:height\" content=\"802\" \/>\n\t<meta property=\"og:image:type\" content=\"image\/jpeg\" \/>\n<meta name=\"author\" content=\"Reda\u00e7\u00e3o Travel3\" \/>\n<meta name=\"twitter:card\" content=\"summary_large_image\" \/>\n<meta name=\"twitter:label1\" content=\"Escrito por\" \/>\n\t<meta name=\"twitter:data1\" content=\"Reda\u00e7\u00e3o Travel3\" \/>\n\t<meta name=\"twitter:label2\" content=\"Est. tempo de leitura\" \/>\n\t<meta name=\"twitter:data2\" content=\"1 minuto\" \/>\n<script type=\"application\/ld+json\" class=\"yoast-schema-graph\">{\"@context\":\"https:\/\/schema.org\",\"@graph\":[{\"@type\":\"Article\",\"@id\":\"https:\/\/www.travel3.com.br\/site\/ir-e-vir\/ar\/aeromexico-condicoes-especiais-em-compras-ate-dia-22\/#article\",\"isPartOf\":{\"@id\":\"https:\/\/www.travel3.com.br\/site\/ir-e-vir\/ar\/aeromexico-condicoes-especiais-em-compras-ate-dia-22\/\"},\"author\":{\"name\":\"Reda\u00e7\u00e3o Travel3\",\"@id\":\"https:\/\/www.travel3.com.br\/site\/#\/schema\/person\/9cff8daac0a2f1aa0799f827b8aa8308\"},\"headline\":\"Aerom\u00e9xico = condi\u00e7\u00f5es especiais em compras at\u00e9 dia 22\",\"datePublished\":\"2021-02-15T22:17:37+00:00\",\"dateModified\":\"2021-02-15T22:17:40+00:00\",\"mainEntityOfPage\":{\"@id\":\"https:\/\/www.travel3.com.br\/site\/ir-e-vir\/ar\/aeromexico-condicoes-especiais-em-compras-ate-dia-22\/\"},\"wordCount\":255,\"commentCount\":0,\"publisher\":{\"@id\":\"https:\/\/www.travel3.com.br\/site\/#organization\"},\"image\":{\"@id\":\"https:\/\/www.travel3.com.br\/site\/ir-e-vir\/ar\/aeromexico-condicoes-especiais-em-compras-ate-dia-22\/#primaryimage\"},\"thumbnailUrl\":\"https:\/\/www.travel3.com.br\/site\/wp-content\/uploads\/2021\/02\/WhatsApp-Image-2021-02-15-at-12.07.22.jpeg\",\"keywords\":[\"Aeromexico\",\"cancun\",\"M\u00e9rida\",\"m\u00e9xico\",\"promo\u00e7\u00e3o\"],\"articleSection\":[\"Ar\",\"Destaque\",\"Ir e Vir\"],\"inLanguage\":\"pt-BR\",\"potentialAction\":[{\"@type\":\"CommentAction\",\"name\":\"Comment\",\"target\":[\"https:\/\/www.travel3.com.br\/site\/ir-e-vir\/ar\/aeromexico-condicoes-especiais-em-compras-ate-dia-22\/#respond\"]}]},{\"@type\":\"WebPage\",\"@id\":\"https:\/\/www.travel3.com.br\/site\/ir-e-vir\/ar\/aeromexico-condicoes-especiais-em-compras-ate-dia-22\/\",\"url\":\"https:\/\/www.travel3.com.br\/site\/ir-e-vir\/ar\/aeromexico-condicoes-especiais-em-compras-ate-dia-22\/\",\"name\":\"Aerom\u00e9xico = condi\u00e7\u00f5es especiais em compras at\u00e9 dia 22 - Travel3\",\"isPartOf\":{\"@id\":\"https:\/\/www.travel3.com.br\/site\/#website\"},\"primaryImageOfPage\":{\"@id\":\"https:\/\/www.travel3.com.br\/site\/ir-e-vir\/ar\/aeromexico-condicoes-especiais-em-compras-ate-dia-22\/#primaryimage\"},\"image\":{\"@id\":\"https:\/\/www.travel3.com.br\/site\/ir-e-vir\/ar\/aeromexico-condicoes-especiais-em-compras-ate-dia-22\/#primaryimage\"},\"thumbnailUrl\":\"https:\/\/www.travel3.com.br\/site\/wp-content\/uploads\/2021\/02\/WhatsApp-Image-2021-02-15-at-12.07.22.jpeg\",\"datePublished\":\"2021-02-15T22:17:37+00:00\",\"dateModified\":\"2021-02-15T22:17:40+00:00\",\"description\":\"Aerom\u00e9xico = condi\u00e7\u00f5es especiais em compras at\u00e9 dia 22; entre 15 e 22 de fevereiro, companhia oferece pre\u00e7os diferenciados para voos at\u00e9 dezembro de 2021\",\"breadcrumb\":{\"@id\":\"https:\/\/www.travel3.com.br\/site\/ir-e-vir\/ar\/aeromexico-condicoes-especiais-em-compras-ate-dia-22\/#breadcrumb\"},\"inLanguage\":\"pt-BR\",\"potentialAction\":[{\"@type\":\"ReadAction\",\"target\":[\"https:\/\/www.travel3.com.br\/site\/ir-e-vir\/ar\/aeromexico-condicoes-especiais-em-compras-ate-dia-22\/\"]}]},{\"@type\":\"ImageObject\",\"inLanguage\":\"pt-BR\",\"@id\":\"https:\/\/www.travel3.com.br\/site\/ir-e-vir\/ar\/aeromexico-condicoes-especiais-em-compras-ate-dia-22\/#primaryimage\",\"url\":\"https:\/\/www.travel3.com.br\/site\/wp-content\/uploads\/2021\/02\/WhatsApp-Image-2021-02-15-at-12.07.22.jpeg\",\"contentUrl\":\"https:\/\/www.travel3.com.br\/site\/wp-content\/uploads\/2021\/02\/WhatsApp-Image-2021-02-15-at-12.07.22.jpeg\",\"width\":1263,\"height\":802,\"caption\":\"Foto: Divulga\u00e7\u00e3o\"},{\"@type\":\"BreadcrumbList\",\"@id\":\"https:\/\/www.travel3.com.br\/site\/ir-e-vir\/ar\/aeromexico-condicoes-especiais-em-compras-ate-dia-22\/#breadcrumb\",\"itemListElement\":[{\"@type\":\"ListItem\",\"position\":1,\"name\":\"In\u00edcio\",\"item\":\"https:\/\/www.travel3.com.br\/site\/\"},{\"@type\":\"ListItem\",\"position\":2,\"name\":\"Aerom\u00e9xico = condi\u00e7\u00f5es especiais em compras at\u00e9 dia 22\"}]},{\"@type\":\"WebSite\",\"@id\":\"https:\/\/www.travel3.com.br\/site\/#website\",\"url\":\"https:\/\/www.travel3.com.br\/site\/\",\"name\":\"Travel3\",\"description\":\"Lazer + Neg&oacute;cios + Aventura\",\"publisher\":{\"@id\":\"https:\/\/www.travel3.com.br\/site\/#organization\"},\"potentialAction\":[{\"@type\":\"SearchAction\",\"target\":{\"@type\":\"EntryPoint\",\"urlTemplate\":\"https:\/\/www.travel3.com.br\/site\/?s={search_term_string}\"},\"query-input\":{\"@type\":\"PropertyValueSpecification\",\"valueRequired\":true,\"valueName\":\"search_term_string\"}}],\"inLanguage\":\"pt-BR\"},{\"@type\":\"Organization\",\"@id\":\"https:\/\/www.travel3.com.br\/site\/#organization\",\"name\":\"Travel3\",\"url\":\"https:\/\/www.travel3.com.br\/site\/\",\"logo\":{\"@type\":\"ImageObject\",\"inLanguage\":\"pt-BR\",\"@id\":\"https:\/\/www.travel3.com.br\/site\/#\/schema\/logo\/image\/\",\"url\":\"https:\/\/www.travel3.com.br\/site\/wp-content\/uploads\/2020\/01\/logo-travel3-2020.png\",\"contentUrl\":\"https:\/\/www.travel3.com.br\/site\/wp-content\/uploads\/2020\/01\/logo-travel3-2020.png\",\"width\":232,\"height\":79,\"caption\":\"Travel3\"},\"image\":{\"@id\":\"https:\/\/www.travel3.com.br\/site\/#\/schema\/logo\/image\/\"},\"sameAs\":[\"https:\/\/www.facebook.com\/travel3media\/\",\"https:\/\/www.instagram.com\/revistatravel3\/\",\"https:\/\/www.youtube.com\/channel\/UCno7J4paGBR3VbZQzvoJ9Eg\"]},{\"@type\":\"Person\",\"@id\":\"https:\/\/www.travel3.com.br\/site\/#\/schema\/person\/9cff8daac0a2f1aa0799f827b8aa8308\",\"name\":\"Reda\u00e7\u00e3o Travel3\",\"image\":{\"@type\":\"ImageObject\",\"inLanguage\":\"pt-BR\",\"@id\":\"https:\/\/www.travel3.com.br\/site\/#\/schema\/person\/image\/\",\"url\":\"https:\/\/secure.gravatar.com\/avatar\/6e6125525e1f04b7b8c607d71556e490?s=96&d=mm&r=g\",\"contentUrl\":\"https:\/\/secure.gravatar.com\/avatar\/6e6125525e1f04b7b8c607d71556e490?s=96&d=mm&r=g\",\"caption\":\"Reda\u00e7\u00e3o Travel3\"},\"sameAs\":[\"http:\/\/www.travel3.com.br\"],\"url\":\"https:\/\/www.travel3.com.br\/site\/author\/redacao2\/\"}]}<\/script>\n<!-- \/ Yoast SEO plugin. -->","yoast_head_json":{"title":"Aerom\u00e9xico = condi\u00e7\u00f5es especiais em compras at\u00e9 dia 22 - Travel3","description":"Aerom\u00e9xico = condi\u00e7\u00f5es especiais em compras at\u00e9 dia 22; entre 15 e 22 de fevereiro, companhia oferece pre\u00e7os diferenciados para voos at\u00e9 dezembro de 2021","robots":{"index":"index","follow":"follow","max-snippet":"max-snippet:-1","max-image-preview":"max-image-preview:large","max-video-preview":"max-video-preview:-1"},"canonical":"https:\/\/www.travel3.com.br\/site\/ir-e-vir\/ar\/aeromexico-condicoes-especiais-em-compras-ate-dia-22\/","og_locale":"pt_BR","og_type":"article","og_title":"Aerom\u00e9xico = condi\u00e7\u00f5es especiais em compras at\u00e9 dia 22 - Travel3","og_description":"Aerom\u00e9xico = condi\u00e7\u00f5es especiais em compras at\u00e9 dia 22; entre 15 e 22 de fevereiro, companhia oferece pre\u00e7os diferenciados para voos at\u00e9 dezembro de 2021","og_url":"https:\/\/www.travel3.com.br\/site\/ir-e-vir\/ar\/aeromexico-condicoes-especiais-em-compras-ate-dia-22\/","og_site_name":"Travel3","article_publisher":"https:\/\/www.facebook.com\/travel3media\/","article_published_time":"2021-02-15T22:17:37+00:00","article_modified_time":"2021-02-15T22:17:40+00:00","og_image":[{"width":1263,"height":802,"url":"https:\/\/www.travel3.com.br\/site\/wp-content\/uploads\/2021\/02\/WhatsApp-Image-2021-02-15-at-12.07.22.jpeg","type":"image\/jpeg"}],"author":"Reda\u00e7\u00e3o Travel3","twitter_card":"summary_large_image","twitter_misc":{"Escrito por":"Reda\u00e7\u00e3o Travel3","Est. tempo de leitura":"1 minuto"},"schema":{"@context":"https:\/\/schema.org","@graph":[{"@type":"Article","@id":"https:\/\/www.travel3.com.br\/site\/ir-e-vir\/ar\/aeromexico-condicoes-especiais-em-compras-ate-dia-22\/#article","isPartOf":{"@id":"https:\/\/www.travel3.com.br\/site\/ir-e-vir\/ar\/aeromexico-condicoes-especiais-em-compras-ate-dia-22\/"},"author":{"name":"Reda\u00e7\u00e3o Travel3","@id":"https:\/\/www.travel3.com.br\/site\/#\/schema\/person\/9cff8daac0a2f1aa0799f827b8aa8308"},"headline":"Aerom\u00e9xico = condi\u00e7\u00f5es especiais em compras at\u00e9 dia 22","datePublished":"2021-02-15T22:17:37+00:00","dateModified":"2021-02-15T22:17:40+00:00","mainEntityOfPage":{"@id":"https:\/\/www.travel3.com.br\/site\/ir-e-vir\/ar\/aeromexico-condicoes-especiais-em-compras-ate-dia-22\/"},"wordCount":255,"commentCount":0,"publisher":{"@id":"https:\/\/www.travel3.com.br\/site\/#organization"},"image":{"@id":"https:\/\/www.travel3.com.br\/site\/ir-e-vir\/ar\/aeromexico-condicoes-especiais-em-compras-ate-dia-22\/#primaryimage"},"thumbnailUrl":"https:\/\/www.travel3.com.br\/site\/wp-content\/uploads\/2021\/02\/WhatsApp-Image-2021-02-15-at-12.07.22.jpeg","keywords":["Aeromexico","cancun","M\u00e9rida","m\u00e9xico","promo\u00e7\u00e3o"],"articleSection":["Ar","Destaque","Ir e Vir"],"inLanguage":"pt-BR","potentialAction":[{"@type":"CommentAction","name":"Comment","target":["https:\/\/www.travel3.com.br\/site\/ir-e-vir\/ar\/aeromexico-condicoes-especiais-em-compras-ate-dia-22\/#respond"]}]},{"@type":"WebPage","@id":"https:\/\/www.travel3.com.br\/site\/ir-e-vir\/ar\/aeromexico-condicoes-especiais-em-compras-ate-dia-22\/","url":"https:\/\/www.travel3.com.br\/site\/ir-e-vir\/ar\/aeromexico-condicoes-especiais-em-compras-ate-dia-22\/","name":"Aerom\u00e9xico = condi\u00e7\u00f5es especiais em compras at\u00e9 dia 22 - Travel3","isPartOf":{"@id":"https:\/\/www.travel3.com.br\/site\/#website"},"primaryImageOfPage":{"@id":"https:\/\/www.travel3.com.br\/site\/ir-e-vir\/ar\/aeromexico-condicoes-especiais-em-compras-ate-dia-22\/#primaryimage"},"image":{"@id":"https:\/\/www.travel3.com.br\/site\/ir-e-vir\/ar\/aeromexico-condicoes-especiais-em-compras-ate-dia-22\/#primaryimage"},"thumbnailUrl":"https:\/\/www.travel3.com.br\/site\/wp-content\/uploads\/2021\/02\/WhatsApp-Image-2021-02-15-at-12.07.22.jpeg","datePublished":"2021-02-15T22:17:37+00:00","dateModified":"2021-02-15T22:17:40+00:00","description":"Aerom\u00e9xico = condi\u00e7\u00f5es especiais em compras at\u00e9 dia 22; entre 15 e 22 de fevereiro, companhia oferece pre\u00e7os diferenciados para voos at\u00e9 dezembro de 2021","breadcrumb":{"@id":"https:\/\/www.travel3.com.br\/site\/ir-e-vir\/ar\/aeromexico-condicoes-especiais-em-compras-ate-dia-22\/#breadcrumb"},"inLanguage":"pt-BR","potentialAction":[{"@type":"ReadAction","target":["https:\/\/www.travel3.com.br\/site\/ir-e-vir\/ar\/aeromexico-condicoes-especiais-em-compras-ate-dia-22\/"]}]},{"@type":"ImageObject","inLanguage":"pt-BR","@id":"https:\/\/www.travel3.com.br\/site\/ir-e-vir\/ar\/aeromexico-condicoes-especiais-em-compras-ate-dia-22\/#primaryimage","url":"https:\/\/www.travel3.com.br\/site\/wp-content\/uploads\/2021\/02\/WhatsApp-Image-2021-02-15-at-12.07.22.jpeg","contentUrl":"https:\/\/www.travel3.com.br\/site\/wp-content\/uploads\/2021\/02\/WhatsApp-Image-2021-02-15-at-12.07.22.jpeg","width":1263,"height":802,"caption":"Foto: Divulga\u00e7\u00e3o"},{"@type":"BreadcrumbList","@id":"https:\/\/www.travel3.com.br\/site\/ir-e-vir\/ar\/aeromexico-condicoes-especiais-em-compras-ate-dia-22\/#breadcrumb","itemListElement":[{"@type":"ListItem","position":1,"name":"In\u00edcio","item":"https:\/\/www.travel3.com.br\/site\/"},{"@type":"ListItem","position":2,"name":"Aerom\u00e9xico = condi\u00e7\u00f5es especiais em compras at\u00e9 dia 22"}]},{"@type":"WebSite","@id":"https:\/\/www.travel3.com.br\/site\/#website","url":"https:\/\/www.travel3.com.br\/site\/","name":"Travel3","description":"Lazer + Neg&oacute;cios + Aventura","publisher":{"@id":"https:\/\/www.travel3.com.br\/site\/#organization"},"potentialAction":[{"@type":"SearchAction","target":{"@type":"EntryPoint","urlTemplate":"https:\/\/www.travel3.com.br\/site\/?s={search_term_string}"},"query-input":{"@type":"PropertyValueSpecification","valueRequired":true,"valueName":"search_term_string"}}],"inLanguage":"pt-BR"},{"@type":"Organization","@id":"https:\/\/www.travel3.com.br\/site\/#organization","name":"Travel3","url":"https:\/\/www.travel3.com.br\/site\/","logo":{"@type":"ImageObject","inLanguage":"pt-BR","@id":"https:\/\/www.travel3.com.br\/site\/#\/schema\/logo\/image\/","url":"https:\/\/www.travel3.com.br\/site\/wp-content\/uploads\/2020\/01\/logo-travel3-2020.png","contentUrl":"https:\/\/www.travel3.com.br\/site\/wp-content\/uploads\/2020\/01\/logo-travel3-2020.png","width":232,"height":79,"caption":"Travel3"},"image":{"@id":"https:\/\/www.travel3.com.br\/site\/#\/schema\/logo\/image\/"},"sameAs":["https:\/\/www.facebook.com\/travel3media\/","https:\/\/www.instagram.com\/revistatravel3\/","https:\/\/www.youtube.com\/channel\/UCno7J4paGBR3VbZQzvoJ9Eg"]},{"@type":"Person","@id":"https:\/\/www.travel3.com.br\/site\/#\/schema\/person\/9cff8daac0a2f1aa0799f827b8aa8308","name":"Reda\u00e7\u00e3o Travel3","image":{"@type":"ImageObject","inLanguage":"pt-BR","@id":"https:\/\/www.travel3.com.br\/site\/#\/schema\/person\/image\/","url":"https:\/\/secure.gravatar.com\/avatar\/6e6125525e1f04b7b8c607d71556e490?s=96&d=mm&r=g","contentUrl":"https:\/\/secure.gravatar.com\/avatar\/6e6125525e1f04b7b8c607d71556e490?s=96&d=mm&r=g","caption":"Reda\u00e7\u00e3o Travel3"},"sameAs":["http:\/\/www.travel3.com.br"],"url":"https:\/\/www.travel3.com.br\/site\/author\/redacao2\/"}]}},"_links":{"self":[{"href":"https:\/\/www.travel3.com.br\/site\/wp-json\/wp\/v2\/posts\/39482","targetHints":{"allow":["GET"]}}],"collection":[{"href":"https:\/\/www.travel3.com.br\/site\/wp-json\/wp\/v2\/posts"}],"about":[{"href":"https:\/\/www.travel3.com.br\/site\/wp-json\/wp\/v2\/types\/post"}],"author":[{"embeddable":true,"href":"https:\/\/www.travel3.com.br\/site\/wp-json\/wp\/v2\/users\/6"}],"replies":[{"embeddable":true,"href":"https:\/\/www.travel3.com.br\/site\/wp-json\/wp\/v2\/comments?post=39482"}],"version-history":[{"count":1,"href":"https:\/\/www.travel3.com.br\/site\/wp-json\/wp\/v2\/posts\/39482\/revisions"}],"predecessor-version":[{"id":39484,"href":"https:\/\/www.travel3.com.br\/site\/wp-json\/wp\/v2\/posts\/39482\/revisions\/39484"}],"wp:featuredmedia":[{"embeddable":true,"href":"https:\/\/www.travel3.com.br\/site\/wp-json\/wp\/v2\/media\/39483"}],"wp:attachment":[{"href":"https:\/\/www.travel3.com.br\/site\/wp-json\/wp\/v2\/media?parent=39482"}],"wp:term":[{"taxonomy":"category","embeddable":true,"href":"https:\/\/www.travel3.com.br\/site\/wp-json\/wp\/v2\/categories?post=39482"},{"taxonomy":"post_tag","embeddable":true,"href":"https:\/\/www.travel3.com.br\/site\/wp-json\/wp\/v2\/tags?post=39482"}],"curies":[{"name":"wp","href":"https:\/\/api.w.org\/{rel}","templated":true}]}}